{"id":130887,"date":"2020-04-18T06:03:46","date_gmt":"2020-04-18T04:03:46","guid":{"rendered":"https:\/\/www.radiopiu.net\/wordpress\/?p=130887"},"modified":"2020-04-18T10:18:35","modified_gmt":"2020-04-18T08:18:35","slug":"giornale-radiopiu-18-aprile-2020-direttore-mirko-mezzacasa","status":"publish","type":"post","link":"https:\/\/www.radiopiu.net\/wordpress\/giornale-radiopiu-18-aprile-2020-direttore-mirko-mezzacasa\/","title":{"rendered":"GIORNALE RADIOPIU 18 APRILE 2020 DIRETTORE MIRKO MEZZACASA"},"content":{"rendered":"<h3><strong>PER RICEVERE QUESTO NOTIZIARIO DIRETTAMENTE SUL TUO CELLULARE ISCRIVITI AL CANALE\u00a0TELEGRAM\u00a0<\/strong><strong>\u201cRADIO PIU\u00a0 INFORMAZIONE\u201d<\/strong><\/h3>\n<hr \/>\n<p>&nbsp;<\/p>\n<h3>PUR INGABBIATA E&#8217; SEMPRE BELLA LA PIAZZA DI AGORDO<\/h3>\n<p><a class=\"dt-pswp-item\" href=\"https:\/\/www.radiopiu.net\/wordpress\/wp-content\/uploads\/2020\/04\/5dde3feb-def0-4f89-9356-2650f6c9a2b5.jpg\" data-dt-img-description=\"\" data-large_image_width=\"1600\" data-large_image_height=\"1200\"><img loading=\"lazy\" decoding=\"async\" class=\"alignnone size-medium wp-image-130905\" src=\"https:\/\/www.radiopiu.net\/wordpress\/wp-content\/uploads\/2020\/04\/5dde3feb-def0-4f89-9356-2650f6c9a2b5-300x225.jpg\" alt=\"\" width=\"300\" height=\"225\" srcset=\"https:\/\/www.radiopiu.net\/wordpress\/wp-content\/uploads\/2020\/04\/5dde3feb-def0-4f89-9356-2650f6c9a2b5-300x225.jpg 300w, https:\/\/www.radiopiu.net\/wordpress\/wp-content\/uploads\/2020\/04\/5dde3feb-def0-4f89-9356-2650f6c9a2b5-1024x768.jpg 1024w, https:\/\/www.radiopiu.net\/wordpress\/wp-content\/uploads\/2020\/04\/5dde3feb-def0-4f89-9356-2650f6c9a2b5-768x576.jpg 768w, https:\/\/www.radiopiu.net\/wordpress\/wp-content\/uploads\/2020\/04\/5dde3feb-def0-4f89-9356-2650f6c9a2b5-1536x1152.jpg 1536w, https:\/\/www.radiopiu.net\/wordpress\/wp-content\/uploads\/2020\/04\/5dde3feb-def0-4f89-9356-2650f6c9a2b5.jpg 1600w\" sizes=\"auto, (max-width: 300px) 100vw, 300px\" \/><\/a><a class=\"dt-pswp-item\" href=\"https:\/\/www.radiopiu.net\/wordpress\/wp-content\/uploads\/2020\/04\/2e211227-aa20-4932-9ab3-68376c04c2c9.jpg\" data-dt-img-description=\"\" data-large_image_width=\"1200\" data-large_image_height=\"1600\"><img loading=\"lazy\" decoding=\"async\" class=\"alignnone wp-image-130904\" src=\"https:\/\/www.radiopiu.net\/wordpress\/wp-content\/uploads\/2020\/04\/2e211227-aa20-4932-9ab3-68376c04c2c9-225x300.jpg\" alt=\"\" width=\"168\" height=\"223\" srcset=\"https:\/\/www.radiopiu.net\/wordpress\/wp-content\/uploads\/2020\/04\/2e211227-aa20-4932-9ab3-68376c04c2c9-225x300.jpg 225w, https:\/\/www.radiopiu.net\/wordpress\/wp-content\/uploads\/2020\/04\/2e211227-aa20-4932-9ab3-68376c04c2c9-768x1024.jpg 768w, https:\/\/www.radiopiu.net\/wordpress\/wp-content\/uploads\/2020\/04\/2e211227-aa20-4932-9ab3-68376c04c2c9-1152x1536.jpg 1152w, https:\/\/www.radiopiu.net\/wordpress\/wp-content\/uploads\/2020\/04\/2e211227-aa20-4932-9ab3-68376c04c2c9.jpg 1200w\" sizes=\"auto, (max-width: 168px) 100vw, 168px\" \/><\/a><\/p>\n<p><strong>DA LUNEDI 20 APRILE ALLE 9 SARA&#8217; RIATTIVATO IL REGOLARE TRANSITO VEICOLARE E PEDONALE CON LA RIMOZIONE DEL CANTIERE<\/strong><\/p>\n<p>Revoca Ordinanze. L\u2019impresa esecutrice dei lavori, in accordo con il Servizio tecnico manutentivo del Comune di Agordo, \u00e8 incaricata della rimozione della segnaletica e della smobilitazione di tutta l\u2019area di cantiere, nonch\u00e9 della consegna regolare dell\u2019area interessata dai lavori e della necessaria certificazione del Direttore dei Lavori.<\/p>\n<p>&nbsp;<\/p>\n<p><strong>DI GIANNI SANTOMASO\u00a0<\/strong><\/p>\n<audio class=\"wp-audio-shortcode\" id=\"audio-130887-1\" preload=\"none\" style=\"width: 100%;\" controls=\"controls\"><source type=\"audio\/mpeg\" src=\"https:\/\/www.radiopiu.net\/wordpress\/wp-content\/uploads\/2020\/04\/GIANNI-PIAZZA.mp3?_=1\" \/><a href=\"https:\/\/www.radiopiu.net\/wordpress\/wp-content\/uploads\/2020\/04\/GIANNI-PIAZZA.mp3\">https:\/\/www.radiopiu.net\/wordpress\/wp-content\/uploads\/2020\/04\/GIANNI-PIAZZA.mp3<\/a><\/audio>\n<p>&nbsp;<\/p>\n<p><strong>L&#8217;ASSESSORE AI LAVORI PUBBLICI CLAUDIO SITO<\/strong><\/p>\n<audio class=\"wp-audio-shortcode\" id=\"audio-130887-2\" preload=\"none\" style=\"width: 100%;\" controls=\"controls\"><source type=\"audio\/mpeg\" src=\"https:\/\/www.radiopiu.net\/wordpress\/wp-content\/uploads\/2020\/04\/sito.mp3?_=2\" \/><a href=\"https:\/\/www.radiopiu.net\/wordpress\/wp-content\/uploads\/2020\/04\/sito.mp3\">https:\/\/www.radiopiu.net\/wordpress\/wp-content\/uploads\/2020\/04\/sito.mp3<\/a><\/audio>\n<p>&nbsp;<\/p>\n<p>&nbsp;<\/p>\n<hr \/>\n<p>&nbsp;<\/p>\n<p>&nbsp;<\/p>\n<blockquote>\n<h3>ACQUA INQUINATA A FELTRE, USO ALIMENTARE SOLO PREVIA BOLLITURA<\/h3>\n<\/blockquote>\n<p><strong><img loading=\"lazy\" decoding=\"async\" class=\"alignleft\" src=\"https:\/\/www.radiopiu.net\/wordpress\/wp-content\/uploads\/2018\/08\/ACQUA.jpeg\" width=\"217\" height=\"130\" \/>FELTRE\u00a0<\/strong> Divieto di utilizzo dell&#8217;acqua della rete idrica comunale per consumo umano ad uso alimentare nelle Localit\u00e0 COL FIORITO, VIA CASONETTO, PONT, NEMEGGIO, VILLAPAIERA, CELARDA, ANZU&#8217; e CANAL se non dopo adeguata bollitura di almeno 5 minuti fino al rientro dei valori dei limiti di legge. Il sindaco, Paolo Perenzin alla Societ\u00e0 BIM Gestione Servizi Pubblici, nella persona dell&#8217;Amministratore Unico Dottor Giuseppe Vignato ordina di predisporre immediatamente tutti gli interventi necessari per ripristinare la qualit\u00e0 dell&#8217;acqua della rete in conformit\u00e0 dei parametri e\u00a0 di notificare tempestivamente all&#8217;Amministrazione Comunale la risoluzione dello stato di fatto, a seguito di intervento correttivo, campionamento e analisi delle acque al fine di garantire il ripristino dell&#8217;utilizzo del servizio idrico ad uso alimentare.<\/p>\n<p>&nbsp;<\/p>\n<hr \/>\n<p>&nbsp;<\/p>\n<p>&nbsp;<\/p>\n<p>&nbsp;<\/p>\n<p>&nbsp;<\/p>\n<p>\u2022 Il bollettino della Protezione civile del 17 aprile: <strong>i\u00a0casi totali in Italia sono 172.434 (3.493 pi\u00f9 di ieri).<\/strong> I decessi sono 575 nelle ultime 24 ore per un totale di 22.745, mentre <strong>sono\u00a042.727 i guariti<\/strong> (2.563 in pi\u00f9 rispetto a ieri); \u2022 Borrelli: dalla prossima settimana il punto stampa sar\u00e0 <strong>solo il luned\u00ec e il gioved\u00ec alle 18<\/strong>, non pi\u00f9 quotidiano. Continueranno invece ad essere emanati ogni giorno i <strong>comunicati stampa con i dati del contagio<\/strong>; \u2022 Azzolina: &#8220;Ancora troppi rischi, <strong>a scuola non si torna<\/strong>&#8220;. Nessuno sconto sui voti: &#8220;se lo studente merita 8 avr\u00e0 8, <strong>se merita 5 avr\u00e0 5<\/strong>&#8220;; \u2022 In arrivo &#8216;Immuni&#8217;, <strong>l&#8217;app italiana per il tracciamento del contagio<\/strong> del coronavirus.<\/p>\n<p>&nbsp;<\/p>\n<p>&nbsp;<\/p>\n<h2><span style=\"color: #339966;\">UN MANAGER COVID E TANTE ATTENZIONI<\/span> NEL PIANO REGIONALE PER LA RIPARTENZA. PER LE RIAPERTURE TANTE IPOTESI <span style=\"color: #ff0000;\">MA ANCORA NESSUNA DATA CONCRETA.\u00a0<\/span><\/h2>\n<h3>di Mirko Mezzacasa<\/h3>\n<p>Due numeri: 20 aziende e 3000 lavoratori, questo il piano pilota della Regione Veneto per la ripartenza con test medici, covid manager con una priorit\u00e0: la tutela della salute del lavoratore. In questi concetti basilari \u00e8 racchiuso il piano della Regione Veneto per far ripartire la locomotiva della produzione. Il Veneto ha quindi stilato il decalogo per le aziende\u00a0 (con la collaborazione della dottoressa Francesca Russo)\u00a0 che spiega come dovranno muoversi quando arriver\u00e0 il giorno che aprir\u00e0 ufficialmente la fase2. Oggi su questa ipotesi si confronteranno Regioni e Governo.<em> &#8220;Non siamo qui a smistare carte &#8211; ha detto ieri il presidente Luca Zaia &#8211; ma vogliamo recepire le proposte&#8221;.<\/em> Per Zaia \u00e8 quindi fondamentale farsi trovare pronti con un piano di messa in sicurezza dei posti di lavoro <em>&#8220;Ci sono due possibilit\u00e0 &#8211; ha continuato &#8211; aprire le aziende quando il virus sar\u00e0 debellato totalmente ma l&#8217;economia sar\u00e0 &#8220;morta&#8221;, oppure convivere con il virus come hanno fatto tutti gli altri Paesi&#8221;<\/em> E&#8217; da questo secondo concetto che nasce il piano presentato ieri che altro non \u00e8 che un protocollo di sicurezza sanitaria, le parti sociali sono state invitate a presentare le loro osservazioni entro lunedi. La sperimentazione di fatto \u00e8 gi\u00e0 partita nel padovano e sar\u00e0 ampliata al resto della Regione con l&#8217;invito alla varie categorie di presentare i nomi delle imprese intenzionate a partecipare. Il piano regionale non prevede date e sono per ora senza fine\u00a0 i giorni di attesa soprattutto per le piccole aziende e gli artigiani. Chi dovr\u00e0 decidere \u00e8 il Governo e lo far\u00e0 con il prossimo DPCM,\u00a0 dopo aver sentito gli esperti della commissione voluta dal Premier Giuseppe Conte mentre il governatore della Campani De Luca vuole chiudere i confini respingendo gli arrivi dal Nord. La data di riapertura del 4 maggio ad oggi \u00e8 quindi solo un&#8217;ipotesi, cos\u00ec come l&#8217;idea di dividere l&#8217;Italia in tre macro aree dove normare comportamenti, e spostamenti con la continua verifica dei contagi. I focolai mortali imperversano nelle case di riposo, troppi i decessi e le Procure di Rovigo, Padova, Verona e Vicenza hanno aperto le inchieste. Ma ci sono strutture che hanno respinto i focolai come quella di casa nostra, la Rsa per anziani di Agordo gestita dalla Asca dove al termine dell&#8217;esame a tappeto non sono stati riscontrati casi di postivit\u00e0 n\u00e8 tra gli ospiti, n\u00e8 tra gli operatori. A Trichiana da voci di corridoi pare che ci siano parecchi casi sospetti, non solo positivi (forse 20)\u00a0 ma anche 3 ricoverati.\u00a0 Da ieri Azienda Zero ha abolito il bollettino serale che dal 23 febbraio era appuntamento quotidiano come quello del mattino. Lo ha deciso la Protezione Civile nel giorno in cui in Italia c&#8217;\u00e8 stato il record dei guariti (2563 in 24 ore). Quindi i dati che pubblichiamo questa mattina sono vecchi di un giorno. La Regione ha spiegato questo dimezzamento dell&#8217;informazione con parole di difficile comprensione <em>&#8220;Esigenze legate alla diffusione dei dati epidemiologici da parte della protezione civile nazionale&#8221;.\u00a0<\/em>Quindi alle 8 di ieri mattina: 15.374 positivi (+155 rispetto a giovedi sera), 10.618 gli attualmente positivi, 197 pazienti in terapia intensiva (-3) i decessi 8 per un totale di 877 negli ospedali mentre il totale delle vittime case di riposo comprese ha superato il migliaio (1026). In Provincia quella di ieri \u00e8 stata un&#8217;altra giornata drammatica, quattro decessi negli ospedali, sono morti tre anziani di 84, 83 e 80 anni ma il virus ha ucciso anche un 59enne, Rudi De Gasperin di Sedico ricoverato da un mese in terapia intensiva: la vittima bellunese pi\u00f9 giovane della pandemia. Sono 56 i decessi dal 21 febbraio. In Provincia anche ieri ha segnato un aumento di positivi + 41 (653 attualmente interessati da covid19, da inizio epidemia 807), 113 i negativizzati, le persone in isolamento fiduciario sono 1121 (-15 rispetto a giovedi).\u00a0 Il capitolo dei &#8220;de coccio&#8221; iscrive altri 17 bellunesi in sette giorni, quelli pizzicati dalla Guardia di Finanza a passeggiare nei boschi dell&#8217;ampezzano e del Comelico. Per una settimana a vigilare tra strade e sentieri 74 pattuglie delle fiamme gialle. Gli agenti di Polizia sono invece intervenuti al Parco Marianna di Borgo Pra e hanno arrestato due fratelli di 18 e 19 anni che davanti agli uomini in divisa sono andati in escandescenza ed hanno alzato le mani. Sono agli arresti domiciliari i due giovani con un curriculum discutibile, da tempo hanno guai con la giustizia e ora hanno decisamente peggiorato la loro posizione causando lesioni agli agenti di polizia medicati in ospedale (prognosi 4 e 2 giorni). I due fratelli non potranno uscire di casa dalle 16 alle 24 e nelle altre ore potrebbero varcare l&#8217;uscio dell&#8217;abitazione solo per questioni urgenti di salute o lavoro, cos\u00ec ha deciso il giudice. Elezioni regionali c&#8217;\u00e8 una data, per ora un&#8217;ipotesi: il 12 luglio poich\u00e9 il decreto legge prevede che per i Comuni i seggi aprano tra il 15 settembre e il 14 dicembre, per le Regioni entro il 2 agosto, luned\u00ec in proposito si esprimer\u00e0 il consiglio dei Ministri, dal Veneto la richiesta -anche per evitare assembramenti &#8211; di votare non solo alla domenica ma anche il lunedi fino alle 15. Il PD non \u00e8 d&#8217;accordo, chiede di posticipare le elezioni regionali alla stagione autunnale<em> &#8220;Prima si esca dalla crisi e poi si voti per rispetto dei veneti in difficolt\u00e0 con parenti in ospedale, negozi chiusi e operai in cassa integrazione&#8221;<\/em> ha detto il capogruppo in Regione Stefano Fracasso. Da oggi riaprono gli ecocentri con regole molto severe, vietato scendere dall&#8217;auto ma anche abbassare il finestrino e si entra solo uno per volta. Da ieri riaperti i mercati, dopo Feltre toccher\u00e0 ad Agordo il prossimo mercoledi ma i banchi saranno esclusivamente quelli dedicati ai prodotti alimentari. La Provincia insiste sul fondo Welfare gi\u00e0 importante nei giorni di Vaia, un concreto aiuto al territorio e un appello perch\u00e9 ora \u00e8 necessaria la solidariet\u00e0 alimentare<em> &#8220;Ogni contributo &#8211; dice la Presidente Francesca De Biasi &#8211; \u00e8 fondamentale e vitale per aiutare i tanti in difficolt\u00e0&#8221;,<\/em> 180 persone della valzoldana hanno chiesto aiuto, 300 a Longarone, 1000 a Belluno citt\u00e0. Sempre dalla Provincia si pensa alla ripartenza turistica<em> &#8220;Puntiamo sulla montagna sicura&#8221;<\/em> dice il presidente Roberto Padrin nel corso della riunione con Dmo, Camera di Commercio e Fondo dei Comuni di Confine, dove si sono messe le basi per salvaguardare la stagione estiva. A fine mese sar\u00e0 presentata la strategia operativa facendo leva sulla bellezza delle Dolomiti.<\/p>\n<p>&nbsp;<\/p>\n<p>&nbsp;<\/p>\n<p>&nbsp;<\/p>\n<hr \/>\n<p>&nbsp;<\/p>\n<blockquote>\n<h3>NON E&#8217; MAI FINITA, QUARTO DECESSO, E&#8217; LA VITTIMA PIU&#8217; GIOVANE DEL BELLUNESE<\/h3>\n<\/blockquote>\n<p><strong><img loading=\"lazy\" decoding=\"async\" class=\"alignleft\" src=\"https:\/\/www.radiopiu.net\/wordpress\/wp-content\/uploads\/2020\/03\/covid-ulss.jpg\" width=\"132\" height=\"99\" \/><\/strong><\/p>\n<p><strong>BELLUNO<\/strong> Nel primo pomeriggio \u00e8 morto Rudi De Gasperin 59 anni di Sedico\u00a0 ricoverato in terapia intensiva, la vittima bellunese pi\u00f9 giovane della pandemia. Un imprenditore, responsabile\u00a0 di una \u00a0ditta di assistenza tecnica per il condizionamento, era stato in lista nel 2013 per la Camera con &#8220;Fare per fermare il declino&#8221; ed era nel consiglio del Rotary club di Belluno.\u00a0 La notizia arriva questa sera al termine di una giornata gi\u00e0 drammatica. Nella serata\/notte sono deceduti: tre pazienti covid positivi di 84 , 83 e 80 anni, tutti ricoverati in Pneumologia covid Belluno e residenti in Ulss Dolomiti; Sono in corso gli accertamenti per stabilire le cause dei decessi da parte dell\u2019Istituto Superiore di Sanit\u00e0. La Direzione Generale porge le condoglianze alle famiglie.<\/p>\n<p>Si abbassa la media delle vittime con questo ultimo episodio, precedentemente il 2 aprile ci aveva lasciato Lorenzo Melinato, 65enne originario del Padovano, che aveva scelto di vivere a Tambre. Anche lui era risultato positivo al test. Era morto nel reparto di Pneumologia, che ospita i casi di media intensit\u00e0 Covid.<\/p>\n<p><strong>41 DECESSI NEGLI OSPEDALI BELLUNESI DAL 21 FEBBRAIO<\/strong> Ospedale San Martino di Belluno 28, Feltre 6, Belluno Ospedale di Comunit\u00e0 6, Agordo 1.<\/p>\n<p><strong>\u00a0<\/strong><\/p>\n<p>&nbsp;<\/p>\n<hr \/>\n<blockquote>\n<h3>Il Rotary Club Belluno piange la scomparsa del consigliere Rudi De Gasperin.\u00a0 Gaiardo: \u00ab\u00c8 stato un vero esempio rotariano per tutti noi\u00bb<\/h3>\n<\/blockquote>\n<p><strong>DALLA RASSEGNA STAMPA IL COMMOSSO RICORDO DI FELICE GAIARDO<\/strong><\/p>\n<audio class=\"wp-audio-shortcode\" id=\"audio-130887-3\" preload=\"none\" style=\"width: 100%;\" controls=\"controls\"><source type=\"audio\/mpeg\" src=\"https:\/\/www.radiopiu.net\/wordpress\/wp-content\/uploads\/2020\/04\/FELICE.mp3?_=3\" \/><a href=\"https:\/\/www.radiopiu.net\/wordpress\/wp-content\/uploads\/2020\/04\/FELICE.mp3\">https:\/\/www.radiopiu.net\/wordpress\/wp-content\/uploads\/2020\/04\/FELICE.mp3<\/a><\/audio>\n<p>&nbsp;<\/p>\n<p><span style=\"color: #000000;\"><span style=\"font-family: Helvetica, sans-serif;\"><span style=\"font-size: small;\"><a class=\"dt-pswp-item\" href=\"https:\/\/www.radiopiu.net\/wordpress\/wp-content\/uploads\/2020\/04\/rudi_de_gasperin-scaled.jpg\" data-dt-img-description=\"\" data-large_image_width=\"1941\" data-large_image_height=\"2560\"><img loading=\"lazy\" decoding=\"async\" class=\"size-medium wp-image-131105 alignleft\" src=\"https:\/\/www.radiopiu.net\/wordpress\/wp-content\/uploads\/2020\/04\/rudi_de_gasperin-227x300.jpg\" alt=\"\" width=\"227\" height=\"300\" srcset=\"https:\/\/www.radiopiu.net\/wordpress\/wp-content\/uploads\/2020\/04\/rudi_de_gasperin-227x300.jpg 227w, https:\/\/www.radiopiu.net\/wordpress\/wp-content\/uploads\/2020\/04\/rudi_de_gasperin-776x1024.jpg 776w, https:\/\/www.radiopiu.net\/wordpress\/wp-content\/uploads\/2020\/04\/rudi_de_gasperin-768x1013.jpg 768w, https:\/\/www.radiopiu.net\/wordpress\/wp-content\/uploads\/2020\/04\/rudi_de_gasperin-1165x1536.jpg 1165w, https:\/\/www.radiopiu.net\/wordpress\/wp-content\/uploads\/2020\/04\/rudi_de_gasperin-1553x2048.jpg 1553w, https:\/\/www.radiopiu.net\/wordpress\/wp-content\/uploads\/2020\/04\/rudi_de_gasperin-scaled.jpg 1941w\" sizes=\"auto, (max-width: 227px) 100vw, 227px\" \/><\/a>La grande famiglia del Rotary Club Belluno piange la scomparsa del suo consigliere Rudi De Gasperin. \u00c8 venuto a mancare questo pomeriggio: da oltre un mese era ricoverato in Terapia intensiva all&#8217;Ospedale di Belluno, dopo essere risultato positivo al Coronavirus. <\/span><\/span><\/span><span style=\"color: #000000;\"><span style=\"font-family: Helvetica, sans-serif;\"><span style=\"font-size: small;\">Nato a Cesiomaggiore nel 1961, viveva a Sedico ed era titolare della \u201cDigiclima\u201d, azienda specializzata nel settore della climatizzazione commerciale e industriale. <\/span><\/span><\/span><span style=\"color: #000000;\"><span style=\"font-family: Helvetica, sans-serif;\"><span style=\"font-size: small;\">Padre di tre figli, viveva con la sua compagna Anna. <\/span><\/span><\/span><span style=\"color: #000000;\"><span style=\"font-family: Helvetica, sans-serif;\"><span style=\"font-size: small;\">Entrato a far parte del Rotary Club di Belluno nel 2013, da subito si \u00e8 messo a disposizione con entusiasmo e passione. Consigliere del Club in molteplici mandati, ha coperto diversi ruoli tra i quali Presidente della Commissione del Club della Fondazione Rotary Internazionale. <\/span><\/span><\/span><span style=\"color: #000000;\"><span style=\"font-family: Helvetica, sans-serif;\"><span style=\"font-size: small;\">Nominato Presidente del Rotary Club di Belluno per l\u2019anno 2021-22, era membro della Commissione Azione Internazionale del RC, con plurime esperienze di volontariato in Africa. <\/span><\/span><\/span><span style=\"color: #000000;\"><span style=\"font-family: Helvetica, sans-serif;\"><span style=\"font-size: small;\">La sua attivit\u00e0 di volontariato lo ha portato a coprire anche il ruolo, negli anni Novanta, di Presidente della Proloco di Sedico. <\/span><\/span><\/span><span style=\"color: #000000;\"><span style=\"font-family: Helvetica, sans-serif;\"><span style=\"font-size: medium;\"><span style=\"font-size: small;\"><span lang=\"it-IT\">\u00abRudi \u00e8 stato veramente un esempio di rotariano operativo\u00bb, il pensiero commosso di Felice Gaiardo, presidente del Rotary Club Belluno, \u00abMi ha trasmesso una grande voglia di fare, con impegno e determinazione\u00bb. Valori che si sono dimostrati anche nel <\/span><\/span><span style=\"font-size: small;\"><span lang=\"it-IT\"><i>service<\/i><\/span><\/span><span style=\"font-size: small;\"><span lang=\"it-IT\"> \u201cSicuramente &#8211; Guida Sicura\u201d, di cui Rudi &#8211; come presidente della Commissione specifica &#8211; \u00e8 stato protagonista per la sua realizzazione. <\/span><\/span><\/span><\/span><\/span><span style=\"color: #000000;\"><span style=\"font-family: Helvetica, sans-serif;\"><span style=\"font-size: small;\">\u00abRudi aveva il senso dell\u2019appartenenza al Rotary\u00bb, continua Gaiardo, \u00abcredeva nell\u2019amicizia rotariana e nel raggiungere obiettivi comuni, per il bene comune\u00bb. <\/span><\/span><\/span><span style=\"color: #000000;\"><span style=\"font-family: Helvetica, sans-serif;\"><span style=\"font-size: medium;\"><span style=\"font-size: small;\"><span lang=\"it-IT\">Sempre disponibile nel partecipare ai <\/span><\/span><span style=\"font-size: small;\"><span lang=\"it-IT\"><i>service<\/i><\/span><\/span><span style=\"font-size: small;\"><span lang=\"it-IT\"> svolti nel corso degli anni, era una persona che si \u201csporcava\u201d le mani senza alcun problema. <\/span><\/span><\/span><\/span><\/span><span style=\"color: #000000;\"><span style=\"font-family: Helvetica, sans-serif;\"><span style=\"font-size: small;\">\u00abLa sua scomparsa \u00e8 un grandissimo dispiacere\u00bb, conclude il presidente del Rotary Club Belluno, \u00abdi certo lo ricorderemo in pi\u00f9 occasioni nella nostra vita rotariana\u00bb. <\/span><\/span><\/span><span style=\"color: #000000;\"><span style=\"font-family: Helvetica, sans-serif;\"><span style=\"font-size: small;\">In sua memoria giungono le parole anche di un altro rotariano: \u00ab\u00c8 il momento del dolore, della preghiera e del ricordo. Rudi lascia in tutti noi un vuoto incolmabile. Ci mancher\u00e0 tutto di lui. In particolare la tempra del lottatore, il sorriso accattivante, l&#8217;entusiasmo coinvolgente, l&#8217;eloquio empatico, la semplicit\u00e0 e serenit\u00e0 di approccio e tanto altro\u00bb. <\/span><\/span><\/span><span style=\"color: #000000;\"><span style=\"font-family: Helvetica, sans-serif;\"><span style=\"font-size: small;\">Il Rotary Club Belluno \u00e8 vicino alla famiglia di Rudi in questo momento di sofferenza.<\/span><\/span><\/span><\/p>\n<p>&nbsp;<\/p>\n<p><strong>DA CLAUDIO MEZZAVILLA, PRESIDENTE PROLOCO SEDICO<\/strong><\/p>\n<blockquote><p><em>&#8220;E&#8217; con profondo rammarico che abbiamo ricevuto la drammatica notizia della scomparsa del nostro paesano Rudy De Gasperin,\u00a0 persona che non \u00e8 facile sostituire sempre attenta sorridente e impegnata nel mondo del volontariato gi\u00e0 presidente della Proloco negli anni 85-90\u00a0 oggi consigliere nel Rotary Club Belluno abbiamo perso sopratutto un grande amico,\u00a0 il consiglio direttivo della pro loco di Sedico e tutti i soci si stringono al dolore della compagna e di tutti i suoi familiari&#8221;<\/em><\/p><\/blockquote>\n<p>&nbsp;<\/p>\n<hr \/>\n<h3><\/h3>\n<h3>LA MORTE DI FRANCESCO DE BIASIO, IL COMMOSSO RICORDO DI MAURO<\/h3>\n<p><strong>\u00a0 <a class=\"dt-pswp-item\" href=\"https:\/\/www.radiopiu.net\/wordpress\/wp-content\/uploads\/2020\/04\/12439157_544642402379138_2768564011199388446_n.jpg\" data-dt-img-description=\"\" data-large_image_width=\"265\" data-large_image_height=\"349\"><img loading=\"lazy\" decoding=\"async\" class=\"wp-image-131055 alignright\" src=\"https:\/\/www.radiopiu.net\/wordpress\/wp-content\/uploads\/2020\/04\/12439157_544642402379138_2768564011199388446_n-228x300.jpg\" alt=\"\" width=\"109\" height=\"143\" srcset=\"https:\/\/www.radiopiu.net\/wordpress\/wp-content\/uploads\/2020\/04\/12439157_544642402379138_2768564011199388446_n-228x300.jpg 228w, https:\/\/www.radiopiu.net\/wordpress\/wp-content\/uploads\/2020\/04\/12439157_544642402379138_2768564011199388446_n.jpg 265w\" sizes=\"auto, (max-width: 109px) 100vw, 109px\" \/><\/a>ROCCA PIETORE<\/strong> \u00a0<span dir=\"ltr\"><span class=\"_3l3x _1n4g\">Mi sento in obbligo di ringraziare tutti per l\u2019affetto che ci avete dato per la morte di Francesco. Abbiamo ricevuto decine di telegrammi, centinaia di telefonate, il nostro quartiere si \u00e8 mosso con un affetto e una solidariet\u00e0 commoventi. Voglio ringraziare il Liceo dove ha frequentato con successo gli studi, il Comune di Rocca, i suoi amici: i Carabinieri del Nucleo di Belluno che si sono prodigati a darmi notizie, ad informarmi su cosa si poteva fare e non si poteva a causa del corona virus. Non riesco a citare tutti ma sappiate che il vostro affetto ci ha aiutati. Voglio ringraziare, in particolare, i miei nipoti: Diego e Tiziana e la piccola Matilde che ogni sera recita una preghiera per Francesco. Ieri sera ho trovato il coraggio di aprire la porta della sua camera fredda e senza vita, ho frugato nei suoi abiti, nella sua libreria per sentirne il profumo. Ho staccato la sua chitarra dal muro cercando qualche nota, le sue note. Ho slacciato una corda rotta e me la sono messa nel comodino. Ho cercato il suono sei suoi passi quando saliva le scale per chiedermi se la gamba mi faceva male. Forse stava l\u00ec a dirmi: forza pap\u00e0 la mamma ha bisogno di te, io ho trovato finalmente la pace che ho tanto cercato; sono nella mia prateria libero e felice e qui c\u2019\u00e8 tanto amore.<br \/>\nMauro De Biasio.<\/span><\/span><\/p>\n<p>&nbsp;<\/p>\n<hr \/>\n<p>&nbsp;<\/p>\n<p>&nbsp;<\/p>\n<blockquote>\n<h3>DA ASCA LA NOTIZIA PIU&#8217; BELLA: GLI ANZIANI STANNO TUTTI BENE, NESSUN POSITIVO AL VIRUS<\/h3>\n<\/blockquote>\n<p><strong>DI GIANNI SANTOMASO<\/strong><\/p>\n<audio class=\"wp-audio-shortcode\" id=\"audio-130887-4\" preload=\"none\" style=\"width: 100%;\" controls=\"controls\"><source type=\"audio\/mpeg\" src=\"https:\/\/www.radiopiu.net\/wordpress\/wp-content\/uploads\/2020\/04\/GIANNI-RSA.mp3?_=4\" \/><a href=\"https:\/\/www.radiopiu.net\/wordpress\/wp-content\/uploads\/2020\/04\/GIANNI-RSA.mp3\">https:\/\/www.radiopiu.net\/wordpress\/wp-content\/uploads\/2020\/04\/GIANNI-RSA.mp3<\/a><\/audio>\n<p>&nbsp;<\/p>\n<p>&nbsp;<\/p>\n<blockquote><p><a class=\"dt-pswp-item\" href=\"https:\/\/www.radiopiu.net\/wordpress\/wp-content\/uploads\/2020\/04\/Foto.jpg\" data-dt-img-description=\"\" data-large_image_width=\"1600\" data-large_image_height=\"908\"><img loading=\"lazy\" decoding=\"async\" class=\"alignnone wp-image-131015 size-large\" src=\"https:\/\/www.radiopiu.net\/wordpress\/wp-content\/uploads\/2020\/04\/Foto-1024x581.jpg\" alt=\"\" width=\"1024\" height=\"581\" srcset=\"https:\/\/www.radiopiu.net\/wordpress\/wp-content\/uploads\/2020\/04\/Foto-1024x581.jpg 1024w, https:\/\/www.radiopiu.net\/wordpress\/wp-content\/uploads\/2020\/04\/Foto-300x170.jpg 300w, https:\/\/www.radiopiu.net\/wordpress\/wp-content\/uploads\/2020\/04\/Foto-768x436.jpg 768w, https:\/\/www.radiopiu.net\/wordpress\/wp-content\/uploads\/2020\/04\/Foto-1536x872.jpg 1536w, https:\/\/www.radiopiu.net\/wordpress\/wp-content\/uploads\/2020\/04\/Foto.jpg 1600w\" sizes=\"auto, (max-width: 1024px) 100vw, 1024px\" \/><\/a><\/p><\/blockquote>\n<p style=\"font-weight: 400;\"><strong>AGORDO<\/strong> Tutti gli anziani ospiti della struttura Rsa (residenza per anziani) di Agordo stanno bene, nessuno ha contratto il virus come confermato nella fase diagnostica appena conclusa. Le scelte fatte, a partire da febbraio, caratterizzate da comportamenti prudenti, rigorosi e tempestivi anche per la dotazione di presidi di protezione hanno dato i risultati auspicati a aspettati.\u00a0 Anche il dottor Sandro De Col, dirigente del Distretto, in visita ispettiva ha sancito la correttezza delle scelte. Gioved\u00ec l&#8217;azienda con l&#8217;amministratore unico Mariachiara Santin\u00a0 ha incontrato in videoconferenza il Comitato dei familiari per fare il punto sulla situazione in RSA seguendo la linea, adottata fin da subito, che ritiene prioritari chiarezza, trasparenza e confronto. La presenza all\u2019incontro della coordinatrice del servizio assistenziale e della psicologa ha aggiunto ulteriori elementi informativi sulla riorganizzazione delle attivit\u00e0, lo stato di salute complessivo e quindi il benessere dei residenti. Certamente come ha sottolineato la psicologa, la maggior consapevolezza del distacco dai familiari \u00e8 percepita dagli anziani che non presentano un marcato decadimento cognitivo, ma per tutti viene organizzata una video chiamata al giorno che i familiari apprezzano tantissimo fino a dire: <em>\u201cnon ho mai sentito tanto mia mamma come in questo periodo\u201d. <\/em>Tutto ci\u00f2 \u00e8 stato ed \u00e8 possibile grazie ad un\u2019accurata divisione dei compiti dato che ogni professionista si fa carico di un gruppo di anziani una grande disponibilit\u00e0 di tutti i collaboratori dell\u2019Azienda, in particolare di chi spontaneamente regala il proprio tempo. Gli interventi dei familiari del Comitato di rappresentanza si sono racchiusi in alcune frasi che inquadrano perfettamente quanto emerso dall\u2019incontro\u00a0 <em>\u00a0\u201cSoffro a non stare vicino a mia mamma ma sono tranquilla perch\u00e9 mi sono sempre fidata di voi\u201d, \u201cSiete bravissimi\u201d, \u201c e \u201cSe avete bisogno di qualcosa ditecelo\u201d. <\/em>Quest\u2019ultima affermazione era riferita alle risorse economiche per le spese aggiuntive sostenute, ma la Santin ha tranquillizzato i familiari\u00a0 <em>\u201cl\u2019Azienda \u00e8 sana e il bilancio ci consente di adottare tutti gli interventi necessari\u201d.<\/em><\/p>\n<p>&nbsp;<\/p>\n<p>&nbsp;<\/p>\n<hr \/>\n<p>&nbsp;<\/p>\n<h3>NON CHIAMATELI EROI, MA PAGATELI PERCHE&#8217; SONO LA CATEGORIA MENO PAGATA D&#8217;ITALIA<\/h3>\n<p><strong>La denuncia dei sindacati.<\/strong><\/p>\n<div class=\"su-document su-u-responsive-media-yes\"><iframe loading=\"lazy\" src=\"\/\/docs.google.com\/viewer?embedded=true&url=https:\/\/www.radiopiu.net\/wordpress\/wp-content\/uploads\/2020\/04\/comunicato-stampa-sanit\u00e0-socio-sanitario.pdf\" width=\"600\" height=\"800\" class=\"su-document\" title=\"prot\"><\/iframe><\/div>\n<p>&nbsp;<\/p>\n<p><strong>AI MICROFONI DI RADIO PIU&#8217; GIANLUIGI DELLA GIACOMA<\/strong><\/p>\n<audio class=\"wp-audio-shortcode\" id=\"audio-130887-5\" preload=\"none\" style=\"width: 100%;\" controls=\"controls\"><source type=\"audio\/mpeg\" src=\"https:\/\/www.radiopiu.net\/wordpress\/wp-content\/uploads\/2020\/04\/della-giacoma.mp3?_=5\" \/><a href=\"https:\/\/www.radiopiu.net\/wordpress\/wp-content\/uploads\/2020\/04\/della-giacoma.mp3\">https:\/\/www.radiopiu.net\/wordpress\/wp-content\/uploads\/2020\/04\/della-giacoma.mp3<\/a><\/audio>\n<p>&nbsp;<\/p>\n<p>&nbsp;<\/p>\n<hr \/>\n<p>&nbsp;<\/p>\n<p>&nbsp;<\/p>\n<blockquote>\n<h2>AGGIORNAMENTO ULSS 1 DOLOMITI 17 MARZO 2020<\/h2>\n<\/blockquote>\n<p><strong>BELLUNO<\/strong>\u00a0GLI AGGIORNAMENTI DALLA ULSS 1 DOLOMITI<\/p>\n<p><strong>SORVEGLIANZA SANITARIA COVID-19<\/strong>Numero totale tamponi effettuati per ricerca nCoV al 16 aprile 2020 <strong>\u00a013.834 (+437) <\/strong>\u00a0Persone residenti in Ulss Dolomiti in isolamento domiciliare fiduciario e sorveglianza attiva al 17 aprile 2020: <b>1121 (-15 rispetto giovedi) <\/b>Alcuni tamponi sono stati effettuati pi\u00f9 volte sulle stesse persone. Attualmente risultano positivi 46 dipendenti e altri collaboratori (MMG e altri) dell\u2019Ulss Dolomiti su circa 3.650 dipendenti e altri collaboratori. Sono stati eseguiti oltre 6.200 tamponi su oltre 2.400 dipendenti e assimilati, per la quasi totalit\u00e0 del personale sanitario. In pochissimi casi si \u00e8 reso necessario un periodo di ricovero, la maggior parte \u00e8 asintomatico. Le indagini epidemiologiche effettuate, in particolare nelle prime fasi dell\u2019emergenza, hanno evidenziato che il contagio era stato contratto al di fuori dell\u2019ambito aziendale per contatti stretti che non avevano connessione con l\u2019attivit\u00e0 di cura e assistenza dei malati COVID positivi.<\/p>\n<p><a class=\"dt-pswp-item\" href=\"https:\/\/www.radiopiu.net\/wordpress\/wp-content\/uploads\/2020\/04\/4c9060e5-16e5-4139-b3fc-81ce9c1d722c.jpg\" data-dt-img-description=\"\" data-large_image_width=\"514\" data-large_image_height=\"679\"><img loading=\"lazy\" decoding=\"async\" class=\"alignnone size-medium wp-image-131098\" src=\"https:\/\/www.radiopiu.net\/wordpress\/wp-content\/uploads\/2020\/04\/4c9060e5-16e5-4139-b3fc-81ce9c1d722c-227x300.jpg\" alt=\"\" width=\"227\" height=\"300\" srcset=\"https:\/\/www.radiopiu.net\/wordpress\/wp-content\/uploads\/2020\/04\/4c9060e5-16e5-4139-b3fc-81ce9c1d722c-227x300.jpg 227w, https:\/\/www.radiopiu.net\/wordpress\/wp-content\/uploads\/2020\/04\/4c9060e5-16e5-4139-b3fc-81ce9c1d722c.jpg 514w\" sizes=\"auto, (max-width: 227px) 100vw, 227px\" \/><\/a><\/p>\n<p>&nbsp;<\/p>\n<hr \/>\n<p>&nbsp;<\/p>\n<blockquote>\n<h2>FUGGONO AD UN CONTROLLLO E PICCHIANO GLI AGENTI DI POLIZIA, ARRESTATI<\/h2>\n<\/blockquote>\n<p><strong><img loading=\"lazy\" decoding=\"async\" class=\"alignleft\" src=\"https:\/\/www.radiopiu.net\/wordpress\/wp-content\/uploads\/2020\/04\/hacker-contro-il-muro_23-2148165962.jpg\" width=\"191\" height=\"127\" \/>BELLUNO<\/strong> Nel tardo pomeriggio di marted\u00ec 14 aprile sono arrivate diverse chiamate al 113 che segnalavano la presenza di un gruppo di giovani presso il parco Marianna a Belluno, incuranti delle limitazioni in vigore per l\u2019emergenza covid 19. In particolare veniva segnalato un giovane che brandiva un grosso coltello da cucina. Una volante interveniva sul posto e individuava 2 fratelli di 18 e 19 anni appartenenti al gruppo e gi\u00e0 conosciuti alle forze dell\u2019ordine per reati contro la persona e contro il patrimonio. I ragazzi non si fermavano all\u2019alt della polizia ma si davano alla fuga. Dopo un inseguimento a piedi i ragazzi si sono scagliati contro l\u2019agente che li raggiungeva a piedi aggredendolo con calci e pugni per evitare il controllo. L\u2019agente dopo una colluttazione \u00e8 riuscito a bloccare in sicurezza uno dei due mentre l\u2019altro si \u00e8 dato alla fuga ma \u00e8 stato intercettato dal secondo poliziotto, il ragazzo tentava la resistenza con diversi colpi ma seppur a fatica l\u2019agente riusciva a collocarlo nell\u2019auto di servizio.La colluttazione \u00e8 costata ai due agenti 4 e 2 giorni di prognosi, e un giorno a uno dei due malviventi. Dopo la stesura degli atti di rito i due giovani sono stati arrestati per i reati di resistenza a pubblico ufficiale violenza e lesioni e collocati agli arresti domiciliari presso la propria abitazione. Nella giornata di venerd\u00ec 17 aprile l\u2019arresto \u00e8 stato convalidato e i due sono stati sottoposti alla misura cautelare dell\u2019obbligo di dimora nel Comune di Belluno e del divieto di lasciare la propria abitazione dalle ore 16 alle 24.<\/p>\n<blockquote><p>&nbsp;<\/p><\/blockquote>\n<hr \/>\n<p>&nbsp;<\/p>\n<blockquote>\n<h3>&#8220;PER LA RIPARTENZA NON SAREMO L&#8217;UFFICIO COMPLICAZIONI AFFARI SEMPLICI&#8221; LA CONFERENZA STAMPA DEL PRESIDENTE DEL VENETO LUCA ZAIA 17 APRILE 2020<\/h3>\n<\/blockquote>\n<p><strong>VENEZIA<\/strong> Dalla sala stampa della Protezione Civile di Marghera, Luca Zaia nella conferenza stampa giornaliera sull&#8217;emergenza COVID-19.<\/p>\n<p><strong>VENEZIA Partendo dal dato positivo, 3 pazienti in meno in terapia intensiva che scendono sotto la soglia dei 200 (197), negli ospedali 4 pazienti in pi\u00f9 in corsia (4), purtroppo altri 8 decessi nella notte: 3 Dolo, 2 Vicenza, 2 Verona Borgo Roma, Oderzo. POSITIVI + 155: Padova 36, Venezia 35, Verona 45, Vicenza 14,\u00a0 Belluno 15, Rovigo 2, regge ancora il cluster di Vo\u2019, sempre 87 i casi di positivit\u00e0 da inizio epidemia. In Regione: 10618 attualmente positivi (15374 dal 21 febbraio), 1026 i decessi (dato cumulativo), 3730 i negativizzati, 13489 in isolamento domiciliare fiduciario. Negli ospedali: 1509 pazienti in area non critica (+4), in terapia intensiva 197 (-3), negativizzati 288, dimessi 1958, decessi 896. Nati 103.<\/strong><\/p>\n<h2>LEGGI LA CONFERENZA STAMPA DI LUCA ZAIA<\/h2>\n<p><em>Non siamo qui a smistare carte ma accettiamo le proposte. Scuola: valutiamo di estendere il buono libro per la strumentazione tecnologica. Dipendesse da me il 4 maggio aprirei tutto anche se non gradualit\u00e0 e attenzione. Elezioni: no alla proroga dei presidenti che i cittadini vadano alle urne per l&#8217;autunno \u00e8 necessario che gli amministratori abbiano pieni poteri soprattutto se ritorna il virus. Ho maree di messaggi di morosi che pur a distanza di un chilometri non riescono ad incontrarsi, questo \u00e8 rispetto delle regole.\u00a0<\/em><\/p>\n<p>&nbsp;<\/p>\n<p><strong><a class=\"dt-pswp-item\" href=\"https:\/\/www.radiopiu.net\/wordpress\/wp-content\/uploads\/2020\/04\/caf6758a-5d5f-41e0-b0fb-8362e99505bd.jpg\" data-dt-img-description=\"\" data-large_image_width=\"701\" data-large_image_height=\"800\"><img loading=\"lazy\" decoding=\"async\" class=\" wp-image-130982 alignleft\" src=\"https:\/\/www.radiopiu.net\/wordpress\/wp-content\/uploads\/2020\/04\/caf6758a-5d5f-41e0-b0fb-8362e99505bd-263x300.jpg\" alt=\"\" width=\"203\" height=\"232\" srcset=\"https:\/\/www.radiopiu.net\/wordpress\/wp-content\/uploads\/2020\/04\/caf6758a-5d5f-41e0-b0fb-8362e99505bd-263x300.jpg 263w, https:\/\/www.radiopiu.net\/wordpress\/wp-content\/uploads\/2020\/04\/caf6758a-5d5f-41e0-b0fb-8362e99505bd.jpg 701w\" sizes=\"auto, (max-width: 203px) 100vw, 203px\" \/><\/a>BUONE NOTIZIE 1<\/strong> Conferme del trand positivo, si pensa alle fase 2, stiamo lavorando alacremente, oggi alle 15 incontro con le parti sociali e gli imprenditori per presentare il progetto di messa in sicurezza e si continua a fare i controlli con lo Spisal, non repressivi ma di accompagnamento. Oggi incontro con i portatori di interesse per pianificare se ci sono proposte migliorative, siamo pronti a recepirle. Non sar\u00e0 un ufficio complicazioni affari semplice, solite cose, mascherine, guanti, disinfenzione sostenibili da ogni azienda, Gli imprenditori sono disponibili a pagare i test per i lavoratori se potessero averli, questa \u00e8 la qualit\u00e0 del sistema economico del Veneto. Siamo pronti a tutti.<\/p>\n<p><strong>TURISMO<\/strong> L&#8217;assessore Caner raccoglie tutte le indicazioni per le offerte turistiche perch\u00e9 si possa uscire con una proposta complessiva che non siano i box in plexiglass.<\/p>\n<p><strong>BUONE NOTIZIE 2<\/strong> IERI MILLESIMO TRAPIANTO DI CUORE IN VENETO CON IL PRO. GEROSA<\/p>\n<p><strong>DONAZIONI <\/strong>Bata Group ha donato 200 mila euro. Siamo oltre i 53 milioni di euro. Non \u00e8 escluso che facciamo una mostra, c&#8217;e&#8217; una ditta che ha offerto le cornici. Ieri \u00e8 arrivato un pacchetto di Ivan, anche lui fa nascere i pulmini, e ha mandato 10 uova feconde di un incrocio\u00a0 fatto da lui. Complimenti alle poste le uova sono arrivate intera.<\/p>\n<p><strong>COME SI IMMAGINA LE VACANZE?<\/strong> Senza box sulle spiagge, \u00e8 come quando ti fai la barba la prima volta, le prime volte di tagli e poi di fai la mano. Abbiamo capito rischi e pericoli ora bisogna fare la rasatura perfetta senza farci male. Conosciamo il pericolo reale di coronavirus si puo&#8217; morire, ma con le giuste attenzioni tutto \u00e8 evitabile.\u00a0 \u00a0se stiamo sotto l&#8217;ombrellone o se andiamo in acqua si pu\u00f2 fare, se invece andiamo al chiosco ci mettiamo la mascherina e manteniamo le distanze. Saranno organizzati i servizi, ci adatteremo e torneremo pi\u00f9 forti di prima Auspichiamo che le vacanze siano a chilometro zero se si pu\u00f2 di rimanere nelle nostre localit\u00e0 per dare una mano ai nostri operatori turistici.\u00a0 Anche se sono conviinto che gli stranieri arriveranno. C \u00e8 tutto maggio e tuttto giugno.<\/p>\n<p><strong>SCUOLE POSTICIPATE <\/strong>E&#8217; un errore aprire le scuole. Ringraziamo i docenti, il pubblico funziona, i ragazzi studiano Se si tratta di prorogare l&#8217;apertura per dare respiro al mondo del turismo io sono daccordo. Vanno rispettate le gesioni famigliari.<\/p>\n<p><strong>AZIENDE IN REGOLA POSSONO APRIRE DAL 20 APRILE DICE IL MINISTRO PATTUANELLI\u00a0 <\/strong>La competenza delle aperture \u00e8 del Governo. Se lo ha detto Pattuanelli \u00e8 da capire se \u00e8 una decisione del governo. Comunque noi lo diciamo da tempo che se le aziende sono in regola possono aprire.<\/p>\n<p><strong>MIGLIORARE LE OFFERTE TECNOLOGICHE<\/strong>\u00a0 Assolutamente si, dobbiamo avere delle garanzie che l&#8217;uso dell&#8217;Ipad sia per la scuola .<\/p>\n<p><strong>I DATI CONTINUANO AD AUMENTARE<\/strong> Purtroppo si, in gran parte anziani, \u00e8 purtroppo i virus delle case di riposo, li ci sono i candidati preferenziali del virus. le case di riposo con 30 mila ospiti saranno classificate con la percentuale di contagio, ce ne sono a contagio 0 in su. C&#8217;\u00e8 anche chi non ha avuto il virus, per vari motivi: protezioni, gestioni, strutture. La partita non \u00e8 finita. Comunque salviamo persone anche con pi\u00f9 di 90 anni c&#8217;\u00e8 anche chi viene curato e torna in salute.<\/p>\n<p><strong>SENSAZIONE CHE LA PARTITA SIA CONCLUSA C&#8217;E&#8217;. PARE FINITA L&#8217;EMERGENZA IN GIRO C&#8217;E&#8217; MOLTA GENTE<\/strong> E&#8217; vero c&#8217;\u00e8 assolutamente pi\u00f9 gente, aperture ateco e silenzio assenso hanno fatto la differenza.<\/p>\n<p><strong>CENTRI ESTETICI<\/strong> Per l&#8217;apertura anche se definita per categorie lo si decide con il decreto del consiglio dei ministri Il Governo ha anticipato che allegher\u00e0 anche le istruzioni per l&#8217;uso. Noi le istruzioni le abbiamo scritte (al barbiere sono sufficienti i dispositivi) non vediamo problematiche particolari per riaprire. Chiediamo un&#8217;apertura graduale ma uniforme per tutti per non creare parenti ricchi e poveri.<\/p>\n<p><strong>ELEZIONI<\/strong> Se \u00e8 vero che ad ottobre torna il coronavirus dobbiamo avere gli amministratori con i pieni poteri. Sono 7 le Regioni che votano e il problema va risolto. C\u00e8 il rischio con la sessione autunnale, se torna il virus si va ad una proroga di 7-8 mesi. Se andiamo a luglio ricordiamo una quarantena di 2 mesi prima. E&#8217; giusto pagare lo stipendio ad amministratori eletti non prorogati. Quando possibile si facciano le elezioni. Nel provvedimento s&#8217;\u00e8 creato a doc una sessione per le regionali. Le regioni devono andare da sole e i miei colleghi sono daccordo. Si per finestra, che si possa votare nei consolati per favorire gli emigrati e sessione di voto il lunedi fino alle 15.<\/p>\n<p><strong>PATENTINO PER GLI OPERATORI DOMICILIARI<\/strong> Il tampone \u00e8 stato fatto e si fa. Ma \u00e8 una foto, un&#8217;istantanea una volta scattata \u00e8 gi\u00e0 vecchia non da la patente di immunit\u00e0.<\/p>\n<p><strong>ZAIA PREMIER ?<\/strong> Grazie a Salvini per la fiducia, i sogni non si negano a nessuno. L&#8217;imperato Adriano scriveva in latino ma diceva &#8220;ho sempre vissuto e pensato in greco&#8221; quindi metteteci il Veneto. Non abbandono la nave nel corso del disastro.<\/p>\n<p>&nbsp;<\/p>\n<p>https:\/\/www.facebook.com\/zaiaufficiale\/videos\/307913323526566<\/p>\n<p>&nbsp;<\/p>\n<p>&nbsp;<\/p>\n<hr \/>\n<p>&nbsp;<\/p>\n<p>&nbsp;<\/p>\n<blockquote class=\"wp-embedded-content\" data-secret=\"LUM0877Ycz\"><p><a href=\"https:\/\/www.radiopiu.net\/wordpress\/aggiornamento-nazionale-del-17-aprile\/\">AGGIORNAMENTO NAZIONALE DEL 17 APRILE<\/a><\/p><\/blockquote>\n<p><iframe loading=\"lazy\" title=\"&#8220;AGGIORNAMENTO NAZIONALE DEL 17 APRILE&#8221; &#8212; Radio Pi\u00f9\" class=\"wp-embedded-content\" sandbox=\"allow-scripts\" security=\"restricted\" style=\"position: absolute; clip: rect(1px, 1px, 1px, 1px);\" src=\"https:\/\/www.radiopiu.net\/wordpress\/aggiornamento-nazionale-del-17-aprile\/embed\/#?secret=LUM0877Ycz\" data-secret=\"LUM0877Ycz\" width=\"600\" height=\"338\" frameborder=\"0\" marginwidth=\"0\" marginheight=\"0\" scrolling=\"no\"><\/iframe><\/p>\n<p>&nbsp;<\/p>\n<p>&nbsp;<\/p>\n<hr \/>\n<p>&nbsp;<\/p>\n<p>&nbsp;<\/p>\n<p>&nbsp;<\/p>\n<blockquote class=\"wp-embedded-content\" data-secret=\"heltFSMZ8L\"><p><a href=\"https:\/\/www.radiopiu.net\/wordpress\/dati-e-grafici-del-giorno-provincia-regione-17-aprile-2020\/\">DATI E GRAFICI DEL GIORNO, PROVINCIA \u2013 REGIONE 17 APRILE 2020<\/a><\/p><\/blockquote>\n<p><iframe loading=\"lazy\" title=\"&#8220;DATI E GRAFICI DEL GIORNO, PROVINCIA \u2013 REGIONE 17 APRILE 2020&#8221; &#8212; Radio Pi\u00f9\" class=\"wp-embedded-content\" sandbox=\"allow-scripts\" security=\"restricted\" style=\"position: absolute; clip: rect(1px, 1px, 1px, 1px);\" src=\"https:\/\/www.radiopiu.net\/wordpress\/dati-e-grafici-del-giorno-provincia-regione-17-aprile-2020\/embed\/#?secret=heltFSMZ8L\" data-secret=\"heltFSMZ8L\" width=\"600\" height=\"338\" frameborder=\"0\" marginwidth=\"0\" marginheight=\"0\" scrolling=\"no\"><\/iframe><\/p>\n<p>&nbsp;<\/p>\n<p>&nbsp;<\/p>\n<hr \/>\n<p>&nbsp;<\/p>\n<p>&nbsp;<\/p>\n<p>&nbsp;<\/p>\n<blockquote class=\"wp-embedded-content\" data-secret=\"QqdjaX0KTA\"><p><a href=\"https:\/\/www.radiopiu.net\/wordpress\/aggiornamento-assessorato-protezione-civile-17-aprile-2020\/\">AGGIORNAMENTO ASSESSORATO PROTEZIONE CIVILE 17 APRILE 2020<\/a><\/p><\/blockquote>\n<p><iframe loading=\"lazy\" title=\"&#8220;AGGIORNAMENTO ASSESSORATO PROTEZIONE CIVILE 17 APRILE 2020&#8221; &#8212; Radio Pi\u00f9\" class=\"wp-embedded-content\" sandbox=\"allow-scripts\" security=\"restricted\" style=\"position: absolute; clip: rect(1px, 1px, 1px, 1px);\" src=\"https:\/\/www.radiopiu.net\/wordpress\/aggiornamento-assessorato-protezione-civile-17-aprile-2020\/embed\/#?secret=QqdjaX0KTA\" data-secret=\"QqdjaX0KTA\" width=\"600\" height=\"338\" frameborder=\"0\" marginwidth=\"0\" marginheight=\"0\" scrolling=\"no\"><\/iframe><\/p>\n<h3>L&#8217;ASSESSORE GIANPAOLO BOTTACIN<\/h3>\n<audio class=\"wp-audio-shortcode\" id=\"audio-130887-6\" preload=\"none\" style=\"width: 100%;\" controls=\"controls\"><source type=\"audio\/mpeg\" src=\"https:\/\/www.radiopiu.net\/wordpress\/wp-content\/uploads\/2020\/04\/bottacin-2.mp3?_=6\" \/><a href=\"https:\/\/www.radiopiu.net\/wordpress\/wp-content\/uploads\/2020\/04\/bottacin-2.mp3\">https:\/\/www.radiopiu.net\/wordpress\/wp-content\/uploads\/2020\/04\/bottacin-2.mp3<\/a><\/audio>\n<p>&nbsp;<\/p>\n<p>&nbsp;<\/p>\n<p>&nbsp;<\/p>\n<blockquote class=\"wp-embedded-content\" data-secret=\"VvtK9llotW\"><p><a href=\"https:\/\/www.radiopiu.net\/wordpress\/anteprima-fase-due-ecco-il-progetto-per-le-aziende-e-il-decalogo-sperimentazione-in-20-aziende-per-3000-lavoratori\/\">ANTEPRIMA FASE DUE: ECCO IL PROGETTO PER LE AZIENDE E IL DECALOGO, SPERIMENTAZIONE IN 20 AZIENDE PER 3000 LAVORATORI<\/a><\/p><\/blockquote>\n<p><iframe loading=\"lazy\" title=\"&#8220;ANTEPRIMA FASE DUE: ECCO IL PROGETTO PER LE AZIENDE E IL DECALOGO, SPERIMENTAZIONE IN 20 AZIENDE PER 3000 LAVORATORI&#8221; &#8212; Radio Pi\u00f9\" class=\"wp-embedded-content\" sandbox=\"allow-scripts\" security=\"restricted\" style=\"position: absolute; clip: rect(1px, 1px, 1px, 1px);\" src=\"https:\/\/www.radiopiu.net\/wordpress\/anteprima-fase-due-ecco-il-progetto-per-le-aziende-e-il-decalogo-sperimentazione-in-20-aziende-per-3000-lavoratori\/embed\/#?secret=VvtK9llotW\" data-secret=\"VvtK9llotW\" width=\"600\" height=\"338\" frameborder=\"0\" marginwidth=\"0\" marginheight=\"0\" scrolling=\"no\"><\/iframe><\/p>\n<p>&nbsp;<\/p>\n<div style=\"width: 1200px;\" class=\"wp-video\"><video class=\"wp-video-shortcode\" id=\"video-130887-1\" width=\"1200\" height=\"675\" preload=\"metadata\" controls=\"controls\"><source type=\"video\/mp4\" src=\"https:\/\/www.radiopiu.net\/wordpress\/wp-content\/uploads\/2020\/04\/WhatsApp-Video-2020-04-17-at-18.50.54.mp4?_=1\" \/><a href=\"https:\/\/www.radiopiu.net\/wordpress\/wp-content\/uploads\/2020\/04\/WhatsApp-Video-2020-04-17-at-18.50.54.mp4\">https:\/\/www.radiopiu.net\/wordpress\/wp-content\/uploads\/2020\/04\/WhatsApp-Video-2020-04-17-at-18.50.54.mp4<\/a><\/video><\/div>\n<p>&nbsp;<\/p>\n<p>&nbsp;<\/p>\n<hr \/>\n<p>&nbsp;<\/p>\n<p>&nbsp;<\/p>\n<blockquote>\n<h3>IERI A PADOVA IL MILLESIMO TRAPIANTO DI CUORE<\/h3>\n<\/blockquote>\n<p>&nbsp;<\/p>\n<p><strong>VENEZIA <\/strong><strong>IL MILLESIMO TRAPIANTO DI CUORE IN TEMPI DI CORONAVIRUS<\/strong><\/p>\n<audio class=\"wp-audio-shortcode\" id=\"audio-130887-7\" preload=\"none\" style=\"width: 100%;\" controls=\"controls\"><source type=\"audio\/mpeg\" src=\"https:\/\/www.radiopiu.net\/wordpress\/wp-content\/uploads\/2020\/04\/CUORE.mp3?_=7\" \/><a href=\"https:\/\/www.radiopiu.net\/wordpress\/wp-content\/uploads\/2020\/04\/CUORE.mp3\">https:\/\/www.radiopiu.net\/wordpress\/wp-content\/uploads\/2020\/04\/CUORE.mp3<\/a><\/audio>\n<p>&nbsp;<\/p>\n<p>&nbsp;<\/p>\n<hr \/>\n<p>&nbsp;<\/p>\n<p>&nbsp;<\/p>\n<blockquote>\n<h3>I COLLOQUI TELEFONICI PSICOLOGICI E PERSONALI, L&#8217;INTERVENTO DELL&#8217;ASSESSORE MANUELA LANZARIN<\/h3>\n<\/blockquote>\n<p><strong><img loading=\"lazy\" decoding=\"async\" class=\"alignleft\" src=\"https:\/\/www.radiopiu.net\/wordpress\/wp-content\/uploads\/2020\/02\/01-02-2020-MARGINE-ASSESSORE-LANZARIN-mov-image.jpg\" width=\"196\" height=\"110\" \/><\/strong><\/p>\n<p>&nbsp;<\/p>\n<p><strong>VENEZIA<\/strong><br \/>\nQuesto l&#8217;intervento di oggi dell&#8217;assessore Manuela Lanzarin.<\/p>\n<p>&nbsp;<\/p>\n<p><strong>CALL CENTER: 10 PSICOLOGI ALL&#8217;OPERA H24\u00a0<\/strong><\/p>\n<audio class=\"wp-audio-shortcode\" id=\"audio-130887-8\" preload=\"none\" style=\"width: 100%;\" controls=\"controls\"><source type=\"audio\/mpeg\" src=\"https:\/\/www.radiopiu.net\/wordpress\/wp-content\/uploads\/2020\/04\/LANZARIN-PSICOLOGI.mp3?_=8\" \/><a href=\"https:\/\/www.radiopiu.net\/wordpress\/wp-content\/uploads\/2020\/04\/LANZARIN-PSICOLOGI.mp3\">https:\/\/www.radiopiu.net\/wordpress\/wp-content\/uploads\/2020\/04\/LANZARIN-PSICOLOGI.mp3<\/a><\/audio>\n<p>&nbsp;<\/p>\n<p><strong>CAMPAGNA TAMPONI<\/strong><\/p>\n<audio class=\"wp-audio-shortcode\" id=\"audio-130887-9\" preload=\"none\" style=\"width: 100%;\" controls=\"controls\"><source type=\"audio\/mpeg\" src=\"https:\/\/www.radiopiu.net\/wordpress\/wp-content\/uploads\/2020\/04\/LANZARIN-TAMPONI.mp3?_=9\" \/><a href=\"https:\/\/www.radiopiu.net\/wordpress\/wp-content\/uploads\/2020\/04\/LANZARIN-TAMPONI.mp3\">https:\/\/www.radiopiu.net\/wordpress\/wp-content\/uploads\/2020\/04\/LANZARIN-TAMPONI.mp3<\/a><\/audio>\n<p>&nbsp;<\/p>\n<hr \/>\n<p>&nbsp;<\/p>\n<p>&nbsp;<\/p>\n<blockquote>\n<h3>CORONAVIRUS. TAVOLO CATEGORIE ECONOMICHE. MARCATO \u201cSUPERATI CODICI ATECO, AZIENDE PRONTE A RIPARTIRE IN SICUREZZA<\/h3>\n<\/blockquote>\n<p><img decoding=\"async\" class=\"alignleft\" src=\"https:\/\/www.radiopiu.net\/wordpress\/wp-content\/uploads\/2020\/04\/ROBERTO-MARCATO-300x300.jpg\" \/><strong>VENEZIA<\/strong>\u00a0 <span style=\"font-size: medium;\">Confronto molto partecipato e operativo quello che questa mattina ha visto confrontarsi i rappresentanti del mondo economico veneto al tavolo di concertazione delle categorie economiche convocato dall\u2019assessore regionale allo sviluppo economico Roberto Marcato per affrontare gli sviluppo dell\u2019emergenza Coronavirus.\u00a0<\/span><em>\u201c<\/em><span style=\"font-size: medium;\"><em>E\u2019 emersa con forza la volont\u00e0 del mondo imprenditoriale di superare la fase dei codici ATECO per riaprire le attivit\u00e0, garantendo il massimo della sicurezza \u2013 spiega Marcato \u2013 fra i settori in crisi spiccano moda, servizi alla persona e che devono riaprire immediatamente altrimenti rischiano di non riaprire mai pi\u00f9&#8221;. <\/em><\/span><span style=\"font-size: medium;\">Tra i molti aspetti che i vari rappresentanti hanno evidenziato emerge con forza il problema dell\u2019accesso al credito e della semplificazione delle procedure burocratiche. <\/span><em>\u201c<span style=\"font-size: medium;\">Ho accolto e porter\u00f2 all\u2019attenzione del Presidente Zaia la richiesta che le imprese chiedono di riaprire subito e in sicurezza \u2013 precisa l\u2019assessore regionale allo sviluppo economico del Veneto \u2013 tema che porter\u00f2 anche in Commissione Attivit\u00e0 Produttive della Conferenza Stato Regioni la prossima settimana insieme alla questione del rispetto dei tempi nell\u2019erogazione dei fondi del Decreto Liquidit\u00e0 e della semplificazione burocratica non si tratta di una questione secondaria. Il tempo \u00e8 fattore determinante per uscire dalla crisi. Ci sono migliaia di imprese a rischio chiusura ed il nostro impegno deve concentrarsi sul salvataggio di chi \u00e8 maggiormente a rischio\u201d.\u00a0 <\/span><\/em><span style=\"font-size: medium;\">C<\/span><span style=\"font-size: medium;\">hiesto un supporto alla Regione per la produzione e l\u2019acquisto delle mascherine per ripartire in sicurezza<\/span><\/p>\n<p>&nbsp;<\/p>\n<p>&nbsp;<\/p>\n<hr \/>\n<h3><\/h3>\n<p>&nbsp;<\/p>\n<blockquote>\n<h3>CAPITOLO &#8220;DE COCCIO&#8221;: 17 SANZIONI A PERSONE, NESSUNA ATTIVITA&#8217; COMMERCIALE SANZIONATA<\/h3>\n<\/blockquote>\n<p><strong>BELLUNO<\/strong> Da luned\u00ec scorso sono stati effettuati 3141 controlli su persone da parte delle Forze dell&#8217;Ordine. E&#8217; stato un gioved\u00ec con 17 sanzioni dopo 695 controlli effettuati. Sono state denunciate anche 2 persone per altri reati. 95 le mute ai cittadini da inizio settimana, una denuncia riguardante i controlli per il contenimento del COVOD-19 e 4 per altri reati. Sempre nella giornata di ieri sono state controllate 1061 attivit\u00e0 commerciali e nessuna infrazione rilevata. Da inizio settimana gli esercizi controllati sono 4444 con una denuncia ad un titolare.<\/p>\n<p><a class=\"dt-pswp-item\" href=\"https:\/\/www.radiopiu.net\/wordpress\/wp-content\/uploads\/2020\/04\/17.04_-_MONITORAGGIO_SETTIMANALE_DEI_SERVIZI_DI_CONTROLLO.jpg\" data-dt-img-description=\"\" data-large_image_width=\"1240\" data-large_image_height=\"1754\"><img loading=\"lazy\" decoding=\"async\" class=\"alignnone wp-image-130893\" src=\"https:\/\/www.radiopiu.net\/wordpress\/wp-content\/uploads\/2020\/04\/17.04_-_MONITORAGGIO_SETTIMANALE_DEI_SERVIZI_DI_CONTROLLO-724x1024.jpg\" alt=\"\" width=\"401\" height=\"567\" srcset=\"https:\/\/www.radiopiu.net\/wordpress\/wp-content\/uploads\/2020\/04\/17.04_-_MONITORAGGIO_SETTIMANALE_DEI_SERVIZI_DI_CONTROLLO-724x1024.jpg 724w, https:\/\/www.radiopiu.net\/wordpress\/wp-content\/uploads\/2020\/04\/17.04_-_MONITORAGGIO_SETTIMANALE_DEI_SERVIZI_DI_CONTROLLO-212x300.jpg 212w, https:\/\/www.radiopiu.net\/wordpress\/wp-content\/uploads\/2020\/04\/17.04_-_MONITORAGGIO_SETTIMANALE_DEI_SERVIZI_DI_CONTROLLO-768x1086.jpg 768w, https:\/\/www.radiopiu.net\/wordpress\/wp-content\/uploads\/2020\/04\/17.04_-_MONITORAGGIO_SETTIMANALE_DEI_SERVIZI_DI_CONTROLLO-1086x1536.jpg 1086w, https:\/\/www.radiopiu.net\/wordpress\/wp-content\/uploads\/2020\/04\/17.04_-_MONITORAGGIO_SETTIMANALE_DEI_SERVIZI_DI_CONTROLLO.jpg 1240w\" sizes=\"auto, (max-width: 401px) 100vw, 401px\" \/><\/a><\/p>\n<p>&nbsp;<\/p>\n<hr \/>\n<p>&nbsp;<\/p>\n<p>&nbsp;<\/p>\n<blockquote>\n<h3 class=\"entry-title\">L\u2019IMPEGNO DEI FINANZIERI SULLE STRADE BELLUNESI, 17 SANZIONI AMMINISTRATIVE IN SETTE GIORNI<\/h3>\n<\/blockquote>\n<p><strong class=\"photoswipe-wrapper\"><img loading=\"lazy\" decoding=\"async\" class=\"size-medium wp-image-130949 alignleft jetpack-lazy-image jetpack-lazy-image--handled\" src=\"https:\/\/i0.wp.com\/www.radiopiu.net\/wordpress\/wp-content\/uploads\/2020\/04\/IMG_2849.jpg?resize=300%2C225&amp;ssl=1\" sizes=\"auto, (max-width: 300px) 100vw, 300px\" srcset=\"https:\/\/i0.wp.com\/www.radiopiu.net\/wordpress\/wp-content\/uploads\/2020\/04\/IMG_2849.jpg?resize=300%2C225&amp;ssl=1 300w, https:\/\/i0.wp.com\/www.radiopiu.net\/wordpress\/wp-content\/uploads\/2020\/04\/IMG_2849.jpg?resize=1024%2C768&amp;ssl=1 1024w, https:\/\/i0.wp.com\/www.radiopiu.net\/wordpress\/wp-content\/uploads\/2020\/04\/IMG_2849.jpg?resize=768%2C576&amp;ssl=1 768w, https:\/\/i0.wp.com\/www.radiopiu.net\/wordpress\/wp-content\/uploads\/2020\/04\/IMG_2849.jpg?resize=1536%2C1152&amp;ssl=1 1536w, https:\/\/i0.wp.com\/www.radiopiu.net\/wordpress\/wp-content\/uploads\/2020\/04\/IMG_2849.jpg?w=1632&amp;ssl=1 1632w\" alt=\"\" width=\"300\" height=\"225\" data-recalc-dims=\"1\" data-lazy-loaded=\"1\" \/>BELLUNO\u00a0<\/strong> Continua l\u2019attivit\u00e0 dei Finanzieri del Comando Provinciale della Guardia di Finanza di Belluno volta alla prevenzione e tutela della salute pubblica finalizzate a concretizzare le misure di contenimento della diffusione del Covid-19.f Dal 10 aprile sono state impiegate su strada 48 pattuglie nell\u2019intero territorio provinciale, da sommare a 26 ulteriori pattuglie del Soccorso Alpino\/S.A.G.F. \u2013 di Cortina d\u2019Ampezzo e di Auronzo di Cadore presso i principali sentieri turistici di montagna delle dolomiti bellunesi.\u00a0 Sono stati effettuati 444 controlli, sia nei confronti di persone fisiche che di esercizi commerciali, al fine di verificare il corretto adempimento delle disposizioni limitative, constatandone una generalizzata corretta attuazione da parte della popolazione controllata. Oltre alle precedenti segnalazioni inoltrate alla locale Autorit\u00e0 Giudiziaria, i Finanzieri del Comando Provinciale Belluno hanno elevato nell\u2019ultima settimana 17 <img loading=\"lazy\" decoding=\"async\" class=\"size-medium wp-image-130948 alignright jetpack-lazy-image jetpack-lazy-image--handled\" src=\"https:\/\/i0.wp.com\/www.radiopiu.net\/wordpress\/wp-content\/uploads\/2020\/04\/IMG_0043.jpg?resize=300%2C200&amp;ssl=1\" sizes=\"auto, (max-width: 300px) 100vw, 300px\" srcset=\"https:\/\/i0.wp.com\/www.radiopiu.net\/wordpress\/wp-content\/uploads\/2020\/04\/IMG_0043.jpg?resize=300%2C200&amp;ssl=1 300w, https:\/\/i0.wp.com\/www.radiopiu.net\/wordpress\/wp-content\/uploads\/2020\/04\/IMG_0043.jpg?resize=1024%2C682&amp;ssl=1 1024w, https:\/\/i0.wp.com\/www.radiopiu.net\/wordpress\/wp-content\/uploads\/2020\/04\/IMG_0043.jpg?resize=768%2C512&amp;ssl=1 768w, https:\/\/i0.wp.com\/www.radiopiu.net\/wordpress\/wp-content\/uploads\/2020\/04\/IMG_0043.jpg?resize=1536%2C1023&amp;ssl=1 1536w, https:\/\/i0.wp.com\/www.radiopiu.net\/wordpress\/wp-content\/uploads\/2020\/04\/IMG_0043.jpg?w=1732&amp;ssl=1 1732w\" alt=\"\" width=\"300\" height=\"200\" data-recalc-dims=\"1\" data-lazy-loaded=\"1\" \/>sanzioni amministrative, di cui la maggior parte operata dai militari del Soccorso Alpino del Corpo nelle aree montane di elevato interesse turistico del Comelico e dell\u2019Ampezzano nei confronti di altrettanti cittadini che, senza alcun giustificato motivo ed in larga parte provenienti da altri Comuni della provincia, venivano ritrovati a \u201cpasseggio\u201d ovvero a svolgere attivit\u00e0 sportiva individuale senza nulla curarsi delle disposizioni limitative vigenti \u201cseconde case\u201d di propriet\u00e0. Prosegue, analogamente, il costante monitoraggio delle farmacie e parafarmacie della provincia bellunese, avendo effettuato nei confronti di queste ultime 32 controlli complessivi, dai quali nell\u2019ultima settimana non sono emerse particolari irregolarit\u00e0. Con riferimento all\u2019acquisto di mascherine protettive, <img loading=\"lazy\" decoding=\"async\" class=\"size-medium wp-image-130947 alignleft jetpack-lazy-image jetpack-lazy-image--handled\" src=\"https:\/\/i2.wp.com\/www.radiopiu.net\/wordpress\/wp-content\/uploads\/2020\/04\/5.jpg?resize=300%2C225&amp;ssl=1\" sizes=\"auto, (max-width: 300px) 100vw, 300px\" srcset=\"https:\/\/i2.wp.com\/www.radiopiu.net\/wordpress\/wp-content\/uploads\/2020\/04\/5.jpg?resize=300%2C225&amp;ssl=1 300w, https:\/\/i2.wp.com\/www.radiopiu.net\/wordpress\/wp-content\/uploads\/2020\/04\/5.jpg?resize=1024%2C768&amp;ssl=1 1024w, https:\/\/i2.wp.com\/www.radiopiu.net\/wordpress\/wp-content\/uploads\/2020\/04\/5.jpg?resize=768%2C576&amp;ssl=1 768w, https:\/\/i2.wp.com\/www.radiopiu.net\/wordpress\/wp-content\/uploads\/2020\/04\/5.jpg?resize=1536%2C1152&amp;ssl=1 1536w, https:\/\/i2.wp.com\/www.radiopiu.net\/wordpress\/wp-content\/uploads\/2020\/04\/5.jpg?w=1632&amp;ssl=1 1632w\" alt=\"\" width=\"300\" height=\"225\" data-recalc-dims=\"1\" data-lazy-loaded=\"1\" \/>dispositivi di protezione individuale (DPI) e presidi medico-chirurgici (PMI), il Comando Provinciale della Guardia di Finanza di Belluno continua ad invitare la cittadinanza a richiedere, al momento dell\u2019acquisto, dispositivi di protezione individuali conformi alla normativa vigente ed approvati dagli Organismi Sanitari competenti, verificando attentamente e scrupolosamente il prodotto di cui ci si sta approvvigionando, affinch\u00e9 nessuno possa \u201capprofittarsi\u201d della buona fede altrui in questa situazione emergenziale dovuta alla pandemia da COVID-19. E\u2019\u00a0 sempre a disposizione dell\u2019intera collettivit\u00e0 il numero di pubblica utilit\u00e0 \u201c117\u201d per eventuali segnalazioni di episodi di interesse per la Guardia di Finanza. Prosegue, infine, l\u2019attivit\u00e0 ispettiva a supporto della Prefettura di Belluno, consistente nell\u2019attuazione di specifici servizi volti a verificare la veridicit\u00e0 dei contenuti delle comunicazioni inviate al Prefetto dalle imprese che, ritenendo di rientrare nelle esimenti previste, hanno inteso proseguire la loro attivit\u00e0 industriale o commerciale<\/p>\n<p>&nbsp;<\/p>\n<p>&nbsp;<\/p>\n<p>&nbsp;<\/p>\n<hr \/>\n<p>&nbsp;<\/p>\n<blockquote>\n<h3>QUEL GRUPPO DI PROTEZIONE CIVILE CHE SI FA BEN VOLERE ANCHE FUORI DAL PROPRIO COMUNE E QUELLA ENERGETICA COLLABORAZIONE TRA VOLONTARI<\/h3>\n<\/blockquote>\n<p><strong><a class=\"dt-pswp-item\" href=\"https:\/\/www.radiopiu.net\/wordpress\/wp-content\/uploads\/2020\/04\/01fadc6c-0712-4478-a617-1045a1aa6d8f.jpg\" data-dt-img-description=\"\" data-large_image_width=\"1984\" data-large_image_height=\"1488\"><img loading=\"lazy\" decoding=\"async\" class=\" wp-image-131061 alignleft\" src=\"https:\/\/www.radiopiu.net\/wordpress\/wp-content\/uploads\/2020\/04\/01fadc6c-0712-4478-a617-1045a1aa6d8f-300x225.jpg\" alt=\"\" width=\"231\" height=\"174\" srcset=\"https:\/\/www.radiopiu.net\/wordpress\/wp-content\/uploads\/2020\/04\/01fadc6c-0712-4478-a617-1045a1aa6d8f-300x225.jpg 300w, https:\/\/www.radiopiu.net\/wordpress\/wp-content\/uploads\/2020\/04\/01fadc6c-0712-4478-a617-1045a1aa6d8f-1024x768.jpg 1024w, https:\/\/www.radiopiu.net\/wordpress\/wp-content\/uploads\/2020\/04\/01fadc6c-0712-4478-a617-1045a1aa6d8f-768x576.jpg 768w, https:\/\/www.radiopiu.net\/wordpress\/wp-content\/uploads\/2020\/04\/01fadc6c-0712-4478-a617-1045a1aa6d8f-1536x1152.jpg 1536w, https:\/\/www.radiopiu.net\/wordpress\/wp-content\/uploads\/2020\/04\/01fadc6c-0712-4478-a617-1045a1aa6d8f.jpg 1984w\" sizes=\"auto, (max-width: 231px) 100vw, 231px\" \/><\/a>ALLEGHE<\/strong> Prima nel loro paese a Voltago, l&#8217;altro giorno a La Valle Agordina e ieri ad Alleghe. Il gruppo protezione civile che da poco ha preso nuovo vigore sotto all&#8217;Agner guidato da Giuseppe Schena continua a raccogliere consensi e ringraziamenti.<\/p>\n<blockquote><p><em>Un ringraziamento particolare al gruppo di protezione civile comunale di Voltago &#8211; ci scrive\u00a0 l&#8217;ex consigliere comunale e coordinatore protezione civile del gruppo di Allleghe, Gianluca Gaiardi\u00a0 &#8211;\u00a0 assieme al nostro gruppo di protezione civile di Alleghe\u00a0 ed i pompieri di Caprile ha provveduto alla disinfezione dei principali luoghi di Alleghe. Un doveroso grazie anche al nostro sindaco Danilo De Toni ed a Zampieri della Provincia&#8221;<\/em><\/p><\/blockquote>\n<p>Tra Alleghe e Voltago c&#8217;\u00e8 una bella amicizia assieme hanno\u00a0 mosso i primi passi di formazione con la regia dell&#8217;assessore Gianpaolo Bottacin nell&#8217;emergenza neve. L&#8217;iscrizione all&#8217;albo regionale riconosce l&#8217;impegno. La collaborazione con i\u00a0 Vigili del Fuoco Volontari\u00a0 di Caprile e il Soccorso Alpino di Alleghe \u00e8 ulteriormente gratificante e da energia a tutti i volontari.<\/p>\n<p>&nbsp;<\/p>\n<p>&nbsp;<\/p>\n<p>&nbsp;<\/p>\n<hr \/>\n<p>&nbsp;<\/p>\n<p>&nbsp;<\/p>\n<blockquote>\n<h3><strong>LA MONTAGNA E&#8217; PREPARATA PER LA RIPARTENZA<\/strong><\/h3>\n<\/blockquote>\n<p><strong><a class=\"dt-pswp-item\" href=\"https:\/\/www.radiopiu.net\/wordpress\/wp-content\/uploads\/2020\/04\/IMG_1869-Large.jpg\" data-dt-img-description=\"\" data-large_image_width=\"1620\" data-large_image_height=\"1080\"><img loading=\"lazy\" decoding=\"async\" class=\" wp-image-131022 alignleft\" src=\"https:\/\/www.radiopiu.net\/wordpress\/wp-content\/uploads\/2020\/04\/IMG_1869-Large-300x200.jpg\" alt=\"\" width=\"308\" height=\"205\" srcset=\"https:\/\/www.radiopiu.net\/wordpress\/wp-content\/uploads\/2020\/04\/IMG_1869-Large-300x200.jpg 300w, https:\/\/www.radiopiu.net\/wordpress\/wp-content\/uploads\/2020\/04\/IMG_1869-Large-1024x683.jpg 1024w, https:\/\/www.radiopiu.net\/wordpress\/wp-content\/uploads\/2020\/04\/IMG_1869-Large-768x512.jpg 768w, https:\/\/www.radiopiu.net\/wordpress\/wp-content\/uploads\/2020\/04\/IMG_1869-Large-1536x1024.jpg 1536w, https:\/\/www.radiopiu.net\/wordpress\/wp-content\/uploads\/2020\/04\/IMG_1869-Large.jpg 1620w\" sizes=\"auto, (max-width: 308px) 100vw, 308px\" \/><\/a>BELLUNO\u00a0<\/strong> Il coronavirus potrebbe essere la grande occasione di rilancio delle terre alte e delle Dolomiti bellunesi. Sembra un controsenso, ma non \u00e8 cos\u00ec. Perch\u00e9 la vacanza in montagna non si presta ad assembramenti e affollamenti; al contrario: \u00e8 considerata sicura e salubre anche dagli esperti. Quindi, il sistema bellunese \u00e8 pronto a giocarsi fino in fondo le carte per la stagione estiva. Anche con progetti mirati di valorizzazione e di promozione. \u00c8 quanto emerso dal direttivo della Dmo Dolomiti. Alla riunione, in videoconferenza, ha preso parte anche il nuovo consigliere provinciale con delega al turismo, Danilo De Toni. <em>\u00abLa montagna bellunese \u00e8 pronta a ripartire, dopo la chiusura anticipata della stagione invernale &#8211; afferma il presidente della Provincia, Roberto Padrin &#8211; la Provincia e la Dmo lavoreranno insieme, in collaborazione ai consorzi turistici delle diverse vallate bellunesi per non perdere la prossima stagione estiva. Anzi, per portare avanti una campagna promozionale che faccia leva sulla montagna sicura&#8221;.<\/em> Lo ha detto nei giorni scorsi anche Silvio Brusaferro, presidente dell&#8217;Istituto Superiore di Sanit\u00e0 e teorico del distanziamento sociale,<em> \u201cin montagna il rischio di contrarre il virus \u00e8 piuttosto basso, mentre se si va in contesti affollati \u00e8 diverso\u201d.<\/em> Per Giuliano Vantaggi direttore della Dmo sar\u00e0 importante fare leva sulla\u00a0 \u201cgrande bellezza\u201d\u00a0 \u00a0avendo\u00a0 le montagne pi\u00f9 belle del mondo, paesaggi, arte, cultura e gastronomia strepitosi. Sulla partita del rilancio turistico ci sar\u00e0 anche un impegno ancora pi\u00f9 deciso del Fondo Comuni di confine, e verr\u00e0 dato il supporto necessario agli operatori del territorio affinch\u00e9 sappiano come muoversi nei confronti della clientela che chiede informazioni.<\/p>\n<h3>IL PRESIDENTE DELLA PROVINCIA ROBERTO PADRIN<\/h3>\n<audio class=\"wp-audio-shortcode\" id=\"audio-130887-10\" preload=\"none\" style=\"width: 100%;\" controls=\"controls\"><source type=\"audio\/mpeg\" src=\"https:\/\/www.radiopiu.net\/wordpress\/wp-content\/uploads\/2020\/04\/dmo-vantaggi.mp3?_=10\" \/><a href=\"https:\/\/www.radiopiu.net\/wordpress\/wp-content\/uploads\/2020\/04\/dmo-vantaggi.mp3\">https:\/\/www.radiopiu.net\/wordpress\/wp-content\/uploads\/2020\/04\/dmo-vantaggi.mp3<\/a><\/audio>\n<p>&nbsp;<\/p>\n<p>&nbsp;<\/p>\n<hr \/>\n<h3><\/h3>\n<blockquote>\n<h3>NUOVI CRITERI PER L&#8217;APERTURA DEI MERCATI<\/h3>\n<\/blockquote>\n<p><strong><a class=\"dt-pswp-item\" href=\"https:\/\/www.radiopiu.net\/wordpress\/wp-content\/uploads\/2020\/04\/market-3466906__340.jpg\" data-dt-img-description=\"\" data-large_image_width=\"509\" data-large_image_height=\"340\"><img loading=\"lazy\" decoding=\"async\" class=\" wp-image-131019 alignleft\" src=\"https:\/\/www.radiopiu.net\/wordpress\/wp-content\/uploads\/2020\/04\/market-3466906__340-300x200.jpg\" alt=\"\" width=\"266\" height=\"177\" srcset=\"https:\/\/www.radiopiu.net\/wordpress\/wp-content\/uploads\/2020\/04\/market-3466906__340-300x200.jpg 300w, https:\/\/www.radiopiu.net\/wordpress\/wp-content\/uploads\/2020\/04\/market-3466906__340.jpg 509w\" sizes=\"auto, (max-width: 266px) 100vw, 266px\" \/><\/a>BELLUNO\u00a0<\/strong> Nuove regole per i mercati giornalieri e settimanali, limitatamente alla vendita di generi alimentari, di Piazza Duomo, Piazza delle Erbe e Pian delle Feste, a Castion. Quest&#8217;ultimo pu\u00f2 cos\u00ec tornare in attivit\u00e0 gi\u00e0 da domani, anche se in forma ridotta. I posteggi devono essere distanziati di almeno 20 metri l\u2019uno dall\u2019altro, perimetrati con transenne, nastro segnaletico o altro sistema, e avere un chiaro percorso di accesso, distinto dal percorso di uscita. I titolari delle attivit\u00e0 dovranno evitare che si formino assembramenti di clienti in attesa; dovranno anche verificare che venga rispettata la distanza sociale di almeno due metri, e che clienti e addetti alla vendita usino guanti e mascherine o altri dispositivi che garantiscano la copertura di naso e bocca. Se il cliente ne fosse sprovvisto, i dispositivi dovranno essere messi a disposizione dal venditore. Gli accessi, come nelle altre attivit\u00e0, dovranno essere scaglionati, consentendo l\u2019ingresso all\u2019area di vendita di una sola persona alla volta, fatta eccezione per le persone che necessitano di accompagnamento, come minori di 14 anni e disabili. Il provvedimento non interessa le aree di Cavarzano e di Piazza Piloni perch\u00e9 i due mercati insistono su aree di sosta, che non possono essere soppresse vista l&#8217;impossibilit\u00e0 per i cittadini di uscire solo per \u201cliberarle\u201d spostando l&#8217;auto, quindi senza valida motivazione; inoltre, a Cavarzano non sarebbe possibile far rispettare le distanze tra le attivit\u00e0 ed evitare possibili assembramenti.<\/p>\n<p><strong>AI MICROFONI DI RADIO PIU&#8217; L&#8217;ASSESSORE YUKI D&#8217;EMILIA<\/strong><\/p>\n<audio class=\"wp-audio-shortcode\" id=\"audio-130887-11\" preload=\"none\" style=\"width: 100%;\" controls=\"controls\"><source type=\"audio\/mpeg\" src=\"https:\/\/www.radiopiu.net\/wordpress\/wp-content\/uploads\/2020\/04\/YUKI.mp3?_=11\" \/><a href=\"https:\/\/www.radiopiu.net\/wordpress\/wp-content\/uploads\/2020\/04\/YUKI.mp3\">https:\/\/www.radiopiu.net\/wordpress\/wp-content\/uploads\/2020\/04\/YUKI.mp3<\/a><\/audio>\n<p>&nbsp;<\/p>\n<p>&nbsp;<\/p>\n<hr \/>\n<p>&nbsp;<\/p>\n<blockquote>\n<h2>La Montagna vive un\u2019emergenza inascoltata da troppo tempo<\/h2>\n<\/blockquote>\n<p><img decoding=\"async\" src=\"https:\/\/www.radiopiu.net\/wordpress\/wp-content\/uploads\/2015\/12\/20151218_lupo.jpg\" \/><strong>ALPAGO<\/strong>\u00a0 L&#8217; Amministrazione comunale di Chies d&#8217;Alpago\u00a0 assiste all\u2019ennesima razzia da parte dei lupi sul territorio e allo sconforto degli allevatori, nei quali sempre pi\u00f9 prende piede la triste idea di desistere.<em> &#8220;La maggior parte dei nostri allevatori\u00a0 &#8211; si legge in un documento sottoscritto in Comune -sono persone legate alla terra e alla pratica dell\u2019allevamento da una passione che ha radici secolari. Un\u2019attivit\u00e0 quindi che continua, nonostante non sia cos\u00ec remunerativa, affiancata spesso ad altri lavori e dove sono quest\u2019ultimi a garantire la sussistenza delle famiglie. Ma allora viene da chiedersi il perch\u00e9 di tanta preoccupazione da parte di un\u2019Amministrazione.\u00a0 Le motivazioni sono presto spiegate dalle note conseguenze derivanti dall\u2019abbandono e dall\u2019incuria del territorio montano, a partire innanzi tutto dal dissesto idrogeologico. I costi rischiano di diventare sul medio termine incalcolabili. A rischio non ci sono solo gli allevamenti, ma l\u2019intero futuro di una Comunit\u00e0 che da troppi anni vive l&#8217;emorragia continua dello popolamento per scelte che non dipendono da lei, sentendosi considerata alla stregua di un parco giochi di qualcun altro. La nostra montagna vive oggi in uno stato di emergenza in cui la questione lupo rappresenta forse la goccia che far\u00e0 traboccare il vaso, ma di emergenza si tratta, anche se meno sentita da chi non la sta vivendo sulla sua pelle, e come tale andrebbe trattata da chi di dovere.<\/em><\/p>\n<p>&nbsp;<\/p>\n<p>&nbsp;<\/p>\n<hr \/>\n<blockquote>\n<h3><\/h3>\n<h3>ULTIMATO IL LABORATORIO, IN PROGRAMMA IL CORSO PER PROTOTIPISTA<\/h3>\n<p><em>Il prototipista mette a punto il prototipo individuando il miglior procedimento di assemblaggio possibile e lo valuta in un\u2019ottica di produzione di serie, segnalando a designer e progettisti i difetti che potrebbero costituire problemi, anche difficili da affrontare, in fase di fabbricazione.<\/em><\/p><\/blockquote>\n<p><strong><em><a class=\"dt-pswp-item\" href=\"https:\/\/www.radiopiu.net\/wordpress\/wp-content\/uploads\/2020\/04\/PROTOTIPISTA-3.jpg\" data-dt-img-description=\"\" data-large_image_width=\"1280\" data-large_image_height=\"853\"><img loading=\"lazy\" decoding=\"async\" class=\" wp-image-130967 alignleft\" src=\"https:\/\/www.radiopiu.net\/wordpress\/wp-content\/uploads\/2020\/04\/PROTOTIPISTA-3-300x200.jpg\" alt=\"\" width=\"191\" height=\"127\" srcset=\"https:\/\/www.radiopiu.net\/wordpress\/wp-content\/uploads\/2020\/04\/PROTOTIPISTA-3-300x200.jpg 300w, https:\/\/www.radiopiu.net\/wordpress\/wp-content\/uploads\/2020\/04\/PROTOTIPISTA-3-1024x682.jpg 1024w, https:\/\/www.radiopiu.net\/wordpress\/wp-content\/uploads\/2020\/04\/PROTOTIPISTA-3-768x512.jpg 768w, https:\/\/www.radiopiu.net\/wordpress\/wp-content\/uploads\/2020\/04\/PROTOTIPISTA-3.jpg 1280w\" sizes=\"auto, (max-width: 191px) 100vw, 191px\" \/><\/a><\/em>LONGARONE\u00a0 <\/strong>Certottica ha realizzato un laboratorio dedicato alla prototipazione, e ora \u00e8 ai blocchi di partenza il primo percorso formativo dedicato. Destinato a 12 disoccupati in possesso di diploma o di attestato di qualifica professionale, si articoler\u00e0 in 484 ore di formazione specialistica in aula, 16 ore di orientamento al ruolo (individuale e di gruppo), 8 ore di visita di studio in territorio regionale, 16 ore di laboratorio esperienziale e 400 ore di tirocinio in aziende del settore occhialeria. E&#8217; \u00a0totalmente gratuito, in quanto rientra tra quelli finanziati dal protocollo d\u2019intesa tra Regione del Veneto e Anfao nel solco del Fondo Sociale Europeo. Al termine dell\u2019iter ogni candidato sar\u00e0 in grado di realizzare il prototipo finito di un occhiale eseguendo lavorazioni manuali, utilizzando macchinari ed attrezzature per ottenere il prodotto previsto a seconda della tipologia del modello. La richiesta di ammissione alla selezione dovr\u00e0 essere presentata entro il 26 maggio 2020 inviando un\u2019email all\u2019indirizzo formazione@certottica.it. Informazioni allo 0437\/573157.<\/p>\n<p>&nbsp;<\/p>\n<p>&nbsp;<\/p>\n<p>&nbsp;<\/p>\n<hr \/>\n<p>&nbsp;<\/p>\n<p>&nbsp;<\/p>\n<p>&nbsp;<\/p>\n<h3>BONOMI PRESIDENTE DESIGNATO DI CONFINDUSTRIA \u2013 BERTON: \u201cRIPARTIRE \u00c8 L\u2019IMPERATIVO CATEGORICO. LA POLITICA CI ASCOLTI SUBITO O SAR\u00c0 LA FINE DEL MADE IN ITALY\u201d<\/h3>\n<p><strong><a class=\"dt-pswp-item\" href=\"https:\/\/www.radiopiu.net\/wordpress\/wp-content\/uploads\/2020\/04\/Bonomi-Berton.jpg\" data-dt-img-description=\"\" data-large_image_width=\"960\" data-large_image_height=\"539\"><img loading=\"lazy\" decoding=\"async\" class=\"size-medium wp-image-130960 alignleft\" src=\"https:\/\/www.radiopiu.net\/wordpress\/wp-content\/uploads\/2020\/04\/Bonomi-Berton-300x168.jpg\" alt=\"\" width=\"300\" height=\"168\" srcset=\"https:\/\/www.radiopiu.net\/wordpress\/wp-content\/uploads\/2020\/04\/Bonomi-Berton-300x168.jpg 300w, https:\/\/www.radiopiu.net\/wordpress\/wp-content\/uploads\/2020\/04\/Bonomi-Berton-768x431.jpg 768w, https:\/\/www.radiopiu.net\/wordpress\/wp-content\/uploads\/2020\/04\/Bonomi-Berton.jpg 960w\" sizes=\"auto, (max-width: 300px) 100vw, 300px\" \/><\/a>BELLUNO<\/strong> <em>&#8220;Carlo Bonomi \u00e8 chiamato a guidare un passaggio cruciale per l\u2019economia di questo Paese. In ballo c\u2019\u00e8 il futuro delle nostre imprese e del Made in Italy. Dobbiamo fare squadra come mai prima d\u2019ora e pretendere dalla politica, a tutti i livelli istituzionali, quelle risposte che tardano ad arrivare e che non solo sono urgenti ma vitali\u201d. <\/em>Cos\u00ec la presidente di Confindustria Belluno Dolomiti Lorraine Berton saluta la designazione di Carlo Bonomi a nuovo presidente di Confindustria.\u00a0 <em>\u201cCon questo passaggio di consegne gli industriali italiani lanciano l\u2019ennesimo segnale di coesione e unitariet\u00e0 dopo un confronto serrato e contrassegnato dalla massima operativit\u00e0. Ora Bonomi ha pieno mandato per rappresentarci in ogni tavolo e sostenere le ragioni di chi produce e manda avanti l\u2019economia\u201d. <\/em>Lo stesso Bonomi aveva presenziato all\u2019Assemblea generale degli industriali bellunesi il 28 gennaio scorso al teatro comunale di Belluno. <em>\u201cLe Olimpiadi del 2026 devono rimanere uno dei nostri fari, ora per\u00f2 dobbiamo sbloccare tutte le attivit\u00e0 produttive il prima possibile, lanciando un messaggio di fiducia e affidabilit\u00e0 ai nostri fornitori esteri, ribadendo la nostra eccellenza e il nostro ruolo all\u2019interno delle catene di approvvigionamento\u201d.<\/em><\/p>\n<p>&nbsp;<\/p>\n<p>&nbsp;<\/p>\n<hr \/>\n<h3><\/h3>\n<blockquote>\n<h3>GIOCO DI SQUADRA TRA FONDO WELFARE E COMITATO D\u2019INTESA: PARTE #AIUTIAMOCIBELLUNO, RACCOLTA FONDI PER L\u2019EMERGENZA CORONAVIRUS<\/h3>\n<\/blockquote>\n<p><strong>BELLUNO<\/strong> Fondo Welfare pi\u00f9 Comitato d\u2019Intesa: il tandem avvia la gara di solidariet\u00e0 per far ripartire il Bellunese. E apre alle donazioni per la raccolta di fondi da destinare al post-coronavirus.\u00a0 Il numero di persone che in queste settimane si sono rivolte ai Comuni per il \u201cbonus spesa\u201d \u00e8 significativo. <em>\u00abIn una prima raccolta dei dati ci risultano almeno 70 domande nel Comune di Val di Zoldo, per circa 180 persone; 95 domande a Longarone, per 300 persone, e richieste continue nei Comuni pi\u00f9 grandi, come Belluno, dove si sono superate le mille domande &#8211; spiega la presidente del Fondo Welfare, Francesca De Biasi -. Per questo abbiamo pensato di rimettere in gioco la stessa solidariet\u00e0 che si era mossa durante l\u2019emergenza Vaia&#8221;<\/em>\u2019 L&#8217;obiettivo dell\u2019iniziativa #AiutiamociBelluno \u00e8 proprio quello di limitare i disagi economici delle famiglie bellunesi (anche monocomponenti) dovute alla mancanza di liquidit\u00e0. La raccolta di fondi avviene tramite lo strumento dell\u2019erogazione liberale, che gode delle agevolazioni fiscali.\u00a0 L\u2019IBAN del conto corrente dedicato \u00e8 IT84N0200811910000105892344. La causale \u201cemergenza Covid19\u00bb.<\/p>\n<p><strong>LA PRESIDENTE DEL FONDO WELFARE FRANCESCA DE BIASI<\/strong><\/p>\n<audio class=\"wp-audio-shortcode\" id=\"audio-130887-12\" preload=\"none\" style=\"width: 100%;\" controls=\"controls\"><source type=\"audio\/mpeg\" src=\"https:\/\/www.radiopiu.net\/wordpress\/wp-content\/uploads\/2020\/04\/francesca-walfare.mp3?_=12\" \/><a href=\"https:\/\/www.radiopiu.net\/wordpress\/wp-content\/uploads\/2020\/04\/francesca-walfare.mp3\">https:\/\/www.radiopiu.net\/wordpress\/wp-content\/uploads\/2020\/04\/francesca-walfare.mp3<\/a><\/audio>\n<p>&nbsp;<\/p>\n<p>&nbsp;<\/p>\n<p>&nbsp;<\/p>\n<hr \/>\n<p>&nbsp;<\/p>\n<blockquote>\n<h3>QUEL GRUPPO DI PROTEZIONE CIVILE CHE SI FA BEN VOLERE ANCHE FUORI DAL PROPRIO COMUNE E QUELLA ENERGETICA COLLABORAZIONE TRA VOLONTARI<\/h3>\n<\/blockquote>\n<p><strong><a class=\"dt-pswp-item\" href=\"https:\/\/www.radiopiu.net\/wordpress\/wp-content\/uploads\/2020\/04\/01fadc6c-0712-4478-a617-1045a1aa6d8f.jpg\" data-dt-img-description=\"\" data-large_image_width=\"1984\" data-large_image_height=\"1488\"><img loading=\"lazy\" decoding=\"async\" class=\" wp-image-131061 alignleft\" src=\"https:\/\/www.radiopiu.net\/wordpress\/wp-content\/uploads\/2020\/04\/01fadc6c-0712-4478-a617-1045a1aa6d8f-300x225.jpg\" alt=\"\" width=\"231\" height=\"174\" srcset=\"https:\/\/www.radiopiu.net\/wordpress\/wp-content\/uploads\/2020\/04\/01fadc6c-0712-4478-a617-1045a1aa6d8f-300x225.jpg 300w, https:\/\/www.radiopiu.net\/wordpress\/wp-content\/uploads\/2020\/04\/01fadc6c-0712-4478-a617-1045a1aa6d8f-1024x768.jpg 1024w, https:\/\/www.radiopiu.net\/wordpress\/wp-content\/uploads\/2020\/04\/01fadc6c-0712-4478-a617-1045a1aa6d8f-768x576.jpg 768w, https:\/\/www.radiopiu.net\/wordpress\/wp-content\/uploads\/2020\/04\/01fadc6c-0712-4478-a617-1045a1aa6d8f-1536x1152.jpg 1536w, https:\/\/www.radiopiu.net\/wordpress\/wp-content\/uploads\/2020\/04\/01fadc6c-0712-4478-a617-1045a1aa6d8f.jpg 1984w\" sizes=\"auto, (max-width: 231px) 100vw, 231px\" \/><\/a>ALLEGHE<\/strong> Prima nel loro paese a Voltago, l&#8217;altro giorno a La Valle Agordina e ieri ad Alleghe. Il gruppo protezione civile che da poco ha preso nuovo vigore sotto all&#8217;Agner guidato da Giuseppe Schena continua a raccogliere consensi e ringraziamenti.<\/p>\n<blockquote><p><em>Un ringraziamento particolare al gruppo di protezione civile comunale di Voltago &#8211; ci scrive\u00a0 l&#8217;ex consigliere comunale e coordinatore protezione civile del gruppo di Allleghe, Gianluca Gaiardi\u00a0 &#8211;\u00a0 assieme al nostro gruppo di protezione civile di Alleghe\u00a0 ed i pompieri di Caprile ha provveduto alla disinfezione dei principali luoghi di Alleghe. Un doveroso grazie anche al nostro sindaco Danilo De Toni ed a Zampieri della Provincia&#8221;<\/em><\/p><\/blockquote>\n<p>Tra Alleghe e Voltago c&#8217;\u00e8 una bella amicizia assieme hanno\u00a0 mosso i primi passi di formazione con la regia dell&#8217;assessore Gianpaolo Bottacin nell&#8217;emergenza neve. L&#8217;iscrizione all&#8217;albo regionale riconosce l&#8217;impegno. La collaborazione con i\u00a0 Vigili del Fuoco Volontari\u00a0 di Caprile e il Soccorso Alpino di Alleghe \u00e8 ulteriormente gratificante e da energia a tutti i volontari.<\/p>\n<p>&nbsp;<\/p>\n<p>&nbsp;<\/p>\n<p>&nbsp;<\/p>\n<hr \/>\n<p>&nbsp;<\/p>\n<p>&nbsp;<\/p>\n<h3>4 CIACOLE SU AGORDO PIACE, AD AGORDO PROLOCO PER IL RILANCIO DI AGORDO<\/h3>\n<p>&nbsp;<\/p>\n<p><strong>DI GIANNI SANTOMASO<\/strong><\/p>\n<audio class=\"wp-audio-shortcode\" id=\"audio-130887-13\" preload=\"none\" style=\"width: 100%;\" controls=\"controls\"><source type=\"audio\/mpeg\" src=\"https:\/\/www.radiopiu.net\/wordpress\/wp-content\/uploads\/2020\/04\/GIANNI-NIENTE-SAN-PIERO.mp3?_=13\" \/><a href=\"https:\/\/www.radiopiu.net\/wordpress\/wp-content\/uploads\/2020\/04\/GIANNI-NIENTE-SAN-PIERO.mp3\">https:\/\/www.radiopiu.net\/wordpress\/wp-content\/uploads\/2020\/04\/GIANNI-NIENTE-SAN-PIERO.mp3<\/a><\/audio>\n<p>&nbsp;<\/p>\n<h2>LO SPAZIO SUL SITO DI RADIO PIU<\/h2>\n<blockquote class=\"wp-embedded-content\" data-secret=\"OJ9s9IbUS4\"><p><a href=\"https:\/\/www.radiopiu.net\/wordpress\/quatro-ciacole-su-agort\/\">Quatro ci\u00e0cole su Agort<\/a><\/p><\/blockquote>\n<p><iframe loading=\"lazy\" title=\"&#8220;Quatro ci\u00e0cole su Agort&#8221; &#8212; Radio Pi\u00f9\" class=\"wp-embedded-content\" sandbox=\"allow-scripts\" security=\"restricted\" style=\"position: absolute; clip: rect(1px, 1px, 1px, 1px);\" src=\"https:\/\/www.radiopiu.net\/wordpress\/quatro-ciacole-su-agort\/embed\/#?secret=OJ9s9IbUS4\" data-secret=\"OJ9s9IbUS4\" width=\"600\" height=\"338\" frameborder=\"0\" marginwidth=\"0\" marginheight=\"0\" scrolling=\"no\"><\/iframe><\/p>\n<p>&nbsp;<\/p>\n<hr \/>\n<h3><\/h3>\n<p>&nbsp;<\/p>\n<blockquote>\n<h3>CONFEDILIZIA: Sugli affitti occorre resistere alla tentazione di spostare il problema da un privato ad un altro<\/h3>\n<\/blockquote>\n<p><strong>BELLUNO<\/strong> \u201cIn questa fase di grande difficolt\u00e0 per tutti, vi \u00e8 un\u2019esigenza che il Governo e il Parlamento dovrebbero considerare con la dovuta attenzione: quella di salvaguardare le imprese e le famiglie che svolgono la funzione economica e sociale dell\u2019affitto.\u201d Cos\u00ec riferisce in un comunicato stampa il presidente della Confedilizia Veneta Michele Vigne che prosegue dicendo: \u201cQuanto al settore non abitativo, il decreto Liquidit\u00e0 (emanato il 9 aprile) ha aggiunto un tassello non di poco conto nel sostegno alle attivit\u00e0 di impresa, tale da rappresentare, attraverso la garanzia dello Stato ai finanziamenti bancari, un ausilio rilevante, fra l\u2019altro, per il pagamento dei canoni di locazione da parte degli esercenti. In precedenza, con il decreto Cura Italia (emanato il 17 marzo), un\u2019ampia platea di operatori aveva ottenuto uno specifico supporto costituito dal credito di imposta pari al 60% dell\u2019ammontare del canone di locazione relativo al mese di marzo in favore dei conduttori di locali commerciali rientranti nella sola categoria catastale C\/1. C\u2019\u00e8 bisogno di fare di pi\u00f9, nell\u2019interesse di entrambe le parti dei contratti e dell\u2019intera economia.\u201d Sottolinea Vigne, che si sofferma su due necessarie proposte: \u201cSi rivelano oggi pi\u00f9 che mai indispensabili due misure che gi\u00e0 prima della crisi si erano dimostrate necessarie ed urgenti, vista anche la situazione critica del commercio: l\u2019estensione a tutte le locazioni non abitative in essere della cedolare secca, che ora avrebbe l\u2019ulteriore vantaggio di incentivare le revisioni dei contratti e di facilitare gli accordi fra le parti, e l\u2019eliminazione dell\u2019assurda regola della tassazione dei canoni non percepiti.\u201d Per quanto concerne il comparto abitativo, prosegue Vigne, \u201cConfedilizia ha condiviso la proposta del sindacato inquilini Sunia, mirante al rifinanziamento del fondo di sostegno all\u2019affitto e all\u2019assegnazione direttamente ai locatori dei contributi, con procedure semplificate e senza orpelli burocratici, mentre abbiamo manifestato la nostra contrariet\u00e0 a misure demagogiche come la sospensione degli sfratti. Infine \u2013 conclude Vigne \u2013 \u201csullo sfondo resta il problema dell\u2019Imu. \u00c8 una patrimoniale iniqua e dannosa, il cui peso diventa ancora pi\u00f9 insopportabile quando vengono a mancare, come sta avvenendo in questo periodo di gravissima crisi, le ultime risorse (spesse volte un reddito da lavoro, in presenza di beni improduttivi) per farvi fronte. Ne approfittino i politici a porci seriamente mano!\u201c<\/p>\n<p>&nbsp;<\/p>\n<hr \/>\n<h3><\/h3>\n<p>&nbsp;<\/p>\n<blockquote>\n<h3>UNA DOTTORESSA CHE LASCIA IL CADORE<\/h3>\n<\/blockquote>\n<p><strong>SANTO STEFANO<\/strong>\u00a0 Dal 30 aprile\u00a0 la dottoressa Giulia Ghirardo, unica pediatra di libera scelta dell&#8217;ambito territoriale dei Comuni di Santo Stefano di Cadore, San Pietro di Cadore, San Nicol\u00f2 Comelico, Danta di Cadore e Comelico Superiore, cesser\u00e0 la propria attivit\u00e0 per trasferimento presso altra Azienda ULSS. L\u2019assistenza medica gratuita sar\u00e0 temporaneamente garantita dai medici della Medicina di Gruppo Integrata del Comelico fino ad inserimento di un nuovo pediatra. E\u2019 pertanto necessario effettuare la scelta di uno dei medici di assistenza primaria dell\u2019ambito territoriale sopra indicato secondo le modalit\u00e0 riportate nella nota inviata in questi giorni agli assistiti. Per qualsiasi informazione \u00e8 possibile rivolgersi all\u2019ufficio sub-distrettuale di Santo Stefano di Cadore contattando il seguente numero telefonico 0435. 62438.<\/p>\n<p>&nbsp;<\/p>\n<p>&nbsp;<\/p>\n<hr \/>\n<p>&nbsp;<\/p>\n<blockquote>\n<h3>ASCA RICERCA PERSONALE INFERMIERISTICO<\/h3>\n<\/blockquote>\n<p><strong class=\"photoswipe-wrapper\"><img loading=\"lazy\" decoding=\"async\" class=\"alignleft size-full wp-image-53885 jetpack-lazy-image jetpack-lazy-image--handled\" src=\"https:\/\/i0.wp.com\/www.radiopiu.net\/wordpress\/wp-content\/uploads\/2018\/07\/logo-asca.png?resize=182%2C100&amp;ssl=1\" alt=\"\" width=\"182\" height=\"100\" data-lazy-loaded=\"1\" \/>AGORDO\u00a0<\/strong>ASCA ha indetto una nuova selezione pubblica finalizzata alla formulazione di una graduatoria di idoneit\u00e0 utile all\u2019inserimento a tempo indeterminato e determinato a tempo pieno presso la RSA di Agordo di INFERMIERE<strong>.\u00a0<\/strong>Le modalit\u00e0 di presentazione della domanda si trovano sulla home page del sito aziendale\u00a0www.servizisocialiasca.it\u00a0Il termine ultimo per la presentazione delle candidature \u00e8 fissato entro e non oltre le ore 12.00\u00a0del giorno 15 maggio 2020.<\/p>\n<p>&nbsp;<\/p>\n<p>&nbsp;<\/p>\n<p>&nbsp;<\/p>\n<hr \/>\n<p>&nbsp;<\/p>\n<p>&nbsp;<\/p>\n<p>&nbsp;<\/p>\n<h3>Torna a Belluno il volume della biblioteca Piloni dipinto da Cesare Vecellio!<\/h3>\n<p><strong><a class=\"dt-pswp-item\" href=\"https:\/\/www.radiopiu.net\/wordpress\/wp-content\/uploads\/2020\/04\/Volume-Scriptores-historiae-Augustae.jpg\" data-dt-img-description=\"\" data-large_image_width=\"2364\" data-large_image_height=\"1500\"><img loading=\"lazy\" decoding=\"async\" class=\" wp-image-131038 alignleft\" src=\"https:\/\/www.radiopiu.net\/wordpress\/wp-content\/uploads\/2020\/04\/Volume-Scriptores-historiae-Augustae-300x190.jpg\" alt=\"\" width=\"207\" height=\"131\" srcset=\"https:\/\/www.radiopiu.net\/wordpress\/wp-content\/uploads\/2020\/04\/Volume-Scriptores-historiae-Augustae-300x190.jpg 300w, https:\/\/www.radiopiu.net\/wordpress\/wp-content\/uploads\/2020\/04\/Volume-Scriptores-historiae-Augustae-1024x650.jpg 1024w, https:\/\/www.radiopiu.net\/wordpress\/wp-content\/uploads\/2020\/04\/Volume-Scriptores-historiae-Augustae-768x487.jpg 768w, https:\/\/www.radiopiu.net\/wordpress\/wp-content\/uploads\/2020\/04\/Volume-Scriptores-historiae-Augustae-1536x975.jpg 1536w, https:\/\/www.radiopiu.net\/wordpress\/wp-content\/uploads\/2020\/04\/Volume-Scriptores-historiae-Augustae-2048x1299.jpg 2048w\" sizes=\"auto, (max-width: 207px) 100vw, 207px\" \/><\/a>BELLUNO<\/strong> La Biblioteca civica di Belluno comunica che, grazie al sostegno concreto di molti enti, associazioni, istituzioni e cittadini, sono stati raggiunti i 36.000 euro necessari per acquistare il prezioso volume &#8220;Scriptores historiae Augustae&#8221; di Svetonius Tranquillus Gaius, Basilea, Froben et Nicolaus Episcopius, Julii 1533. Si tratta di un&#8217;edizione critica dell&#8217;opera del biografo latino curata dagli umanisti Giovan Battista Egnazio e Erasmo da Rotterdam. L&#8217;obiettivo \u00e8 quindi raggiunto, e torner\u00e0 presto a Belluno presso la Biblioteca civica un altro (il quarto) dei libri dipinti sui tagli e sui piatti da Cesare Vecellio, facenti parte dell&#8217;antica biblioteca della nobile famiglia Piloni. Con l&#8217;arrivo di questo esemplare la Biblioteca civica di Belluno arricchisce la sua importante collezione libraria e diventa la biblioteca europea che conserva il maggior numero di volumi della Biblioteca Piloni, precedendo la Bibliot\u00e8que nationale de France che ne conserva tre.<\/p>\n<p>&nbsp;<\/p>\n<p>&nbsp;<\/p>\n<hr \/>\n<h2><\/h2>\n<p>&nbsp;<\/p>\n<h2><span style=\"color: #ff0000;\">LA LETTERA<\/span><\/h2>\n<p><strong>Simona Zanella_Feltre<\/strong><\/p>\n<blockquote><p><em>Personalmente sono molto preoccupata da questa nuova vita che ci aspetta. Sono una persona cieca e per me, come per tutte le persone con una disabilit\u00e0 visiva, il distanziamento sociale e l\u2019uso dei guanti potrebbe essere davvero deleterio. Ovviamente uso di pi\u00f9 il tatto ma attraverso i guanti, anche se sottili, certe cose non si riescono pi\u00f9 a distinguere e comunque manca il contatto diretto con la superficie che si va a toccare. Non Toccare poi vuol dire anche non poter avvicinarsi alle altre persone e quindi queste restano per me lontane, persone delle quali non posso farmi neanche una piccola idea. Ovviamente il contatto umano \u00e8 importante per tutti, per\u00f2, ad esempio in questo periodo dove si facevano le telefonate video per poter almeno guardare le persone che non si possono andare a trovare, beh, mi sono sentita un po\u2019 sola. Stare a distanza di 1 m\u2026 A parte che calcolare 1 m senza vedere non \u00e8 semplicissimo, ma come faccio a farmi accompagnare? Le persone si fermeranno ancora a darci una mano oppure avranno paura semplicemente di avvicinarsi e quindi non ci chiederanno neanche pi\u00f9 se abbiamo bisogno di qualcosa quando siamo per strada? Intendiamoci, non \u00e8 che mi sto piangendo addosso, Luisa mi conosce, ma sono considerazioni che vengono fatte in questi giorni tra noi ciechi. Pensiamo anche alle persone sorde che sono abituate a leggere le labbra per comprendere cosa l\u2019altro gli sta dicendo e mi chiedo come faranno se tutti indosseranno le mascherine. Spero solo che questa situazione non duri troppo a lungo, che si trovi un bacino, e in modo che si possa tornare a starci davvero vicini<\/em><\/p><\/blockquote>\n<p><strong>AUDIO LUISA ALCHINI<\/strong><\/p>\n<audio class=\"wp-audio-shortcode\" id=\"audio-130887-14\" preload=\"none\" style=\"width: 100%;\" controls=\"controls\"><source type=\"audio\/mpeg\" src=\"https:\/\/www.radiopiu.net\/wordpress\/wp-content\/uploads\/2020\/04\/Simona-non-vedente-ai-tempi-del-cornavirus.mp3?_=14\" \/><a href=\"https:\/\/www.radiopiu.net\/wordpress\/wp-content\/uploads\/2020\/04\/Simona-non-vedente-ai-tempi-del-cornavirus.mp3\">https:\/\/www.radiopiu.net\/wordpress\/wp-content\/uploads\/2020\/04\/Simona-non-vedente-ai-tempi-del-cornavirus.mp3<\/a><\/audio>\n<p>&nbsp;<\/p>\n<p>&nbsp;<\/p>\n<hr \/>\n<p>&nbsp;<\/p>\n<blockquote class=\"wp-embedded-content\" data-secret=\"cO4LtGoVcg\"><p><a href=\"https:\/\/www.radiopiu.net\/wordpress\/il-sergente-maggiore-bellunese-medaglia-doro-gildo-dal-pan-di-renato-bona\/\">IL SERGENTE MAGGIORE BELLUNESE MEDAGLIA D\u2019ORO  \u201cGILDO\u201d DAL PAN di Renato Bona<\/a><\/p><\/blockquote>\n<p><iframe loading=\"lazy\" title=\"&#8220;IL SERGENTE MAGGIORE BELLUNESE MEDAGLIA D\u2019ORO  \u201cGILDO\u201d DAL PAN di Renato Bona&#8221; &#8212; Radio Pi\u00f9\" class=\"wp-embedded-content\" sandbox=\"allow-scripts\" security=\"restricted\" style=\"position: absolute; clip: rect(1px, 1px, 1px, 1px);\" src=\"https:\/\/www.radiopiu.net\/wordpress\/il-sergente-maggiore-bellunese-medaglia-doro-gildo-dal-pan-di-renato-bona\/embed\/#?secret=cO4LtGoVcg\" data-secret=\"cO4LtGoVcg\" width=\"600\" height=\"338\" frameborder=\"0\" marginwidth=\"0\" marginheight=\"0\" scrolling=\"no\"><\/iframe><\/p>\n<p>&nbsp;<\/p>\n<hr \/>\n<p>&nbsp;<\/p>\n<h2>IERI ALLA RADIO<\/h2>\n<p><a class=\"dt-pswp-item\" href=\"https:\/\/www.radiopiu.net\/wordpress\/wp-content\/uploads\/2020\/04\/MICHIL-COSTA.jpg\" data-dt-img-description=\"\" data-large_image_width=\"664\" data-large_image_height=\"1000\"><img loading=\"lazy\" decoding=\"async\" class=\"alignleft size-medium wp-image-130907\" src=\"https:\/\/www.radiopiu.net\/wordpress\/wp-content\/uploads\/2020\/04\/MICHIL-COSTA-199x300.jpg\" alt=\"\" width=\"199\" height=\"300\" srcset=\"https:\/\/www.radiopiu.net\/wordpress\/wp-content\/uploads\/2020\/04\/MICHIL-COSTA-199x300.jpg 199w, https:\/\/www.radiopiu.net\/wordpress\/wp-content\/uploads\/2020\/04\/MICHIL-COSTA.jpg 664w\" sizes=\"auto, (max-width: 199px) 100vw, 199px\" \/><\/a><strong>DALLA VAL BADIA MICHIL COSTA, PREVISIONI PER L&#8217;ESTATE IN TEMPI DI CORONAVIRUS<\/strong><\/p>\n<p><strong>di Claudio Fontanive<\/strong><\/p>\n<audio class=\"wp-audio-shortcode\" id=\"audio-130887-15\" preload=\"none\" style=\"width: 100%;\" controls=\"controls\"><source type=\"audio\/mpeg\" src=\"https:\/\/www.radiopiu.net\/wordpress\/wp-content\/uploads\/2020\/04\/michil-costa.mp3?_=15\" \/><a href=\"https:\/\/www.radiopiu.net\/wordpress\/wp-content\/uploads\/2020\/04\/michil-costa.mp3\">https:\/\/www.radiopiu.net\/wordpress\/wp-content\/uploads\/2020\/04\/michil-costa.mp3<\/a><\/audio>\n<p>&nbsp;<\/p>\n<hr \/>\n<p>&nbsp;<\/p>\n<p>&nbsp;<\/p>\n<p><a class=\"dt-pswp-item\" href=\"https:\/\/www.radiopiu.net\/wordpress\/wp-content\/uploads\/2020\/04\/NADIA-BULF-PARAFARMACIA.jpg\" data-dt-img-description=\"\" data-large_image_width=\"1440\" data-large_image_height=\"1690\"><img loading=\"lazy\" decoding=\"async\" class=\"alignleft size-medium wp-image-130900\" src=\"https:\/\/www.radiopiu.net\/wordpress\/wp-content\/uploads\/2020\/04\/NADIA-BULF-PARAFARMACIA-256x300.jpg\" alt=\"\" width=\"256\" height=\"300\" srcset=\"https:\/\/www.radiopiu.net\/wordpress\/wp-content\/uploads\/2020\/04\/NADIA-BULF-PARAFARMACIA-256x300.jpg 256w, https:\/\/www.radiopiu.net\/wordpress\/wp-content\/uploads\/2020\/04\/NADIA-BULF-PARAFARMACIA-873x1024.jpg 873w, https:\/\/www.radiopiu.net\/wordpress\/wp-content\/uploads\/2020\/04\/NADIA-BULF-PARAFARMACIA-768x901.jpg 768w, https:\/\/www.radiopiu.net\/wordpress\/wp-content\/uploads\/2020\/04\/NADIA-BULF-PARAFARMACIA-1309x1536.jpg 1309w, https:\/\/www.radiopiu.net\/wordpress\/wp-content\/uploads\/2020\/04\/NADIA-BULF-PARAFARMACIA.jpg 1440w\" sizes=\"auto, (max-width: 256px) 100vw, 256px\" \/><\/a><strong>LA PARAFARMACIA AD AGORDO CON NADIA BULF<\/strong><\/p>\n<p><strong>di Claudio Fontanive<\/strong><\/p>\n<audio class=\"wp-audio-shortcode\" id=\"audio-130887-16\" preload=\"none\" style=\"width: 100%;\" controls=\"controls\"><source type=\"audio\/mpeg\" src=\"https:\/\/www.radiopiu.net\/wordpress\/wp-content\/uploads\/2020\/04\/nadia-bulf-venerdi-seconda-parte.mp3?_=16\" \/><a href=\"https:\/\/www.radiopiu.net\/wordpress\/wp-content\/uploads\/2020\/04\/nadia-bulf-venerdi-seconda-parte.mp3\">https:\/\/www.radiopiu.net\/wordpress\/wp-content\/uploads\/2020\/04\/nadia-bulf-venerdi-seconda-parte.mp3<\/a><\/audio>\n<p>&nbsp;<\/p>\n<h3><span style=\"color: #ff00ff;\">IN VIVO VERSO<\/span><\/h3>\n<blockquote class=\"wp-embedded-content\" data-secret=\"mawo1iARxm\"><p><a href=\"https:\/\/www.radiopiu.net\/wordpress\/il-sole-di-gisella-canzian\/\">IL SOLE di GISELLA CANZIAN<\/a><\/p><\/blockquote>\n<p><iframe loading=\"lazy\" title=\"&#8220;IL SOLE di GISELLA CANZIAN&#8221; &#8212; Radio Pi\u00f9\" class=\"wp-embedded-content\" sandbox=\"allow-scripts\" security=\"restricted\" style=\"position: absolute; clip: rect(1px, 1px, 1px, 1px);\" src=\"https:\/\/www.radiopiu.net\/wordpress\/il-sole-di-gisella-canzian\/embed\/#?secret=mawo1iARxm\" data-secret=\"mawo1iARxm\" width=\"600\" height=\"338\" frameborder=\"0\" marginwidth=\"0\" marginheight=\"0\" scrolling=\"no\"><\/iframe><\/p>\n<h2>COLLEZIONE COMPLETA<\/h2>\n<p><iframe loading=\"lazy\" class=\"wp-embedded-content\" title=\"\u201cIn Vivo Verso\u201d \u2014 Radio Pi\u00f9\" src=\"https:\/\/www.radiopiu.net\/wordpress\/in-vivo-verso\/embed\/#?secret=NaF4sdAhPS\" width=\"600\" height=\"200\" frameborder=\"0\" marginwidth=\"0\" marginheight=\"0\" scrolling=\"no\" sandbox=\"allow-scripts\" data-secret=\"NaF4sdAhPS\" data-mce-fragment=\"1\"><\/iframe><\/p>\n<h3><\/h3>\n<h3><\/h3>\n<hr \/>\n<h3><\/h3>\n<h3><span style=\"color: #ff0000;\">DUE MINUTI UN LIBRO<\/span><\/h3>\n<p>&nbsp;<\/p>\n<h2>LE ALTRE PUNTATE<\/h2>\n<p><iframe loading=\"lazy\" class=\"wp-embedded-content\" title=\"\u201cDue minuti un libro\u201d \u2014 Radio Pi\u00f9\" src=\"https:\/\/www.radiopiu.net\/wordpress\/due-minuti-un-libro\/embed\/#?secret=HZQp6sP6GS\" width=\"600\" height=\"251\" frameborder=\"0\" marginwidth=\"0\" marginheight=\"0\" scrolling=\"no\" sandbox=\"allow-scripts\" data-secret=\"HZQp6sP6GS\" data-mce-fragment=\"1\"><\/iframe><\/p>\n<h3><\/h3>\n<p>&nbsp;<\/p>\n<hr \/>\n<h3><\/h3>\n<p>&nbsp;<\/p>\n<h3><span style=\"color: #339966;\">AGORDINOMERON<\/span><\/h3>\n<p><iframe loading=\"lazy\" class=\"wp-embedded-content\" title=\"\u201cAGORDINOMERON, IL TERRITORIO SI RACCONTA Da un\u2019idea di Gianni Santomaso\u201d \u2014 Radio Pi\u00f9\" src=\"https:\/\/www.radiopiu.net\/wordpress\/agordinomeron\/embed\/#?secret=UvrWyUbFRC\" width=\"600\" height=\"346\" frameborder=\"0\" marginwidth=\"0\" marginheight=\"0\" scrolling=\"no\" sandbox=\"allow-scripts\" data-secret=\"UvrWyUbFRC\" data-mce-fragment=\"1\"><\/iframe><\/p>\n<h3><\/h3>\n<p>&nbsp;<\/p>\n<hr \/>\n<h3><\/h3>\n<p>&nbsp;<\/p>\n<h3><span style=\"color: #808080;\"><strong>IL MESSAGGIO DEI SACERDOTI SU RADIO PIU\u2019<\/strong><\/span><\/h3>\n<h3><iframe loading=\"lazy\" class=\"wp-embedded-content\" title=\"\u201cIL MESSAGGIO DAI SACERDOTI SU RADIO PIU\u2019 ALLE 7.30 E 19.30\u201d \u2014 Radio Pi\u00f9\" src=\"https:\/\/www.radiopiu.net\/wordpress\/il-messaggio-dai-sacerdoti-della-conca-su-radio-piu-alle-7-30-e-19-30\/embed\/#?secret=GCz27lyCw3\" width=\"600\" height=\"381\" frameborder=\"0\" marginwidth=\"0\" marginheight=\"0\" scrolling=\"no\" sandbox=\"allow-scripts\" data-secret=\"GCz27lyCw3\" data-mce-fragment=\"1\"><\/iframe><\/h3>\n<p>&nbsp;<\/p>\n<hr \/>\n<p>&nbsp;<\/p>\n<p>A TAIBON LA FARMACIA FA SERVIZIO A DOMICILIO<\/p>\n<p>ORTOFRUTTA MARTINI AGORDO RUTTA E VERDURA A CASA 0437 640307<\/p>\n<p>LA PIZZERIA BOCCON DIVINO A TAIBON AGORDINO EFFETTUA SERVIZIO CONSEGNE PIZZE A DOMICILIO, TUTTI I GIORNI A PARTIRE DALLE ORE 18,\u00a0NEI COMUNI DI TAIBON AGORDINO E AGORDO340 2986275<\/p>\n<p>DA SAPPADE DI FALCADE PICCOLA BAITA PORTA SULLE VOSTRE TAVOLE I SAPORI DEL TERRITORIO WWW.PICCOLABAITA.NET 0437 590491<\/p>\n<p>L\u2019AZIENDA AGRICOLA MILCHHOF AGOSTINI DI SELVA DI CADORE. INFORMA CHE E\u2019 A DISPOSIZONE PER CONSEGNE GRATUITE A DOMICILIO IN TUTTA LA VALLATA 380 3957409<\/p>\n<p>DOLOMITI VIAGGI DI FALCADE,\u00a0 COME UN TAXI:\u00a0 AUTOVETTURE E PULMINO NOLEGGIO CON CONDUCENTE. CHIAMA IL NUMERO 329 35,26,156<\/p>\n<p>ZUMBRILLENBER AGORDO CONSEGNA A DOMICILIO. PIATTI DI CARNE, PESCE, E PIZZE. A DOMICILIO, NEL RAGGIO DI 15 CHILOMETRI DA AGORDO 345 9135042<\/p>\n<p>LA PASTICCERIA LES BON BON DI AGORDO TI INFORMA CHE E\u2019 ATTIVO IL SERVIZIO DI CONSEGNA A DOMICILIO 342 59,80,559.<\/p>\n<p>A RIVAMONTE DAISY! PANINI, BRUSCHETTE, TOAST. PER LA TUA CENA ALTERNATIVA E GUSTOSA. LE PRENOTAZIONI SI RICEVONO ENTRO LE ORE 17 AL 348 56,42,568.<\/p>\n<p>La Profumeria Wanda di Agordo consegna i prodotti a domicilio. 331 4662006. Negozio aperto dalle 10.30 alle 11.30 e dalle 16 alle 17<\/p>\n<p>L\u2019AZIENDA AGRICOLA ZANCHETTA, SPACCIO DI AGORDO INFORMA CHE EFFETTUA LA CONSEGNA A DOMICILIO DEL VINO DELLA PROPRIA PRODUZIONE. 335 6285096<\/p>\n<p>LA MACELLERIA COSTA INFORMA CHE EFFETTUA CONSEGNE A DOMICILIO GRATUITE IN TUTTO L\u2019AGORDINO. 340 9714699<\/p>\n<p>LA PASTICCERIA SAINT HONORE DI AGORDO EFFETTUA CONSEGNE A DOMICILIO AD AGORDO E PAESI LIMITROFI 0437 62585<\/p>\n<p>PREPARIAMO UNA SELEZIONE DELLE NOSTRE FAMOSE SPECIALITA\u2019, DA CONSEGNARVI A DOMICILIO. SAN MARTIN \u2013 RISTORO E BAR. LOCALITA\u2019 LA MUDA STRADA AGORDO BELLUNO AL 333 1432468<\/p>\n<p>&nbsp;<\/p>\n<hr \/>\n<p>&nbsp;<\/p>\n<p>&nbsp;<\/p>\n<p class=\"photoswipe-wrapper\"><a class=\"dt-pswp-item pspw-wrap-ready\" href=\"https:\/\/i0.wp.com\/www.radiopiu.net\/wordpress\/wp-content\/uploads\/2018\/09\/viabilita.jpeg?ssl=1\" data-dt-img-description=\"\" data-large_image_width=\"800\" data-large_image_height=\"100\"><img loading=\"lazy\" decoding=\"async\" class=\"size-full wp-image-61954 jetpack-lazy-image jetpack-lazy-image--handled aligncenter\" src=\"https:\/\/i0.wp.com\/www.radiopiu.net\/wordpress\/wp-content\/uploads\/2018\/09\/viabilita.jpeg?resize=800%2C100&amp;ssl=1\" sizes=\"auto, (max-width: 800px) 100vw, 800px\" srcset=\"https:\/\/i0.wp.com\/www.radiopiu.net\/wordpress\/wp-content\/uploads\/2018\/09\/viabilita.jpeg?w=800&amp;ssl=1 800w, https:\/\/i0.wp.com\/www.radiopiu.net\/wordpress\/wp-content\/uploads\/2018\/09\/viabilita.jpeg?resize=300%2C38&amp;ssl=1 300w, https:\/\/i0.wp.com\/www.radiopiu.net\/wordpress\/wp-content\/uploads\/2018\/09\/viabilita.jpeg?resize=768%2C96&amp;ssl=1 768w\" alt=\"\" width=\"800\" height=\"100\" data-lazy-loaded=\"1\" \/><\/a><\/p>\n<p>&nbsp;<\/p>\n<p>PROVINCIALE 20 DELLA VAL FIORENTINA, SELVA DI CADORE: DAL 14 FEBBRAIO AL 13 GIUGNO, CHIUSURA TOTALE TRA SOLATOR E IL CENTRO DEL PAESE ANCHE NEI GIORNI FESTIVI E PREFESTIVI, DAL CHILOMETRO 4.850 AL CHILOMETRO 5.100. TRANSITO CONSENTITO AI LOCALI CON TEMPI DI ATTESA MASSIMI STIMATI IN 30 MINUTI IN LOCALITA\u2019 SOLATOR DAL CHILOMETRO 4.400 AL CHILOMETRO 4.850<\/p>\n<p>DALL\u201911 APRILE AL 01 MAGGIO IN LOCALITA\u2019 LA MUDA DEVIAZIONE SU VIABILITA\u2019 PROVVISORIA PER IL COMPLETAMENTO DEL NUOVO ATTRAVERSAMENTO IDRAULICO RIO VAL SCURE LUNGO LA REGIONALE 203 AGORDINA<\/p>\n<p>sp346 SAN PELLEGRINO localita VALLADA dal 14 al 30 aprile senso unico alternato con semaforo<\/p>\n<p>sp251 in localit\u00e0 Cernadoi di Livinallongo dal 14 al 17 aprile senso unico con semaforo<\/p>\n<p>sp347 DURAN E CEREDA (Comune di Valle di Cadore tra Cibiana e innesto Venas) dal 16 al 30 aprile (festivi e sabati esclusi) senso unico alternato con movieri. Interruzioni massimo 10 minuti.<\/p>\n<p>&nbsp;<\/p>\n<p>&nbsp;<\/p>\n<hr \/>\n<p>&nbsp;<\/p>\n<p>&nbsp;<\/p>\n<p><a class=\"dt-pswp-item\" href=\"https:\/\/www.radiopiu.net\/wordpress\/wp-content\/uploads\/2018\/09\/sport.jpg\" data-dt-img-description=\"\" data-large_image_width=\"800\" data-large_image_height=\"100\"><img loading=\"lazy\" decoding=\"async\" class=\"aligncenter wp-image-60761 size-full\" src=\"https:\/\/www.radiopiu.net\/wordpress\/wp-content\/uploads\/2018\/09\/sport.jpg\" alt=\"\" width=\"800\" height=\"100\" srcset=\"https:\/\/www.radiopiu.net\/wordpress\/wp-content\/uploads\/2018\/09\/sport.jpg 800w, https:\/\/www.radiopiu.net\/wordpress\/wp-content\/uploads\/2018\/09\/sport-300x38.jpg 300w, https:\/\/www.radiopiu.net\/wordpress\/wp-content\/uploads\/2018\/09\/sport-768x96.jpg 768w\" sizes=\"auto, (max-width: 800px) 100vw, 800px\" \/><\/a><\/p>\n<p>&nbsp;<\/p>\n<blockquote>\n<h3 class=\"p1\"><span class=\"s1\"><b>\u201cCORRI FELTRE\u201d, SE NE RIPARLA A SETTEMBRE<\/b><\/span><\/h3>\n<\/blockquote>\n<p class=\"p1\"><span class=\"s1\"><b><a class=\"dt-pswp-item\" href=\"https:\/\/www.radiopiu.net\/wordpress\/wp-content\/uploads\/2020\/04\/CORRI-FELTRE-2019.jpg\" data-dt-img-description=\"\" data-large_image_width=\"1440\" data-large_image_height=\"1080\"><img loading=\"lazy\" decoding=\"async\" class=\"alignleft wp-image-130955\" src=\"https:\/\/www.radiopiu.net\/wordpress\/wp-content\/uploads\/2020\/04\/CORRI-FELTRE-2019-300x225.jpg\" alt=\"\" width=\"221\" height=\"166\" srcset=\"https:\/\/www.radiopiu.net\/wordpress\/wp-content\/uploads\/2020\/04\/CORRI-FELTRE-2019-300x225.jpg 300w, https:\/\/www.radiopiu.net\/wordpress\/wp-content\/uploads\/2020\/04\/CORRI-FELTRE-2019-1024x768.jpg 1024w, https:\/\/www.radiopiu.net\/wordpress\/wp-content\/uploads\/2020\/04\/CORRI-FELTRE-2019-768x576.jpg 768w, https:\/\/www.radiopiu.net\/wordpress\/wp-content\/uploads\/2020\/04\/CORRI-FELTRE-2019.jpg 1440w\" sizes=\"auto, (max-width: 221px) 100vw, 221px\" \/><\/a>FELTRE<\/b> Anche la \u201cCorri Feltre\u201d, tradizionale appuntamento primaverile con il podismo aperto a tutti, deve alzare bandiera bianca difronte all\u2019emergenza sanitaria legata all\u2019epidemia da Coronavirus, ma solo temporaneamente. <\/span><span class=\"s1\">Gli organizzatori, Comune di Feltre in testa, hanno dovuto prendere atto nei giorni scorsi che \u2013 analogamente a quanto accaduto per moltissime altre manifestazioni del settore \u2013 non vi sono le condizioni di sicurezza e tranquillit\u00e0 organizzativa per poter confermare l\u2019appuntamento, divenuto oramai una tappa fissa nel panorama delle manifestazioni sportive feltrine.<\/span><\/p>\n<p>&nbsp;<\/p>\n<p>&nbsp;<\/p>\n<p><strong>IL PRESIDENTE DEL CONSIGLIO COMUNALE MANUEL SACCHET<\/strong><\/p>\n<audio class=\"wp-audio-shortcode\" id=\"audio-130887-17\" preload=\"none\" style=\"width: 100%;\" controls=\"controls\"><source type=\"audio\/mpeg\" src=\"https:\/\/www.radiopiu.net\/wordpress\/wp-content\/uploads\/2020\/04\/SACCHET-CORRI-FELTRE.mp3?_=17\" \/><a href=\"https:\/\/www.radiopiu.net\/wordpress\/wp-content\/uploads\/2020\/04\/SACCHET-CORRI-FELTRE.mp3\">https:\/\/www.radiopiu.net\/wordpress\/wp-content\/uploads\/2020\/04\/SACCHET-CORRI-FELTRE.mp3<\/a><\/audio>\n<p>&nbsp;<\/p>\n<p>&nbsp;<\/p>\n<p><img decoding=\"async\" class=\"aligncenter\" src=\"https:\/\/i0.wp.com\/www.radiopiu.net\/wordpress\/wp-content\/uploads\/2018\/09\/WhatsApp-Image-2018-09-20-at-16.04.06.jpeg?resize=800%2C100&amp;ssl=1\" \/><\/p>\n<p>&nbsp;<\/p>\n<p><center><b>Sabato 18<\/b><\/center><b>Tempo atteso: <\/b>Tempo variabile, con spazi di sereno alternati dapprima a nubi medio-alte e poi anche a qualche addensamento cumuliforme nelle ore pi\u00f9 calde.<br \/>\n<b>Precipitazioni: <\/b>Generalmente assenti (0%), salvo una probabilit\u00e0 molto bassa (0-10%) nel pomeriggio di locali e modestissime brevi piovaschi, eventualmente nevosi oltre i 2800-3000 m.<br \/>\n<b>Temperature: <\/b>In lieve aumento, superiori alle medie del periodo con elevata escursione termica giornaliera e moderata inversione termica notturna. Sulle Prealpi a 1500 m minima 7 \u00b0C e massima 14 \u00b0C, a 2000 m minima 5 \u00b0C e massima 12 \u00b0C; sulle Dolomiti a 2000 m minima 5 \u00b0C e massima 13 \u00b0C, a 3000 m minima -3 \u00b0C e massima 4 \u00b0C.<br \/>\n<b>Venti: <\/b>A regime di brezza nelle valli, con occasionali moderati rinforzi, dai quadranti occidentali in quota a 5-20 km\/h sia a 2000 m che a 3000 m.<\/p>\n<hr \/>\n<p><center><b>Domenica 19<\/b><\/center><b>Tempo atteso: <\/b>Cielo da parzialmente a irregolarmente nuvoloso, con schiarite pi\u00f9 presenti all&#8217;inizio e copertura pi\u00f9 estesa alla fine della giornata. A partire dalle ore centrali potranno verificarsi delle precipitazioni.<br \/>\n<b>Precipitazioni: <\/b>Probabilit\u00e0 nulla o molto bassa (0-10%) al mattino, in aumento fino a medio alta (50-75%) nella seconda parte della giornata, per rovesci o temporali generalmente sparsi, con limite delle nevicate oltre i 2600-2800 m.<br \/>\n<b>Temperature: <\/b>Lieve ulteriore aumento delle minime, massime stazionarie o in lieve diminuzione. Sulle Prealpi a 1500 m minima 8 \u00b0C, massima 12 \u00b0C, a 2000 m minima 6 \u00b0C e massima 10 \u00b0C; sulle Dolomiti a 2000 m minima 6 \u00b0C e massima 10 \u00b0C, a 3000 m minima -3 \u00b0C e massima 2 \u00b0C.<br \/>\n<b>Venti: <\/b>A regime di brezza nelle valli, in prevalenza deboli con occasionali moderati rinforzi, in prevalenza dai quadranti occidentali in quota, a 5-15 km\/h sia a 2000 m che a 3000 m.<\/p>\n<hr \/>\n<p><center><b>Lunedi 20<\/b><\/center>Cielo in prevalenza molto nuvoloso, specie nella prima parte della giornata con qualche modesta precipitazione associata a brevi rovesci. Limite delle nevicate oltre i 1800-2000 m sulle Dolomiti e 2100-2300 sulle Prealpi. Schiarita soprattutto a fine giornata. Per le temperature minime prevarr\u00e0 un lieve aumento, massime in sensibile diminuzione.<\/p>\n<hr \/>\n<p><center><b>Martedi 21<\/b><\/center>Tempo ben soleggiato con aria asciutta e buona visibilit\u00e0 a tutte le quote, con clima freddo nella notte e al mattino e fresco di giorno nonostante il soleggiamento. Possibili degli addensamenti cumuliformi durante le ore pi\u00f9 calde, senza pero in grado di determinare precipitazioni. Minime in diminuzione massime in contenuto aumento, con valori inferiori alle medie del periodo. Previsore: M.Padoan<\/p>\n","protected":false},"excerpt":{"rendered":"<p>PER RICEVERE QUESTO NOTIZIARIO DIRETTAMENTE SUL TUO CELLULARE ISCRIVITI AL CANALE\u00a0TELEGRAM\u00a0\u201cRADIO PIU\u00a0 INFORMAZIONE\u201d &nbsp; PUR INGABBIATA E&#8217; SEMPRE BELLA LA PIAZZA DI AGORDO DA LUNEDI 20 APRILE ALLE 9 SARA&#8217; RIATTIVATO IL REGOLARE TRANSITO VEICOLARE E PEDONALE CON LA RIMOZIONE DEL CANTIERE Revoca Ordinanze. L\u2019impresa esecutrice dei lavori, in accordo con il Servizio tecnico manutentivo&hellip;<\/p>\n","protected":false},"author":4,"featured_media":131131,"comment_status":"closed","ping_status":"closed","sticky":false,"template":"","format":"standard","meta":{"_monsterinsights_skip_tracking":false,"_monsterinsights_sitenote_active":false,"_monsterinsights_sitenote_note":"","_monsterinsights_sitenote_category":0,"footnotes":""},"categories":[1,51,86,49],"tags":[],"class_list":["post-130887","post","type-post","status-publish","format-standard","has-post-thumbnail","hentry","category-senza-categoria","category-evidenza-top","category-gr","category-news-18","category-1","category-51","category-86","category-49","description-off"],"img_url":"https:\/\/www.radiopiu.net\/wordpress\/wp-content\/uploads\/2020\/04\/6e96bb95-e15b-4d9d-8416-e36303f07a51.jpg","_links":{"self":[{"href":"https:\/\/www.radiopiu.net\/wordpress\/wp-json\/wp\/v2\/posts\/130887","targetHints":{"allow":["GET"]}}],"collection":[{"href":"https:\/\/www.radiopiu.net\/wordpress\/wp-json\/wp\/v2\/posts"}],"about":[{"href":"https:\/\/www.radiopiu.net\/wordpress\/wp-json\/wp\/v2\/types\/post"}],"author":[{"embeddable":true,"href":"https:\/\/www.radiopiu.net\/wordpress\/wp-json\/wp\/v2\/users\/4"}],"replies":[{"embeddable":true,"href":"https:\/\/www.radiopiu.net\/wordpress\/wp-json\/wp\/v2\/comments?post=130887"}],"version-history":[{"count":0,"href":"https:\/\/www.radiopiu.net\/wordpress\/wp-json\/wp\/v2\/posts\/130887\/revisions"}],"wp:featuredmedia":[{"embeddable":true,"href":"https:\/\/www.radiopiu.net\/wordpress\/wp-json\/wp\/v2\/media\/131131"}],"wp:attachment":[{"href":"https:\/\/www.radiopiu.net\/wordpress\/wp-json\/wp\/v2\/media?parent=130887"}],"wp:term":[{"taxonomy":"category","embeddable":true,"href":"https:\/\/www.radiopiu.net\/wordpress\/wp-json\/wp\/v2\/categories?post=130887"},{"taxonomy":"post_tag","embeddable":true,"href":"https:\/\/www.radiopiu.net\/wordpress\/wp-json\/wp\/v2\/tags?post=130887"}],"curies":[{"name":"wp","href":"https:\/\/api.w.org\/{rel}","templated":true}]}}