{"id":130902,"date":"2020-04-17T09:58:32","date_gmt":"2020-04-17T07:58:32","guid":{"rendered":"https:\/\/www.radiopiu.net\/wordpress\/?p=130902"},"modified":"2020-04-17T09:58:32","modified_gmt":"2020-04-17T07:58:32","slug":"oggi-la-rassegna-stampa-labbiamo-aperta-cosi-10","status":"publish","type":"post","link":"https:\/\/www.radiopiu.net\/wordpress\/oggi-la-rassegna-stampa-labbiamo-aperta-cosi-10\/","title":{"rendered":"OGGI LA RASSEGNA STAMPA L&#8217;ABBIAMO APERTA&#8230; COSI&#8217;"},"content":{"rendered":"<h3><span style=\"color: #339966;\">4 MAGGIO: DA TUTTI A CASA A DISTANTI E PROTETTI, AL VIA IL CONFRONTO CON LE PARTI SOCIALI. NESSUNO SCONTRO CON IL GOVERNO MA UN&#8217;INTESA NAZIONALE.<\/span> NELLE 330 CASE DI RIPOSO DEL VENETO 391 I DECEDUTI REGISTRATI, PERCENTUALI INFERIORI DI POSITIVI RISPETTO A LOMBARDIA ED EMILIA. <span style=\"color: #ff0000;\">LE INDUSTRIE FARMACEUTICHE PRONTE A FARE AFFARI DOPO CHE IL LUMINARE PAGANO HA IPOTIZZATO CHE IL FARMACO PER LA PROSTATA POTREBBE ESSERE L&#8217;ANTI VIRUS.<\/span><\/h3>\n<p><em>&#8220;Riaprire per non morire&#8221;<\/em> ha detto ieri il governatore Luca Zaia mentre gli studi Prometeia gi\u00e0 stimano il calo nel 7,1% del Pil veneto. Donazioni per 52 milioni di euro, met\u00e0 della spesa sanitaria, tanti beni materiali, una partita iva devolve i 600 euro, i bambini rinunciano alla paghetta settimanale. Prime ipotesi per le elezioni: tra il 12 luglio e il 26 ottobre.<\/p>\n<p><strong>foto Claudio Fontanive, piazza di Agordo blindata, mercoledi torna il mercato<\/strong><\/p>\n<p><strong>di Mirko Mezzacasa<\/strong><\/p>\n<p><a class=\"dt-pswp-item\" href=\"https:\/\/www.radiopiu.net\/wordpress\/wp-content\/uploads\/2020\/04\/2e211227-aa20-4932-9ab3-68376c04c2c9.jpg\" data-dt-img-description=\"\" data-large_image_width=\"1200\" data-large_image_height=\"1600\"><img loading=\"lazy\" decoding=\"async\" class=\"size-medium wp-image-130904 alignleft\" src=\"https:\/\/www.radiopiu.net\/wordpress\/wp-content\/uploads\/2020\/04\/2e211227-aa20-4932-9ab3-68376c04c2c9-225x300.jpg\" alt=\"\" width=\"225\" height=\"300\" srcset=\"https:\/\/www.radiopiu.net\/wordpress\/wp-content\/uploads\/2020\/04\/2e211227-aa20-4932-9ab3-68376c04c2c9-225x300.jpg 225w, https:\/\/www.radiopiu.net\/wordpress\/wp-content\/uploads\/2020\/04\/2e211227-aa20-4932-9ab3-68376c04c2c9-768x1024.jpg 768w, https:\/\/www.radiopiu.net\/wordpress\/wp-content\/uploads\/2020\/04\/2e211227-aa20-4932-9ab3-68376c04c2c9-1152x1536.jpg 1152w, https:\/\/www.radiopiu.net\/wordpress\/wp-content\/uploads\/2020\/04\/2e211227-aa20-4932-9ab3-68376c04c2c9.jpg 1200w\" sizes=\"auto, (max-width: 225px) 100vw, 225px\" \/><\/a>Il 4 maggio sar\u00e0 quindi il giorno del &#8220;liberi tutti&#8221;, l&#8217;ipotesi messa sul tavolo dalla Lombardia con il presidente Attilio Fontana ora \u00e8 anche ipotesi di marca veneta. Anzi per il presidente Luca Zaia: <em>&#8220;Se ci sono i presupposti di natura sanitaria dal mondo scientifico dal 4 maggio, ma anche prima si pu\u00f2 aprire tutto, ma dobbiamo essere pronti con i dispositivi, precise regole per tutti dai negozianti ai clienti&#8221;. <\/em>Il 27 aprile\u00a0 una settimana prima del 4 maggio dovrebbe ripartire sia il mercato dell&#8217;auto che della moda, tempi pi\u00f9 lunghi per bar e ristoranti con tavoli distanziati e ingressi contingentati. Nelle fabbriche obbligatorio il controllo della febbre, sanificazione degli ambienti, vietate le macchinette del caff\u00e8 e probabilmente niente mensa ma cestino da viaggio per tutti e sar\u00e0 un comitato di controllo a vigilare sull&#8217;efficacia delle misure. L&#8217;assessore Manuela Lanzarin ha reso noti i dati dei controlli nelle industrie che hanno riaperto: 5400, tutte in regola. Il Governo si adegua alla nuova data e studia il suo piano e non \u00e8 escluso che lasci agli enti regionali la possibilit\u00e0 di normare la mobilit\u00e0 interregionale. Tra le ipotesi la fine della settimana corta sia per le scuole che nel mondo del lavoro, ovvero impegni anche al sabato e alla domenica per evitare assembramenti soprattutto sui mezzi di trasporto. La bella notizia: l&#8217;intuizione del professor Pagano che sar\u00e0 pubblicata sul New England Journal of Medicine, potrebbe essere la chiave di volta nella lotta contro il Covid-19, la fondazione per la ricerca biomedica avanzata e istituto medico medicina molecolare con l&#8217;Universit\u00e0 di Padova e Regione in virtu&#8217; di un&#8217;intuizione il professor Pagano ha trovato\u00a0 una proteina che veicola l&#8217;infezione delle cellule. E&#8217; lo stesso enzima del tumore alla prostata, il farmaco inibisce l&#8217;enzima e la malattia. Chi \u00e8 stato trattato con questo farmaco, in teoria, non ha avuto problemi con il coronavirus. Cio\u00e8 sia il tumore alla prostata che il coronavirus utilizzano questo mezzo di trasporto per entrare nell&#8217;organismo e infettarlo. Il premio ai sanitari:\u00a0 <em>&#8220;Confermo che vogliamo farlo &#8211; ha detto Zaia &#8211; ma\u00a0 deve essere meritocratico in base a chi era nei reparti pi\u00f9 a rischio. Va discusso con le parti sociali. Non applicando l&#8217;addizionale\u00a0 Irpef e le tasse in questa regione significa per un medico con stipendio medio di 73 mila euro l&#8217;anno\u00a0 che ha 4875 euro in piu. Tutte le altre regioni questi soldi li prelevano, anche di pi\u00f9 a seconda degli scaglioni. Non accetto lezioni in questo senso, vogliamo dare un premio come abbiamo fatto negli ultimi 10 anni non applicando l&#8217;addizionale Irpef. Sono i nostri eroi tutto il personale,\u00a0 anche le persone delle pulizia e il premio lo vogliamo comunque dare&#8221;.<\/em> Dal Pd dure critiche al presidente per questa dichiarazioni in conferenza stampa. <em>\u201cZaia dovrebbe vergognarsi a parlare in questo modo dei medici &#8211; ha detto Graziano Azzalin\u00a0 &#8211; inutile sperticarsi in lodi su chi \u00e8 in prima linea e rischia la vita per tutti noi per poi girargli le spalle nel momento del bisogno\u201d.\u00a0<\/em> La tragedia nelle case di riposo comincia ad assumere contorni inquietanti, ma lo si sapeva. Ieri sono stati resi noti anche i dati del Veneto dove la percentuale di contagio \u00e8 decisamente inferiore sia all&#8217;Emilia Romagna che alla Lombardia. Infatti, dopo il tamponamento dell&#8217;86% degli ospiti (29 mila su 35 mila) nelle 330 strutture per anziani i positivi sono 1993 (5,8%), i ricoverati 273, i morti 391. Tampone anche per il 95% degli operatori (29 mila su 31.500), i positivi sono 953 (3%), nessun deceduto. Nella Ulss1 Dolomiti 31 strutture coinvolte (2442 ospiti), sono 150 i positivi (6.1%) 33 ricoverati, 29 deceduti , i test hanno riguardato anche i 2194 operatori, scovati 79 positivi (3,6%). Dall&#8217;ultimo bollettino della Regione cono 15.219 i casi di infezione dal 21 febbraio ieri\u00a0 in 24 ore 335 in pi\u00f9, gli attualmente positivi sono 10.791, in isolamento 13.902 persone. In ospedale ieri 52 pazienti in meno del giorno prima (1505), 14 in meno in terapia intensiva (200). Dimessi 1968, negativizzati 3409. Le vittime hanno ormai superato la soglia dei 1000, ieri sera se ne contavano 1019 tenendo conto sia dei decessi ospedalieri (888) che nelle strutture per anziani, ieri si sono contati altri 28 morti, il numero dei negativizzati sale a\u00a0 3409. Nel bellunese torna a crescere la curva dei contagi (direttamente proporzionale al numero dei tamponi effettuati negli ultimi giorni, in decisa crescita soprattutto nelle case di riposo) in una giornata 41\u00a0 positivi in pi\u00f9 come nei primi giorni dell&#8217;emergenza. Dal 16 aprile nel territorio della Ulss1 sono stati 13.397 i tamponi effettuati, 1136 le persone in isolamento fiduciario.\u00a0 Sono 649 gli attualmente positivi (792 da inizio emergenza) anche ieri un decesso di una nonna di 93 anni ospite della casa di riposo Padre Kolbe deceduta nell&#8217;ospedale di Comunit\u00e0 di Belluno.\u00a0 Negli ospedali bellunesi 3 pazienti in meno in area non critica (40), nessun ricovero a Feltre,\u00a0 nessuna variazione in terapia intensiva rispetto a ieri (8), due pazienti in meno all\u2019ospedale di Comunit\u00e0 di Belluno (13) invariato il dato di Agordo (14). Nelle ultime 12 ore 37 i nuovi positivi, 41 decessi (dato cumulativo), 102 i negativizzati,\u00a0 l&#8217;emergenza negli ospedali \u00e8 prorogata almeno fino al 3 maggio, a Feltre il padiglione Gaggia ospiter\u00e0 gli anziani sani della casa di riposo Kolbe. Nella mappa dei contagi record negativo per Cortina (87),\u00a0 seguire Alpago (87), Belluno (73), Pedavena (53), Feltre (49), Borgo Valbelluna (45), Lamon (27). Oggi il sindaco Gianpiero Ghedina: <em>&#8220;in questi tre giorni il numero di positivi al Covid-19 \u00e8 diminuito, portando da 91 a 87 casi (-4) nel territorio di Cortina d\u2019Ampezzo.<\/em><br \/>\n<em>Le persone in quarantena (isolamento domiciliare) scendono da 45 a 40 (-5). Sembra finalmente essere iniziata la discesa della curva del contagio.Non sottovalutiamo quindi i nostri comportamenti, rispettare le regole significa prenderci cura di noi e soprattutto di chi \u00e8 pi\u00f9 debole e ha meno difese immunitarie. Dimostriamoci forti e uniti anche in questo weekend. <\/em>Da oggi a Feltre riapre il mercato con severe misure di protezione nel rispetto delle ordinanze regionali ma solo per i banchi di alimentari, mercoledi sar\u00e0 invece la volta di Agordo. Da sabato riaprono gli ecocentri anche nell&#8217;Agordino.\u00a0 Di ieri la notizia resa nota da Ad Agordo Proloco: cancellata la festa per i Santi Patroni Pietro e Paolo, stessa sorte della competizione 4Pass in doi rinviata al prossimo anno.<\/p>\n<p>&nbsp;<\/p>\n","protected":false},"excerpt":{"rendered":"<p>4 MAGGIO: DA TUTTI A CASA A DISTANTI E PROTETTI, AL VIA IL CONFRONTO CON LE PARTI SOCIALI. NESSUNO SCONTRO CON IL GOVERNO MA UN&#8217;INTESA NAZIONALE. NELLE 330 CASE DI RIPOSO DEL VENETO 391 I DECEDUTI REGISTRATI, PERCENTUALI INFERIORI DI POSITIVI RISPETTO A LOMBARDIA ED EMILIA. LE INDUSTRIE FARMACEUTICHE PRONTE A FARE AFFARI DOPO CHE&hellip;<\/p>\n","protected":false},"author":1,"featured_media":130905,"comment_status":"closed","ping_status":"closed","sticky":false,"template":"","format":"standard","meta":{"_monsterinsights_skip_tracking":false,"_monsterinsights_sitenote_active":false,"_monsterinsights_sitenote_note":"","_monsterinsights_sitenote_category":0,"footnotes":""},"categories":[51,49],"tags":[],"class_list":["post-130902","post","type-post","status-publish","format-standard","has-post-thumbnail","hentry","category-evidenza-top","category-news-18","category-51","category-49","description-off"],"img_url":"https:\/\/www.radiopiu.net\/wordpress\/wp-content\/uploads\/2020\/04\/5dde3feb-def0-4f89-9356-2650f6c9a2b5.jpg","_links":{"self":[{"href":"https:\/\/www.radiopiu.net\/wordpress\/wp-json\/wp\/v2\/posts\/130902","targetHints":{"allow":["GET"]}}],"collection":[{"href":"https:\/\/www.radiopiu.net\/wordpress\/wp-json\/wp\/v2\/posts"}],"about":[{"href":"https:\/\/www.radiopiu.net\/wordpress\/wp-json\/wp\/v2\/types\/post"}],"author":[{"embeddable":true,"href":"https:\/\/www.radiopiu.net\/wordpress\/wp-json\/wp\/v2\/users\/1"}],"replies":[{"embeddable":true,"href":"https:\/\/www.radiopiu.net\/wordpress\/wp-json\/wp\/v2\/comments?post=130902"}],"version-history":[{"count":0,"href":"https:\/\/www.radiopiu.net\/wordpress\/wp-json\/wp\/v2\/posts\/130902\/revisions"}],"wp:featuredmedia":[{"embeddable":true,"href":"https:\/\/www.radiopiu.net\/wordpress\/wp-json\/wp\/v2\/media\/130905"}],"wp:attachment":[{"href":"https:\/\/www.radiopiu.net\/wordpress\/wp-json\/wp\/v2\/media?parent=130902"}],"wp:term":[{"taxonomy":"category","embeddable":true,"href":"https:\/\/www.radiopiu.net\/wordpress\/wp-json\/wp\/v2\/categories?post=130902"},{"taxonomy":"post_tag","embeddable":true,"href":"https:\/\/www.radiopiu.net\/wordpress\/wp-json\/wp\/v2\/tags?post=130902"}],"curies":[{"name":"wp","href":"https:\/\/api.w.org\/{rel}","templated":true}]}}