{"id":130935,"date":"2020-04-17T20:05:05","date_gmt":"2020-04-17T18:05:05","guid":{"rendered":"https:\/\/www.radiopiu.net\/wordpress\/?p=130935"},"modified":"2020-04-17T21:45:09","modified_gmt":"2020-04-17T19:45:09","slug":"aggiornamento-ulss-1-dolomiti-17-marzo-2020","status":"publish","type":"post","link":"https:\/\/www.radiopiu.net\/wordpress\/aggiornamento-ulss-1-dolomiti-17-marzo-2020\/","title":{"rendered":"AGGIORNAMENTO ULSS 1 DOLOMITI 17 MARZO 2020"},"content":{"rendered":"<p><strong>BELLUNO<\/strong>\u00a0GLI AGGIORNAMENTI DALLA ULSS 1 DOLOMITI<\/p>\n<p><strong>SORVEGLIANZA SANITARIA COVID-19<\/strong>Numero totale tamponi effettuati per ricerca nCoV al 16 aprile 2020 <strong>\u00a013.834 (+437) <\/strong>\u00a0Persone residenti in Ulss Dolomiti in isolamento domiciliare fiduciario e sorveglianza attiva al 17 aprile 2020: <b>1121 (-15 rispetto ieri) <\/b>Alcuni tamponi sono stati effettuati pi\u00f9 volte sulle stesse persone. Attualmente risultano positivi 46 dipendenti e altri collaboratori (MMG e altri) dell\u2019Ulss Dolomiti su circa 3.650 dipendenti e altri collaboratori. Sono stati eseguiti oltre 6.200 tamponi su oltre 2.400 dipendenti e assimilati, per la quasi totalit\u00e0 del personale sanitario. In pochissimi casi si \u00e8 reso necessario un periodo di ricovero, la maggior parte \u00e8 asintomatico. Le indagini epidemiologiche effettuate, in particolare nelle prime fasi dell\u2019emergenza, hanno evidenziato che il contagio era stato contratto al di fuori dell\u2019ambito aziendale per contatti stretti che non avevano connessione con l\u2019attivit\u00e0 di cura e assistenza dei malati COVID positivi.<\/p>\n<p><a class=\"dt-pswp-item\" href=\"https:\/\/www.radiopiu.net\/wordpress\/wp-content\/uploads\/2020\/04\/4c9060e5-16e5-4139-b3fc-81ce9c1d722c.jpg\" data-dt-img-description=\"\" data-large_image_width=\"514\" data-large_image_height=\"679\"><img loading=\"lazy\" decoding=\"async\" class=\"alignnone size-medium wp-image-131098\" src=\"https:\/\/www.radiopiu.net\/wordpress\/wp-content\/uploads\/2020\/04\/4c9060e5-16e5-4139-b3fc-81ce9c1d722c-227x300.jpg\" alt=\"\" width=\"227\" height=\"300\" srcset=\"https:\/\/www.radiopiu.net\/wordpress\/wp-content\/uploads\/2020\/04\/4c9060e5-16e5-4139-b3fc-81ce9c1d722c-227x300.jpg 227w, https:\/\/www.radiopiu.net\/wordpress\/wp-content\/uploads\/2020\/04\/4c9060e5-16e5-4139-b3fc-81ce9c1d722c.jpg 514w\" sizes=\"auto, (max-width: 227px) 100vw, 227px\" \/><\/a><\/p>\n","protected":false},"excerpt":{"rendered":"<p>BELLUNO\u00a0GLI AGGIORNAMENTI DALLA ULSS 1 DOLOMITI SORVEGLIANZA SANITARIA COVID-19Numero totale tamponi effettuati per ricerca nCoV al 16 aprile 2020 \u00a013.834 (+437) \u00a0Persone residenti in Ulss Dolomiti in isolamento domiciliare fiduciario e sorveglianza attiva al 17 aprile 2020: 1121 (-15 rispetto ieri) Alcuni tamponi sono stati effettuati pi\u00f9 volte sulle stesse persone. Attualmente risultano positivi 46&hellip;<\/p>\n","protected":false},"author":4,"featured_media":131098,"comment_status":"closed","ping_status":"closed","sticky":false,"template":"","format":"standard","meta":{"_monsterinsights_skip_tracking":false,"_monsterinsights_sitenote_active":false,"_monsterinsights_sitenote_note":"","_monsterinsights_sitenote_category":0,"footnotes":""},"categories":[49],"tags":[],"class_list":["post-130935","post","type-post","status-publish","format-standard","has-post-thumbnail","hentry","category-news-18","category-49","description-off"],"img_url":"https:\/\/www.radiopiu.net\/wordpress\/wp-content\/uploads\/2020\/04\/4c9060e5-16e5-4139-b3fc-81ce9c1d722c.jpg","_links":{"self":[{"href":"https:\/\/www.radiopiu.net\/wordpress\/wp-json\/wp\/v2\/posts\/130935","targetHints":{"allow":["GET"]}}],"collection":[{"href":"https:\/\/www.radiopiu.net\/wordpress\/wp-json\/wp\/v2\/posts"}],"about":[{"href":"https:\/\/www.radiopiu.net\/wordpress\/wp-json\/wp\/v2\/types\/post"}],"author":[{"embeddable":true,"href":"https:\/\/www.radiopiu.net\/wordpress\/wp-json\/wp\/v2\/users\/4"}],"replies":[{"embeddable":true,"href":"https:\/\/www.radiopiu.net\/wordpress\/wp-json\/wp\/v2\/comments?post=130935"}],"version-history":[{"count":0,"href":"https:\/\/www.radiopiu.net\/wordpress\/wp-json\/wp\/v2\/posts\/130935\/revisions"}],"wp:featuredmedia":[{"embeddable":true,"href":"https:\/\/www.radiopiu.net\/wordpress\/wp-json\/wp\/v2\/media\/131098"}],"wp:attachment":[{"href":"https:\/\/www.radiopiu.net\/wordpress\/wp-json\/wp\/v2\/media?parent=130935"}],"wp:term":[{"taxonomy":"category","embeddable":true,"href":"https:\/\/www.radiopiu.net\/wordpress\/wp-json\/wp\/v2\/categories?post=130935"},{"taxonomy":"post_tag","embeddable":true,"href":"https:\/\/www.radiopiu.net\/wordpress\/wp-json\/wp\/v2\/tags?post=130935"}],"curies":[{"name":"wp","href":"https:\/\/api.w.org\/{rel}","templated":true}]}}