{"id":131017,"date":"2020-04-17T15:29:04","date_gmt":"2020-04-17T13:29:04","guid":{"rendered":"https:\/\/www.radiopiu.net\/wordpress\/?p=131017"},"modified":"2020-04-17T15:29:04","modified_gmt":"2020-04-17T13:29:04","slug":"nuovi-criteri-per-lapertura-dei-mercati","status":"publish","type":"post","link":"https:\/\/www.radiopiu.net\/wordpress\/nuovi-criteri-per-lapertura-dei-mercati\/","title":{"rendered":"NUOVI CRITERI PER L&#8217;APERTURA DEI MERCATI"},"content":{"rendered":"<p><strong><a class=\"dt-pswp-item\" href=\"https:\/\/www.radiopiu.net\/wordpress\/wp-content\/uploads\/2020\/04\/market-3466906__340.jpg\" data-dt-img-description=\"\" data-large_image_width=\"509\" data-large_image_height=\"340\"><img loading=\"lazy\" decoding=\"async\" class=\" wp-image-131019 alignleft\" src=\"https:\/\/www.radiopiu.net\/wordpress\/wp-content\/uploads\/2020\/04\/market-3466906__340-300x200.jpg\" alt=\"\" width=\"266\" height=\"177\" srcset=\"https:\/\/www.radiopiu.net\/wordpress\/wp-content\/uploads\/2020\/04\/market-3466906__340-300x200.jpg 300w, https:\/\/www.radiopiu.net\/wordpress\/wp-content\/uploads\/2020\/04\/market-3466906__340.jpg 509w\" sizes=\"auto, (max-width: 266px) 100vw, 266px\" \/><\/a>BELLUNO\u00a0<\/strong> Nuove regole per i mercati giornalieri e settimanali, limitatamente alla vendita di generi alimentari, di Piazza Duomo, Piazza delle Erbe e Pian delle Feste, a Castion. Quest&#8217;ultimo pu\u00f2 cos\u00ec tornare in attivit\u00e0 gi\u00e0 da domani, anche se in forma ridotta. I posteggi devono essere distanziati di almeno 20 metri l\u2019uno dall\u2019altro, perimetrati con transenne, nastro segnaletico o altro sistema, e avere un chiaro percorso di accesso, distinto dal percorso di uscita. I titolari delle attivit\u00e0 dovranno evitare che si formino assembramenti di clienti in attesa; dovranno anche verificare che venga rispettata la distanza sociale di almeno due metri, e che clienti e addetti alla vendita usino guanti e mascherine o altri dispositivi che garantiscano la copertura di naso e bocca. Se il cliente ne fosse sprovvisto, i dispositivi dovranno essere messi a disposizione dal venditore. Gli accessi, come nelle altre attivit\u00e0, dovranno essere scaglionati, consentendo l\u2019ingresso all\u2019area di vendita di una sola persona alla volta, fatta eccezione per le persone che necessitano di accompagnamento, come minori di 14 anni e disabili. Il provvedimento non interessa le aree di Cavarzano e di Piazza Piloni perch\u00e9 i due mercati insistono su aree di sosta, che non possono essere soppresse vista l&#8217;impossibilit\u00e0 per i cittadini di uscire solo per \u201cliberarle\u201d spostando l&#8217;auto, quindi senza valida motivazione; inoltre, a Cavarzano non sarebbe possibile far rispettare le distanze tra le attivit\u00e0 ed evitare possibili assembramenti.<\/p>\n<p><strong>AI MICROFONI DI RADIO PIU&#8217; L&#8217;ASSESSORE YUKI D&#8217;EMILIA<\/strong><\/p>\n<audio class=\"wp-audio-shortcode\" id=\"audio-131017-1\" preload=\"none\" style=\"width: 100%;\" controls=\"controls\"><source type=\"audio\/mpeg\" src=\"https:\/\/www.radiopiu.net\/wordpress\/wp-content\/uploads\/2020\/04\/YUKI.mp3?_=1\" \/><a href=\"https:\/\/www.radiopiu.net\/wordpress\/wp-content\/uploads\/2020\/04\/YUKI.mp3\">https:\/\/www.radiopiu.net\/wordpress\/wp-content\/uploads\/2020\/04\/YUKI.mp3<\/a><\/audio>\n<p>&nbsp;<\/p>\n","protected":false},"excerpt":{"rendered":"<p>BELLUNO\u00a0 Nuove regole per i mercati giornalieri e settimanali, limitatamente alla vendita di generi alimentari, di Piazza Duomo, Piazza delle Erbe e Pian delle Feste, a Castion. Quest&#8217;ultimo pu\u00f2 cos\u00ec tornare in attivit\u00e0 gi\u00e0 da domani, anche se in forma ridotta. I posteggi devono essere distanziati di almeno 20 metri l\u2019uno dall\u2019altro, perimetrati con transenne,&hellip;<\/p>\n","protected":false},"author":1,"featured_media":131020,"comment_status":"closed","ping_status":"closed","sticky":false,"template":"","format":"standard","meta":{"_monsterinsights_skip_tracking":false,"_monsterinsights_sitenote_active":false,"_monsterinsights_sitenote_note":"","_monsterinsights_sitenote_category":0,"footnotes":""},"categories":[49],"tags":[],"class_list":["post-131017","post","type-post","status-publish","format-standard","has-post-thumbnail","hentry","category-news-18","category-49","description-off"],"img_url":"https:\/\/www.radiopiu.net\/wordpress\/wp-content\/uploads\/2020\/04\/basket-918416__340.jpg","_links":{"self":[{"href":"https:\/\/www.radiopiu.net\/wordpress\/wp-json\/wp\/v2\/posts\/131017","targetHints":{"allow":["GET"]}}],"collection":[{"href":"https:\/\/www.radiopiu.net\/wordpress\/wp-json\/wp\/v2\/posts"}],"about":[{"href":"https:\/\/www.radiopiu.net\/wordpress\/wp-json\/wp\/v2\/types\/post"}],"author":[{"embeddable":true,"href":"https:\/\/www.radiopiu.net\/wordpress\/wp-json\/wp\/v2\/users\/1"}],"replies":[{"embeddable":true,"href":"https:\/\/www.radiopiu.net\/wordpress\/wp-json\/wp\/v2\/comments?post=131017"}],"version-history":[{"count":0,"href":"https:\/\/www.radiopiu.net\/wordpress\/wp-json\/wp\/v2\/posts\/131017\/revisions"}],"wp:featuredmedia":[{"embeddable":true,"href":"https:\/\/www.radiopiu.net\/wordpress\/wp-json\/wp\/v2\/media\/131020"}],"wp:attachment":[{"href":"https:\/\/www.radiopiu.net\/wordpress\/wp-json\/wp\/v2\/media?parent=131017"}],"wp:term":[{"taxonomy":"category","embeddable":true,"href":"https:\/\/www.radiopiu.net\/wordpress\/wp-json\/wp\/v2\/categories?post=131017"},{"taxonomy":"post_tag","embeddable":true,"href":"https:\/\/www.radiopiu.net\/wordpress\/wp-json\/wp\/v2\/tags?post=131017"}],"curies":[{"name":"wp","href":"https:\/\/api.w.org\/{rel}","templated":true}]}}