{"id":131023,"date":"2020-04-17T16:12:37","date_gmt":"2020-04-17T14:12:37","guid":{"rendered":"https:\/\/www.radiopiu.net\/wordpress\/?p=131023"},"modified":"2020-04-17T16:12:37","modified_gmt":"2020-04-17T14:12:37","slug":"la-montagna-e-preparata-per-la-ripartenza","status":"publish","type":"post","link":"https:\/\/www.radiopiu.net\/wordpress\/la-montagna-e-preparata-per-la-ripartenza\/","title":{"rendered":"LA MONTAGNA E&#8217; PREPARATA PER LA RIPARTENZA"},"content":{"rendered":"<blockquote>\n<h3><\/h3>\n<\/blockquote>\n<p><strong><a class=\"dt-pswp-item\" href=\"https:\/\/www.radiopiu.net\/wordpress\/wp-content\/uploads\/2020\/04\/IMG_1869-Large.jpg\" data-dt-img-description=\"\" data-large_image_width=\"1620\" data-large_image_height=\"1080\"><img loading=\"lazy\" decoding=\"async\" class=\" wp-image-131022 alignleft\" src=\"https:\/\/www.radiopiu.net\/wordpress\/wp-content\/uploads\/2020\/04\/IMG_1869-Large-300x200.jpg\" alt=\"\" width=\"308\" height=\"205\" srcset=\"https:\/\/www.radiopiu.net\/wordpress\/wp-content\/uploads\/2020\/04\/IMG_1869-Large-300x200.jpg 300w, https:\/\/www.radiopiu.net\/wordpress\/wp-content\/uploads\/2020\/04\/IMG_1869-Large-1024x683.jpg 1024w, https:\/\/www.radiopiu.net\/wordpress\/wp-content\/uploads\/2020\/04\/IMG_1869-Large-768x512.jpg 768w, https:\/\/www.radiopiu.net\/wordpress\/wp-content\/uploads\/2020\/04\/IMG_1869-Large-1536x1024.jpg 1536w, https:\/\/www.radiopiu.net\/wordpress\/wp-content\/uploads\/2020\/04\/IMG_1869-Large.jpg 1620w\" sizes=\"auto, (max-width: 308px) 100vw, 308px\" \/><\/a>BELLUNO\u00a0<\/strong> Il coronavirus potrebbe essere la grande occasione di rilancio delle terre alte e delle Dolomiti bellunesi. Sembra un controsenso, ma non \u00e8 cos\u00ec. Perch\u00e9 la vacanza in montagna non si presta ad assembramenti e affollamenti; al contrario: \u00e8 considerata sicura e salubre anche dagli esperti. Quindi, il sistema bellunese \u00e8 pronto a giocarsi fino in fondo le carte per la stagione estiva. Anche con progetti mirati di valorizzazione e di promozione. \u00c8 quanto emerso dal direttivo della Dmo Dolomiti. Alla riunione, in videoconferenza, ha preso parte anche il nuovo consigliere provinciale con delega al turismo, Danilo De Toni. <em>\u00abLa montagna bellunese \u00e8 pronta a ripartire, dopo la chiusura anticipata della stagione invernale &#8211; afferma il presidente della Provincia, Roberto Padrin &#8211; la Provincia e la Dmo lavoreranno insieme, in collaborazione ai consorzi turistici delle diverse vallate bellunesi per non perdere la prossima stagione estiva. Anzi, per portare avanti una campagna promozionale che faccia leva sulla montagna sicura&#8221;.<\/em> Lo ha detto nei giorni scorsi anche Silvio Brusaferro, presidente dell&#8217;Istituto Superiore di Sanit\u00e0 e teorico del distanziamento sociale,<em> \u201cin montagna il rischio di contrarre il virus \u00e8 piuttosto basso, mentre se si va in contesti affollati \u00e8 diverso\u201d.<\/em> Per Giuliano Vantaggi direttore della Dmo sar\u00e0 importante fare leva sulla\u00a0 \u201cgrande bellezza\u201d\u00a0 \u00a0avendo\u00a0 le montagne pi\u00f9 belle del mondo, paesaggi, arte, cultura e gastronomia strepitosi. Sulla partita del rilancio turistico ci sar\u00e0 anche un impegno ancora pi\u00f9 deciso del Fondo Comuni di confine, e verr\u00e0 dato il supporto necessario agli operatori del territorio affinch\u00e9 sappiano come muoversi nei confronti della clientela che chiede informazioni.<\/p>\n","protected":false},"excerpt":{"rendered":"<p>BELLUNO\u00a0 Il coronavirus potrebbe essere la grande occasione di rilancio delle terre alte e delle Dolomiti bellunesi. Sembra un controsenso, ma non \u00e8 cos\u00ec. Perch\u00e9 la vacanza in montagna non si presta ad assembramenti e affollamenti; al contrario: \u00e8 considerata sicura e salubre anche dagli esperti. Quindi, il sistema bellunese \u00e8 pronto a giocarsi fino&hellip;<\/p>\n","protected":false},"author":1,"featured_media":131024,"comment_status":"closed","ping_status":"closed","sticky":false,"template":"","format":"standard","meta":{"_monsterinsights_skip_tracking":false,"_monsterinsights_sitenote_active":false,"_monsterinsights_sitenote_note":"","_monsterinsights_sitenote_category":0,"footnotes":""},"categories":[49],"tags":[],"class_list":["post-131023","post","type-post","status-publish","format-standard","has-post-thumbnail","hentry","category-news-18","category-49","description-off"],"img_url":"https:\/\/www.radiopiu.net\/wordpress\/wp-content\/uploads\/2020\/04\/IMG_1867-Large.jpg","_links":{"self":[{"href":"https:\/\/www.radiopiu.net\/wordpress\/wp-json\/wp\/v2\/posts\/131023","targetHints":{"allow":["GET"]}}],"collection":[{"href":"https:\/\/www.radiopiu.net\/wordpress\/wp-json\/wp\/v2\/posts"}],"about":[{"href":"https:\/\/www.radiopiu.net\/wordpress\/wp-json\/wp\/v2\/types\/post"}],"author":[{"embeddable":true,"href":"https:\/\/www.radiopiu.net\/wordpress\/wp-json\/wp\/v2\/users\/1"}],"replies":[{"embeddable":true,"href":"https:\/\/www.radiopiu.net\/wordpress\/wp-json\/wp\/v2\/comments?post=131023"}],"version-history":[{"count":0,"href":"https:\/\/www.radiopiu.net\/wordpress\/wp-json\/wp\/v2\/posts\/131023\/revisions"}],"wp:featuredmedia":[{"embeddable":true,"href":"https:\/\/www.radiopiu.net\/wordpress\/wp-json\/wp\/v2\/media\/131024"}],"wp:attachment":[{"href":"https:\/\/www.radiopiu.net\/wordpress\/wp-json\/wp\/v2\/media?parent=131023"}],"wp:term":[{"taxonomy":"category","embeddable":true,"href":"https:\/\/www.radiopiu.net\/wordpress\/wp-json\/wp\/v2\/categories?post=131023"},{"taxonomy":"post_tag","embeddable":true,"href":"https:\/\/www.radiopiu.net\/wordpress\/wp-json\/wp\/v2\/tags?post=131023"}],"curies":[{"name":"wp","href":"https:\/\/api.w.org\/{rel}","templated":true}]}}