{"id":131124,"date":"2020-04-17T23:58:13","date_gmt":"2020-04-17T21:58:13","guid":{"rendered":"https:\/\/www.radiopiu.net\/wordpress\/?p=131124"},"modified":"2020-04-17T23:01:47","modified_gmt":"2020-04-17T21:01:47","slug":"il-sergente-maggiore-bellunese-medaglia-doro-gildo-dal-pan-di-renato-bona","status":"publish","type":"post","link":"https:\/\/www.radiopiu.net\/wordpress\/il-sergente-maggiore-bellunese-medaglia-doro-gildo-dal-pan-di-renato-bona\/","title":{"rendered":"IL SERGENTE MAGGIORE BELLUNESE MEDAGLIA D\u2019ORO  \u201cGILDO\u201d DAL PAN di Renato Bona"},"content":{"rendered":"<p><strong><a class=\"dt-pswp-item\" href=\"https:\/\/www.radiopiu.net\/wordpress\/wp-content\/uploads\/2019\/08\/553085_385905871470280_1626001170_n-1.jpg\" data-dt-img-description=\"\" data-large_image_width=\"855\" data-large_image_height=\"569\"><img loading=\"lazy\" decoding=\"async\" class=\"alignleft  wp-image-94594\" src=\"https:\/\/www.radiopiu.net\/wordpress\/wp-content\/uploads\/2019\/08\/553085_385905871470280_1626001170_n-1-300x200.jpg\" alt=\"\" width=\"155\" height=\"103\" srcset=\"https:\/\/www.radiopiu.net\/wordpress\/wp-content\/uploads\/2019\/08\/553085_385905871470280_1626001170_n-1-300x200.jpg 300w, https:\/\/www.radiopiu.net\/wordpress\/wp-content\/uploads\/2019\/08\/553085_385905871470280_1626001170_n-1-768x511.jpg 768w, https:\/\/www.radiopiu.net\/wordpress\/wp-content\/uploads\/2019\/08\/553085_385905871470280_1626001170_n-1.jpg 855w\" sizes=\"auto, (max-width: 155px) 100vw, 155px\" \/><\/a>di Renato Bona\u00a0<\/strong><\/p>\n<p>Il sito anpi.it\/storia dell\u2019Associazione nazionale partigiani d\u2019Italia scrive che \u201cLa guerra civile spagnola \u00e8 considerata la \u2018prova generale della seconda guerra mondiale\u201d avendo visto la contrapposizione tra gli schieramenti che qualche anno dopo si sarebbero affrontati nel conflitto globale, ovvero le forze fasciste, sostenute economicamente e militarmente dall\u2019Italia mussoliniana e dal Terzo Reich, e le forse repubblicane appoggiate innanzitutto dall\u2019Unione Sovietica\u201d. Poi dopo un ricordo di quell\u2019epoca, a partire dalla crisi economica globale del 1929, ricorda che \u201c\u2026 alle elezioni del 1931 lo schieramento repubblicano vince in molte citt\u00e0, e ci\u00f2 provoca il crollo della monarchia e l\u2019avvento della Seconda Repubblica spagnola, che si trova a dover gestire la difficile eredit\u00e0 economica e sociale del regime precedente. La crisi incide inevitabilmente sulla popolarit\u00e0 delle sinistre e cos\u00ec, gi\u00e0 alle elezioni del \u201933 la Repubblica subisce una sterzata a destra , ricordata come \u2018biennio nero\u2019 (1934-35). A questa segue un nuovo cambio di rotta alle elezioni del febbraio \u201936. Infatti vince il Frente Popular (che unisce repubblicani e socialisti, comunisti e parte degli anarchici), e ci\u00f2 finisce con il preoccupare la destra filofascista che inizia a pensare a un atto di forza\u2026\u201d.<br \/>\nIl 17 luglio 1936 l\u2019esercito si ammutina e da allora Germania e Italia forniscono a Francisco Franco \u201cGeneralissimo di tutte le forze armate e capo del governo e dello stato spagnolo\u201d. L\u2019Italia fascista in particolare invia 70 mila uomini. La Repubblica spagnola, sostenuta dalle Brigate Internazionali con volontari che accorrono da tutta Europa resiste per quasi due anni ma dopo una grande offensiva, Franco entra trionfalmente a Madrid il 28 marzo 1939. La sua dittatura finir\u00e0 soltanto nel 1975 con la morte del \u201ccaudillo\u201d. Non si pu\u00f2 non ricordare che nel 1938 i nazionalisti spagnoli che ormai avevano il controllo di oltre la met\u00e0 del paese si avvicinarono a Madrid e Barcellona e che in quell\u2019anno, proprio sulla citt\u00e0 catalana, tra il 16 ed il 18 marzo aerei italiani del corpo di spedizione che appoggiava Franco effettuarono 17 missioni sganciando sulle 50 tonnellate di bombe, nessuna delle quali puntava su obiettivi militari! La guerra civile di Spagna si concluse il 1. aprile 1939 con la vittoria dei nazionalisti.<br \/>\nIn questo contesto si inserisce la figura di un bellunese: Ermenegildo Dal Pan, sergente maggiore dell\u2019aeronautica, pilota con l\u2019Aviazione legionaria, il quale, nel secondo anno di guerra, mentre infuriava la battaglia di Guadalajara, in cui i soldati delle opposte fazioni si scontrarono crudelmente \u2013 vinta dalle Brigate Internazionali \u2013 fu ferito in modo grave tanto che, rientrato col velivolo moriva poche ore dopo il combattimento, nell\u2019ospedale di Palma di Maiorca, dove \u00e8 sepolto.<br \/>\n\u201cGildo\u201d &#8211; alla cui memoria, oltre ad una lapide nella centrale via Psaro di Belluno (dove era nato il 28 giugno 1914 e dove aveva frequentato la scuola tecnica ottenendo nel 1934 il diploma di perito elettrotecnico), erano state intitolata una scuola e dedicata una via poi tutte revocate \u2013 era volontario dell\u2019Aeronautica quale allievo sergente. Nell\u2019agosto 1935 &#8211; come si pu\u00f2 leggere nel Quaderno storico di Emanuele d\u2019Andrea (tipografia Tiziano di Pieve di Cadore) \u201cLe medaglie d\u2019oro bellunesi al valor militare\u201d &#8211; pass\u00f2 alla scuola centrale pilotaggio di Grottaglie e venne nominato primo aviere pilota; fu trasferito poi nel novembre dello stesso anno, al 14. Stormo C.T. in Gorizia per l\u2019avvenuta promozione a sergente,e pass\u00f2 al 53. Stormo C.T. a Mirafiori nel maggio1936. Inviato in missione speciale oltremare nel gennaio 1937, entr\u00f2 a far parte dell\u2019Aviazione legionaria.<br \/>\nQuesta la motivazione della medaglia d\u2019oro al valor militare: \u201cVolontario in una missione di guerra per un supremo ideale affrontava le pi\u00f9 ardue prove dimostrando sempre esemplari virt\u00f9 di esperto e prode combattente. Animato da incondizionata entusiastica dedizione per la causa cui aveva votato la giovane balda esistenza, nell\u2019eroico tentativo di portare a termine una rischiosa azione cui era stato preposto (contro una nave sovietica che portava rifornimenti alle forze repubblicane; quel giorno avendo completato il turno come pilota sal\u00ec in qualit\u00e0 di mitragliere su un bombardiere Savoia-Marchetti Pipistrello con equipaggio composto oltre a Dal Pan dal sottotenente pilota Palazzi, dal secondo pilota sergente maggiore Bonamici, dal motorista Fichera, dal marconista Cesarini e dall\u2019armiere Gorini \u2013 ndr.) incontrava morte gloriosa. Cielo di Spagna 19 marzo 1937\u201d.<br \/>\nNELLE FOTO (Wikipedia e Keystone\/Getty\/Images): due immagini di Ermenegildo Dal Pan; volontari antifascisti; soldati nazionalisti scortano prigionieri delle forze internazionali.<\/p>\n<p>&nbsp;<\/p>\n\n\t\t\t<style type='text\/css'>\n\t\t\t\t#gallery-1 {\n\t\t\t\t\tmargin: auto;\n\t\t\t\t}\n\t\t\t\t#gallery-1 .gallery-item {\n\t\t\t\t\tfloat: left;\n\t\t\t\t\tmargin-top: 10px;\n\t\t\t\t\ttext-align: center;\n\t\t\t\t\twidth: 25%;\n\t\t\t\t}\n\t\t\t\t#gallery-1 img {\n\t\t\t\t\tborder: 2px solid #cfcfcf;\n\t\t\t\t}\n\t\t\t\t#gallery-1 .gallery-caption {\n\t\t\t\t\tmargin-left: 0;\n\t\t\t\t}\n\t\t\t\t\/* see gallery_shortcode() in wp-includes\/media.php *\/\n\t\t\t<\/style>\n\t\t<div id='gallery-1' class='dt-gallery-container gallery galleryid-131124 gallery-columns-4 gallery-size-thumbnail'><dl class='gallery-item'>\n\t\t\t\t<dt class='gallery-icon landscape'>\n\t\t\t\t\t<a class=\"rollover\" href='https:\/\/www.radiopiu.net\/wordpress\/il-sergente-maggiore-bellunese-medaglia-doro-gildo-dal-pan-di-renato-bona\/93851407_1568324773327814_5304807621612535808_n\/'><img loading=\"lazy\" decoding=\"async\" width=\"150\" height=\"150\" src=\"https:\/\/www.radiopiu.net\/wordpress\/wp-content\/uploads\/2020\/04\/93851407_1568324773327814_5304807621612535808_n-150x150.png\" class=\"attachment-thumbnail size-thumbnail\" alt=\"\" \/><\/a>\n\t\t\t\t<\/dt><\/dl><dl class='gallery-item'>\n\t\t\t\t<dt class='gallery-icon landscape'>\n\t\t\t\t\t<a class=\"rollover\" href='https:\/\/www.radiopiu.net\/wordpress\/il-sergente-maggiore-bellunese-medaglia-doro-gildo-dal-pan-di-renato-bona\/93679793_228479638257388_4176772235555504128_n\/'><img loading=\"lazy\" decoding=\"async\" width=\"150\" height=\"150\" src=\"https:\/\/www.radiopiu.net\/wordpress\/wp-content\/uploads\/2020\/04\/93679793_228479638257388_4176772235555504128_n-150x150.jpg\" class=\"attachment-thumbnail size-thumbnail\" alt=\"\" \/><\/a>\n\t\t\t\t<\/dt><\/dl><dl class='gallery-item'>\n\t\t\t\t<dt class='gallery-icon portrait'>\n\t\t\t\t\t<a class=\"rollover\" href='https:\/\/www.radiopiu.net\/wordpress\/il-sergente-maggiore-bellunese-medaglia-doro-gildo-dal-pan-di-renato-bona\/93874859_2787734641455878_3662906525602545664_n\/'><img loading=\"lazy\" decoding=\"async\" width=\"150\" height=\"150\" src=\"https:\/\/www.radiopiu.net\/wordpress\/wp-content\/uploads\/2020\/04\/93874859_2787734641455878_3662906525602545664_n-150x150.jpg\" class=\"attachment-thumbnail size-thumbnail\" alt=\"\" \/><\/a>\n\t\t\t\t<\/dt><\/dl><dl class='gallery-item'>\n\t\t\t\t<dt class='gallery-icon portrait'>\n\t\t\t\t\t<a class=\"rollover\" href='https:\/\/www.radiopiu.net\/wordpress\/il-sergente-maggiore-bellunese-medaglia-doro-gildo-dal-pan-di-renato-bona\/93231632_1122166074783879_1805384288783302656_n\/'><img loading=\"lazy\" decoding=\"async\" width=\"150\" height=\"150\" src=\"https:\/\/www.radiopiu.net\/wordpress\/wp-content\/uploads\/2020\/04\/93231632_1122166074783879_1805384288783302656_n-150x150.jpg\" class=\"attachment-thumbnail size-thumbnail\" alt=\"\" \/><\/a>\n\t\t\t\t<\/dt><\/dl><br style=\"clear: both\" \/>\n\t\t\t<\/div>\n\n","protected":false},"excerpt":{"rendered":"<p>di Renato Bona\u00a0 Il sito anpi.it\/storia dell\u2019Associazione nazionale partigiani d\u2019Italia scrive che \u201cLa guerra civile spagnola \u00e8 considerata la \u2018prova generale della seconda guerra mondiale\u201d avendo visto la contrapposizione tra gli schieramenti che qualche anno dopo si sarebbero affrontati nel conflitto globale, ovvero le forze fasciste, sostenute economicamente e militarmente dall\u2019Italia mussoliniana e dal Terzo&hellip;<\/p>\n","protected":false},"author":4,"featured_media":131128,"comment_status":"closed","ping_status":"closed","sticky":false,"template":"","format":"standard","meta":{"_monsterinsights_skip_tracking":false,"_monsterinsights_sitenote_active":false,"_monsterinsights_sitenote_note":"","_monsterinsights_sitenote_category":0,"footnotes":""},"categories":[49],"tags":[],"class_list":["post-131124","post","type-post","status-publish","format-standard","has-post-thumbnail","hentry","category-news-18","category-49","description-off"],"img_url":"https:\/\/www.radiopiu.net\/wordpress\/wp-content\/uploads\/2020\/04\/93231632_1122166074783879_1805384288783302656_n.jpg","_links":{"self":[{"href":"https:\/\/www.radiopiu.net\/wordpress\/wp-json\/wp\/v2\/posts\/131124","targetHints":{"allow":["GET"]}}],"collection":[{"href":"https:\/\/www.radiopiu.net\/wordpress\/wp-json\/wp\/v2\/posts"}],"about":[{"href":"https:\/\/www.radiopiu.net\/wordpress\/wp-json\/wp\/v2\/types\/post"}],"author":[{"embeddable":true,"href":"https:\/\/www.radiopiu.net\/wordpress\/wp-json\/wp\/v2\/users\/4"}],"replies":[{"embeddable":true,"href":"https:\/\/www.radiopiu.net\/wordpress\/wp-json\/wp\/v2\/comments?post=131124"}],"version-history":[{"count":0,"href":"https:\/\/www.radiopiu.net\/wordpress\/wp-json\/wp\/v2\/posts\/131124\/revisions"}],"wp:featuredmedia":[{"embeddable":true,"href":"https:\/\/www.radiopiu.net\/wordpress\/wp-json\/wp\/v2\/media\/131128"}],"wp:attachment":[{"href":"https:\/\/www.radiopiu.net\/wordpress\/wp-json\/wp\/v2\/media?parent=131124"}],"wp:term":[{"taxonomy":"category","embeddable":true,"href":"https:\/\/www.radiopiu.net\/wordpress\/wp-json\/wp\/v2\/categories?post=131124"},{"taxonomy":"post_tag","embeddable":true,"href":"https:\/\/www.radiopiu.net\/wordpress\/wp-json\/wp\/v2\/tags?post=131124"}],"curies":[{"name":"wp","href":"https:\/\/api.w.org\/{rel}","templated":true}]}}