{"id":131172,"date":"2020-04-19T07:40:54","date_gmt":"2020-04-19T05:40:54","guid":{"rendered":"https:\/\/www.radiopiu.net\/wordpress\/?p=131172"},"modified":"2020-04-19T09:04:35","modified_gmt":"2020-04-19T07:04:35","slug":"giornale-radiopiu-19-aprile-2020-direttore-mirko-mezzacasa","status":"publish","type":"post","link":"https:\/\/www.radiopiu.net\/wordpress\/giornale-radiopiu-19-aprile-2020-direttore-mirko-mezzacasa\/","title":{"rendered":"GIORNALE RADIOPIU 19 APRILE 2020 DIRETTORE MIRKO MEZZACASA"},"content":{"rendered":"<h3><strong>PER RICEVERE QUESTO NOTIZIARIO DIRETTAMENTE SUL TUO CELLULARE ISCRIVITI AL CANALE\u00a0TELEGRAM\u00a0<\/strong><strong>\u201cRADIO PIU\u00a0 INFORMAZIONE\u201d<\/strong><\/h3>\n<hr \/>\n<p>&nbsp;<\/p>\n<p>\u2022 Gli ultimi dati del bollettino della Protezione civile del 18 aprile:<strong> 175.925 i\u00a0casi totali <\/strong>(3.491\u00a0pi\u00f9 di venerd\u00ec). I decessi sono <strong>482 nelle ultime 24 ore<\/strong> per un totale di 23.227. I guariti sono <strong>44.297<\/strong>; \u2022 In conferenza stampa il commissario straordinario <strong>Domenico Arcuri<\/strong> sottolinea: &#8220;Durante la seconda guerra mondiale a Milano<strong> morirono 2.000 civili sotto i bombardamenti<\/strong>. Per il coronavirus in due mesi in Lombardia ci hanno lasciato 11.851 civili.<strong> Cinque volte di pi\u00f9&#8221;<\/strong>; \u2022 Oms: &#8220;<strong>Inevitabili nuovi focolai<\/strong>, andranno individuati subito&#8221;; \u2022 Nel mondo sono quasi 155mila le vittime di coronavirus,<strong>\u00a02.25 milioni i casi<\/strong>; il 31% sono stati registrati negli Stati Uniti.<\/p>\n<p>&nbsp;<\/p>\n<p><strong>DAL NOTIZIARIO DEL 22 GENNAIO\u00a0<\/strong><\/p>\n<blockquote class=\"wp-embedded-content\" data-secret=\"WqFtKL1JqF\"><p><a href=\"https:\/\/www.radiopiu.net\/wordpress\/il-video-di-claudio-pra-il-treno-di-satelliti-starlink-spettacolo\/\">IL VIDEO DI CLAUDIO PRA IL TRENO DI SATELLITI STARLINK, SPETTACOLO<\/a><\/p><\/blockquote>\n<p><iframe loading=\"lazy\" title=\"&#8220;IL VIDEO DI CLAUDIO PRA IL TRENO DI SATELLITI STARLINK, SPETTACOLO&#8221; &#8212; Radio Pi\u00f9\" class=\"wp-embedded-content\" sandbox=\"allow-scripts\" security=\"restricted\" style=\"position: absolute; clip: rect(1px, 1px, 1px, 1px);\" src=\"https:\/\/www.radiopiu.net\/wordpress\/il-video-di-claudio-pra-il-treno-di-satelliti-starlink-spettacolo\/embed\/#?secret=WqFtKL1JqF\" data-secret=\"WqFtKL1JqF\" width=\"600\" height=\"338\" frameborder=\"0\" marginwidth=\"0\" marginheight=\"0\" scrolling=\"no\"><\/iframe><\/p>\n<p>&nbsp;<\/p>\n<p>&nbsp;<\/p>\n<p>&nbsp;<\/p>\n<blockquote>\n<h3><span style=\"color: #339966;\">LA PRUDENZA DEL GOVERNO, LA VOGLIA D<\/span>I SCATTARE DELLE REGIONI ANCHE PRIMA DEL 4 MAGGIO. IERI ALTRE DUE VITTIME IN PROVINCIA <span style=\"color: #ff0000;\">ERANO OSPITI DELLE CASE DI RIPOSO.<\/span><\/h3>\n<\/blockquote>\n<p><strong>di Mirko Mezzacasa\u00a0<\/strong><\/p>\n<p>Riapertura ma non prima del 4 maggio, su questo il Governo non transige, nessuna deroga per le Regionei che non potranno agire in autonomia ma dovranno adeguarsi ad un piano nazionale. Per il Ministro Francesco Boccia la scelta di vietare gli spostamenti interregionali \u00e8 corretta<em> &#8220;Le misure del Governo &#8211; ha detto &#8211; possono essere ristrette ma non allenatare. Resteranno le zone rosse se l&#8217;emergenza lo richieder\u00e0&#8221;.<\/em> Scelte che si scontrano con quelle del Governatore Zaia ad esempio che prevedeva un piano di allentamento immediato\u00a0 un progetto sperimentale per scaldare i motori prima del 4 maggio.\u00a0 <em>&#8220;Si potrebbe cominciare ad allentare da subito, con un razionale e prudente progetto di apertura da adesso fino al 4 maggio, per rendere anche i cittadini pi\u00f9 consapevoli. Una sorta di\u00a0 limbo di convivenza con il virus, non possiamo aspettare l\u2019ultimo negativizzato. Mascherine, guanti, sanificazioni, distanziamento sociale dove si pu\u00f2: questo \u00e8 il metodo per ripartire e affrontare le riaperture .L\u2019idea: un programma di aperture per mettere in moto la macchina, scaldare i motori e poi andare a regime&#8221;. <\/em><em>\u00a0<\/em>Le curve del bollettino sono comunque in discesa che non \u00e8 da impennata come la risalita ma graduali. Ieri in Veneto 23 decessi in 24 ore. Positivi 318 in pi\u00f9, 10444 gli attualmente positivi, 15692 dal 21\u00a0 febbraio, 4189 i negativizzati. Sempre\u00a0 zero positivi nelle 24 ore a Vo\u2019 (87), In isolamento domiciliare 12723 persone. Deceduti 1059. OSPEDALE: 1428\u00a0 ricoverati (-81) terapia intensiva 190 (-7) negativizzati 331 dimessi 2153 decessi 919. Ieri all&#8217;ospedale San Martino di Belluno \u00e8 morto un paziente covid positivo di Ponte nelle Alpi di 67 anni gi\u00e0 ospite della casa di riposo di Santa Croce del Lago, \u00e8 morto Lino Francescon di Mel 88 anni\u00a0 nella casa di riposo di Trichiana mentre \u00e8 iniziata la sanificazione della casa Padre Kolbe di Pedavena dove si sono contati decine di contagi. In Provincia rispetto a venerdi 28 positivi in pi\u00f9 (835 dal 21 febbraio, 664 attualmente positivi),\u00a0 58 deceduti (anche extra ospedale), 122 negativizzati\/guariti (+9). Ospedale San Martino 37 (-3) terapia intensiva 7 (-1), dimessi 59, decessi 28 (ieri 1). Ospedale Feltre 0 dimessi 12 decessi 6, Belluno Comunit\u00e0 14 (+1), dimessi 14, negativizzati 0 decessi 6. Agordo 14 (0), negativizzati 2 dimessi 5, decessi 1. Bellunesi in isolamento domiciliare 1130, in crescita +27. I decessi in provincia tenendo conto anche delle case di riposo salgono a 58. La bella notizia, la forza della sanit\u00e0 veneta: Il dottor Enrico Sartorello del Sant\u2019Antonio, ha operato una ragazza di 24 anni del Congo,\u00a0 sostituendo contemporaneamente entrambe le teste del femore, ora questa ragazza cammina. E\u2019 stata dimessa 5 giorni fa. Da ieri si riparla anche di una terza fase, quella del ritorno del virus\u00a0<em><b> &#8220;<\/b>Ma saremo pi\u00f9 preparati rispetto al 21 febbraio &#8211; dice Zaia &#8211;\u00a0 Il virus non se ne va \u00e8 come i funghi. Quindi la fase 3 non \u00e8 solo un\u2019ipotesi ma \u00e8 una certezza le proiezioni ci fanno vedere pazienti anche a giugno, fino a quando non avremo un vaccino ci saranno sempre nuove ondate, speriamo siano piccoli focolai da contenere. Per questo bisogna stare attenti a non accelerare le aperture. Ma siamo pronti a schierare un migliaio di terapie intensive. Siamo pronti a tutto con l\u2019artiglieria pesante, siamo comunque attrezzati e bombarderemo il virus che gi\u00e0 ha fatto un sacco di danni&#8221;.\u00a0<\/em>Ci sono per\u00f2 delle attivit\u00e0 di ristorazione che hanno molti dubbi sull&#8217;eventualit\u00e0 di riaprire, l&#8217;obbligo delle distanze, la paura della gente, i costi del personale fanno temere agli imprenditori che non sar\u00e0 come prima e rischieranno di riaprire con bilanci in perdita, per questo c&#8217;\u00e8 chi \u00e8 pronto a tenere chiuso anche fino a settembre. Infine una notizia da Canale d&#8217;Agordo, \u00e8 morto Aldo Fiocco, aveva 91 anni, sar\u00e0 ricordato anche come perito minerario che ha saputo distinguersi nel mondo fino al Polo Sud nella spedizione con Quintino Da Roit e Antonio Fontanive.<\/p>\n<p>&nbsp;<\/p>\n<p>&nbsp;<\/p>\n<hr \/>\n<p>&nbsp;<\/p>\n<p><strong>E&#8217; ANDATA COME&#8230; PREVISTO. IERI TUTTI IN CODA AGLI ECOCENTRI<\/strong> Nonostante gli appelli e gli inviti dei sindaci ieri lunghe code in tutti gli ecocentri della vallata. C&#8217;\u00e8 anche chi \u00e8 rimasto qualche ora in coda sotto il sole a alle 12 ha dovuto innestare la retromarcia e tornare a casa, come era stato anticipato, infatti, all&#8217;ora prestabilita gli ecocentri hanno chiuso i cancelli invitando la gente a tornare negli orari di apertura.<\/p>\n<blockquote class=\"wp-embedded-content\" data-secret=\"buoUyNyfhs\"><p><a href=\"https:\/\/www.radiopiu.net\/wordpress\/le-foto-dagli-ecocentri-tutti-in-coda\/\">LE FOTO DAGLI ECOCENTRI&#8230; TUTTI IN CODA<\/a><\/p><\/blockquote>\n<p><iframe loading=\"lazy\" title=\"&#8220;LE FOTO DAGLI ECOCENTRI&#8230; TUTTI IN CODA&#8221; &#8212; Radio Pi\u00f9\" class=\"wp-embedded-content\" sandbox=\"allow-scripts\" security=\"restricted\" style=\"position: absolute; clip: rect(1px, 1px, 1px, 1px);\" src=\"https:\/\/www.radiopiu.net\/wordpress\/le-foto-dagli-ecocentri-tutti-in-coda\/embed\/#?secret=buoUyNyfhs\" data-secret=\"buoUyNyfhs\" width=\"600\" height=\"338\" frameborder=\"0\" marginwidth=\"0\" marginheight=\"0\" scrolling=\"no\"><\/iframe><\/p>\n<p>&nbsp;<\/p>\n<hr \/>\n<p>&nbsp;<\/p>\n<p>&nbsp;<\/p>\n<p>&nbsp;<\/p>\n<blockquote>\n<h3>AGGIORNAMENTO ULSS 1 DOLOMITI 18 MARZO 2020<\/h3>\n<\/blockquote>\n<p><strong>BELLUNO<\/strong>\u00a0GLI AGGIORNAMENTI DALLA ULSS 1 DOLOMITI<\/p>\n<p><strong>SORVEGLIANZA SANITARIA COVID-19\u00a0<\/strong>Numero totale tamponi effettuati per ricerca nCoV al 18 aprile 2020\u00a0<strong>14.227 (+ 393)\u00a0<\/strong>\u00a0Persone residenti in Ulss Dolomiti in isolamento domiciliare fiduciario e sorveglianza attiva al 18 aprile 2020:\u00a0<b>1126 (+ 5 rispetto ieri)\u00a0<\/b>Alcuni tamponi sono stati effettuati pi\u00f9 volte sulle stesse persone<\/p>\n<p><a class=\"dt-pswp-item\" href=\"https:\/\/www.radiopiu.net\/wordpress\/wp-content\/uploads\/2020\/04\/Schermata-2020-04-18-alle-19.15.05.png\" data-dt-img-description=\"\" data-large_image_width=\"1354\" data-large_image_height=\"1676\"><img loading=\"lazy\" decoding=\"async\" class=\"alignnone wp-image-131263\" src=\"https:\/\/www.radiopiu.net\/wordpress\/wp-content\/uploads\/2020\/04\/Schermata-2020-04-18-alle-19.15.05-242x300.png\" alt=\"\" width=\"469\" height=\"581\" srcset=\"https:\/\/www.radiopiu.net\/wordpress\/wp-content\/uploads\/2020\/04\/Schermata-2020-04-18-alle-19.15.05-242x300.png 242w, https:\/\/www.radiopiu.net\/wordpress\/wp-content\/uploads\/2020\/04\/Schermata-2020-04-18-alle-19.15.05-827x1024.png 827w, https:\/\/www.radiopiu.net\/wordpress\/wp-content\/uploads\/2020\/04\/Schermata-2020-04-18-alle-19.15.05-768x951.png 768w, https:\/\/www.radiopiu.net\/wordpress\/wp-content\/uploads\/2020\/04\/Schermata-2020-04-18-alle-19.15.05-1241x1536.png 1241w, https:\/\/www.radiopiu.net\/wordpress\/wp-content\/uploads\/2020\/04\/Schermata-2020-04-18-alle-19.15.05.png 1354w\" sizes=\"auto, (max-width: 469px) 100vw, 469px\" \/><\/a><\/p>\n<p>&nbsp;<\/p>\n<hr \/>\n<p>&nbsp;<\/p>\n<blockquote class=\"wp-embedded-content\" data-secret=\"GcRyMuJR8T\"><p><a href=\"https:\/\/www.radiopiu.net\/wordpress\/aggiornamento-assessorato-protezione-civile-18-aprile-2020\/\">AGGIORNAMENTO ASSESSORATO PROTEZIONE CIVILE 18 APRILE 2020<\/a><\/p><\/blockquote>\n<p><iframe loading=\"lazy\" title=\"&#8220;AGGIORNAMENTO ASSESSORATO PROTEZIONE CIVILE 18 APRILE 2020&#8221; &#8212; Radio Pi\u00f9\" class=\"wp-embedded-content\" sandbox=\"allow-scripts\" security=\"restricted\" style=\"position: absolute; clip: rect(1px, 1px, 1px, 1px);\" src=\"https:\/\/www.radiopiu.net\/wordpress\/aggiornamento-assessorato-protezione-civile-18-aprile-2020\/embed\/#?secret=GcRyMuJR8T\" data-secret=\"GcRyMuJR8T\" width=\"600\" height=\"338\" frameborder=\"0\" marginwidth=\"0\" marginheight=\"0\" scrolling=\"no\"><\/iframe><\/p>\n<p><strong>L&#8217;INTERVENTO DI GIANPAOLO BOTTACIN NEL GR DELLE 14:30 IERI<\/strong><\/p>\n<audio class=\"wp-audio-shortcode\" id=\"audio-131172-1\" preload=\"none\" style=\"width: 100%;\" controls=\"controls\"><source type=\"audio\/mpeg\" src=\"https:\/\/www.radiopiu.net\/wordpress\/wp-content\/uploads\/2020\/04\/BOTTACIN-18-APRILE.mp3?_=1\" \/><a href=\"https:\/\/www.radiopiu.net\/wordpress\/wp-content\/uploads\/2020\/04\/BOTTACIN-18-APRILE.mp3\">https:\/\/www.radiopiu.net\/wordpress\/wp-content\/uploads\/2020\/04\/BOTTACIN-18-APRILE.mp3<\/a><\/audio>\n<p>&nbsp;<\/p>\n<hr \/>\n<p>&nbsp;<\/p>\n<blockquote>\n<h3>LA CONFERENZA STAMPA DI ZAIA IERI<\/h3>\n<\/blockquote>\n<h2>LEGGI LA CONFERENZA STAMPA DI LUCA ZAIA<\/h2>\n<blockquote>\n<h2>LA FASE 3 SARA\u2019 MOLTO PEGGIORE DELLA 1,\u00a0 MA SIAMO PRONTI CON L\u2019ARTIGLIERIA PESANTE A BOMBARDARE IL VIRUS CHE HA GIA\u2019 FATTO TROPPI DANNI<\/h2>\n<\/blockquote>\n<p><em>Dobbiamo avere consapevolezza che il virus non se ne va, ha una sua stagionalit\u00e0 e continuer\u00e0 a girare lo ha detto anche il professor Ricciardi che \u00e8 certo di una seconda ondata epidemica in autunno.\u00a0 siamo pronti a schierare un migliaio di posti in terapia intensiva. Dal 4 maggio:\u00a0 penserei di aprire\u00a0 a tutti un poco,\u00a0 chi ha 100 dipendenti cominci a farne tornare al lavoro15, cominci ad organizzarsi e fare formazione. Fosse per me riaprirei tutto il 4 maggio abbiamo pronto un piano per partire anche prima ma non certo con i box sulle spiagge o ristoranti trasformati in ospedale.<\/em><\/p>\n<p>&nbsp;<\/p>\n<p><strong>I DATI BOLLETTINO DELLE 12 DA AZIENDA ZERO<\/strong>\u00a0 Solo un bollettino al giorno in isolamento 12723 (-766 rispetto a ieri), positivi 15692 (+318) su 247029 tamponi. Ricoverati 1477 (-79) in terapia intensiva 190 (-7), Dimessi 2051, morti 900 (+23), nati 92. In terapia intensiva no covid 196 superati i pazienti di coronavirus. 9532 pazienti in Veneto ricoverati e non coronavirus<\/p>\n<p><strong>AVIGAN<\/strong>: E\u2019 arrivato finalmente il farmaco anche in Veneto, puo\u2019 partire la sperimentazione. I farmaci in fase di testo con l\u2019Avigan ora sono 7.<\/p>\n<p><strong>TAMPONI\u00a0<\/strong>Il numero di tamponi fatti sale a 250 mila per questo \u00e8 sempre in aumento il numero dei positivi. Quindi non \u00e8 che le Regioni del Nord siano un pericolo di contagio, ma sono Regioni virtuose che fanno tanti controlli e i positivi sono proporzionali al numero di tamponi .Il problema \u00e8\u00a0 la capacit\u00e0 di processazione dei macchinari e laboratori e gli operatori ma ci stiamo attrezzando du tutti i fronti.<\/p>\n<p><strong>DATO IMPORTANTE<\/strong>\u00a0Sono 190 i pazienti in terapia intensiva, 196 nelle terapie no covid, quindi c\u2019\u00e8 stato il \u201csorpasso\u201d.<\/p>\n<p><strong>AUTUNNO<\/strong>\u00a0Si teme il ritorno del virus con la stagione autunnale Bisogna essere pronti e pi\u00f9 performanti anche di ora<\/p>\n<p><strong>LA LEZIONE DI VO\u2019<\/strong>\u00a0Aver chiuso la zona, aver fatto 3000 tamponi a tutti i cittadini (66 positivi messi in isolamento, quasi tutti asintomatici) ha evitato il contagio di massa.<\/p>\n<p><strong>DONAZIONI\u00a0<\/strong>Assicurazione Generali mette sul piatto 1 milione di euro,<br \/>\nCspfea di Este, ha versato\u00a0 17mila euro. Il titolare \u00e8 arrivato secondo all\u2019asta dell\u2019uovo e ha comunque deciso di fare una donazione.<\/p>\n<p><strong>I DISEGNI DEI BAMBIN<\/strong>I finiranno in mostra.<\/p>\n<p><strong>LA FORZA DELLA SANITA\u2019 VENETA\u00a0<\/strong>\u00a0Il dottor Enrico Sartorello del Sant\u2019Antonio, ha operato una ragazza di 24 anni del Congo,\u00a0 Hanno cambiato contemporaneamente entrambe le teste del femore, ora questa ragazza cammina. E\u2019 stata dimessa 5 giorni fa: questa \u00e8 la Sanit\u00e0 del Veneto: in Veneto si arriva che non si cammina e si riparte con le proprie gambe.<\/p>\n<p><strong>3 MAGGIO SCADE IL DPCM GOVERNATIVO<\/strong>\u00a0\u00a0il 4 maggio\u00a0 auspico si possa aprire con regole e garanzie dal mondo scientifico. Si potrebbe cominciare ad allentare da subito, con un razionale e prudente progetto di apertura da adesso fino al 4 maggio, per rendere anche i cittadini pi\u00f9 consapevoli. Una sorta di\u00a0 limbo di convivenza con il virus, non possiamo aspettare l\u2019ultimo negativizzato. Mascherine, guanti, sanificazioni, distanziamento sociale dove si pu\u00f2: questo \u00e8 il metodo per ripartire e affrontare le riaperture.L\u2019idea: un programma di aperture per mettere in moto la macchina, scaldare i motori e poi andare a regime.<\/p>\n<p><strong>LA TERZA FASE<\/strong>\u00a0\u00e9 quella del ritorno del virus, \u00e8 chiaro che con la seconda fase si rischia, ma come abbiamo chiuso con gradualit\u00e0 questo paese \u00e8 giusto dove ci sono i presupposti riaprire sempre con gradualit\u00e0. Venti giorni fa c\u2019erano centinaia di persone in terapia intensiva e migliaia di ricoverati, ora calano le terapie (sotto i 200) e anche i ricoveri in ospedale. Non parliamo di festa della Liberazione dal virus con il quale dovremo convivere.<\/p>\n<p><strong>FASE 3 UNA SECONDA ONDATA QUALE SCENARIO<\/strong>\u00a0Intanto saremo pi\u00f9 preparati rispetto al 21 febbraio. Il virus non se ne va \u00e8 come i funghi. Quindi la fase 3 non \u00e8 solo un\u2019ipotesi ma \u00e8 una certezza le proiezioni ci fanno vedere pazienti anche a giugno, fino a quando non avremo un vaccino ci saranno sempre nuove ondate, speriamo siano piccoli focolai da contenere. Per questo bisogna stare attenti a non accelerare le aperture. Ma siamo pronti a schierare un migliaio di terapie intensive. Siamo pronti a tutto con l\u2019artiglieria pesante, siamo comunque attrezzati e bombarderemo il virus che gi\u00e0 ha fatto un sacco di danni.<\/p>\n<p><strong>C\u2019E\u2019 CHI VUOLE APRIRE A SETTEMBRE PERCHE\u2019 ORA NON CONVIENE<\/strong>\u00a0Se questi ristoratori chiedono la norma per riaprire tutti a settembre scoppia la rivoluzione. Ognuno decider\u00e0 per conto proprio semmai quando riaprire. Sar\u00e0\u00a0 una scelta settoriale, ogni azienda ha una sua storia. Non vogliamo si trasformino i ristoranti in ospedali. CI dovranno essere distanziamenti sostenibili socialmente con tutte le regole del normale accesso.\u00a0 Ovviamente non si mangia con la mascherina e non faremo nemmeno la zip alla mascherina.<\/p>\n<p><strong>SPOSTAMENTI INTERREGIONALI:<\/strong>\u00a0Gli spostamenti per noi sono limitati a chi \u00e8 in sicurezza. Se si apre bisogna aprire, punto, senza limitazioni. De Luca? Parlare di confini e dei grandi contagi del nord \u00e8 sbagliato: bisogna vedere il numero dei tamponi fatti e il numero dei contagiati, questo \u00e8 un confronto reale.<strong>\u00a0<\/strong><\/p>\n<p><strong>SECONDE CASE\u00a0<\/strong>\u00a0Si ritorna alla normalit\u00e0 solo quando lo decider\u00e0 Roma con il nuovo DPCM il Veneto non ha mai vietato l\u2019uso delle seconde case, i turisti sono sacri per noi.<\/p>\n<p>https:\/\/www.facebook.com\/zaiaufficiale\/videos\/694223384656420<\/p>\n<p>https:\/\/www.facebook.com\/zaiaufficiale\/videos\/1516203151914666<\/p>\n<p>&nbsp;<\/p>\n<hr \/>\n<p>&nbsp;<\/p>\n<blockquote>\n<h3>DATI E GRAFICI DEL GIORNO, PROVINCIA \u2013 REGIONE 18 APRILE 2020<\/h3>\n<\/blockquote>\n<p><strong>Con la collaborazione di Tiziano De Col<\/strong><\/p>\n<p><a class=\"dt-pswp-item\" href=\"https:\/\/www.radiopiu.net\/wordpress\/wp-content\/uploads\/2020\/04\/Schermata-2020-04-18-alle-19.12.05.png\" data-dt-img-description=\"\" data-large_image_width=\"716\" data-large_image_height=\"456\"><img loading=\"lazy\" decoding=\"async\" class=\"alignnone size-medium wp-image-131262\" src=\"https:\/\/www.radiopiu.net\/wordpress\/wp-content\/uploads\/2020\/04\/Schermata-2020-04-18-alle-19.12.05-300x191.png\" alt=\"\" width=\"300\" height=\"191\" srcset=\"https:\/\/www.radiopiu.net\/wordpress\/wp-content\/uploads\/2020\/04\/Schermata-2020-04-18-alle-19.12.05-300x191.png 300w, https:\/\/www.radiopiu.net\/wordpress\/wp-content\/uploads\/2020\/04\/Schermata-2020-04-18-alle-19.12.05.png 716w\" sizes=\"auto, (max-width: 300px) 100vw, 300px\" \/><\/a><\/p>\n<p>I dati dei contagi odierni , riportano l&#8217;incremento giornaliero per la Provincia di Belluno che fa segnare ancora un incremento tra i pi\u00f9 alti del Veneto, il secondo dopo Vicenza. La provincia di Belluno resta con il rapporto contagi-popolazione tra i pi\u00f9 alti tra le Province Venete ben al di sopra di Treviso, Vicenza, Venezia e Rovigo in linea con i valori di Padova e Verona.<\/p>\n<p><a class=\"dt-pswp-item\" href=\"https:\/\/www.radiopiu.net\/wordpress\/wp-content\/uploads\/2020\/04\/c68abb1d-7d2d-45c4-b533-f4283ed88003.jpg\" data-dt-img-description=\"\" data-large_image_width=\"686\" data-large_image_height=\"418\"><img loading=\"lazy\" decoding=\"async\" class=\"alignnone wp-image-131267\" src=\"https:\/\/www.radiopiu.net\/wordpress\/wp-content\/uploads\/2020\/04\/c68abb1d-7d2d-45c4-b533-f4283ed88003-300x183.jpg\" alt=\"\" width=\"366\" height=\"223\" srcset=\"https:\/\/www.radiopiu.net\/wordpress\/wp-content\/uploads\/2020\/04\/c68abb1d-7d2d-45c4-b533-f4283ed88003-300x183.jpg 300w, https:\/\/www.radiopiu.net\/wordpress\/wp-content\/uploads\/2020\/04\/c68abb1d-7d2d-45c4-b533-f4283ed88003.jpg 686w\" sizes=\"auto, (max-width: 366px) 100vw, 366px\" \/><\/a><\/p>\n<p>&nbsp;<\/p>\n<hr \/>\n<p>&nbsp;<\/p>\n<blockquote>\n<h3>&#8220;DE COCCIO&#8221;: 111 SANZIONI IN 5 GIORNI, 16 IERI<\/h3>\n<\/blockquote>\n<p><strong>BELLUNO<\/strong> La Prefettura di Belluno fa il punto della situazione sui controlli da inizio settimana. 111 le persone sanzionate dopo 3814 controlli effettuati in 5 giorni. Nella sola giornata di venerd\u00ec 673 persone controllate e 16 sanzionate. Da inizio emergenza COVD-19 sono 21667 i controlli con 843 sanzioni. Sempre ieri 1236 esercizi commerciali controllati e nessuna irregolarit\u00e0 riscontrata.<\/p>\n<p><a class=\"dt-pswp-item\" href=\"https:\/\/www.radiopiu.net\/wordpress\/wp-content\/uploads\/2020\/04\/18.04_-_MONITORAGGIO_SETTIMANALE_DEI_SERVIZI_DI_CONTROLLO.jpg\" data-dt-img-description=\"\" data-large_image_width=\"1240\" data-large_image_height=\"1753\"><img loading=\"lazy\" decoding=\"async\" class=\"alignnone wp-image-131150\" src=\"https:\/\/www.radiopiu.net\/wordpress\/wp-content\/uploads\/2020\/04\/18.04_-_MONITORAGGIO_SETTIMANALE_DEI_SERVIZI_DI_CONTROLLO-724x1024.jpg\" alt=\"\" width=\"401\" height=\"567\" srcset=\"https:\/\/www.radiopiu.net\/wordpress\/wp-content\/uploads\/2020\/04\/18.04_-_MONITORAGGIO_SETTIMANALE_DEI_SERVIZI_DI_CONTROLLO-724x1024.jpg 724w, https:\/\/www.radiopiu.net\/wordpress\/wp-content\/uploads\/2020\/04\/18.04_-_MONITORAGGIO_SETTIMANALE_DEI_SERVIZI_DI_CONTROLLO-212x300.jpg 212w, https:\/\/www.radiopiu.net\/wordpress\/wp-content\/uploads\/2020\/04\/18.04_-_MONITORAGGIO_SETTIMANALE_DEI_SERVIZI_DI_CONTROLLO-768x1086.jpg 768w, https:\/\/www.radiopiu.net\/wordpress\/wp-content\/uploads\/2020\/04\/18.04_-_MONITORAGGIO_SETTIMANALE_DEI_SERVIZI_DI_CONTROLLO-1087x1536.jpg 1087w, https:\/\/www.radiopiu.net\/wordpress\/wp-content\/uploads\/2020\/04\/18.04_-_MONITORAGGIO_SETTIMANALE_DEI_SERVIZI_DI_CONTROLLO.jpg 1240w\" sizes=\"auto, (max-width: 401px) 100vw, 401px\" \/><\/a><\/p>\n<p>&nbsp;<\/p>\n<hr \/>\n<p>&nbsp;<\/p>\n<blockquote>\n<h3>IL LENTO RITORNO ALLA &#8220;NORMALITA&#8221; LE NUOVE EMOZIONI<\/h3>\n<\/blockquote>\n<p><strong><a class=\"dt-pswp-item\" href=\"https:\/\/www.radiopiu.net\/wordpress\/wp-content\/uploads\/2016\/06\/lavoro-fabbrica.jpg\" data-dt-img-description=\"\" data-large_image_width=\"990\" data-large_image_height=\"660\"><img loading=\"lazy\" decoding=\"async\" class=\"alignleft size-medium wp-image-20298\" src=\"https:\/\/www.radiopiu.net\/wordpress\/wp-content\/uploads\/2016\/06\/lavoro-fabbrica-300x200.jpg\" alt=\"\" width=\"300\" height=\"200\" \/><\/a>RADIO PIU&#8217;<\/strong> Riceviamo e pubblichiamo una lettera di una nostra ascoltatrice che parla del rientro sul posto di lavoro.<\/p>\n<blockquote><p><strong>LA LETTERA<\/strong><\/p>\n<p><em>\u00c8 sabato mattina e mi aspetta un week end di riposo dopo una settimana di lavoro come tanti di voi. Il silenzio \u00e8 interrotto solo dal passaggio di qualche macchina gi\u00f9 in strada .\u00c8 una bella giornata di sole che passer\u00f2 in casa . La cosa non mi crea grandi disagi. Questa settimana sono uscita per recarmi al lavoro dopo un mese di &#8220;reclusione&#8221; ed ero molto in ansia.Il solo salire in macchina con mascherina, gel ,autocertificazione mi innervosiva. Nel tragitto casa-lavoro e&#8217; stato un susseguirsi di pensieri assurdi, chiss\u00e0 quante persone infette incontrer\u00f2. Mi contager\u00f2? Non devo toccare niente. Arrivo nel parcheggio dell&#8217;azienda presso cui lavoro e incontro una mia cara amica dopo tanto tempo.Sotto la mascherina si intravede un sorriso e la stessa preoccupazione che ho io. Ne parliamo a debita distanza e ci avviamo all&#8217;ingresso. Bisogna seguire un percorso obbligato per entrare ed attuare un protocollo di sicurezza, disinfettare le mani, indossare una mascherina e farsi misurare la temperatura.E poi si accede al proprio reparto. Rivedo i miei colleghi dopo tanto tempo e non mi fanno paura. Anzi qualcuno lo vorrei riabbracciare, ma non si pu\u00f2. \u00c8 difficile non potersi scambiare una caramella o bere un caff\u00e8 seduti vicini. La giornata di lavoro comincia regolarmente e prosegue lentamente. E&#8217; difficile concentrarsi. La mascherina tiene caldo. La vorrei togliere. Per qualche ora \u00e8 stato il mio unico pensiero. Se dovessi usarla per tutta l&#8217;estate? Chiss\u00e0 come fanno i medici, gli infermieri. Piano piano la sensazione di fastidio diminuisce.Si comincia a interagire tra colleghi e si scambiano quattro chiacchiere. Per la prima volta dopo un mese mi sembra di essere tornata alla &#8220;normalit\u00e0 &#8220;. E mi sento bene. Chi l&#8217;avrebbe detto! La settimana \u00e8 trascorsa serena nel rispetto delle nuove regole di sicurezza. Il virus mi fa ancora paura ? La risposta \u00e8 s\u00ec. Ma per tornare alla routine quotidiana bisogna fare qualche sacrificio, e i miei sono poca cosa rispetto a quelli di medici ,infermieri, forze dell&#8217;ordine &#8230;buon week end<\/em><\/p>\n<p><em>Simonetta De Nardin<\/em><\/p><\/blockquote>\n<p>&nbsp;<\/p>\n<hr \/>\n<p>&nbsp;<\/p>\n<blockquote>\n<h3>BELLUNO: RIGENERAZIONE URBANA, BREVE STOP PER IL LOCKDOWN NUOVE REGOLE PER I CANTIERI; A MAGGIO LA RIPARTENZA<\/h3>\n<\/blockquote>\n<p><strong><a class=\"dt-pswp-item\" href=\"https:\/\/www.radiopiu.net\/wordpress\/wp-content\/uploads\/2020\/04\/BELLUNO-SCUDETTO.png\" data-dt-img-description=\"\" data-large_image_width=\"800\" data-large_image_height=\"800\"><img loading=\"lazy\" decoding=\"async\" class=\"alignleft size-medium wp-image-131247\" src=\"https:\/\/www.radiopiu.net\/wordpress\/wp-content\/uploads\/2020\/04\/BELLUNO-SCUDETTO-300x300.png\" alt=\"\" width=\"300\" height=\"300\" srcset=\"https:\/\/www.radiopiu.net\/wordpress\/wp-content\/uploads\/2020\/04\/BELLUNO-SCUDETTO-300x300.png 300w, https:\/\/www.radiopiu.net\/wordpress\/wp-content\/uploads\/2020\/04\/BELLUNO-SCUDETTO-150x150.png 150w, https:\/\/www.radiopiu.net\/wordpress\/wp-content\/uploads\/2020\/04\/BELLUNO-SCUDETTO-768x768.png 768w, https:\/\/www.radiopiu.net\/wordpress\/wp-content\/uploads\/2020\/04\/BELLUNO-SCUDETTO.png 800w\" sizes=\"auto, (max-width: 300px) 100vw, 300px\" \/><\/a>BELLUNO<\/strong>\u00a0Il lockdown per Coronavirus ha bloccato per qualche settimana i cantieri della rigenerazione urbana, ma si potr\u00e0 presto ripartire con nuove regole per il regolare svolgimento dei lavori: questo quanto emerso dalla videoconferenza che ha visto coinvolti tutti i progettisti dei cantieri comunali per la rigenerazione urbana e gli amministratori e tecnici di Palazzo Rosso (il sindaco Jacopo Massaro e l&#8217;assessore Franco Frison; il segretario generale Francesco Pucci; il Responsabile Unico del Procedimento, Carlo Erranti e l&#8217;ingegnere Alessandra Venturelli).<\/p>\n<p><b>I cantieri aperti\u00a0<\/b>Con il fermo dei cantieri, scattato verso met\u00e0 marzo, il confronto \u00e8 stato l&#8217;occasione per fare il punto sull&#8217;avanzamento dei lavori; quattro i cantieri ora: la Mediateca delle Dolomiti, a Palazzo Crepadona; la ristrutturazione della scuola Gabelli; il centro del terzo settore all\u2019ex caserma Piave; la ciclabile Antole-Casoni.\u00a0Sul tavolo, la necessit\u00e0 di adeguare i Piani di Sicurezza e Coordinamento dei cantieri alle nuove norme di distanziamento sociale: modifiche che, vista la vastit\u00e0 delle aree di intervento, non dovrebbero comportare particolari problematiche.<\/p>\n<p><b>Gli altri progetti <\/b>Poco prima di Pasqua \u00e8 stato sottoscritto anche il contratto con il raggruppamento di imprese \u2013 tra le quali anche la bellunese Deon &#8211; a cui sono stati affidati i lavori presso l\u2019ex Chiesa dei Gesuiti, dove quindi presto potranno partire i lavori di restauro.\u00a0Palazzo Rosso \u00e8 invece ancora in attesa del nulla osta da parte del nucleo di monitoraggio presso la Presidenza del Consiglio dei Ministri per poter adeguare il progetto per il Parco della Piave, a Lambioi, dopo il devastante passaggio della tempesta Vaia.\u00a0Infine, per l\u2019intervento di sistemazione del piazzale della stazione, sono in corso alcuni approfondimenti tecnici con la Provincia.<\/p>\n<p><strong>L&#8217;ASSESSORE DEL COMUNE DI BELLUNO FRANCO FRISON<\/strong><\/p>\n<audio class=\"wp-audio-shortcode\" id=\"audio-131172-2\" preload=\"none\" style=\"width: 100%;\" controls=\"controls\"><source type=\"audio\/mpeg\" src=\"https:\/\/www.radiopiu.net\/wordpress\/wp-content\/uploads\/2020\/04\/Frison-Rigenerazione-urbana-aprile-2020.mp3?_=2\" \/><a href=\"https:\/\/www.radiopiu.net\/wordpress\/wp-content\/uploads\/2020\/04\/Frison-Rigenerazione-urbana-aprile-2020.mp3\">https:\/\/www.radiopiu.net\/wordpress\/wp-content\/uploads\/2020\/04\/Frison-Rigenerazione-urbana-aprile-2020.mp3<\/a><\/audio>\n<p>&nbsp;<\/p>\n<hr \/>\n<p>&nbsp;<\/p>\n<blockquote>\n<h3>SUCCHI DI FRUTTA PER LE CASE DI RIPOSO E COPRISEDILE PER I MEZZI DI PROTEZIONE CIVILE: CONTINUANO LE DONAZIONI ALLA PROVINCIA<\/h3>\n<\/blockquote>\n<p><strong><a class=\"dt-pswp-item\" href=\"https:\/\/www.radiopiu.net\/wordpress\/wp-content\/uploads\/2020\/04\/WhatsApp-Image-2020-04-18-at-13.42.59.jpeg\" data-dt-img-description=\"\" data-large_image_width=\"1600\" data-large_image_height=\"1200\"><img loading=\"lazy\" decoding=\"async\" class=\"alignleft wp-image-131238\" src=\"https:\/\/www.radiopiu.net\/wordpress\/wp-content\/uploads\/2020\/04\/WhatsApp-Image-2020-04-18-at-13.42.59-300x225.jpeg\" alt=\"\" width=\"231\" height=\"173\" srcset=\"https:\/\/www.radiopiu.net\/wordpress\/wp-content\/uploads\/2020\/04\/WhatsApp-Image-2020-04-18-at-13.42.59-300x225.jpeg 300w, https:\/\/www.radiopiu.net\/wordpress\/wp-content\/uploads\/2020\/04\/WhatsApp-Image-2020-04-18-at-13.42.59-1024x768.jpeg 1024w, https:\/\/www.radiopiu.net\/wordpress\/wp-content\/uploads\/2020\/04\/WhatsApp-Image-2020-04-18-at-13.42.59-768x576.jpeg 768w, https:\/\/www.radiopiu.net\/wordpress\/wp-content\/uploads\/2020\/04\/WhatsApp-Image-2020-04-18-at-13.42.59-1536x1152.jpeg 1536w, https:\/\/www.radiopiu.net\/wordpress\/wp-content\/uploads\/2020\/04\/WhatsApp-Image-2020-04-18-at-13.42.59.jpeg 1600w\" sizes=\"auto, (max-width: 231px) 100vw, 231px\" \/><\/a>BELLUNO<\/strong> Succhi di frutta e bottiglie di alcol per la disinfezione. Ma anche coprisedile anti-contagio. \u00c8 il nuovo carico di generosit\u00e0 che la Provincia di Belluno ha ricevuto per la sua Protezione Civile. Gli scatoloni dei succhi sono arrivati nei giorni scorsi ai magazzini provinciali della Cal di Limana. Mentre i coprisedile sono stati donati stamattina dall\u2019azienda De Bona Motors di Feltre. \u00ab<em>Si tratta di donazioni importanti che rendono ancora una volta la misura della generosit\u00e0 bellunese &#8211; spiega Massimo Bortoluzzi, consigliere provinciale delegato alla Protezione Civile -. I succhi di frutta e l\u2019alcol sono arrivati dalla Regione Veneto, che ringraziamo per l\u2019impegno dimostrato nei confronti dei territori. Abbiamo pensato di portarli nelle case di riposo, dove in questo momento ci sono situazioni di sofferenza. I succhi di frutta per gli anziani ospiti, l\u2019alcol a disposizione degli operatori, per le disinfezioni. Un piccolo dono che si somma alla grande generosit\u00e0 dimostrata da aziende e imprenditori in queste settimane difficili<\/em>\u00bb. I pacchi sono gi\u00e0 stati smistati dai volontari di Protezione Civile e da oggi cominceranno a essere distribuiti tra le case di riposo. Intanto sono gi\u00e0 stati consegnati anche i primi rotoli di coprisedile anti-contagio, che serviranno ai mezzi della Protezione Civile, a cominciare da quelli attivi nel Feltrino. \u00ab<em>In questo modo tuteliamo i nostri volontari che stanno operando in tutto il territorio provinciale e che potranno continuare a muoversi senza il rischio di portare in giro il virus &#8211; continua il consigliere Bortoluzzi -. Ringrazio sentitamente De Bona Motors per questo importante dono. E rivolgo un pensiero alle donne e agli uomini della Protezione Civile, anche oggi operativi<\/em>\u00bb.<\/p>\n<p>&nbsp;<\/p>\n<hr \/>\n<p>&nbsp;<\/p>\n<blockquote>\n<h3>LA DISINFESTAZIONE DEI VIGILI DEL FUOCO VOLONTARI DI GOSALDO<\/h3>\n<\/blockquote>\n<p><strong>GOSALDO<\/strong> Nella giornata di venerd\u00ec i Vigili Del Fuoco volontari di Gosaldo hanno dato il via alla disinfestazione del paese. Il Sindaco Giocondo Dalle Feste ringrazia i volontari per il lavoro.<\/p>\n\n\t\t\t<style type='text\/css'>\n\t\t\t\t#gallery-1 {\n\t\t\t\t\tmargin: auto;\n\t\t\t\t}\n\t\t\t\t#gallery-1 .gallery-item {\n\t\t\t\t\tfloat: left;\n\t\t\t\t\tmargin-top: 10px;\n\t\t\t\t\ttext-align: center;\n\t\t\t\t\twidth: 50%;\n\t\t\t\t}\n\t\t\t\t#gallery-1 img {\n\t\t\t\t\tborder: 2px solid #cfcfcf;\n\t\t\t\t}\n\t\t\t\t#gallery-1 .gallery-caption {\n\t\t\t\t\tmargin-left: 0;\n\t\t\t\t}\n\t\t\t\t\/* see gallery_shortcode() in wp-includes\/media.php *\/\n\t\t\t<\/style>\n\t\t<div id='gallery-1' class='dt-gallery-container gallery galleryid-131172 gallery-columns-2 gallery-size-medium'><dl class='gallery-item'>\n\t\t\t\t<dt class='gallery-icon landscape'>\n\t\t\t\t\t<a class=\"rollover\" href='https:\/\/www.radiopiu.net\/wordpress\/la-disinfestazione-dei-vigili-del-fuoco-volontari-di-gosaldo\/aa352040-2b8c-4ade-9f7c-d1073697b645\/'><img loading=\"lazy\" decoding=\"async\" width=\"300\" height=\"169\" src=\"https:\/\/www.radiopiu.net\/wordpress\/wp-content\/uploads\/2020\/04\/aa352040-2b8c-4ade-9f7c-d1073697b645-300x169.jpg\" class=\"attachment-medium size-medium\" alt=\"\" srcset=\"https:\/\/www.radiopiu.net\/wordpress\/wp-content\/uploads\/2020\/04\/aa352040-2b8c-4ade-9f7c-d1073697b645-300x169.jpg 300w, https:\/\/www.radiopiu.net\/wordpress\/wp-content\/uploads\/2020\/04\/aa352040-2b8c-4ade-9f7c-d1073697b645-1024x576.jpg 1024w, https:\/\/www.radiopiu.net\/wordpress\/wp-content\/uploads\/2020\/04\/aa352040-2b8c-4ade-9f7c-d1073697b645-768x432.jpg 768w, https:\/\/www.radiopiu.net\/wordpress\/wp-content\/uploads\/2020\/04\/aa352040-2b8c-4ade-9f7c-d1073697b645-1536x864.jpg 1536w, https:\/\/www.radiopiu.net\/wordpress\/wp-content\/uploads\/2020\/04\/aa352040-2b8c-4ade-9f7c-d1073697b645.jpg 2048w\" sizes=\"auto, (max-width: 300px) 100vw, 300px\" \/><\/a>\n\t\t\t\t<\/dt><\/dl><dl class='gallery-item'>\n\t\t\t\t<dt class='gallery-icon landscape'>\n\t\t\t\t\t<a class=\"rollover\" href='https:\/\/www.radiopiu.net\/wordpress\/la-disinfestazione-dei-vigili-del-fuoco-volontari-di-gosaldo\/d9fc773c-1bfb-4cdb-ae02-0649ecd78660\/'><img loading=\"lazy\" decoding=\"async\" width=\"300\" height=\"169\" src=\"https:\/\/www.radiopiu.net\/wordpress\/wp-content\/uploads\/2020\/04\/d9fc773c-1bfb-4cdb-ae02-0649ecd78660-300x169.jpg\" class=\"attachment-medium size-medium\" alt=\"\" srcset=\"https:\/\/www.radiopiu.net\/wordpress\/wp-content\/uploads\/2020\/04\/d9fc773c-1bfb-4cdb-ae02-0649ecd78660-300x169.jpg 300w, https:\/\/www.radiopiu.net\/wordpress\/wp-content\/uploads\/2020\/04\/d9fc773c-1bfb-4cdb-ae02-0649ecd78660-1024x576.jpg 1024w, https:\/\/www.radiopiu.net\/wordpress\/wp-content\/uploads\/2020\/04\/d9fc773c-1bfb-4cdb-ae02-0649ecd78660-768x432.jpg 768w, https:\/\/www.radiopiu.net\/wordpress\/wp-content\/uploads\/2020\/04\/d9fc773c-1bfb-4cdb-ae02-0649ecd78660-1536x864.jpg 1536w, https:\/\/www.radiopiu.net\/wordpress\/wp-content\/uploads\/2020\/04\/d9fc773c-1bfb-4cdb-ae02-0649ecd78660.jpg 2048w\" sizes=\"auto, (max-width: 300px) 100vw, 300px\" \/><\/a>\n\t\t\t\t<\/dt><\/dl><br style=\"clear: both\" \/><dl class='gallery-item'>\n\t\t\t\t<dt class='gallery-icon landscape'>\n\t\t\t\t\t<a class=\"rollover\" href='https:\/\/www.radiopiu.net\/wordpress\/la-disinfestazione-dei-vigili-del-fuoco-volontari-di-gosaldo\/3e7f715d-db2d-4347-8e19-0116db847e04\/'><img loading=\"lazy\" decoding=\"async\" width=\"300\" height=\"169\" src=\"https:\/\/www.radiopiu.net\/wordpress\/wp-content\/uploads\/2020\/04\/3e7f715d-db2d-4347-8e19-0116db847e04-300x169.jpg\" class=\"attachment-medium size-medium\" alt=\"\" srcset=\"https:\/\/www.radiopiu.net\/wordpress\/wp-content\/uploads\/2020\/04\/3e7f715d-db2d-4347-8e19-0116db847e04-300x169.jpg 300w, https:\/\/www.radiopiu.net\/wordpress\/wp-content\/uploads\/2020\/04\/3e7f715d-db2d-4347-8e19-0116db847e04-1024x576.jpg 1024w, https:\/\/www.radiopiu.net\/wordpress\/wp-content\/uploads\/2020\/04\/3e7f715d-db2d-4347-8e19-0116db847e04-768x432.jpg 768w, https:\/\/www.radiopiu.net\/wordpress\/wp-content\/uploads\/2020\/04\/3e7f715d-db2d-4347-8e19-0116db847e04-1536x864.jpg 1536w, https:\/\/www.radiopiu.net\/wordpress\/wp-content\/uploads\/2020\/04\/3e7f715d-db2d-4347-8e19-0116db847e04.jpg 2048w\" sizes=\"auto, (max-width: 300px) 100vw, 300px\" \/><\/a>\n\t\t\t\t<\/dt><\/dl><dl class='gallery-item'>\n\t\t\t\t<dt class='gallery-icon landscape'>\n\t\t\t\t\t<a class=\"rollover\" href='https:\/\/www.radiopiu.net\/wordpress\/la-disinfestazione-dei-vigili-del-fuoco-volontari-di-gosaldo\/3da39f25-ae12-4107-8f73-2f9ac76e754b\/'><img loading=\"lazy\" decoding=\"async\" width=\"300\" height=\"169\" src=\"https:\/\/www.radiopiu.net\/wordpress\/wp-content\/uploads\/2020\/04\/3da39f25-ae12-4107-8f73-2f9ac76e754b-300x169.jpg\" class=\"attachment-medium size-medium\" alt=\"\" srcset=\"https:\/\/www.radiopiu.net\/wordpress\/wp-content\/uploads\/2020\/04\/3da39f25-ae12-4107-8f73-2f9ac76e754b-300x169.jpg 300w, https:\/\/www.radiopiu.net\/wordpress\/wp-content\/uploads\/2020\/04\/3da39f25-ae12-4107-8f73-2f9ac76e754b-1024x576.jpg 1024w, https:\/\/www.radiopiu.net\/wordpress\/wp-content\/uploads\/2020\/04\/3da39f25-ae12-4107-8f73-2f9ac76e754b-768x432.jpg 768w, https:\/\/www.radiopiu.net\/wordpress\/wp-content\/uploads\/2020\/04\/3da39f25-ae12-4107-8f73-2f9ac76e754b-1536x864.jpg 1536w, https:\/\/www.radiopiu.net\/wordpress\/wp-content\/uploads\/2020\/04\/3da39f25-ae12-4107-8f73-2f9ac76e754b.jpg 2048w\" sizes=\"auto, (max-width: 300px) 100vw, 300px\" \/><\/a>\n\t\t\t\t<\/dt><\/dl><br style=\"clear: both\" \/>\n\t\t\t<\/div>\n\n<p>&nbsp;<\/p>\n<hr \/>\n<p>&nbsp;<\/p>\n<p>&nbsp;<\/p>\n<p><strong>ROCCA PIETORE\u00a0<\/strong> \u00a0Iniziata la sanificazione delle strade a Masar\u00e9\u00a0 e Santa Maria delle Grazie. I mezzi trainanti li ha messi gratuitamente a disposizione Riccardo Sorar\u00fa. Gli spargitori prestati in uso gratuito\u00a0 dagli\u00a0 amici di Cimadolmo (TV). Il liquido fornito\u00a0 dalla Protezione Civile.<\/p>\n<p><a class=\"dt-pswp-item\" href=\"https:\/\/www.radiopiu.net\/wordpress\/wp-content\/uploads\/2020\/04\/1024ec3d-b252-4799-ada7-905e1bed1453.jpg\" data-dt-img-description=\"\" data-large_image_width=\"768\" data-large_image_height=\"1024\"><img loading=\"lazy\" decoding=\"async\" class=\"alignnone wp-image-131279\" src=\"https:\/\/www.radiopiu.net\/wordpress\/wp-content\/uploads\/2020\/04\/1024ec3d-b252-4799-ada7-905e1bed1453-225x300.jpg\" alt=\"\" width=\"167\" height=\"222\" srcset=\"https:\/\/www.radiopiu.net\/wordpress\/wp-content\/uploads\/2020\/04\/1024ec3d-b252-4799-ada7-905e1bed1453-225x300.jpg 225w, https:\/\/www.radiopiu.net\/wordpress\/wp-content\/uploads\/2020\/04\/1024ec3d-b252-4799-ada7-905e1bed1453.jpg 768w\" sizes=\"auto, (max-width: 167px) 100vw, 167px\" \/><\/a><a class=\"dt-pswp-item\" href=\"https:\/\/www.radiopiu.net\/wordpress\/wp-content\/uploads\/2020\/04\/61b6b29e-744f-4be3-92c5-dbf4de5d715a.jpg\" data-dt-img-description=\"\" data-large_image_width=\"1024\" data-large_image_height=\"768\"><img loading=\"lazy\" decoding=\"async\" class=\"alignnone size-medium wp-image-131280\" src=\"https:\/\/www.radiopiu.net\/wordpress\/wp-content\/uploads\/2020\/04\/61b6b29e-744f-4be3-92c5-dbf4de5d715a-300x225.jpg\" alt=\"\" width=\"300\" height=\"225\" srcset=\"https:\/\/www.radiopiu.net\/wordpress\/wp-content\/uploads\/2020\/04\/61b6b29e-744f-4be3-92c5-dbf4de5d715a-300x225.jpg 300w, https:\/\/www.radiopiu.net\/wordpress\/wp-content\/uploads\/2020\/04\/61b6b29e-744f-4be3-92c5-dbf4de5d715a-768x576.jpg 768w, https:\/\/www.radiopiu.net\/wordpress\/wp-content\/uploads\/2020\/04\/61b6b29e-744f-4be3-92c5-dbf4de5d715a.jpg 1024w\" sizes=\"auto, (max-width: 300px) 100vw, 300px\" \/><\/a><a class=\"dt-pswp-item\" href=\"https:\/\/www.radiopiu.net\/wordpress\/wp-content\/uploads\/2020\/04\/2b6b275b-b8d8-4a99-a7d9-1f6a482209cb.jpg\" data-dt-img-description=\"\" data-large_image_width=\"1024\" data-large_image_height=\"768\"><img loading=\"lazy\" decoding=\"async\" class=\"alignnone size-medium wp-image-131281\" src=\"https:\/\/www.radiopiu.net\/wordpress\/wp-content\/uploads\/2020\/04\/2b6b275b-b8d8-4a99-a7d9-1f6a482209cb-300x225.jpg\" alt=\"\" width=\"300\" height=\"225\" srcset=\"https:\/\/www.radiopiu.net\/wordpress\/wp-content\/uploads\/2020\/04\/2b6b275b-b8d8-4a99-a7d9-1f6a482209cb-300x225.jpg 300w, https:\/\/www.radiopiu.net\/wordpress\/wp-content\/uploads\/2020\/04\/2b6b275b-b8d8-4a99-a7d9-1f6a482209cb-768x576.jpg 768w, https:\/\/www.radiopiu.net\/wordpress\/wp-content\/uploads\/2020\/04\/2b6b275b-b8d8-4a99-a7d9-1f6a482209cb.jpg 1024w\" sizes=\"auto, (max-width: 300px) 100vw, 300px\" \/><\/a><\/p>\n<p>&nbsp;<\/p>\n<hr \/>\n<p>&nbsp;<\/p>\n<p>&nbsp;<\/p>\n<blockquote>\n<h3>CASA KOLBE DI PEDAVENA AFFRONTA L&#8217;EMERGENZA COVID19<\/h3>\n<\/blockquote>\n<p><strong><a class=\"dt-pswp-item\" href=\"https:\/\/www.radiopiu.net\/wordpress\/wp-content\/uploads\/2020\/04\/CASA-KLOBE-PEDAVENA.jpg\" data-dt-img-description=\"\" data-large_image_width=\"2100\" data-large_image_height=\"945\"><img loading=\"lazy\" decoding=\"async\" class=\"alignleft size-medium wp-image-131242\" src=\"https:\/\/www.radiopiu.net\/wordpress\/wp-content\/uploads\/2020\/04\/CASA-KLOBE-PEDAVENA-300x135.jpg\" alt=\"\" width=\"300\" height=\"135\" srcset=\"https:\/\/www.radiopiu.net\/wordpress\/wp-content\/uploads\/2020\/04\/CASA-KLOBE-PEDAVENA-300x135.jpg 300w, https:\/\/www.radiopiu.net\/wordpress\/wp-content\/uploads\/2020\/04\/CASA-KLOBE-PEDAVENA-1024x461.jpg 1024w, https:\/\/www.radiopiu.net\/wordpress\/wp-content\/uploads\/2020\/04\/CASA-KLOBE-PEDAVENA-768x346.jpg 768w, https:\/\/www.radiopiu.net\/wordpress\/wp-content\/uploads\/2020\/04\/CASA-KLOBE-PEDAVENA-1536x691.jpg 1536w, https:\/\/www.radiopiu.net\/wordpress\/wp-content\/uploads\/2020\/04\/CASA-KLOBE-PEDAVENA-2048x922.jpg 2048w\" sizes=\"auto, (max-width: 300px) 100vw, 300px\" \/><\/a>PEDAVENA<\/strong>\u00a0L\u2019emergenza Covid19 ha pesantemente colpito il sistema italiano, e pi\u00f9 pesantemente ancora le strutture per anziani, pi\u00f9 vulnerabili, perch\u00e9 accolgono persone molto fragili, per l&#8217;et\u00e0 o per la compresenza di molte patologie.\u00a0In questa emergenza, la risposta del centro servizi per anziani Casa Padre Kolbe di Pedavena \u00e8 stata l&#8217;applicazione di quanto previsto dalla normativa nazionale e regionale. Nessun familiare degli anziani accolti o visitatore ha pi\u00f9 avuto accesso alla struttura se non per singoli casi, con l&#8217;accordo di Casa Kolbe e adeguate misure di sicurezza.\u00a0Per 40 giorni Casa Kolbe non ha avuto evidenza di situazioni che<span class=\"Apple-converted-space\">\u00a0 <\/span>potessero mettere in allarme.<span class=\"Apple-converted-space\">\u00a0\u00a0<\/span>Contemporaneamente, scopo preventivo, Casa Kolbe ha programmato con l\u2019 Ulss 1<span class=\"Apple-converted-space\">\u00a0 <\/span>l\u2019esecuzione di tamponi a tutto il personale e<span class=\"Apple-converted-space\">\u00a0 <\/span>a tutti gli anziani.\u00a0In seguito, per la presenza della sintomatologia in alcuni anziani e il loro successivo invio al Pronto Soccorso, sono emersi casi di positivit\u00e0 al Covid 19. A questo punto Casa Kolbe si \u00e8 subito attivata, in collaborazione con l\u2019Ulss 1, per effettuare<span class=\"Apple-converted-space\">\u00a0 <\/span>i tamponi.\u00a0In pochi giorni la sintomatologia compatibile con il Coronavirus si \u00e8 allargata ad un pi\u00f9 elevato numero di ospiti: Casa Kolbe li ha da subito messi in isolamento e trattati come possibili pazienti positivi al Coronavirus. Anche in considerazione del fatto che alcuni di loro erano stati in contatto con ospiti positivi in quel momento ricoverati in ospedale.\u00a0Casa Kolbe ha messo in atto il piano di compartimentalizzazione della struttura come indicato dall&#8217;Ulss 1\u00a0Come in tutta Italia, anche Casa Kolbe ha fronteggiato difficolt\u00e0 nel reperire dispositivi di protezione individuale e nell&#8217;eseguire tamponi.\u00a0Per gestire in maniera corretta l\u2019emergenza, in concertazione con la AUlss 1, Casa Kolbe ha trasferito 6 anziani con patologie pi\u00f9 gravi all&#8217;ospedale specializzato Covid di Belluno.\u00a0Undici anziani negativi al tampone sono stati accolti nel Padiglione Gaggia a Feltre per il tempo necessario per la sanificazione degli ambienti, per poi rientrare in struttura.\u00a0Ora, a seguito delle nuove disposizioni regionali, la dotazione di mascherine e molti altri dispositivi di protezione individuale \u00e8 aumentata e con essa la sicurezza di tutti in Casa Kolbe.\u00a0Per coltivare il legame fondamentale dell&#8217;affetto, Casa Kolbe ha aiutato gli anziani a tenere i contatti con i famigliari con chiamate e videochiamate, compatibilmente con la situazione di emergenza. In ogni caso, \u00e8 sempre stato costante e si mantiene lo scambio di informazioni per telefono tra Casa Kolbe e i familiari.<span class=\"Apple-converted-space\">\u00a0<\/span>E\u2019 purtroppo ovvia la difficolt\u00e0 quotidiana affrontata da tutto il personale nel sostenere una situazione cos\u00ec eccezionale di emergenza, con l\u2019organico ridotto nel numero ma con un carico di lavoro nettamente incrementato.\u00a0Per questo Casa Kolbe ci tiene a ringraziare ciascuno dei circa 130 dipendenti per la disponibilit\u00e0 e la dedizione<span class=\"Apple-converted-space\">\u00a0<\/span>dimostrate che vanno ben oltre il senso del dovere derivante dalla professione scelta.<span class=\"Apple-converted-space\">\u00a0<\/span>Casa Kolbe ha avviato una<span class=\"Apple-converted-space\">\u00a0 <\/span>sanificazione degli ambienti con prodotti a base di perossido di idrogeno<span class=\"Apple-converted-space\">\u00a0 <\/span>e sta completando il ciclo di tamponi del personale, mentre gi\u00e0 da luned\u00ec 13 sono disponibili gli esiti dei tamponi svolti su tutti gli ospiti.<\/p>\n<p>&nbsp;<\/p>\n<hr \/>\n<p>&nbsp;<\/p>\n<blockquote>\n<h3>ASCA RICERCA PERSONALE INFERMIERISTICO<\/h3>\n<\/blockquote>\n<p><strong class=\"photoswipe-wrapper\"><img loading=\"lazy\" decoding=\"async\" class=\"alignleft size-full wp-image-53885 jetpack-lazy-image jetpack-lazy-image--handled\" src=\"https:\/\/i0.wp.com\/www.radiopiu.net\/wordpress\/wp-content\/uploads\/2018\/07\/logo-asca.png?resize=182%2C100&amp;ssl=1\" alt=\"\" width=\"182\" height=\"100\" data-lazy-loaded=\"1\" \/>AGORDO\u00a0<\/strong>ASCA ha indetto una nuova selezione pubblica finalizzata alla formulazione di una graduatoria di idoneit\u00e0 utile all\u2019inserimento a tempo indeterminato e determinato a tempo pieno presso la RSA di Agordo di INFERMIERE<strong>.\u00a0<\/strong>Le modalit\u00e0 di presentazione della domanda si trovano sulla home page del sito aziendale\u00a0www.servizisocialiasca.it\u00a0Il termine ultimo per la presentazione delle candidature \u00e8 fissato entro e non oltre le ore 12.00\u00a0del giorno 15 maggio 2020.<\/p>\n<p>&nbsp;<\/p>\n<p>&nbsp;<\/p>\n<hr \/>\n<p>&nbsp;<\/p>\n<p><strong>DAL DIRIGENTE SCOLASTICO BERNARDINO CHIOCCHIETTI RICEVIAMO A VOLENTIERI PUBBLICHIAMO<\/strong><\/p>\n<p align=\"CENTER\"><span style=\"font-family: Georgia, serif;\"><span style=\"font-size: x-large;\">Nell\u2019imminenza del genetliaco<\/span><\/span><\/p>\n<p align=\"CENTER\"><span style=\"font-family: Georgia, serif;\"><span style=\"font-size: x-large;\">della Preside Maria Rosa Salmazo<\/span><\/span><\/p>\n<p align=\"CENTER\"><span style=\"font-family: Times New Roman, serif;\"><span style=\"font-size: x-large;\"><i><b>18 aprile<\/b><\/i><\/span><\/span><\/p>\n<p><span style=\"font-family: Times New Roman, serif;\"><span style=\"font-size: x-large;\"><i>L\u2019augurio solenne a<\/i><\/span><\/span><\/p>\n<p><span style=\"font-family: Times New Roman, serif;\"><span style=\"font-size: x-large;\"><i>Maria Rosa Salmazo<\/i><\/span><\/span><\/p>\n<p><span style=\"font-family: Times New Roman, serif;\"><span style=\"font-size: x-large;\"><i>che come ventenne<\/i><\/span><\/span><\/p>\n<p><span style=\"font-family: Times New Roman, serif;\"><span style=\"font-size: x-large;\"><i>non teme l\u2019affanno,<\/i><\/span><\/span><\/p>\n<p><span style=\"font-family: Times New Roman, serif;\"><span style=\"font-size: x-large;\"><i> ma in cuor rinnovella<\/i><\/span><\/span><\/p>\n<p><span style=\"font-family: Times New Roman, serif;\"><span style=\"font-size: x-large;\"><i> l\u2019amor per la Scuola e<\/i><\/span><\/span><\/p>\n<p><span style=\"font-family: Times New Roman, serif;\"><span style=\"font-size: x-large;\"><i> consigli dispiega<\/i><\/span><\/span><\/p>\n<p><span style=\"font-family: Times New Roman, serif;\"><span style=\"font-size: x-large;\"><i> ognor sanza posa.<\/i><\/span><\/span><\/p>\n<p><span style=\"font-family: Times New Roman, serif;\"><span style=\"font-size: x-large;\"><i>Le giunga il saluto,<\/i><\/span><\/span><\/p>\n<p><span style=\"font-family: Times New Roman, serif;\"><span style=\"font-size: x-large;\"><i>fugando ogni nembo,<\/i><\/span><\/span><\/p>\n<p><span style=\"font-family: Times New Roman, serif;\"><span style=\"font-size: x-large;\"><i>di quanti hanno avuto<\/i><\/span><\/span><\/p>\n<p><span style=\"font-family: Times New Roman, serif;\"><span style=\"font-size: x-large;\"><i>da lei in ogni tempo<\/i><\/span><\/span><\/p>\n<p><span style=\"font-family: Times New Roman, serif;\"><span style=\"font-size: x-large;\"><i> lo sprone, l\u2019aiuto<\/i><\/span><\/span><\/p>\n<p><span style=\"font-family: Times New Roman, serif;\"><span style=\"font-size: x-large;\"><i> e il celere esempio.<\/i><\/span><\/span><\/p>\n<p>&nbsp;<\/p>\n<hr \/>\n<blockquote><p><strong><a class=\"dt-pswp-item\" href=\"https:\/\/www.radiopiu.net\/wordpress\/wp-content\/uploads\/2020\/04\/download-13.jpg\" data-dt-img-description=\"\" data-large_image_width=\"300\" data-large_image_height=\"168\"><img loading=\"lazy\" decoding=\"async\" class=\"size-full wp-image-131282 alignleft\" src=\"https:\/\/www.radiopiu.net\/wordpress\/wp-content\/uploads\/2020\/04\/download-13.jpg\" alt=\"\" width=\"300\" height=\"168\" \/><\/a>AUGURI PROF. DI 007 IN CONDOTTA<\/strong><\/p>\n<p><strong>claudio e mirko<\/strong><\/p><\/blockquote>\n<hr \/>\n<p>&nbsp;<\/p>\n<p>&nbsp;<\/p>\n<p>&nbsp;<\/p>\n<p>&nbsp;<\/p>\n<p>&nbsp;<\/p>\n<p>&nbsp;<\/p>\n<p>&nbsp;<\/p>\n<h2>IERI ALLA RADIO<\/h2>\n<h3><span style=\"color: #339966;\">AGORDINOMERON<\/span><\/h3>\n<p><iframe loading=\"lazy\" class=\"wp-embedded-content\" title=\"\u201cAGORDINOMERON, IL TERRITORIO SI RACCONTA Da un\u2019idea di Gianni Santomaso\u201d \u2014 Radio Pi\u00f9\" src=\"https:\/\/www.radiopiu.net\/wordpress\/agordinomeron\/embed\/#?secret=UvrWyUbFRC\" width=\"600\" height=\"346\" frameborder=\"0\" marginwidth=\"0\" marginheight=\"0\" scrolling=\"no\" sandbox=\"allow-scripts\" data-secret=\"UvrWyUbFRC\" data-mce-fragment=\"1\"><\/iframe><\/p>\n<h3><\/h3>\n<p>&nbsp;<\/p>\n<hr \/>\n<h3><\/h3>\n<p>&nbsp;<\/p>\n<h3><span style=\"color: #808080;\"><strong>IL MESSAGGIO DEI SACERDOTI SU RADIO PIU\u2019<\/strong><\/span><\/h3>\n<h3><iframe loading=\"lazy\" class=\"wp-embedded-content\" title=\"\u201cIL MESSAGGIO DAI SACERDOTI SU RADIO PIU\u2019 ALLE 7.30 E 19.30\u201d \u2014 Radio Pi\u00f9\" src=\"https:\/\/www.radiopiu.net\/wordpress\/il-messaggio-dai-sacerdoti-della-conca-su-radio-piu-alle-7-30-e-19-30\/embed\/#?secret=GCz27lyCw3\" width=\"600\" height=\"381\" frameborder=\"0\" marginwidth=\"0\" marginheight=\"0\" scrolling=\"no\" sandbox=\"allow-scripts\" data-secret=\"GCz27lyCw3\" data-mce-fragment=\"1\"><\/iframe><\/h3>\n<p>&nbsp;<\/p>\n<hr \/>\n<p>&nbsp;<\/p>\n<p>A TAIBON LA FARMACIA FA SERVIZIO A DOMICILIO<\/p>\n<p>ORTOFRUTTA MARTINI AGORDO RUTTA E VERDURA A CASA 0437 640307<\/p>\n<p>LA PIZZERIA BOCCON DIVINO A TAIBON AGORDINO EFFETTUA SERVIZIO CONSEGNE PIZZE A DOMICILIO, TUTTI I GIORNI A PARTIRE DALLE ORE 18,\u00a0NEI COMUNI DI TAIBON AGORDINO E AGORDO340 2986275<\/p>\n<p>DA SAPPADE DI FALCADE PICCOLA BAITA PORTA SULLE VOSTRE TAVOLE I SAPORI DEL TERRITORIO WWW.PICCOLABAITA.NET 0437 590491<\/p>\n<p>L\u2019AZIENDA AGRICOLA MILCHHOF AGOSTINI DI SELVA DI CADORE. INFORMA CHE E\u2019 A DISPOSIZONE PER CONSEGNE GRATUITE A DOMICILIO IN TUTTA LA VALLATA 380 3957409<\/p>\n<p>DOLOMITI VIAGGI DI FALCADE,\u00a0 COME UN TAXI:\u00a0 AUTOVETTURE E PULMINO NOLEGGIO CON CONDUCENTE. CHIAMA IL NUMERO 329 35,26,156<\/p>\n<p>ZUMBRILLENBER AGORDO CONSEGNA A DOMICILIO. PIATTI DI CARNE, PESCE, E PIZZE. A DOMICILIO, NEL RAGGIO DI 15 CHILOMETRI DA AGORDO 345 9135042<\/p>\n<p>LA PASTICCERIA LES BON BON DI AGORDO TI INFORMA CHE E\u2019 ATTIVO IL SERVIZIO DI CONSEGNA A DOMICILIO 342 59,80,559.<\/p>\n<p>A RIVAMONTE DAISY! PANINI, BRUSCHETTE, TOAST. PER LA TUA CENA ALTERNATIVA E GUSTOSA. LE PRENOTAZIONI SI RICEVONO ENTRO LE ORE 17 AL 348 56,42,568.<\/p>\n<p>La Profumeria Wanda di Agordo consegna i prodotti a domicilio. 331 4662006. Negozio aperto dalle 10.30 alle 11.30 e dalle 16 alle 17<\/p>\n<p>L\u2019AZIENDA AGRICOLA ZANCHETTA, SPACCIO DI AGORDO INFORMA CHE EFFETTUA LA CONSEGNA A DOMICILIO DEL VINO DELLA PROPRIA PRODUZIONE. 335 6285096<\/p>\n<p>LA MACELLERIA COSTA INFORMA CHE EFFETTUA CONSEGNE A DOMICILIO GRATUITE IN TUTTO L\u2019AGORDINO. 340 9714699<\/p>\n<p>LA PASTICCERIA SAINT HONORE DI AGORDO EFFETTUA CONSEGNE A DOMICILIO AD AGORDO E PAESI LIMITROFI 0437 62585<\/p>\n<p>PREPARIAMO UNA SELEZIONE DELLE NOSTRE FAMOSE SPECIALITA\u2019, DA CONSEGNARVI A DOMICILIO. SAN MARTIN \u2013 RISTORO E BAR. LOCALITA\u2019 LA MUDA STRADA AGORDO BELLUNO AL 333 1432468<\/p>\n<p>&nbsp;<\/p>\n<hr \/>\n<p>&nbsp;<\/p>\n<p>&nbsp;<\/p>\n<p class=\"photoswipe-wrapper\"><a class=\"dt-pswp-item pspw-wrap-ready\" href=\"https:\/\/i0.wp.com\/www.radiopiu.net\/wordpress\/wp-content\/uploads\/2018\/09\/viabilita.jpeg?ssl=1\" data-dt-img-description=\"\" data-large_image_width=\"800\" data-large_image_height=\"100\"><img loading=\"lazy\" decoding=\"async\" class=\"size-full wp-image-61954 jetpack-lazy-image jetpack-lazy-image--handled aligncenter\" src=\"https:\/\/i0.wp.com\/www.radiopiu.net\/wordpress\/wp-content\/uploads\/2018\/09\/viabilita.jpeg?resize=800%2C100&amp;ssl=1\" sizes=\"auto, (max-width: 800px) 100vw, 800px\" srcset=\"https:\/\/i0.wp.com\/www.radiopiu.net\/wordpress\/wp-content\/uploads\/2018\/09\/viabilita.jpeg?w=800&amp;ssl=1 800w, https:\/\/i0.wp.com\/www.radiopiu.net\/wordpress\/wp-content\/uploads\/2018\/09\/viabilita.jpeg?resize=300%2C38&amp;ssl=1 300w, https:\/\/i0.wp.com\/www.radiopiu.net\/wordpress\/wp-content\/uploads\/2018\/09\/viabilita.jpeg?resize=768%2C96&amp;ssl=1 768w\" alt=\"\" width=\"800\" height=\"100\" data-lazy-loaded=\"1\" \/><\/a><\/p>\n<p>&nbsp;<\/p>\n<p>PROVINCIALE 20 DELLA VAL FIORENTINA, SELVA DI CADORE: DAL 14 FEBBRAIO AL 13 GIUGNO, CHIUSURA TOTALE TRA SOLATOR E IL CENTRO DEL PAESE ANCHE NEI GIORNI FESTIVI E PREFESTIVI, DAL CHILOMETRO 4.850 AL CHILOMETRO 5.100. TRANSITO CONSENTITO AI LOCALI CON TEMPI DI ATTESA MASSIMI STIMATI IN 30 MINUTI IN LOCALITA\u2019 SOLATOR DAL CHILOMETRO 4.400 AL CHILOMETRO 4.850<\/p>\n<p>DALL\u201911 APRILE AL 01 MAGGIO IN LOCALITA\u2019 LA MUDA DEVIAZIONE SU VIABILITA\u2019 PROVVISORIA PER IL COMPLETAMENTO DEL NUOVO ATTRAVERSAMENTO IDRAULICO RIO VAL SCURE LUNGO LA REGIONALE 203 AGORDINA<\/p>\n<p>sp346 SAN PELLEGRINO localita VALLADA dal 14 al 30 aprile senso unico alternato con semaforo<\/p>\n<p>sp251 in localit\u00e0 Cernadoi di Livinallongo dal 14 al 17 aprile senso unico con semaforo<\/p>\n<p>sp347 DURAN E CEREDA (Comune di Valle di Cadore tra Cibiana e innesto Venas) dal 16 al 30 aprile (festivi e sabati esclusi) senso unico alternato con movieri. Interruzioni massimo 10 minuti.<\/p>\n<p>&nbsp;<\/p>\n<hr \/>\n<p>&nbsp;<\/p>\n<p><img decoding=\"async\" class=\"aligncenter jetpack-lazy-image jetpack-lazy-image--handled\" src=\"https:\/\/i0.wp.com\/www.radiopiu.net\/wordpress\/wp-content\/uploads\/2018\/09\/WhatsApp-Image-2018-09-20-at-16.04.06.jpeg?resize=800%2C100&amp;ssl=1\" data-lazy-loaded=\"1\" \/><\/p>\n<p>&nbsp;<\/p>\n<p><center><b>Domenica 19<\/b><\/center><b>Tempo atteso:\u00a0<\/b>Al mattino ovunque soleggiato, con parziale velatura del cielo e formazione dei primi cumuli, specie sulle Dolomiti. Nel pomeriggio-sera maggiore nuvolosit\u00e0, soprattutto sul settore dolomitico, dove saranno possibili dei fenomeni d&#8217;instabilit\u00e0, mentre sulle Prealpi prevarranno le schiarite.<br \/>\n<b>Precipitazioni:\u00a0<\/b>Al mattino assenti (0%), nel pomeriggio-sera possibilit\u00e0 di qualche piovasco o rovescio sulle Dolomiti (40-50%) mentre sulle Prealpi il rischio sar\u00e0 minore (10-20%)<br \/>\n<b>Temperature:\u00a0<\/b>In lieve diminuzione, salvo rimanere stazionarie le minime a fondovalle, ma ancora al di sopra della norma. Iniziale inversione termica notturna, in esaurimento nella notte fra domenica e luned\u00ec per il calo termico in quota. Sulle Prealpi a 1500 m min 7\u00b0C max 12 \u00b0C, a 2000 m min 6\u00b0C max 9\u00b0C; sulle Dolomiti a 2000 m min 5\u00b0C max 13\u00b0C, a 3000 m min -2\u00b0C max 0\u00b0C.<br \/>\n<b>Venti:\u00a0<\/b>Nelle valli deboli o moderati per brezze, in quota deboli, a tratti moderati, occidentali, in rotazione a sud in serata, 5-10 km\/h a 2000 m, 10-15 a 3000 m.<\/p>\n<hr \/>\n<p><center><b>Lunedi 20<\/b><\/center><b>Tempo atteso:\u00a0<\/b>Nella notte probabili fenomeni, ma essenzialmente sulle Dolomiti. La giornata sar\u00e0 nuvolosa e molto pi\u00f9 fresca rispetto a domenica, con fenomeni assenti o poco significativi.<br \/>\n<b>Precipitazioni:\u00a0<\/b>Nella notte sulle Dolomiti probabilit\u00e0 medio-alta di rovesci (60-70%), nevosi oltre i 2400-2600 m, sulle Prealpi probabilit\u00e0 pi\u00f9 bassa (10-30%). Durante il giorno rischio basso o molto basso (10-30%) di deboli precipitazioni, un pochino pi\u00f9 alto sulle zone occidentali.<br \/>\n<b>Temperature:\u00a0<\/b>In sensibile diminuzione, pi\u00f9 avvertita in quota, salvo rimanere stazionarie o aumentare un po&#8217; le minime a fondovalle. Sulle Prealpi a 1500 m min 4\u00b0C max 5 \u00b0C, a 2000 m min 0\u00b0C max 2\u00b0C; sulle Dolomiti a 2000 m min 0\u00b0C max 2\u00b0C, a 3000 m min -3\u00b0C max -2\u00b0C.<br \/>\n<b>Venti:\u00a0<\/b>Nelle valli deboli, in quota deboli o moderati da sud-est, anche tesi, da est, sulle cime prealpine, 20-35 km\/h a 2000 m, 15-20 a 3000 m.<\/p>\n<hr \/>\n<p><center><b>Martedi 21<\/b><\/center>Giornata in parte ancora nuvolosa, ma con tendenza a schiarite, soprattutto sulle Dolomiti, dove nel pomeriggio il tempo potrebbe essere parzialmente soleggiato. Temperature senza notevoli variazioni, su valori pressoch\u00e9 normali per il periodo. Venti in quota deboli o moderati da est, a tratti ancora tesi sulle cime prealpine.<\/p>\n<hr \/>\n<p><center><b>Mercoledi 22<\/b><\/center>Giornata sempre pi\u00f9 soleggiata, con tempo gi\u00e0 bello sul Bellunese al mattino e schiarite sempre pi\u00f9 ampie altrove. Temperature minime in lieve diminuzione, massime in aumento. Venti in quota deboli o moderati orientali, temporaneamente tesi a 3000 m. Previsore: B.R<\/p>\n","protected":false},"excerpt":{"rendered":"<p>PER RICEVERE QUESTO NOTIZIARIO DIRETTAMENTE SUL TUO CELLULARE ISCRIVITI AL CANALE\u00a0TELEGRAM\u00a0\u201cRADIO PIU\u00a0 INFORMAZIONE\u201d &nbsp; \u2022 Gli ultimi dati del bollettino della Protezione civile del 18 aprile: 175.925 i\u00a0casi totali (3.491\u00a0pi\u00f9 di venerd\u00ec). I decessi sono 482 nelle ultime 24 ore per un totale di 23.227. I guariti sono 44.297; \u2022 In conferenza stampa il commissario&hellip;<\/p>\n","protected":false},"author":4,"featured_media":131165,"comment_status":"closed","ping_status":"closed","sticky":false,"template":"","format":"standard","meta":{"_monsterinsights_skip_tracking":false,"_monsterinsights_sitenote_active":false,"_monsterinsights_sitenote_note":"","_monsterinsights_sitenote_category":0,"footnotes":""},"categories":[1,51,86,49],"tags":[],"class_list":["post-131172","post","type-post","status-publish","format-standard","has-post-thumbnail","hentry","category-senza-categoria","category-evidenza-top","category-gr","category-news-18","category-1","category-51","category-86","category-49","description-off"],"img_url":"https:\/\/www.radiopiu.net\/wordpress\/wp-content\/uploads\/2020\/04\/d9fc773c-1bfb-4cdb-ae02-0649ecd78660.jpg","_links":{"self":[{"href":"https:\/\/www.radiopiu.net\/wordpress\/wp-json\/wp\/v2\/posts\/131172","targetHints":{"allow":["GET"]}}],"collection":[{"href":"https:\/\/www.radiopiu.net\/wordpress\/wp-json\/wp\/v2\/posts"}],"about":[{"href":"https:\/\/www.radiopiu.net\/wordpress\/wp-json\/wp\/v2\/types\/post"}],"author":[{"embeddable":true,"href":"https:\/\/www.radiopiu.net\/wordpress\/wp-json\/wp\/v2\/users\/4"}],"replies":[{"embeddable":true,"href":"https:\/\/www.radiopiu.net\/wordpress\/wp-json\/wp\/v2\/comments?post=131172"}],"version-history":[{"count":0,"href":"https:\/\/www.radiopiu.net\/wordpress\/wp-json\/wp\/v2\/posts\/131172\/revisions"}],"wp:featuredmedia":[{"embeddable":true,"href":"https:\/\/www.radiopiu.net\/wordpress\/wp-json\/wp\/v2\/media\/131165"}],"wp:attachment":[{"href":"https:\/\/www.radiopiu.net\/wordpress\/wp-json\/wp\/v2\/media?parent=131172"}],"wp:term":[{"taxonomy":"category","embeddable":true,"href":"https:\/\/www.radiopiu.net\/wordpress\/wp-json\/wp\/v2\/categories?post=131172"},{"taxonomy":"post_tag","embeddable":true,"href":"https:\/\/www.radiopiu.net\/wordpress\/wp-json\/wp\/v2\/tags?post=131172"}],"curies":[{"name":"wp","href":"https:\/\/api.w.org\/{rel}","templated":true}]}}