{"id":131186,"date":"2020-04-18T12:00:59","date_gmt":"2020-04-18T10:00:59","guid":{"rendered":"https:\/\/www.radiopiu.net\/wordpress\/?p=131186"},"modified":"2020-04-18T19:40:13","modified_gmt":"2020-04-18T17:40:13","slug":"la-conferenza-stampa-del-presidente-del-veneto-luca-zaia-18-aprile-2020","status":"publish","type":"post","link":"https:\/\/www.radiopiu.net\/wordpress\/la-conferenza-stampa-del-presidente-del-veneto-luca-zaia-18-aprile-2020\/","title":{"rendered":"LA PAURA DEL RITORNO DEL VIRUS CON IL FREDDO E LA STAGIONE AUTUNNALE. LA CONFERENZA STAMPA DEL PRESIDENTE DEL VENETO LUCA ZAIA 18 APRILE 2020"},"content":{"rendered":"<p><strong>VENEZIA<\/strong> La conferenza stampa giornaliera di Luca Zaia<\/p>\n<h2>LEGGI LA CONFERENZA STAMPA DI LUCA ZAIA<\/h2>\n<blockquote>\n<h2>LA FASE 3 SARA&#8217; MOLTO PEGGIORE DELLA 1,\u00a0 MA SIAMO PRONTI CON L&#8217;ARTIGLIERIA PESANTE A BOMBARDARE IL VIRUS CHE HA GIA&#8217; FATTO TROPPI DANNI<\/h2>\n<\/blockquote>\n<p><em>Dobbiamo avere consapevolezza che il virus non se ne va, ha una sua stagionalit\u00e0 e continuer\u00e0 a girare lo ha detto anche il professor Ricciardi che \u00e8 certo di una seconda ondata epidemica in autunno.\u00a0 siamo pronti a schierare un migliaio di posti in terapia intensiva. Dal 4 maggio:\u00a0 penserei di aprire\u00a0 a tutti un poco,\u00a0 chi ha 100 dipendenti cominci a farne tornare al lavoro15, cominci ad organizzarsi e fare formazione. Fosse per me riaprirei tutto il 4 maggio abbiamo pronto un piano per partire anche prima ma non certo con i box sulle spiagge o ristoranti trasformati in ospedale.<\/em><\/p>\n<p>&nbsp;<\/p>\n<p><strong>I DATI BOLLETTINO DELLE 12 DA AZIENDA ZERO<\/strong>\u00a0 Solo un bollettino al giorno in isolamento 12723 (-766 rispetto a ieri), positivi 15692 (+318) su 247029 tamponi. Ricoverati 1477 (-79) in terapia intensiva 190 (-7), Dimessi 2051, morti 900 (+23), nati 92. In terapia intensiva no covid 196 superati i pazienti di coronavirus. 9532 pazienti in Veneto ricoverati e non coronavirus<\/p>\n<p><strong>AVIGAN<\/strong>: E&#8217; arrivato finalmente il farmaco anche in Veneto, puo&#8217; partire la sperimentazione. I farmaci in fase di testo con l&#8217;Avigan ora sono 7.<\/p>\n<p><strong>TAMPONI <\/strong>Il numero di tamponi fatti sale a 250 mila per questo \u00e8 sempre in aumento il numero dei positivi. Quindi non \u00e8 che le Regioni del Nord siano un pericolo di contagio, ma sono Regioni virtuose che fanno tanti controlli e i positivi sono proporzionali al numero di tamponi .Il problema \u00e8\u00a0 la capacit\u00e0 di processazione dei macchinari e laboratori e gli operatori ma ci stiamo attrezzando du tutti i fronti.<\/p>\n<p><strong>DATO IMPORTANTE<\/strong> Sono 190 i pazienti in terapia intensiva, 196 nelle terapie no covid, quindi c&#8217;\u00e8 stato il &#8220;sorpasso&#8221;.<\/p>\n<p><strong>AUTUNNO<\/strong> Si teme il ritorno del virus con la stagione autunnale Bisogna essere pronti e pi\u00f9 performanti anche di ora<\/p>\n<p><strong>LA LEZIONE DI VO&#8217;<\/strong> Aver chiuso la zona, aver fatto 3000 tamponi a tutti i cittadini (66 positivi messi in isolamento, quasi tutti asintomatici) ha evitato il contagio di massa.<\/p>\n<p><strong>DONAZIONI <\/strong>Assicurazione Generali mette sul piatto 1 milione di euro,<br \/>\nCspfea di Este, ha versato\u00a0 17mila euro. Il titolare \u00e8 arrivato secondo all&#8217;asta dell&#8217;uovo e ha comunque deciso di fare una donazione.<\/p>\n<p><strong>I DISEGNI DEI BAMBIN<\/strong>I finiranno in mostra.<\/p>\n<p><strong>LA FORZA DELLA SANITA&#8217; VENETA\u00a0<\/strong> Il dottor Enrico Sartorello del Sant&#8217;Antonio, ha operato una ragazza di 24 anni del Congo,\u00a0 Hanno cambiato contemporaneamente entrambe le teste del femore, ora questa ragazza cammina. E&#8217; stata dimessa 5 giorni fa: questa \u00e8 la Sanit\u00e0 del Veneto: in Veneto si arriva che non si cammina e si riparte con le proprie gambe.<\/p>\n<p><strong>3 MAGGIO SCADE IL DPCM GOVERNATIVO<\/strong> \u00a0il 4 maggio\u00a0 auspico si possa aprire con regole e garanzie dal mondo scientifico. Si potrebbe cominciare ad allentare da subito, con un razionale e prudente progetto di apertura da adesso fino al 4 maggio, per rendere anche i cittadini pi\u00f9 consapevoli. Una sorta di\u00a0 limbo di convivenza con il virus, non possiamo aspettare l&#8217;ultimo negativizzato. Mascherine, guanti, sanificazioni, distanziamento sociale dove si pu\u00f2: questo \u00e8 il metodo per ripartire e affrontare le riaperture.L&#8217;idea: un programma di aperture per mettere in moto la macchina, scaldare i motori e poi andare a regime.<\/p>\n<p><strong>LA TERZA FASE<\/strong> \u00e9 quella del ritorno del virus, \u00e8 chiaro che con la seconda fase si rischia, ma come abbiamo chiuso con gradualit\u00e0 questo paese \u00e8 giusto dove ci sono i presupposti riaprire sempre con gradualit\u00e0. Venti giorni fa c&#8217;erano centinaia di persone in terapia intensiva e migliaia di ricoverati, ora calano le terapie (sotto i 200) e anche i ricoveri in ospedale. Non parliamo di festa della Liberazione dal virus con il quale dovremo convivere.<\/p>\n<p><strong>FASE 3 UNA SECONDA ONDATA QUALE SCENARIO<\/strong> Intanto saremo pi\u00f9 preparati rispetto al 21 febbraio. Il virus non se ne va \u00e8 come i funghi. Quindi la fase 3 non \u00e8 solo un&#8217;ipotesi ma \u00e8 una certezza le proiezioni ci fanno vedere pazienti anche a giugno, fino a quando non avremo un vaccino ci saranno sempre nuove ondate, speriamo siano piccoli focolai da contenere. Per questo bisogna stare attenti a non accelerare le aperture. Ma siamo pronti a schierare un migliaio di terapie intensive. Siamo pronti a tutto con l&#8217;artiglieria pesante, siamo comunque attrezzati e bombarderemo il virus che gi\u00e0 ha fatto un sacco di danni.<\/p>\n<p><strong>C&#8217;E&#8217; CHI VUOLE APRIRE A SETTEMBRE PERCHE&#8217; ORA NON CONVIENE<\/strong> Se questi ristoratori chiedono la norma per riaprire tutti a settembre scoppia la rivoluzione. Ognuno decider\u00e0 per conto proprio semmai quando riaprire. Sar\u00e0\u00a0 una scelta settoriale, ogni azienda ha una sua storia. Non vogliamo si trasformino i ristoranti in ospedali. CI dovranno essere distanziamenti sostenibili socialmente con tutte le regole del normale accesso.\u00a0 Ovviamente non si mangia con la mascherina e non faremo nemmeno la zip alla mascherina.<\/p>\n<p><strong>SPOSTAMENTI INTERREGIONALI:<\/strong> Gli spostamenti per noi sono limitati a chi \u00e8 in sicurezza. Se si apre bisogna aprire, punto, senza limitazioni. De Luca? Parlare di confini e dei grandi contagi del nord \u00e8 sbagliato: bisogna vedere il numero dei tamponi fatti e il numero dei contagiati, questo \u00e8 un confronto reale.<strong>\u00a0<\/strong><\/p>\n<p><strong>SECONDE CASE\u00a0<\/strong> Si ritorna alla normalit\u00e0 solo quando lo decider\u00e0 Roma con il nuovo DPCM il Veneto non ha mai vietato l&#8217;uso delle seconde case, i turisti sono sacri per noi.<\/p>\n<p>&nbsp;<\/p>\n<p>https:\/\/www.facebook.com\/zaiaufficiale\/videos\/694223384656420<\/p>\n<p>https:\/\/www.facebook.com\/zaiaufficiale\/videos\/1516203151914666<\/p>\n","protected":false},"excerpt":{"rendered":"<p>VENEZIA La conferenza stampa giornaliera di Luca Zaia LEGGI LA CONFERENZA STAMPA DI LUCA ZAIA LA FASE 3 SARA&#8217; MOLTO PEGGIORE DELLA 1,\u00a0 MA SIAMO PRONTI CON L&#8217;ARTIGLIERIA PESANTE A BOMBARDARE IL VIRUS CHE HA GIA&#8217; FATTO TROPPI DANNI Dobbiamo avere consapevolezza che il virus non se ne va, ha una sua stagionalit\u00e0 e continuer\u00e0&hellip;<\/p>\n","protected":false},"author":4,"featured_media":121391,"comment_status":"closed","ping_status":"closed","sticky":false,"template":"","format":"standard","meta":{"_monsterinsights_skip_tracking":false,"_monsterinsights_sitenote_active":false,"_monsterinsights_sitenote_note":"","_monsterinsights_sitenote_category":0,"footnotes":""},"categories":[49],"tags":[],"class_list":["post-131186","post","type-post","status-publish","format-standard","has-post-thumbnail","hentry","category-news-18","category-49","description-off"],"img_url":"https:\/\/www.radiopiu.net\/wordpress\/wp-content\/uploads\/2020\/03\/covid-zaia.jpg","_links":{"self":[{"href":"https:\/\/www.radiopiu.net\/wordpress\/wp-json\/wp\/v2\/posts\/131186","targetHints":{"allow":["GET"]}}],"collection":[{"href":"https:\/\/www.radiopiu.net\/wordpress\/wp-json\/wp\/v2\/posts"}],"about":[{"href":"https:\/\/www.radiopiu.net\/wordpress\/wp-json\/wp\/v2\/types\/post"}],"author":[{"embeddable":true,"href":"https:\/\/www.radiopiu.net\/wordpress\/wp-json\/wp\/v2\/users\/4"}],"replies":[{"embeddable":true,"href":"https:\/\/www.radiopiu.net\/wordpress\/wp-json\/wp\/v2\/comments?post=131186"}],"version-history":[{"count":0,"href":"https:\/\/www.radiopiu.net\/wordpress\/wp-json\/wp\/v2\/posts\/131186\/revisions"}],"wp:featuredmedia":[{"embeddable":true,"href":"https:\/\/www.radiopiu.net\/wordpress\/wp-json\/wp\/v2\/media\/121391"}],"wp:attachment":[{"href":"https:\/\/www.radiopiu.net\/wordpress\/wp-json\/wp\/v2\/media?parent=131186"}],"wp:term":[{"taxonomy":"category","embeddable":true,"href":"https:\/\/www.radiopiu.net\/wordpress\/wp-json\/wp\/v2\/categories?post=131186"},{"taxonomy":"post_tag","embeddable":true,"href":"https:\/\/www.radiopiu.net\/wordpress\/wp-json\/wp\/v2\/tags?post=131186"}],"curies":[{"name":"wp","href":"https:\/\/api.w.org\/{rel}","templated":true}]}}