{"id":131297,"date":"2020-04-19T18:19:37","date_gmt":"2020-04-19T16:19:37","guid":{"rendered":"https:\/\/www.radiopiu.net\/wordpress\/?p=131297"},"modified":"2020-04-20T10:31:29","modified_gmt":"2020-04-20T08:31:29","slug":"giornale-radiopiu-20-aprile-2020-direttore-mirko-mezzacasa","status":"publish","type":"post","link":"https:\/\/www.radiopiu.net\/wordpress\/giornale-radiopiu-20-aprile-2020-direttore-mirko-mezzacasa\/","title":{"rendered":"GIORNALE RADIOPIU 20 APRILE 2020 DIRETTORE MIRKO MEZZACASA"},"content":{"rendered":"<p>DISSERVIZIO DA ALLEGHE VERSO L&#8217;ALTO AGORDINO SULLE FREQUENZE 102.200, 97.800 E 88.400 IN MATTINATA SARA&#8217; RIPRISTINATO IL SEGNALE, RADIO PIU&#8217; SI ASCOLTA SULLA FREQUENZE 91.600 OPPURE IN STREAMING &#8220;ASCOLTA LA RADIO&#8221; DAL SITO DI RADIO PIU.<\/p>\n<p>OGGI DALLE 9 ALLE 16.00 PER MANCANZA DI ENERGIA ELETTRICA DISSERVIZIO SULLE FREQUENZE 103.800 E 97.600 PER LA VALLE DEL BIOIS &#8211; ACCADRA&#8217; ANCHE MERCOLEDI &#8211;\u00a0 RADIO PIU&#8217; SI ASCOLTA SULLA FREQUENZE 91.600 OPPURE IN STREAMING &#8220;ASCOLTA LA RADIO&#8221; DAL SITO DI RADIO PIU.<\/p>\n<p>ci scusiamo con gli ascoltatori per il disagio indipendente dalla nostra volont\u00e0.<\/p>\n<h3><strong>PER RICEVERE QUESTO NOTIZIARIO DIRETTAMENTE SUL TUO CELLULARE ISCRIVITI AL CANALE\u00a0TELEGRAM\u00a0<\/strong><strong>\u201cRADIO PIU\u00a0 INFORMAZIONE\u201d<\/strong><\/h3>\n<hr \/>\n<blockquote>\n<h3 class=\"p1\"><span class=\"s1\"><br \/>\n<strong><a class=\"dt-pswp-item\" href=\"https:\/\/www.radiopiu.net\/wordpress\/wp-content\/uploads\/2020\/02\/vento-7.jpg\" data-dt-img-description=\"\" data-large_image_width=\"1000\" data-large_image_height=\"563\"><img loading=\"lazy\" decoding=\"async\" class=\"alignleft wp-image-118851 \" src=\"https:\/\/www.radiopiu.net\/wordpress\/wp-content\/uploads\/2020\/02\/vento-7-300x169.jpg\" alt=\"\" width=\"96\" height=\"54\" srcset=\"https:\/\/www.radiopiu.net\/wordpress\/wp-content\/uploads\/2020\/02\/vento-7-300x169.jpg 300w, https:\/\/www.radiopiu.net\/wordpress\/wp-content\/uploads\/2020\/02\/vento-7-768x432.jpg 768w, https:\/\/www.radiopiu.net\/wordpress\/wp-content\/uploads\/2020\/02\/vento-7.jpg 1000w\" sizes=\"auto, (max-width: 96px) 100vw, 96px\" \/><\/a><\/strong>METEO: VENTO FORTE IN VENETO FINO A MERCOLED\u00cc 22<\/span><\/h3>\n<\/blockquote>\n<p><strong>VENEZIA<\/strong> <span class=\"s1\">Il Centro funzionale decentrato della Protezione Civile del Veneto avvisa che dalle prime ore di\u00a0 oggi, fino a mercoled\u00ec, si segnalano sulla pianura e sulle zone prealpine venti da nord est, a tratti anche forti sulla costa e su alcune aree prealpine occidentali.<\/span><\/p>\n<p>&nbsp;<\/p>\n<hr \/>\n<p>&nbsp;<\/p>\n<h2><\/h2>\n<h2><a class=\"dt-pswp-item\" href=\"https:\/\/www.radiopiu.net\/wordpress\/wp-content\/uploads\/2020\/04\/pp.jpg\" data-dt-img-description=\"\" data-large_image_width=\"640\" data-large_image_height=\"640\"><img loading=\"lazy\" decoding=\"async\" class=\"wp-image-131448 alignleft\" src=\"https:\/\/www.radiopiu.net\/wordpress\/wp-content\/uploads\/2020\/04\/pp-300x300.jpg\" alt=\"\" width=\"125\" height=\"125\" srcset=\"https:\/\/www.radiopiu.net\/wordpress\/wp-content\/uploads\/2020\/04\/pp-300x300.jpg 300w, https:\/\/www.radiopiu.net\/wordpress\/wp-content\/uploads\/2020\/04\/pp-150x150.jpg 150w, https:\/\/www.radiopiu.net\/wordpress\/wp-content\/uploads\/2020\/04\/pp.jpg 640w\" sizes=\"auto, (max-width: 125px) 100vw, 125px\" \/><\/a><\/h2>\n<h2><\/h2>\n<h2>TORNARE CASA&#8230; QUANTO MI COSTI<\/h2>\n<p><strong>DI AMEDEO FRANCESCHINI DA TENERIFE<\/strong><\/p>\n<audio class=\"wp-audio-shortcode\" id=\"audio-131297-1\" preload=\"none\" style=\"width: 100%;\" controls=\"controls\"><source type=\"audio\/mpeg\" src=\"https:\/\/www.radiopiu.net\/wordpress\/wp-content\/uploads\/2020\/04\/AMDEO-1.mp3?_=1\" \/><a href=\"https:\/\/www.radiopiu.net\/wordpress\/wp-content\/uploads\/2020\/04\/AMDEO-1.mp3\">https:\/\/www.radiopiu.net\/wordpress\/wp-content\/uploads\/2020\/04\/AMDEO-1.mp3<\/a><\/audio>\n<p>&nbsp;<\/p>\n<hr \/>\n<p>&nbsp;<\/p>\n<p>&nbsp;<\/p>\n<blockquote>\n<h3><a class=\"dt-pswp-item\" href=\"https:\/\/www.radiopiu.net\/wordpress\/wp-content\/uploads\/2020\/04\/652D6934-F71B-4248-B455-3700FFFBA3EF.jpeg\" data-dt-img-description=\"\" data-large_image_width=\"1536\" data-large_image_height=\"2048\"><img loading=\"lazy\" decoding=\"async\" class=\"wp-image-131184 alignleft\" src=\"https:\/\/www.radiopiu.net\/wordpress\/wp-content\/uploads\/2020\/04\/652D6934-F71B-4248-B455-3700FFFBA3EF-225x300.jpeg\" alt=\"\" width=\"124\" height=\"165\" srcset=\"https:\/\/www.radiopiu.net\/wordpress\/wp-content\/uploads\/2020\/04\/652D6934-F71B-4248-B455-3700FFFBA3EF-225x300.jpeg 225w, https:\/\/www.radiopiu.net\/wordpress\/wp-content\/uploads\/2020\/04\/652D6934-F71B-4248-B455-3700FFFBA3EF-768x1024.jpeg 768w, https:\/\/www.radiopiu.net\/wordpress\/wp-content\/uploads\/2020\/04\/652D6934-F71B-4248-B455-3700FFFBA3EF-1152x1536.jpeg 1152w, https:\/\/www.radiopiu.net\/wordpress\/wp-content\/uploads\/2020\/04\/652D6934-F71B-4248-B455-3700FFFBA3EF.jpeg 1536w\" sizes=\"auto, (max-width: 124px) 100vw, 124px\" \/><\/a><\/h3>\n<h3><\/h3>\n<h3>LA RIAPERTURA DELL&#8217;ECOCENTRO, LE ORE DI CODA LE DOMANDE CHE SI PONE IL CITTADINO CLIENTE DI VALPE<\/h3>\n<\/blockquote>\n<p><strong>di Paolo Chissale&#8217;<\/strong><\/p>\n<audio class=\"wp-audio-shortcode\" id=\"audio-131297-2\" preload=\"none\" style=\"width: 100%;\" controls=\"controls\"><source type=\"audio\/mpeg\" src=\"https:\/\/www.radiopiu.net\/wordpress\/wp-content\/uploads\/2020\/04\/paolo-chissa.mp3?_=2\" \/><a href=\"https:\/\/www.radiopiu.net\/wordpress\/wp-content\/uploads\/2020\/04\/paolo-chissa.mp3\">https:\/\/www.radiopiu.net\/wordpress\/wp-content\/uploads\/2020\/04\/paolo-chissa.mp3<\/a><\/audio>\n<h3>LA RISPOSTA DEL SINDACO ROBERTO CHISSALE&#8217;<\/h3>\n<audio class=\"wp-audio-shortcode\" id=\"audio-131297-3\" preload=\"none\" style=\"width: 100%;\" controls=\"controls\"><source type=\"audio\/mpeg\" src=\"https:\/\/www.radiopiu.net\/wordpress\/wp-content\/uploads\/2020\/04\/ROBERTO.mp3?_=3\" \/><a href=\"https:\/\/www.radiopiu.net\/wordpress\/wp-content\/uploads\/2020\/04\/ROBERTO.mp3\">https:\/\/www.radiopiu.net\/wordpress\/wp-content\/uploads\/2020\/04\/ROBERTO.mp3<\/a><\/audio>\n<p>&nbsp;<\/p>\n<hr \/>\n<p>&nbsp;<\/p>\n<blockquote class=\"wp-embedded-content\" data-secret=\"U2SwS4NQKI\"><p><a href=\"https:\/\/www.radiopiu.net\/wordpress\/aggiornamento-assessorato-protezione-civile-19-aprile-2020\/\">AGGIORNAMENTO ASSESSORATO PROTEZIONE CIVILE 19 APRILE 2020<\/a><\/p><\/blockquote>\n<p><iframe loading=\"lazy\" title=\"&#8220;AGGIORNAMENTO ASSESSORATO PROTEZIONE CIVILE 19 APRILE 2020&#8221; &#8212; Radio Pi\u00f9\" class=\"wp-embedded-content\" sandbox=\"allow-scripts\" security=\"restricted\" style=\"position: absolute; clip: rect(1px, 1px, 1px, 1px);\" src=\"https:\/\/www.radiopiu.net\/wordpress\/aggiornamento-assessorato-protezione-civile-19-aprile-2020\/embed\/#?secret=U2SwS4NQKI\" data-secret=\"U2SwS4NQKI\" width=\"600\" height=\"338\" frameborder=\"0\" marginwidth=\"0\" marginheight=\"0\" scrolling=\"no\"><\/iframe><\/p>\n<p><strong>L&#8217;INTERVENTO A RADIO PIU&#8217; DI GIANPAOLO BOTTACIN, DAL GR DELLE 18:30 DI IERI<\/strong><\/p>\n<audio class=\"wp-audio-shortcode\" id=\"audio-131297-4\" preload=\"none\" style=\"width: 100%;\" controls=\"controls\"><source type=\"audio\/mpeg\" src=\"https:\/\/www.radiopiu.net\/wordpress\/wp-content\/uploads\/2020\/04\/bottacin-3.mp3?_=4\" \/><a href=\"https:\/\/www.radiopiu.net\/wordpress\/wp-content\/uploads\/2020\/04\/bottacin-3.mp3\">https:\/\/www.radiopiu.net\/wordpress\/wp-content\/uploads\/2020\/04\/bottacin-3.mp3<\/a><\/audio>\n<p>&nbsp;<\/p>\n<hr \/>\n<p>&nbsp;<\/p>\n<blockquote>\n<h3>DATI E GRAFICI DEL GIORNO, PROVINCIA \u2013 REGIONE 19 APRILE 2020<\/h3>\n<\/blockquote>\n<p><strong>Con la collaborazione di Tiziano De Col<\/strong><\/p>\n<p>I dati dei contagi odierni, la Provincia di Belluno fa segnare ancora un incremento giornaliero che \u00e8 il pi\u00f9 alto del Veneto. Resta con il rapporto contagi &#8211; popolazione tra i pi\u00f9 alti tra le Province Venete e ben al di sopra di Treviso, Vicenza, Venezia e Rovigo, superando, ormai stabilmente anche Padova<\/p>\n<p><a class=\"dt-pswp-item\" href=\"https:\/\/www.radiopiu.net\/wordpress\/wp-content\/uploads\/2020\/04\/Schermata-2020-04-19-alle-18.50.51.png\" data-dt-img-description=\"\" data-large_image_width=\"712\" data-large_image_height=\"454\"><img loading=\"lazy\" decoding=\"async\" class=\"alignnone size-medium wp-image-131466\" src=\"https:\/\/www.radiopiu.net\/wordpress\/wp-content\/uploads\/2020\/04\/Schermata-2020-04-19-alle-18.50.51-300x191.png\" alt=\"\" width=\"300\" height=\"191\" srcset=\"https:\/\/www.radiopiu.net\/wordpress\/wp-content\/uploads\/2020\/04\/Schermata-2020-04-19-alle-18.50.51-300x191.png 300w, https:\/\/www.radiopiu.net\/wordpress\/wp-content\/uploads\/2020\/04\/Schermata-2020-04-19-alle-18.50.51.png 712w\" sizes=\"auto, (max-width: 300px) 100vw, 300px\" \/> <\/a><a class=\"dt-pswp-item\" href=\"https:\/\/www.radiopiu.net\/wordpress\/wp-content\/uploads\/2020\/04\/37bc1b2e-1b9c-4f43-b8df-998268251a4a.jpg\" data-dt-img-description=\"\" data-large_image_width=\"726\" data-large_image_height=\"457\"><img loading=\"lazy\" decoding=\"async\" class=\"alignnone size-medium wp-image-131468\" src=\"https:\/\/www.radiopiu.net\/wordpress\/wp-content\/uploads\/2020\/04\/37bc1b2e-1b9c-4f43-b8df-998268251a4a-300x189.jpg\" alt=\"\" width=\"300\" height=\"189\" srcset=\"https:\/\/www.radiopiu.net\/wordpress\/wp-content\/uploads\/2020\/04\/37bc1b2e-1b9c-4f43-b8df-998268251a4a-300x189.jpg 300w, https:\/\/www.radiopiu.net\/wordpress\/wp-content\/uploads\/2020\/04\/37bc1b2e-1b9c-4f43-b8df-998268251a4a.jpg 726w\" sizes=\"auto, (max-width: 300px) 100vw, 300px\" \/><\/a><a class=\"dt-pswp-item\" href=\"https:\/\/www.radiopiu.net\/wordpress\/wp-content\/uploads\/2020\/04\/c3740ba3-d8c7-436a-9246-65c205441c85.jpg\" data-dt-img-description=\"\" data-large_image_width=\"737\" data-large_image_height=\"420\"><img loading=\"lazy\" decoding=\"async\" class=\"alignnone size-medium wp-image-131469\" src=\"https:\/\/www.radiopiu.net\/wordpress\/wp-content\/uploads\/2020\/04\/c3740ba3-d8c7-436a-9246-65c205441c85-300x171.jpg\" alt=\"\" width=\"300\" height=\"171\" srcset=\"https:\/\/www.radiopiu.net\/wordpress\/wp-content\/uploads\/2020\/04\/c3740ba3-d8c7-436a-9246-65c205441c85-300x171.jpg 300w, https:\/\/www.radiopiu.net\/wordpress\/wp-content\/uploads\/2020\/04\/c3740ba3-d8c7-436a-9246-65c205441c85.jpg 737w\" sizes=\"auto, (max-width: 300px) 100vw, 300px\" \/><\/a><\/p>\n<p>&nbsp;<\/p>\n<hr \/>\n<p>\u2022 I dati della Protezione civile di domenica 19 aprile: <strong>108.257 i\u00a0malati<\/strong>, 486\u00a0in pi\u00f9 rispetto a sabato. Sono in tutto\u00a0<strong>23.660\u00a0le vittime<\/strong>, con un incremento di 433. Il numero totale\u00a0dei casi \u00e8 salito a 178.972, quello dei guariti a <strong>47.055<\/strong> (2.128 in pi\u00f9); \u2022 &#8220;\u00c8 assolutamente <strong>troppo presto per iniziare la fase 2<\/strong>&#8220;,\u00a0ha detto a Sky TG24 Walter Ricciardi,\u00a0consulente del <strong>ministro della Salute<\/strong>; \u2022 <strong>Negli Usa\u00a0oltre 40mila morti. <\/strong>Cuomo: a New York dati in calo ma strada ancora lunga; \u2022 I decessi dovuti al coronavirus nel mondo <strong>sono pi\u00f9 di 164mila<\/strong>.<\/p>\n<p>&nbsp;<\/p>\n<p>&nbsp;<\/p>\n<p><span style=\"color: #008000;\">IN VENETO PER IL SECONDO GIORNO I PAZIENTI COVID IN TERAPIA INTENSIVA (184) RISULTANO INFERIORI A QUELLI NON COVID (197). NELLE CASE DI RIPOSO NON SEMPRE <\/span>LE DIRETTIVE DELLE CIRCOLARI SONO STATE RISPETTATE SECONDO L&#8217;ASSESSORE MANUELA LANZARIN E ALLA PROVA DEI<span style=\"color: #ff0000;\"> FATTI ALCUNE STRUTTURE SONO RISULTATE IMMUNI AL VIRUS, IN ALTRE SI SONO CONTATI TANTI MORTI.<\/span><\/p>\n<p><strong>di Mirko Mezzacasa\u00a0<\/strong><\/p>\n<p>Mercoledi sar\u00e0 presa una decisione importante per chi opera nella moda, auto, mobilifici, edilizia. Infatti la cabina di regia potrebbe decidere per la riapertura di queste filiere prima del fatidico 4 maggio, l&#8217;ipotesi sul tavolo \u00e8 quella del 27 aprile. Un&#8217;altra ipotesi: riapertura di negozi,\u00a0 bar e ristoranti non prima del 25 maggio, stessa ipotesi per il via libera nelle spiagge. Condizioni per la riapertura le solite: mascherina, guanti, distanze sociali, misurazione della temperatura. Si accende lo scontro sud contro nord con Campania e Puglia che vogliono chiudere le frontiere regionali, per la prima volta al sud di parla di progetto autonomista<em> &#8220;Finitela di dire nord contro sud &#8211; ha detto ieri il presidente Zaia in conferenza stampa &#8211; adesso \u00e8 il sud contro il nord. Che proposta \u00e8 quella del presidente De Luca? Chiudere i confini regionali? Cio\u00e8 blocchiamo anche i treni da Milano\u00a0 in gi\u00f9?&#8221;<\/em> Nelle case di riposo del Veneto secondo l&#8217;Isitituto di Sanit\u00e0 dal 1 febbraio sarebbero morti oltre 1000 nonni per la precisione 1093 mentre il bollettino della Regione ieri ne segnalava\u00a0 1087 in totale compresi i 918 deceduti in ospedale, quindi secondo L&#8217;Iss addirittura il doppio, pi\u00f9 di quelli deceduti nelle terapie intensive. L&#8217;assessore alla sanit\u00e0 Manuela Lanzarin \u00e8 intervenuto smentendo i dati nazionali. <em>&#8220;Si tratta di un&#8217;indagine telefonica &#8211; ha detto la Lanzarin &#8211; che in Veneto ha interessato solo il 27% delle residenze per anziani&#8221;<\/em> L&#8217;ultimo bollettino segnala 1087 decessi, 345 nelle case di riposo con un tasso di mortalit\u00e0 del 15,7% ovvero la met\u00e0 del dato nazionale. Nella Ulss1 Dolomiti sono state testate 30 strutture, 2456 ospiti, 24 deceduti con un tasso di mortalit\u00e0 del 4% a fronte di una media regionale del 6%, i dati pi\u00f9 alti di mortalit\u00e0 nella Ulss Serenissima ed Euganea pari al 9 %. Per il Pd <em>&#8220;La Regione finge di non capire e non si occupa del problema eppure \u00e8 un&#8217;ecatombe. Lo dicono i numeri, le famiglie, gli ospiti, i sindaci e gli operatori non il Pd&#8221;<\/em> Dalla Lega la risposta<em> &#8220;La sanit\u00e0 veneta \u00e8 citata come modello, che il Pd si preoccupi delle risposte che il loro Governo non sta dando al territorio e al Paese&#8221;. <\/em>Ieri nella casa di riposo di Trichiana \u00e8 deceduta un&#8217;ospite di 92 anni, Lazzara Comiotto e il sindaco Stefano Cesa precisa <em>&#8220;Ci sono alcuni ospiti con la febbre&#8221;.<\/em> Aiuti per le famiglie con il nuovo decreto, a Roma si ragiona sulla possibilit\u00e0 di prorogare il congedo parentale che consente ai genitori di prendere fino a 15 giorni di congedo retribuito con il 50% dello stipendio, sar\u00e0 inoltre possibile in alternativa riattivare il voucher baby sitter. Altra proposta un aiuto mensile in assegno per i figli a seconda del reddito. Prende infine corpo l&#8217;ipotesi di un reddito di cittadinanza per chi non ha alcun sussidio finanziario da 500 fino ad un massimo di 1100 euro a seconda della composizione del nucleo famigliare. Le imprese da oggi potranno chiedere i prestiti con la garanzia dello Stato, 25mila euro per le piccole imprese e l&#8217;Abi ha promesso che metter\u00e0 a disposizione il denaro nell&#8217;arco di 24 ore. La presidente di Confindustria di Belluno Lorrain Berton propone di usare i fondi di confine contro le nuove povert\u00e0.\u00a0 In Veneto\u00a0 La curva dei ricoveri in ospedale \u00e8 in decisa discesa (1405), 23 in meno rispetto a sabato\u00a0 e 6 pazienti in meno in terapia intensiva (184). Purtroppo la linea stabile \u00e8 quella dei decessi, altri 18. Aumentano i positivi (+293) Sono 10.210 gli attualmente positivi, 4648 i negativizzati-guariti (da sabato +362), 11.913 in isolamento domiciliare fiduciario.\u00a0 Dimessi 2191. Negli ospedali bellunesi ieri c&#8217;erano 66 pazienti, uno in pi\u00f9 rispetto a sabato in area non critica al San Martino (38), terapia intensiva 7 (0), Feltre nessun ricovero essendo anche stata tolta l&#8217;area covid, Ospedale di Comunit\u00e0 di Belluno 14 (0), Ospedale di Agordo 14 (0). Decessi totali a Belluno 49 (0), Positivi + 21 da sabato, totale positivi dal 21 febbraio 856 (+21), attualmente positivi 679 (+15), negativizzati 128 (+6 da sabato). Dimessi 91 (+1).<strong>\u00a0<\/strong>Numero totale tamponi effettuati per ricerca nCoV al 19 aprile 2020 14.522 (+ 295) Persone residenti in Ulss Dolomiti in isolamento domiciliare fiduciario e sorveglianza attiva al 19 aprile 2020: 1143 (+ 17 rispetto a sabato). Sulle strade continuano i controlli delle forze di polizia, ieri gli agenti di Belluno a Ponte nelle Alpi sono stati insultati da un giovane che ha pure postato un video su facebook e il sindacato di polizia ha gi\u00e0 annunciato che partiranno le querele verso l&#8217;autore del video e tutti coloro che partecipando alla discussione con i commenti hanno denigrato il lavoro dei poliziotti, sulla nostre pagine facebook per colpa di qualche imbecille gi\u00e0 segnalato a chi di dovere ed eliminato dal gruppo abbiamo deciso di bloccare ogni tipo di commento, purtroppo anche quelli che mettevano in luce l&#8217;ignoranza del giovane a spasso senza protezione con cane e fidanzata. Sabato sono state controllate 660 persone, elevate 38 sanzioni come nel giorno di Pasquetta, il totale delle verifiche in settimana: 4474 comminate 149 sanzioni, una denuncia per falsa dichiarazione, 6 per altri reati. Nel fine settimana Tiziano De Col per Radio Pi\u00f9 ha elaborato altre tabelle, quelle relative all&#8217;andamento dei contagi nei 16 Comuni dell&#8217;Agordino raffrontati ai dati provinciali e regionali, che si aggiungono a quelli che pubblichiamo ogni sera da inizio epidemia con riferimento all&#8217;aumento giornaliero dei contagi e a quello che mette in evidenza la percenutale contagi-popolazione. Tra i Comuni pi\u00f9 colpiti Rocca Pietore, ieri sera il sindaco Andrea De Bernardin ha informato la sua gente con questo messaggio<em> &#8220;Abbiamo una decina di casi positivi. 4 dei quali risultati negativi ad un primo tampone. Un solo caso un po&#8217; pi\u00f9 complicato. Gli altri stanno superando bene la loro condizione. R<\/em><em>isultati negativi al primo tampone di controllo dopo la quarantena&#8221;<\/em> Il sindaco di Cortina Gianpietro Ghedina \u00e8 sempre molto attivo sui social, l&#8217;unico\u00a0 sindaco che con puntualit\u00e0 informa la sua gente dell&#8217;andamento del contagio, l&#8217;ultimo comunicato sabato: <em>&#8220;in questi tre giorni il numero di positivi al Covid-19 \u00e8 diminuito, portando da 91 a 87 casi (-4) nel territorio di Cortina d\u2019Ampezzo. Le persone in quarantena (isolamento domiciliare) scendono da 45 a 40 (-5). Sembra finalmente essere iniziata la discesa della curva del contagio&#8221;.\u00a0<\/em>Infine gli orti anche quelli fuori del Comune di residenza, tanto per cambiare regna la confusione. Sul sito governativo la Faq afferma che si pu\u00f2 uscire per coltivare i terreni agricoli anche oltre la propria abitazione, per le seconde case solo in caso di emergenza (crolli, rotture, effrazioni). Ieri l&#8217;assessore Gianpaolo Bottacin ha per\u00f2 messo in guardia i bellunesi <em>&#8220;Le forze dell&#8217;ordine non sono tenute al rispetto di interpretazioni, per questo sar\u00e0 necessaria un&#8217;integrazione del DPCM&#8221;.<\/em><\/p>\n<p>&nbsp;<\/p>\n<p>&nbsp;<\/p>\n<p>&nbsp;<\/p>\n<p>&nbsp;<\/p>\n<hr \/>\n<div class=\"page-title-head hgroup\">\n<h3><\/h3>\n<h3 class=\"entry-title\">OGGI LA PRESENTAZIONE DEI DATI SULLE RSA VENETE<\/h3>\n<\/div>\n<p align=\"JUSTIFY\"><b>VENEZIA\u00a0\u00a0<\/b>Oggi nella videoconferenza stampa delle ore 12.30, saranno presentati\u00a0 gli esiti dell\u2019indagine epidemiologica e della campagna di test svolta in Veneto nelle 302 case di riposo della Regione. Sono state sottoposte ai test di positivit\u00e0 al virus oltre 60 mila persone, tra ospiti e operatori.<\/p>\n<p align=\"JUSTIFY\">L\u2019ultimo report sulla situazione sanitaria dei contagi nelle residenze sanitarie assistite per anziani del Veneto, diffuso il 16 aprile scorso. <strong>A tale data i decessi imputabili al Covid 19 risultano 345 su 33.311 ospiti residenti.<\/strong><\/p>\n<p align=\"JUSTIFY\"><a href=\"https:\/\/www.radiopiu.net\/wordpress\/wp-content\/uploads\/2020\/04\/552-2020-Anziani-complessivo-ULSS-1.pdf\">CLICCA QUI PER LEGGERE ANZIANI COMPLESSIVO ULSS<\/a><\/p>\n<p align=\"JUSTIFY\"><a href=\"https:\/\/www.radiopiu.net\/wordpress\/wp-content\/uploads\/2020\/04\/552-2020-anziani-con-sole24h.pdf\">ANZIANI COMPLESSIVO SOLE 24 ORE<\/a><\/p>\n<hr \/>\n<p>&nbsp;<\/p>\n<blockquote class=\"wp-embedded-content\" data-secret=\"XrjcZQ0Zoa\"><p><a href=\"https:\/\/www.radiopiu.net\/wordpress\/aggiornamento-nazionale-del-19-aprile\/\">AGGIORNAMENTO NAZIONALE DEL 19 APRILE<\/a><\/p><\/blockquote>\n<p><iframe loading=\"lazy\" title=\"&#8220;AGGIORNAMENTO NAZIONALE DEL 19 APRILE&#8221; &#8212; Radio Pi\u00f9\" class=\"wp-embedded-content\" sandbox=\"allow-scripts\" security=\"restricted\" style=\"position: absolute; clip: rect(1px, 1px, 1px, 1px);\" src=\"https:\/\/www.radiopiu.net\/wordpress\/aggiornamento-nazionale-del-19-aprile\/embed\/#?secret=XrjcZQ0Zoa\" data-secret=\"XrjcZQ0Zoa\" width=\"600\" height=\"338\" frameborder=\"0\" marginwidth=\"0\" marginheight=\"0\" scrolling=\"no\"><\/iframe><\/p>\n<p>&nbsp;<\/p>\n<hr \/>\n<blockquote>\n<h2><\/h2>\n<h2>AGGIORNAMENTO ULSS 1 DOLOMITI 19 MARZO 2020<\/h2>\n<\/blockquote>\n<p><strong>BELLUNO<\/strong>\u00a0GLI AGGIORNAMENTI DALLA ULSS 1 DOLOMITI<\/p>\n<p><strong>SORVEGLIANZA SANITARIA COVID-19\u00a0<\/strong>Numero totale tamponi effettuati per ricerca nCoV al 19 aprile 2020 <strong>14.522 (+ 295)\u00a0<\/strong> Persone residenti in Ulss Dolomiti in isolamento domiciliare fiduciario e sorveglianza attiva al 19 aprile 2020: <b>1143 (+ 17 rispetto ieri) <\/b>Alcuni tamponi sono stati effettuati pi\u00f9 volte sulle stesse persone<\/p>\n<p><a class=\"dt-pswp-item\" href=\"https:\/\/www.radiopiu.net\/wordpress\/wp-content\/uploads\/2020\/04\/Schermata-2020-04-19-alle-20.01.51.png\" data-dt-img-description=\"\" data-large_image_width=\"1356\" data-large_image_height=\"1626\"><img loading=\"lazy\" decoding=\"async\" class=\"alignnone wp-image-131484 size-large\" src=\"https:\/\/www.radiopiu.net\/wordpress\/wp-content\/uploads\/2020\/04\/Schermata-2020-04-19-alle-20.01.51-854x1024.png\" alt=\"\" width=\"854\" height=\"1024\" srcset=\"https:\/\/www.radiopiu.net\/wordpress\/wp-content\/uploads\/2020\/04\/Schermata-2020-04-19-alle-20.01.51-854x1024.png 854w, https:\/\/www.radiopiu.net\/wordpress\/wp-content\/uploads\/2020\/04\/Schermata-2020-04-19-alle-20.01.51-250x300.png 250w, https:\/\/www.radiopiu.net\/wordpress\/wp-content\/uploads\/2020\/04\/Schermata-2020-04-19-alle-20.01.51-768x921.png 768w, https:\/\/www.radiopiu.net\/wordpress\/wp-content\/uploads\/2020\/04\/Schermata-2020-04-19-alle-20.01.51-1281x1536.png 1281w, https:\/\/www.radiopiu.net\/wordpress\/wp-content\/uploads\/2020\/04\/Schermata-2020-04-19-alle-20.01.51.png 1356w\" sizes=\"auto, (max-width: 854px) 100vw, 854px\" \/><\/a><\/p>\n<p>&nbsp;<\/p>\n<p>&nbsp;<\/p>\n<p>&nbsp;<\/p>\n<p>&nbsp;<\/p>\n<hr \/>\n<p><strong>I NUMER<\/strong>I Ricoverati 1448 (-23),\u00a0 Terapia intensiva 184 ( ieri erano 190), Dimessi 2089 Decessi 918 (+18), Nelle case di riposo 120,000 persone testate e si prospetta di rifare il giro di tamponi ogni 10 giorni.<\/p>\n<p>&nbsp;<\/p>\n<blockquote><p>NON PERDO ORE DI SONNO PER PENSARE QUANDO ANDARE A VOTARE. RIAPRIRE LE SCUOLE? DIREI PROPRIO DI NO. CHI NON PORTA LA MASCHERINA E&#8217; UN IRRESPONSABILE.<\/p><\/blockquote>\n<h2>LEGGI LA CONFERENZA STAMPA DI IERI DI LUCA ZAIA<\/h2>\n<p><strong>CASE DI RIPOSO <\/strong>\u00a0Ci cono case di riposo, ad esempio Farra di Soligo, Follina, Arzignano, a zero contagi.<\/p>\n<p><strong>RIPARTENZA<\/strong> Si riparte dalla mascherine che significa sicurezza per tutti, chi la indossa e gli altri. \u00a0Abbiamo chiesto\u00a0 al Governo\u00a0 linee guida nazionali e che non ci siano complicazioni burocratiche per i cittadini. La mia posizione: se c&#8217;\u00e8 supporto scientifico, che si riapra. I numeri in Veneto da 15 giorni sono incoraggianti circa il contagioo. I tempi? Speravo in un\u00a0 segnale prima del 4 maggio che credo rimanga la\u00a0 deadline, la linea ultima. Per le \u00a0riaperture anticipate in aprile serve un nuovo Dpcm\u00a0 con relativi codici Ateco dei settori che potranno riaprire\u00bb.<\/p>\n<p><strong>I TUTORIAL<\/strong> C&#8217;\u00e8 chi, dal Veneto, mi manda un tutorial per far vedere che ha brevettato una\u00a0mascherina adesiva<strong>:<\/strong> te la metti quando vai dal barbiere o dalla parrucchiera e quando hai finito te la togli. Queste sono idee, tutti esperti all&#8217;improvviso\u00bb<\/p>\n<p><strong>MA IL GOVERNO FRENA<\/strong> Il Governo ha fatto capire che non gradisce la cabina di regia regionale. \u00a0Non saprei. Manca ancora qualche giorno da qui al 4 maggio, ci sono decisioni sperimentali che nel frattempo si possono prendere. Un anteprima della fase 2 si dovr\u00e0 consolidare con un decreto del consiglio dei Ministri.<\/p>\n<p><strong>COLLEGAMENTI INTERREGIONALI<\/strong> Che proposta \u00e8 quella del presidente De Luca della Regione Campania o della Puglia? Chiudere i confini regionali? Cio\u00e8 blocchiamo anche i treni da Milano\u00a0 in gi\u00f9? Altro che Nord contro Sud questo \u00e8 proprio Sud contro Nord.<\/p>\n<p><strong>TESTI SIEREOLOGICI\u00a0<\/strong> \u00a0Il professor Plebani su 3000 kit ne ha utilizzati 2000, poi avremo i primi risultati. Sono in rete con il professor Lippi e altre microbiologie del Veneto per fare dei test sierologici. I test dei laboratori hanno sempre validazione in base alla certificazione che hanno.<\/p>\n<p><strong>BONACCINI HA RIVENDICATO LA POSSIBILITA&#8217; DI DECIDERE SULLE SCUOLE D&#8217;INFANZIA CON APERTURA DAL 4 MAGGIO <\/strong>Per me \u00e8 un no, diventano grandi vettori di virus in famiglia e comunit\u00e0. Serve un provvedimento nazionale, se le regole sono quelle di oggi sar\u00e0 dura anche per i centri estivi. Gli asili aziendali hanno popolazioni molto rappresentative. L&#8217;alternativa sono i nonni con tutti gli annessi connessi. Certo che per i genitori \u00e8 difficile riprendere a lavorare, con i figli a casa da scuola. Ma la soluzione va trovata a livello nazionale.<\/p>\n<p><strong>DAL 4 MAGGIO ZONE ROSSE<\/strong> Non ho sentito parlare<\/p>\n<p><strong>APERTURE FASE VENETO VENETO SI ADEGUA O ORDINANZE A DOC COME APERTURE PER 2 GIORNI?<\/strong> Possiamo solo fare ordinanze restrittive e non ne vogliamo fare. Aspettiamo il DPCM. Speriamo che interpreti le nostre attese.<\/p>\n<p><strong>SCAGLIONI PER ETA&#8217;?<\/strong> Stiamo lavorando per una soluzione sostenibile e rispettosa della liber\u00e0, tutto dipende dalla mascherina che risolve gran parte dei problemi i nostri medici si sono infettati per l&#8217;1,3%<\/p>\n<p><strong>ELEZIONI REGIONALI A LUGLIO<\/strong> Primo ho bel altri pensieri di quando bisogna votare. Ci sono 6 Regione e molti Comuni in scadenza a fine maggio. 2 ipotesi: proroga fino a ottobre novembre pagando stipendio ad amministratori che non hanno titolo oppure la nostra linea: andare al voto il primo possibile con il rispetto del tema sanitario. Il prima possibile significa primi di luglio, se \u00e8 vero che di parte il 4 maggio due mesi dopo \u00e8 un bel po&#8217; di tempo ci sar\u00e0 parecchia gente in giro. Che i citaddini eleggano i loro rappresentanti. Il Governo apre questa finestra per luglio, soluzione intelligente perch\u00e9 in autunno torner\u00e0 il viruso per l&#8217;OMS e quindi significa non andare pi\u00f9 a votare e la proroga proter\u00e0 alla prossima estate inoltre i governatori devono avere pieni poteri (dalle urne) perch\u00e9 gestiscono la sanit\u00e0. C&#8217;\u00e8 chi dice di votare il 15 settembre, facciamo la campagna elettorale e raccogliamo le firme nella settimana di ferragosto? <em>No me par na gran pensada.\u00a0<\/em>Il Governo dovr\u00e0 fare un decreto per decidere, non decidiamo noi che pero&#8217; abbiamo una posizione: alle urne prima possibile.<\/p>\n<p><strong>MASCHERINE<\/strong> Ne abbiamo fatto 10 milioni a costo zero, non le abbiamo pagate ci sono state regalate.<\/p>\n<p>&nbsp;<\/p>\n<p>https:\/\/www.facebook.com\/zaiaufficiale\/videos\/461404714628037<\/p>\n<p>&nbsp;<\/p>\n<hr \/>\n<p>&nbsp;<\/p>\n<blockquote>\n<h3>CASE DI RIPOSO, CENTRI DIURNI E TRASPORTI. RISPONDE L&#8217;ASSESSORE MANUELA LANZARIN<\/h3>\n<\/blockquote>\n<p>&nbsp;<\/p>\n<blockquote>\n<h1><img loading=\"lazy\" decoding=\"async\" class=\"alignleft\" src=\"https:\/\/www.radiopiu.net\/wordpress\/wp-content\/uploads\/2017\/01\/manuela_lanzarin.jpg\" width=\"137\" height=\"82\" \/>4\u00a0 DOMANDE ALL&#8217;ASSESSORE MANUELA LANZARIN, ASSESSORE ALLA SANITA&#8217; IN REGIONE<\/h1>\n<\/blockquote>\n<p>&nbsp;<\/p>\n<h2><\/h2>\n<h2>1 LA SITUAZIONE NELLE CASE DI RIPOSO<\/h2>\n<audio class=\"wp-audio-shortcode\" id=\"audio-131297-5\" preload=\"none\" style=\"width: 100%;\" controls=\"controls\"><source type=\"audio\/mpeg\" src=\"https:\/\/www.radiopiu.net\/wordpress\/wp-content\/uploads\/2020\/04\/LANZARIN-CASE-DI-RIPOSO.mp3?_=5\" \/><a href=\"https:\/\/www.radiopiu.net\/wordpress\/wp-content\/uploads\/2020\/04\/LANZARIN-CASE-DI-RIPOSO.mp3\">https:\/\/www.radiopiu.net\/wordpress\/wp-content\/uploads\/2020\/04\/LANZARIN-CASE-DI-RIPOSO.mp3<\/a><\/audio>\n<p>&nbsp;<\/p>\n<h2>2 CI SONO CASE DI RIPOSO &#8220;INFETTATE&#8221; E ALTRE CHE SI SONO SALVATE DAL CONTAGIO?<\/h2>\n<audio class=\"wp-audio-shortcode\" id=\"audio-131297-6\" preload=\"none\" style=\"width: 100%;\" controls=\"controls\"><source type=\"audio\/mpeg\" src=\"https:\/\/www.radiopiu.net\/wordpress\/wp-content\/uploads\/2020\/04\/LANDARIN-ANDAMENTO.mp3?_=6\" \/><a href=\"https:\/\/www.radiopiu.net\/wordpress\/wp-content\/uploads\/2020\/04\/LANDARIN-ANDAMENTO.mp3\">https:\/\/www.radiopiu.net\/wordpress\/wp-content\/uploads\/2020\/04\/LANDARIN-ANDAMENTO.mp3<\/a><\/audio>\n<h2><\/h2>\n<h2>3 QUANDO LA RIAPERTURA DEI CENTRI DIURNI?<\/h2>\n<audio class=\"wp-audio-shortcode\" id=\"audio-131297-7\" preload=\"none\" style=\"width: 100%;\" controls=\"controls\"><source type=\"audio\/mpeg\" src=\"https:\/\/www.radiopiu.net\/wordpress\/wp-content\/uploads\/2020\/04\/CENTRI-DIURNI.mp3?_=7\" \/><a href=\"https:\/\/www.radiopiu.net\/wordpress\/wp-content\/uploads\/2020\/04\/CENTRI-DIURNI.mp3\">https:\/\/www.radiopiu.net\/wordpress\/wp-content\/uploads\/2020\/04\/CENTRI-DIURNI.mp3<\/a><\/audio>\n<h2><\/h2>\n<h2>4 NOVITA&#8217; PER I TRASPORTI?<\/h2>\n<audio class=\"wp-audio-shortcode\" id=\"audio-131297-8\" preload=\"none\" style=\"width: 100%;\" controls=\"controls\"><source type=\"audio\/mpeg\" src=\"https:\/\/www.radiopiu.net\/wordpress\/wp-content\/uploads\/2020\/04\/LANZARIN-TRASPORTI.mp3?_=8\" \/><a href=\"https:\/\/www.radiopiu.net\/wordpress\/wp-content\/uploads\/2020\/04\/LANZARIN-TRASPORTI.mp3\">https:\/\/www.radiopiu.net\/wordpress\/wp-content\/uploads\/2020\/04\/LANZARIN-TRASPORTI.mp3<\/a><\/audio>\n<p>&nbsp;<\/p>\n<hr \/>\n<p>&nbsp;<\/p>\n<p>&nbsp;<\/p>\n<blockquote>\n<h2>Controllo e risorse certe a Belluno<\/h2>\n<\/blockquote>\n<p><em><strong>Emendamento del PD toglie alla Regione i poteri discriminanti<\/strong><\/em><\/p>\n<p><strong>ROMA\u00a0<\/strong> Certezza per i territori delle risorse economiche derivanti dallo sfruttamento dell\u2019acqua, maggiore controllo da parte degli enti locali e aumento dei canoni disponibili per i Comuni al momento del rinnovo delle concessioni. <em>\u00abDovesse essere approvato il nostro emendamento alla conversione del decreto legge \u2018Cura Italia\u2019, per il Bellunese sarebbe una svolta\u00bb. <\/em>Il deputato bellunese Roger De Menech sottolinea che il provvedimento sarebbe<em> \u00abil compimento di 25 anni di battaglie per il controllo dell\u2019acqua che finora hanno visto contrapposti le ragioni degli abitanti e dei comuni bellunesi a quelli della Regione dove a fare la voce grossa sono gli interessi della pianura\u00bb. <\/em>Alle Province montane, si legge nell\u2019emendamento presentato dal Partito democratico deve essere in ogni caso riversata da parte delle rispettive Regioni una quota, da stabilirsi con legge regionale, non inferiore all\u2019ottanta per cento dell\u2019ammontare complessivo dei canoni demaniali percepiti per le concessioni di grande derivazione idroelettrica ubicate nelle predette Province montane. Questo punto, inserito al comma 6 dell\u2019emendamento, <em>\u00abpone fine alle controversie aperte da anni con la Regione Veneto. In sintesi, i piani energetici vengono fatti a livello nazionale, le Regioni fanno le gare per assegnare le concessioni, ma i ristori economici e il controllo sono in parte preponderante a beneficio dei territori in cui sono installati gli impianti, ovvero le centrali idroelettriche\u00bb. <\/em>Con questo emendamento, conclude De Menech, <em>\u00absi riconosce a livello nazionale la specificit\u00e0 delle province interamente montane, in particolare Belluno quale principale produttore nazionale di energia idroelettrica\u00bb.<\/em><\/p>\n<p>&nbsp;<\/p>\n<hr \/>\n<blockquote>\n<h3><\/h3>\n<h3>Emendamento PD per riportare propriet\u00e0 concessioni idroelettriche in capo allo Stato.\u00a0 Bottacin: &#8220;iniziativa vergognosa e ipocrita&#8221;<\/h3>\n<\/blockquote>\n<p><strong>VENEZIA<\/strong>\u00a0 <em>&#8220;Abominevole la proposta che il Pd, in queste ore e sotto traccia, sta cercando di far passare in Parlamento&#8221;<\/em>. Non usa mezzi termini l&#8217;assessore alla Difesa del Suolo Gianpaolo Bottacin per descrivere la proposta in discussione alla Camera relativa all&#8217;emendamento avanzato nel Salva Italia da Del Rio e altri parlamentari che riapre il tema delle concessioni idroelettriche. <em>&#8220;Il rischio concreto \u00e8 di martoriare per l&#8217;ennesima volta i territori facendo un regalo ai concessionari &#8211; spiega l&#8217;assessore -. Qui si vuole cancellare la svolta storica, ottenuta nel 2019 su iniziativa dell&#8217;allora sottosegretario alla Presidenza del Consiglio Giancarlo Giorgetti, con la modifica del decreto legislativo. <\/em>&#8220;Per dare concreta applicazione a quella legge e declinarne gli effetti pratici sul territorio, come Giunta regionale abbiamo gi\u00e0 approvato un disegno di legge in materia, che ora \u00e8 al vaglio del Consiglio e che dovrebbe diventare legge regionale entro la fine di questa legislatura. <em>Con lo scellerato emendamento piddino si vorrebbero invece prorogare di dieci anni le concessioni gi\u00e0 scadute agli attuali concessionari e riportare in mano allo stato la propriet\u00e0 delle centrali, come era fino al 2018, anzich\u00e9 agli enti territoriali come l&#8217;attuale normativa invece prevede&#8221;.\u00a0<\/em>Per il welfare territoriale, per le province e i cittadini veneti, significherebbe molti milioni di euro in meno che, ancora una volta, sarebbero lasciati allo stato centrale.<\/p>\n<p>&nbsp;<\/p>\n<hr \/>\n<p>&nbsp;<\/p>\n<blockquote>\n<h3>BOND (FI), NO ALLUNGAMENTO SCADENZA LATTE FRESCO, MINISTRO TUTELI PICCOLI PRODUTTORI<\/h3>\n<\/blockquote>\n<p><strong>AUDIO DALLA RASSEGNA STAMPA DELLE 8<\/strong><\/p>\n<audio class=\"wp-audio-shortcode\" id=\"audio-131297-9\" preload=\"none\" style=\"width: 100%;\" controls=\"controls\"><source type=\"audio\/mpeg\" src=\"https:\/\/www.radiopiu.net\/wordpress\/wp-content\/uploads\/2020\/04\/bond.mp3?_=9\" \/><a href=\"https:\/\/www.radiopiu.net\/wordpress\/wp-content\/uploads\/2020\/04\/bond.mp3\">https:\/\/www.radiopiu.net\/wordpress\/wp-content\/uploads\/2020\/04\/bond.mp3<\/a><\/audio>\n<p>&nbsp;<\/p>\n<p>\u201cZootecnia gi\u00e0 in crisi, il problema delle rendite altalenanti di chi produce e vende latte e prodotti caseari, sia freschi che stagionali, potrebbe amplificarsi ulteriormente qualora venga normata la possibilit\u00e0 di allungare la data di scadenza del latte fresco dagli attuali sei giorni a dodici\u201d. A lanciare l\u2019allarme \u00e8 il deputato di Forza Italia Dario Bond. \u201cA risentirne \u2013 spiega Bond &#8211; sarebbe sia la vendita del latte fresco che del \u2018latte fieno\u2019, un\u2019eccellenza italiana, unica in Europa, con conseguenze devastanti per tutte le aziende zootecniche nazionali, e soprattutto per quelle delle aree interne e montane. I quantitativi di latte saranno tali da rischiare di cancellare una parte molto importante del tessuto imprenditoriale nazionale, mentre chi riuscir\u00e0 a sopravvivere dovr\u00e0 adeguarsi a prezzi a ribasso e poco dignitosi\u201d. \u201cPer questo chiedo \u2013 prosegue Bond \u2013 insieme ai produttori e agricoltori italiani, di lasciare immutata la legge a tutela dell\u2019attuale scadenza. Il ministro Bellanova ci ascolti e agisca a tutela del comparto agricolo italiano e quello zootecnico in particolare, evitando di piegarsi alle esigenze delle grandi multinazionali del settore, che operano secondo logiche di prezzo e non di qualit\u00e0 o di territorio. Il latte fresco \u00e8 un emblema della migliore agricoltura e zootecnia italiana: \u00e8 opportuno che la politica non lo svilisca alla stregua di altri prodotti, fino a fargli perdere le sue tipiche caratteristiche di unicit\u00e0, che finirebbero per penalizzare i consumatori, il territorio e la filiera delle aziende che operano nel settore.<\/p>\n<p>&nbsp;<\/p>\n<hr \/>\n<p>&nbsp;<\/p>\n<p>&nbsp;<\/p>\n<blockquote class=\"wp-embedded-content\" data-secret=\"iNOSfuXeKX\"><p><a href=\"https:\/\/www.radiopiu.net\/wordpress\/mappe-del-contagio-elaborazione-grafiche-di-tiziano-de-col\/\">AGORDINO: MAPPE DEL CONTAGIO. ELABORAZIONE GRAFICA DI TIZIANO DE COL<\/a><\/p><\/blockquote>\n<p><iframe loading=\"lazy\" title=\"&#8220;AGORDINO: MAPPE DEL CONTAGIO. ELABORAZIONE GRAFICA DI TIZIANO DE COL&#8221; &#8212; Radio Pi\u00f9\" class=\"wp-embedded-content\" sandbox=\"allow-scripts\" security=\"restricted\" style=\"position: absolute; clip: rect(1px, 1px, 1px, 1px);\" src=\"https:\/\/www.radiopiu.net\/wordpress\/mappe-del-contagio-elaborazione-grafiche-di-tiziano-de-col\/embed\/#?secret=iNOSfuXeKX\" data-secret=\"iNOSfuXeKX\" width=\"600\" height=\"338\" frameborder=\"0\" marginwidth=\"0\" marginheight=\"0\" scrolling=\"no\"><\/iframe><\/p>\n<p>&nbsp;<\/p>\n<hr \/>\n<blockquote>\n<h3><\/h3>\n<h3 class=\"p1\"><span class=\"s1\">CORONAVIRUS: PRECISAZIONE REGIONE VENETO SU REPORT ISS RIPORTATO DALLA STAMPA<\/span><\/h3>\n<\/blockquote>\n<p><strong><a class=\"dt-pswp-item\" href=\"https:\/\/www.radiopiu.net\/wordpress\/wp-content\/uploads\/2020\/03\/MANI-ANZIANI.jpg\" data-dt-img-description=\"\" data-large_image_width=\"1920\" data-large_image_height=\"1280\"><img loading=\"lazy\" decoding=\"async\" class=\"alignleft wp-image-125005 size-medium\" src=\"https:\/\/www.radiopiu.net\/wordpress\/wp-content\/uploads\/2020\/03\/MANI-ANZIANI-300x200.jpg\" alt=\"\" width=\"300\" height=\"200\" srcset=\"https:\/\/www.radiopiu.net\/wordpress\/wp-content\/uploads\/2020\/03\/MANI-ANZIANI-300x200.jpg 300w, https:\/\/www.radiopiu.net\/wordpress\/wp-content\/uploads\/2020\/03\/MANI-ANZIANI-1024x683.jpg 1024w, https:\/\/www.radiopiu.net\/wordpress\/wp-content\/uploads\/2020\/03\/MANI-ANZIANI-768x512.jpg 768w, https:\/\/www.radiopiu.net\/wordpress\/wp-content\/uploads\/2020\/03\/MANI-ANZIANI-1536x1024.jpg 1536w, https:\/\/www.radiopiu.net\/wordpress\/wp-content\/uploads\/2020\/03\/MANI-ANZIANI.jpg 1920w\" sizes=\"auto, (max-width: 300px) 100vw, 300px\" \/><\/a>VENEZIA<\/strong> <span class=\"s1\">In relazione al grafico pubblicato da un quotidiano nazionale, che attribuisce al Veneto 1093 presunti decessi totali nelle RSA,<span class=\"Apple-converted-space\">\u00a0 <\/span>l\u2019Assessorato alla sanit\u00e0 e al sociale precisa che il dato \u00e8 completamente<span class=\"Apple-converted-space\">\u00a0 <\/span>errato, sia rispetto al totale dei decessi registrati nella regione fino ad oggi, sia rispetto al totale dei decessi nelle RSA, sia nel confronto con le altre regioni contermini. Il dato riportato nel grafico deriva infatti da una indagine telefonica, condotta dall\u2019Istituto Superiore di Sanit\u00e0 che, in Veneto, ha interessato solo il 27 per cento delle Residenze sanitarie per anziani.\u00a0 <\/span><span class=\"s1\">Secondo quanto appurato dagli uffici della Regione Veneto, l\u2019indagine dell\u2019ISS \u00e8 stata condotta relativamente al periodo 1\u00b0 febbraio-14 aprile attraverso questionari telefonici e online ai referenti delle Rsa, che hanno risposto su base volontaria. Come dichiarato dagli stessi autori nelle note metodologiche, la rilevazione sulla mortalit\u00e0 nelle case di riposo per Covid 19 e\/o sintomi influenzali ha interessato in tutto il Paese circa un terzo delle strutture: i risultati non sono quindi assumibili o comparabili con i dati assoluti e portano ad una rappresentazione lontana dalla realt\u00e0 dei fatti. <\/span><span class=\"s1\">Il Bollettino ufficiale della Regione Veneto sull\u2019andamento dell\u2019epidemia segnala che, ad oggi, si registrano in Veneto 1087 decessi per Covid 19 (lo stesso giornale, peraltro, rappresenta in altra pagina il dato coerente dei decessi registrati nella nostra regione alla data di ieri), di cui 345 nelle case di riposo. Il tasso di mortalit\u00e0 nelle residenza per anziani in Veneto risulta essere del 15,7 per cento, circa la met\u00e0 del tasso medio nazionale.<\/span><\/p>\n<p>&nbsp;<\/p>\n<hr \/>\n<p>&nbsp;<\/p>\n<blockquote>\n<h3>&#8220;DE COCCIO&#8221;: 38 SANZIONI E 2 DENUNCIE SOLO IERI<\/h3>\n<\/blockquote>\n<p><strong>BELLUNO<\/strong> E&#8217; stato un sabato carico di verbali da parte delle Forze dell&#8217;Ordine che in sole 24 ore hanno controllato 660 persone sanzionandone 38 a fronte del decreto COVID-19. Da aggiungere anche 2 denunce per altri reati. 149 le sanzioni in 6 giorni e 7 persone denunciate. Controllati anche 1228 esercizi commerciali ieri e nessuna sanzione o chiusura.<\/p>\n<p><a class=\"dt-pswp-item\" href=\"https:\/\/www.radiopiu.net\/wordpress\/wp-content\/uploads\/2020\/04\/19.04_-_MONITORAGGIO_SETTIMANALE_DEI_SERVIZI_DI_CONTROLLO.jpg\" data-dt-img-description=\"\" data-large_image_width=\"1240\" data-large_image_height=\"1753\"><img loading=\"lazy\" decoding=\"async\" class=\"alignnone wp-image-131295\" src=\"https:\/\/www.radiopiu.net\/wordpress\/wp-content\/uploads\/2020\/04\/19.04_-_MONITORAGGIO_SETTIMANALE_DEI_SERVIZI_DI_CONTROLLO-724x1024.jpg\" alt=\"\" width=\"400\" height=\"566\" srcset=\"https:\/\/www.radiopiu.net\/wordpress\/wp-content\/uploads\/2020\/04\/19.04_-_MONITORAGGIO_SETTIMANALE_DEI_SERVIZI_DI_CONTROLLO-724x1024.jpg 724w, https:\/\/www.radiopiu.net\/wordpress\/wp-content\/uploads\/2020\/04\/19.04_-_MONITORAGGIO_SETTIMANALE_DEI_SERVIZI_DI_CONTROLLO-212x300.jpg 212w, https:\/\/www.radiopiu.net\/wordpress\/wp-content\/uploads\/2020\/04\/19.04_-_MONITORAGGIO_SETTIMANALE_DEI_SERVIZI_DI_CONTROLLO-768x1086.jpg 768w, https:\/\/www.radiopiu.net\/wordpress\/wp-content\/uploads\/2020\/04\/19.04_-_MONITORAGGIO_SETTIMANALE_DEI_SERVIZI_DI_CONTROLLO-1087x1536.jpg 1087w, https:\/\/www.radiopiu.net\/wordpress\/wp-content\/uploads\/2020\/04\/19.04_-_MONITORAGGIO_SETTIMANALE_DEI_SERVIZI_DI_CONTROLLO.jpg 1240w\" sizes=\"auto, (max-width: 400px) 100vw, 400px\" \/><\/a><\/p>\n<p>&nbsp;<\/p>\n<hr \/>\n<p>&nbsp;<\/p>\n<blockquote>\n<h3>LUXOTTICA CENCENIGHE E COVID, I COMPLIMENTI DELLO SPISAL PER LE MISURE ADOTTATE<\/h3>\n<\/blockquote>\n<p><strong><a class=\"dt-pswp-item\" href=\"https:\/\/www.radiopiu.net\/wordpress\/wp-content\/uploads\/2019\/10\/MAGLIA-LUXOTTICA.jpeg\" data-dt-img-description=\"\" data-large_image_width=\"1024\" data-large_image_height=\"1024\"><img loading=\"lazy\" decoding=\"async\" class=\" wp-image-103580 alignleft\" src=\"https:\/\/www.radiopiu.net\/wordpress\/wp-content\/uploads\/2019\/10\/MAGLIA-LUXOTTICA-300x300.jpeg\" alt=\"\" width=\"228\" height=\"228\" srcset=\"https:\/\/www.radiopiu.net\/wordpress\/wp-content\/uploads\/2019\/10\/MAGLIA-LUXOTTICA-300x300.jpeg 300w, https:\/\/www.radiopiu.net\/wordpress\/wp-content\/uploads\/2019\/10\/MAGLIA-LUXOTTICA-150x150.jpeg 150w, https:\/\/www.radiopiu.net\/wordpress\/wp-content\/uploads\/2019\/10\/MAGLIA-LUXOTTICA-768x768.jpeg 768w, https:\/\/www.radiopiu.net\/wordpress\/wp-content\/uploads\/2019\/10\/MAGLIA-LUXOTTICA.jpeg 1024w\" sizes=\"auto, (max-width: 228px) 100vw, 228px\" \/><\/a>di Claudio Pra<\/strong><\/p>\n<p><strong>CENCENIGHE<\/strong> Anche lo stabilimento Luxottica di Cencenighe, come tutti gli altri, ha riaperto dopo Pasquetta a scartamento ridotto. L&#8217; emergenza COVID-19, con le sue ricadute, lo impone, seppure proprio Cencenighe sia stato il primo plant ad adottare tutte le misure di sicurezza decise dal Governo, mettendole in atto ancora prima che fossero rese obbligatorie, tanto da ricevere i complimenti dello SPISAL durante una visita di controllo. La situazione, con operai contingentati in turni a compartimento stagno, revisione orari, riduzione presenze al lavoro, attuazione delle misure di sicurezza, non \u00e8 ovviamente chiaro quanto durer\u00e0. Dipender\u00e0 dall&#8217;evoluzione dell&#8217;epidemia e dalle decisioni della politica. Per intanto, chi non lavora, resta in cassa integrazione pagata per\u00f2 con l&#8217;integrazione dell&#8217;azienda al 100%, come previsto dall&#8217;accordo firmato con i Sindacati. Fattore non da poco, che non va ad intaccare lo stipendio dei lavoratori.<\/p>\n<p>&nbsp;<\/p>\n<p>&nbsp;<\/p>\n<hr \/>\n<p>&nbsp;<\/p>\n<blockquote>\n<h3>MASCHERINE DELLA REGIONE VENETO NEI NEGOZI<\/h3>\n<\/blockquote>\n<p><strong><a class=\"dt-pswp-item\" href=\"https:\/\/www.radiopiu.net\/wordpress\/wp-content\/uploads\/2020\/03\/ZAIA-MASCHERINA.jpg\" data-dt-img-description=\"\" data-large_image_width=\"750\" data-large_image_height=\"802\"><img loading=\"lazy\" decoding=\"async\" class=\"wp-image-124471 alignleft\" src=\"https:\/\/www.radiopiu.net\/wordpress\/wp-content\/uploads\/2020\/03\/ZAIA-MASCHERINA-281x300.jpg\" alt=\"\" width=\"135\" height=\"144\" srcset=\"https:\/\/www.radiopiu.net\/wordpress\/wp-content\/uploads\/2020\/03\/ZAIA-MASCHERINA-281x300.jpg 281w, https:\/\/www.radiopiu.net\/wordpress\/wp-content\/uploads\/2020\/03\/ZAIA-MASCHERINA.jpg 750w\" sizes=\"auto, (max-width: 135px) 100vw, 135px\" \/><\/a>FELTRE<\/strong> Nella giornata di sabato sono state consegnate da parte dei volontari della Protezione Civile 4.000 mascherine della Regione a 40 attivit\u00e0 commerciali\/piccoli negozi vari aperti in questo periodo (100 per ogni esercizio). Le mascherine, come quelle recapitate a domicilio nelle scorse settimane, sono confezionate singolarmente nei sacchettini. Chi ne avesse necessit\u00e0 le potr\u00e0 ritirare gratuitamente presso i punti vendita. Nei prossimi giorni analoga iniziativa verr\u00e0 concordata anche con i supermercati. L&#8217;iniziativa nasce dal fatto che anche il Comune di Feltre ha ricevuto una dotazione di mascherine superiore al numero dei cittadini ( a cui ne \u00e8 stata recapitata una ciascuno).<\/p>\n<p>&nbsp;<\/p>\n<hr \/>\n<p>&nbsp;<\/p>\n<p>&nbsp;<\/p>\n<blockquote>\n<h3 class=\"entry-title\">ORTI \u201cLIBERATI\u201d: AZIONE UNCEM, CON ASSOCIAZIONI DI CATEGORIA E TANTI AMICI DEL TERRITORIO PERMETTE LA COLTIVAZIONE PER AUTOPRODUZIONE. MA SERVE CHIARIMENTO ULTERIORE<\/h3>\n<\/blockquote>\n<p><a class=\"dt-pswp-item\" href=\"https:\/\/www.radiopiu.net\/wordpress\/wp-content\/uploads\/2020\/04\/zucchini-190775_960_720.jpg\" data-dt-img-description=\"\" data-large_image_width=\"960\" data-large_image_height=\"639\"><img loading=\"lazy\" decoding=\"async\" class=\"size-medium wp-image-131318 alignleft\" src=\"https:\/\/www.radiopiu.net\/wordpress\/wp-content\/uploads\/2020\/04\/zucchini-190775_960_720-300x200.jpg\" alt=\"\" width=\"300\" height=\"200\" srcset=\"https:\/\/www.radiopiu.net\/wordpress\/wp-content\/uploads\/2020\/04\/zucchini-190775_960_720-300x200.jpg 300w, https:\/\/www.radiopiu.net\/wordpress\/wp-content\/uploads\/2020\/04\/zucchini-190775_960_720-768x511.jpg 768w, https:\/\/www.radiopiu.net\/wordpress\/wp-content\/uploads\/2020\/04\/zucchini-190775_960_720.jpg 960w\" sizes=\"auto, (max-width: 300px) 100vw, 300px\" \/><\/a>\u201c\u00c8 consentito, anche al di fuori del Comune di residenza, lo svolgimento di attivit\u00e0 lavorative su superfici agricole, anche di limitate dimensioni, adibite alle produzioni per autoconsumo, non adiacenti a prima od altra abitazione?\u00a0Si,<strong>\u00a0la coltivazione del terreno per uso agricolo e l\u2019attivit\u00e0 diretta alla produzione per autoconsumo rientrano nel codice Ateco 0.1. e sono quindi consentite<\/strong>, a condizione che il soggetto interessato attesti, con autodichiarazione completa di tutte le necessarie indicazioni per la relativa verifica, il possesso di tale superficie agricola produttiva e che essa sia effettivamente adibita ai predetti fini, con indicazione del percorso pi\u00f9 breve per il raggiungimento del sito\u201d. <strong>\u00c8 questa la faq, domanda e risposta, pubblicata da poche ore sul sito del Governo, che \u201clibera gli orti\u201d<\/strong>, permette l\u2019autoproduzione, la conduzione di piccoli poderi, pezzi di terra, vigneti, oliveti, anche non adiacenti alla propria abitazione.\u00a0<strong>Uncem, con tanti altre persone che avevano fatto \u201cpressione\u201d istituzionale sul Mipaaf<\/strong> \u2013 a partire dalle Associazioni di categoria dell\u2019agricoltura e anche il meteorologo Luca Mercalli oltre che alla nota pagina Facebook \u201cOrto da coltivare\u201d, anche tramite le riviste di settore \u2013 aveva inviato numerose lettere nelle ultime settimane alla Ministra Bellanova, al Governo, ai Parlamentari. \u00c8 dunque consentita la cura e manutenzione di orti e terreni privati, ed \u00e8 consentito spostarsi per raggiungerli, anche nel caso in cui siano in Comuni diversi da quello di residenza, certificando la propriet\u00e0 o il possesso, la produzione per autoconsumo e indicando il percorso. Resta\u00a0 il divieto di spostarsi in un altro comune per la cura di giardini ed orti di seconde case. <strong>Serve per\u00f2 un chiarimento ulteriore che Uncem ha gi\u00e0 sollecitato al Mipaaf<\/strong>. E cio\u00e9 escludere una volta per tutte dalla faq il riferimento al codice ateco 0.1 che al momento sta creando fraintendimenti anche tra gli Amministratori. A occuparsi di orti e giardini devono poter essere anche non professionisti, devono poter essere hobbysti e non solo titolari di impresa. Su questo serve una precisazione urgente che attendiamo nelle prossime ore.<\/p>\n<p>&nbsp;<\/p>\n<hr \/>\n<p>&nbsp;<\/p>\n<div class=\"page-title-head hgroup\">\n<blockquote>\n<h3 class=\"entry-title\">L\u2019ARTICOLO PIU\u2019 COMMENTATO SABATO SU FACEBOOK DOPO LA SEGNALAZIONE DI GESSICA<\/h3>\n<\/blockquote>\n<p><strong>SELVA DI CADORE<\/strong>\u00a0C\u2019hanno rubato il Pelmo\u2026 un altro scippo mediatico. Ad accorgersene per prima Gessica Nicolai che l\u2019ha condiviso su facebook e noi in catena sulla pagina di Radio Piu\u2019 dove \u00e8 ancora tra le prime notizie pi\u00f9 commentate e condivise. Abbiamo al contempo informato il presidente della Provincia Roberto Padrin, l\u2019assessore Federico Caner, il presidente Luca Zaia e l\u2019assessore bellunese Gianpaolo Bottacin. Fabio Rufus Bristot, invece, ha pensato di prendere delle foto delle Dolomiti Alto Atesine, le poche che possono vantare pubblicando il \u201cpan per focaccia\u201d\u2026. con il benvenuti nelle Dolomiti Bellunesi, una sana ironia ma neanche tanto.<\/p>\n<p class=\"photoswipe-wrapper\"><a class=\"dt-pswp-item pspw-wrap-ready\" href=\"https:\/\/i2.wp.com\/www.radiopiu.net\/wordpress\/wp-content\/uploads\/2020\/04\/94082256_10222935394560199_6811992678926909440_o.jpg?ssl=1\" data-dt-img-description=\"\" data-large_image_width=\"443\" data-large_image_height=\"960\"><img loading=\"lazy\" decoding=\"async\" class=\"alignnone wp-image-131312 jetpack-lazy-image jetpack-lazy-image--handled\" src=\"https:\/\/i2.wp.com\/www.radiopiu.net\/wordpress\/wp-content\/uploads\/2020\/04\/94082256_10222935394560199_6811992678926909440_o.jpg?resize=443%2C960&amp;ssl=1\" sizes=\"auto, (max-width: 443px) 100vw, 443px\" srcset=\"https:\/\/i2.wp.com\/www.radiopiu.net\/wordpress\/wp-content\/uploads\/2020\/04\/94082256_10222935394560199_6811992678926909440_o.jpg?w=443&amp;ssl=1 443w, https:\/\/i2.wp.com\/www.radiopiu.net\/wordpress\/wp-content\/uploads\/2020\/04\/94082256_10222935394560199_6811992678926909440_o.jpg?resize=138%2C300&amp;ssl=1 138w\" alt=\"\" width=\"345\" height=\"748\" data-recalc-dims=\"1\" data-lazy-loaded=\"1\" \/><\/a><\/p>\n<\/div>\n<h2>MA NON E&#8217; FINITA&#8230;. LO SCIPPO E&#8217; QUOTIDIANO<\/h2>\n<blockquote><p><strong>PASSO PORDOI<\/strong><\/p><\/blockquote>\n<p><a class=\"dt-pswp-item\" href=\"https:\/\/www.radiopiu.net\/wordpress\/wp-content\/uploads\/2020\/04\/94224524_599672483978326_6412672380958670848_n.jpg\" data-dt-img-description=\"\" data-large_image_width=\"450\" data-large_image_height=\"950\"><img loading=\"lazy\" decoding=\"async\" class=\"alignnone wp-image-131453\" src=\"https:\/\/www.radiopiu.net\/wordpress\/wp-content\/uploads\/2020\/04\/94224524_599672483978326_6412672380958670848_n-142x300.jpg\" alt=\"\" width=\"202\" height=\"427\" srcset=\"https:\/\/www.radiopiu.net\/wordpress\/wp-content\/uploads\/2020\/04\/94224524_599672483978326_6412672380958670848_n-142x300.jpg 142w, https:\/\/www.radiopiu.net\/wordpress\/wp-content\/uploads\/2020\/04\/94224524_599672483978326_6412672380958670848_n.jpg 450w\" sizes=\"auto, (max-width: 202px) 100vw, 202px\" \/><\/a><\/p>\n<blockquote><p><strong>PASSO GIAU<\/strong><\/p><\/blockquote>\n<p><a class=\"dt-pswp-item\" href=\"https:\/\/www.radiopiu.net\/wordpress\/wp-content\/uploads\/2020\/04\/93904012_10222951474402185_8266797814042853376_n.jpg\" data-dt-img-description=\"\" data-large_image_width=\"960\" data-large_image_height=\"383\"><img loading=\"lazy\" decoding=\"async\" class=\"alignnone size-medium wp-image-131454\" src=\"https:\/\/www.radiopiu.net\/wordpress\/wp-content\/uploads\/2020\/04\/93904012_10222951474402185_8266797814042853376_n-300x120.jpg\" alt=\"\" width=\"300\" height=\"120\" srcset=\"https:\/\/www.radiopiu.net\/wordpress\/wp-content\/uploads\/2020\/04\/93904012_10222951474402185_8266797814042853376_n-300x120.jpg 300w, https:\/\/www.radiopiu.net\/wordpress\/wp-content\/uploads\/2020\/04\/93904012_10222951474402185_8266797814042853376_n-768x306.jpg 768w, https:\/\/www.radiopiu.net\/wordpress\/wp-content\/uploads\/2020\/04\/93904012_10222951474402185_8266797814042853376_n.jpg 960w\" sizes=\"auto, (max-width: 300px) 100vw, 300px\" \/><\/a><\/p>\n<p>&nbsp;<\/p>\n<p>&nbsp;<\/p>\n<div class=\"page-title-head hgroup\">\n<hr \/>\n<p>&nbsp;<\/p>\n<p><strong>AUDITORIUM BELLUNO, PRONTO IL PROGETTO PER LA SECONDA FASE DEI LAVORI<\/strong><\/p>\n<p><strong><a class=\"dt-pswp-item\" href=\"https:\/\/www.radiopiu.net\/wordpress\/wp-content\/uploads\/2020\/04\/Auditorium-Primo-Piano.jpeg\" data-dt-img-description=\"\" data-large_image_width=\"1599\" data-large_image_height=\"1200\"><img loading=\"lazy\" decoding=\"async\" class=\"alignleft size-medium wp-image-131413\" src=\"https:\/\/www.radiopiu.net\/wordpress\/wp-content\/uploads\/2020\/04\/Auditorium-Primo-Piano-300x225.jpeg\" alt=\"\" width=\"300\" height=\"225\" srcset=\"https:\/\/www.radiopiu.net\/wordpress\/wp-content\/uploads\/2020\/04\/Auditorium-Primo-Piano-300x225.jpeg 300w, https:\/\/www.radiopiu.net\/wordpress\/wp-content\/uploads\/2020\/04\/Auditorium-Primo-Piano-1024x768.jpeg 1024w, https:\/\/www.radiopiu.net\/wordpress\/wp-content\/uploads\/2020\/04\/Auditorium-Primo-Piano-768x576.jpeg 768w, https:\/\/www.radiopiu.net\/wordpress\/wp-content\/uploads\/2020\/04\/Auditorium-Primo-Piano-1536x1153.jpeg 1536w, https:\/\/www.radiopiu.net\/wordpress\/wp-content\/uploads\/2020\/04\/Auditorium-Primo-Piano.jpeg 1599w\" sizes=\"auto, (max-width: 300px) 100vw, 300px\" \/><\/a>BELLUNO<\/strong> <span class=\"s1\">\u00abCon l&#8217;autorizzazione della Soprintendenza Archeologia, belle arti e paesaggio di Venezia, ora abbiamo il via libera ai lavori all&#8217;Auditorium\u00bb: questo l&#8217;annuncio dell&#8217;assessore ai lavori pubblici, Biagio Giannone, dopo la comunicazione arrivata pochi giorni fa che sblocca l&#8217;ultima fase dei lavori nel palazzo che si affaccia su Piazza Duomo. <\/span><span class=\"s1\">\u00abPer riuscire a portare a compimento un progetto, bisogna farsi trovare pronti e le parole d&#8217;ordine sono programmazione e progettazione. &#8211; commenta Giannone \u2013 Per questo, gi\u00e0 lo scorso anno avevamo inserito tra gli obiettivi dirigenziali proprio la stesura del progetto esecutivo, interamente realizzato dalle strutture comunali, che ci ha portato a questo risultato\u00bb. <\/span><span class=\"s1\">\u00abSi tratta di un progetto importante per un&#8217;opera che attendeva da anni e che costituisce lospazio culturale pi\u00f9 antico di Belluno. &#8211; aggiunge l&#8217;assessore alla cultura, Marco Perale &#8211; \u00c8 un grosso passo avanti nella direzione giusta, per riuscire a riconsegnare alla citt\u00e0 entro questa legislatura una casa della musica completamente rinnovata, nonostante tutti gli ostacoli di questi anni\u00bb.\u00a0 <\/span><span class=\"s1\">Il passaggio successivo sar\u00e0 quello di intercettare i finanziamenti necessari per poter dare il via al cantiere. <\/span><span class=\"s1\"><b>Il progetto <\/b><\/span><span class=\"s1\">La nuova progettazione ha un costo di 600mila euro e riguarda al piano terra l&#8217;androne dell&#8217;ingresso principale, i vani scala e del piano magazzino; al primo piano, il progetto del grande salone con relativo foyer ripropone le caratteristiche decorative ed architettoniche proprie degli anni &#8217;50, con il controsoffitto con curvatura perimetrale del Sanzovo. <\/span><span class=\"s1\">Il progetto prevede, per un ulteriore e ultima fase di completamento del palazzo, la sistemazione degli scavi archeologici con un percorso pedonale per la loro accessibilit\u00e0. Questo ultimo passaggio, il cui costo \u00e8 ancora da stimare, dovr\u00e0 anche prevedere il rifacimento completo delle facciate del palazzo. Il progetto \u00e8 inserito come intervento da realizzare nel Piano Triennale delle Opere Pubbliche 2020\/2022. <\/span><span class=\"s1\"><b>I lavori gi\u00e0 effettuati <\/b><\/span><span class=\"s1\">L&#8217;Auditorium ha avuto un primo significativo intervento di 1,1 milioni di euro, reso possibile da un importante contributo della Fondazione Cariverona e dal cofinanziamento di 100mila euro da parte del Comune di Belluno, che ha consentito il rinnovo degli spazi e degli arredi dedicati alla Scuola di Musica Miari e alla banda cittadina Filarmonica di Belluno 1867, che proprio nell&#8217;Auditorium svolgono la loro importante attivit\u00e0, ora sospesa a causa dell&#8217;epidemia da Covid-19. <\/span><span class=\"s1\">In particolare, in occasione di questo primo intervento \u00e8 stato eseguito il miglioramento sismico, rifatta una falda del tetto- lavoro necessario per la messa in sicurezza e per la tutela della struttura -, rifatta la centrale termica e sono state create aule moderne e insonorizzate, dotate dell&#8217;attrezzatura necessaria per l&#8217;attivit\u00e0 didattica.<\/span><\/p>\n<p>&nbsp;<\/p>\n<hr \/>\n<p>&nbsp;<\/p>\n<blockquote>\n<h3>Donazione al reparto OBI Pre-Covid di Pieve di Cadore da parte di Giovent\u00f9 Nazionale e Fratelli d&#8217;Italia<\/h3>\n<\/blockquote>\n<p><strong><a class=\"dt-pswp-item\" href=\"https:\/\/www.radiopiu.net\/wordpress\/wp-content\/uploads\/2020\/04\/60f0a91f-d54e-48a8-85d6-75a9dc269926.jpg\" data-dt-img-description=\"\" data-large_image_width=\"960\" data-large_image_height=\"540\"><img loading=\"lazy\" decoding=\"async\" class=\"size-medium wp-image-131326 alignleft\" src=\"https:\/\/www.radiopiu.net\/wordpress\/wp-content\/uploads\/2020\/04\/60f0a91f-d54e-48a8-85d6-75a9dc269926-300x169.jpg\" alt=\"\" width=\"300\" height=\"169\" srcset=\"https:\/\/www.radiopiu.net\/wordpress\/wp-content\/uploads\/2020\/04\/60f0a91f-d54e-48a8-85d6-75a9dc269926-300x169.jpg 300w, https:\/\/www.radiopiu.net\/wordpress\/wp-content\/uploads\/2020\/04\/60f0a91f-d54e-48a8-85d6-75a9dc269926-768x432.jpg 768w, https:\/\/www.radiopiu.net\/wordpress\/wp-content\/uploads\/2020\/04\/60f0a91f-d54e-48a8-85d6-75a9dc269926.jpg 960w\" sizes=\"auto, (max-width: 300px) 100vw, 300px\" \/><\/a>BELLUNO<\/strong> Continuano le iniziative di sostegno ai sanitari della provincia di Belluno. Questa volta, a beneficiare della donazione \u00e8 stato il personale del reparto OBI Pre-Covid (gi\u00e0 O.U.C. di Chirurgia) di Pieve di Cadore. La Federazione Provinciale di Giovent\u00f9 Nazionale con la Presidente del Circolo Citt\u00e0 di Belluno, Monica Mazzoccoli, ha consegnato la donazione composta da Dispositivi di Protezione Individuale, al personale dell&#8217;Ospedale Civile Giovanni Paolo II <em>&#8220;Come dichiarato in fase di insediamento &#8211; ha detto la Mazzoccoli &#8211;\u00a0 Giovent\u00f9 Nazionale Belluno ha e avr\u00e0 sempre a cuore il proprio territorio e proprio per questo&#8221;,<\/em><\/p>\n<p>&nbsp;<\/p>\n<hr \/>\n<p>&nbsp;<\/p>\n<\/div>\n<div class=\"page-title-breadcrumbs\"><\/div>\n<blockquote class=\"wp-embedded-content\" data-secret=\"O1X70907Jo\"><p><a href=\"https:\/\/www.radiopiu.net\/wordpress\/soffocati-dalla-burocrazia-52-miliardi-il-costo-annuo-per-le-imprese-venete-situazione-critica-a-verona-e-padova\/\">SOFFOCATI DALLA BUROCRAZIA: 5,2 MILIARDI IL COSTO ANNUO PER LE IMPRESE VENETE. SITUAZIONE CRITICA A VERONA E PADOVA<\/a><\/p><\/blockquote>\n<p><iframe loading=\"lazy\" title=\"&#8220;SOFFOCATI DALLA BUROCRAZIA: 5,2 MILIARDI IL COSTO ANNUO PER LE IMPRESE VENETE. SITUAZIONE CRITICA A VERONA E PADOVA&#8221; &#8212; Radio Pi\u00f9\" class=\"wp-embedded-content\" sandbox=\"allow-scripts\" security=\"restricted\" style=\"position: absolute; clip: rect(1px, 1px, 1px, 1px);\" src=\"https:\/\/www.radiopiu.net\/wordpress\/soffocati-dalla-burocrazia-52-miliardi-il-costo-annuo-per-le-imprese-venete-situazione-critica-a-verona-e-padova\/embed\/#?secret=O1X70907Jo\" data-secret=\"O1X70907Jo\" width=\"600\" height=\"338\" frameborder=\"0\" marginwidth=\"0\" marginheight=\"0\" scrolling=\"no\"><\/iframe><\/p>\n<p>&nbsp;<\/p>\n<hr \/>\n<p>&nbsp;<\/p>\n<p>&nbsp;<\/p>\n<blockquote>\n<h3>BRUSA LA\u00a0 VECIA DA APPUNTAMENTO AL PROSSIMO ANNO<\/h3>\n<\/blockquote>\n<p><strong>Il comunicato della Proloco Trichiana<\/strong><\/p>\n<p><strong>TRICHIANA\u00a0<\/strong> Dopo aver condiviso con tutti i rappresentanti delle frazioni questa complicata situazione e in particolare la gestione della tradizionale BRUSA LA VECIA<br \/>\nVi confermiamo a malincuore che neppure nel prossimo futuro sussistono i presupposti per poter fare la manifestazione.\u00a0 A questo punto \u00e8 risultata unanime l&#8217;idea di far passare questo anomalo 2020 e ritrovarci tutti pi\u00f9 carichi che mai nella primavera 2021.\u00a0 Sono anni strani dove prima le istituzioni e adesso la pandemia sembrano remare contro questa importante tradizione che cos\u00ec con forza, volont\u00e0 e allegria portiamo avanti tutti assieme.\u00a0 Da parte di noi Pro Loco,\u00a0 non c&#8217;\u00e8 nessuna intenzione di mollare in nessun fronte neli quale siamo impegnati. Vi aspettiamo tutti a marzo 2021<\/p>\n<p>&nbsp;<\/p>\n<hr \/>\n<p>&nbsp;<\/p>\n<p>&nbsp;<\/p>\n<p>&nbsp;<\/p>\n<blockquote>\n<h3>ASCA RICERCA PERSONALE INFERMIERISTICO<\/h3>\n<\/blockquote>\n<p><strong class=\"photoswipe-wrapper\"><img loading=\"lazy\" decoding=\"async\" class=\"alignleft size-full wp-image-53885 jetpack-lazy-image jetpack-lazy-image--handled\" src=\"https:\/\/i0.wp.com\/www.radiopiu.net\/wordpress\/wp-content\/uploads\/2018\/07\/logo-asca.png?resize=182%2C100&amp;ssl=1\" alt=\"\" width=\"182\" height=\"100\" data-lazy-loaded=\"1\" \/>AGORDO\u00a0<\/strong>ASCA ha indetto una nuova selezione pubblica finalizzata alla formulazione di una graduatoria di idoneit\u00e0 utile all\u2019inserimento a tempo indeterminato e determinato a tempo pieno presso la RSA di Agordo di INFERMIERE<strong>.\u00a0<\/strong>Le modalit\u00e0 di presentazione della domanda si trovano sulla home page del sito aziendale\u00a0www.servizisocialiasca.it\u00a0Il termine ultimo per la presentazione delle candidature \u00e8 fissato entro e non oltre le ore 12.00\u00a0del giorno 15 maggio 2020.<\/p>\n<p>&nbsp;<\/p>\n<p>&nbsp;<\/p>\n<hr \/>\n<p>&nbsp;<\/p>\n<blockquote>\n<h3>GLI STARLINK di Claudio Pra<\/h3>\n<\/blockquote>\n<p>AUDIO<\/p>\n<audio class=\"wp-audio-shortcode\" id=\"audio-131297-10\" preload=\"none\" style=\"width: 100%;\" controls=\"controls\"><source type=\"audio\/mpeg\" src=\"https:\/\/www.radiopiu.net\/wordpress\/wp-content\/uploads\/2020\/04\/CLAUDIO-SATELLICI.mp3?_=10\" \/><a href=\"https:\/\/www.radiopiu.net\/wordpress\/wp-content\/uploads\/2020\/04\/CLAUDIO-SATELLICI.mp3\">https:\/\/www.radiopiu.net\/wordpress\/wp-content\/uploads\/2020\/04\/CLAUDIO-SATELLICI.mp3<\/a><\/audio>\n<p>&nbsp;<\/p>\n<p><strong>di Claudio Pra <\/strong><\/p>\n<p>Sono in tanti ormai ad essersi imbattuti, spesso senza saperlo, nei satelliti STARLINK, ed in molti si sono quasi spaventati nel vedere questo treno infinito, fatto di tanti puntini luminosi, che corre tre le stelle. Sembra quasi di assistere ad un invasione aliena. Ed invece quelle luci sono state mandate nello spazio dall\u2019uomo, esattamente dall\u2019agenzia aerospaziale americana Space X, comandata dal miliardario Elon Musk. Nei piani la flotta diventer\u00e0 numerosissima con migliaia di satelliti che offriranno un servizio internet molto efficiente. Sicuramente vederli transitare \u00e8 suggestivo e lascia stupiti, anche se il rovescio della medaglia \u00e8 una forma di inquinamento del cielo, con tante luci artificiali a disturbare la visione della volta celeste. Nel filmato del 18 aprile si pu\u00f2 assistere al passaggio degli lanciati, gli STARLINK 5, messi in orbita il 18 marzo.<\/p>\n<div style=\"width: 1200px;\" class=\"wp-video\"><video class=\"wp-video-shortcode\" id=\"video-131297-1\" width=\"1200\" height=\"675\" preload=\"metadata\" controls=\"controls\"><source type=\"video\/mp4\" src=\"https:\/\/www.radiopiu.net\/wordpress\/wp-content\/uploads\/2020\/04\/CLAUDIO-PRA-STARLINK.mp4?_=1\" \/><a href=\"https:\/\/www.radiopiu.net\/wordpress\/wp-content\/uploads\/2020\/04\/CLAUDIO-PRA-STARLINK.mp4\">https:\/\/www.radiopiu.net\/wordpress\/wp-content\/uploads\/2020\/04\/CLAUDIO-PRA-STARLINK.mp4<\/a><\/video><\/div>\n<p>&nbsp;<\/p>\n<hr \/>\n<p>&nbsp;<\/p>\n<blockquote>\n<h2>AI NOSTRI CARI<\/h2>\n<\/blockquote>\n<p>Non potendo andare in cimitero ormai da settimana abbiamo pensato di fare cosa gradita sorvolare le tombe dei nostri cari, per un pensiero.<\/p>\n<p><strong>CIMITERO DI TAIBON<\/strong><\/p>\n<p>https:\/\/www.facebook.com\/Mirkomezziano\/videos\/2637520916530678\/<\/p>\n<p><strong>CIMITERO DI AGORDO\u00a0<\/strong><\/p>\n<p>https:\/\/www.facebook.com\/Mirkomezziano\/videos\/2646925675590202\/<\/p>\n<p>&nbsp;<\/p>\n<p>&nbsp;<\/p>\n<hr \/>\n<p>&nbsp;<\/p>\n<blockquote class=\"wp-embedded-content\" data-secret=\"BGkmEV40Ba\"><p><a href=\"https:\/\/www.radiopiu.net\/wordpress\/scuola-dellinfanzia-taibon-la-maestra-chiara-e-la-storia-della-valigia\/\">SCUOLA DELL&#8217;INFANZIA TAIBON: LA MAESTRA CHIARA E LA STORIA DELLA VALIGIA<\/a><\/p><\/blockquote>\n<p><iframe loading=\"lazy\" title=\"&#8220;SCUOLA DELL&#8217;INFANZIA TAIBON: LA MAESTRA CHIARA E LA STORIA DELLA VALIGIA&#8221; &#8212; Radio Pi\u00f9\" class=\"wp-embedded-content\" sandbox=\"allow-scripts\" security=\"restricted\" style=\"position: absolute; clip: rect(1px, 1px, 1px, 1px);\" src=\"https:\/\/www.radiopiu.net\/wordpress\/scuola-dellinfanzia-taibon-la-maestra-chiara-e-la-storia-della-valigia\/embed\/#?secret=BGkmEV40Ba\" data-secret=\"BGkmEV40Ba\" width=\"600\" height=\"338\" frameborder=\"0\" marginwidth=\"0\" marginheight=\"0\" scrolling=\"no\"><\/iframe><\/p>\n<p>&nbsp;<\/p>\n<hr \/>\n<p>&nbsp;<\/p>\n<blockquote class=\"wp-embedded-content\" data-secret=\"NDTrEZCa74\"><p><a href=\"https:\/\/www.radiopiu.net\/wordpress\/la-domenica-di-don-fabiano\/\">LA DOMENICA DI DON FABIANO<\/a><\/p><\/blockquote>\n<p><iframe loading=\"lazy\" title=\"&#8220;LA DOMENICA DI DON FABIANO&#8221; &#8212; Radio Pi\u00f9\" class=\"wp-embedded-content\" sandbox=\"allow-scripts\" security=\"restricted\" style=\"position: absolute; clip: rect(1px, 1px, 1px, 1px);\" src=\"https:\/\/www.radiopiu.net\/wordpress\/la-domenica-di-don-fabiano\/embed\/#?secret=NDTrEZCa74\" data-secret=\"NDTrEZCa74\" width=\"600\" height=\"338\" frameborder=\"0\" marginwidth=\"0\" marginheight=\"0\" scrolling=\"no\"><\/iframe><\/p>\n<p>&nbsp;<\/p>\n<hr \/>\n<p>&nbsp;<\/p>\n<h2>IERI ALLA RADIO<\/h2>\n<h3><span style=\"color: #339966;\">AGORDINOMERON<\/span><\/h3>\n<p><iframe loading=\"lazy\" class=\"wp-embedded-content\" title=\"\u201cAGORDINOMERON, IL TERRITORIO SI RACCONTA Da un\u2019idea di Gianni Santomaso\u201d \u2014 Radio Pi\u00f9\" src=\"https:\/\/www.radiopiu.net\/wordpress\/agordinomeron\/embed\/#?secret=UvrWyUbFRC\" width=\"600\" height=\"346\" frameborder=\"0\" marginwidth=\"0\" marginheight=\"0\" scrolling=\"no\" sandbox=\"allow-scripts\" data-secret=\"UvrWyUbFRC\" data-mce-fragment=\"1\"><\/iframe><\/p>\n<h3><\/h3>\n<p>&nbsp;<\/p>\n<hr \/>\n<h3><\/h3>\n<p>&nbsp;<\/p>\n<h3><span style=\"color: #808080;\"><strong>IL MESSAGGIO DEI SACERDOTI SU RADIO PIU\u2019<\/strong><\/span><\/h3>\n<h3><iframe loading=\"lazy\" class=\"wp-embedded-content\" title=\"\u201cIL MESSAGGIO DAI SACERDOTI SU RADIO PIU\u2019 ALLE 7.30 E 19.30\u201d \u2014 Radio Pi\u00f9\" src=\"https:\/\/www.radiopiu.net\/wordpress\/il-messaggio-dai-sacerdoti-della-conca-su-radio-piu-alle-7-30-e-19-30\/embed\/#?secret=GCz27lyCw3\" width=\"600\" height=\"381\" frameborder=\"0\" marginwidth=\"0\" marginheight=\"0\" scrolling=\"no\" sandbox=\"allow-scripts\" data-secret=\"GCz27lyCw3\" data-mce-fragment=\"1\"><\/iframe><\/h3>\n<p>&nbsp;<\/p>\n<hr \/>\n<p>&nbsp;<\/p>\n<p>A TAIBON LA FARMACIA FA SERVIZIO A DOMICILIO<\/p>\n<p>ORTOFRUTTA MARTINI AGORDO RUTTA E VERDURA A CASA 0437 640307<\/p>\n<p>LA PIZZERIA BOCCON DIVINO A TAIBON AGORDINO EFFETTUA SERVIZIO CONSEGNE PIZZE A DOMICILIO, TUTTI I GIORNI A PARTIRE DALLE ORE 18,\u00a0NEI COMUNI DI TAIBON AGORDINO E AGORDO340 2986275<\/p>\n<p>DA SAPPADE DI FALCADE PICCOLA BAITA PORTA SULLE VOSTRE TAVOLE I SAPORI DEL TERRITORIO WWW.PICCOLABAITA.NET 0437 590491<\/p>\n<p>L\u2019AZIENDA AGRICOLA MILCHHOF AGOSTINI DI SELVA DI CADORE. INFORMA CHE E\u2019 A DISPOSIZONE PER CONSEGNE GRATUITE A DOMICILIO IN TUTTA LA VALLATA 380 3957409<\/p>\n<p>DOLOMITI VIAGGI DI FALCADE,\u00a0 COME UN TAXI:\u00a0 AUTOVETTURE E PULMINO NOLEGGIO CON CONDUCENTE. CHIAMA IL NUMERO 329 35,26,156<\/p>\n<p>ZUMBRILLENBER AGORDO CONSEGNA A DOMICILIO. PIATTI DI CARNE, PESCE, E PIZZE. A DOMICILIO, NEL RAGGIO DI 15 CHILOMETRI DA AGORDO 345 9135042<\/p>\n<p>LA PASTICCERIA LES BON BON DI AGORDO TI INFORMA CHE E\u2019 ATTIVO IL SERVIZIO DI CONSEGNA A DOMICILIO 342 59,80,559.<\/p>\n<p>A RIVAMONTE DAISY! PANINI, BRUSCHETTE, TOAST. PER LA TUA CENA ALTERNATIVA E GUSTOSA. LE PRENOTAZIONI SI RICEVONO ENTRO LE ORE 17 AL 348 56,42,568.<\/p>\n<p>La Profumeria Wanda di Agordo consegna i prodotti a domicilio. 331 4662006. Negozio aperto dalle 10.30 alle 11.30 e dalle 16 alle 17<\/p>\n<p>L\u2019AZIENDA AGRICOLA ZANCHETTA, SPACCIO DI AGORDO INFORMA CHE EFFETTUA LA CONSEGNA A DOMICILIO DEL VINO DELLA PROPRIA PRODUZIONE. 335 6285096<\/p>\n<p>LA MACELLERIA COSTA INFORMA CHE EFFETTUA CONSEGNE A DOMICILIO GRATUITE IN TUTTO L\u2019AGORDINO. 340 9714699<\/p>\n<p>LA PASTICCERIA SAINT HONORE DI AGORDO EFFETTUA CONSEGNE A DOMICILIO AD AGORDO E PAESI LIMITROFI 0437 62585<\/p>\n<p>PREPARIAMO UNA SELEZIONE DELLE NOSTRE FAMOSE SPECIALITA\u2019, DA CONSEGNARVI A DOMICILIO. SAN MARTIN \u2013 RISTORO E BAR. LOCALITA\u2019 LA MUDA STRADA AGORDO BELLUNO AL 333 1432468<\/p>\n<p>&nbsp;<\/p>\n<hr \/>\n<p>&nbsp;<\/p>\n<p><a class=\"dt-pswp-item\" href=\"https:\/\/www.radiopiu.net\/wordpress\/wp-content\/uploads\/2018\/09\/sport.jpg\" data-dt-img-description=\"\" data-large_image_width=\"800\" data-large_image_height=\"100\"><img loading=\"lazy\" decoding=\"async\" class=\"alignnone wp-image-60761 size-full\" src=\"https:\/\/www.radiopiu.net\/wordpress\/wp-content\/uploads\/2018\/09\/sport.jpg\" alt=\"\" width=\"800\" height=\"100\" srcset=\"https:\/\/www.radiopiu.net\/wordpress\/wp-content\/uploads\/2018\/09\/sport.jpg 800w, https:\/\/www.radiopiu.net\/wordpress\/wp-content\/uploads\/2018\/09\/sport-300x38.jpg 300w, https:\/\/www.radiopiu.net\/wordpress\/wp-content\/uploads\/2018\/09\/sport-768x96.jpg 768w\" sizes=\"auto, (max-width: 800px) 100vw, 800px\" \/><\/a><\/p>\n<p>&nbsp;<\/p>\n<blockquote>\n<h2>LE BELLE IDEE: SARA&#8217; UNA MARCIALONGA CYCLING VIRTUALE<\/h2>\n<\/blockquote>\n<p><strong><a class=\"dt-pswp-item\" href=\"https:\/\/www.radiopiu.net\/wordpress\/wp-content\/uploads\/2020\/04\/551ac1d3-03f0-47ad-912a-a43bc3f48fc3.jpg\" data-dt-img-description=\"\" data-large_image_width=\"1023\" data-large_image_height=\"889\"><img loading=\"lazy\" decoding=\"async\" class=\" wp-image-131510 alignleft\" src=\"https:\/\/www.radiopiu.net\/wordpress\/wp-content\/uploads\/2020\/04\/551ac1d3-03f0-47ad-912a-a43bc3f48fc3-300x261.jpg\" alt=\"\" width=\"220\" height=\"191\" srcset=\"https:\/\/www.radiopiu.net\/wordpress\/wp-content\/uploads\/2020\/04\/551ac1d3-03f0-47ad-912a-a43bc3f48fc3-300x261.jpg 300w, https:\/\/www.radiopiu.net\/wordpress\/wp-content\/uploads\/2020\/04\/551ac1d3-03f0-47ad-912a-a43bc3f48fc3-768x667.jpg 768w, https:\/\/www.radiopiu.net\/wordpress\/wp-content\/uploads\/2020\/04\/551ac1d3-03f0-47ad-912a-a43bc3f48fc3.jpg 1023w\" sizes=\"auto, (max-width: 220px) 100vw, 220px\" \/><\/a>MOENA<\/strong> La\u00a0 Marcialonga cycling \u00e8 stata rinviata al 30 maggio del prossimo anno, alla data di chiusura\u00a0 erano oltre 700 gli iscritti direttamente come Marcialonga e altri 1000-1200\u00a0 sarebbero arrivati dai circuiti Zero Wind e Al\u00e8. Proprio perch\u00e9 molti avrebbero voluto partecipare l&#8217;organizzazione si \u00e8 data da fare\u00a0 e da qualche giorno sta lavorando per proporre la prima gara virtuale sul percorso della Marcialonga cycling su rouvy. Virtualmente: partenza dalla Piazza di Predazzo alle 9 di domenica e arrivo al San Pellegrino dopo\u00a0 20 chilometri. Gi\u00e0 filmato il percorso in una giornata\u00a0 senza traffico con\u00a0 panorami da cartolina. Tutto questo \u00e8 organizzato con ENDU che ha creato un mini circuito virtuale, con la Marcialonga,\u00a0 la Granfondo Gavia-Mortirolo il\u00a0 25\/04, Gf Fausto Coppi il 01\/05 e infine la Sportful il 03\/05, per sfruttare\u201d il periodo di chiusura in casa. Ogni granfondo ha selezionato una salita Mortirolo, Madonna del Coletto, Croce D\u2019aune per fare un\u2019oretta e mezza di rulli. Oltre all&#8217;evento sportivo, che si svilupper\u00e0 sulla piattaforma Rouvy, ci sar\u00e0 anche una diretta sui social network.<\/p>\n<blockquote><p><em><strong>TUTTI I PARTICOLARI DOMANI NEL POMERIGGIO, ALLE 15.10 (REPLICA 20.30) NELLO SPECIALE DI RADIO PIU&#8217;.<\/strong><\/em><\/p><\/blockquote>\n<div style=\"width: 848px;\" class=\"wp-video\"><video class=\"wp-video-shortcode\" id=\"video-131297-2\" width=\"848\" height=\"480\" preload=\"metadata\" controls=\"controls\"><source type=\"video\/mp4\" src=\"https:\/\/www.radiopiu.net\/wordpress\/wp-content\/uploads\/2020\/04\/WhatsApp-Video-2020-04-19-at-08.29.01.mp4?_=2\" \/><a href=\"https:\/\/www.radiopiu.net\/wordpress\/wp-content\/uploads\/2020\/04\/WhatsApp-Video-2020-04-19-at-08.29.01.mp4\">https:\/\/www.radiopiu.net\/wordpress\/wp-content\/uploads\/2020\/04\/WhatsApp-Video-2020-04-19-at-08.29.01.mp4<\/a><\/video><\/div>\n<p>&nbsp;<\/p>\n<p>&nbsp;<\/p>\n<p>&nbsp;<\/p>\n<p>&nbsp;<\/p>\n<p>&nbsp;<\/p>\n<p>&nbsp;<\/p>\n<p class=\"photoswipe-wrapper\"><a class=\"dt-pswp-item pspw-wrap-ready\" href=\"https:\/\/i0.wp.com\/www.radiopiu.net\/wordpress\/wp-content\/uploads\/2018\/09\/viabilita.jpeg?ssl=1\" data-dt-img-description=\"\" data-large_image_width=\"800\" data-large_image_height=\"100\"><img loading=\"lazy\" decoding=\"async\" class=\"size-full wp-image-61954 jetpack-lazy-image jetpack-lazy-image--handled aligncenter\" src=\"https:\/\/i0.wp.com\/www.radiopiu.net\/wordpress\/wp-content\/uploads\/2018\/09\/viabilita.jpeg?resize=800%2C100&amp;ssl=1\" sizes=\"auto, (max-width: 800px) 100vw, 800px\" srcset=\"https:\/\/i0.wp.com\/www.radiopiu.net\/wordpress\/wp-content\/uploads\/2018\/09\/viabilita.jpeg?w=800&amp;ssl=1 800w, https:\/\/i0.wp.com\/www.radiopiu.net\/wordpress\/wp-content\/uploads\/2018\/09\/viabilita.jpeg?resize=300%2C38&amp;ssl=1 300w, https:\/\/i0.wp.com\/www.radiopiu.net\/wordpress\/wp-content\/uploads\/2018\/09\/viabilita.jpeg?resize=768%2C96&amp;ssl=1 768w\" alt=\"\" width=\"800\" height=\"100\" data-lazy-loaded=\"1\" \/><\/a><\/p>\n<p>&nbsp;<\/p>\n<p>PROVINCIALE 20 DELLA VAL FIORENTINA, SELVA DI CADORE: DAL 14 FEBBRAIO AL 13 GIUGNO, CHIUSURA TOTALE TRA SOLATOR E IL CENTRO DEL PAESE ANCHE NEI GIORNI FESTIVI E PREFESTIVI, DAL CHILOMETRO 4.850 AL CHILOMETRO 5.100. TRANSITO CONSENTITO AI LOCALI CON TEMPI DI ATTESA MASSIMI STIMATI IN 30 MINUTI IN LOCALITA\u2019 SOLATOR DAL CHILOMETRO 4.400 AL CHILOMETRO 4.850<\/p>\n<p>DALL\u201911 APRILE AL 01 MAGGIO IN LOCALITA\u2019 LA MUDA DEVIAZIONE SU VIABILITA\u2019 PROVVISORIA PER IL COMPLETAMENTO DEL NUOVO ATTRAVERSAMENTO IDRAULICO RIO VAL SCURE LUNGO LA REGIONALE 203 AGORDINA<\/p>\n<p>sp346 SAN PELLEGRINO localita VALLADA dal 14 al 30 aprile senso unico alternato con semaforo<\/p>\n<p>sp251 in localit\u00e0 Cernadoi di Livinallongo dal 14 al 17 aprile senso unico con semaforo<\/p>\n<p>sp347 DURAN E CEREDA (Comune di Valle di Cadore tra Cibiana e innesto Venas) dal 16 al 30 aprile (festivi e sabati esclusi) senso unico alternato con movieri. Interruzioni massimo 10 minuti.<\/p>\n<p>&nbsp;<\/p>\n<hr \/>\n<p>&nbsp;<\/p>\n<p><img decoding=\"async\" class=\"aligncenter jetpack-lazy-image jetpack-lazy-image--handled\" src=\"https:\/\/i0.wp.com\/www.radiopiu.net\/wordpress\/wp-content\/uploads\/2018\/09\/WhatsApp-Image-2018-09-20-at-16.04.06.jpeg?resize=800%2C100&amp;ssl=1\" data-lazy-loaded=\"1\" \/><\/p>\n<p>&nbsp;<\/p>\n<p><center><b>Lunedi 20<\/b><\/center><b>Tempo atteso:\u00a0<\/b>Giornata in prevalenza nuvolosa e umida, con probabili, deboli fenomeni, soprattutto al mattino e in genere sulle Prealpi veronesi e vicentine.<br \/>\n<b>Precipitazioni:\u00a0<\/b>Generalmente deboli o molto deboli; sul Bellunese al mattino probabilit\u00e0 media (40-60%) e nel pomeriggio medio-bassa (30-50%),con tendenza ad esaurimento; sulle Prealpi veronesi e vicentine medio-alta (50-70%), sia mattino che pomeriggio, con tendenza a definitiva cessazione solo in serata.<br \/>\n<b>Temperature:\u00a0<\/b>In sensibile diminuzione, pi\u00f9 avvertita in quota, salvo aumentare un po&#8217; le minime a fondovalle. Sulle Prealpi a 1500 m min 4\u00b0C max 5 \u00b0C, a 2000 m min 1\u00b0C max 2\u00b0C; sulle Dolomiti a 2000 m min 0\u00b0C max 3\u00b0C, a 3000 m min -4\u00b0C max -2\u00b0C.<br \/>\n<b>Venti:\u00a0<\/b>Nelle valli deboli, in quota deboli o moderati da sud-est, anche tesi, da est, sulle cime prealpine, 25-35 km\/h a 2000 m, 20-30 a 3000 m.<\/p>\n<hr \/>\n<p><center><b>Martedi 21<\/b><\/center><b>Tempo atteso:\u00a0<\/b>Tempo sempre pi\u00f9 soleggiato, con cielo al mattino gi\u00e0 poco nuvoloso sulle Dolomiti e schiarite sempre pi\u00f9 ampie sulle Prealpi, ad iniziare da est. Nel pomeriggio cielo sereno o poco nuvoloso, salvo possibili residui annuvolamenti irregolari sulla Lessinia.<br \/>\n<b>Precipitazioni:\u00a0<\/b>Assenti (0%)<br \/>\n<b>Temperature:\u00a0<\/b>Minime in diminuzione, specie nei fondovalle dolomitici, massime ovunque in aumento. Sulle Prealpi a 1500 m min 3\u00b0C max 6 \u00b0C, a 2000 m min 0\u00b0C max 1\u00b0C; sulle Dolomiti a 2000 m min -1\u00b0C max 6\u00b0C, a 3000 m min -7\u00b0C max -2\u00b0C.<br \/>\n<b>Venti:\u00a0<\/b>Nelle valli deboli o moderati per brezze, in quota deboli o moderati orientali, anche tesi a 3000 m e sulle cime prealpine, 25-35 km\/h a 2000 m, 25-30 km\/h a 3000 m.<\/p>\n<hr \/>\n<p><center><b>Mercoledi 22<\/b><\/center>Bella giornata, con cielo in prevalenza sereno e presenza solo di locali cumuli a ridosso dei rilievi. Temperature minime in ulteriore, lieve calo, specie a fondovalle, massime stazionarie, su valori normali per il periodo. Venti in quota deboli o moderati de est, anche tesi a 3000 m e sulle cime prealpine.<\/p>\n<hr \/>\n<p><center><b>Giovedi 23<\/b><\/center>Ancora bel tempo con cielo in genere sereno. Temperature senza notevoli variazioni, salvo un aumento delle massime in montagna. Venti in quota deboli o moderati, anche tesi a 3000 m, in rotazione da nord-est a nord. Previsore: B.R.<\/p>\n","protected":false},"excerpt":{"rendered":"<p>DISSERVIZIO DA ALLEGHE VERSO L&#8217;ALTO AGORDINO SULLE FREQUENZE 102.200, 97.800 E 88.400 IN MATTINATA SARA&#8217; RIPRISTINATO IL SEGNALE, RADIO PIU&#8217; SI ASCOLTA SULLA FREQUENZE 91.600 OPPURE IN STREAMING &#8220;ASCOLTA LA RADIO&#8221; DAL SITO DI RADIO PIU. OGGI DALLE 9 ALLE 16.00 PER MANCANZA DI ENERGIA ELETTRICA DISSERVIZIO SULLE FREQUENZE 103.800 E 97.600 PER LA VALLE&hellip;<\/p>\n","protected":false},"author":4,"featured_media":131314,"comment_status":"closed","ping_status":"closed","sticky":false,"template":"","format":"standard","meta":{"_monsterinsights_skip_tracking":false,"_monsterinsights_sitenote_active":false,"_monsterinsights_sitenote_note":"","_monsterinsights_sitenote_category":0,"footnotes":""},"categories":[1,51,86,49],"tags":[],"class_list":["post-131297","post","type-post","status-publish","format-standard","has-post-thumbnail","hentry","category-senza-categoria","category-evidenza-top","category-gr","category-news-18","category-1","category-51","category-86","category-49","description-off"],"img_url":"https:\/\/www.radiopiu.net\/wordpress\/wp-content\/uploads\/2020\/04\/IMG_4E2DE341BB9F-1.jpeg","_links":{"self":[{"href":"https:\/\/www.radiopiu.net\/wordpress\/wp-json\/wp\/v2\/posts\/131297","targetHints":{"allow":["GET"]}}],"collection":[{"href":"https:\/\/www.radiopiu.net\/wordpress\/wp-json\/wp\/v2\/posts"}],"about":[{"href":"https:\/\/www.radiopiu.net\/wordpress\/wp-json\/wp\/v2\/types\/post"}],"author":[{"embeddable":true,"href":"https:\/\/www.radiopiu.net\/wordpress\/wp-json\/wp\/v2\/users\/4"}],"replies":[{"embeddable":true,"href":"https:\/\/www.radiopiu.net\/wordpress\/wp-json\/wp\/v2\/comments?post=131297"}],"version-history":[{"count":0,"href":"https:\/\/www.radiopiu.net\/wordpress\/wp-json\/wp\/v2\/posts\/131297\/revisions"}],"wp:featuredmedia":[{"embeddable":true,"href":"https:\/\/www.radiopiu.net\/wordpress\/wp-json\/wp\/v2\/media\/131314"}],"wp:attachment":[{"href":"https:\/\/www.radiopiu.net\/wordpress\/wp-json\/wp\/v2\/media?parent=131297"}],"wp:term":[{"taxonomy":"category","embeddable":true,"href":"https:\/\/www.radiopiu.net\/wordpress\/wp-json\/wp\/v2\/categories?post=131297"},{"taxonomy":"post_tag","embeddable":true,"href":"https:\/\/www.radiopiu.net\/wordpress\/wp-json\/wp\/v2\/tags?post=131297"}],"curies":[{"name":"wp","href":"https:\/\/api.w.org\/{rel}","templated":true}]}}