{"id":131322,"date":"2020-04-19T18:06:37","date_gmt":"2020-04-19T16:06:37","guid":{"rendered":"https:\/\/www.radiopiu.net\/wordpress\/?p=131322"},"modified":"2020-04-20T18:06:44","modified_gmt":"2020-04-20T16:06:44","slug":"luxottica-cencenighe-e-covid-i-complimenti-dello-spisal-per-le-misure-adottate","status":"publish","type":"post","link":"https:\/\/www.radiopiu.net\/wordpress\/luxottica-cencenighe-e-covid-i-complimenti-dello-spisal-per-le-misure-adottate\/","title":{"rendered":"LUXOTTICA CENCENIGHE E COVID, I COMPLIMENTI DELLO SPISAL PER LE MISURE ADOTTATE"},"content":{"rendered":"<p><strong><a class=\"dt-pswp-item\" href=\"https:\/\/www.radiopiu.net\/wordpress\/wp-content\/uploads\/2019\/10\/MAGLIA-LUXOTTICA.jpeg\" data-dt-img-description=\"\" data-large_image_width=\"1024\" data-large_image_height=\"1024\"><img loading=\"lazy\" decoding=\"async\" class=\" wp-image-103580 alignleft\" src=\"https:\/\/www.radiopiu.net\/wordpress\/wp-content\/uploads\/2019\/10\/MAGLIA-LUXOTTICA-300x300.jpeg\" alt=\"\" width=\"228\" height=\"228\" srcset=\"https:\/\/www.radiopiu.net\/wordpress\/wp-content\/uploads\/2019\/10\/MAGLIA-LUXOTTICA-300x300.jpeg 300w, https:\/\/www.radiopiu.net\/wordpress\/wp-content\/uploads\/2019\/10\/MAGLIA-LUXOTTICA-150x150.jpeg 150w, https:\/\/www.radiopiu.net\/wordpress\/wp-content\/uploads\/2019\/10\/MAGLIA-LUXOTTICA-768x768.jpeg 768w, https:\/\/www.radiopiu.net\/wordpress\/wp-content\/uploads\/2019\/10\/MAGLIA-LUXOTTICA.jpeg 1024w\" sizes=\"auto, (max-width: 228px) 100vw, 228px\" \/><\/a>di Claudio Pra<\/strong><\/p>\n<p><strong>CENCENIGHE<\/strong> Anche lo stabilimento Luxottica di Cencenighe, come tutti gli altri, ha riaperto dopo Pasquetta a scartamento ridotto. L&#8217; emergenza COVID-19, con le sue ricadute, lo impone, seppure proprio Cencenighe sia stato il primo plant ad adottare tutte le misure di sicurezza decise dal Governo, mettendole in atto ancora prima che fossero rese obbligatorie, tanto da ricevere i complimenti dello SPISAL durante una visita di controllo. La situazione, con operai contingentati in turni a compartimento stagno, revisione orari, riduzione presenze al lavoro, attuazione delle misure di sicurezza, non \u00e8 ovviamente chiaro quanto durer\u00e0. Dipender\u00e0 dall&#8217;evoluzione dell&#8217;epidemia e dalle decisioni della politica. Per intanto, chi non lavora, resta in cassa integrazione pagata per\u00f2 con l&#8217;integrazione dell&#8217;azienda al 100%, come previsto dall&#8217;accordo firmato con i Sindacati. Fattore non da poco, che non va ad intaccare lo stipendio dei lavoratori.<\/p>\n","protected":false},"excerpt":{"rendered":"<p>di Claudio Pra CENCENIGHE Anche lo stabilimento Luxottica di Cencenighe, come tutti gli altri, ha riaperto dopo Pasquetta a scartamento ridotto. L&#8217; emergenza COVID-19, con le sue ricadute, lo impone, seppure proprio Cencenighe sia stato il primo plant ad adottare tutte le misure di sicurezza decise dal Governo, mettendole in atto ancora prima che fossero&hellip;<\/p>\n","protected":false},"author":4,"featured_media":103580,"comment_status":"closed","ping_status":"closed","sticky":false,"template":"","format":"standard","meta":{"_monsterinsights_skip_tracking":false,"_monsterinsights_sitenote_active":false,"_monsterinsights_sitenote_note":"","_monsterinsights_sitenote_category":0,"footnotes":""},"categories":[49],"tags":[],"class_list":["post-131322","post","type-post","status-publish","format-standard","has-post-thumbnail","hentry","category-news-18","category-49","description-off"],"img_url":"https:\/\/www.radiopiu.net\/wordpress\/wp-content\/uploads\/2019\/10\/MAGLIA-LUXOTTICA.jpeg","_links":{"self":[{"href":"https:\/\/www.radiopiu.net\/wordpress\/wp-json\/wp\/v2\/posts\/131322","targetHints":{"allow":["GET"]}}],"collection":[{"href":"https:\/\/www.radiopiu.net\/wordpress\/wp-json\/wp\/v2\/posts"}],"about":[{"href":"https:\/\/www.radiopiu.net\/wordpress\/wp-json\/wp\/v2\/types\/post"}],"author":[{"embeddable":true,"href":"https:\/\/www.radiopiu.net\/wordpress\/wp-json\/wp\/v2\/users\/4"}],"replies":[{"embeddable":true,"href":"https:\/\/www.radiopiu.net\/wordpress\/wp-json\/wp\/v2\/comments?post=131322"}],"version-history":[{"count":0,"href":"https:\/\/www.radiopiu.net\/wordpress\/wp-json\/wp\/v2\/posts\/131322\/revisions"}],"wp:featuredmedia":[{"embeddable":true,"href":"https:\/\/www.radiopiu.net\/wordpress\/wp-json\/wp\/v2\/media\/103580"}],"wp:attachment":[{"href":"https:\/\/www.radiopiu.net\/wordpress\/wp-json\/wp\/v2\/media?parent=131322"}],"wp:term":[{"taxonomy":"category","embeddable":true,"href":"https:\/\/www.radiopiu.net\/wordpress\/wp-json\/wp\/v2\/categories?post=131322"},{"taxonomy":"post_tag","embeddable":true,"href":"https:\/\/www.radiopiu.net\/wordpress\/wp-json\/wp\/v2\/tags?post=131322"}],"curies":[{"name":"wp","href":"https:\/\/api.w.org\/{rel}","templated":true}]}}