{"id":131373,"date":"2020-04-19T14:53:42","date_gmt":"2020-04-19T12:53:42","guid":{"rendered":"https:\/\/www.radiopiu.net\/wordpress\/?p=131373"},"modified":"2020-04-19T14:53:42","modified_gmt":"2020-04-19T12:53:42","slug":"sud-contro-nord-tamponi-nelle-case-di-riposo-il-4-maggio-dalla-conferenza-stampa-di-zaia","status":"publish","type":"post","link":"https:\/\/www.radiopiu.net\/wordpress\/sud-contro-nord-tamponi-nelle-case-di-riposo-il-4-maggio-dalla-conferenza-stampa-di-zaia\/","title":{"rendered":"SUD CONTRO NORD, TAMPONI NELLE CASE DI RIPOSO, IL 4 MAGGIO&#8230;DALLA CONFERENZA STAMPA DI ZAIA"},"content":{"rendered":"<p><strong>CASE DI RIPOSO\u00a0<\/strong><\/p>\n<p>Ci cono case di riposo, ad esempio Farra di Soligo, Follina, Arzignano, a zero contagi<\/p>\n<audio class=\"wp-audio-shortcode\" id=\"audio-131373-1\" preload=\"none\" style=\"width: 100%;\" controls=\"controls\"><source type=\"audio\/mpeg\" src=\"https:\/\/www.radiopiu.net\/wordpress\/wp-content\/uploads\/2020\/04\/ZAIA-TAMPONI-CASE-RIPOSO.mp3?_=1\" \/><a href=\"https:\/\/www.radiopiu.net\/wordpress\/wp-content\/uploads\/2020\/04\/ZAIA-TAMPONI-CASE-RIPOSO.mp3\">https:\/\/www.radiopiu.net\/wordpress\/wp-content\/uploads\/2020\/04\/ZAIA-TAMPONI-CASE-RIPOSO.mp3<\/a><\/audio>\n<p>&nbsp;<\/p>\n<p><strong>IL GOVERNO FRENA<\/strong><\/p>\n<p>Il Governo ha fatto capire che non gradisce la cabina di regia regionale. \u00a0Non saprei. Manca ancora qualche giorno da qui al 4 maggio, ci sono decisioni sperimentali che nel frattempo si possono prendere. Un anteprima della fase 2 si dovr\u00e0 consolidare con un decreto del consiglio dei Ministri<\/p>\n<audio class=\"wp-audio-shortcode\" id=\"audio-131373-2\" preload=\"none\" style=\"width: 100%;\" controls=\"controls\"><source type=\"audio\/mpeg\" src=\"https:\/\/www.radiopiu.net\/wordpress\/wp-content\/uploads\/2020\/04\/ZAIA-GOVERNO-FRENA.mp3?_=2\" \/><a href=\"https:\/\/www.radiopiu.net\/wordpress\/wp-content\/uploads\/2020\/04\/ZAIA-GOVERNO-FRENA.mp3\">https:\/\/www.radiopiu.net\/wordpress\/wp-content\/uploads\/2020\/04\/ZAIA-GOVERNO-FRENA.mp3<\/a><\/audio>\n<p>&nbsp;<\/p>\n<p><strong>COLLEGAMENTI INTERREGIONALI<\/strong><\/p>\n<p>Che proposta \u00e8 quella del presidente De Luca della Regione Campania o della Puglia? Chiudere i confini regionali? Cio\u00e8 blocchiamo anche i treni da Milano\u00a0 in gi\u00f9? Altro che Nord contro Sud questo \u00e8 proprio Sud contro Nord.<\/p>\n<audio class=\"wp-audio-shortcode\" id=\"audio-131373-3\" preload=\"none\" style=\"width: 100%;\" controls=\"controls\"><source type=\"audio\/mpeg\" src=\"https:\/\/www.radiopiu.net\/wordpress\/wp-content\/uploads\/2020\/04\/ZAIA-SUD-CONTRO-NORD.mp3?_=3\" \/><a href=\"https:\/\/www.radiopiu.net\/wordpress\/wp-content\/uploads\/2020\/04\/ZAIA-SUD-CONTRO-NORD.mp3\">https:\/\/www.radiopiu.net\/wordpress\/wp-content\/uploads\/2020\/04\/ZAIA-SUD-CONTRO-NORD.mp3<\/a><\/audio>\n<p>&nbsp;<\/p>\n<p><strong>BONACCINI HA RIVENDICATO LA POSSIBILITA\u2019 DI DECIDERE SULLE SCUOLE D\u2019INFANZIA CON APERTURA DAL 4 MAGGIO\u00a0<\/strong><\/p>\n<p>Per me \u00e8 un no, diventano grandi vettori di virus in famiglia e comunit\u00e0. Serve un provvedimento nazionale, se le regole sono quelle di oggi sar\u00e0 dura anche per i centri estivi. Gli asili aziendali hanno popolazioni molto rappresentative<\/p>\n<audio class=\"wp-audio-shortcode\" id=\"audio-131373-4\" preload=\"none\" style=\"width: 100%;\" controls=\"controls\"><source type=\"audio\/mpeg\" src=\"https:\/\/www.radiopiu.net\/wordpress\/wp-content\/uploads\/2020\/04\/ZAIA-SCUOLE-INFANZIA.mp3?_=4\" \/><a href=\"https:\/\/www.radiopiu.net\/wordpress\/wp-content\/uploads\/2020\/04\/ZAIA-SCUOLE-INFANZIA.mp3\">https:\/\/www.radiopiu.net\/wordpress\/wp-content\/uploads\/2020\/04\/ZAIA-SCUOLE-INFANZIA.mp3<\/a><\/audio>\n<p>&nbsp;<\/p>\n<p><strong>APERTURE FASE VENETO VENETO SI ADEGUA O ORDINANZE A DOC COME APERTURE PER 2 GIORNI?<\/strong><\/p>\n<p>Possiamo solo fare ordinanze restrittive e non ne vogliamo fare. Aspettiamo il DPCM. Speriamo che interpreti le nostre attese.<\/p>\n<audio class=\"wp-audio-shortcode\" id=\"audio-131373-5\" preload=\"none\" style=\"width: 100%;\" controls=\"controls\"><source type=\"audio\/mpeg\" src=\"https:\/\/www.radiopiu.net\/wordpress\/wp-content\/uploads\/2020\/04\/ZAIA-APERTURE.mp3?_=5\" \/><a href=\"https:\/\/www.radiopiu.net\/wordpress\/wp-content\/uploads\/2020\/04\/ZAIA-APERTURE.mp3\">https:\/\/www.radiopiu.net\/wordpress\/wp-content\/uploads\/2020\/04\/ZAIA-APERTURE.mp3<\/a><\/audio>\n<p>&nbsp;<\/p>\n<p><strong>VENETI ALL&#8217;ESTERO<\/strong><\/p>\n<p>I nostri ragazzi e lavoratori all&#8217;estero che sperano di poter ritornare presto a casa.<\/p>\n<audio class=\"wp-audio-shortcode\" id=\"audio-131373-6\" preload=\"none\" style=\"width: 100%;\" controls=\"controls\"><source type=\"audio\/mpeg\" src=\"https:\/\/www.radiopiu.net\/wordpress\/wp-content\/uploads\/2020\/04\/ZAIA-VENETI-ALLESTERO.mp3?_=6\" \/><a href=\"https:\/\/www.radiopiu.net\/wordpress\/wp-content\/uploads\/2020\/04\/ZAIA-VENETI-ALLESTERO.mp3\">https:\/\/www.radiopiu.net\/wordpress\/wp-content\/uploads\/2020\/04\/ZAIA-VENETI-ALLESTERO.mp3<\/a><\/audio>\n","protected":false},"excerpt":{"rendered":"<p>CASE DI RIPOSO\u00a0 Ci cono case di riposo, ad esempio Farra di Soligo, Follina, Arzignano, a zero contagi &nbsp; IL GOVERNO FRENA Il Governo ha fatto capire che non gradisce la cabina di regia regionale. \u00a0Non saprei. Manca ancora qualche giorno da qui al 4 maggio, ci sono decisioni sperimentali che nel frattempo si possono&hellip;<\/p>\n","protected":false},"author":4,"featured_media":127914,"comment_status":"closed","ping_status":"closed","sticky":false,"template":"","format":"standard","meta":{"_monsterinsights_skip_tracking":false,"_monsterinsights_sitenote_active":false,"_monsterinsights_sitenote_note":"","_monsterinsights_sitenote_category":0,"footnotes":""},"categories":[49],"tags":[],"class_list":["post-131373","post","type-post","status-publish","format-standard","has-post-thumbnail","hentry","category-news-18","category-49","description-off"],"img_url":"https:\/\/www.radiopiu.net\/wordpress\/wp-content\/uploads\/2020\/04\/LUCA-ZAIA-AAA.png","_links":{"self":[{"href":"https:\/\/www.radiopiu.net\/wordpress\/wp-json\/wp\/v2\/posts\/131373","targetHints":{"allow":["GET"]}}],"collection":[{"href":"https:\/\/www.radiopiu.net\/wordpress\/wp-json\/wp\/v2\/posts"}],"about":[{"href":"https:\/\/www.radiopiu.net\/wordpress\/wp-json\/wp\/v2\/types\/post"}],"author":[{"embeddable":true,"href":"https:\/\/www.radiopiu.net\/wordpress\/wp-json\/wp\/v2\/users\/4"}],"replies":[{"embeddable":true,"href":"https:\/\/www.radiopiu.net\/wordpress\/wp-json\/wp\/v2\/comments?post=131373"}],"version-history":[{"count":0,"href":"https:\/\/www.radiopiu.net\/wordpress\/wp-json\/wp\/v2\/posts\/131373\/revisions"}],"wp:featuredmedia":[{"embeddable":true,"href":"https:\/\/www.radiopiu.net\/wordpress\/wp-json\/wp\/v2\/media\/127914"}],"wp:attachment":[{"href":"https:\/\/www.radiopiu.net\/wordpress\/wp-json\/wp\/v2\/media?parent=131373"}],"wp:term":[{"taxonomy":"category","embeddable":true,"href":"https:\/\/www.radiopiu.net\/wordpress\/wp-json\/wp\/v2\/categories?post=131373"},{"taxonomy":"post_tag","embeddable":true,"href":"https:\/\/www.radiopiu.net\/wordpress\/wp-json\/wp\/v2\/tags?post=131373"}],"curies":[{"name":"wp","href":"https:\/\/api.w.org\/{rel}","templated":true}]}}