{"id":131508,"date":"2020-04-20T07:13:58","date_gmt":"2020-04-20T05:13:58","guid":{"rendered":"https:\/\/www.radiopiu.net\/wordpress\/?p=131508"},"modified":"2020-04-20T07:31:07","modified_gmt":"2020-04-20T05:31:07","slug":"le-belle-idee-sara-una-marcialonga-cycling-virtuale","status":"publish","type":"post","link":"https:\/\/www.radiopiu.net\/wordpress\/le-belle-idee-sara-una-marcialonga-cycling-virtuale\/","title":{"rendered":"LE BELLE IDEE: SARA&#8217; UNA MARCIALONGA CYCLING VIRTUALE"},"content":{"rendered":"<p><strong><a class=\"dt-pswp-item\" href=\"https:\/\/www.radiopiu.net\/wordpress\/wp-content\/uploads\/2020\/04\/551ac1d3-03f0-47ad-912a-a43bc3f48fc3.jpg\" data-dt-img-description=\"\" data-large_image_width=\"1023\" data-large_image_height=\"889\"><img loading=\"lazy\" decoding=\"async\" class=\" wp-image-131510 alignleft\" src=\"https:\/\/www.radiopiu.net\/wordpress\/wp-content\/uploads\/2020\/04\/551ac1d3-03f0-47ad-912a-a43bc3f48fc3-300x261.jpg\" alt=\"\" width=\"220\" height=\"191\" srcset=\"https:\/\/www.radiopiu.net\/wordpress\/wp-content\/uploads\/2020\/04\/551ac1d3-03f0-47ad-912a-a43bc3f48fc3-300x261.jpg 300w, https:\/\/www.radiopiu.net\/wordpress\/wp-content\/uploads\/2020\/04\/551ac1d3-03f0-47ad-912a-a43bc3f48fc3-768x667.jpg 768w, https:\/\/www.radiopiu.net\/wordpress\/wp-content\/uploads\/2020\/04\/551ac1d3-03f0-47ad-912a-a43bc3f48fc3.jpg 1023w\" sizes=\"auto, (max-width: 220px) 100vw, 220px\" \/><\/a>MOENA<\/strong> La\u00a0 Marcialonga cycling \u00e8 stata rinviata al 30 maggio del prossimo anno, alla data di chiusura\u00a0 erano oltre 700 gli iscritti direttamente come Marcialonga e altri 1000-1200\u00a0 sarebbero arrivati dai circuiti Zero Wind e Al\u00e8. Proprio perch\u00e9 molti avrebbero voluto partecipare l&#8217;organizzazione si \u00e8 data da fare\u00a0 e da qualche giorno sta lavorando per proporre la prima gara virtuale sul percorso della Marcialonga cycling su rouvy. Virtualmente: partenza dalla Piazza di Predazzo alle 9 di domenica e arrivo al San Pellegrino dopo\u00a0 20 chilometri. Gi\u00e0 filmato il percorso in una giornata\u00a0 senza traffico con\u00a0 panorami da cartolina. Tutto questo \u00e8 organizzato con ENDU che ha creato un mini circuito virtuale, con la Marcialonga,\u00a0 la Granfondo Gavia-Mortirolo il\u00a0 25\/04, Gf Fausto Coppi il 01\/05 e infine la Sportful il 03\/05, per sfruttare\u201d il periodo di chiusura in casa. Ogni granfondo ha selezionato una salita Mortirolo, Madonna del Coletto, Croce D\u2019aune per fare un\u2019oretta e mezza di rulli. Oltre all&#8217;evento sportivo, che si svilupper\u00e0 sulla piattaforma Rouvy, ci sar\u00e0 anche una diretta sui social network.<\/p>\n<blockquote><p><em><strong>TUTTI I PARTICOLARI DOMANI NEL POMERIGGIO, ALLE 15.10 (REPLICA 20.30) NELLO SPECIALE DI RADIO PIU&#8217;.<\/strong><\/em><\/p><\/blockquote>\n<div style=\"width: 848px;\" class=\"wp-video\"><video class=\"wp-video-shortcode\" id=\"video-131508-1\" width=\"848\" height=\"480\" preload=\"metadata\" controls=\"controls\"><source type=\"video\/mp4\" src=\"https:\/\/www.radiopiu.net\/wordpress\/wp-content\/uploads\/2020\/04\/WhatsApp-Video-2020-04-19-at-08.29.01.mp4?_=1\" \/><a href=\"https:\/\/www.radiopiu.net\/wordpress\/wp-content\/uploads\/2020\/04\/WhatsApp-Video-2020-04-19-at-08.29.01.mp4\">https:\/\/www.radiopiu.net\/wordpress\/wp-content\/uploads\/2020\/04\/WhatsApp-Video-2020-04-19-at-08.29.01.mp4<\/a><\/video><\/div>\n<p>&nbsp;<\/p>\n","protected":false},"excerpt":{"rendered":"<p>MOENA La\u00a0 Marcialonga cycling \u00e8 stata rinviata al 30 maggio del prossimo anno, alla data di chiusura\u00a0 erano oltre 700 gli iscritti direttamente come Marcialonga e altri 1000-1200\u00a0 sarebbero arrivati dai circuiti Zero Wind e Al\u00e8. Proprio perch\u00e9 molti avrebbero voluto partecipare l&#8217;organizzazione si \u00e8 data da fare\u00a0 e da qualche giorno sta lavorando per&hellip;<\/p>\n","protected":false},"author":1,"featured_media":131510,"comment_status":"closed","ping_status":"closed","sticky":false,"template":"","format":"standard","meta":{"_monsterinsights_skip_tracking":false,"_monsterinsights_sitenote_active":false,"_monsterinsights_sitenote_note":"","_monsterinsights_sitenote_category":0,"footnotes":""},"categories":[1],"tags":[],"class_list":["post-131508","post","type-post","status-publish","format-standard","has-post-thumbnail","hentry","category-senza-categoria","category-1","description-off"],"img_url":"https:\/\/www.radiopiu.net\/wordpress\/wp-content\/uploads\/2020\/04\/551ac1d3-03f0-47ad-912a-a43bc3f48fc3.jpg","_links":{"self":[{"href":"https:\/\/www.radiopiu.net\/wordpress\/wp-json\/wp\/v2\/posts\/131508","targetHints":{"allow":["GET"]}}],"collection":[{"href":"https:\/\/www.radiopiu.net\/wordpress\/wp-json\/wp\/v2\/posts"}],"about":[{"href":"https:\/\/www.radiopiu.net\/wordpress\/wp-json\/wp\/v2\/types\/post"}],"author":[{"embeddable":true,"href":"https:\/\/www.radiopiu.net\/wordpress\/wp-json\/wp\/v2\/users\/1"}],"replies":[{"embeddable":true,"href":"https:\/\/www.radiopiu.net\/wordpress\/wp-json\/wp\/v2\/comments?post=131508"}],"version-history":[{"count":0,"href":"https:\/\/www.radiopiu.net\/wordpress\/wp-json\/wp\/v2\/posts\/131508\/revisions"}],"wp:featuredmedia":[{"embeddable":true,"href":"https:\/\/www.radiopiu.net\/wordpress\/wp-json\/wp\/v2\/media\/131510"}],"wp:attachment":[{"href":"https:\/\/www.radiopiu.net\/wordpress\/wp-json\/wp\/v2\/media?parent=131508"}],"wp:term":[{"taxonomy":"category","embeddable":true,"href":"https:\/\/www.radiopiu.net\/wordpress\/wp-json\/wp\/v2\/categories?post=131508"},{"taxonomy":"post_tag","embeddable":true,"href":"https:\/\/www.radiopiu.net\/wordpress\/wp-json\/wp\/v2\/tags?post=131508"}],"curies":[{"name":"wp","href":"https:\/\/api.w.org\/{rel}","templated":true}]}}