{"id":131521,"date":"2020-04-21T06:00:30","date_gmt":"2020-04-21T04:00:30","guid":{"rendered":"https:\/\/www.radiopiu.net\/wordpress\/?p=131521"},"modified":"2020-04-21T10:35:59","modified_gmt":"2020-04-21T08:35:59","slug":"giornale-radiopiu-21-aprile-2020-direttore-mirko-mezzacasa","status":"publish","type":"post","link":"https:\/\/www.radiopiu.net\/wordpress\/giornale-radiopiu-21-aprile-2020-direttore-mirko-mezzacasa\/","title":{"rendered":"GIORNALE RADIOPIU 21 APRILE 2020 DIRETTORE MIRKO MEZZACASA"},"content":{"rendered":"<h3><strong>PER RICEVERE QUESTO NOTIZIARIO DIRETTAMENTE SUL TUO CELLULARE ISCRIVITI AL CANALE TELEGRAM\u00a0<\/strong><strong>\u201cRADIO PIU\u00a0 INFORMAZIONE\u201d<\/strong><\/h3>\n<blockquote>\n<h3><span style=\"color: #ff0000;\"><em>\u00a0Dolomites Bike Day e Sellaronda Bike Day rinviate al 2021&#8230; brutto colpo per tutto il comparto turistico&#8230;<\/em><\/span><\/h3>\n<\/blockquote>\n<p>&nbsp;<\/p>\n<hr \/>\n<h2><span style=\"color: #0000ff;\">grazie Leonardo<\/span><\/h2>\n<blockquote>\n<h3>AGORDO E LE SUE MONTAGNE SULLO SFONDO. A NEW YORK IN TIME SQUARE<\/h3>\n<\/blockquote>\n<h3>La traduzione: &#8220;Q<em><span id=\"cch_fd6a18d5c4a8c2\" class=\"_mh6 _wsc\"><span class=\"_3oh- _58nk\">uando la vita torner\u00e0 alla normalit\u00e0, saremo pi\u00f9 uniti e forti di sempre.<\/span><\/span>&#8220;<\/em><\/h3>\n<div class=\"page-title-head hgroup\">\n<h3 class=\"entry-title\"><a class=\"dt-pswp-item\" href=\"https:\/\/www.radiopiu.net\/wordpress\/wp-content\/uploads\/2020\/04\/LUXOTTICA-TIME-SQUARE-NEW-YORK.jpg\" data-dt-img-description=\"\" data-large_image_width=\"750\" data-large_image_height=\"711\"><img loading=\"lazy\" decoding=\"async\" class=\"wp-image-131676 alignleft\" src=\"https:\/\/www.radiopiu.net\/wordpress\/wp-content\/uploads\/2020\/04\/LUXOTTICA-TIME-SQUARE-NEW-YORK.jpg\" alt=\"\" width=\"591\" height=\"560\" srcset=\"https:\/\/www.radiopiu.net\/wordpress\/wp-content\/uploads\/2020\/04\/LUXOTTICA-TIME-SQUARE-NEW-YORK.jpg 750w, https:\/\/www.radiopiu.net\/wordpress\/wp-content\/uploads\/2020\/04\/LUXOTTICA-TIME-SQUARE-NEW-YORK-300x284.jpg 300w\" sizes=\"auto, (max-width: 591px) 100vw, 591px\" \/><\/a><\/h3>\n<\/div>\n<p>&nbsp;<\/p>\n<p>&nbsp;<\/p>\n<p>&nbsp;<\/p>\n<p>&nbsp;<\/p>\n<p>&nbsp;<\/p>\n<p>&nbsp;<\/p>\n<p>&nbsp;<\/p>\n<p>&nbsp;<\/p>\n<p>&nbsp;<\/p>\n<p>&nbsp;<\/p>\n<p>&nbsp;<\/p>\n<p>&nbsp;<\/p>\n<p>&nbsp;<\/p>\n<p>&nbsp;<\/p>\n<p>&nbsp;<\/p>\n<p>&nbsp;<\/p>\n<p>&nbsp;<\/p>\n<p>&nbsp;<\/p>\n<p>&nbsp;<\/p>\n<div class=\"page-title-head hgroup\">\n<hr \/>\n<\/div>\n<p>&nbsp;<\/p>\n<p>&nbsp;<\/p>\n<p>&nbsp;<\/p>\n<p>&nbsp;<\/p>\n<div>\n<hr \/>\n<\/div>\n<p>\u2022 In Italia le persone complessivamente risultate positive al coronavirus, compresi guariti e deceduti,<strong> sono 181.228<\/strong>.\u00a0Di questi,<strong> 108.237 sono i contagiati attuali.<\/strong> Le persone guarite nelle ultime 24 ore sono 1.822, <strong>per un totale di 48.877<\/strong>. Il totale delle vittime \u00e8 di 24.114, <strong>454 in pi\u00f9<\/strong> rispetto a ieri; \u2022 <strong>Crolla\u00a0ancora il prezzo del petrolio<\/strong>, ai minimi da oltre 30 anni; \u2022 Sono<strong> 160 mila i morti<\/strong> nel mondo. Oltre due milioni e trecentomila i <strong>contagi globali<\/strong>; \u2022 Dismessi dall\u2019ospedale i due turisti cinesi, <strong>i primi casi di coronavirus in Italia<\/strong>.<\/p>\n<p>&nbsp;<\/p>\n<blockquote>\n<h2><span style=\"color: #339966;\">-20 DOPO DUE MESI IL NUMERO DEI MALATI E&#8217; DIMINUITO. CASE DI RIPOSO IL 74%<\/span> <span style=\"color: #008000;\">NON HA CONTAGI, MA CI SONO <span style=\"color: #000000;\">3<\/span><\/span>6 STRUTTURE.<span style=\"color: #ff0000;\"><span style=\"color: #000000;\"> E&#8217; DI NUOVO SCONTRO TRA\u00a0<\/span><\/span><span style=\"color: #ff0000;\"><span style=\"color: #000000;\"> GOVERNO\u00a0 E\u00a0 REGIONI\u00a0 SULLA\u00a0 DATA<\/span> <span style=\"color: #000000;\">DELLE ELEZIONI. <span style=\"color: #ff0000;\">108<\/span><\/span> CONTAGI A PEDAVENA, 86 A CORTINA, 9 AD AGORDO E 8 A ROCCA PIETORE<\/span><\/h2>\n<\/blockquote>\n<p>&nbsp;<\/p>\n<p><strong>di Mirko Mezzacasa\u00a0<\/strong><\/p>\n<p>Da alcuni giorni stiamo sottolineando un dato importante, quello delle terapie intensive non solo a livello nazionale, ieri &#8211; 62,\u00a0 ma anche in Regione e in Provincia con la curva che ha finalmente iniziato una discesa, ieri in Veneto 180 persone lottavano in quel reparto che solo a pronunciarlo mette paura, la met\u00e0 rispetto ai giorni pi\u00f9 tragici, 7 in Provincia di Belluno dove a marzo tutti i letti erano occupati e la Ulss1 era stata costretta a ricavarne altri in emergenza. Di ieri l&#8217;altra notizia che invita alla speranza, per la prima volta un segno meno davanti alla parola &#8220;infetti&#8221;, scendono anche i contagi ed \u00e8 la prima volta dall&#8217;inizio della pandemia. Anche in Veneto pare che il numero dei contagi rallenti, i casi positivi sono 16.192 ( +192) dopo che sono stati eseguiti oltre 260 mila tamponi e i laboratori hanno elaborato tutto il &#8220;magazzino&#8221;. Il numero degli ospedalizzati 1453 (+5) in terapia intensiva 180 (-4). In Provincia i positivi attuali sono 678 dall&#8217;inizio dell&#8217;epidemia 904 (ieri +48). Purtroppo il dato che non scende \u00e8 quello dei decessi che in Italia sono ormai 24.114 (ieri +454), in Veneto 1.112 (+22), in Provincia 51 il numero totale dei morti, 46 negli ospedali,\u00a0 4 nelle ultime 48 ore e primo decesso al Pronto Soccorso di Pieve di Cadore ci ha lasciato Vanda Frescura una nonna di 90 anni, al San Martino \u00e8 morto Lino Francescon 87 anni di Mel, Danilo Pradetto 78 anni di San Pietro di Cadore e Angelo Faoro trentino di 86 anni. I pazienti bellunesi in ospedale sono ad oggi\u00a0 75, 2 pazienti in pi\u00f9 rispetto a domenica,\u00a0 San Martino 39 (+1), in terapia intensiva 7 (0), Feltre 0,\u00a0 Ospedale comunit\u00e0 Belluno 14 (0), Agordo 15 (+1). Bellunesi in isolamento fiduciario 1181 (+38).\u00a0 A Cortina la causa, L&#8217;hotel de la Poste chiede i danni alla Cina, il Ministro della Sanit\u00e0 cinese \u00e8 stato citato per danni davanti al tribunale di Belluno per non aver segnalato all&#8217;Oms lo stato del diffondersi del virus. Elezioni, se ne riparla a settembre lo ha deciso il Governo, sar\u00e0 quindi un&#8217;estate da tribuna politica ed a nulla sono valse le proteste e le richieste dei Governatori regionali che volevano la tornata elettorale subito e senza indugi. Sar\u00e0 un election day: regionali, comunali e referendum per il taglio dei parlamentari. Si va quindi verso la proroga dei consigli regionali a naturale scadenza con il prossimo mese. Case di riposo, ieri l&#8217;assessore Manuela Lanzarin ha reso noti altri numeri 2154 persone positive tra gli ospiti (6,4%), operatori 1003 positivi la maggior parte asintomatici (3,2%). Il 74% sono strutture pulite dove non c&#8217;\u00e8 nessun caso positivo (244) le altre 36\u00a0 hanno contagi. Da 0-5 positivi 37 strutture\u00a0 (11,3%),\u00a0 da 5 a 10 positivi\u00a0 9 strutture (2,7%),\u00a0 da 10 a 20 positivi\u00a0 8 strutture\u00a0 (2,4%), dal 20 a 50 positivi 15 strutture (4,5%) e da 50 a 100 positivi 7 strutture (5,2%). Le Procure continuano ad indagare per i tanti decessi, negli ultimi giorni in provincia ci sarebbero stati altri 6 decessi e a Pedavena i positivi sono oltre 100. In provincia la letalit\u00e0 nelle case di riposo sfiora il 13%. Anche domenica le forze di Polizia hanno elevato 28 sanzioni e multato un esercente durante gli oltre 1600 controlli, Mattia Murer di Ponte nelle Alpi l&#8217;autore del video contro i poliziotti e delle ingiurie agli uomini in divisa definiti &#8220;trogloditi&#8221; ha voluto cospargersi il capo di cenere presentandosi in Questura, il volto noto della pallavolo ha chiesto scusa a chi \u00e8 stato deriso solo perch\u00e9 faceva il proprio lavoro, il Sindacato di Polizia (Sap) ieri sera \u00e8 uscito con un duro comunicato che condanna questo ed altri episodi. EssilorLuxottica ha messo a disposizione 100 milioni per i dipendenti in difficolt\u00e0 mentre i manager si sono tagliati gli stipendi, Roger De Menech plaude all&#8217;iniziativa. Dal Veneto una proposta: l&#8217;app obbligatoria per tracciare il virus con una sperimentazione tutta veneta senza eccezioni tra malati e sani <em>&#8220;Diamo la disponibilit\u00e0 a testarla agli esperti &#8211; ha detto Zaia &#8211; se l&#8217;app non raggiunge il 60% della popolazione non ha efficacia, quindi deve essere obbligatoria per chiunque possieda un cellulare. In Veneto abbiamo le basi tecniche per realizzarla ma dovrebbe farlo l&#8217;intero Paese&#8221;.<\/em><\/p>\n<p><strong>La mappa dei contagi oggi cambia ancora a ieri:<\/strong> Pedavena 108, Cortina 86,\u00a0 Borgovalbelluna 80, Alpago 62,\u00a0 Belluno 49, Feltre 53, Agordo 9, Rocca Pietore 8 <em>&#8220;Siamo passati da 10 positivi in quarantena a 8 positivi\u00a0 (6 in quarantena) &#8211; dice il sindaco Andrea De Bernardin &#8211; \u00a0la buona notizia merita attenzione e spero tanto che significhi anche un progressivo calo nei prossimi giorni&#8221;.<\/em> Il sindaco di Cortina Gianpietro Ghedina come di consueto si \u00e8 rivolto ai suoi cittadini su facebook <em>&#8220;In questi ultimi tre giorni il numero di positivi al Covid-19 \u00e8 diminuito, portando da 87 a 86 casi (-1). <\/em><em>Le persone in quarantena (isolamento domiciliare) scendono da 40 a 28 (-12). <\/em><em>Sembra continuare la discesa della curva del contagio&#8221;.<\/em><\/p>\n<h2><\/h2>\n<h2>DA LIVINALLONGO LE BUONE NOTIZIE MA NON SI ABBASSI L&#8217;ATTENZIONE<\/h2>\n<p><strong>LIVINALLONGO<\/strong> Notizie solo positive da Livinallongo e nessuno in isolamento domiciliare. Situazione confortante grazie al buon comportamento della gente Fodom. Il sindaco Leandro Grones presenta i dati e la nuova piazza virtuale per sentirsi vicini<\/p>\n<audio class=\"wp-audio-shortcode\" id=\"audio-131521-1\" preload=\"none\" style=\"width: 100%;\" controls=\"controls\"><source type=\"audio\/mpeg\" src=\"https:\/\/www.radiopiu.net\/wordpress\/wp-content\/uploads\/2020\/04\/LEANDRO-1.mp3?_=1\" \/><a href=\"https:\/\/www.radiopiu.net\/wordpress\/wp-content\/uploads\/2020\/04\/LEANDRO-1.mp3\">https:\/\/www.radiopiu.net\/wordpress\/wp-content\/uploads\/2020\/04\/LEANDRO-1.mp3<\/a><\/audio>\n<p>&nbsp;<\/p>\n<p>&nbsp;<\/p>\n<p>&nbsp;<\/p>\n<p><strong>EVOLUZIONE AGORDINA, DI TIZIANO DE COL<\/strong><\/p>\n<p><a class=\"dt-pswp-item\" href=\"https:\/\/www.radiopiu.net\/wordpress\/wp-content\/uploads\/2020\/04\/2e3e1aea-0f30-45c2-9740-a86937a4c4c1.jpg\" data-dt-img-description=\"\" data-large_image_width=\"1249\" data-large_image_height=\"537\"><img loading=\"lazy\" decoding=\"async\" class=\"alignnone size-large wp-image-131773\" src=\"https:\/\/www.radiopiu.net\/wordpress\/wp-content\/uploads\/2020\/04\/2e3e1aea-0f30-45c2-9740-a86937a4c4c1-1024x440.jpg\" alt=\"\" width=\"1024\" height=\"440\" srcset=\"https:\/\/www.radiopiu.net\/wordpress\/wp-content\/uploads\/2020\/04\/2e3e1aea-0f30-45c2-9740-a86937a4c4c1-1024x440.jpg 1024w, https:\/\/www.radiopiu.net\/wordpress\/wp-content\/uploads\/2020\/04\/2e3e1aea-0f30-45c2-9740-a86937a4c4c1-300x129.jpg 300w, https:\/\/www.radiopiu.net\/wordpress\/wp-content\/uploads\/2020\/04\/2e3e1aea-0f30-45c2-9740-a86937a4c4c1-768x330.jpg 768w, https:\/\/www.radiopiu.net\/wordpress\/wp-content\/uploads\/2020\/04\/2e3e1aea-0f30-45c2-9740-a86937a4c4c1.jpg 1249w\" sizes=\"auto, (max-width: 1024px) 100vw, 1024px\" \/><\/a><a class=\"dt-pswp-item\" href=\"https:\/\/www.radiopiu.net\/wordpress\/wp-content\/uploads\/2020\/04\/e44ca69c-6203-43c2-a3c3-f51f68e69f0a.jpg\" data-dt-img-description=\"\" data-large_image_width=\"842\" data-large_image_height=\"460\"><img loading=\"lazy\" decoding=\"async\" class=\"alignnone size-full wp-image-131772\" src=\"https:\/\/www.radiopiu.net\/wordpress\/wp-content\/uploads\/2020\/04\/e44ca69c-6203-43c2-a3c3-f51f68e69f0a.jpg\" alt=\"\" width=\"842\" height=\"460\" srcset=\"https:\/\/www.radiopiu.net\/wordpress\/wp-content\/uploads\/2020\/04\/e44ca69c-6203-43c2-a3c3-f51f68e69f0a.jpg 842w, https:\/\/www.radiopiu.net\/wordpress\/wp-content\/uploads\/2020\/04\/e44ca69c-6203-43c2-a3c3-f51f68e69f0a-300x164.jpg 300w, https:\/\/www.radiopiu.net\/wordpress\/wp-content\/uploads\/2020\/04\/e44ca69c-6203-43c2-a3c3-f51f68e69f0a-768x420.jpg 768w\" sizes=\"auto, (max-width: 842px) 100vw, 842px\" \/><\/a><\/p>\n<p>&nbsp;<\/p>\n<p>&nbsp;<\/p>\n<hr \/>\n<p>&nbsp;<\/p>\n<p>&nbsp;<\/p>\n<h2>TERREMOTO IERI MATTINA A CHIES D&#8217;ALPAGO, ALLE 9.26 MAGNITUDO 1,7 EPICENTRO A CHIES<\/h2>\n<p><a class=\"dt-pswp-item\" href=\"https:\/\/www.radiopiu.net\/wordpress\/wp-content\/uploads\/2020\/04\/9b5f68c8-66d7-42cf-b55c-5fda9879860b-1.jpg\" data-dt-img-description=\"\" data-large_image_width=\"1080\" data-large_image_height=\"1920\"><img loading=\"lazy\" decoding=\"async\" class=\"alignnone wp-image-131782\" src=\"https:\/\/www.radiopiu.net\/wordpress\/wp-content\/uploads\/2020\/04\/9b5f68c8-66d7-42cf-b55c-5fda9879860b-1-576x1024.jpg\" alt=\"\" width=\"196\" height=\"348\" srcset=\"https:\/\/www.radiopiu.net\/wordpress\/wp-content\/uploads\/2020\/04\/9b5f68c8-66d7-42cf-b55c-5fda9879860b-1-576x1024.jpg 576w, https:\/\/www.radiopiu.net\/wordpress\/wp-content\/uploads\/2020\/04\/9b5f68c8-66d7-42cf-b55c-5fda9879860b-1-169x300.jpg 169w, https:\/\/www.radiopiu.net\/wordpress\/wp-content\/uploads\/2020\/04\/9b5f68c8-66d7-42cf-b55c-5fda9879860b-1-768x1365.jpg 768w, https:\/\/www.radiopiu.net\/wordpress\/wp-content\/uploads\/2020\/04\/9b5f68c8-66d7-42cf-b55c-5fda9879860b-1-864x1536.jpg 864w, https:\/\/www.radiopiu.net\/wordpress\/wp-content\/uploads\/2020\/04\/9b5f68c8-66d7-42cf-b55c-5fda9879860b-1.jpg 1080w\" sizes=\"auto, (max-width: 196px) 100vw, 196px\" \/><\/a><\/p>\n<p>&nbsp;<\/p>\n<p>&nbsp;<\/p>\n<hr \/>\n<div>\n<blockquote>\n<h3><\/h3>\n<h3>AGGIORNAMENTO ULSS 1 DOLOMITI 20 MARZO 2020<\/h3>\n<\/blockquote>\n<p><strong>BELLUNO<\/strong>\u00a0GLI AGGIORNAMENTI DALLA ULSS 1 DOLOMITI<\/p>\n<p><strong>SORVEGLIANZA SANITARIA COVID-19\u00a0<\/strong>Numero totale tamponi effettuati per ricerca nCoV al 20 aprile 2020 <strong>14.681 (+ 159 rispetto a domenica) <\/strong>Persone residenti in Ulss Dolomiti in isolamento domiciliare fiduciario e sorveglianza attiva al 20 aprile 2020: <b>1181 (+ 38 rispetto domenica) <\/b>Alcuni tamponi sono stati effettuati pi\u00f9 volte sulle stesse persone<\/p>\n<div class=\"page-title-head hgroup\">\n<blockquote>\n<h3 class=\"entry-title\">\u00a04 DECESSI NEGLI ULTIMI 2 GIORNI<\/h3>\n<\/blockquote>\n<\/div>\n<div>\n<p><strong><a class=\"dt-pswp-item\" href=\"https:\/\/www.radiopiu.net\/wordpress\/wp-content\/uploads\/2020\/03\/covid-ulss.jpg\" data-dt-img-description=\"\" data-large_image_width=\"800\" data-large_image_height=\"600\"><img loading=\"lazy\" decoding=\"async\" class=\"alignleft wp-image-121260\" src=\"https:\/\/www.radiopiu.net\/wordpress\/wp-content\/uploads\/2020\/03\/covid-ulss-300x225.jpg\" alt=\"\" width=\"148\" height=\"111\" srcset=\"https:\/\/www.radiopiu.net\/wordpress\/wp-content\/uploads\/2020\/03\/covid-ulss-300x225.jpg 300w, https:\/\/www.radiopiu.net\/wordpress\/wp-content\/uploads\/2020\/03\/covid-ulss-768x576.jpg 768w, https:\/\/www.radiopiu.net\/wordpress\/wp-content\/uploads\/2020\/03\/covid-ulss.jpg 800w\" sizes=\"auto, (max-width: 148px) 100vw, 148px\" \/><\/a>BELLUNO<\/strong>\u00a0 Quattro decessi in 48 ore negli ospedali bellunesi, al Pronto Soccorso di Pieve di Cadore ci ha lasciato Vanda Frescura una nonna di di 90 anni, al San Martino \u00e8 morto Lino Francescon 87 anni di Mel, Danilo Pradetto 78 anni di San Pietro di Cadore e Angelo Faoro trentino di 86 anni.<span class=\"s2\">.<\/span><\/p>\n<p><strong>L\u2019AGGIORNAMENTO<\/strong>\u00a0\u00a0POSITIVI 904 (+48) CASI ATTUALMENTE POSITIVI\u00a0 678 DECESSI 51\u00a0 NEGATIVIZZATI 175\u00a0 IN ISOLAMENTO DOMICILIARE 1121\u00a0<strong>NEGLI OSPEDALI<\/strong>\u00a0 2 pazienti in pi\u00f9 rispetto a ieri San Martino 39 (+1), in terapia intensiva 7 (0), Feltre\u00a0 pazienti 0. Ospedale comunit\u00e0 Belluno 14 (0), Agordo 15 (+1).<\/p>\n<p><strong>46 DECESSI NEGLI OSPEDALI BELLUNESI DAL 21 FEBBRAIO<\/strong>\u00a0Ospedale San Martino di Belluno 31, Feltre 6, Belluno Ospedale di Comunit\u00e0 7, Agordo 1 e Pieve di Cadore 1<\/p>\n<\/div>\n<p><a class=\"dt-pswp-item\" href=\"https:\/\/www.radiopiu.net\/wordpress\/wp-content\/uploads\/2020\/04\/Schermata-2020-04-20-alle-19.27.27.png\" data-dt-img-description=\"\" data-large_image_width=\"1348\" data-large_image_height=\"1664\"><img loading=\"lazy\" decoding=\"async\" class=\"alignnone wp-image-131729\" src=\"https:\/\/www.radiopiu.net\/wordpress\/wp-content\/uploads\/2020\/04\/Schermata-2020-04-20-alle-19.27.27-830x1024.png\" alt=\"\" width=\"324\" height=\"400\" srcset=\"https:\/\/www.radiopiu.net\/wordpress\/wp-content\/uploads\/2020\/04\/Schermata-2020-04-20-alle-19.27.27-830x1024.png 830w, https:\/\/www.radiopiu.net\/wordpress\/wp-content\/uploads\/2020\/04\/Schermata-2020-04-20-alle-19.27.27-243x300.png 243w, https:\/\/www.radiopiu.net\/wordpress\/wp-content\/uploads\/2020\/04\/Schermata-2020-04-20-alle-19.27.27-768x948.png 768w, https:\/\/www.radiopiu.net\/wordpress\/wp-content\/uploads\/2020\/04\/Schermata-2020-04-20-alle-19.27.27-1244x1536.png 1244w, https:\/\/www.radiopiu.net\/wordpress\/wp-content\/uploads\/2020\/04\/Schermata-2020-04-20-alle-19.27.27.png 1348w\" sizes=\"auto, (max-width: 324px) 100vw, 324px\" \/><\/a><\/p>\n<p>&nbsp;<\/p>\n<hr \/>\n<\/div>\n<p>&nbsp;<\/p>\n<blockquote class=\"wp-embedded-content\" data-secret=\"peppL56aF9\"><p><a href=\"https:\/\/www.radiopiu.net\/wordpress\/aggiornamento-assessorato-protezione-civile-19-aprile-2020\/\">AGGIORNAMENTO ASSESSORATO PROTEZIONE CIVILE 19 APRILE 2020<\/a><\/p><\/blockquote>\n<p><iframe loading=\"lazy\" title=\"&#8220;AGGIORNAMENTO ASSESSORATO PROTEZIONE CIVILE 19 APRILE 2020&#8221; &#8212; Radio Pi\u00f9\" class=\"wp-embedded-content\" sandbox=\"allow-scripts\" security=\"restricted\" style=\"position: absolute; clip: rect(1px, 1px, 1px, 1px);\" src=\"https:\/\/www.radiopiu.net\/wordpress\/aggiornamento-assessorato-protezione-civile-19-aprile-2020\/embed\/#?secret=peppL56aF9\" data-secret=\"peppL56aF9\" width=\"600\" height=\"338\" frameborder=\"0\" marginwidth=\"0\" marginheight=\"0\" scrolling=\"no\"><\/iframe><\/p>\n<div>\n<p><strong>L&#8217;ASSESSORE REGIONALE GIANPAOLO BOTTACIN DAL GR DELLE 18:30 DI IERI<\/strong><\/p>\n<\/div>\n<audio class=\"wp-audio-shortcode\" id=\"audio-131521-2\" preload=\"none\" style=\"width: 100%;\" controls=\"controls\"><source type=\"audio\/mpeg\" src=\"https:\/\/www.radiopiu.net\/wordpress\/wp-content\/uploads\/2020\/04\/BOTTACIN-5.mp3?_=2\" \/><a href=\"https:\/\/www.radiopiu.net\/wordpress\/wp-content\/uploads\/2020\/04\/BOTTACIN-5.mp3\">https:\/\/www.radiopiu.net\/wordpress\/wp-content\/uploads\/2020\/04\/BOTTACIN-5.mp3<\/a><\/audio>\n<p>&nbsp;<\/p>\n<div>\n<hr \/>\n<\/div>\n<p>&nbsp;<\/p>\n<p>&nbsp;<\/p>\n<blockquote class=\"wp-embedded-content\" data-secret=\"UQrT8aMYwI\"><p><a href=\"https:\/\/www.radiopiu.net\/wordpress\/ancora22decessi\/\">ANCORA DECESSI, 22 IN UN SOLO GIORNO E 9 PAZIENTI IN PIU&#8217; IN OSPEDALE QUASI 200 POSITIVI IN PIU&#8217;: AZIENDA ZERO AGGIORNAMENTO DELLE 12, LUNEDI&#8217; 20 APRILE<\/a><\/p><\/blockquote>\n<p><iframe loading=\"lazy\" title=\"&#8220;ANCORA DECESSI, 22 IN UN SOLO GIORNO E 9 PAZIENTI IN PIU&#8217; IN OSPEDALE QUASI 200 POSITIVI IN PIU&#8217;: AZIENDA ZERO AGGIORNAMENTO DELLE 12, LUNEDI&#8217; 20 APRILE&#8221; &#8212; Radio Pi\u00f9\" class=\"wp-embedded-content\" sandbox=\"allow-scripts\" security=\"restricted\" style=\"position: absolute; clip: rect(1px, 1px, 1px, 1px);\" src=\"https:\/\/www.radiopiu.net\/wordpress\/ancora22decessi\/embed\/#?secret=UQrT8aMYwI\" data-secret=\"UQrT8aMYwI\" width=\"600\" height=\"338\" frameborder=\"0\" marginwidth=\"0\" marginheight=\"0\" scrolling=\"no\"><\/iframe><\/p>\n<div>\n<h2><\/h2>\n<p>I NUMERI\u00a0 AUMENTANO I POSITIVI 16.127\u00a0 (+192),\u00a0 \u00a0ATTUALMENTE POSITIVI\u00a0 10061\u00a0 DECEDUTI 1112 NEGATIVIZZATI\u00a0 4954 IN ISOLAMENTO DOMICILIARE\u00a0 11658 (-255) RICOVERATI 1453 (+5) TERAPIA INTENSIVA 180 (-4) DIMESSI 2117 DECESSI IN OSPEDALE 939, IN TOTALE 1112. I NATI 67<\/p>\n<p><strong>BELLUNO<\/strong> POSITIVI 904 (+48) CASI ATTUALMENTE POSITIVI\u00a0 678 DECESSI 51\u00a0 NEGATIVIZZATI 175\u00a0 IN ISOLAMENTO DOMICILIARE 1121 NEGLI OSPEDALI\u00a0 2 pazienti in pi\u00f9 rispetto a ieri San Martino 39 (+1), in terapia intensiva 7 (0), negativizzati 0 dimessi 64 decessi 30 (+2), Feltre\u00a0 pazienti 0, negativizzati 0,\u00a0 decessi 6. Ospedale comunit\u00e0 Belluno 14 (0), Agordo 15 (+1). Stamane la Ulss1 ha comunicato 4\u00a0 decessi in provincia\u00a0 negli ultimi 2 giorni. U<span class=\"s2\">n paziente COVID positivo di anni 88, ricoverato in Malattie Infettive Covid Belluno e residente in Ulss Dolomiti (18 aprile); <\/span><span class=\"s2\">una paziente COVID positiva di anni 90, ricoverata in Pronto Soccorso COVID di Pieve di Cadore e residente in Ulss Dolomiti (18 aprile); <\/span><span class=\"s2\">un paziente COVID positivo di anni 79, ricoverato in Pneumologia Covid Belluno e residente in Ulss Dolomiti ( serata 19 aprile); <\/span><span class=\"s2\">una paziente COVID positiva di anni 86, ricoverata in Medicina Covid Belluno (ospedale di comunit\u00e0 \u2013 bassa intensit\u00e0) e NON residente in Ulss Dolomiti (notte del 19 aprile)\u00a0 <\/span><strong>46 DECESSI NEGLI OSPEDALI BELLUNESI DAL 21 FEBBRAIO<\/strong> Ospedale San Martino di Belluno 31, Feltre 6, Belluno Ospedale di Comunit\u00e0 7, Agordo 1 e Pieve di Cadore 1<\/p>\n<blockquote>\n<h2>LEGGI LA CONFERENZA STAMPA DI LUCA ZAIA<\/h2>\n<\/blockquote>\n<p><em>La riapertura delle scuole non \u00e8 una nostra competenza per\u00f2 sar\u00e0 difficile gestire la ripartenza per le distanze sociali. Fumare in prossimit\u00e0 di altre persone? Non c&#8217;\u00e8 una regola ma il buon senso direbbe di non farlo.\u00a0 Nelle case di riposo tampone per tutti \u00a0gli ospiti,\u00a0 il 74% delle strutture non ha nemmeno un positivo, ovvero 244 case di riposo. Donazioni arrivano ancora e fa bene per la preparazione della fase autunnale &#8220;artiglieria per difendersi dal virus&#8221; raccolti 55 milioni di euro da pi\u00f9 di 35mila persone. Ripartenza: se il Governo decide che si pu\u00f2 aprire con gradualit\u00e0 noi affronteremo l&#8217;apertura con tutta una serie di misure in accordo con i lavoratori (parti sociali) e datori di lavoro (aziende) un percorso da fare assieme, ma prima viene la salute perch\u00e9 non siamo irresponsabili.\u00a0<\/em><\/p>\n<p><strong>TAMPONI<\/strong> 260.810 oltre a tutti i test rapidi da primo screening ovvero cinque volte di pi\u00f9 di quelli fatti in Campania, quindi non siamo gli untori da lasciare fuori delle frontiere\u00a0 ma quelli che hanno fatto pi\u00f9 tamponi, di pi\u00f9 rispetto ai 48 mila della Campania ed ha molto pi\u00f9 di un quinto dei positivi rispetto al Veneto. Non si possono fare raffronti se il numero di tamponi non \u00e8 uguale, i positivi si sommano se si vanno a trovare.<\/p>\n<p><strong>RIPARTENZA <\/strong> non c&#8217;\u00e8 nessuna decisione: il governo \u00e8 l&#8217;unico che ha competenze per aprire,\u00a0 se il governo decide di aprire noi la affrontiamo con tutta una serie di misure e il percorso viene fatto in accordo con datori di lavoro e sindacati, la Fase 2 \u00e8 la la fase di condivisione con il virus, l&#8217;altra soluzione \u00e8 non aprire nulla.\u00a0 Il virus\u00a0 ha un range di 70 giorni, lo dice la Cina e la\u00a0 Corea. Tutti hanno avuto il picco delle terapie intensive alla sesta settimana, quindi\u00a0 se dobbiamo fare la pubblicit\u00e0 progresso: &#8220;Attento, la morte e dietro all&#8217;angolo&#8221;. Che non passi l&#8217;idea che mettiamo a rischio la<\/p>\n<p>salute delle persone per il dio denaro,\u00a0 non apriamo se gli scienziati dicono che non si pu\u00f2.<\/p>\n<p>&nbsp;<\/p>\n<p>&nbsp;<\/p>\n<p>https:\/\/www.facebook.com\/zaiaufficiale\/videos\/560831588166026<\/p>\n<p>&nbsp;<\/p>\n<p>&nbsp;<\/p>\n<p>&nbsp;<\/p>\n<p>&nbsp;<\/p>\n<p>&nbsp;<\/p>\n<hr \/>\n<p>&nbsp;<\/p>\n<blockquote>\n<h3>CASE DI RIPOSO: IL DATO COMPLESSIVO DEI CONTROLLI. LA FOTOGRAFIA<\/h3>\n<\/blockquote>\n<p><strong><a class=\"dt-pswp-item\" href=\"https:\/\/www.radiopiu.net\/wordpress\/wp-content\/uploads\/2020\/03\/MANUELA-LANZARIN.jpg\" data-dt-img-description=\"\" data-large_image_width=\"1000\" data-large_image_height=\"1000\"><img loading=\"lazy\" decoding=\"async\" class=\"alignleft wp-image-124475\" src=\"https:\/\/www.radiopiu.net\/wordpress\/wp-content\/uploads\/2020\/03\/MANUELA-LANZARIN-300x300.jpg\" alt=\"\" width=\"158\" height=\"158\" srcset=\"https:\/\/www.radiopiu.net\/wordpress\/wp-content\/uploads\/2020\/03\/MANUELA-LANZARIN-300x300.jpg 300w, https:\/\/www.radiopiu.net\/wordpress\/wp-content\/uploads\/2020\/03\/MANUELA-LANZARIN-150x150.jpg 150w, https:\/\/www.radiopiu.net\/wordpress\/wp-content\/uploads\/2020\/03\/MANUELA-LANZARIN-768x768.jpg 768w, https:\/\/www.radiopiu.net\/wordpress\/wp-content\/uploads\/2020\/03\/MANUELA-LANZARIN.jpg 1000w\" sizes=\"auto, (max-width: 158px) 100vw, 158px\" \/><\/a>VENEZIA<\/strong> Resi noti i dati complessivi dei controlli nelle case di riposo: 2154 persone positivi tra gli ospiti (6,4%), operatori 1003 positivi la maggior parte asintomatici (3,2%). Le percentuali uguali a quattro giorni fa quando le strutture testate erano 330, la quasi totalit\u00e0. Il 74% sono strutture pulite dove non c&#8217;\u00e8 nessun caso positivo (244) le altre 36\u00a0 hanno contagi. Da 0-5 positivi 37 strutture\u00a0 (11,3%),\u00a0 da 5 a 10\u00a0 9 strutture (2,7%),\u00a0 da 10 a 20 8 strutture\u00a0 (2,4%), dal 20 al 50 15 strutture (4,5%) da 50 a 100 positivi 7 strutture (5,2%). .<\/p>\n<p>&nbsp;<\/p>\n<p><strong>L&#8217;ASSESSORE MANUELA LANZARIN &#8220;NON ABBASSEREMO LA GUARDIA MA CONTINUEREMO CON IL PIANO DI SANITA&#8217; PUBBLICA&#8221;.\u00a0<\/strong><\/p>\n<audio class=\"wp-audio-shortcode\" id=\"audio-131521-3\" preload=\"none\" style=\"width: 100%;\" controls=\"controls\"><source type=\"audio\/mpeg\" src=\"https:\/\/www.radiopiu.net\/wordpress\/wp-content\/uploads\/2020\/04\/LANZARIN-DATI.mp3?_=3\" \/><a href=\"https:\/\/www.radiopiu.net\/wordpress\/wp-content\/uploads\/2020\/04\/LANZARIN-DATI.mp3\">https:\/\/www.radiopiu.net\/wordpress\/wp-content\/uploads\/2020\/04\/LANZARIN-DATI.mp3<\/a><\/audio>\n<p><strong>DOPO IL 3 MAGGIO LE STRUTTURE POTRANNO ACCOGLIERE ALTRI ANZIANI? E LE VISITE DEI FAMIGLIARI?<\/strong><\/p>\n<audio class=\"wp-audio-shortcode\" id=\"audio-131521-4\" preload=\"none\" style=\"width: 100%;\" controls=\"controls\"><source type=\"audio\/mpeg\" src=\"https:\/\/www.radiopiu.net\/wordpress\/wp-content\/uploads\/2020\/04\/LANZARIN-DOPO-IL-3-MAGGIO.mp3?_=4\" \/><a href=\"https:\/\/www.radiopiu.net\/wordpress\/wp-content\/uploads\/2020\/04\/LANZARIN-DOPO-IL-3-MAGGIO.mp3\">https:\/\/www.radiopiu.net\/wordpress\/wp-content\/uploads\/2020\/04\/LANZARIN-DOPO-IL-3-MAGGIO.mp3<\/a><\/audio>\n<p><strong>EVIDENTEMENTE VISTI I DATI NON TUTTI HANNO OTTEMPERATO ALLE INDICAZIONI DATE A FEBBRAIO?<\/strong><\/p>\n<audio class=\"wp-audio-shortcode\" id=\"audio-131521-5\" preload=\"none\" style=\"width: 100%;\" controls=\"controls\"><source type=\"audio\/mpeg\" src=\"https:\/\/www.radiopiu.net\/wordpress\/wp-content\/uploads\/2020\/04\/LANZARIN-NON-TUTTI.mp3?_=5\" \/><a href=\"https:\/\/www.radiopiu.net\/wordpress\/wp-content\/uploads\/2020\/04\/LANZARIN-NON-TUTTI.mp3\">https:\/\/www.radiopiu.net\/wordpress\/wp-content\/uploads\/2020\/04\/LANZARIN-NON-TUTTI.mp3<\/a><\/audio>\n<p><strong>CASE DI CURA MENO ATTENTE AI COMPORTAMENTI, DOVE SONO STATI REGISTRATI I CONTAGI MAGGIORI?<\/strong><\/p>\n<audio class=\"wp-audio-shortcode\" id=\"audio-131521-6\" preload=\"none\" style=\"width: 100%;\" controls=\"controls\"><source type=\"audio\/mpeg\" src=\"https:\/\/www.radiopiu.net\/wordpress\/wp-content\/uploads\/2020\/04\/LANZARIN-DOVE-I-CONTAGI.mp3?_=6\" \/><a href=\"https:\/\/www.radiopiu.net\/wordpress\/wp-content\/uploads\/2020\/04\/LANZARIN-DOVE-I-CONTAGI.mp3\">https:\/\/www.radiopiu.net\/wordpress\/wp-content\/uploads\/2020\/04\/LANZARIN-DOVE-I-CONTAGI.mp3<\/a><\/audio>\n<p>&nbsp;<\/p>\n<hr \/>\n<p>&nbsp;<\/p>\n<blockquote>\n<h3>DATI E GRAFICI DEL GIORNO, PROVINCIA \u2013 REGIONE 20 APRILE 2020<\/h3>\n<\/blockquote>\n<p><strong>Con la collaborazione di Tiziano De Col<\/strong><\/p>\n<p>I dati dei contagi ieri , la Provincia di Belluno fa segnare ancora un incremento giornaliero che \u00e8, di gran lunga, il pi\u00f9 alto del Veneto. il valore di ieri\u00a0 del rapporto contagi\/popolazione \u00e8 il pi\u00f9 alto in Veneto<\/p>\n<p><a class=\"dt-pswp-item\" href=\"https:\/\/www.radiopiu.net\/wordpress\/wp-content\/uploads\/2020\/04\/Schermata-2020-04-20-alle-19.10.52.png\" data-dt-img-description=\"\" data-large_image_width=\"718\" data-large_image_height=\"456\"><img loading=\"lazy\" decoding=\"async\" class=\"alignnone size-medium wp-image-131724\" src=\"https:\/\/www.radiopiu.net\/wordpress\/wp-content\/uploads\/2020\/04\/Schermata-2020-04-20-alle-19.10.52-300x191.png\" alt=\"\" width=\"300\" height=\"191\" srcset=\"https:\/\/www.radiopiu.net\/wordpress\/wp-content\/uploads\/2020\/04\/Schermata-2020-04-20-alle-19.10.52-300x191.png 300w, https:\/\/www.radiopiu.net\/wordpress\/wp-content\/uploads\/2020\/04\/Schermata-2020-04-20-alle-19.10.52.png 718w\" sizes=\"auto, (max-width: 300px) 100vw, 300px\" \/><\/a><a class=\"dt-pswp-item\" href=\"https:\/\/www.radiopiu.net\/wordpress\/wp-content\/uploads\/2020\/04\/bfdec649-3d01-495d-9561-4fe46b8148b3.jpg\" data-dt-img-description=\"\" data-large_image_width=\"714\" data-large_image_height=\"399\"><img loading=\"lazy\" decoding=\"async\" class=\"alignnone size-medium wp-image-131725\" src=\"https:\/\/www.radiopiu.net\/wordpress\/wp-content\/uploads\/2020\/04\/bfdec649-3d01-495d-9561-4fe46b8148b3-300x168.jpg\" alt=\"\" width=\"300\" height=\"168\" srcset=\"https:\/\/www.radiopiu.net\/wordpress\/wp-content\/uploads\/2020\/04\/bfdec649-3d01-495d-9561-4fe46b8148b3-300x168.jpg 300w, https:\/\/www.radiopiu.net\/wordpress\/wp-content\/uploads\/2020\/04\/bfdec649-3d01-495d-9561-4fe46b8148b3.jpg 714w\" sizes=\"auto, (max-width: 300px) 100vw, 300px\" \/><\/a><a class=\"dt-pswp-item\" href=\"https:\/\/www.radiopiu.net\/wordpress\/wp-content\/uploads\/2020\/04\/26aba453-7f5c-445b-b18c-93a818a1db38.jpg\" data-dt-img-description=\"\" data-large_image_width=\"772\" data-large_image_height=\"421\"><img loading=\"lazy\" decoding=\"async\" class=\"alignnone size-medium wp-image-131726\" src=\"https:\/\/www.radiopiu.net\/wordpress\/wp-content\/uploads\/2020\/04\/26aba453-7f5c-445b-b18c-93a818a1db38-300x164.jpg\" alt=\"\" width=\"300\" height=\"164\" srcset=\"https:\/\/www.radiopiu.net\/wordpress\/wp-content\/uploads\/2020\/04\/26aba453-7f5c-445b-b18c-93a818a1db38-300x164.jpg 300w, https:\/\/www.radiopiu.net\/wordpress\/wp-content\/uploads\/2020\/04\/26aba453-7f5c-445b-b18c-93a818a1db38-768x419.jpg 768w, https:\/\/www.radiopiu.net\/wordpress\/wp-content\/uploads\/2020\/04\/26aba453-7f5c-445b-b18c-93a818a1db38.jpg 772w\" sizes=\"auto, (max-width: 300px) 100vw, 300px\" \/><\/a><\/p>\n<p>&nbsp;<\/p>\n<hr \/>\n<p>&nbsp;<\/p>\n<\/div>\n<blockquote>\n<h3 class=\"entry-title\">MAPPA DEI CONTAGI RISPETTO ALLA POPOLAZIONE AL 18 APRILE<\/h3>\n<\/blockquote>\n<p><img decoding=\"async\" src=\"https:\/\/i1.wp.com\/www.radiopiu.net\/wordpress\/wp-content\/uploads\/2020\/04\/93930475_10157214719692544_2448246828915752960_n.jpg?resize=851%2C605&amp;ssl=1\" \/><\/p>\n<blockquote class=\"wp-embedded-content\" data-secret=\"G0fs0VfSS8\"><p><a href=\"https:\/\/www.radiopiu.net\/wordpress\/le-nuove-mappe\/\">LE NUOVE MAPPE  DEI CONTAGI, elaborazione Tiziano De Col<\/a><\/p><\/blockquote>\n<p><iframe loading=\"lazy\" title=\"&#8220;LE NUOVE MAPPE  DEI CONTAGI, elaborazione Tiziano De Col&#8221; &#8212; Radio Pi\u00f9\" class=\"wp-embedded-content\" sandbox=\"allow-scripts\" security=\"restricted\" style=\"position: absolute; clip: rect(1px, 1px, 1px, 1px);\" src=\"https:\/\/www.radiopiu.net\/wordpress\/le-nuove-mappe\/embed\/#?secret=G0fs0VfSS8\" data-secret=\"G0fs0VfSS8\" width=\"600\" height=\"338\" frameborder=\"0\" marginwidth=\"0\" marginheight=\"0\" scrolling=\"no\"><\/iframe><\/p>\n<p>&nbsp;<\/p>\n<p>&nbsp;<\/p>\n<p>&nbsp;<\/p>\n<hr \/>\n<p>&nbsp;<\/p>\n<blockquote>\n<h3>CAPITOLO &#8220;DE COCCIO&#8221;: 177 SANZIONI IN UNA SETTIMANA, 28 DOMENICA<\/h3>\n<\/blockquote>\n<p><strong>BELLUNO<\/strong> Riepilogo settimanale dalla Prefettura di Belluno per quanto riguarda le misure urgenti per il contenimento del COVID-19. 5097 i controlli a persone effettuati in 7 giorni e 177 sanzioni inflitte. Solo nella giornata di domenica 28 i verbali su 623 controlli. Si arriva a quota 900 infrazioni da inizio emergenza. Controlli anche per quanto riguarda le attivit\u00e0 commerciali. 7993 questa settimana e un titolare sanzionato. 1085 esercizi controllati ieri e tutto regolare.<\/p>\n<p><a class=\"dt-pswp-item\" href=\"https:\/\/www.radiopiu.net\/wordpress\/wp-content\/uploads\/2020\/04\/20.04_-_MONITORAGGIO_SETTIMANALE_DEI_SERVIZI_DI_CONTROLLO.jpg\" data-dt-img-description=\"\" data-large_image_width=\"1240\" data-large_image_height=\"1754\"><img loading=\"lazy\" decoding=\"async\" class=\"alignnone wp-image-131555\" src=\"https:\/\/www.radiopiu.net\/wordpress\/wp-content\/uploads\/2020\/04\/20.04_-_MONITORAGGIO_SETTIMANALE_DEI_SERVIZI_DI_CONTROLLO-724x1024.jpg\" alt=\"\" width=\"400\" height=\"566\" srcset=\"https:\/\/www.radiopiu.net\/wordpress\/wp-content\/uploads\/2020\/04\/20.04_-_MONITORAGGIO_SETTIMANALE_DEI_SERVIZI_DI_CONTROLLO-724x1024.jpg 724w, https:\/\/www.radiopiu.net\/wordpress\/wp-content\/uploads\/2020\/04\/20.04_-_MONITORAGGIO_SETTIMANALE_DEI_SERVIZI_DI_CONTROLLO-212x300.jpg 212w, https:\/\/www.radiopiu.net\/wordpress\/wp-content\/uploads\/2020\/04\/20.04_-_MONITORAGGIO_SETTIMANALE_DEI_SERVIZI_DI_CONTROLLO-768x1086.jpg 768w, https:\/\/www.radiopiu.net\/wordpress\/wp-content\/uploads\/2020\/04\/20.04_-_MONITORAGGIO_SETTIMANALE_DEI_SERVIZI_DI_CONTROLLO-1086x1536.jpg 1086w, https:\/\/www.radiopiu.net\/wordpress\/wp-content\/uploads\/2020\/04\/20.04_-_MONITORAGGIO_SETTIMANALE_DEI_SERVIZI_DI_CONTROLLO.jpg 1240w\" sizes=\"auto, (max-width: 400px) 100vw, 400px\" \/><\/a><\/p>\n<p>&nbsp;<\/p>\n<p>&nbsp;<\/p>\n<hr \/>\n<p>&nbsp;<\/p>\n<p>&nbsp;<\/p>\n<blockquote>\n<h2>BASTA ALLE VIDEORIPRESE PER STRAFOTTENZA E DISPREZZO DELLA DIVISA<\/h2>\n<\/blockquote>\n<p>&nbsp;<\/p>\n<p><strong>BELLUNO<\/strong> Interviene a ragione il Sap, Sindacato Autonomo di Polizia dopo gli ultimi due episodi in terra bellunese: prima due ragazzini che picchiano gli agenti al Parco Marianna, poi\u00a0 il bullo di Ponte nelle Alpi con cane e fidanzata al seguito che in piena trasgressione senza mascherina in luogo pubblico in un atto di totale irresponsabilit\u00e0 sfotte e offende i poliziotti in servizio. Episodi da censurare e condannare come da comunicato del Sap che pubblichiamo integralmente.<\/p>\n<p><em><img loading=\"lazy\" decoding=\"async\" class=\"alignleft\" src=\"https:\/\/www.radiopiu.net\/wordpress\/wp-content\/uploads\/2018\/03\/SAP-Sindacato-Autonomo-di-Polizia-sezione-Belluno-678x381.jpg\" width=\"228\" height=\"128\" \/>Stefano Paoloni,Segretario Generale del Sindacato Autonomo di Polizia, solleva il caso delle riprese video durante i controlli di Polizia. Troppa strafottenza, troppa mancanza di rispetto verso chi cerca di mantenere l\u2019ordine in un momento in cui \u00e8 a rischio la salute di tutta la popolazione: \u201cIn un tale momento di difficolt\u00e0 \u2013 sottolinea Paoloni &#8211; nel pieno di una pandemia, al solito la Polizia di Stato \u00e8 chiamata ad operare in prima linea. Un compito particolare, complesso, difficile e rischioso. Certo un rischio differente rispetto a quelli che abitualmente corriamo, ma come sempre, non ci tiriamo indietro\u201d. \u201cPer il bene del paese, ci impegniamo ad adempiere anche a questo compito nel modo migliore possibile \u2013 continua Paoloni- Nessuno nega ci possano essere stati eccessi di zelo, l\u2019importante \u00e8 capirlo e avere anche la capacit\u00e0 di rivederlo. Alcune situazioni possono essere fuorvianti, ed \u00e8 facile essere indotti in errore, le insidie sono sempre tante, ma cerchiamo sempre di svolgere il nostro nuovo compito con il massimo della professionalit\u00e0 e dell\u2019impegno\u201d. \u201cNon posso per\u00f2 non soffermarmi su un fenomeno di queste settimane che reputo offensivo e lesivo della dignit\u00e0 di ogni singolo poliziotto. Riprendere con i cellulari le fasi di un controllo di Polizia, farlo in modo sempre pi\u00f9 provocatorio, offensivo e lesivo non solo della divisa che indossiamo ma dello Stato che rappresentiamo \u00e8 cosa che deve essere immediatamente fermata. Mettendo spesso a repentaglio la nostra stessa salute, interveniamo sempre col massimo del rispetto di tutti, ma non voglio continuare ad assistere ad un fenomeno che si perpetra al limite del reato. Vedere colleghi presi in giro, e spesso affrontati con violenza, strafottenza e col pieno disinteresse della divisa che indossiamo, deve finire\u201d. \u201cIl ragazzo che si \u00e8 addirittura filmato per la bravata commessa fingendosi un infermiere ad un posto di blocco \u2013 conclude Paoloni &#8211; \u00e8 la punta dell\u2019iceberg di un fenomeno che tra l\u2019altro mi rattrista a livello umano! Nessun collega in divisa \u00e8 tenuto a dare il minimo conto riguardo le proprie generalit\u00e0. Anzi, suggerirei, di fronte a fatti reato come la resistenza, l\u2019oltraggio o il rifiuto di fornire le proprie generalit\u00e0, di operare col sequestro del dispositivo mobile come fonte di prova. La gente deve capire che siamo dalla stessa parte. Il nostro compito \u00e8 quello di controllare che vengano rispettate le regole per il bene comune. Chi non rispetta le Forze <\/em><em>dell\u2019Ordine non rispetta il proprio Paese, e farla franca non significa essere furbi, significa rischiare la propria salute e quella degli altri, ed essere una piccola persona\u201d.<\/em><\/p>\n<p>&nbsp;<\/p>\n<p>&nbsp;<\/p>\n<hr \/>\n<p>&nbsp;<\/p>\n<p>&nbsp;<\/p>\n<blockquote>\n<h3>LE COMUNICAZIONI DEI SINDACI, DA CENCENIGHE MAURO SOPPELSA<\/h3>\n<\/blockquote>\n<p><strong><a class=\"dt-pswp-item\" href=\"https:\/\/www.radiopiu.net\/wordpress\/wp-content\/uploads\/2018\/05\/Mauro-Soppelsa-libero-professionista-perito-edile-56-anni.jpg\" data-dt-img-description=\"\" data-large_image_width=\"1852\" data-large_image_height=\"2218\"><img loading=\"lazy\" decoding=\"async\" class=\"alignleft wp-image-48070\" src=\"https:\/\/www.radiopiu.net\/wordpress\/wp-content\/uploads\/2018\/05\/Mauro-Soppelsa-libero-professionista-perito-edile-56-anni-250x300.jpg\" alt=\"\" width=\"115\" height=\"138\" srcset=\"https:\/\/www.radiopiu.net\/wordpress\/wp-content\/uploads\/2018\/05\/Mauro-Soppelsa-libero-professionista-perito-edile-56-anni-250x300.jpg 250w, https:\/\/www.radiopiu.net\/wordpress\/wp-content\/uploads\/2018\/05\/Mauro-Soppelsa-libero-professionista-perito-edile-56-anni-768x920.jpg 768w, https:\/\/www.radiopiu.net\/wordpress\/wp-content\/uploads\/2018\/05\/Mauro-Soppelsa-libero-professionista-perito-edile-56-anni-855x1024.jpg 855w, https:\/\/www.radiopiu.net\/wordpress\/wp-content\/uploads\/2018\/05\/Mauro-Soppelsa-libero-professionista-perito-edile-56-anni.jpg 1852w\" sizes=\"auto, (max-width: 115px) 100vw, 115px\" \/><\/a>MAURO SOPPELSA SINDACO DI CENCENIGHE<\/strong><\/p>\n<audio class=\"wp-audio-shortcode\" id=\"audio-131521-7\" preload=\"none\" style=\"width: 100%;\" controls=\"controls\"><source type=\"audio\/mpeg\" src=\"https:\/\/www.radiopiu.net\/wordpress\/wp-content\/uploads\/2020\/04\/SOPPELSA-CENCENIGHE-.mp3?_=7\" \/><a href=\"https:\/\/www.radiopiu.net\/wordpress\/wp-content\/uploads\/2020\/04\/SOPPELSA-CENCENIGHE-.mp3\">https:\/\/www.radiopiu.net\/wordpress\/wp-content\/uploads\/2020\/04\/SOPPELSA-CENCENIGHE-.mp3<\/a><\/audio>\n<p>&nbsp;<\/p>\n<p>&nbsp;<\/p>\n<hr \/>\n<p>&nbsp;<\/p>\n<p>&nbsp;<\/p>\n<div class=\"page-title-head hgroup\">\n<blockquote>\n<h3 class=\"entry-title\">ESSILOR LUXOTTICA PRONTA PER LA RIPRESA SUPPORTANDO I DIPENDENTI<\/h3>\n<\/blockquote>\n<\/div>\n<div class=\"page-title-breadcrumbs\"><strong><a class=\"dt-pswp-item\" href=\"https:\/\/www.radiopiu.net\/wordpress\/wp-content\/uploads\/2020\/01\/NUOVA-INSEGNA-LUXOTTICA-scaled.jpg\" data-dt-img-description=\"\" data-large_image_width=\"2560\" data-large_image_height=\"1920\"><img loading=\"lazy\" decoding=\"async\" class=\"alignleft size-medium wp-image-113444\" src=\"https:\/\/www.radiopiu.net\/wordpress\/wp-content\/uploads\/2020\/01\/NUOVA-INSEGNA-LUXOTTICA-300x225.jpg\" alt=\"\" width=\"300\" height=\"225\" srcset=\"https:\/\/www.radiopiu.net\/wordpress\/wp-content\/uploads\/2020\/01\/NUOVA-INSEGNA-LUXOTTICA-300x225.jpg 300w, https:\/\/www.radiopiu.net\/wordpress\/wp-content\/uploads\/2020\/01\/NUOVA-INSEGNA-LUXOTTICA-1024x768.jpg 1024w, https:\/\/www.radiopiu.net\/wordpress\/wp-content\/uploads\/2020\/01\/NUOVA-INSEGNA-LUXOTTICA-768x576.jpg 768w, https:\/\/www.radiopiu.net\/wordpress\/wp-content\/uploads\/2020\/01\/NUOVA-INSEGNA-LUXOTTICA-1536x1152.jpg 1536w, https:\/\/www.radiopiu.net\/wordpress\/wp-content\/uploads\/2020\/01\/NUOVA-INSEGNA-LUXOTTICA-2048x1536.jpg 2048w\" sizes=\"auto, (max-width: 300px) 100vw, 300px\" \/><\/a>FRANCIA<\/strong>\u00a0EssilorLuxottica annuncia nuove misure per contrastare la pandemia di COVID-19 e preparare la ripresa.<br \/>\nIl business degli occhiali da vista e delle lenti oftalmiche rappresenta circa il 70% del fatturato della Societ\u00e0 e risponde al bisogno primario in tutto il mondo di vedere meglio. L\u2019esperienza delle precedenti crisi economiche suggerisce che gli acquisti di beni e servizi per la correzione della vista saranno differiti durante l\u2019emergenza, ma non annullati. In linea con la sua mission di aiutare il mondo a vedere meglio, vivere meglio e godere appieno della vita, la Societ\u00e0 ha le risorse necessarie per rispondere ad una domanda di mercato resiliente che \u00e8 oggi sospesa ma che si ripresenter\u00e0 non appena la situazione si stabilizzer\u00e0. Su queste basi EssilorLuxottica intende oggi assecondare il temporaneo calo dell\u2019attivit\u00e0 e preservare il suo bilancio aziendale, preparandosi a cogliere le opportunit\u00e0 nel settore dell\u2019eyewear e nell\u2019eyecare che si presenteranno nella seconda met\u00e0 dell\u2019anno. Il Consiglio di Amministrazione di EssilorLuxottica ha deciso di non porre alcun dividendo all\u2019approvazione dell\u2019Assemblea degli azionisti del 25 giugno 2020. Ha inoltre concordato la possibilit\u00e0 di rivalutare nella seconda met\u00e0 dell\u2019anno lo stato del business e l\u2019efficacia delle misure adottate per affrontare l\u2019epidemia di COVID-19. Se il recupero sar\u00e0 sufficientemente solido, il Consiglio di Amministrazione potr\u00e0 proporre un dividendo eccezionale da porre in pagamento entro la fine del 2020. Il Consiglio di Amministrazione inoltre ha chiesto al direttivo di lavorare su una serie di misure volte a ridurre tutte le spese operative e di cassa, come il taglio o il posticipo dei compensi del gruppo dirigente. Il Consiglio di Amministrazione ha votato a favore dell\u2019applicazione di una simile misura ai suoi membri, riducendo i loro compensi del 50%. Infine, in linea con i valori di Essilor e Luxottica, il Consiglio di Amministrazione ha approvato la costituzione di un fondo anti COVID-19 da 100 milioni di Euro per proteggere il capitale umano della Societ\u00e0. Questo fondo sosterr\u00e0 i dipendenti in difficolt\u00e0 e le loro famiglie.<\/div>\n<div><\/div>\n<div><\/div>\n<div><\/div>\n<div>\n<hr \/>\n<\/div>\n<p>&nbsp;<\/p>\n<blockquote>\n<h3 class=\"entry-title\">DE MENECH PLAUDE ALLE DECISIONI DI LUXOTTICA DOPO LA NOTIZIA DATA ALLA RADIO<\/h3>\n<\/blockquote>\n<p><strong><a class=\"dt-pswp-item\" href=\"https:\/\/www.radiopiu.net\/wordpress\/wp-content\/uploads\/2018\/05\/Roger_De_Menech_daticamera.jpg\" data-dt-img-description=\"\" data-large_image_width=\"165\" data-large_image_height=\"228\"><img loading=\"lazy\" decoding=\"async\" class=\"alignleft wp-image-49599\" src=\"https:\/\/www.radiopiu.net\/wordpress\/wp-content\/uploads\/2018\/05\/Roger_De_Menech_daticamera.jpg\" alt=\"\" width=\"84\" height=\"116\" \/><\/a>ROMA<\/strong> \u00abAncora una volta la dirigenza di Luxottica dimostra di essere all\u2019altezza della situazione e capace di anticipare i tempi con misure volontarie per tutelare i lavoratori e l\u2019azienda\u00bb. Il deputato bellunese Roger De Menech plaude all\u2019iniziativa del gruppo di non distribuire alcun dividendo e di ridurre le spese di cassa tagliando i compensi dei dirigenti e dimezzando quelli dei componenti del Consiglio di amministrazione.\u00a0 Luxottica ha deciso inoltre di costituire un fondo da 100 milioni di euro per la protezione dei propri dipendenti e sostenere quelli in difficolt\u00e0.\u00a0 \u00abAnche in un frangente drammatico e straordinario, emerge l\u2019eccellenza di Luxottica\u00bb, conclude il deputato. \u00abAuspico che questo esempio sia di ispirazione per l\u2019intera classe dirigente e imprenditoriale italiana\u00bb.<\/p>\n<p><strong>dalla rassegna stampa della otto<\/strong><\/p>\n<audio class=\"wp-audio-shortcode\" id=\"audio-131521-8\" preload=\"none\" style=\"width: 100%;\" controls=\"controls\"><source type=\"audio\/mpeg\" src=\"https:\/\/www.radiopiu.net\/wordpress\/wp-content\/uploads\/2020\/04\/DE-MENECH.mp3?_=8\" \/><a href=\"https:\/\/www.radiopiu.net\/wordpress\/wp-content\/uploads\/2020\/04\/DE-MENECH.mp3\">https:\/\/www.radiopiu.net\/wordpress\/wp-content\/uploads\/2020\/04\/DE-MENECH.mp3<\/a><\/audio>\n<p>&nbsp;<\/p>\n<p>&nbsp;<\/p>\n<hr \/>\n<p>&nbsp;<\/p>\n<blockquote>\n<h1><\/h1>\n<h1>IERI SERA CONSIGLIO COMUNALE A CANALE D&#8217;AGORDO, IN DIRETTA SUI CANALI DI RADIO PIU<\/h1>\n<\/blockquote>\n<h2><span style=\"color: #0000ff;\"><a style=\"color: #0000ff;\" href=\"https:\/\/www.facebook.com\/nicolo.bogo\/videos\/10216149005301500\/\">PER ACCEDERE AL VIDEO CLICCA QUI<\/a><\/span><\/h2>\n<h2><span style=\"color: #0000ff;\"><a style=\"color: #0000ff;\" href=\"https:\/\/www.facebook.com\/massimo.murer.9\/videos\/2928916830562337\/\">SECONDA PARTE<\/a><\/span><\/h2>\n<p>&nbsp;<\/p>\n<p>&nbsp;<\/p>\n<p>&nbsp;<\/p>\n<hr \/>\n<p>&nbsp;<\/p>\n<p>&nbsp;<\/p>\n<blockquote>\n<h2>Riabilitazione cardiologica: ginnastica online<\/h2>\n<\/blockquote>\n<p><strong>FELTRE\u00a0<\/strong> La cardiologia riabilitativa e dlelo sport di Feltre ha realizzato dei video con dei consigli pratici per ridurre il rischio cardiovascolare attraverso il movimento, diffusi attraverso youtube e facebook.Una vera e propria seduta di allenamento. \u00abE\u2019 chiaro che la ridotta mobilit\u00e0 indotta dall\u2019emergenza sanitaria inerente il COVID-19 sta comportando conseguenze fisiche e psicologiche sia in adulti che bambini. A tale proposito organizzazioni, enti, associazioni e societ\u00e0 nazionali e sovranazionali (UN, WHO, ACC-AHA, ESC, ecc.) stanno promuovendo attivit\u00e0 edesercizio fisico nella popolazione generale utilizzando al meglio gli strumenti mediali disponibili. Il perosonale dedicato della UOC di Cardiologia ed UCIC \u2013 UOS Cardiologia dello Sport e Riabilitativa intende rendere fruibili le proprie lezioni tramite i canali mediali dell\u2019ULSS1 Dolomiti\u00bb, spiega il responsabile della UO Christian Piergentili Come risultato ci si attende di ottenere il miglioramento della qualit\u00e0 della vita della popolazione, la riduzione della sedentariet\u00e0 e la riduzione dello stress conseguente al cambiamento delle abitudini e degli stili di vita. In questo momento l\u2019educazione fornita dai servizi di Cardiologia Riabilitativa ai portatori di cardiopatia ischemica cronica (CI) pu\u00f2 essere resa disponibili agli stessi ed alla popolazione generale favorendo in tutta la popolazione una riduzione della sedentariet\u00e0, considerata un Fattore di Rischio cardiovascolare al pari di ipertensione arteriosa, dislipidemia, diabete mellito, ipertrigliceridemia ed obesit\u00e0. L\u2019iniziativa rientra nell\u2019ambito della promozione della educazione all\u2019 autocura (sui pazienti e care-givers) seguito da una rete di rilevazione dei parametri.\u00a0 Il primo video \u00e8 sul canale youtube dell\u2019Ulss 1 Dolomiti a questo link https:\/\/youtu.be\/t0bjxm_LYVY<\/p>\n<p>&nbsp;<\/p>\n<hr \/>\n<p>&nbsp;<\/p>\n<blockquote>\n<h3 class=\"p1\"><span class=\"s1\">OK AL PRIMO ITS MECCATRONICO NEL BELLUNESE<\/span><\/h3>\n<\/blockquote>\n<p class=\"p1\"><span class=\"s1\"><strong><a class=\"dt-pswp-item\" href=\"https:\/\/www.radiopiu.net\/wordpress\/wp-content\/uploads\/2015\/10\/Confindustria_BL.gif\" data-dt-img-description=\"\" data-large_image_width=\"793\" data-large_image_height=\"211\"><img loading=\"lazy\" decoding=\"async\" class=\"alignleft size-medium wp-image-12471\" src=\"https:\/\/www.radiopiu.net\/wordpress\/wp-content\/uploads\/2015\/10\/Confindustria_BL-300x80.gif\" alt=\"\" width=\"300\" height=\"80\" \/><\/a>BELLUNO<\/strong> Il mondo industriale bellunese guarda oltre il virus e continua a scommettere nella formazione, segnando un altro punto a favore del sistema formativo del territorio. <\/span><span class=\"s1\">La Fondazione ITS Academy Meccatronico del Veneto ha infatti inserito nel bando 2020-2021 il corso \u201cTecnico superiore per l\u2019automazione e i sistemi meccatronici\u201d, previsto in autunno a Belluno. Si tratta di un corso post-maturit\u00e0, biennale, che prevede duemila ore di formazione, 1200 in aula, 800 in azienda, e rivolto a tutte le persone con diploma di scuola secondaria di secondo grado, studenti, inoccupati, disoccupati. <\/span><span class=\"s1\">Il percorso \u00e8 finanziato da Regione del Veneto, attraverso il Fondo Sociale Europeo, e dal Miur. <\/span><span class=\"s1\">L\u2019iniziativa \u00e8 partita da Confindustria Belluno Dolomiti, che nel corso dell\u2019ultimo anno ha raccolto i fabbisogni delle imprese, stimolato gli studenti e contattato tutte le parti istituzionali, a cominciare proprio dalla Fondazione ITS Academy Meccatronico, presente in tutte le principali citt\u00e0 del Veneto con corsi all\u2019avanguardia e di estrema efficacia come dimostra il 98 per cento di tasso di occupabilit\u00e0 dei corsisti, uno dei pi\u00f9 alti a livello nazionale. Sono poi oltre 180 \u2013 in tutto il Veneto &#8211; le aziende aderenti che aprono le loro porte agli studenti per i periodi di tirocinio.<\/span><\/p>\n<p>&nbsp;<\/p>\n<p>&nbsp;<\/p>\n<p>&nbsp;<\/p>\n<hr \/>\n<p>&nbsp;<\/p>\n<p>&nbsp;<\/p>\n<p>&nbsp;<\/p>\n<blockquote>\n<h3>ACCORDO TRA LONGARONE FIERE E CGIA DI MESTRE PER ANALIZZARE I NUMERI DEL GELATO ARTIGIANALE IN ITALIA<\/h3>\n<\/blockquote>\n<p><a class=\"dt-pswp-item\" href=\"https:\/\/www.radiopiu.net\/wordpress\/wp-content\/uploads\/2020\/04\/Numeri-gelateria-in-Italia.jpg\" data-dt-img-description=\"\" data-large_image_width=\"2500\" data-large_image_height=\"1232\"><img loading=\"lazy\" decoding=\"async\" class=\"alignleft wp-image-131582 size-medium\" src=\"https:\/\/www.radiopiu.net\/wordpress\/wp-content\/uploads\/2020\/04\/Numeri-gelateria-in-Italia-300x148.jpg\" alt=\"\" width=\"300\" height=\"148\" srcset=\"https:\/\/www.radiopiu.net\/wordpress\/wp-content\/uploads\/2020\/04\/Numeri-gelateria-in-Italia-300x148.jpg 300w, https:\/\/www.radiopiu.net\/wordpress\/wp-content\/uploads\/2020\/04\/Numeri-gelateria-in-Italia-1024x505.jpg 1024w, https:\/\/www.radiopiu.net\/wordpress\/wp-content\/uploads\/2020\/04\/Numeri-gelateria-in-Italia-768x378.jpg 768w, https:\/\/www.radiopiu.net\/wordpress\/wp-content\/uploads\/2020\/04\/Numeri-gelateria-in-Italia-1536x757.jpg 1536w, https:\/\/www.radiopiu.net\/wordpress\/wp-content\/uploads\/2020\/04\/Numeri-gelateria-in-Italia-2048x1009.jpg 2048w\" sizes=\"auto, (max-width: 300px) 100vw, 300px\" \/><\/a><strong>LONGARONE<\/strong> <span class=\"s1\">Come noto, nonostante il gelato artigianale sia uno dei prodotti pi\u00f9 amati,<span class=\"Apple-converted-space\">\u00a0 <\/span>sinonimo di genuinit\u00e0, tradizione e prodotto di punta del nostro Made in Italy, \u00e8 assai difficile cogliere con precisione le dimensioni e la consistenza del settore. Mentre vi sono dati sufficientemente attendibili sulla produzione industriale di gelati, per quanto riguarda il gelato artigianale, all\u2019inizio di ogni stagione si leggono cifre a volte contrastanti, dal numero di gelaterie artigianali al numero di addetti, fino al fatturato. <\/span><span class=\"s1\">Le principali difficolt\u00e0 nel reperire questi numeri con precisione sono legate al fatto che gli attuali codici (ATECO) con i quali l\u2019attivit\u00e0 viene inquadrata a livello di Camere di Commercio si riferiscono sia ai laboratori di gelateria sia di pasticceria, senza distinzione. Inoltre si tratta di un settore trasversale in quanto il laboratorio di gelateria pu\u00f2 anche rappresentare un\u2019attivit\u00e0 secondaria all\u2019interno di un diverso esercizio di somministrazione di alimenti o bevande (bar, pasticcerie, ristoranti, ecc.). <\/span><span class=\"s1\">Per far luce a questo riguardo, Longarone Fiere, organizzatrice della MIG \u2013 Mostra Internazionale del Gelato Artigianale, ha deciso di rivolgersi al Centro Studi della CGIA di Mestre &#8211; autorevole struttura, certamente una delle pi\u00f9 qualificate in Italia, nota per le attente analisi che periodicamente diffonde sugli scenari sociali ed economici del nostro Paese &#8211; affinch\u00e9 sia realizzata una indagine approfondita. <\/span><span class=\"s1\">\u201c<em>Come Mostra Internazionale del Gelato Artigianale di Longarone \u2013 sottolinea il Presidente di Longarone Fiere, Gian Angelo Bellati \u2013 abbiamo rilevato spesso la mancanza di numeri attendibili sul gelato artigianale e riteniamo che avere un dato definito sulla consistenza del comparto in Italia sia uno degli aspetti indispensabili per coloro i quali intendono intraprendere consapevolmente un\u2019attivit\u00e0 economica in questo settore e vogliano elaborare un piano di impresa. Riteniamo che questo studio sar\u00e0 inoltre estremamente utile anche per una valutazione delle ripercussioni sul settore a seguito della grave crisi dovuta a Covid -19<\/em>\u201d. <\/span><span class=\"s1\">I principali contenuti della ricerca vengono evidenziati da Renato Mason, Segretario della CGIA di Mestre: \u201c<em>Con questo lavoro ci poniamo l\u2019obbiettivo di cogliere le dimensioni in Italia del comparto rappresentato dai laboratori artigianali di gelato, mettendo in ordine le informazioni attualmente disponibili. Si partir\u00e0 dalla raccolta dei dati ufficiali<span class=\"Apple-converted-space\">\u00a0 <\/span>per poi passare a delle elaborazioni che consentano di avere un quadro attendibile riguardo al numero di laboratori artigiani e dei relativi addetti, cos\u00ec come il<span class=\"Apple-converted-space\">\u00a0 <\/span>numero del potenziali punti vendita di gelato artigianale e le stime economiche volte alla quantificazione del relativo fatturato<\/em>\u201d. <\/span><span class=\"s1\">Con l\u2019occasione sia la MIG di Longarone che la CGIA di Mestre si augurano che le gelaterie, superato l\u2019attuale difficile momento, possano riprendere quanto prima la loro attivit\u00e0.<\/span><\/p>\n<p>&nbsp;<\/p>\n<p>&nbsp;<\/p>\n<p>&nbsp;<\/p>\n<hr \/>\n<p>&nbsp;<\/p>\n<p>&nbsp;<\/p>\n<p>&nbsp;<\/p>\n<p>&nbsp;<\/p>\n<blockquote>\n<h3>MASCHERINE PER GLI ABITANTI DI TAIBON E LA FORZA DEL VOLONTARIATO<\/h3>\n<\/blockquote>\n<p><strong><a class=\"dt-pswp-item\" href=\"https:\/\/www.radiopiu.net\/wordpress\/wp-content\/uploads\/2019\/05\/TAIBON-SILVIA-TORMEN.jpeg\" data-dt-img-description=\"\" data-large_image_width=\"1062\" data-large_image_height=\"1600\"><img loading=\"lazy\" decoding=\"async\" class=\"alignleft wp-image-86482\" src=\"https:\/\/www.radiopiu.net\/wordpress\/wp-content\/uploads\/2019\/05\/TAIBON-SILVIA-TORMEN-199x300.jpeg\" alt=\"\" width=\"131\" height=\"197\" srcset=\"https:\/\/www.radiopiu.net\/wordpress\/wp-content\/uploads\/2019\/05\/TAIBON-SILVIA-TORMEN-199x300.jpeg 199w, https:\/\/www.radiopiu.net\/wordpress\/wp-content\/uploads\/2019\/05\/TAIBON-SILVIA-TORMEN-768x1157.jpeg 768w, https:\/\/www.radiopiu.net\/wordpress\/wp-content\/uploads\/2019\/05\/TAIBON-SILVIA-TORMEN-680x1024.jpeg 680w, https:\/\/www.radiopiu.net\/wordpress\/wp-content\/uploads\/2019\/05\/TAIBON-SILVIA-TORMEN.jpeg 1062w\" sizes=\"auto, (max-width: 131px) 100vw, 131px\" \/><\/a>TAIBON<\/strong> Sono arrivate nelle case degli abitanti di Taibon 4 mascherine a testa acquistate dal Comune in collaborazione con le associazioni del territorio. Una bella sorpresa che sancisce l&#8217;unione tra le genti del paese. I dispositivi di protezioni sono accompagnati da una lettera a firma del sindaco, Silvia Tormen.<\/p>\n<blockquote><p><em>&#8220;Carissimi concittadini, terminata la consegna degli schermi protettivi donati dalla Regione, abbiamo deciso di destinare le risorse che avevamo disponibili nel nostro bilancio all&#8217;acquisto di mascherine chirurgiche da distribuire a tutti voi, considerato l&#8217;obbligo vigente di indossarle al di fuori della propria abitazione e la contestuale perdurante difficolt\u00e0 di reperimento delle stesse. Si sono da subito unite a noi per la realizzazione di questo progetto le associazioni Proloco, Gruppo Sportivo, Riserva Alpina di Caccia e Castelani, che, con il loro fondamentale contributo hanno consentito di raggiungere la cifra di 4 mascherine per abitante. Ricordiamoci tutti di essere loro grati perch\u00e8 il Comune, da solo, non avrebbe potuto economicamente conseguire questo risultato in cos\u00ec breve tempo. Inoltre, un grosso grazie anche ai Consiglieri comunali e ai Volontari del costituendo Gruppo di Protezione Civile Comunale che si sono prodigati nelle operazioni di confezionamento; alle associazioni Pompieri Volontari di Agordo e Castelani che si sono incaricati della distribuzione presso le abitazioni&#8221;<\/em><\/p><\/blockquote>\n<p>&nbsp;<\/p>\n<p>&nbsp;<\/p>\n<hr \/>\n<p>&nbsp;<\/p>\n<p>&nbsp;<\/p>\n<blockquote>\n<h3>PD: GIUSTO IL RINVIO DEL VOTO A SETTEMBRE, GARANZIA PER LA SALUTE E LA DEMOCRAZIA<\/h3>\n<\/blockquote>\n<p><em><strong><a class=\"dt-pswp-item\" href=\"https:\/\/www.radiopiu.net\/wordpress\/wp-content\/uploads\/2018\/11\/PD.png\" data-dt-img-description=\"\" data-large_image_width=\"226\" data-large_image_height=\"182\"><img loading=\"lazy\" decoding=\"async\" class=\"alignleft size-full wp-image-67744\" src=\"https:\/\/www.radiopiu.net\/wordpress\/wp-content\/uploads\/2018\/11\/PD.png\" alt=\"\" width=\"226\" height=\"182\" \/><\/a>Fracasso (PD): \u201cGiusta la scelta di rinviare il voto a settembre: \u00e8 una garanzia per la salute e la democrazia.In autunno election day con Comunali e referendum\u201d<\/strong><\/em><\/p>\n<p><strong>VENEZIA<\/strong> \u201c<em>Votare a settembre \u00e8 una scelta di garanzia sia per la salute che per la democrazia. Avevamo subito evidenziato la pericolosit\u00e0 di \u2018fughe in avanti\u2019 con la chiamata alle urne per luglio desiderata da Zaia, pericolosit\u00e0 ribadita anche dalla comunit\u00e0 scientifica: dobbiamo evitare una nuova impennata di contagi. Adesso speriamo si trovi l\u2019accordo per un election day\u201d. Cos\u00ec il capogruppo del Partito Democratico Stefano Fracasso commenta la decisione del Governo di far slittare le elezioni regionali in autunno, con una finestra temporale compresa tra settembre e dicembre. Fracasso auspica le elezioni in un solo giorno evitando di chiamare i cittadini tre volte ai seggi in poco tempo per Regionali, Comunali e referendum sul taglio dei parlamentari. &#8220;Dobbiamo evitare uno spreco di soldi e di moltiplicare le occasioni di assembramento. Non \u00e8 solo una questione di salute<\/em>&#8221;<\/p>\n<p>&nbsp;<\/p>\n<p>&nbsp;<\/p>\n<hr \/>\n<p>&nbsp;<\/p>\n<p>&nbsp;<\/p>\n<blockquote>\n<h3>CORONAVIRUS: SAVIANE (LEGA), PD TENTA SCIPPO A REGIONI SU CONCESSIONI IDRICHE, VERGOGNA<\/h3>\n<\/blockquote>\n<p><strong><a class=\"dt-pswp-item\" href=\"https:\/\/www.radiopiu.net\/wordpress\/wp-content\/uploads\/2018\/06\/00032712.jpg\" data-dt-img-description=\"\" data-large_image_width=\"180\" data-large_image_height=\"240\"><img loading=\"lazy\" decoding=\"async\" class=\"alignleft size-full wp-image-50936\" src=\"https:\/\/www.radiopiu.net\/wordpress\/wp-content\/uploads\/2018\/06\/00032712.jpg\" alt=\"\" width=\"180\" height=\"240\" \/><\/a>ROMA<\/strong> &#8220;Il tentativo del Pd e del deputato De Menech che, con un suo ememdamento al Cura Italia in discussione alla Camera, prova ad annullare il passaggio alle regioni anzich\u00e9 allo Stato delle concessioni idriche una volta scadute, come ottenuto dalla Lega nella discussione al Senato, \u00e8 doppiamente vergognoso. In primis perch\u00e9, cos\u00ec facendo, si favoriranno le grandi imprese private a danno dei veneti e dei bellunesi in particolare e, in secondo luogo, perch\u00e9 si tenta di sfruttare l&#8217;emergenza coronavirus, riaprendo un provvedimento blindato e gi\u00e0 approvato al Senato, rallentando cos\u00ec la sua applicazione. Con questo modo di agire, il Pd si fa barba della raccomandazione autorevole del Presidente Casellati che, durante il dibattito al Senato, rese inammissibile tutti gli emendamenti senza attinenza con l\u2019emergenza Coronavirus, per evitare cos\u00ec che il provvedimento si trasformasse in una seconda Finanziaria. E invece no, l&#8217;imbarazzante assalto alla diligenza della sinistra, obbligher\u00e0 il Cura Italia ad un ulteriore passaggio in Senato, rallentando cos\u00ec gli altri decreti collegati come il &#8220;Liquidit\u00e0&#8221;, ampiamente atteso dalle imprese. Ora la parola passa al Presidente Fico che, secondo noi, non dovrebbe avere difficolt\u00e0 nel non trovare alcuna connessione tra le concessioni idriche e emergenza Covid-19, disponendo l&#8217;inammisibilit\u00e0 dell&#8217;emendamento. La Lega continuer\u00e0 la sua battaglia a favore dei Veneti e dei Bellunesi: a loro assicuriamo la nostra vigilanza e la censura di qualunque passo non corretto e non in loro favore&#8221;.\u00a0Cos\u00ec il senatore della Lega Paolo Saviane.<\/p>\n<p>&nbsp;<\/p>\n<p>&nbsp;<\/p>\n<hr \/>\n<p>&nbsp;<\/p>\n<p>&nbsp;<\/p>\n<blockquote>\n<h3><span style=\"font-size: large;\">AZZALIN (PD): \u201cZAIA METTA LA FACCIA SU UNA VARIAZIONE DI BILANCIO RIDICOLA\u201d<\/span><\/h3>\n<\/blockquote>\n<p><strong><a class=\"dt-pswp-item\" href=\"https:\/\/www.radiopiu.net\/wordpress\/wp-content\/uploads\/2020\/04\/GRAZIANO-AZZALIN.jpg\" data-dt-img-description=\"\" data-large_image_width=\"287\" data-large_image_height=\"176\"><img loading=\"lazy\" decoding=\"async\" class=\"alignleft size-full wp-image-128505\" src=\"https:\/\/www.radiopiu.net\/wordpress\/wp-content\/uploads\/2020\/04\/GRAZIANO-AZZALIN.jpg\" alt=\"\" width=\"287\" height=\"176\" \/><\/a>VENEZIA<\/strong> \u201cInvece di fare conferenze stampa in cui un giorno dice una cosa e quello dopo l\u2019esatto opposto, Zaia metta la faccia su una variazione di bilancio ridicola. Spostare 12,8 milioni su un bilancio che, tolta la sanit\u00e0, vale sette miliardi \u00e8 offensivo: basti pensare a quasi 320 milioni dell\u2019Emilia Romagna o ai 400 destinati alle aziende del Lazio\u201d. Graziano Azzalin, consigliere del Partito Democratico, va all\u2019attacco del Pdl della Giunta in discussione domani nella seduta online dell\u2019assemblea di Palazzo Ferro Fini. \u201cQuelle del Veneto sono briciole, a voler essere generosi \u00e8 una variazione che avr\u00e0 effetti omeopatici. Occorre riscrivere l\u2019intero bilancio e intervenire in modo robusto con\u00a0 stanziamenti veri che diano liquidit\u00e0 alle imprese\u00a0 e garantire un sostegno agli enti locali, con norme che semplifichino le procedure. Zaia dovrebbe dare risposte su questo, anzich\u00e9 straparlare di tutto e su tutto improvvisandosi esperto, al solo scopo di monopolizzare l\u2019attenzione dei media in vista delle elezioni che vorrebbe si svolgessero gi\u00e0 a luglio appena usciti dall\u2019emergenza. Fregandosene sia del lato sanitario, con il rischio di un nuovo esplodere di contagi, che delle regole pi\u00f9 elementari della democrazia\u201d, insiste Azzalin che replica anche all\u2019assessore allo Sviluppo economico Roberto Marcato: \u201cDovrebbe preoccuparsi di cosa ha previsto il suo assessorato per le imprese venete invece di soccorrere Zaia sulla data delle elezioni. Non \u00e8 il Partito Democratico a mettere in guardia sui pericoli del voto a luglio, ma il professore Pal\u00f9, membro della task force anti-Covid, voluta dal presidente. Non si ascolta il parere della comunit\u00e0 scientifica solo quando fa comodo. Ribadisco che \u00e8 anzitutto una questione di salute pubblica e non solo di regole democratiche. La pensava cos\u00ec anche l\u2019assessore Marcato che poco pi\u00f9 di un mese fa dichiarava alla stampa: \u2018Mi pongo il problema nel rispetto degli altri competitor rispetto alla Lega, con il governatore Luca Zaia inevitabilmente al centro dell\u2019attenzione dei media\u2019. Cosa o chi gli ha fatto cambiare idea?\u201d.<\/p>\n<p>&nbsp;<\/p>\n<p>&nbsp;<\/p>\n<hr \/>\n<p>&nbsp;<\/p>\n<p>&nbsp;<\/p>\n<blockquote>\n<h2><strong>Regionali, D&#8217;Inc\u00e0: &#8220;Al voto dopo l&#8217;estate. Possibile un Election day&#8221;<\/strong><\/h2>\n<\/blockquote>\n<p><strong><a class=\"dt-pswp-item\" href=\"https:\/\/www.radiopiu.net\/wordpress\/wp-content\/uploads\/2018\/07\/DInc\u00e0-festa-vitalizi.jpg\" data-dt-img-description=\"\" data-large_image_width=\"1264\" data-large_image_height=\"1280\"><img loading=\"lazy\" decoding=\"async\" class=\"wp-image-53845 alignleft\" src=\"https:\/\/www.radiopiu.net\/wordpress\/wp-content\/uploads\/2018\/07\/DInc\u00e0-festa-vitalizi-1011x1024.jpg\" alt=\"\" width=\"208\" height=\"211\" srcset=\"https:\/\/www.radiopiu.net\/wordpress\/wp-content\/uploads\/2018\/07\/DInc\u00e0-festa-vitalizi-1011x1024.jpg 1011w, https:\/\/www.radiopiu.net\/wordpress\/wp-content\/uploads\/2018\/07\/DInc\u00e0-festa-vitalizi-296x300.jpg 296w, https:\/\/www.radiopiu.net\/wordpress\/wp-content\/uploads\/2018\/07\/DInc\u00e0-festa-vitalizi-768x778.jpg 768w, https:\/\/www.radiopiu.net\/wordpress\/wp-content\/uploads\/2018\/07\/DInc\u00e0-festa-vitalizi.jpg 1264w\" sizes=\"auto, (max-width: 208px) 100vw, 208px\" \/><\/a>ROMA\u00a0<\/strong> &#8220;A causa della difficile situazione legata al Covid-19, il Consiglio dei Ministri ha ritenuto opportuno posticipare anche le prossime elezioni amministrative e regionali, cos\u00ec come gi\u00e0 previsto per il rinvio del referendum costituzionale sulla riduzione del numero dei parlamentari. In questo modo si garantir\u00e0 al meglio il diritto dei cittadini alla partecipazione democratica, ma anche le esigenze delle amministrazioni regionali e comunali per contrastare l\u2019epidemia&#8221;. Lo dichiara Federico D&#8217;Inc\u00e0, Ministro per i Rapporti con il Parlamento e le riforme in merito al rinvio delle elezioni amministrative e regionali, in seguito alla decisione del Consiglio dei Ministri. &#8220;Del resto &#8211; prosegue D&#8217;Inc\u00e0 &#8211; lo svolgimento delle elezioni richiede non solo che sussistano condizioni di sicurezza sanitaria il giorno fissato per il voto, ma anche che sia assicurato il pieno ed effettivo esercizio dei diritti politici nella fase precedente, durante la quale si raccolgono le firme per presentare le candidature e si svolge la campagna elettorale. Queste condizioni non sono compatibili con la convocazione di elezioni prima di settembre&#8221;. &#8220;Per questo &#8211; osserva il Ministro D&#8217;Inc\u00e0 &#8211; la durata degli organi regionali di Campania, Liguria, Marche, Puglia, Toscana e Veneto, fissata in 5 anni, viene allungata di ulteriori 3 mesi, cos\u00ec che gli attuali organi regionali possano rimanere in carica. La scadenza degli organi regionali \u00e8 pertanto prorogata dal 31 maggio al 31 agosto. Le elezioni saranno indette dai presidenti regionali al pi\u00f9 presto per domenica 6 settembre e, al pi\u00f9 tardi, per domenica 1\u00b0 novembre. Le elezioni amministrative si terranno tra il 15 settembre ed il 15 dicembre&#8221;. Secondo D&#8217;Inc\u00e0, questa soluzione consentirebbe un possibile &#8216;Election Day&#8217;: &#8220;A seguito del decreto, dunque, si apre la possibilit\u00e0 per una convocazione di tutte le consultazioni elettorali per la seconda met\u00e0 di settembre in un unico &#8216;Election Day&#8217; che consentirebbe di raggruppare tutte le consultazioni elettorali in un\u2019unica data. In questo modo si metterebbe al centro la salute dei cittadini, oltre a rendere possibile un risparmio economico per le casse dello Stato, garantendo anche il pieno esercizio dei diritti politici e provocando un minore impatto sull\u2019anno scolastico 2021, dal momento che le scuole, come sappiamo, sono in gran numero una sede di seggio&#8221;.<\/p>\n<p>&nbsp;<\/p>\n<p>&nbsp;<\/p>\n<hr \/>\n<p>&nbsp;<\/p>\n<p>&nbsp;<\/p>\n<blockquote>\n<h3>NASCE IL GRUPPO DI PROTEZIONE CIVILE A SAN TOMASO<\/h3>\n<\/blockquote>\n<p><a class=\"dt-pswp-item\" href=\"https:\/\/www.radiopiu.net\/wordpress\/wp-content\/uploads\/2018\/10\/prot-civ.jpg\" data-dt-img-description=\"\" data-large_image_width=\"450\" data-large_image_height=\"458\"><img loading=\"lazy\" decoding=\"async\" class=\" wp-image-65443 alignleft\" src=\"https:\/\/www.radiopiu.net\/wordpress\/wp-content\/uploads\/2018\/10\/prot-civ-295x300.jpg\" alt=\"\" width=\"169\" height=\"172\" srcset=\"https:\/\/www.radiopiu.net\/wordpress\/wp-content\/uploads\/2018\/10\/prot-civ-295x300.jpg 295w, https:\/\/www.radiopiu.net\/wordpress\/wp-content\/uploads\/2018\/10\/prot-civ.jpg 450w\" sizes=\"auto, (max-width: 169px) 100vw, 169px\" \/><\/a>di Gianni Santomaso<\/p>\n<audio class=\"wp-audio-shortcode\" id=\"audio-131521-9\" preload=\"none\" style=\"width: 100%;\" controls=\"controls\"><source type=\"audio\/mpeg\" src=\"https:\/\/www.radiopiu.net\/wordpress\/wp-content\/uploads\/2020\/04\/GIANNI-SANTOMASO-NASCE-IL-GRUPPO-DI-PROTEZIONE-CIVILE-A-SAN-TOMASO.mp3?_=9\" \/><a href=\"https:\/\/www.radiopiu.net\/wordpress\/wp-content\/uploads\/2020\/04\/GIANNI-SANTOMASO-NASCE-IL-GRUPPO-DI-PROTEZIONE-CIVILE-A-SAN-TOMASO.mp3\">https:\/\/www.radiopiu.net\/wordpress\/wp-content\/uploads\/2020\/04\/GIANNI-SANTOMASO-NASCE-IL-GRUPPO-DI-PROTEZIONE-CIVILE-A-SAN-TOMASO.mp3<\/a><\/audio>\n<p>&nbsp;<\/p>\n<p>&nbsp;<\/p>\n<hr \/>\n<p>&nbsp;<\/p>\n<p>&nbsp;<\/p>\n<blockquote class=\"wp-embedded-content\" data-secret=\"WqDOD2n7G6\"><p><a href=\"https:\/\/www.radiopiu.net\/wordpress\/lamonese-quero-e-santa-giustina-di-renato-bona-2\/\">LAMONESE, QUERO E SANTA GIUSTINA di Renato Bona<\/a><\/p><\/blockquote>\n<p><iframe loading=\"lazy\" title=\"&#8220;LAMONESE, QUERO E SANTA GIUSTINA di Renato Bona&#8221; &#8212; Radio Pi\u00f9\" class=\"wp-embedded-content\" sandbox=\"allow-scripts\" security=\"restricted\" style=\"position: absolute; clip: rect(1px, 1px, 1px, 1px);\" src=\"https:\/\/www.radiopiu.net\/wordpress\/lamonese-quero-e-santa-giustina-di-renato-bona-2\/embed\/#?secret=WqDOD2n7G6\" data-secret=\"WqDOD2n7G6\" width=\"600\" height=\"338\" frameborder=\"0\" marginwidth=\"0\" marginheight=\"0\" scrolling=\"no\"><\/iframe><\/p>\n<p>&nbsp;<\/p>\n<blockquote>\n<h3>DON CESARE, QUARESIMA TEMPO DI PROVA<\/h3>\n<\/blockquote>\n<p><a class=\"dt-pswp-item\" href=\"https:\/\/www.radiopiu.net\/wordpress\/wp-content\/uploads\/2018\/02\/CHIESA-AGORDO.jpg\" data-dt-img-description=\"\" data-large_image_width=\"250\" data-large_image_height=\"324\"><img loading=\"lazy\" decoding=\"async\" class=\" wp-image-43008 alignleft\" src=\"https:\/\/www.radiopiu.net\/wordpress\/wp-content\/uploads\/2018\/02\/CHIESA-AGORDO-231x300.jpg\" alt=\"\" width=\"121\" height=\"157\" srcset=\"https:\/\/www.radiopiu.net\/wordpress\/wp-content\/uploads\/2018\/02\/CHIESA-AGORDO-231x300.jpg 231w, https:\/\/www.radiopiu.net\/wordpress\/wp-content\/uploads\/2018\/02\/CHIESA-AGORDO.jpg 250w\" sizes=\"auto, (max-width: 121px) 100vw, 121px\" \/><\/a>di Gianni Santomaso<\/p>\n<audio class=\"wp-audio-shortcode\" id=\"audio-131521-10\" preload=\"none\" style=\"width: 100%;\" controls=\"controls\"><source type=\"audio\/mpeg\" src=\"https:\/\/www.radiopiu.net\/wordpress\/wp-content\/uploads\/2020\/04\/GIANNI-SANTOMASO-DON-CESARE-QUARESIMA-TEMPO-DI-PROVA.mp3?_=10\" \/><a href=\"https:\/\/www.radiopiu.net\/wordpress\/wp-content\/uploads\/2020\/04\/GIANNI-SANTOMASO-DON-CESARE-QUARESIMA-TEMPO-DI-PROVA.mp3\">https:\/\/www.radiopiu.net\/wordpress\/wp-content\/uploads\/2020\/04\/GIANNI-SANTOMASO-DON-CESARE-QUARESIMA-TEMPO-DI-PROVA.mp3<\/a><\/audio>\n<p>&nbsp;<\/p>\n<p>&nbsp;<\/p>\n<hr \/>\n<p>&nbsp;<\/p>\n<blockquote>\n<h3>CONSIGLIO PROVINCIALE \u201cA DISTANZA\u201d<\/h3>\n<\/blockquote>\n<p><strong><a class=\"dt-pswp-item\" href=\"https:\/\/www.radiopiu.net\/wordpress\/wp-content\/uploads\/2019\/01\/provincia.jpg\" data-dt-img-description=\"\" data-large_image_width=\"218\" data-large_image_height=\"231\"><img loading=\"lazy\" decoding=\"async\" class=\"alignleft wp-image-75008\" src=\"https:\/\/www.radiopiu.net\/wordpress\/wp-content\/uploads\/2019\/01\/provincia.jpg\" alt=\"\" width=\"176\" height=\"186\" \/><\/a>BELLUNO<\/strong> Nuova modalit\u00e0 \u201ca distanza\u201d per il consiglio provinciale: Palazzo Piloni si adegua alle misure anti-contagio. Oggi presidente e consiglieri saranno collegati in videoconferenza, a partire dalle 11, per discutere un nutrito ordine del giorno. La pubblicazione del link a cui collegarsi per assistere alla seduta sar\u00e0 resa nota sulla homepage del sito istituzionale (www.provincia.belluno.it) poco prima dell&#8217;inizio della riunione. Tra i temi principali della seduta, lo schema di convenzione per la nuova rotatoria che prender\u00e0 forma a Lentiai (Borgo Valbelluna) e la ratifica della nuova carta ittica. Oltre ai Pat (piano di assetto del territorio) di Quero Vas e Valle di Cadore, i cui termini risultano in scadenza tra fine aprile e la prima settimana di maggio.<\/p>\n<p>&nbsp;<\/p>\n<hr \/>\n<p>&nbsp;<\/p>\n<p>&nbsp;<\/p>\n<p>&nbsp;<\/p>\n<blockquote>\n<h3>CONFERMATO IL MERCATO DI FELTRE PER OGGI<\/h3>\n<\/blockquote>\n<p><strong>FELTRE<\/strong> Come venerd\u00ec scorso, anche per oggi \u00e8 stato confermato il mercato a Feltre. Sono 17 i commercianti ambulanti che hanno dato il loro consenso, a differenza dei 7 di qualche giorno fa. Il mercato si terr\u00e0 con le medesime misure di sicurezza e distanziamento sociale gi\u00e0 messe in atto venerd\u00ec scorso.<\/p>\n<p><strong>LA PIANTINA DEL MERCATO<\/strong><\/p>\n<p><a class=\"dt-pswp-item\" href=\"https:\/\/www.radiopiu.net\/wordpress\/wp-content\/uploads\/2020\/04\/Pianta-mercato-martedi%CC%80-FELTRE-rotated.jpg\" data-dt-img-description=\"\" data-large_image_width=\"2481\" data-large_image_height=\"1754\"><img loading=\"lazy\" decoding=\"async\" class=\"wp-image-131670 alignnone\" src=\"https:\/\/www.radiopiu.net\/wordpress\/wp-content\/uploads\/2020\/04\/Pianta-mercato-martedi%CC%80-FELTRE-300x212.jpg\" alt=\"\" width=\"700\" height=\"495\" \/><\/a><\/p>\n<p>&nbsp;<\/p>\n<hr \/>\n<p>&nbsp;<\/p>\n<blockquote>\n<h3><\/h3>\n<h3><\/h3>\n<h3>VENERDI&#8217; RITORNA IL MERCATO ANCHE A LONGARONE<\/h3>\n<\/blockquote>\n<p><strong><a class=\"dt-pswp-item\" href=\"https:\/\/www.radiopiu.net\/wordpress\/wp-content\/uploads\/2020\/04\/BANCARELLA.jpg\" data-dt-img-description=\"\" data-large_image_width=\"1920\" data-large_image_height=\"1440\"><img loading=\"lazy\" decoding=\"async\" class=\"alignleft size-medium wp-image-131671\" src=\"https:\/\/www.radiopiu.net\/wordpress\/wp-content\/uploads\/2020\/04\/BANCARELLA-300x225.jpg\" alt=\"\" width=\"300\" height=\"225\" srcset=\"https:\/\/www.radiopiu.net\/wordpress\/wp-content\/uploads\/2020\/04\/BANCARELLA-300x225.jpg 300w, https:\/\/www.radiopiu.net\/wordpress\/wp-content\/uploads\/2020\/04\/BANCARELLA-1024x768.jpg 1024w, https:\/\/www.radiopiu.net\/wordpress\/wp-content\/uploads\/2020\/04\/BANCARELLA-768x576.jpg 768w, https:\/\/www.radiopiu.net\/wordpress\/wp-content\/uploads\/2020\/04\/BANCARELLA-1536x1152.jpg 1536w, https:\/\/www.radiopiu.net\/wordpress\/wp-content\/uploads\/2020\/04\/BANCARELLA.jpg 1920w\" sizes=\"auto, (max-width: 300px) 100vw, 300px\" \/><\/a>LONGARONE<\/strong>\u00a0Venerd\u00ec 24 riapre a Longarone il mercato settimanale, solo per i banchi alimentari. L\u2019area di piazza \u201cJacopo Tasso\u201d, nuova locazione da qualche mese dell&#8217;appuntamento settimanale, sar\u00e0 perimetrata, con ingresso scaglionato e controllato, e vi si potr\u00e0 accedere solo con guanti, mascherina e mantenendo la distanza di sicurezza di due metri fra le persone. La riapertura, pur con tutte le limitazioni imposte dall\u2019emergenza Coronavirus, \u00e8 resa possibile dall\u2019ordinanza firmata il 13 aprile scorso dalla Regione Veneto. Dal 24 aprile, dunque, torneranno solo banchi di generi alimentari e produttori agricoli, con orario di apertura per il pubblico dalle 8 alle 12.\u00a0\u201c<em>Nel mercato infatti troveranno posto solo i banchi di tipo agroalimentare, i piccoli produttori agricoli, tutte attivit\u00e0 permesse dagli ultimi decreti del Governo &#8211; fa presente Marco Campus, consigliere comunale delegato al Commercio -. In questo modo vogliamo dare un segnale di ripartenza, un messaggio di speranza agli operatori del territorio che svolgono un\u2019attivit\u00e0 commerciale di assoluta qualit\u00e0. Ovviamente restano in vigore tutte le restrizioni per impedire il diffondersi del virus e la Polizia locale, che ringrazio per aver messo a punto il Piano operativo per la riapertura, sar\u00e0 impegnata nella vigilanza<\/em>\u201d.<\/p>\n<p>&nbsp;<\/p>\n<hr \/>\n<p>&nbsp;<\/p>\n<p>&nbsp;<\/p>\n<blockquote>\n<h3>ASCA RICERCA PERSONALE INFERMIERISTICO<\/h3>\n<\/blockquote>\n<p><strong class=\"photoswipe-wrapper\"><img loading=\"lazy\" decoding=\"async\" class=\"alignleft size-full wp-image-53885 jetpack-lazy-image jetpack-lazy-image--handled\" src=\"https:\/\/i0.wp.com\/www.radiopiu.net\/wordpress\/wp-content\/uploads\/2018\/07\/logo-asca.png?resize=182%2C100&amp;ssl=1\" alt=\"\" width=\"182\" height=\"100\" data-lazy-loaded=\"1\" \/>AGORDO\u00a0<\/strong>ASCA ha indetto una nuova selezione pubblica finalizzata alla formulazione di una graduatoria di idoneit\u00e0 utile all\u2019inserimento a tempo indeterminato e determinato a tempo pieno presso la RSA di Agordo di INFERMIERE<strong>.\u00a0<\/strong>Le modalit\u00e0 di presentazione della domanda si trovano sulla home page del sito aziendale\u00a0www.servizisocialiasca.it\u00a0Il termine ultimo per la presentazione delle candidature \u00e8 fissato entro e non oltre le ore 12.00\u00a0del giorno 15 maggio 2020.<\/p>\n<p>&nbsp;<\/p>\n<hr \/>\n<p>&nbsp;<\/p>\n<blockquote class=\"wp-embedded-content\" data-secret=\"kRWxekwG1A\"><p><a href=\"https:\/\/www.radiopiu.net\/wordpress\/storie-di-ranocchi-alla-scuola-dellinfanzia-di-taibon\/\">STORIE DI RANOCCHI ALLA SCUOLA DELL&#8217;INFANZIA DI TAIBON<\/a><\/p><\/blockquote>\n<p><iframe loading=\"lazy\" title=\"&#8220;STORIE DI RANOCCHI ALLA SCUOLA DELL&#8217;INFANZIA DI TAIBON&#8221; &#8212; Radio Pi\u00f9\" class=\"wp-embedded-content\" sandbox=\"allow-scripts\" security=\"restricted\" style=\"position: absolute; clip: rect(1px, 1px, 1px, 1px);\" src=\"https:\/\/www.radiopiu.net\/wordpress\/storie-di-ranocchi-alla-scuola-dellinfanzia-di-taibon\/embed\/#?secret=kRWxekwG1A\" data-secret=\"kRWxekwG1A\" width=\"600\" height=\"338\" frameborder=\"0\" marginwidth=\"0\" marginheight=\"0\" scrolling=\"no\"><\/iframe><\/p>\n<p>&nbsp;<\/p>\n<hr \/>\n<p>&nbsp;<\/p>\n<p>https:\/\/www.radiopiu.net\/wordpress\/lamonese-quero-e-santa-giustina-di-renato-bona\/<\/p>\n<p>&nbsp;<\/p>\n<hr \/>\n<p>&nbsp;<\/p>\n<h3><span style=\"color: #ff6600;\">QUATRO CIACOLE SU AGORT<\/span><\/h3>\n<p><strong>LA SECONDA PUNTATA<\/strong><\/p>\n<blockquote class=\"wp-embedded-content\" data-secret=\"CCvSUHAK4v\"><p><a href=\"https:\/\/www.radiopiu.net\/wordpress\/seconda-puntata-erik\/\">QUATRO CIACOLE SU AGORT, SECONDA PUNTATA. ERIK MARCON &#8220;PAVAROI E PAVARELE&#8221;<\/a><\/p><\/blockquote>\n<p><iframe loading=\"lazy\" title=\"&#8220;QUATRO CIACOLE SU AGORT, SECONDA PUNTATA. ERIK MARCON &#8220;PAVAROI E PAVARELE&#8221;&#8221; &#8212; Radio Pi\u00f9\" class=\"wp-embedded-content\" sandbox=\"allow-scripts\" security=\"restricted\" style=\"position: absolute; clip: rect(1px, 1px, 1px, 1px);\" src=\"https:\/\/www.radiopiu.net\/wordpress\/seconda-puntata-erik\/embed\/#?secret=CCvSUHAK4v\" data-secret=\"CCvSUHAK4v\" width=\"600\" height=\"338\" frameborder=\"0\" marginwidth=\"0\" marginheight=\"0\" scrolling=\"no\"><\/iframe><\/p>\n<p><strong>LA RACCOLTA COMPLETA<\/strong><\/p>\n<blockquote class=\"wp-embedded-content\" data-secret=\"gn6tZpBmu2\"><p><a href=\"https:\/\/www.radiopiu.net\/wordpress\/quatro-ciacole-su-agort\/\">Quatro ci\u00e0cole su Agort<\/a><\/p><\/blockquote>\n<p><iframe loading=\"lazy\" title=\"&#8220;Quatro ci\u00e0cole su Agort&#8221; &#8212; Radio Pi\u00f9\" class=\"wp-embedded-content\" sandbox=\"allow-scripts\" security=\"restricted\" style=\"position: absolute; clip: rect(1px, 1px, 1px, 1px);\" src=\"https:\/\/www.radiopiu.net\/wordpress\/quatro-ciacole-su-agort\/embed\/#?secret=gn6tZpBmu2\" data-secret=\"gn6tZpBmu2\" width=\"600\" height=\"338\" frameborder=\"0\" marginwidth=\"0\" marginheight=\"0\" scrolling=\"no\"><\/iframe><\/p>\n<hr \/>\n<p>&nbsp;<\/p>\n<h2>IERI ALLA RADIO<\/h2>\n<p><a class=\"dt-pswp-item\" href=\"https:\/\/www.radiopiu.net\/wordpress\/wp-content\/uploads\/2020\/04\/dolomiti-garden.png\" data-dt-img-description=\"\" data-large_image_width=\"750\" data-large_image_height=\"750\"><img loading=\"lazy\" decoding=\"async\" class=\"alignleft wp-image-131645\" src=\"https:\/\/www.radiopiu.net\/wordpress\/wp-content\/uploads\/2020\/04\/dolomiti-garden-300x300.png\" alt=\"\" width=\"147\" height=\"147\" srcset=\"https:\/\/www.radiopiu.net\/wordpress\/wp-content\/uploads\/2020\/04\/dolomiti-garden-300x300.png 300w, https:\/\/www.radiopiu.net\/wordpress\/wp-content\/uploads\/2020\/04\/dolomiti-garden-150x150.png 150w, https:\/\/www.radiopiu.net\/wordpress\/wp-content\/uploads\/2020\/04\/dolomiti-garden.png 750w\" sizes=\"auto, (max-width: 147px) 100vw, 147px\" \/><\/a><strong>CORONAVIRUS: STEFANO DE PARIS DOLOMITI GARDEN<\/strong><\/p>\n<p><strong>di Claudio Fontanive<\/strong><\/p>\n<audio class=\"wp-audio-shortcode\" id=\"audio-131521-11\" preload=\"none\" style=\"width: 100%;\" controls=\"controls\"><source type=\"audio\/mpeg\" src=\"https:\/\/www.radiopiu.net\/wordpress\/wp-content\/uploads\/2020\/04\/stefano-de-paris-dolomiti-garden.mp3?_=11\" \/><a href=\"https:\/\/www.radiopiu.net\/wordpress\/wp-content\/uploads\/2020\/04\/stefano-de-paris-dolomiti-garden.mp3\">https:\/\/www.radiopiu.net\/wordpress\/wp-content\/uploads\/2020\/04\/stefano-de-paris-dolomiti-garden.mp3<\/a><\/audio>\n<p>&nbsp;<\/p>\n<p>&nbsp;<\/p>\n<hr \/>\n<p>&nbsp;<\/p>\n<p>&nbsp;<\/p>\n<p><a class=\"dt-pswp-item\" href=\"https:\/\/www.radiopiu.net\/wordpress\/wp-content\/uploads\/2020\/04\/claudio-mezzavilla.jpg\" data-dt-img-description=\"\" data-large_image_width=\"1600\" data-large_image_height=\"1200\"><img loading=\"lazy\" decoding=\"async\" class=\"alignleft wp-image-131648\" src=\"https:\/\/www.radiopiu.net\/wordpress\/wp-content\/uploads\/2020\/04\/claudio-mezzavilla-300x225.jpg\" alt=\"\" width=\"171\" height=\"128\" srcset=\"https:\/\/www.radiopiu.net\/wordpress\/wp-content\/uploads\/2020\/04\/claudio-mezzavilla-300x225.jpg 300w, https:\/\/www.radiopiu.net\/wordpress\/wp-content\/uploads\/2020\/04\/claudio-mezzavilla-1024x768.jpg 1024w, https:\/\/www.radiopiu.net\/wordpress\/wp-content\/uploads\/2020\/04\/claudio-mezzavilla-768x576.jpg 768w, https:\/\/www.radiopiu.net\/wordpress\/wp-content\/uploads\/2020\/04\/claudio-mezzavilla-1536x1152.jpg 1536w, https:\/\/www.radiopiu.net\/wordpress\/wp-content\/uploads\/2020\/04\/claudio-mezzavilla.jpg 1600w\" sizes=\"auto, (max-width: 171px) 100vw, 171px\" \/><\/a><strong>DALLA PRO LOCO DI SEDICO CLAUDIO MEZZAVILLA<\/strong><\/p>\n<p><strong>di Claudio Fontanive<\/strong><\/p>\n<audio class=\"wp-audio-shortcode\" id=\"audio-131521-12\" preload=\"none\" style=\"width: 100%;\" controls=\"controls\"><source type=\"audio\/mpeg\" src=\"https:\/\/www.radiopiu.net\/wordpress\/wp-content\/uploads\/2020\/04\/claudio-mezzavilla-lunedi-prima-parte.mp3?_=12\" \/><a href=\"https:\/\/www.radiopiu.net\/wordpress\/wp-content\/uploads\/2020\/04\/claudio-mezzavilla-lunedi-prima-parte.mp3\">https:\/\/www.radiopiu.net\/wordpress\/wp-content\/uploads\/2020\/04\/claudio-mezzavilla-lunedi-prima-parte.mp3<\/a><\/audio>\n<p>&nbsp;<\/p>\n<h2><span style=\"color: #ff6600;\">007 IN CONDOTTA\u00a0<\/span><\/h2>\n<blockquote class=\"wp-embedded-content\" data-secret=\"7fxlOStsvL\"><p><a href=\"https:\/\/www.radiopiu.net\/wordpress\/devices-e-scuola-on-line\/\">Devices e scuola on line<\/a><\/p><\/blockquote>\n<p><iframe loading=\"lazy\" title=\"&#8220;Devices e scuola on line&#8221; &#8212; Radio Pi\u00f9\" class=\"wp-embedded-content\" sandbox=\"allow-scripts\" security=\"restricted\" style=\"position: absolute; clip: rect(1px, 1px, 1px, 1px);\" src=\"https:\/\/www.radiopiu.net\/wordpress\/devices-e-scuola-on-line\/embed\/#?secret=7fxlOStsvL\" data-secret=\"7fxlOStsvL\" width=\"600\" height=\"338\" frameborder=\"0\" marginwidth=\"0\" marginheight=\"0\" scrolling=\"no\"><\/iframe><\/p>\n<p><strong>RACCOLTA COMPLETA<\/strong><\/p>\n<blockquote class=\"wp-embedded-content\" data-secret=\"yhyGgSwx7H\"><p><a href=\"https:\/\/www.radiopiu.net\/wordpress\/007incondotta-2-2\/\">007 in condotta<\/a><\/p><\/blockquote>\n<p><iframe loading=\"lazy\" title=\"&#8220;007 in condotta&#8221; &#8212; Radio Pi\u00f9\" class=\"wp-embedded-content\" sandbox=\"allow-scripts\" security=\"restricted\" style=\"position: absolute; clip: rect(1px, 1px, 1px, 1px);\" src=\"https:\/\/www.radiopiu.net\/wordpress\/007incondotta-2-2\/embed\/#?secret=yhyGgSwx7H\" data-secret=\"yhyGgSwx7H\" width=\"600\" height=\"338\" frameborder=\"0\" marginwidth=\"0\" marginheight=\"0\" scrolling=\"no\"><\/iframe><\/p>\n<p>&nbsp;<\/p>\n<p>&nbsp;<\/p>\n<p>&nbsp;<\/p>\n<h2><span style=\"color: #33cccc;\"><strong>I RACCONTI DI PAOLO SOPPELSA\u00a0<\/strong><\/span><\/h2>\n<p><strong>ALBA SUI MONTI<\/strong><\/p>\n<p><strong>AUDIO\u00a0<\/strong><\/p>\n<audio class=\"wp-audio-shortcode\" id=\"audio-131521-13\" preload=\"none\" style=\"width: 100%;\" controls=\"controls\"><source type=\"audio\/mpeg\" src=\"https:\/\/www.radiopiu.net\/wordpress\/wp-content\/uploads\/2020\/04\/PAOLO-SOPPESLA.mp3?_=13\" \/><a href=\"https:\/\/www.radiopiu.net\/wordpress\/wp-content\/uploads\/2020\/04\/PAOLO-SOPPESLA.mp3\">https:\/\/www.radiopiu.net\/wordpress\/wp-content\/uploads\/2020\/04\/PAOLO-SOPPESLA.mp3<\/a><\/audio>\n<p>&nbsp;<\/p>\n<p><a class=\"dt-pswp-item\" href=\"https:\/\/www.radiopiu.net\/wordpress\/wp-content\/uploads\/2020\/04\/f98df861-a17b-4bcb-b1b5-0fb268dec2b7.jpg\" data-dt-img-description=\"\" data-large_image_width=\"958\" data-large_image_height=\"540\"><img loading=\"lazy\" decoding=\"async\" class=\"alignleft size-medium wp-image-131458\" src=\"https:\/\/www.radiopiu.net\/wordpress\/wp-content\/uploads\/2020\/04\/f98df861-a17b-4bcb-b1b5-0fb268dec2b7-300x169.jpg\" alt=\"\" width=\"300\" height=\"169\" srcset=\"https:\/\/www.radiopiu.net\/wordpress\/wp-content\/uploads\/2020\/04\/f98df861-a17b-4bcb-b1b5-0fb268dec2b7-300x169.jpg 300w, https:\/\/www.radiopiu.net\/wordpress\/wp-content\/uploads\/2020\/04\/f98df861-a17b-4bcb-b1b5-0fb268dec2b7-768x433.jpg 768w, https:\/\/www.radiopiu.net\/wordpress\/wp-content\/uploads\/2020\/04\/f98df861-a17b-4bcb-b1b5-0fb268dec2b7.jpg 958w\" sizes=\"auto, (max-width: 300px) 100vw, 300px\" \/><\/a>Sabato notte di met\u00e0 luglio. Belluno sembra immersa in un forno rovente. Afa e zanzare mi tengono compagnia mentre cerco di addormentarmi. Mi giro e mi rigiro nel letto fin quando, verso le tre, mi alzo e in un secondo decido: vado a vedere l\u2019alba in montagna. Colazione rapida e partenza verso passo Valparola. La citt\u00e0 \u00e8 sprofondata in un sonno totale e lungo l\u2019Agordina incontro pi\u00f9 cervi che auto. Arrivo al passo e parcheggio accanto ad alcuni camper. Il termometro della macchina segna 4 gradi. Fresco \u00e8 fresco mi dico. Mentre mi allaccio gli scarponi si apre la porta del camper vicino. Esce un signore tedesco e mi saluta con un \u201cguten morgen\u201d impeccabile. Sono le 4.30 e tira vento. Potrei guardare l\u2019alba anche da qui, ma mi sentirei in colpa se non camminassi almeno un po\u2019. Cos\u00ec parto verso il Sasso de Stria. Un\u2019oretta circa di salita fra le trincee della Prima Guerra Mondiale. A met\u00e0 percorso mi fermo. Il vento \u00e8 troppo forte ed allora trovo riparo in una trincea. Mentre aspetto che l\u2019aria si scaldi un po&#8217;, penso ai soldati che vissero per tre inverni in questi posti. Provo ad immaginare le pene che hanno sofferto quass\u00f9, perennemente con la morte al loro fianco. Con il rischio di morire assiderati o con una pallottola in corpo. Rifletto sull\u2019assurdit\u00e0 di ogni guerra. Poi con un ultimo sforzo arrivo in vetta. Pochi istanti ed il sole inizia ad illuminare le cime pi\u00f9 alte. E\u2019 un\u2019alba limpida e pura. Sono in apnea da emozione, mi mancano le parole per descrivere questi attimi. Vorrei urlarlo nel cielo quel \u201cmagiche Dolomiti\u201d! Ed invece resto in silenzio ad ammirare questo spettacolo. Rimango lass\u00f9 quasi un\u2019ora, poi scendo veloce verso il passo. Ora i camper sono quasi tutti aperti. Fervono i preparativi per le escursioni del giorno. Io invece ho finito per oggi. Sono appagato di tutto ci\u00f2 che ho vissuto e riparto verso Belluno. Lungo la strada penso che questa giornata non la scorder\u00f2 mai\u2026magiche Dolomiti!!!<\/p>\n<p><strong>COLLEZIONE COMPLETA <\/strong><\/p>\n<p><iframe loading=\"lazy\" class=\"wp-embedded-content\" title=\"\u201cI racconti di Paolo Soppelsa\u201d \u2014 Radio Pi\u00f9\" src=\"https:\/\/www.radiopiu.net\/wordpress\/i-racconti-di-paolo-soppelsa\/embed\/#?secret=XDmAxj761m\" width=\"600\" height=\"200\" frameborder=\"0\" marginwidth=\"0\" marginheight=\"0\" scrolling=\"no\" sandbox=\"allow-scripts\" data-secret=\"XDmAxj761m\" data-mce-fragment=\"1\"><\/iframe><\/p>\n<h2><\/h2>\n<h2><span style=\"color: #ff00ff;\"><strong>IN VIVO VERSO<\/strong><\/span><\/h2>\n<blockquote class=\"wp-embedded-content\" data-secret=\"TY3svaxfcp\"><p><a href=\"https:\/\/www.radiopiu.net\/wordpress\/rinascita-di-giuseppina-clerici-biolcati\/\">RINASCITA di GIUSEPPINA CLERICI BIOLCATI<\/a><\/p><\/blockquote>\n<p><iframe loading=\"lazy\" title=\"&#8220;RINASCITA di GIUSEPPINA CLERICI BIOLCATI&#8221; &#8212; Radio Pi\u00f9\" class=\"wp-embedded-content\" sandbox=\"allow-scripts\" security=\"restricted\" style=\"position: absolute; clip: rect(1px, 1px, 1px, 1px);\" src=\"https:\/\/www.radiopiu.net\/wordpress\/rinascita-di-giuseppina-clerici-biolcati\/embed\/#?secret=TY3svaxfcp\" data-secret=\"TY3svaxfcp\" width=\"600\" height=\"338\" frameborder=\"0\" marginwidth=\"0\" marginheight=\"0\" scrolling=\"no\"><\/iframe><\/p>\n<p><strong>COLLEZIONE COMPLETA<\/strong><\/p>\n<p><iframe loading=\"lazy\" class=\"wp-embedded-content\" title=\"\u201cIn Vivo Verso\u201d \u2014 Radio Pi\u00f9\" src=\"https:\/\/www.radiopiu.net\/wordpress\/in-vivo-verso\/embed\/#?secret=C6BZ7UQzka\" width=\"600\" height=\"200\" frameborder=\"0\" marginwidth=\"0\" marginheight=\"0\" scrolling=\"no\" sandbox=\"allow-scripts\" data-secret=\"C6BZ7UQzka\" data-mce-fragment=\"1\"><\/iframe><\/p>\n<p>&nbsp;<\/p>\n<p>&nbsp;<\/p>\n<h2><span style=\"color: #ff0000;\"><strong>DUE MINUTI UN LIBRO<\/strong><\/span><\/h2>\n<blockquote class=\"wp-embedded-content\" data-secret=\"uk0qGmEW7k\"><p><a href=\"https:\/\/www.radiopiu.net\/wordpress\/urla-nel-silenzio-il-gioco-del-male-la-ragazza-scomparsa\/\">URLA NEL SILENZIO, IL GIOCO DEL MALE, LA RAGAZZA SCOMPARSA<\/a><\/p><\/blockquote>\n<p><iframe loading=\"lazy\" title=\"&#8220;URLA NEL SILENZIO, IL GIOCO DEL MALE, LA RAGAZZA SCOMPARSA&#8221; &#8212; Radio Pi\u00f9\" class=\"wp-embedded-content\" sandbox=\"allow-scripts\" security=\"restricted\" style=\"position: absolute; clip: rect(1px, 1px, 1px, 1px);\" src=\"https:\/\/www.radiopiu.net\/wordpress\/urla-nel-silenzio-il-gioco-del-male-la-ragazza-scomparsa\/embed\/#?secret=uk0qGmEW7k\" data-secret=\"uk0qGmEW7k\" width=\"600\" height=\"338\" frameborder=\"0\" marginwidth=\"0\" marginheight=\"0\" scrolling=\"no\"><\/iframe><\/p>\n<p><strong>COLLEZIONE COMPLETA<\/strong><\/p>\n<p><iframe loading=\"lazy\" class=\"wp-embedded-content\" title=\"\u201cDue minuti un libro\u201d \u2014 Radio Pi\u00f9\" src=\"https:\/\/www.radiopiu.net\/wordpress\/due-minuti-un-libro\/embed\/#?secret=j7BPAdVORQ\" width=\"600\" height=\"251\" frameborder=\"0\" marginwidth=\"0\" marginheight=\"0\" scrolling=\"no\" sandbox=\"allow-scripts\" data-secret=\"j7BPAdVORQ\" data-mce-fragment=\"1\"><\/iframe><\/p>\n<p>&nbsp;<\/p>\n<h2><span style=\"color: #339966;\"><strong>SALUTE E SOCIETA\u2019<\/strong><\/span><\/h2>\n<blockquote class=\"wp-embedded-content\" data-secret=\"ZVLbSacwTA\"><p><a href=\"https:\/\/www.radiopiu.net\/wordpress\/epatite-c-fumo-sindromi-mielodisplastiche\/\">Epatite C &#8211; Fumo &#8211; Sindromi mielodisplastiche<\/a><\/p><\/blockquote>\n<p><iframe loading=\"lazy\" title=\"&#8220;Epatite C &#8211; Fumo &#8211; Sindromi mielodisplastiche&#8221; &#8212; Radio Pi\u00f9\" class=\"wp-embedded-content\" sandbox=\"allow-scripts\" security=\"restricted\" style=\"position: absolute; clip: rect(1px, 1px, 1px, 1px);\" src=\"https:\/\/www.radiopiu.net\/wordpress\/epatite-c-fumo-sindromi-mielodisplastiche\/embed\/#?secret=ZVLbSacwTA\" data-secret=\"ZVLbSacwTA\" width=\"600\" height=\"338\" frameborder=\"0\" marginwidth=\"0\" marginheight=\"0\" scrolling=\"no\"><\/iframe><\/p>\n<p><strong>LE ALTRE PUNTATE<\/strong><\/p>\n<p><iframe loading=\"lazy\" class=\"wp-embedded-content\" title=\"\u201cSalute e Societ\u00e0\u201d \u2014 Radio Pi\u00f9\" src=\"https:\/\/www.radiopiu.net\/wordpress\/saluteesocieta\/embed\/#?secret=KkrARKzoF9\" width=\"600\" height=\"200\" frameborder=\"0\" marginwidth=\"0\" marginheight=\"0\" scrolling=\"no\" sandbox=\"allow-scripts\" data-secret=\"KkrARKzoF9\" data-mce-fragment=\"1\"><\/iframe><\/p>\n<p>&nbsp;<\/p>\n<p>&nbsp;<\/p>\n<hr \/>\n<h2><\/h2>\n<h2><span style=\"color: #0000ff;\">LA RASSEGNA STAMPA DA L&#8217;AMICO DEL POPOLO<\/span><\/h2>\n<p><strong><a class=\"dt-pswp-item\" href=\"https:\/\/www.radiopiu.net\/wordpress\/wp-content\/uploads\/2020\/01\/image-1.jpg\" data-dt-img-description=\"\" data-large_image_width=\"960\" data-large_image_height=\"540\"><img loading=\"lazy\" decoding=\"async\" class=\"alignleft wp-image-131698\" src=\"https:\/\/www.radiopiu.net\/wordpress\/wp-content\/uploads\/2020\/01\/image-1-300x169.jpg\" alt=\"\" width=\"217\" height=\"122\" srcset=\"https:\/\/www.radiopiu.net\/wordpress\/wp-content\/uploads\/2020\/01\/image-1-300x169.jpg 300w, https:\/\/www.radiopiu.net\/wordpress\/wp-content\/uploads\/2020\/01\/image-1-768x432.jpg 768w, https:\/\/www.radiopiu.net\/wordpress\/wp-content\/uploads\/2020\/01\/image-1.jpg 960w\" sizes=\"auto, (max-width: 217px) 100vw, 217px\" \/><\/a>di Gianni Santomaso<\/strong><\/p>\n<p><strong>ospite Marilisa Luchetta, assessore in Comune di Canale d&#8217;Agordo<\/strong><\/p>\n<audio class=\"wp-audio-shortcode\" id=\"audio-131521-14\" preload=\"none\" style=\"width: 100%;\" controls=\"controls\"><source type=\"audio\/mpeg\" src=\"https:\/\/www.radiopiu.net\/wordpress\/wp-content\/uploads\/2020\/04\/RASSEGNA-GIANNI-1.mp3?_=14\" \/><a href=\"https:\/\/www.radiopiu.net\/wordpress\/wp-content\/uploads\/2020\/04\/RASSEGNA-GIANNI-1.mp3\">https:\/\/www.radiopiu.net\/wordpress\/wp-content\/uploads\/2020\/04\/RASSEGNA-GIANNI-1.mp3<\/a><\/audio>\n<h2><\/h2>\n<h2><\/h2>\n<hr \/>\n<h2><\/h2>\n<h2><strong><span style=\"color: #800080;\">AGORDINOMERON<\/span><\/strong><\/h2>\n<blockquote class=\"wp-embedded-content\" data-secret=\"RsY8DAxLW8\"><p><a href=\"https:\/\/www.radiopiu.net\/wordpress\/agordinomeron\/\">AGORDINOMERON, IL TERRITORIO SI RACCONTA Da un&#8217;idea di Gianni Santomaso<\/a><\/p><\/blockquote>\n<p><iframe loading=\"lazy\" title=\"&#8220;AGORDINOMERON, IL TERRITORIO SI RACCONTA Da un&#8217;idea di Gianni Santomaso&#8221; &#8212; Radio Pi\u00f9\" class=\"wp-embedded-content\" sandbox=\"allow-scripts\" security=\"restricted\" style=\"position: absolute; clip: rect(1px, 1px, 1px, 1px);\" src=\"https:\/\/www.radiopiu.net\/wordpress\/agordinomeron\/embed\/#?secret=RsY8DAxLW8\" data-secret=\"RsY8DAxLW8\" width=\"600\" height=\"338\" frameborder=\"0\" marginwidth=\"0\" marginheight=\"0\" scrolling=\"no\"><\/iframe><\/p>\n<p>&nbsp;<\/p>\n<h2><span style=\"color: #808080;\"><strong>IL MESSAGGIO DEI SACERDOTI A RADIO PIU&#8217;<\/strong><\/span><\/h2>\n<blockquote class=\"wp-embedded-content\" data-secret=\"g6szwSiI3n\"><p><a href=\"https:\/\/www.radiopiu.net\/wordpress\/il-messaggio-dai-sacerdoti-della-conca-su-radio-piu-alle-7-30-e-19-30\/\">IL MESSAGGIO DAI SACERDOTI SU RADIO PIU&#8217; ALLE 7.30 E 19.30<\/a><\/p><\/blockquote>\n<p><iframe loading=\"lazy\" title=\"&#8220;IL MESSAGGIO DAI SACERDOTI SU RADIO PIU&#8217; ALLE 7.30 E 19.30&#8221; &#8212; Radio Pi\u00f9\" class=\"wp-embedded-content\" sandbox=\"allow-scripts\" security=\"restricted\" style=\"position: absolute; clip: rect(1px, 1px, 1px, 1px);\" src=\"https:\/\/www.radiopiu.net\/wordpress\/il-messaggio-dai-sacerdoti-della-conca-su-radio-piu-alle-7-30-e-19-30\/embed\/#?secret=g6szwSiI3n\" data-secret=\"g6szwSiI3n\" width=\"600\" height=\"338\" frameborder=\"0\" marginwidth=\"0\" marginheight=\"0\" scrolling=\"no\"><\/iframe><\/p>\n<p>&nbsp;<\/p>\n<hr \/>\n<p>&nbsp;<\/p>\n<div class=\"google-auto-placed ap_container\" style=\"text-align: left;\">\n<p>A TAIBON LA FARMACIA FA SERVIZIO A DOMICILIO<\/p>\n<p>ORTOFRUTTA MARTINI AGORDO RUTTA E VERDURA A CASA 0437 640307<\/p>\n<p>LA PIZZERIA BOCCON DIVINO A TAIBON AGORDINO EFFETTUA SERVIZIO CONSEGNE PIZZE A DOMICILIO, TUTTI I GIORNI A PARTIRE DALLE ORE 18,\u00a0NEI COMUNI DI TAIBON AGORDINO E AGORDO340 2986275<\/p>\n<p>DA SAPPADE DI FALCADE PICCOLA BAITA PORTA SULLE VOSTRE TAVOLE I SAPORI DEL TERRITORIO WWW.PICCOLABAITA.NET 0437 590491<\/p>\n<p>L\u2019AZIENDA AGRICOLA MILCHHOF AGOSTINI DI SELVA DI CADORE. INFORMA CHE E\u2019 A DISPOSIZONE PER CONSEGNE GRATUITE A DOMICILIO IN TUTTA LA VALLATA 380 3957409<\/p>\n<p>DOLOMITI VIAGGI DI FALCADE,\u00a0 COME UN TAXI:\u00a0 AUTOVETTURE E PULMINO NOLEGGIO CON CONDUCENTE. CHIAMA IL NUMERO 329 35,26,156<\/p>\n<p>ZUMBRILLENBER AGORDO CONSEGNA A DOMICILIO. PIATTI DI CARNE, PESCE, E PIZZE. A DOMICILIO, NEL RAGGIO DI 15 CHILOMETRI DA AGORDO 345 9135042<\/p>\n<p>LA PASTICCERIA LES BON BON DI AGORDO TI INFORMA CHE E\u2019 ATTIVO IL SERVIZIO DI CONSEGNA A DOMICILIO 342 59,80,559.<\/p>\n<p>A RIVAMONTE DAISY! PANINI, BRUSCHETTE, TOAST. PER LA TUA CENA ALTERNATIVA E GUSTOSA. LE PRENOTAZIONI SI RICEVONO ENTRO LE ORE 17 AL 348 56,42,568.<\/p>\n<p>La Profumeria Wanda di Agordo consegna i prodotti a domicilio. 331 4662006. Negozio aperto dalle 10.30 alle 11.30 e dalle 16 alle 17<\/p>\n<p>L\u2019AZIENDA AGRICOLA ZANCHETTA, SPACCIO DI AGORDO INFORMA CHE EFFETTUA LA CONSEGNA A DOMICILIO DEL VINO DELLA PROPRIA PRODUZIONE. 335 6285096<\/p>\n<p>LA MACELLERIA COSTA INFORMA CHE EFFETTUA CONSEGNE A DOMICILIO GRATUITE IN TUTTO L\u2019AGORDINO. 340 9714699<\/p>\n<p>LA PASTICCERIA SAINT HONORE DI AGORDO EFFETTUA CONSEGNE A DOMICILIO AD AGORDO E PAESI LIMITROFI 0437 62585<\/p>\n<p>PREPARIAMO UNA SELEZIONE DELLE NOSTRE FAMOSE SPECIALITA\u2019, DA CONSEGNARVI A DOMICILIO. SAN MARTIN \u2013 RISTORO E BAR. LOCALITA\u2019 LA MUDA STRADA AGORDO BELLUNO AL 333 1432468<\/p>\n<p>&nbsp;<\/p>\n<hr \/>\n<p>&nbsp;<\/p>\n<p class=\"photoswipe-wrapper\"><a class=\"dt-pswp-item pspw-wrap-ready\" href=\"https:\/\/i0.wp.com\/www.radiopiu.net\/wordpress\/wp-content\/uploads\/2018\/09\/viabilita.jpeg?ssl=1\" data-dt-img-description=\"\" data-large_image_width=\"800\" data-large_image_height=\"100\"><img loading=\"lazy\" decoding=\"async\" class=\"size-full wp-image-61954 jetpack-lazy-image jetpack-lazy-image--handled aligncenter\" src=\"https:\/\/i0.wp.com\/www.radiopiu.net\/wordpress\/wp-content\/uploads\/2018\/09\/viabilita.jpeg?resize=800%2C100&amp;ssl=1\" sizes=\"auto, (max-width: 800px) 100vw, 800px\" srcset=\"https:\/\/i0.wp.com\/www.radiopiu.net\/wordpress\/wp-content\/uploads\/2018\/09\/viabilita.jpeg?w=800&amp;ssl=1 800w, https:\/\/i0.wp.com\/www.radiopiu.net\/wordpress\/wp-content\/uploads\/2018\/09\/viabilita.jpeg?resize=300%2C38&amp;ssl=1 300w, https:\/\/i0.wp.com\/www.radiopiu.net\/wordpress\/wp-content\/uploads\/2018\/09\/viabilita.jpeg?resize=768%2C96&amp;ssl=1 768w\" alt=\"\" width=\"800\" height=\"100\" data-lazy-loaded=\"1\" \/><\/a><\/p>\n<p>&nbsp;<\/p>\n<p>PROVINCIALE 20 DELLA VAL FIORENTINA, SELVA DI CADORE: DAL 14 FEBBRAIO AL 13 GIUGNO, CHIUSURA TOTALE TRA SOLATOR E IL CENTRO DEL PAESE ANCHE NEI GIORNI FESTIVI E PREFESTIVI, DAL CHILOMETRO 4.850 AL CHILOMETRO 5.100. TRANSITO CONSENTITO AI LOCALI CON TEMPI DI ATTESA MASSIMI STIMATI IN 30 MINUTI IN LOCALITA\u2019 SOLATOR DAL CHILOMETRO 4.400 AL CHILOMETRO 4.850<\/p>\n<p>DALL\u201911 APRILE AL 01 MAGGIO IN LOCALITA\u2019 LA MUDA DEVIAZIONE SU VIABILITA\u2019 PROVVISORIA PER IL COMPLETAMENTO DEL NUOVO ATTRAVERSAMENTO IDRAULICO RIO VAL SCURE LUNGO LA REGIONALE 203 AGORDINA<\/p>\n<p>sp346 SAN PELLEGRINO localita VALLADA dal 14 al 30 aprile senso unico alternato con semaforo<\/p>\n<p>sp347 DURAN E CEREDA (Comune di Valle di Cadore tra Cibiana e innesto Venas) dal 16 al 30 aprile (festivi e sabati esclusi) senso unico alternato con movieri. Interruzioni massimo 10 minuti.<\/p>\n<p>STRADA PROVINCIALE 251 VAL DI ZOLDO E VAL CELLINA, LOCALITA&#8217; FUSINE. NEI GIORNI 21 E 22 APRILE DALLE 9 ALLE 12 E DALLE 13.30 ALLE 17 SENSO UNICO ALTERNATO A POSSIBILI BREVI INTERRUZIONI DELLA DURATA MASSIMA DI 15 MINUTI PER TAGLIO ALBERI<\/p>\n<p>&nbsp;<\/p>\n<hr \/>\n<p>&nbsp;<\/p>\n<p><a class=\"dt-pswp-item\" href=\"https:\/\/www.radiopiu.net\/wordpress\/wp-content\/uploads\/2018\/09\/sport.jpg\" data-dt-img-description=\"\" data-large_image_width=\"800\" data-large_image_height=\"100\"><img loading=\"lazy\" decoding=\"async\" class=\"aligncenter wp-image-60761 size-full\" src=\"https:\/\/www.radiopiu.net\/wordpress\/wp-content\/uploads\/2018\/09\/sport.jpg\" alt=\"\" width=\"800\" height=\"100\" srcset=\"https:\/\/www.radiopiu.net\/wordpress\/wp-content\/uploads\/2018\/09\/sport.jpg 800w, https:\/\/www.radiopiu.net\/wordpress\/wp-content\/uploads\/2018\/09\/sport-300x38.jpg 300w, https:\/\/www.radiopiu.net\/wordpress\/wp-content\/uploads\/2018\/09\/sport-768x96.jpg 768w\" sizes=\"auto, (max-width: 800px) 100vw, 800px\" \/><\/a><\/p>\n<p>&nbsp;<\/p>\n<blockquote>\n<h3>LA FORMAZIONE NON SI FERMA. PRONTI DUE CORSI IN VIDEOCONFERENZA DELLA SCUOLA REGIONALE DELLO SPORT DEL CONI VENETO<\/h3>\n<\/blockquote>\n<p><strong><a class=\"dt-pswp-item\" href=\"https:\/\/www.radiopiu.net\/wordpress\/wp-content\/uploads\/2020\/04\/CONI-VENETO.jpg\" data-dt-img-description=\"\" data-large_image_width=\"512\" data-large_image_height=\"410\"><img loading=\"lazy\" decoding=\"async\" class=\"alignleft size-medium wp-image-131586\" src=\"https:\/\/www.radiopiu.net\/wordpress\/wp-content\/uploads\/2020\/04\/CONI-VENETO-300x240.jpg\" alt=\"\" width=\"300\" height=\"240\" srcset=\"https:\/\/www.radiopiu.net\/wordpress\/wp-content\/uploads\/2020\/04\/CONI-VENETO-300x240.jpg 300w, https:\/\/www.radiopiu.net\/wordpress\/wp-content\/uploads\/2020\/04\/CONI-VENETO.jpg 512w\" sizes=\"auto, (max-width: 300px) 100vw, 300px\" \/><\/a>PADOVA<\/strong> L\u2019emergenza coronavirus non rallenta la missione formativa della Scuola regionale dello sport del Coni Veneto. Sono in rampa di lancio due corsi in videoconferenza che consentiranno a operatori del mondo dello sport di rimanere aggiornati su temi di sicuro interesse, favorendo cos\u00ec il percorso di ripresa dello sport una volta superato il prioritario problema della tutela della salute. La prima occasione formativa \u00e8 prevista per il 24 aprile. Un corso di terzo livello dell\u2019area \u201cSport e management\u201d, dal titolo \u201cLo sport e la sua 3\u00b0 Missione\u201d. Sulla cattedra virtuale salir\u00e0 Roberto Ghiretti, componente della commissione tecnica della Federazione internazionale volley, docente della Scuola Centrale dello Sport e della SRds Veneto e collaboratore con business school e universit\u00e0 italiane e straniere. Dopo i saluti del presidente del Coni Veneto Gianfranco Bardelle e del direttore scientifico della Scuola regionale dello sport Dino Ponchio, Ghiretti dalle ore 18 introdurr\u00e0 il primo intervento \u201cQuale strada\/e per il futuro?\u201d. Dopo il question time la seconda relazione \u201cCome declinare la 3\u00b0 missione sportiva\u201d. L\u2019iniziativa \u00e8 aperta e rivolta principalmente a dirigenti sportivi e professionisti del settore che abbiano gi\u00e0 maturato una preparazione specifica sugli argomenti trattati, ma anche a tutti i tesserati con qualifiche Federali di qualsiasi Federazione sportiva, Disciplina Sportiva Associata o Ente di Promozione Sportiva del Veneto interessati ai temi. Le iscrizioni sono gratuite e verranno accettate, in ordine cronologico, fino al raggiungimento di 100 unit\u00e0; dovranno essere effettuate on-line dal sito www.veneto.coni.it, nella sezione della Scuola Regionale, previa registrazione nell&#8217;area riservata seguendo le indicazioni riportate, entro e non oltre le ore 22.00 del giorno mercoled\u00ec 22 aprile 2020. Piattaforma, link della riunione e password saranno comunicati a tutti i partecipanti tramite mail all\u2019indirizzo usato per l\u2019iscrizione. Il secondo corso \u00e8 in programma il 28 aprile e si occuper\u00e0 di \u201cRiscaldamento pre-allenamento e pre-gara\u201d. Si tratta di un aggiornamento di secondo livello rientrante nell\u2019area \u201cSport e metodologie\u201d. Il via sempre alle 18 dopo i saluti delle autorit\u00e0. Due i relatori, entrambi esperti della Scuola regionale dello sport del Veneto. Stefano Serran\u00f2 spiegher\u00e0 perch\u00e9 \u201cIl riscaldamento \u00e8 parte integrante dell\u2019allenamento\u201d, mentre Cristian Bruno parler\u00e0 del valore preventivo del riscaldamento. L\u2019iniziativa \u00e8 destinata a dirigenti, allenatori, tecnici, operatori sportivi, laureati e studenti in Scienze motorie, e professionisti del settore che abbiano gi\u00e0 maturato una preparazione specifica sugli argomenti trattati, ma anche a tutti i tesserati con qualifiche Federali di qualsiasi Federazione sportiva, Disciplina Sportiva Associata o Ente di Promozione sportiva del Veneto interessati ai temi trattati. L\u2019iscrizione \u00e8 sempre gratuita e va completata entro e non oltre le ore 24.00 di domenica 26 Aprile 2020. Anche in questo caso piattaforma, link della riunione e password saranno comunicati a tutti i partecipanti tramite mail all\u2019indirizzo usato per l\u2019iscrizione. Per qualsiasi informazione sui due corsi \u00e8 possibile contattare il numero 0498643073 o scrivere a srdsveneto@coni.it.<\/p>\n<p>&nbsp;<\/p>\n<hr \/>\n<p>&nbsp;<\/p>\n<p><a class=\"dt-pswp-item\" href=\"https:\/\/www.radiopiu.net\/wordpress\/wp-content\/uploads\/2018\/09\/WhatsApp-Image-2018-09-20-at-16.04.06.jpeg\" data-dt-img-description=\"\" data-large_image_width=\"800\" data-large_image_height=\"100\"><img loading=\"lazy\" decoding=\"async\" class=\"size-full wp-image-61378 aligncenter\" src=\"https:\/\/www.radiopiu.net\/wordpress\/wp-content\/uploads\/2018\/09\/WhatsApp-Image-2018-09-20-at-16.04.06.jpeg\" alt=\"\" width=\"800\" height=\"100\" srcset=\"https:\/\/www.radiopiu.net\/wordpress\/wp-content\/uploads\/2018\/09\/WhatsApp-Image-2018-09-20-at-16.04.06.jpeg 800w, https:\/\/www.radiopiu.net\/wordpress\/wp-content\/uploads\/2018\/09\/WhatsApp-Image-2018-09-20-at-16.04.06-300x38.jpeg 300w, https:\/\/www.radiopiu.net\/wordpress\/wp-content\/uploads\/2018\/09\/WhatsApp-Image-2018-09-20-at-16.04.06-768x96.jpeg 768w\" sizes=\"auto, (max-width: 800px) 100vw, 800px\" \/><\/a><\/p>\n<p>&nbsp;<\/p>\n<p><center><b>Martedi 21<\/b><\/center><b>Tempo atteso:\u00a0<\/b>Al mattino estese velature del cielo, ma il sole, seppur velato, filtrer\u00e0 gi\u00e0, almeno sul bellunese. Con il passare delle ore, anche se sempre presenti, le velature del cielo dovrebbero attenuarsi, lasciando spazio a qualche rasserenamento. Clima notturno pi\u00f9 fresco e ritorno di una relativa mitezza in giornata.<br \/>\n<b>Precipitazioni:\u00a0<\/b>Assenti (0%)<br \/>\n<b>Temperature:\u00a0<\/b>Minime in diminuzione, specie nei fondovalle dolomitici, massime ovunque in aumento. Sono previste punte di 16\/18\u00b0C nei fondovalle prealpini e di 12\/14\u00b0C a 1000\/1200 m, un po&#8217; meno sulle Prealpi alle stese quote. Sulle Prealpi a 1500 m min 3\u00b0C max 9\u00b0C, a 2000 m min 1\u00b0C max 6\u00b0C; sulle Dolomiti a 2000 m min 0\u00b0C max 6\u00b0C, a 3000 m min -3\u00b0C max -1\u00b0C.<br \/>\n<b>Venti:\u00a0<\/b>Nelle valli deboli o moderati per brezze, in quota deboli o moderati orientali, anche tesi a 3000 m e sulle cime prealpine, 25-35 km\/h a 2000 m, 25-30 km\/h a 3000 m.<\/p>\n<hr \/>\n<p><center><b>Mercoledi 22<\/b><\/center><b>Tempo atteso:\u00a0<\/b>Tempo ben soleggiato con cielo sereno, aria tersa ed ottima visibilit\u00e0. L&#8217;aria sar\u00e0 particolarmente secca senza cumuli diurni a ridosso dei rilievi, eccetto sulle cime a ridosso della pedemontana. Clima notturno assai fresco, mentre il generoso soleggiamento accentuer\u00e0 la mitezza diurna.<br \/>\n<b>Precipitazioni:\u00a0<\/b>Assenti (0%).<br \/>\n<b>Temperature:\u00a0<\/b>Minime in ulteriore calo a tutte le quote, specie a fondovalle, con eventuali gelate o brinate fino sui 600\/800 m. Massime stazionarie o in leggera flessione in quota e in lieve aumento nelle valli grazie al buon soleggiamento, su valori normali per il periodo. Sulle Prealpi a 1500 m min 2\u00b0C max 8\u00b0C, a 2000 m min -1\u00b0C max 5\u00b0C; sulle Dolomiti a 2000 m min -2\u00b0C max 5\u00b0C, a 3000 m min -5\u00b0C max -2\u00b0C.<br \/>\n<b>Venti:\u00a0<\/b>Nelle valli deboli o moderati per brezze, in quota deboli\/moderati dai quadranti orientali al mattino e da nord nord-est al pomeriggio, a 5-15 km\/h a 2000 m, 15-25 km\/h a 3000 m.<\/p>\n<hr \/>\n<p><center><b>Giovedi 23<\/b><\/center>Tempo stabile e ben soleggiato con cielo generalmente sereno. Temperature in ulteriore lieve rialzo, specie le massime. Venti in quota deboli da nord-est, a tratti tesi sulle cime dolomitiche pi\u00f9 alte; deboli o localmente moderati a regime di brezza nelle valli.<\/p>\n<hr \/>\n<p><center><b>Venerdi 24<\/b><\/center>Tempo stabile e ben soleggiato con cielo generalmente sereno. Temperature in ulteriore lieve rialzo e prettamente primaverili. Venti in quota deboli da nord-ovest, in leggero rinforzo al pomeriggio; deboli o localmente moderati a regime di brezza nelle valli. Previsore: R.L.Th.<\/p>\n<\/div>\n","protected":false},"excerpt":{"rendered":"<p>PER RICEVERE QUESTO NOTIZIARIO DIRETTAMENTE SUL TUO CELLULARE ISCRIVITI AL CANALE TELEGRAM\u00a0\u201cRADIO PIU\u00a0 INFORMAZIONE\u201d \u00a0Dolomites Bike Day e Sellaronda Bike Day rinviate al 2021&#8230; brutto colpo per tutto il comparto turistico&#8230; &nbsp; grazie Leonardo AGORDO E LE SUE MONTAGNE SULLO SFONDO. A NEW YORK IN TIME SQUARE La traduzione: &#8220;Quando la vita torner\u00e0 alla normalit\u00e0,&hellip;<\/p>\n","protected":false},"author":4,"featured_media":131676,"comment_status":"closed","ping_status":"closed","sticky":false,"template":"","format":"standard","meta":{"_monsterinsights_skip_tracking":false,"_monsterinsights_sitenote_active":false,"_monsterinsights_sitenote_note":"","_monsterinsights_sitenote_category":0,"footnotes":""},"categories":[1,51,86,49],"tags":[],"class_list":["post-131521","post","type-post","status-publish","format-standard","has-post-thumbnail","hentry","category-senza-categoria","category-evidenza-top","category-gr","category-news-18","category-1","category-51","category-86","category-49","description-off"],"img_url":"https:\/\/www.radiopiu.net\/wordpress\/wp-content\/uploads\/2020\/04\/LUXOTTICA-TIME-SQUARE-NEW-YORK.jpg","_links":{"self":[{"href":"https:\/\/www.radiopiu.net\/wordpress\/wp-json\/wp\/v2\/posts\/131521","targetHints":{"allow":["GET"]}}],"collection":[{"href":"https:\/\/www.radiopiu.net\/wordpress\/wp-json\/wp\/v2\/posts"}],"about":[{"href":"https:\/\/www.radiopiu.net\/wordpress\/wp-json\/wp\/v2\/types\/post"}],"author":[{"embeddable":true,"href":"https:\/\/www.radiopiu.net\/wordpress\/wp-json\/wp\/v2\/users\/4"}],"replies":[{"embeddable":true,"href":"https:\/\/www.radiopiu.net\/wordpress\/wp-json\/wp\/v2\/comments?post=131521"}],"version-history":[{"count":0,"href":"https:\/\/www.radiopiu.net\/wordpress\/wp-json\/wp\/v2\/posts\/131521\/revisions"}],"wp:featuredmedia":[{"embeddable":true,"href":"https:\/\/www.radiopiu.net\/wordpress\/wp-json\/wp\/v2\/media\/131676"}],"wp:attachment":[{"href":"https:\/\/www.radiopiu.net\/wordpress\/wp-json\/wp\/v2\/media?parent=131521"}],"wp:term":[{"taxonomy":"category","embeddable":true,"href":"https:\/\/www.radiopiu.net\/wordpress\/wp-json\/wp\/v2\/categories?post=131521"},{"taxonomy":"post_tag","embeddable":true,"href":"https:\/\/www.radiopiu.net\/wordpress\/wp-json\/wp\/v2\/tags?post=131521"}],"curies":[{"name":"wp","href":"https:\/\/api.w.org\/{rel}","templated":true}]}}