{"id":131560,"date":"2020-04-20T12:33:20","date_gmt":"2020-04-20T10:33:20","guid":{"rendered":"https:\/\/www.radiopiu.net\/wordpress\/?p=131560"},"modified":"2020-04-20T13:36:47","modified_gmt":"2020-04-20T11:36:47","slug":"la-conferenza-stampa-del-presidente-del-veneto-luca-zaia-20-aprile-2020","status":"publish","type":"post","link":"https:\/\/www.radiopiu.net\/wordpress\/la-conferenza-stampa-del-presidente-del-veneto-luca-zaia-20-aprile-2020\/","title":{"rendered":"LA CONFERENZA STAMPA DEL PRESIDENTE DEL VENETO LUCA ZAIA 20 APRILE 2020"},"content":{"rendered":"<p><strong>VENEZIA<\/strong> Il punto stampa del Presidente del Veneto Luca Zaia<\/p>\n<p>I NUMERI\u00a0 AUMENTANO I POSITIVI 16.127\u00a0 (+192),\u00a0 \u00a0ATTUALMENTE POSITIVI\u00a0 10061\u00a0 DECEDUTI 1112 NEGATIVIZZATI\u00a0 4954 IN ISOLAMENTO DOMICILIARE\u00a0 11658 (-255) RICOVERATI 1453 (+5) TERAPIA INTENSIVA 180 (-4) DIMESSI 2117 DECESSI IN OSPEDALE 939, IN TOTALE 1112. I NATI 67<\/p>\n<p><strong>BELLUNO<\/strong> POSITIVI 904 (+48) CASI ATTUALMENTE POSITIVI\u00a0 678 DECESSI 51\u00a0 NEGATIVIZZATI 175\u00a0 IN ISOLAMENTO DOMICILIARE 1121 NEGLI OSPEDALI\u00a0 2 pazienti in pi\u00f9 rispetto a ieri San Martino 39 (+1), in terapia intensiva 7 (0), negativizzati 0 dimessi 64 decessi 30 (+2), Feltre\u00a0 pazienti 0, negativizzati 0,\u00a0 decessi 6. Ospedale comunit\u00e0 Belluno 14 (0), Agordo 15 (+1). Stamane la Ulss1 ha comunicato 4\u00a0 decessi in provincia\u00a0 negli ultimi 2 giorni. U<span class=\"s2\">n paziente COVID positivo di anni 88, ricoverato in Malattie Infettive Covid Belluno e residente in Ulss Dolomiti (18 aprile); <\/span><span class=\"s2\">una paziente COVID positiva di anni 90, ricoverata in Pronto Soccorso COVID di Pieve di Cadore e residente in Ulss Dolomiti (18 aprile); <\/span><span class=\"s2\">un paziente COVID positivo di anni 79, ricoverato in Pneumologia Covid Belluno e residente in Ulss Dolomiti ( serata 19 aprile); <\/span><span class=\"s2\">una paziente COVID positiva di anni 86, ricoverata in Medicina Covid Belluno (ospedale di comunit\u00e0 \u2013 bassa intensit\u00e0) e NON residente in Ulss Dolomiti (notte del 19 aprile)\u00a0 <\/span><strong>46 DECESSI NEGLI OSPEDALI BELLUNESI DAL 21 FEBBRAIO<\/strong> Ospedale San Martino di Belluno 31, Feltre 6, Belluno Ospedale di Comunit\u00e0 7, Agordo 1 e Pieve di Cadore 1<\/p>\n<blockquote>\n<h2>LEGGI LA CONFERENZA STAMPA DI LUCA ZAIA<\/h2>\n<\/blockquote>\n<p><em>La riapertura delle scuole non \u00e8 una nostra competenza per\u00f2 sar\u00e0 difficile gestire la ripartenza per le distanze sociali. Fumare in prossimit\u00e0 di altre persone? Non c&#8217;\u00e8 una regola ma il buon senso direbbe di non farlo.\u00a0 Nelle case di riposo tampone per tutti \u00a0gli ospiti,\u00a0 il 74% delle strutture non ha nemmeno un positivo, ovvero 244 case di riposo. Donazioni arrivano ancora e fa bene per la preparazione della fase autunnale &#8220;artiglieria per difendersi dal virus&#8221; raccolti 55 milioni di euro da pi\u00f9 di 35mila persone. Ripartenza: se il Governo decide che si pu\u00f2 aprire con gradualit\u00e0 noi affronteremo l&#8217;apertura con tutta una serie di misure in accordo con i lavoratori (parti sociali) e datori di lavoro (aziende) un percorso da fare assieme, ma prima viene la salute perch\u00e9 non siamo irresponsabili.\u00a0<\/em><\/p>\n<p><strong>TAMPONI<\/strong> 260.810 oltre a tutti i test rapidi da primo screening ovvero cinque volte di pi\u00f9 di quelli fatti in Campania, quindi non siamo gli untori da lasciare fuori delle frontiere\u00a0 ma quelli che hanno fatto pi\u00f9 tamponi, di pi\u00f9 rispetto ai 48 mila della Campania ed ha molto pi\u00f9 di un quinto dei positivi rispetto al Veneto. Non si possono fare raffronti se il numero di tamponi non \u00e8 uguale, i positivi si sommano se si vanno a trovare.<\/p>\n<p><strong>RIPARTENZA <\/strong> non c&#8217;\u00e8 nessuna decisione: il governo \u00e8 l&#8217;unico che ha competenze per aprire,\u00a0 se il governo decide di aprire noi la affrontiamo con tutta una serie di misure e il percorso viene fatto in accordo con datori di lavoro e sindacati, la Fase 2 \u00e8 la la fase di condivisione con il virus, l&#8217;altra soluzione \u00e8 non aprire nulla.\u00a0 Il virus\u00a0 ha un range di 70 giorni, lo dice la Cina e la\u00a0 Corea. Tutti hanno avuto il picco delle terapie intensive alla sesta settimana, quindi\u00a0 se dobbiamo fare la pubblicit\u00e0 progresso: &#8220;Attento, la morte e dietro all&#8217;angolo&#8221;. Che non passi l&#8217;idea che mettiamo a rischio la salute delle persone per il dio denaro,\u00a0 non apriamo se gli scienziati dicono che non si pu\u00f2.<\/p>\n<p>&nbsp;<\/p>\n<p>&nbsp;<\/p>\n<p>https:\/\/www.facebook.com\/zaiaufficiale\/videos\/560831588166026<\/p>\n","protected":false},"excerpt":{"rendered":"<p>VENEZIA Il punto stampa del Presidente del Veneto Luca Zaia I NUMERI\u00a0 AUMENTANO I POSITIVI 16.127\u00a0 (+192),\u00a0 \u00a0ATTUALMENTE POSITIVI\u00a0 10061\u00a0 DECEDUTI 1112 NEGATIVIZZATI\u00a0 4954 IN ISOLAMENTO DOMICILIARE\u00a0 11658 (-255) RICOVERATI 1453 (+5) TERAPIA INTENSIVA 180 (-4) DIMESSI 2117 DECESSI IN OSPEDALE 939, IN TOTALE 1112. I NATI 67 BELLUNO POSITIVI 904 (+48) CASI ATTUALMENTE POSITIVI\u00a0&hellip;<\/p>\n","protected":false},"author":4,"featured_media":121391,"comment_status":"closed","ping_status":"closed","sticky":false,"template":"","format":"standard","meta":{"_monsterinsights_skip_tracking":false,"_monsterinsights_sitenote_active":false,"_monsterinsights_sitenote_note":"","_monsterinsights_sitenote_category":0,"footnotes":""},"categories":[104,49],"tags":[],"class_list":["post-131560","post","type-post","status-publish","format-standard","has-post-thumbnail","hentry","category-evidenza_3","category-news-18","category-104","category-49","description-off"],"img_url":"https:\/\/www.radiopiu.net\/wordpress\/wp-content\/uploads\/2020\/03\/covid-zaia.jpg","_links":{"self":[{"href":"https:\/\/www.radiopiu.net\/wordpress\/wp-json\/wp\/v2\/posts\/131560","targetHints":{"allow":["GET"]}}],"collection":[{"href":"https:\/\/www.radiopiu.net\/wordpress\/wp-json\/wp\/v2\/posts"}],"about":[{"href":"https:\/\/www.radiopiu.net\/wordpress\/wp-json\/wp\/v2\/types\/post"}],"author":[{"embeddable":true,"href":"https:\/\/www.radiopiu.net\/wordpress\/wp-json\/wp\/v2\/users\/4"}],"replies":[{"embeddable":true,"href":"https:\/\/www.radiopiu.net\/wordpress\/wp-json\/wp\/v2\/comments?post=131560"}],"version-history":[{"count":0,"href":"https:\/\/www.radiopiu.net\/wordpress\/wp-json\/wp\/v2\/posts\/131560\/revisions"}],"wp:featuredmedia":[{"embeddable":true,"href":"https:\/\/www.radiopiu.net\/wordpress\/wp-json\/wp\/v2\/media\/121391"}],"wp:attachment":[{"href":"https:\/\/www.radiopiu.net\/wordpress\/wp-json\/wp\/v2\/media?parent=131560"}],"wp:term":[{"taxonomy":"category","embeddable":true,"href":"https:\/\/www.radiopiu.net\/wordpress\/wp-json\/wp\/v2\/categories?post=131560"},{"taxonomy":"post_tag","embeddable":true,"href":"https:\/\/www.radiopiu.net\/wordpress\/wp-json\/wp\/v2\/tags?post=131560"}],"curies":[{"name":"wp","href":"https:\/\/api.w.org\/{rel}","templated":true}]}}