{"id":131789,"date":"2020-04-21T06:29:45","date_gmt":"2020-04-21T04:29:45","guid":{"rendered":"https:\/\/www.radiopiu.net\/wordpress\/?p=131789"},"modified":"2020-04-21T06:29:45","modified_gmt":"2020-04-21T04:29:45","slug":"lamonese-quero-e-santa-giustina-di-renato-bona-2","status":"publish","type":"post","link":"https:\/\/www.radiopiu.net\/wordpress\/lamonese-quero-e-santa-giustina-di-renato-bona-2\/","title":{"rendered":"LAMONESE, QUERO E SANTA GIUSTINA di Renato Bona"},"content":{"rendered":"<p><span id=\"cch_f11c61ddce8c9f6\" class=\"_mh6 _wsc\"><span class=\"_3oh- _58nk\"><br \/>\nCi porta nel Lamonese, a Quero e Santa Giustina la quinta tappa del \u201cviaggio\u201d in ambito provinciale accompagnati, si fa per dire, dalle immagini (157 in tutto) che gli storici Giovanni Fabbiani e Giuseppe Sorge hanno scelto e commentato per il libro\u201dBelluno e provincia nelle vecchie cartoline\u201d, edito nel dicembre 1975 ad iniziativa del Lions club bellunese da Canova di Treviso per i tipi delle officine grafiche Longo e Zoppelli, pure della Marca.<br \/>\nLa prima immagine che ammiriamo \u00e8 riservata a LAMON e Fabbiani-Sorge scrivono: \u201cIl campanile di S. Daniele mentre gli austriaci asportano le campane\u201d. Segue quella col titolo \u201cIl Castello di Schen\u00e8r\u201d e la dicitura: \u201cNel 1384 Feltre e la Val Sugana passarono ai Carraresi, ma gli arciduchi di Austria conservarono il loro dominio su Primiero. Cos\u00ec tra Feltre e Primiero sorse un confine: Feltre lo mun\u00ec col castello dello Schen\u00e8r. Quelle che qui vediamo sono le muraglie in una cartolina del 1912\u201d.<br \/>\nEd eccoci a QUERO, in particolare a Castelnuovo. Cos\u00ec i due storici: \u201cSulla sinistra del Piave c\u2019era un torrione che, congiunto a Castelnuovo con una catena, segnava il limite per passare il quale bisognava pagare un pedaggio. Costruito da Venezia nel 1375, nel 1412 il castello venne riconquistato dai veneziani, pass\u00f2 ai tedeschi nella guerra di Cambrai, fu ripreso da Giovanni Brandolino, poi riconquistato dai tedeschi, torn\u00f2 a Venezia e Girolamo Miani lo difese eroicamente con 300 uomini nel 1511 da migliaia di tedeschi e guasconi del La Palisse. I tedeschi lo conquistarono e lo rovinarono facendo prigioniero il Miani: questi si vot\u00f2 alla Vergine Santissima che gli apparve e gli diede le chiavi per fuggire e lo guid\u00f2 a Treviso: qui lasci\u00f2 la carriera delle armi e fond\u00f2 la congregazione Somasca. Girolamo Miani \u00e8 santo dal 1767. Il Castello sotto cui passa la strada, rovinato anche nel 1917-18 dai tedeschi, venne restaurato dai Padri Somaschi. Per la galleria sovrastante passa la ferrovia per Feltre\u201d.<br \/>\nRestando in destra Piave ci spostiamo a SANTA GIUSTINA BELLUNESE. La foto panoramica \u00e8 cos\u00ec\u2019 commentata: \u201cIl centro del comune consisteva all\u2019inizio del secolo (la cartolina \u00e8 del 1917) nella chiesa parrocchiale e in alcuni gruppi di case intorno ad essa. Il paese \u00e8 diviso in due da un torrente attraversato da un ponte in pietra dove sostano,in attesa della foto, i soliti curiosi. All\u2019inizio del ponte una donna vende i prodotti della campagna\u201d.<br \/>\nPoco pi\u00f9 in la ed eccoci a MEANO: per illustrare l\u2019immagine della contrada principale, gli autori del libro scrivono: \u201cE\u2019 arrivata la corriera nella piazza e si \u00e8 fermata davanti la RR Poste. Ma \u00e8 arrivato anche il fotografo e mentre sta armeggiando dietro la cassetta, i ragazzi guardano incuriositi e l\u2019autista si mette in posa, mano sul fianco, appoggiandosi alla vettura\u201d. Traguardo finale a FORMEGAN, di cui \u00e8 stata scelta una foto che reca questa didascalia: \u201cLa scuola elementare realizzata nel 1928. Bambini giocano sulla strada\u201d.<br \/>\n<b>*<\/b><br \/>\nTorniamo sul personaggio Girolamo Miani, in realt\u00e0 Emiliani (la sua immagine compare nel sito santiebeati.it) sintetizzando la sua storia proposta nel sito della libera enciclopedia Wikipedia. Ultimo dei 4 figli di Angelo e di Eleonora Morosini, famiglia del patriziato veneziano, Girolamo cominci\u00f2 la carriera militare nel 1509 e prese parte alla guerra della Lega di Cambrai; nel 1511 sostitu\u00ec il fratello Luca, rimasto invalido durante il conflitto, nel ruolo di castellano del Castelnuovo di Quero, affiancato dal capitano Andrea Rimondi e da una guarnigione di 300 fanti, in seguito rinforzata con truppe inviate dal podest\u00e0 di Belluno e dalle milizie di Lodovico Battaglia. Purtroppo, di fronte alle soverchianti forze nemiche, dovette capitolare dopo un solo giorno di combattimenti. Fatto prigioniero, venne rinchiuso nei sotterranei dello stesso castello con ceppi ai piedi, alle mani e al collo, una catena fissata ad una pesante palla di marmo; nei giorni di prigionia si avvicin\u00f2 alla preghiera trovandosi, secondo la leggenda devozionale, improvvisamente libero il 27 settembre 1511; attribu\u00ec sempre la sua liberazione all\u2019intervento speciale e personale della Madonna. Fugg\u00ec a Treviso dove, di fronte alla \u201cmiracolosa immagine venerata\u201d nella chiesa di Santa Maria Maggiore sciolse il voto ponendo sull\u2019altare le catene della prigionia. Terminata la guerra nel 1516 gli venne rinnovato l\u2018incarico di governatore di Quero che terr\u00e0 fino al 1527 quando torn\u00f2 a Venezia. Nel 1528 una carestia e la peste provocarono in Italia migliaia di vittime e il nostro spende rapidamente tutti i quattrini di cui disponeva per soccorrere la gente. Il 6 febbraio 11531 and\u00f2 a vivere nella zona di San Rocco con 30 ragazzi di strada ai quali impart\u00ec istruzione di base e formazione cristiana. Si trasferisce poi nel bergamasco dove costituisce una comunit\u00e0 Somasca che papa Pio IV elever\u00e0 a Ordine religioso. Nel Trentino contrae la peste e domenica 8 febbraio 1527 muore. Fu dichiarato beato nel 1747 e canonizzato vent\u2019anni dopo. Nel 1928 papa Pio XI lo proclam\u00f2 \u201cPatrono universale degli orfani e della giovent\u00f9 abbandonata\u201d. Le sue spoglie sono custodite nel santuario di Somasca a Vercurago, in provincia di Lecco.<\/span><\/span><\/p>\n\n\t\t\t<style type='text\/css'>\n\t\t\t\t#gallery-1 {\n\t\t\t\t\tmargin: auto;\n\t\t\t\t}\n\t\t\t\t#gallery-1 .gallery-item {\n\t\t\t\t\tfloat: left;\n\t\t\t\t\tmargin-top: 10px;\n\t\t\t\t\ttext-align: center;\n\t\t\t\t\twidth: 33%;\n\t\t\t\t}\n\t\t\t\t#gallery-1 img {\n\t\t\t\t\tborder: 2px solid #cfcfcf;\n\t\t\t\t}\n\t\t\t\t#gallery-1 .gallery-caption {\n\t\t\t\t\tmargin-left: 0;\n\t\t\t\t}\n\t\t\t\t\/* see gallery_shortcode() in wp-includes\/media.php *\/\n\t\t\t<\/style>\n\t\t<div id='gallery-1' class='dt-gallery-container gallery galleryid-131789 gallery-columns-3 gallery-size-thumbnail'><dl class='gallery-item'>\n\t\t\t\t<dt class='gallery-icon portrait'>\n\t\t\t\t\t<a class=\"rollover\" href='https:\/\/www.radiopiu.net\/wordpress\/lamonese-quero-e-santa-giustina-di-renato-bona-2\/93869507_240735123964243_7805036688819879936_n-2\/'><img loading=\"lazy\" decoding=\"async\" width=\"150\" height=\"150\" src=\"https:\/\/www.radiopiu.net\/wordpress\/wp-content\/uploads\/2020\/04\/93869507_240735123964243_7805036688819879936_n-1-150x150.jpg\" class=\"attachment-thumbnail size-thumbnail\" alt=\"\" \/><\/a>\n\t\t\t\t<\/dt><\/dl><dl class='gallery-item'>\n\t\t\t\t<dt class='gallery-icon portrait'>\n\t\t\t\t\t<a class=\"rollover\" href='https:\/\/www.radiopiu.net\/wordpress\/lamonese-quero-e-santa-giustina-di-renato-bona-2\/93702710_865727020559883_1867319160300634112_n-2\/'><img loading=\"lazy\" decoding=\"async\" width=\"150\" height=\"150\" src=\"https:\/\/www.radiopiu.net\/wordpress\/wp-content\/uploads\/2020\/04\/93702710_865727020559883_1867319160300634112_n-1-150x150.jpg\" class=\"attachment-thumbnail size-thumbnail\" alt=\"\" \/><\/a>\n\t\t\t\t<\/dt><\/dl><dl class='gallery-item'>\n\t\t\t\t<dt class='gallery-icon landscape'>\n\t\t\t\t\t<a class=\"rollover\" href='https:\/\/www.radiopiu.net\/wordpress\/lamonese-quero-e-santa-giustina-di-renato-bona-2\/93949312_222587099050215_873189026192949248_n-2\/'><img loading=\"lazy\" decoding=\"async\" width=\"150\" height=\"150\" src=\"https:\/\/www.radiopiu.net\/wordpress\/wp-content\/uploads\/2020\/04\/93949312_222587099050215_873189026192949248_n-1-150x150.jpg\" class=\"attachment-thumbnail size-thumbnail\" alt=\"\" \/><\/a>\n\t\t\t\t<\/dt><\/dl><br style=\"clear: both\" \/><dl class='gallery-item'>\n\t\t\t\t<dt class='gallery-icon portrait'>\n\t\t\t\t\t<a class=\"rollover\" href='https:\/\/www.radiopiu.net\/wordpress\/lamonese-quero-e-santa-giustina-di-renato-bona-2\/93826589_258253425300776_4543502682458947584_n-2\/'><img loading=\"lazy\" decoding=\"async\" width=\"150\" height=\"150\" src=\"https:\/\/www.radiopiu.net\/wordpress\/wp-content\/uploads\/2020\/04\/93826589_258253425300776_4543502682458947584_n-1-150x150.jpg\" class=\"attachment-thumbnail size-thumbnail\" alt=\"\" \/><\/a>\n\t\t\t\t<\/dt><\/dl><dl class='gallery-item'>\n\t\t\t\t<dt class='gallery-icon landscape'>\n\t\t\t\t\t<a class=\"rollover\" href='https:\/\/www.radiopiu.net\/wordpress\/lamonese-quero-e-santa-giustina-di-renato-bona-2\/94134672_1071409689898356_8682327056593190912_n-2\/'><img loading=\"lazy\" decoding=\"async\" width=\"150\" height=\"150\" src=\"https:\/\/www.radiopiu.net\/wordpress\/wp-content\/uploads\/2020\/04\/94134672_1071409689898356_8682327056593190912_n-1-150x150.jpg\" class=\"attachment-thumbnail size-thumbnail\" alt=\"\" \/><\/a>\n\t\t\t\t<\/dt><\/dl><dl class='gallery-item'>\n\t\t\t\t<dt class='gallery-icon landscape'>\n\t\t\t\t\t<a class=\"rollover\" href='https:\/\/www.radiopiu.net\/wordpress\/lamonese-quero-e-santa-giustina-di-renato-bona-2\/93691644_636632393843952_5695550075321712640_n-2\/'><img loading=\"lazy\" decoding=\"async\" width=\"150\" height=\"150\" src=\"https:\/\/www.radiopiu.net\/wordpress\/wp-content\/uploads\/2020\/04\/93691644_636632393843952_5695550075321712640_n-1-150x150.jpg\" class=\"attachment-thumbnail size-thumbnail\" alt=\"\" \/><\/a>\n\t\t\t\t<\/dt><\/dl><br style=\"clear: both\" \/><dl class='gallery-item'>\n\t\t\t\t<dt class='gallery-icon landscape'>\n\t\t\t\t\t<a class=\"rollover\" href='https:\/\/www.radiopiu.net\/wordpress\/lamonese-quero-e-santa-giustina-di-renato-bona-2\/93670631_262670484910765_2822902074595868672_n-2\/'><img loading=\"lazy\" decoding=\"async\" width=\"150\" height=\"150\" src=\"https:\/\/www.radiopiu.net\/wordpress\/wp-content\/uploads\/2020\/04\/93670631_262670484910765_2822902074595868672_n-1-150x150.jpg\" class=\"attachment-thumbnail size-thumbnail\" alt=\"\" \/><\/a>\n\t\t\t\t<\/dt><\/dl>\n\t\t\t\t<br style='clear: both' \/>\n\t\t\t<\/div>\n\n","protected":false},"excerpt":{"rendered":"<p>Ci porta nel Lamonese, a Quero e Santa Giustina la quinta tappa del \u201cviaggio\u201d in ambito provinciale accompagnati, si fa per dire, dalle immagini (157 in tutto) che gli storici Giovanni Fabbiani e Giuseppe Sorge hanno scelto e commentato per il libro\u201dBelluno e provincia nelle vecchie cartoline\u201d, edito nel dicembre 1975 ad iniziativa del Lions&hellip;<\/p>\n","protected":false},"author":1,"featured_media":131796,"comment_status":"closed","ping_status":"closed","sticky":false,"template":"","format":"standard","meta":{"_monsterinsights_skip_tracking":false,"_monsterinsights_sitenote_active":false,"_monsterinsights_sitenote_note":"","_monsterinsights_sitenote_category":0,"footnotes":""},"categories":[49],"tags":[],"class_list":["post-131789","post","type-post","status-publish","format-standard","has-post-thumbnail","hentry","category-news-18","category-49","description-off"],"img_url":"https:\/\/www.radiopiu.net\/wordpress\/wp-content\/uploads\/2020\/04\/93670631_262670484910765_2822902074595868672_n-1.jpg","_links":{"self":[{"href":"https:\/\/www.radiopiu.net\/wordpress\/wp-json\/wp\/v2\/posts\/131789","targetHints":{"allow":["GET"]}}],"collection":[{"href":"https:\/\/www.radiopiu.net\/wordpress\/wp-json\/wp\/v2\/posts"}],"about":[{"href":"https:\/\/www.radiopiu.net\/wordpress\/wp-json\/wp\/v2\/types\/post"}],"author":[{"embeddable":true,"href":"https:\/\/www.radiopiu.net\/wordpress\/wp-json\/wp\/v2\/users\/1"}],"replies":[{"embeddable":true,"href":"https:\/\/www.radiopiu.net\/wordpress\/wp-json\/wp\/v2\/comments?post=131789"}],"version-history":[{"count":0,"href":"https:\/\/www.radiopiu.net\/wordpress\/wp-json\/wp\/v2\/posts\/131789\/revisions"}],"wp:featuredmedia":[{"embeddable":true,"href":"https:\/\/www.radiopiu.net\/wordpress\/wp-json\/wp\/v2\/media\/131796"}],"wp:attachment":[{"href":"https:\/\/www.radiopiu.net\/wordpress\/wp-json\/wp\/v2\/media?parent=131789"}],"wp:term":[{"taxonomy":"category","embeddable":true,"href":"https:\/\/www.radiopiu.net\/wordpress\/wp-json\/wp\/v2\/categories?post=131789"},{"taxonomy":"post_tag","embeddable":true,"href":"https:\/\/www.radiopiu.net\/wordpress\/wp-json\/wp\/v2\/tags?post=131789"}],"curies":[{"name":"wp","href":"https:\/\/api.w.org\/{rel}","templated":true}]}}