{"id":131842,"date":"2020-04-21T15:23:31","date_gmt":"2020-04-21T13:23:31","guid":{"rendered":"https:\/\/www.radiopiu.net\/wordpress\/?p=131842"},"modified":"2020-04-21T15:52:24","modified_gmt":"2020-04-21T13:52:24","slug":"quando-il-partigiano-ottorino-de-col-salvo-mia-mamma","status":"publish","type":"post","link":"https:\/\/www.radiopiu.net\/wordpress\/quando-il-partigiano-ottorino-de-col-salvo-mia-mamma\/","title":{"rendered":"QUANDO IL PARTIGIANO OTTORINO DE COL SALVO&#8217; MIA MAMMA&#8230;"},"content":{"rendered":"<p><a class=\"dt-pswp-item\" href=\"https:\/\/www.radiopiu.net\/wordpress\/wp-content\/uploads\/2020\/04\/WhatsApp-Image-2020-04-05-at-14.27.30.jpeg\" data-dt-img-description=\"\" data-large_image_width=\"1200\" data-large_image_height=\"1599\"><img loading=\"lazy\" decoding=\"async\" class=\"size-medium wp-image-127699 alignleft\" src=\"https:\/\/www.radiopiu.net\/wordpress\/wp-content\/uploads\/2020\/04\/WhatsApp-Image-2020-04-05-at-14.27.30-225x300.jpeg\" alt=\"\" width=\"225\" height=\"300\" srcset=\"https:\/\/www.radiopiu.net\/wordpress\/wp-content\/uploads\/2020\/04\/WhatsApp-Image-2020-04-05-at-14.27.30-225x300.jpeg 225w, https:\/\/www.radiopiu.net\/wordpress\/wp-content\/uploads\/2020\/04\/WhatsApp-Image-2020-04-05-at-14.27.30-768x1023.jpeg 768w, https:\/\/www.radiopiu.net\/wordpress\/wp-content\/uploads\/2020\/04\/WhatsApp-Image-2020-04-05-at-14.27.30-1153x1536.jpeg 1153w, https:\/\/www.radiopiu.net\/wordpress\/wp-content\/uploads\/2020\/04\/WhatsApp-Image-2020-04-05-at-14.27.30.jpeg 1200w\" sizes=\"auto, (max-width: 225px) 100vw, 225px\" \/><\/a><strong>RADIO PIU&#8217;<\/strong> Riceviamo e pubblichiamo un ricordo di Ottorino de Col che salv\u00f2 la vita ad una donna<\/p>\n<blockquote>\n<p class=\"p1\"><span class=\"s1\">Ho sentito attraverso la vostra radio , che verr\u00e0 ripristinata la lapide del partigiano Ottorino De Col presso la rotonda di Ponte Alto , con l&#8217;occasione volevo raccontare un fatto che \u00e8 successo a mia mamma che le ha salvato la vita, proprio durante l&#8217;uccisione del povero partigiano. Dunque, quel giorno mia nonna Lucia (visto il pericolo della ritirata dei tedeschi che saccheggiavano le case) era andata a rifugiarsi presso una parente in localit\u00e0 Santel di Rivamonte con la mucca e i suoi due figli pi\u00f9 piccoli Lino e Luciano . Mia mamma doveva raggiungerli in serata dopo aver sistemato la casa e raccolto le uova delle galline rimaste nel pollaio. Nel tardo pomeriggio, mia mamma di 17 anni mentre si avviava verso Ponte Alto, incontra un uomo che le dice<\/span><em><span class=\"s1\"> &#8221; onde vasto tosata?&#8221;<\/span><\/em><span class=\"s1\"> e mia mamma risponde <\/span><em><span class=\"s1\">&#8220;Vae su ai Saltel da me mare&#8221; <\/span><\/em><span class=\"s1\">e l&#8217;uomo<\/span><em><span class=\"s1\"> &#8220;onde stastu?&#8221; &#8220;Stae qua in te st\u00e0 casa&#8221; indicando la casa vicina <\/span><\/em><span class=\"s1\">( a fianco della officina Schena Lino)<\/span><em><span class=\"s1\"> &#8221; <\/span><\/em><em><span class=\"s1\">scampa in inte, noo nte la to casa, perch\u00e9 le i tedeschi su a Paluc che i te spara ..cori cori li&#8221; <\/span><\/em><span class=\"s1\">Cos\u00ec mia mamma si mise a correre verso la casa dei &#8220;Schenot&#8221; e incominci\u00f2 a sentire le pallottole della mitragliatrice che le saltavano attorno alle gambe, finalmente arriv\u00f2 al portone di casa &#8220;Schenot&#8221; (attualmente Bed e Breakfast) buss\u00f2 con insistenza dicendo <\/span><em><span class=\"s1\">&#8221; verdime..! verdime!!&#8221; <\/span><\/em><span class=\"s1\">e una voce<\/span><em><span class=\"s1\"> &#8221; elo chi ??&#8221; &#8221; son la Maria dei Guerini!. <\/span><\/em><span class=\"s1\">Aprirono la porta, e and\u00f2 gi\u00f9 di corsa nella cantina della casa dove cerano altre persone rifugiate . Sentiva i colpi della mitragliatrice, qualcuno restava in un angolo muto impaurito, altri pregavano dicendo il rosario Arriv\u00f2 sera , vennero a chiamare mio padre poco pi\u00f9 che ventenne e mia zia Erminia di 23 anni perch\u00e9 c&#8217;era un ferito da soccorrere. Cos\u00ec loro, uscirono dal rifugio e andarono a soccorrere il partigiano ferito per portarlo all&#8217;ospedale da campo in Agordo<\/span><em><span class=\"s1\">. <\/span><\/em><span class=\"s1\">Al mattino seguente si seppe che non ce l&#8217;aveva fatta. Mia mamma quando ritorn\u00f2 a casa, trov\u00f2 le finestre spaccate dalle pallottole della mitragliatrice e molti vetri all&#8217;interno, per terra e sul letto, ringrazi\u00f2 quel uomo che le aveva detto di scappare e di non rifugiarsi a casa altrimenti sarebbe stata colpita anche lei. Penso che il partigiano De Col combattendo per la libert\u00e0, abbia salvato la vita di tante altre persone e non solo quella di mia madre che presto compir\u00e0 92 anni.<\/span><\/p>\n<p class=\"p1\"><em><span class=\"s1\">La figlia Luisa<\/span><\/em><\/p>\n<\/blockquote>\n<p><strong>IL SERVIZIO DI GIANNI SANTOMASO<\/strong><\/p>\n<audio class=\"wp-audio-shortcode\" id=\"audio-131842-1\" preload=\"none\" style=\"width: 100%;\" controls=\"controls\"><source type=\"audio\/mpeg\" src=\"https:\/\/www.radiopiu.net\/wordpress\/wp-content\/uploads\/2020\/04\/GIANNI-LAPIDE-OTORINO-DE-COL.mp3?_=1\" \/><a href=\"https:\/\/www.radiopiu.net\/wordpress\/wp-content\/uploads\/2020\/04\/GIANNI-LAPIDE-OTORINO-DE-COL.mp3\">https:\/\/www.radiopiu.net\/wordpress\/wp-content\/uploads\/2020\/04\/GIANNI-LAPIDE-OTORINO-DE-COL.mp3<\/a><\/audio>\n<p>&nbsp;<\/p>\n<p>&nbsp;<\/p>\n<p>&nbsp;<\/p>\n","protected":false},"excerpt":{"rendered":"<p>RADIO PIU&#8217; Riceviamo e pubblichiamo un ricordo di Ottorino de Col che salv\u00f2 la vita ad una donna Ho sentito attraverso la vostra radio , che verr\u00e0 ripristinata la lapide del partigiano Ottorino De Col presso la rotonda di Ponte Alto , con l&#8217;occasione volevo raccontare un fatto che \u00e8 successo a mia mamma che&hellip;<\/p>\n","protected":false},"author":4,"featured_media":131844,"comment_status":"closed","ping_status":"closed","sticky":false,"template":"","format":"standard","meta":{"_monsterinsights_skip_tracking":false,"_monsterinsights_sitenote_active":false,"_monsterinsights_sitenote_note":"","_monsterinsights_sitenote_category":0,"footnotes":""},"categories":[49],"tags":[],"class_list":["post-131842","post","type-post","status-publish","format-standard","has-post-thumbnail","hentry","category-news-18","category-49","description-off"],"img_url":"https:\/\/www.radiopiu.net\/wordpress\/wp-content\/uploads\/2020\/04\/OTTORINO-DE-COL.jpeg","_links":{"self":[{"href":"https:\/\/www.radiopiu.net\/wordpress\/wp-json\/wp\/v2\/posts\/131842","targetHints":{"allow":["GET"]}}],"collection":[{"href":"https:\/\/www.radiopiu.net\/wordpress\/wp-json\/wp\/v2\/posts"}],"about":[{"href":"https:\/\/www.radiopiu.net\/wordpress\/wp-json\/wp\/v2\/types\/post"}],"author":[{"embeddable":true,"href":"https:\/\/www.radiopiu.net\/wordpress\/wp-json\/wp\/v2\/users\/4"}],"replies":[{"embeddable":true,"href":"https:\/\/www.radiopiu.net\/wordpress\/wp-json\/wp\/v2\/comments?post=131842"}],"version-history":[{"count":0,"href":"https:\/\/www.radiopiu.net\/wordpress\/wp-json\/wp\/v2\/posts\/131842\/revisions"}],"wp:featuredmedia":[{"embeddable":true,"href":"https:\/\/www.radiopiu.net\/wordpress\/wp-json\/wp\/v2\/media\/131844"}],"wp:attachment":[{"href":"https:\/\/www.radiopiu.net\/wordpress\/wp-json\/wp\/v2\/media?parent=131842"}],"wp:term":[{"taxonomy":"category","embeddable":true,"href":"https:\/\/www.radiopiu.net\/wordpress\/wp-json\/wp\/v2\/categories?post=131842"},{"taxonomy":"post_tag","embeddable":true,"href":"https:\/\/www.radiopiu.net\/wordpress\/wp-json\/wp\/v2\/tags?post=131842"}],"curies":[{"name":"wp","href":"https:\/\/api.w.org\/{rel}","templated":true}]}}