{"id":131958,"date":"2020-04-21T23:58:55","date_gmt":"2020-04-21T21:58:55","guid":{"rendered":"https:\/\/www.radiopiu.net\/wordpress\/?p=131958"},"modified":"2020-04-21T15:58:44","modified_gmt":"2020-04-21T13:58:44","slug":"datevi-al-meglio-della-vita-di-renato-bona","status":"publish","type":"post","link":"https:\/\/www.radiopiu.net\/wordpress\/datevi-al-meglio-della-vita-di-renato-bona\/","title":{"rendered":"\u201cDATEVI AL MEGLIO DELLA VITA\u201d di Renato Bona"},"content":{"rendered":"<p><a class=\"dt-pswp-item\" href=\"https:\/\/www.radiopiu.net\/wordpress\/wp-content\/uploads\/2019\/08\/553085_385905871470280_1626001170_n-1.jpg\" data-dt-img-description=\"\" data-large_image_width=\"855\" data-large_image_height=\"569\"><img loading=\"lazy\" decoding=\"async\" class=\"wp-image-94594 alignleft\" src=\"https:\/\/www.radiopiu.net\/wordpress\/wp-content\/uploads\/2019\/08\/553085_385905871470280_1626001170_n-1-300x200.jpg\" alt=\"\" width=\"158\" height=\"105\" srcset=\"https:\/\/www.radiopiu.net\/wordpress\/wp-content\/uploads\/2019\/08\/553085_385905871470280_1626001170_n-1-300x200.jpg 300w, https:\/\/www.radiopiu.net\/wordpress\/wp-content\/uploads\/2019\/08\/553085_385905871470280_1626001170_n-1-768x511.jpg 768w, https:\/\/www.radiopiu.net\/wordpress\/wp-content\/uploads\/2019\/08\/553085_385905871470280_1626001170_n-1.jpg 855w\" sizes=\"auto, (max-width: 158px) 100vw, 158px\" \/><\/a><strong>di Renato Bona <\/strong><\/p>\n<p>Bella iniziativa quella proposta per sabato 9 maggio prossimo dalla Pastorale giovanile della Diocesi di Belluno-Feltre. Si tratta di un incontro di testimonianza e condivisione che &#8211; lo scrive il sito chiesabellunofeltre della Diocesi a capo della quale vi \u00e8 il vescovo Renato Marangoni &#8211; intende preparare la quarta domenica di Pasqua e celebrare la 57. \u201cGiornata di preghiera per le vocazioni\u201d che ricorre l\u2019indomani Lo slogan prescelto (attingendo all\u2019Esortazione \u201cChristus vivit\u201d n. 143, di Papa Francesco) \u00e8: \u201cDatevi al meglio della vita!\u201d; con un\u2019ulteriore esortazione: \u201cAprite le porte della gabbia e volate via! Per favore, non andate in pensione prima del tempo\u201d.<br \/>\nMa ecco quanto riporta \u201cchiesabellunofeltre\u201d (con la puntualizzazione che i referenti della proposta sono: don Roberto De Nardin (direttore della Pastorale, cellulare 349-7253880) , sorella Elisa Busatto (334-1961560) e Paola Sacchetto (3489107346): \u201cGiovani non rinunciate al meglio della vostra giovinezza, non osservate la vita dal balcone. Non confondete la felicit\u00e0 con un divano e non passate tutta la vostra vita davanti a uno schermo. Non riducetevi nemmeno al triste spettacolo di un veicolo abbandonato. Non siate auto parcheggiate, lasciate piuttosto sbocciare i sogni e prendete decisioni. Rischiate anche se sbaglierete. Non sopravvivete con l\u2019anima anestetizzata e non guardate il mondo come se foste turisti. Fatevi sentire! Scacciate le paure che vi paralizzano, per non diventare giovani mummificati\u201d.<br \/>\nE poi la sottolineatura che \u201cNella situazione che ormai da inizio marzo ha di fatto scardinato la rotta delle nostre giornate, rallentandone la corsa, mandando all\u2019aria tanti dei nostri programmi e indebolendo una sicurezza su cui forse ci eravamo fin troppo appoggiati, l\u2019invito a cercare davvero il \u2018meglio\u2019 della vita \u00e8 una sfida che assume tutta la sua importanza , insieme al suo \u2018rischio\u2019. Ci\u00f2 vale in special modo per i giovani che si affacciano a guardare al loro futuro e a compiere delle scelte ma anche a tutti coloro che hanno orientato la propria esistenza in una direzione e ogni giorno rinnovano la fedelt\u00e0 a quella scelta\u201d. Dunque: \u201cAiutati dagli amici che stanno compiendo il cammino \u2018Kairos\u2019 (per la nuova Evangelizzazione con una attenzione particolare al Cammino Neocatecumenale \u2013 ndr.) e dalla testimonianza di fratelli di fede che hanno sperimentato la prova di questo tempo, l\u2019invito \u00e8 quello di incontrarsi nell\u2019ascolto della Parola del Signore per condividere e pregare insieme\u201d. Conclude la puntualizzazione che, nell\u2019ovvia impossibilit\u00e0 di trovarsi fisicamente in un unico luogo fisico, \u201cla necessit\u00e0 del momento \u00e8 divenuta &#8211; come si suol dire &#8211; virt\u00f9 ed ha portato ad escogitare una modalit\u00e0 altra di fare comunione e di condividere da luoghi diversi: le nostre case\u201d dato che \u201cOrmai vedersi e parlarsi dallo schermo di un computer \u00e8 divenuta prassi comune a cui ci siamo dovuti adattare in tanti ambiti, dal lavoro alla scuola. Forse non \u00e8 il massimo\u2026 ma di sicuro il meglio possibile!\u201d.<br \/>\nDa ultimo la puntualizzazione che l\u2019invito all\u2019appuntamento \u00e8 rivolto a chi, dai 18 anni in su, si iscriva entro gioved\u00ec 7 maggio su <a href=\"http:\/\/www.chiesabellunofeltre.it\/datevialmegliodellavita\/?fbclid=IwAR1ijmkqDxq25Xflt4PxjdIbGa0-LzkBeQ2hX0OshW5tzK1H6CqyejyIbE4\" target=\"_blank\" rel=\"nofollow noopener noreferrer\" data-lynx-mode=\"hover\" data-lynx-uri=\"https:\/\/l.facebook.com\/l.php?u=http%3A%2F%2Fwww.chiesabellunofeltre.it%2Fdatevialmegliodellavita%2F%3Ffbclid%3DIwAR1ijmkqDxq25Xflt4PxjdIbGa0-LzkBeQ2hX0OshW5tzK1H6CqyejyIbE4&amp;h=AT2uC83Xy8Cur8JteUlqxI26ySonh4X38Y5Wj5wZMRz6zLAtlkuDa3YrOb1qKi4sNZaK8KgHlYE7cCnPsCyF-lAom1aQAPDhy_fPMsbEVvo65gzvmPxManwprr61_jSz9hfKRVAE\">http:\/\/www.chiesabellunofeltre.it\/datevialmegliodellavita\/<\/a> per<br \/>\navere poi le informazioni sulle modalit\u00e0 di partecipazione. Alle 15,30 ci sar\u00e0 la connessione: accoglienza e introduzione quindi in ascolto della Parola: \u201cCapite quello che ho fatto per voi?\u201d; racconti di vita; scambio e condivisione.<br \/>\nNELLE FOTO (sito chiesabellunofeltre): il direttore della Pastorale giovanile di Belluno-Feltre don Roberto De Nardin, immagini a corredo dell\u2019annuncio dell\u2019evento; il logo di Kairos.<\/p>\n\n\t\t\t<style type='text\/css'>\n\t\t\t\t#gallery-1 {\n\t\t\t\t\tmargin: auto;\n\t\t\t\t}\n\t\t\t\t#gallery-1 .gallery-item {\n\t\t\t\t\tfloat: left;\n\t\t\t\t\tmargin-top: 10px;\n\t\t\t\t\ttext-align: center;\n\t\t\t\t\twidth: 20%;\n\t\t\t\t}\n\t\t\t\t#gallery-1 img {\n\t\t\t\t\tborder: 2px solid #cfcfcf;\n\t\t\t\t}\n\t\t\t\t#gallery-1 .gallery-caption {\n\t\t\t\t\tmargin-left: 0;\n\t\t\t\t}\n\t\t\t\t\/* see gallery_shortcode() in wp-includes\/media.php *\/\n\t\t\t<\/style>\n\t\t<div id='gallery-1' class='dt-gallery-container gallery galleryid-131958 gallery-columns-5 gallery-size-thumbnail'><dl class='gallery-item'>\n\t\t\t\t<dt class='gallery-icon landscape'>\n\t\t\t\t\t<a class=\"rollover\" href='https:\/\/www.radiopiu.net\/wordpress\/datevi-al-meglio-della-vita-di-renato-bona\/93790734_535334753796507_4671485505219592192_n\/'><img loading=\"lazy\" decoding=\"async\" width=\"150\" height=\"150\" src=\"https:\/\/www.radiopiu.net\/wordpress\/wp-content\/uploads\/2020\/04\/93790734_535334753796507_4671485505219592192_n-150x150.png\" class=\"attachment-thumbnail size-thumbnail\" alt=\"\" \/><\/a>\n\t\t\t\t<\/dt><\/dl><dl class='gallery-item'>\n\t\t\t\t<dt class='gallery-icon landscape'>\n\t\t\t\t\t<a class=\"rollover\" href='https:\/\/www.radiopiu.net\/wordpress\/datevi-al-meglio-della-vita-di-renato-bona\/93890218_810258962713945_4683680197273190400_n\/'><img loading=\"lazy\" decoding=\"async\" width=\"150\" height=\"150\" src=\"https:\/\/www.radiopiu.net\/wordpress\/wp-content\/uploads\/2020\/04\/93890218_810258962713945_4683680197273190400_n-150x150.jpg\" class=\"attachment-thumbnail size-thumbnail\" alt=\"\" \/><\/a>\n\t\t\t\t<\/dt><\/dl><dl class='gallery-item'>\n\t\t\t\t<dt class='gallery-icon landscape'>\n\t\t\t\t\t<a class=\"rollover\" href='https:\/\/www.radiopiu.net\/wordpress\/datevi-al-meglio-della-vita-di-renato-bona\/94302366_543670026289759_5544383895270588416_n\/'><img loading=\"lazy\" decoding=\"async\" width=\"150\" height=\"150\" src=\"https:\/\/www.radiopiu.net\/wordpress\/wp-content\/uploads\/2020\/04\/94302366_543670026289759_5544383895270588416_n-150x150.png\" class=\"attachment-thumbnail size-thumbnail\" alt=\"\" \/><\/a>\n\t\t\t\t<\/dt><\/dl><dl class='gallery-item'>\n\t\t\t\t<dt class='gallery-icon landscape'>\n\t\t\t\t\t<a class=\"rollover\" href='https:\/\/www.radiopiu.net\/wordpress\/datevi-al-meglio-della-vita-di-renato-bona\/93886905_606252209980913_59157762843607040_n\/'><img loading=\"lazy\" decoding=\"async\" width=\"150\" height=\"150\" src=\"https:\/\/www.radiopiu.net\/wordpress\/wp-content\/uploads\/2020\/04\/93886905_606252209980913_59157762843607040_n-150x150.jpg\" class=\"attachment-thumbnail size-thumbnail\" alt=\"\" \/><\/a>\n\t\t\t\t<\/dt><\/dl><dl class='gallery-item'>\n\t\t\t\t<dt class='gallery-icon landscape'>\n\t\t\t\t\t<a class=\"rollover\" href='https:\/\/www.radiopiu.net\/wordpress\/datevi-al-meglio-della-vita-di-renato-bona\/94257872_233717897686780_8016847257334710272_n\/'><img loading=\"lazy\" decoding=\"async\" width=\"150\" height=\"150\" src=\"https:\/\/www.radiopiu.net\/wordpress\/wp-content\/uploads\/2020\/04\/94257872_233717897686780_8016847257334710272_n-150x150.jpg\" class=\"attachment-thumbnail size-thumbnail\" alt=\"\" \/><\/a>\n\t\t\t\t<\/dt><\/dl><br style=\"clear: both\" \/>\n\t\t\t<\/div>\n\n","protected":false},"excerpt":{"rendered":"<p>di Renato Bona Bella iniziativa quella proposta per sabato 9 maggio prossimo dalla Pastorale giovanile della Diocesi di Belluno-Feltre. Si tratta di un incontro di testimonianza e condivisione che &#8211; lo scrive il sito chiesabellunofeltre della Diocesi a capo della quale vi \u00e8 il vescovo Renato Marangoni &#8211; intende preparare la quarta domenica di Pasqua&hellip;<\/p>\n","protected":false},"author":4,"featured_media":131962,"comment_status":"closed","ping_status":"closed","sticky":false,"template":"","format":"standard","meta":{"_monsterinsights_skip_tracking":false,"_monsterinsights_sitenote_active":false,"_monsterinsights_sitenote_note":"","_monsterinsights_sitenote_category":0,"footnotes":""},"categories":[49],"tags":[],"class_list":["post-131958","post","type-post","status-publish","format-standard","has-post-thumbnail","hentry","category-news-18","category-49","description-off"],"img_url":"https:\/\/www.radiopiu.net\/wordpress\/wp-content\/uploads\/2020\/04\/94302366_543670026289759_5544383895270588416_n.png","_links":{"self":[{"href":"https:\/\/www.radiopiu.net\/wordpress\/wp-json\/wp\/v2\/posts\/131958","targetHints":{"allow":["GET"]}}],"collection":[{"href":"https:\/\/www.radiopiu.net\/wordpress\/wp-json\/wp\/v2\/posts"}],"about":[{"href":"https:\/\/www.radiopiu.net\/wordpress\/wp-json\/wp\/v2\/types\/post"}],"author":[{"embeddable":true,"href":"https:\/\/www.radiopiu.net\/wordpress\/wp-json\/wp\/v2\/users\/4"}],"replies":[{"embeddable":true,"href":"https:\/\/www.radiopiu.net\/wordpress\/wp-json\/wp\/v2\/comments?post=131958"}],"version-history":[{"count":0,"href":"https:\/\/www.radiopiu.net\/wordpress\/wp-json\/wp\/v2\/posts\/131958\/revisions"}],"wp:featuredmedia":[{"embeddable":true,"href":"https:\/\/www.radiopiu.net\/wordpress\/wp-json\/wp\/v2\/media\/131962"}],"wp:attachment":[{"href":"https:\/\/www.radiopiu.net\/wordpress\/wp-json\/wp\/v2\/media?parent=131958"}],"wp:term":[{"taxonomy":"category","embeddable":true,"href":"https:\/\/www.radiopiu.net\/wordpress\/wp-json\/wp\/v2\/categories?post=131958"},{"taxonomy":"post_tag","embeddable":true,"href":"https:\/\/www.radiopiu.net\/wordpress\/wp-json\/wp\/v2\/tags?post=131958"}],"curies":[{"name":"wp","href":"https:\/\/api.w.org\/{rel}","templated":true}]}}