{"id":132083,"date":"2020-04-22T04:47:31","date_gmt":"2020-04-22T02:47:31","guid":{"rendered":"https:\/\/www.radiopiu.net\/wordpress\/?p=132083"},"modified":"2020-04-22T05:49:32","modified_gmt":"2020-04-22T03:49:32","slug":"la-valle-non-brucia-lom-salvarech-ma-aiuta-il-pronto-soccorso-di-agordo","status":"publish","type":"post","link":"https:\/\/www.radiopiu.net\/wordpress\/la-valle-non-brucia-lom-salvarech-ma-aiuta-il-pronto-soccorso-di-agordo\/","title":{"rendered":"LA VALLE NON BRUCIA L&#8217;OM SALVARECH, MA AIUTA IL PRONTO SOCCORSO DI AGORDO"},"content":{"rendered":"<p><b><a class=\"dt-pswp-item\" href=\"https:\/\/www.radiopiu.net\/wordpress\/wp-content\/uploads\/2020\/04\/21319020_1674779645874364_5944090211528058746_o.jpg\" data-dt-img-description=\"\" data-large_image_width=\"960\" data-large_image_height=\"960\"><img loading=\"lazy\" decoding=\"async\" class=\"wp-image-132084 alignleft\" src=\"https:\/\/www.radiopiu.net\/wordpress\/wp-content\/uploads\/2020\/04\/21319020_1674779645874364_5944090211528058746_o.jpg\" alt=\"\" width=\"196\" height=\"196\" srcset=\"https:\/\/www.radiopiu.net\/wordpress\/wp-content\/uploads\/2020\/04\/21319020_1674779645874364_5944090211528058746_o.jpg 960w, https:\/\/www.radiopiu.net\/wordpress\/wp-content\/uploads\/2020\/04\/21319020_1674779645874364_5944090211528058746_o-300x300.jpg 300w, https:\/\/www.radiopiu.net\/wordpress\/wp-content\/uploads\/2020\/04\/21319020_1674779645874364_5944090211528058746_o-150x150.jpg 150w, https:\/\/www.radiopiu.net\/wordpress\/wp-content\/uploads\/2020\/04\/21319020_1674779645874364_5944090211528058746_o-768x768.jpg 768w\" sizes=\"auto, (max-width: 196px) 100vw, 196px\" \/><\/a>LA VALLE <\/b>La Proloco di La Valle ha donato al pronto soccorso di Agordo 6400 euro, ne da notizia la pagina facebook.\u00a0 D O N S E N A M A N 2 0 2 0: &#8220;Diamoci una mano. \u00c8 il nostro modo di dire \u201cnoi ci siamo\u201d, noi crediamo nel nostro paese, nella nostra terra. Noi lavallesi siamo particolari, forse un po\u2019 difficili, ma siamo sempre disposti a venire incontro e abbiamo il cuore che sa sorridere. Il 25 aprile non sentiremo gridare \u201cViva viva l\u2019Om Salvarech\u201d, non si brucer\u00e0 il vecchio per dare spazio al nuovo, non si correr\u00e0 Su e do per i Coi n\u00e9 si faranno feste da ballo inte in cao a Conaia. Niente fermer\u00e0 la nostra volont\u00e0 di stare insieme, di guardare avanti e di fare il gesto pi\u00f9 semplice che ci sia: tendere la mano. Abbiamo quindi pensato di aiutare chi ci ha reso pi\u00f9 lieve questo momento, chi ci insegna giornalmente ad avere cura del prossimo. Insieme, noi Associazioni Lavallesi Riunite abbiamo raccolto un piccolo contributo (\u20ac 6.400,00), il quale \u00e8 stato interamente devoluto al Pronto Soccorso di Agordo&#8221;.<\/p>\n<p><strong>Cosita, in scapin, come che ne pias a noiauter. Cosita, anca sto an, avon dat na man.<\/strong><\/p>\n<p><a class=\"profileLink\" href=\"https:\/\/www.facebook.com\/groups\/168518373179350\/?fref=mentions&amp;__xts__%5B0%5D=68.ARAVTFpL7ma3b0qBNljGM1I7TVQSm1Dc_BgCCzrHm8yoq_KworhIBxjOAV8nOIfg1ijHHrCMKOBX9zP5RitYrm0F4R100OF17xQam-dbOOx9YFNbiIGBglAp6RoL_sC7Z8NfecHSIAmrdX52eUfSpNEJ3ivCyCvJ4pOfyJLfT9UbRte1gmvTJ9K9thYiigmr-1itRKYN71HFzPaABKR7Nz8nAn6UvqFpEKd98IuOCesnoodvbSVtWZ4YmSpJyLSQI3zwDjEx9Od-qpTnwTw1sbNkX7b5uv6hIl1sLRZxOfxfbmEUatKLQXINZfh8Hogm1YqLwsDj5yU_FIFh6ymXPgX62A&amp;__tn__=K-R\" data-hovercard=\"\/ajax\/hovercard\/group.php?id=168518373179350&amp;extragetparams=%7B%22fref%22%3A%22mentions%22%7D\" data-hovercard-prefer-more-content-show=\"1\">ABVS Sezione di La Valle Agordina<\/a>\u00a0 Coro Parrocchiale La Valle Agordina<a class=\"profileLink\" href=\"https:\/\/www.facebook.com\/groups\/58712509906\/?fref=mentions&amp;__xts__%5B0%5D=68.ARAVTFpL7ma3b0qBNljGM1I7TVQSm1Dc_BgCCzrHm8yoq_KworhIBxjOAV8nOIfg1ijHHrCMKOBX9zP5RitYrm0F4R100OF17xQam-dbOOx9YFNbiIGBglAp6RoL_sC7Z8NfecHSIAmrdX52eUfSpNEJ3ivCyCvJ4pOfyJLfT9UbRte1gmvTJ9K9thYiigmr-1itRKYN71HFzPaABKR7Nz8nAn6UvqFpEKd98IuOCesnoodvbSVtWZ4YmSpJyLSQI3zwDjEx9Od-qpTnwTw1sbNkX7b5uv6hIl1sLRZxOfxfbmEUatKLQXINZfh8Hogm1YqLwsDj5yU_FIFh6ymXPgX62A&amp;__tn__=K-R\" data-hovercard=\"\/ajax\/hovercard\/group.php?id=58712509906&amp;extragetparams=%7B%22fref%22%3A%22mentions%22%7D\" data-hovercard-prefer-more-content-show=\"1\"> Dolomites Guide<\/a> <a class=\"profileLink\" href=\"https:\/\/www.facebook.com\/DolomitesHeart\/?__tn__=K-R&amp;eid=ARB7Hzrb41z11CopUbFI8T5xpsSv9fEqeMStNrLCdOla7JtV9cm6UsgIyemQ1xup-EcRFf4isKxtJU_i&amp;fref=mentions&amp;__xts__%5B0%5D=68.ARAVTFpL7ma3b0qBNljGM1I7TVQSm1Dc_BgCCzrHm8yoq_KworhIBxjOAV8nOIfg1ijHHrCMKOBX9zP5RitYrm0F4R100OF17xQam-dbOOx9YFNbiIGBglAp6RoL_sC7Z8NfecHSIAmrdX52eUfSpNEJ3ivCyCvJ4pOfyJLfT9UbRte1gmvTJ9K9thYiigmr-1itRKYN71HFzPaABKR7Nz8nAn6UvqFpEKd98IuOCesnoodvbSVtWZ4YmSpJyLSQI3zwDjEx9Od-qpTnwTw1sbNkX7b5uv6hIl1sLRZxOfxfbmEUatKLQXINZfh8Hogm1YqLwsDj5yU_FIFh6ymXPgX62A\" data-hovercard=\"\/ajax\/hovercard\/page.php?id=226301277515856&amp;extragetparams=%7B%22__tn__%22%3A%22%2CdK-R-R%22%2C%22eid%22%3A%22ARB7Hzrb41z11CopUbFI8T5xpsSv9fEqeMStNrLCdOla7JtV9cm6UsgIyemQ1xup-EcRFf4isKxtJU_i%22%2C%22fref%22%3A%22mentions%22%7D\" data-hovercard-prefer-more-content-show=\"1\">\u00a0Dolomites Heart A.S.D<\/a>\u00a0 Gruppo Alpini di La Valle Agordina Gruppo Ambiente di La Valle Agordina<a class=\"profileLink\" href=\"https:\/\/www.facebook.com\/gruppoincostumeBetinBuli\/?__tn__=K-R&amp;eid=ARCEfNMWxpQSbRd3c1wPNQX1V0qRsR4uQzjFzsSDvPWAeA3jAdCRgffYMhJBEeaNqe2yS0O6bjV4X6LM&amp;fref=mentions&amp;__xts__%5B0%5D=68.ARAVTFpL7ma3b0qBNljGM1I7TVQSm1Dc_BgCCzrHm8yoq_KworhIBxjOAV8nOIfg1ijHHrCMKOBX9zP5RitYrm0F4R100OF17xQam-dbOOx9YFNbiIGBglAp6RoL_sC7Z8NfecHSIAmrdX52eUfSpNEJ3ivCyCvJ4pOfyJLfT9UbRte1gmvTJ9K9thYiigmr-1itRKYN71HFzPaABKR7Nz8nAn6UvqFpEKd98IuOCesnoodvbSVtWZ4YmSpJyLSQI3zwDjEx9Od-qpTnwTw1sbNkX7b5uv6hIl1sLRZxOfxfbmEUatKLQXINZfh8Hogm1YqLwsDj5yU_FIFh6ymXPgX62A\" data-hovercard=\"\/ajax\/hovercard\/page.php?id=1654381098152936&amp;extragetparams=%7B%22__tn__%22%3A%22%2CdK-R-R%22%2C%22eid%22%3A%22ARCEfNMWxpQSbRd3c1wPNQX1V0qRsR4uQzjFzsSDvPWAeA3jAdCRgffYMhJBEeaNqe2yS0O6bjV4X6LM%22%2C%22fref%22%3A%22mentions%22%7D\" data-hovercard-prefer-more-content-show=\"1\"> Gruppo in costume Betin Buli &#8211; La Valle Agordina<\/a>\u00a0 Gruppo Giovani Gruppo Indesfida Gruppo Protezione Civile PR Ranch ASDTC Pro Loco La Valle Agordina Riserva Alpina di Caccia La Valle Agordina Schola Cantorum La Valle Agordina SciClub La Valle Agordina<a class=\"profileLink\" href=\"https:\/\/www.facebook.com\/lavalleagordina\/?__tn__=K-R&amp;eid=ARBRaC9CgY7-gL8X4_Wo7oFsbmP9nV5Ket-AlxX8T6AB_zqrV7e8Gjleg1cOrqBgg-g-IXBqZ00eqirz&amp;fref=mentions&amp;__xts__%5B0%5D=68.ARAVTFpL7ma3b0qBNljGM1I7TVQSm1Dc_BgCCzrHm8yoq_KworhIBxjOAV8nOIfg1ijHHrCMKOBX9zP5RitYrm0F4R100OF17xQam-dbOOx9YFNbiIGBglAp6RoL_sC7Z8NfecHSIAmrdX52eUfSpNEJ3ivCyCvJ4pOfyJLfT9UbRte1gmvTJ9K9thYiigmr-1itRKYN71HFzPaABKR7Nz8nAn6UvqFpEKd98IuOCesnoodvbSVtWZ4YmSpJyLSQI3zwDjEx9Od-qpTnwTw1sbNkX7b5uv6hIl1sLRZxOfxfbmEUatKLQXINZfh8Hogm1YqLwsDj5yU_FIFh6ymXPgX62A\" data-hovercard=\"\/ajax\/hovercard\/page.php?id=169141380504284&amp;extragetparams=%7B%22__tn__%22%3A%22%2CdK-R-R%22%2C%22eid%22%3A%22ARBRaC9CgY7-gL8X4_Wo7oFsbmP9nV5Ket-AlxX8T6AB_zqrV7e8Gjleg1cOrqBgg-g-IXBqZ00eqirz%22%2C%22fref%22%3A%22mentions%22%7D\" data-hovercard-prefer-more-content-show=\"1\"> Skating club &#8220;Arte del pattinaggio&#8221; La Valle Agordina<\/a>\u00a0 Unione Sportiva Ghiaccio La Valle 2013<br \/>\nUSD La Valle Calcio<\/p>\n","protected":false},"excerpt":{"rendered":"<p>LA VALLE La Proloco di La Valle ha donato al pronto soccorso di Agordo 6400 euro, ne da notizia la pagina facebook.\u00a0 D O N S E N A M A N 2 0 2 0: &#8220;Diamoci una mano. \u00c8 il nostro modo di dire \u201cnoi ci siamo\u201d, noi crediamo nel nostro paese, nella nostra&hellip;<\/p>\n","protected":false},"author":1,"featured_media":132084,"comment_status":"closed","ping_status":"closed","sticky":false,"template":"","format":"standard","meta":{"_monsterinsights_skip_tracking":false,"_monsterinsights_sitenote_active":false,"_monsterinsights_sitenote_note":"","_monsterinsights_sitenote_category":0,"footnotes":""},"categories":[51,49],"tags":[],"class_list":["post-132083","post","type-post","status-publish","format-standard","has-post-thumbnail","hentry","category-evidenza-top","category-news-18","category-51","category-49","description-off"],"img_url":"https:\/\/www.radiopiu.net\/wordpress\/wp-content\/uploads\/2020\/04\/21319020_1674779645874364_5944090211528058746_o.jpg","_links":{"self":[{"href":"https:\/\/www.radiopiu.net\/wordpress\/wp-json\/wp\/v2\/posts\/132083","targetHints":{"allow":["GET"]}}],"collection":[{"href":"https:\/\/www.radiopiu.net\/wordpress\/wp-json\/wp\/v2\/posts"}],"about":[{"href":"https:\/\/www.radiopiu.net\/wordpress\/wp-json\/wp\/v2\/types\/post"}],"author":[{"embeddable":true,"href":"https:\/\/www.radiopiu.net\/wordpress\/wp-json\/wp\/v2\/users\/1"}],"replies":[{"embeddable":true,"href":"https:\/\/www.radiopiu.net\/wordpress\/wp-json\/wp\/v2\/comments?post=132083"}],"version-history":[{"count":0,"href":"https:\/\/www.radiopiu.net\/wordpress\/wp-json\/wp\/v2\/posts\/132083\/revisions"}],"wp:featuredmedia":[{"embeddable":true,"href":"https:\/\/www.radiopiu.net\/wordpress\/wp-json\/wp\/v2\/media\/132084"}],"wp:attachment":[{"href":"https:\/\/www.radiopiu.net\/wordpress\/wp-json\/wp\/v2\/media?parent=132083"}],"wp:term":[{"taxonomy":"category","embeddable":true,"href":"https:\/\/www.radiopiu.net\/wordpress\/wp-json\/wp\/v2\/categories?post=132083"},{"taxonomy":"post_tag","embeddable":true,"href":"https:\/\/www.radiopiu.net\/wordpress\/wp-json\/wp\/v2\/tags?post=132083"}],"curies":[{"name":"wp","href":"https:\/\/api.w.org\/{rel}","templated":true}]}}