{"id":132105,"date":"2020-04-22T09:22:40","date_gmt":"2020-04-22T07:22:40","guid":{"rendered":"https:\/\/www.radiopiu.net\/wordpress\/?p=132105"},"modified":"2020-04-22T09:22:40","modified_gmt":"2020-04-22T07:22:40","slug":"il-comitato-palio-comunica-il-rinvio-del-torneo-delle-frazioni","status":"publish","type":"post","link":"https:\/\/www.radiopiu.net\/wordpress\/il-comitato-palio-comunica-il-rinvio-del-torneo-delle-frazioni\/","title":{"rendered":"IL COMITATO PALIO COMUNICA IL RINVIO DEL TORNEO DELLE FRAZIONI"},"content":{"rendered":"<p><strong><a class=\"dt-pswp-item\" href=\"https:\/\/www.radiopiu.net\/wordpress\/wp-content\/uploads\/2020\/04\/TORNEO-FRAZIONI.jpg\" data-dt-img-description=\"\" data-large_image_width=\"960\" data-large_image_height=\"640\"><img loading=\"lazy\" decoding=\"async\" class=\"alignleft size-medium wp-image-132106\" src=\"https:\/\/www.radiopiu.net\/wordpress\/wp-content\/uploads\/2020\/04\/TORNEO-FRAZIONI-300x200.jpg\" alt=\"\" width=\"300\" height=\"200\" srcset=\"https:\/\/www.radiopiu.net\/wordpress\/wp-content\/uploads\/2020\/04\/TORNEO-FRAZIONI-300x200.jpg 300w, https:\/\/www.radiopiu.net\/wordpress\/wp-content\/uploads\/2020\/04\/TORNEO-FRAZIONI-768x512.jpg 768w, https:\/\/www.radiopiu.net\/wordpress\/wp-content\/uploads\/2020\/04\/TORNEO-FRAZIONI.jpg 960w\" sizes=\"auto, (max-width: 300px) 100vw, 300px\" \/><\/a>AGORDO<\/strong> Il Comitato Palio comunica che, a causa dell&#8217;emergenza Covid-19, la terza edizione del Torneo Delle Frazioni di calcetto sul Broi di Agordo \u00e8 stato rinviato. A darne comunicazione Matteo Chissal\u00e8, presidente del comitato.<\/p>\n<blockquote><p><em>Il Comitato Palio, con grande malincuore, comunica che la 3a edizione del torneo delle frazioni, precedentemente programmato per\u00a0 domenica 17 maggio, sar\u00e0 rinviato. E&#8217; nostra intenzione, se la situazione sanitaria lo permetter\u00e0, di recuperarlo nei mesi di agosto o settembre e non dover annullare l edizione 2020. Un augurio di salute e serenit\u00e0 a tutti e un incoraggiamento a non mollare in questo duro momento, consapevoli che dopo la tempesta spunta sempre il sole.<\/em><\/p><\/blockquote>\n","protected":false},"excerpt":{"rendered":"<p>AGORDO Il Comitato Palio comunica che, a causa dell&#8217;emergenza Covid-19, la terza edizione del Torneo Delle Frazioni di calcetto sul Broi di Agordo \u00e8 stato rinviato. A darne comunicazione Matteo Chissal\u00e8, presidente del comitato. Il Comitato Palio, con grande malincuore, comunica che la 3a edizione del torneo delle frazioni, precedentemente programmato per\u00a0 domenica 17 maggio,&hellip;<\/p>\n","protected":false},"author":4,"featured_media":132106,"comment_status":"closed","ping_status":"closed","sticky":false,"template":"","format":"standard","meta":{"_monsterinsights_skip_tracking":false,"_monsterinsights_sitenote_active":false,"_monsterinsights_sitenote_note":"","_monsterinsights_sitenote_category":0,"footnotes":""},"categories":[49],"tags":[],"class_list":["post-132105","post","type-post","status-publish","format-standard","has-post-thumbnail","hentry","category-news-18","category-49","description-off"],"img_url":"https:\/\/www.radiopiu.net\/wordpress\/wp-content\/uploads\/2020\/04\/TORNEO-FRAZIONI.jpg","_links":{"self":[{"href":"https:\/\/www.radiopiu.net\/wordpress\/wp-json\/wp\/v2\/posts\/132105","targetHints":{"allow":["GET"]}}],"collection":[{"href":"https:\/\/www.radiopiu.net\/wordpress\/wp-json\/wp\/v2\/posts"}],"about":[{"href":"https:\/\/www.radiopiu.net\/wordpress\/wp-json\/wp\/v2\/types\/post"}],"author":[{"embeddable":true,"href":"https:\/\/www.radiopiu.net\/wordpress\/wp-json\/wp\/v2\/users\/4"}],"replies":[{"embeddable":true,"href":"https:\/\/www.radiopiu.net\/wordpress\/wp-json\/wp\/v2\/comments?post=132105"}],"version-history":[{"count":0,"href":"https:\/\/www.radiopiu.net\/wordpress\/wp-json\/wp\/v2\/posts\/132105\/revisions"}],"wp:featuredmedia":[{"embeddable":true,"href":"https:\/\/www.radiopiu.net\/wordpress\/wp-json\/wp\/v2\/media\/132106"}],"wp:attachment":[{"href":"https:\/\/www.radiopiu.net\/wordpress\/wp-json\/wp\/v2\/media?parent=132105"}],"wp:term":[{"taxonomy":"category","embeddable":true,"href":"https:\/\/www.radiopiu.net\/wordpress\/wp-json\/wp\/v2\/categories?post=132105"},{"taxonomy":"post_tag","embeddable":true,"href":"https:\/\/www.radiopiu.net\/wordpress\/wp-json\/wp\/v2\/tags?post=132105"}],"curies":[{"name":"wp","href":"https:\/\/api.w.org\/{rel}","templated":true}]}}