{"id":132114,"date":"2020-04-22T11:51:39","date_gmt":"2020-04-22T09:51:39","guid":{"rendered":"https:\/\/www.radiopiu.net\/wordpress\/?p=132114"},"modified":"2020-04-22T15:52:12","modified_gmt":"2020-04-22T13:52:12","slug":"il-direttore-generale-della-ulss-1-dolomiti-in-diretta","status":"publish","type":"post","link":"https:\/\/www.radiopiu.net\/wordpress\/il-direttore-generale-della-ulss-1-dolomiti-in-diretta\/","title":{"rendered":"IL DIRETTORE GENERALE DELLA ULSS 1 DOLOMITI IN DIRETTA"},"content":{"rendered":"<p><strong>BELLUNO<\/strong> Il punto di Adriano Rasi Caldogno, Direttore della ULSS 1 Dolomiti, sull&#8217;emergenza Covid-19.<\/p>\n<blockquote>\n<h2>LEGGI LA CONFERENZA STAMPA DI ADRIANO RASI CALDOGNO<\/h2>\n<\/blockquote>\n<p><strong>PUNTO SETTIMANALE ULSS1\u00a0 DOLOMITI<\/strong> Alcuni dati sui ricoveri: 43 ricoverati in ospedale a Belluno, 7 in terapia intensiva 35 negli ospedali di comunit\u00e0 di\u00a0 Belluno (+1 nelle ultime 24 ore) e Agordo(+1 nelle ultime 24 ore). Dal 21 febbraio dimesse 97 persone. 15.259 tamponi, nell&#8217;ultima settimana 2571, una capacit\u00e0 produttiva che si \u00e8 via via incrementata, da anche per l&#8217;accordo con l&#8217;azienda ospedaliera di Padova che ha messo in funzione una nuova potentissima attrezzatura olandese che consentir\u00e0 di processare 400 tamponi in pi\u00f9. Fin&#8217;ora c&#8217;\u00e8 stata una difficolt\u00e0 nel reperire i kit di tamponi e reagenti per la situazione a livello mondiale per la grande richiesta di molti stati. Capacit\u00e0 produttiva delle ditte specializzate non \u00e8 riuscita a seguire passo-passo la domanda<br \/>\n<strong>Dipendenti<\/strong> <strong>Ulss1 <\/strong>6571 tamponi su 2485 persone, dipendenti in area sanitaria, medici di medicina generale, pediatri, continuit\u00e0 assistenziale e farmacisti su circa 2490 afferenti l&#8217;area sanitaria nel complesso. Dall&#8217;8 aprile 5312\u00a0 test rapidi sierologici che non fanno diagnosi ma servono ad un utile screening: 574 dipendenti Ulss1,\u00a0 3458 in case di riposo (dipendenti &#8211; ospiti) 1280 altri soggetti impegnati nei servizi essenziali (forze dell&#8217;ordine etc.) A ieri 21 aprile 967 positivi verificati dall&#8217;inizio dell&#8217;epidemia (dal 21 febbraio), 718 gli attualmente positivi,\u00a0 \u00a0soprattutto nelle residenze per anziani 1259 sono in isolamento fiduciario dove trascorrono 14 giorni per prevenire l&#8217;insorgere di sintomi correlati al covid19. A ieri 50 dipendenti positivi su un totale di 3650. Solo in pochi casi si \u00e8 reso necessario\u00a0 il periodo di ricovero,\u00a0 la maggiore parte degli stessi \u00e8 asintomatica, tutti sono\u00a0 in quarantena. Il contagio in larghissima misura \u00e8 stato contratto al di fuori dell&#8217;ambito aziendale e non in connessione con attivit\u00e0 di cura con pazienti positivi. Altro dato positivo per il personale a ieri assunte 41 persone. <strong>Centri di servizio, case di riposo per non autosufficienti<\/strong> che ospitano oltre 2000 ospiti da una lato e numero cospicuo di dipendenti dall&#8217;altro. I numeri: 29 strutture in provincia (RSA non autosufficienti),\u00a0 18 non hanno ospiti positivi al loro interno (62%) 11 presenza di ospiti positivi (37,9%). Dettaglio: 4 strutture hanno 7 ospiti positivi\u00a0 (3.41%), 2 strutture 21 ospiti positivi (10,24%), 4 strutture 86 ospiti positivi (42%) e 1 struttura ne ha 91 (44,4%) . Tutte queste strutture sono oggetto di controllo dalla task force aziendale. Due strutture Padre Kolbe di Pedavena e Trichiana stanno subendo situazioni critiche e hanno il pieno supporto della Ulss1. Da diverse settimane l&#8217;azienda Ulss1 da a tutte le case di riposto della provincia su loro richiesta una fornitura aggiuntiva di dispositivi di protezione individuale. In conclusione: lunedi su mandato della Presidenza della Regione un confronto con gli operatori turistici della Provincia ascoltano le loro preoccupazioni e raccogliendo contributi per trasmettere dei protocolli, linee guida, per consentire la ripresa dell&#8217;attivit\u00e0 turistica. Sicurezza per i gestori, dipendenti e clientela che vorr\u00e0 usufruire dell&#8217;offerta turistica, a breve trasmetteremo suggerimenti e spiegazioni per la ripartenza. Termino ricordando che abbiamo provveduto in questi giorni alla nomina del nuovo primario del Suem 118, il dottor Giulio Trillo&#8217; oggi responsabile elisoccorso Friuli presso l&#8217;ospedale di Udine, laureato in medicina, specializzato in anestesia e rianimazione, il professionista che prender\u00e0 in mano con competenze importanti tutta l&#8217;organizzazione del 118<\/p>\n<p>&nbsp;<\/p>\n<p>https:\/\/www.facebook.com\/RasiCaldognoUlssDolomiti\/videos\/886782538415693<\/p>\n<p><a class=\"dt-pswp-item\" href=\"https:\/\/www.radiopiu.net\/wordpress\/wp-content\/uploads\/2020\/04\/b2fa12af-b063-44d6-876d-d930cba6307f.jpg\" data-dt-img-description=\"\" data-large_image_width=\"1216\" data-large_image_height=\"1558\"><img loading=\"lazy\" decoding=\"async\" class=\"alignnone size-large wp-image-132170\" src=\"https:\/\/www.radiopiu.net\/wordpress\/wp-content\/uploads\/2020\/04\/b2fa12af-b063-44d6-876d-d930cba6307f-799x1024.jpg\" alt=\"\" width=\"799\" height=\"1024\" srcset=\"https:\/\/www.radiopiu.net\/wordpress\/wp-content\/uploads\/2020\/04\/b2fa12af-b063-44d6-876d-d930cba6307f-799x1024.jpg 799w, https:\/\/www.radiopiu.net\/wordpress\/wp-content\/uploads\/2020\/04\/b2fa12af-b063-44d6-876d-d930cba6307f-234x300.jpg 234w, https:\/\/www.radiopiu.net\/wordpress\/wp-content\/uploads\/2020\/04\/b2fa12af-b063-44d6-876d-d930cba6307f-768x984.jpg 768w, https:\/\/www.radiopiu.net\/wordpress\/wp-content\/uploads\/2020\/04\/b2fa12af-b063-44d6-876d-d930cba6307f-1199x1536.jpg 1199w, https:\/\/www.radiopiu.net\/wordpress\/wp-content\/uploads\/2020\/04\/b2fa12af-b063-44d6-876d-d930cba6307f.jpg 1216w\" sizes=\"auto, (max-width: 799px) 100vw, 799px\" \/><\/a><\/p>\n","protected":false},"excerpt":{"rendered":"<p>BELLUNO Il punto di Adriano Rasi Caldogno, Direttore della ULSS 1 Dolomiti, sull&#8217;emergenza Covid-19. LEGGI LA CONFERENZA STAMPA DI ADRIANO RASI CALDOGNO PUNTO SETTIMANALE ULSS1\u00a0 DOLOMITI Alcuni dati sui ricoveri: 43 ricoverati in ospedale a Belluno, 7 in terapia intensiva 35 negli ospedali di comunit\u00e0 di\u00a0 Belluno (+1 nelle ultime 24 ore) e Agordo(+1 nelle&hellip;<\/p>\n","protected":false},"author":4,"featured_media":127853,"comment_status":"closed","ping_status":"closed","sticky":false,"template":"","format":"standard","meta":{"_monsterinsights_skip_tracking":false,"_monsterinsights_sitenote_active":false,"_monsterinsights_sitenote_note":"","_monsterinsights_sitenote_category":0,"footnotes":""},"categories":[104,49],"tags":[],"class_list":["post-132114","post","type-post","status-publish","format-standard","has-post-thumbnail","hentry","category-evidenza_3","category-news-18","category-104","category-49","description-off"],"img_url":"https:\/\/www.radiopiu.net\/wordpress\/wp-content\/uploads\/2020\/04\/RASI-CALDOGNO.jpeg","_links":{"self":[{"href":"https:\/\/www.radiopiu.net\/wordpress\/wp-json\/wp\/v2\/posts\/132114","targetHints":{"allow":["GET"]}}],"collection":[{"href":"https:\/\/www.radiopiu.net\/wordpress\/wp-json\/wp\/v2\/posts"}],"about":[{"href":"https:\/\/www.radiopiu.net\/wordpress\/wp-json\/wp\/v2\/types\/post"}],"author":[{"embeddable":true,"href":"https:\/\/www.radiopiu.net\/wordpress\/wp-json\/wp\/v2\/users\/4"}],"replies":[{"embeddable":true,"href":"https:\/\/www.radiopiu.net\/wordpress\/wp-json\/wp\/v2\/comments?post=132114"}],"version-history":[{"count":0,"href":"https:\/\/www.radiopiu.net\/wordpress\/wp-json\/wp\/v2\/posts\/132114\/revisions"}],"wp:featuredmedia":[{"embeddable":true,"href":"https:\/\/www.radiopiu.net\/wordpress\/wp-json\/wp\/v2\/media\/127853"}],"wp:attachment":[{"href":"https:\/\/www.radiopiu.net\/wordpress\/wp-json\/wp\/v2\/media?parent=132114"}],"wp:term":[{"taxonomy":"category","embeddable":true,"href":"https:\/\/www.radiopiu.net\/wordpress\/wp-json\/wp\/v2\/categories?post=132114"},{"taxonomy":"post_tag","embeddable":true,"href":"https:\/\/www.radiopiu.net\/wordpress\/wp-json\/wp\/v2\/tags?post=132114"}],"curies":[{"name":"wp","href":"https:\/\/api.w.org\/{rel}","templated":true}]}}