{"id":132116,"date":"2020-04-23T06:02:12","date_gmt":"2020-04-23T04:02:12","guid":{"rendered":"https:\/\/www.radiopiu.net\/wordpress\/?p=132116"},"modified":"2020-04-23T10:41:53","modified_gmt":"2020-04-23T08:41:53","slug":"giornale-radiopiu-23-aprile-2020-direttore-mirko-mezzacasa","status":"publish","type":"post","link":"https:\/\/www.radiopiu.net\/wordpress\/giornale-radiopiu-23-aprile-2020-direttore-mirko-mezzacasa\/","title":{"rendered":"GIORNALE RADIOPIU 23 APRILE 2020 DIRETTORE MIRKO MEZZACASA"},"content":{"rendered":"<h3><strong>PER RICEVERE QUESTO NOTIZIARIO DIRETTAMENTE SUL TUO CELLULARE ISCRIVITI AL CANALE\u00a0TELEGRAM\u00a0<\/strong><strong>\u201cRADIO PIU\u00a0 INFORMAZIONE\u201d<\/strong><\/h3>\n<hr \/>\n<p>&nbsp;<\/p>\n<h2>IL RITORNO DEL MERCATO AD AGORDO CON POCHE ATTIVITA&#8217; COMMERCIALI LUNGO IL BROI<\/h2>\n<p><a class=\"dt-pswp-item\" href=\"https:\/\/www.radiopiu.net\/wordpress\/wp-content\/uploads\/2020\/04\/cc56a719-a943-4e94-96e1-6b67677f5dd8.jpg\" data-dt-img-description=\"\" data-large_image_width=\"1600\" data-large_image_height=\"1200\"><img loading=\"lazy\" decoding=\"async\" class=\" wp-image-132217 alignnone\" src=\"https:\/\/www.radiopiu.net\/wordpress\/wp-content\/uploads\/2020\/04\/cc56a719-a943-4e94-96e1-6b67677f5dd8-300x225.jpg\" alt=\"\" width=\"251\" height=\"189\" srcset=\"https:\/\/www.radiopiu.net\/wordpress\/wp-content\/uploads\/2020\/04\/cc56a719-a943-4e94-96e1-6b67677f5dd8-300x225.jpg 300w, https:\/\/www.radiopiu.net\/wordpress\/wp-content\/uploads\/2020\/04\/cc56a719-a943-4e94-96e1-6b67677f5dd8-1024x768.jpg 1024w, https:\/\/www.radiopiu.net\/wordpress\/wp-content\/uploads\/2020\/04\/cc56a719-a943-4e94-96e1-6b67677f5dd8-768x576.jpg 768w, https:\/\/www.radiopiu.net\/wordpress\/wp-content\/uploads\/2020\/04\/cc56a719-a943-4e94-96e1-6b67677f5dd8-1536x1152.jpg 1536w, https:\/\/www.radiopiu.net\/wordpress\/wp-content\/uploads\/2020\/04\/cc56a719-a943-4e94-96e1-6b67677f5dd8.jpg 1600w\" sizes=\"auto, (max-width: 251px) 100vw, 251px\" \/><\/a><a class=\"dt-pswp-item\" href=\"https:\/\/www.radiopiu.net\/wordpress\/wp-content\/uploads\/2020\/04\/46bf57f5-e3ee-4683-a371-7700560190fa.jpg\" data-dt-img-description=\"\" data-large_image_width=\"1600\" data-large_image_height=\"1200\"><img loading=\"lazy\" decoding=\"async\" class=\" wp-image-132218 alignnone\" src=\"https:\/\/www.radiopiu.net\/wordpress\/wp-content\/uploads\/2020\/04\/46bf57f5-e3ee-4683-a371-7700560190fa-300x225.jpg\" alt=\"\" width=\"253\" height=\"189\" srcset=\"https:\/\/www.radiopiu.net\/wordpress\/wp-content\/uploads\/2020\/04\/46bf57f5-e3ee-4683-a371-7700560190fa-300x225.jpg 300w, https:\/\/www.radiopiu.net\/wordpress\/wp-content\/uploads\/2020\/04\/46bf57f5-e3ee-4683-a371-7700560190fa-1024x768.jpg 1024w, https:\/\/www.radiopiu.net\/wordpress\/wp-content\/uploads\/2020\/04\/46bf57f5-e3ee-4683-a371-7700560190fa-768x576.jpg 768w, https:\/\/www.radiopiu.net\/wordpress\/wp-content\/uploads\/2020\/04\/46bf57f5-e3ee-4683-a371-7700560190fa-1536x1152.jpg 1536w, https:\/\/www.radiopiu.net\/wordpress\/wp-content\/uploads\/2020\/04\/46bf57f5-e3ee-4683-a371-7700560190fa.jpg 1600w\" sizes=\"auto, (max-width: 253px) 100vw, 253px\" \/><\/a><a class=\"dt-pswp-item\" href=\"https:\/\/www.radiopiu.net\/wordpress\/wp-content\/uploads\/2020\/04\/19c183c6-1775-4c37-be29-45e09dae964d.jpg\" data-dt-img-description=\"\" data-large_image_width=\"1600\" data-large_image_height=\"1200\"><img loading=\"lazy\" decoding=\"async\" class=\" wp-image-132219 alignnone\" src=\"https:\/\/www.radiopiu.net\/wordpress\/wp-content\/uploads\/2020\/04\/19c183c6-1775-4c37-be29-45e09dae964d-300x225.jpg\" alt=\"\" width=\"254\" height=\"190\" srcset=\"https:\/\/www.radiopiu.net\/wordpress\/wp-content\/uploads\/2020\/04\/19c183c6-1775-4c37-be29-45e09dae964d-300x225.jpg 300w, https:\/\/www.radiopiu.net\/wordpress\/wp-content\/uploads\/2020\/04\/19c183c6-1775-4c37-be29-45e09dae964d-1024x768.jpg 1024w, https:\/\/www.radiopiu.net\/wordpress\/wp-content\/uploads\/2020\/04\/19c183c6-1775-4c37-be29-45e09dae964d-768x576.jpg 768w, https:\/\/www.radiopiu.net\/wordpress\/wp-content\/uploads\/2020\/04\/19c183c6-1775-4c37-be29-45e09dae964d-1536x1152.jpg 1536w, https:\/\/www.radiopiu.net\/wordpress\/wp-content\/uploads\/2020\/04\/19c183c6-1775-4c37-be29-45e09dae964d.jpg 1600w\" sizes=\"auto, (max-width: 254px) 100vw, 254px\" \/><\/a><\/p>\n<p>&nbsp;<\/p>\n<hr \/>\n<h3><\/h3>\n<p>\u2022 I casi totali aumentano di 3.370, per <strong>un totale di 187.327.<\/strong> Guarite 2.943 persone, mentre i morti sono stati 437, meno dei 534 di ieri, <strong>per un totale di 25.085<\/strong>; \u2022 Il governo stringe sulla fase 2: dal 4 maggio il <strong>ritorno di 2,7 milioni di lavoratori<\/strong>; \u2022 Oms: <strong>la strada \u00e8 ancora lunga<\/strong>, il virus rester\u00e0 con noi per molto tempo; \u2022 Nel mondo<strong> oltre 180mila decessi<\/strong> da Covid-19.<\/p>\n<p>&nbsp;<\/p>\n<p>&nbsp;<\/p>\n<p><span style=\"color: #339966;\">DAL 4 MAGGIO FUORI TUTTI MA CON LA MASCHERINA FINO AGLI OCCHI ANCHE I PODISTI DOVRANNO USARE IL BUON SENSO. IL VIRUS ENTRA IN 11 CASE DI RIPOSO BELLUNESI.<\/span> TREMA IL COMPARTO TURISTICO ED E&#8217; UNA CONTINUA CANCELLAZIONE DEI GRANDI EVENTI, ANNULLATE ANCHE LE DOMENICHE CICLISTICHE CON I PASSI CHIUSI AL TRAFFICO. <span style=\"color: #ff0000;\">VENEZIA CONTRO LE DENUNCE AMPEZZANE AI CINESI E CHIEDE SCUSA ALL&#8217;AMBASCIATORE.<\/span><\/p>\n<p>di Mirko Mezzacasa<\/p>\n<p>Dal 4 maggio &#8220;tana liberi tutti&#8221;, ma non sar\u00e0 la festa della liberazione, non ci sar\u00e0 restituita la libert\u00e0 totale, l&#8217;allentamento &#8211; ma siamo ancora a livello di ipotesi &#8211; non permetter\u00e0 gli spostamenti interregionali, tanto meno per chi vorrebbe raggiungere la seconda casa al mare o in montagna, per quello si dovr\u00e0 attendere ancora. La fine del &#8220;nascondino&#8221; permetter\u00e0 di muoversi ben oltre il Comune di residenza ma non verso altre Regioni. Le pressioni sono invece sempre maggiori per una ripartenza anticipata, al 27 aprile ma il Governo pretende un&#8217;apertura omogenea da lunedi 4 maggio e potrebbe interessare 3 milioni di lavoratori, bar e ristoranti potrebbero riaprire il 18 maggio, una settimana prima gli altri negozi. Il monitoraggio della situazione sar\u00e0 costante e molto attento perch\u00e9 non si dovr\u00e0 perdere di vista la curva epidemiologica e de dovesse risalire si ricomincia da capo. Tra i problemi principali quello dei trasporti, i passeggeri dovranno sedere almeno ad un metro uno dall&#8217;altro e la sanificazione dei mezzi sar\u00e0 puntuale. Dal 4 maggio i bambini non torneranno all&#8217;asilo, ma almeno potranno uscire di casa e giocare anche nei parchi. L&#8217;ingresso nei negozi e nei centri commerciali sar\u00e0 contingentato. La mascherina dovr\u00e0 essere indossata ogni volta che si uscir\u00e0 di casa con l&#8217;incognit\u00e0: saranno sufficienti quelle disponibili sul mercato? Anche ieri tanti decessi sia in Italia (437) che in Regione (27, che sono sono meno dei 42 di lunedi) e provincia (2 solo in ospedale). La giornata ha registrato un nuovo record, quello dei guariti ovvero 220 pi\u00f9 di martedi (2943) in aumento per il terzo giorno consecutivo. Continua a scendere la curva dei ricoverati in terapia intensiva, in Italia 87 in meno rispetto a martedi in Veneto 14 in meno (163) sempre in Veneto scendono anche i pazienti in area non critica, ieri 25 in meno di martedi (1205), in isolamento domiciliare rimangono 8594 persone (-37). Crescono invece i contagi, in Italia secondo la Protezione Civile 3370 in pi\u00f9 in un solo giorno, in Veneto 334 pi\u00f9 ma questo potrebbe essere spiegato con l&#8217;innalzamento del numero dei tamponi. In Veneto diminuisce il numero degli attualmente positivi (-86) oggi 9991\u00a0 (16738 dall&#8217;inizio dell&#8217;epidemia) questo per effetto delle guarigioni (negativizzati), nelle ultime 24 ore altre 393 che portano il numero dei guariti a 5566. Due decessi in ospedale nelle ultime 24 ore nel bellunese, 4 in casa di riposo. Due pazienti in pi\u00f9 negli ospedali di comunit\u00e0,\u00a0 43 i ricoverati in area non critica del San Martino, 16 all\u2019ospedale di Comunit\u00e0 (+1), 19 Ad Agordo (+1). Sempre 7 i malati in terapia intensiva. Sono \u00a01.310 le persone in isolamento domiciliare fiduciario,\u00a0 + 51 rispetto\u00a0 a martedi. Sono 383 i casi di positivit\u00e0 nelle case di riposo sul totale di 718 casi segnalati nell&#8217;intera provincia. Il totale secondo i dati della Ulss1: 212 ospiti anziani positivi e 121 operatori, nelle 29\u00a0 strutture residenze sanitarie per anziani 18 sono &#8220;pulite&#8221; (62%), 11 presentano contagi\u00a0 con una percentuale del 38%\u00a0 in Regione sono invece 244 le strutture senza contagi con una percentuale ben inferiore del 26%. Quattro case di riposo hanno 7 ospiti positivi, due ne hanno 21, quattro ne hanno 86 mentre i contagi alla Padre Kolbe di Pedavena sono saliti a 91. Se in provincia sommiamo alle case di riposo le strutture per disabili il numero totale sale a 48 e 17 di queste hanno persone positive, 4 hanno un solo caso. Nella casa di riposo di Trichiana la situazione \u00e8 allarmante, quattro decessi nelle ultime 24 ore,\u00a0 uno \u00e8 avvenuto in pneumologia al San Martino di Belluno. Da martedi nella struttura \u00e8 arrivato un nuovo staff infermieristico a dare manforte al personale in servizio, su 56 ospiti presenti 37 sono positivi, 29 risiedono in un&#8217;area separata, 8 sono stati accolti in ospedale, 18 sono gli operatori positivi al virus. A Mel i malati sono 19 su 91. La denuncia degli ampezzani al popolo cinese ha fatto arrabbiare gli albergatori veneziani che hanno preso le distanze dalla querela dolomitica inviando una sorta di lettera di &#8220;scuse&#8221; all&#8217;ambasciatore cinese rimarcando al contrario i buoni rapporti di amicizia instaurati da tempo tra i due popoli. A proposito di Cortina il sindaco continua ad informare costantemente i suoi concittadini contrariamente al resto della popolazione in fascia tricolore della provincia che dei contagi preferisce farne un gran segreto, cos\u00ec ieri sulla pagina facebook:<em> &#8220;In questi due giorni il numero di positivi al Covid-19 \u00e8 diminuito, portando da 86 a 81 casi (-5). Le persone in quarantena (isolamento domiciliare) rimangono 28. Continua la discesa della curva del contagio<\/em>&#8220;. E a proposito di contagi nei Comuni, da ieri sul sito internet (in evidenza) riportiamo i grafici di Fabio Da Rolt che aggiorna la situazione in Provincia Comune per Comune con dati puntuali. Come gi\u00e0 anticipato annullati altri grandi eventi, le domeniche con i passi senza traffico di giugno e la hero di mountaine bike, rinviato invece il torneo di calcio delle frazioni del Comitato Palio di Agordo. In queste ore si pensa anche alla riapertura dei rifugi in sicurezza, l&#8217;assessore Federico Caner ha promesso il suo interessamento per dare il via libera con delle deroghe alla manutenzione dei sentieri.<\/p>\n<p>&nbsp;<\/p>\n<p>&nbsp;<\/p>\n<p>&nbsp;<\/p>\n<p>&nbsp;<\/p>\n<hr \/>\n<blockquote class=\"wp-embedded-content\" data-secret=\"6Xvg4JbZkD\"><p><a href=\"https:\/\/www.radiopiu.net\/wordpress\/nelle-ultime-24-ore-17-decessi-in-veneto-25-ricoverati-in-meno-14-in-meno-in-terapia-intensiva-334-i-positivi-aggiornamento-azienda-zero\/\">NELLE ULTIME 24 ORE 18 DECESSI IN VENETO, 35 RICOVERATI IN MENO, 14 IN MENO IN TERAPIA INTENSIVA, +334 I POSITIVI  AGGIORNAMENTO AZIENDA ZERO<\/a><\/p><\/blockquote>\n<p><iframe loading=\"lazy\" title=\"&#8220;NELLE ULTIME 24 ORE 18 DECESSI IN VENETO, 35 RICOVERATI IN MENO, 14 IN MENO IN TERAPIA INTENSIVA, +334 I POSITIVI  AGGIORNAMENTO AZIENDA ZERO&#8221; &#8212; Radio Pi\u00f9\" class=\"wp-embedded-content\" sandbox=\"allow-scripts\" security=\"restricted\" style=\"position: absolute; clip: rect(1px, 1px, 1px, 1px);\" src=\"https:\/\/www.radiopiu.net\/wordpress\/nelle-ultime-24-ore-17-decessi-in-veneto-25-ricoverati-in-meno-14-in-meno-in-terapia-intensiva-334-i-positivi-aggiornamento-azienda-zero\/embed\/#?secret=6Xvg4JbZkD\" data-secret=\"6Xvg4JbZkD\" width=\"600\" height=\"338\" frameborder=\"0\" marginwidth=\"0\" marginheight=\"0\" scrolling=\"no\"><\/iframe><\/p>\n<p>&nbsp;<\/p>\n<p>&nbsp;<\/p>\n<hr \/>\n<p>&nbsp;<\/p>\n<p>&nbsp;<\/p>\n<div class=\"page-title-head hgroup\">\n<blockquote>\n<h3 class=\"entry-title\">AGGIORNAMENTO ULSS 1 DOLOMITI 22 APRILE 2020<\/h3>\n<\/blockquote>\n<\/div>\n<div class=\"page-title-breadcrumbs\">\n<p><strong>BELLUNO<\/strong>\u00a0GLI AGGIORNAMENTI DALLA ULSS 1 DOLOMITI<\/p>\n<p><strong>SORVEGLIANZA SANITARIA COVID-19\u00a0<\/strong>Numero totale tamponi effettuati per ricerca nCoV al 22 aprile 2020\u00a0<strong>15.617 (+ 358)\u00a0<\/strong>Persone residenti in Ulss Dolomiti in isolamento domiciliare fiduciario e sorveglianza attiva al 22 aprile 2020:\u00a0<b>1.310 (+ 51 rispetto ieri)\u00a0<\/b>Alcuni tamponi sono stati effettuati pi\u00f9 volte sulle stesse persone<\/p>\n<p class=\"photoswipe-wrapper\"><a class=\"dt-pswp-item pspw-wrap-ready\" href=\"https:\/\/i2.wp.com\/www.radiopiu.net\/wordpress\/wp-content\/uploads\/2020\/04\/Schermata-2020-04-22-alle-19.11.39.png?ssl=1\" data-dt-img-description=\"\" data-large_image_width=\"1352\" data-large_image_height=\"1666\"><img loading=\"lazy\" decoding=\"async\" class=\"alignnone wp-image-132305 jetpack-lazy-image jetpack-lazy-image--handled\" src=\"https:\/\/i2.wp.com\/www.radiopiu.net\/wordpress\/wp-content\/uploads\/2020\/04\/Schermata-2020-04-22-alle-19.11.39.png?resize=831%2C1024&amp;ssl=1\" sizes=\"auto, (max-width: 831px) 100vw, 831px\" srcset=\"https:\/\/i2.wp.com\/www.radiopiu.net\/wordpress\/wp-content\/uploads\/2020\/04\/Schermata-2020-04-22-alle-19.11.39.png?resize=831%2C1024&amp;ssl=1 831w, https:\/\/i2.wp.com\/www.radiopiu.net\/wordpress\/wp-content\/uploads\/2020\/04\/Schermata-2020-04-22-alle-19.11.39.png?resize=243%2C300&amp;ssl=1 243w, https:\/\/i2.wp.com\/www.radiopiu.net\/wordpress\/wp-content\/uploads\/2020\/04\/Schermata-2020-04-22-alle-19.11.39.png?resize=768%2C946&amp;ssl=1 768w, https:\/\/i2.wp.com\/www.radiopiu.net\/wordpress\/wp-content\/uploads\/2020\/04\/Schermata-2020-04-22-alle-19.11.39.png?resize=1247%2C1536&amp;ssl=1 1247w, https:\/\/i2.wp.com\/www.radiopiu.net\/wordpress\/wp-content\/uploads\/2020\/04\/Schermata-2020-04-22-alle-19.11.39.png?w=1352&amp;ssl=1 1352w\" alt=\"\" width=\"325\" height=\"400\" data-recalc-dims=\"1\" data-lazy-loaded=\"1\" \/><\/a><\/p>\n<p>&nbsp;<\/p>\n<hr \/>\n<p>&nbsp;<\/p>\n<\/div>\n<blockquote class=\"wp-embedded-content\" data-secret=\"wYXW19qvF6\"><p><a href=\"https:\/\/www.radiopiu.net\/wordpress\/aggiornamento-assessorato-protezione-civile-22-aprile-2020\/\">AGGIORNAMENTO ASSESSORATO PROTEZIONE CIVILE 22 APRILE 2020<\/a><\/p><\/blockquote>\n<p><iframe loading=\"lazy\" title=\"&#8220;AGGIORNAMENTO ASSESSORATO PROTEZIONE CIVILE 22 APRILE 2020&#8221; &#8212; Radio Pi\u00f9\" class=\"wp-embedded-content\" sandbox=\"allow-scripts\" security=\"restricted\" style=\"position: absolute; clip: rect(1px, 1px, 1px, 1px);\" src=\"https:\/\/www.radiopiu.net\/wordpress\/aggiornamento-assessorato-protezione-civile-22-aprile-2020\/embed\/#?secret=wYXW19qvF6\" data-secret=\"wYXW19qvF6\" width=\"600\" height=\"338\" frameborder=\"0\" marginwidth=\"0\" marginheight=\"0\" scrolling=\"no\"><\/iframe><\/p>\n<p><strong>DAL GR DELLE 18:30 DI IERI L&#8217;INTERVENTO DELL&#8217;ASSESSORE REGIONALE GIANPAOLO BOTTACIN<\/strong><\/p>\n<audio class=\"wp-audio-shortcode\" id=\"audio-132116-1\" preload=\"none\" style=\"width: 100%;\" controls=\"controls\"><source type=\"audio\/mpeg\" src=\"https:\/\/www.radiopiu.net\/wordpress\/wp-content\/uploads\/2020\/04\/BOTTACIN-6.mp3?_=1\" \/><a href=\"https:\/\/www.radiopiu.net\/wordpress\/wp-content\/uploads\/2020\/04\/BOTTACIN-6.mp3\">https:\/\/www.radiopiu.net\/wordpress\/wp-content\/uploads\/2020\/04\/BOTTACIN-6.mp3<\/a><\/audio>\n<p>&nbsp;<\/p>\n<hr \/>\n<p>&nbsp;<\/p>\n<blockquote>\n<h3>DATI E GRAFICI DEL GIORNO, PROVINCIA \u2013 REGIONE 22 APRILE 2020<\/h3>\n<\/blockquote>\n<p><strong>Con la collaborazione di Tiziano De Col<\/strong><\/p>\n<p>La Provincia di Belluno fa segnare un incremento giornaliero oggi tra i minori del Veneto (oscillazioni dovute alla variazioni dei numeri dei tamponi). Resta sempre nel rapporto contagi\/popolazione la Provincia con il pi\u00f9 alto valore del Veneto.<\/p>\n<p><a class=\"dt-pswp-item\" href=\"https:\/\/www.radiopiu.net\/wordpress\/wp-content\/uploads\/2020\/04\/Schermata-2020-04-22-alle-19.41.46.png\" data-dt-img-description=\"\" data-large_image_width=\"714\" data-large_image_height=\"454\"><img loading=\"lazy\" decoding=\"async\" class=\"alignnone size-medium wp-image-132309\" src=\"https:\/\/www.radiopiu.net\/wordpress\/wp-content\/uploads\/2020\/04\/Schermata-2020-04-22-alle-19.41.46-300x191.png\" alt=\"\" width=\"300\" height=\"191\" srcset=\"https:\/\/www.radiopiu.net\/wordpress\/wp-content\/uploads\/2020\/04\/Schermata-2020-04-22-alle-19.41.46-300x191.png 300w, https:\/\/www.radiopiu.net\/wordpress\/wp-content\/uploads\/2020\/04\/Schermata-2020-04-22-alle-19.41.46.png 714w\" sizes=\"auto, (max-width: 300px) 100vw, 300px\" \/><\/a><a class=\"dt-pswp-item\" href=\"https:\/\/www.radiopiu.net\/wordpress\/wp-content\/uploads\/2020\/04\/037c8eff-ab2f-4c7c-83f1-07c2a852cc58.jpg\" data-dt-img-description=\"\" data-large_image_width=\"782\" data-large_image_height=\"387\"><img loading=\"lazy\" decoding=\"async\" class=\"alignnone wp-image-132310\" src=\"https:\/\/www.radiopiu.net\/wordpress\/wp-content\/uploads\/2020\/04\/037c8eff-ab2f-4c7c-83f1-07c2a852cc58-300x148.jpg\" alt=\"\" width=\"379\" height=\"187\" srcset=\"https:\/\/www.radiopiu.net\/wordpress\/wp-content\/uploads\/2020\/04\/037c8eff-ab2f-4c7c-83f1-07c2a852cc58-300x148.jpg 300w, https:\/\/www.radiopiu.net\/wordpress\/wp-content\/uploads\/2020\/04\/037c8eff-ab2f-4c7c-83f1-07c2a852cc58-768x380.jpg 768w, https:\/\/www.radiopiu.net\/wordpress\/wp-content\/uploads\/2020\/04\/037c8eff-ab2f-4c7c-83f1-07c2a852cc58.jpg 782w\" sizes=\"auto, (max-width: 379px) 100vw, 379px\" \/><\/a><a class=\"dt-pswp-item\" href=\"https:\/\/www.radiopiu.net\/wordpress\/wp-content\/uploads\/2020\/04\/bd4c8526-cbb5-41a0-8606-d996733dec89.jpg\" data-dt-img-description=\"\" data-large_image_width=\"802\" data-large_image_height=\"382\"><img loading=\"lazy\" decoding=\"async\" class=\"alignnone wp-image-132311\" src=\"https:\/\/www.radiopiu.net\/wordpress\/wp-content\/uploads\/2020\/04\/bd4c8526-cbb5-41a0-8606-d996733dec89-300x143.jpg\" alt=\"\" width=\"334\" height=\"159\" srcset=\"https:\/\/www.radiopiu.net\/wordpress\/wp-content\/uploads\/2020\/04\/bd4c8526-cbb5-41a0-8606-d996733dec89-300x143.jpg 300w, https:\/\/www.radiopiu.net\/wordpress\/wp-content\/uploads\/2020\/04\/bd4c8526-cbb5-41a0-8606-d996733dec89-768x366.jpg 768w, https:\/\/www.radiopiu.net\/wordpress\/wp-content\/uploads\/2020\/04\/bd4c8526-cbb5-41a0-8606-d996733dec89.jpg 802w\" sizes=\"auto, (max-width: 334px) 100vw, 334px\" \/><\/a><\/p>\n<p>&nbsp;<\/p>\n<p>&nbsp;<\/p>\n<hr \/>\n<p>&nbsp;<\/p>\n<p>&nbsp;<\/p>\n<blockquote>\n<h3>AGGIORNAMENTO DATI ULSS 1 BELLUNO<\/h3>\n<\/blockquote>\n<p><strong>BELLUNO Aggiornamento Ulss1 RIcoveri 43 area critica San Martino, 33 Ospedali di Comunit\u00e0, terapia intensiva 7. Dimessi 97. Tamponi 15.259, in una settimana 2571. <\/strong><strong>Tamponi ai dipendenti Ulss1\u00a0 <\/strong>6571 tamponi su 2485 persone, dipendenti in area sanitaria, medici di medicina generale, pediatri, continuit\u00e0 assistenziale e farmacisti su circa 2490 afferenti l&#8217;area sanitaria nel complesso.<\/p>\n<p><strong>Situazione Provincia di Belluno popolazione<\/strong> Attualmente infetti 718 guariti 210 deceduti 58 negativi 7046<\/p>\n<p><strong>Dipendenti<\/strong> <strong>Ulss1 <\/strong>6571 tamponi su 2485 persone, dipendenti in area sanitaria, medici di medicina generale, pediatri, continuit\u00e0 assistenziale e farmacisti su circa 2490 afferenti l&#8217;area sanitaria nel complesso. Dall&#8217;8 aprile 5312\u00a0 test rapidi sierologici che non fanno diagnosi ma servono ad un utile screening: 574 dipendenti Ulss1,\u00a0 3458 in case di riposo (dipendenti &#8211; ospiti) 1280 altri soggetti impegnati nei servizi essenziali (forze dell&#8217;ordine etc.) A ieri 21 aprile 967 positivi verificati dall&#8217;inizio dell&#8217;epidemia (dal 21 febbraio), 718 gli attualmente positivi,\u00a0 \u00a0soprattutto nelle residenze per anziani 1259 sono in isolamento fiduciario dove trascorrono 14 giorni per prevenire l&#8217;insorgere di sintomi correlati al covid19. A ieri 50 dipendenti positivi su un totale di 3650. Solo in pochi casi si \u00e8 reso necessario\u00a0 il periodo di ricovero,\u00a0 la maggiore parte degli stessi \u00e8 asintomatica, tutti sono\u00a0 in quarantena. Il contagio in larghissima misura \u00e8 stato contratto al di fuori dell&#8217;ambito aziendale e non in connessione con attivit\u00e0 di cura con pazienti positivi. Altro dato positivo per il personale a ieri assunte 41 persone. <strong>Centri di servizio, case di riposo per non autosufficienti<\/strong> che ospitano oltre 2000 ospiti da una lato e numero cospicuo di dipendenti dall&#8217;altro. I numeri: 29 strutture in provincia (RSA non autosufficienti),\u00a0 18 non hanno ospiti positivi al loro interno (62%) 11 presenza di ospiti positivi (37,9%). Dettaglio: 4 strutture hanno 7 ospiti positivi\u00a0 (3.41%), 2 strutture 21 ospiti positivi (10,24%), 4 strutture 86 ospiti positivi (42%) e 1 struttura ne ha 91 (44,4%) . Tutte queste strutture sono oggetto di controllo dalla task force aziendale. Due strutture Padre Kolbe di Pedavena e Trichiana stanno subendo situazioni critiche e hanno il pieno supporto della Ulss1. A Trichiana: su 61 ospiti 38 sono positivi, mentre sono 18 gli operatori contagiati<\/p>\n<p class=\"photoswipe-wrapper\"><a class=\"dt-pswp-item pspw-wrap-ready\" href=\"https:\/\/i2.wp.com\/www.radiopiu.net\/wordpress\/wp-content\/uploads\/2020\/04\/b2fa12af-b063-44d6-876d-d930cba6307f.jpg?ssl=1\" data-dt-img-description=\"\" data-large_image_width=\"1216\" data-large_image_height=\"1558\"><img loading=\"lazy\" decoding=\"async\" class=\"alignnone wp-image-132170 jetpack-lazy-image jetpack-lazy-image--handled\" src=\"https:\/\/i2.wp.com\/www.radiopiu.net\/wordpress\/wp-content\/uploads\/2020\/04\/b2fa12af-b063-44d6-876d-d930cba6307f.jpg?resize=799%2C1024&amp;ssl=1\" sizes=\"auto, (max-width: 799px) 100vw, 799px\" srcset=\"https:\/\/i2.wp.com\/www.radiopiu.net\/wordpress\/wp-content\/uploads\/2020\/04\/b2fa12af-b063-44d6-876d-d930cba6307f.jpg?resize=799%2C1024&amp;ssl=1 799w, https:\/\/i2.wp.com\/www.radiopiu.net\/wordpress\/wp-content\/uploads\/2020\/04\/b2fa12af-b063-44d6-876d-d930cba6307f.jpg?resize=234%2C300&amp;ssl=1 234w, https:\/\/i2.wp.com\/www.radiopiu.net\/wordpress\/wp-content\/uploads\/2020\/04\/b2fa12af-b063-44d6-876d-d930cba6307f.jpg?resize=768%2C984&amp;ssl=1 768w, https:\/\/i2.wp.com\/www.radiopiu.net\/wordpress\/wp-content\/uploads\/2020\/04\/b2fa12af-b063-44d6-876d-d930cba6307f.jpg?resize=1199%2C1536&amp;ssl=1 1199w, https:\/\/i2.wp.com\/www.radiopiu.net\/wordpress\/wp-content\/uploads\/2020\/04\/b2fa12af-b063-44d6-876d-d930cba6307f.jpg?w=1216&amp;ssl=1 1216w\" alt=\"\" width=\"390\" height=\"500\" data-recalc-dims=\"1\" data-lazy-loaded=\"1\" \/><\/a><\/p>\n<p>&nbsp;<\/p>\n<p>&nbsp;<\/p>\n<hr \/>\n<p>&nbsp;<\/p>\n<div class=\"page-title-head hgroup\">\n<blockquote>\n<h3 class=\"entry-title\">CORONAVIRUS: DUE DECESSI ALL\u2019OSPEDALE SAN MARTINO<\/h3>\n<\/blockquote>\n<\/div>\n<div class=\"page-title-breadcrumbs\">\n<p><strong>BELLUNO<\/strong>\u00a0 Ancora due decessi, sette in quattro giorni negli ospedali bellunesi, nel reparto Medicina covid (bassa intensit\u00e0-ospedale di comunit\u00e0) si \u00e8 spenta un\u2019anziana positiva di 90 anni, residente nel bellunese. In pneumologia covid di Belluno \u00e8 morta una nonna di 81 anni residente nel bellunese.<\/p>\n<p><strong>48 DECESSI NEGLI OSPEDALI BELLUNESI DAL 21 FEBBRAIO<\/strong> Ospedale San Martino di Belluno 32 (+2), Feltre 6, Belluno Ospedale di Comunit\u00e0 8, Agordo 1 e Pieve di Cadore 1. Deceduti totali dato cumulativo 58, negativizzati 210<\/p>\n<p>&nbsp;<\/p>\n<p>&nbsp;<\/p>\n<hr \/>\n<p>&nbsp;<\/p>\n<\/div>\n<div class=\"page-title-head hgroup\">\n<blockquote>\n<h3 class=\"entry-title\">TAMPONI E ABITANTI, AGGIORNAMENTO DALLA PROTEZIONE CIVILE<\/h3>\n<\/blockquote>\n<\/div>\n<div class=\"page-title-breadcrumbs\">\n<p class=\"photoswipe-wrapper\"><strong>VENEZIA<\/strong> Padova ha tamponato pi\u00f9 persone (abitanti complessivi) rispetto a Belluno. A Padova c\u2019\u00e8 anche lo studio su Vo dell\u2019universit\u00e0 che alza il numero. Tanti tamponi significa tanti casi positivi individuati e posti in isolamento domiciliare.<\/p>\n<p><a class=\"dt-pswp-item\" href=\"https:\/\/www.radiopiu.net\/wordpress\/wp-content\/uploads\/2020\/04\/WhatsApp-Image-2020-04-22-at-10.24.02.jpeg\" data-dt-img-description=\"\" data-large_image_width=\"1019\" data-large_image_height=\"426\"><img loading=\"lazy\" decoding=\"async\" class=\" wp-image-132109 alignnone\" src=\"https:\/\/www.radiopiu.net\/wordpress\/wp-content\/uploads\/2020\/04\/WhatsApp-Image-2020-04-22-at-10.24.02-300x125.jpeg\" alt=\"\" width=\"670\" height=\"279\" srcset=\"https:\/\/www.radiopiu.net\/wordpress\/wp-content\/uploads\/2020\/04\/WhatsApp-Image-2020-04-22-at-10.24.02-300x125.jpeg 300w, https:\/\/www.radiopiu.net\/wordpress\/wp-content\/uploads\/2020\/04\/WhatsApp-Image-2020-04-22-at-10.24.02-768x321.jpeg 768w, https:\/\/www.radiopiu.net\/wordpress\/wp-content\/uploads\/2020\/04\/WhatsApp-Image-2020-04-22-at-10.24.02.jpeg 1019w\" sizes=\"auto, (max-width: 670px) 100vw, 670px\" \/><\/a><\/p>\n<hr \/>\n<p>&nbsp;<\/p>\n<blockquote>\n<h2>LEGGI LA CONFERENZA STAMPA DI LUCA ZAIA<\/h2>\n<\/blockquote>\n<p><strong>SETTIMANA IMPORTANTE\u00a0 <\/strong>Il trend ci dice che continua la convivenza con il virus, attendiamo questa settimana, cruciale sulla scorta dei provvedimenti del Governo. Domani riunione tra presidenti di Regione per fare il punto finale prima del confronto con il Governo rispetto alle aperture. Il lockdown non esiste pi\u00f9, basta vedere le colonne di auto in autostrada, siamo gi\u00e0 al 40-50% di imprese che hanno ripreso l&#8217;attivit\u00e0 lavorativa.Da 15 giorni non ci sono state ricadute per il grande impegno che ci hanno messo i veneti ma attenzione che il vento potrebbe cambiare e le ricadute sono dietro l&#8217;angolo quindi usate le mascherine e rispettate le regole.<\/p>\n<p><strong>OGGI PRESENTAZIONE DEL NUOVO OSPEDALE DI PADOVA<\/strong> Un nuovo traguardo \u00e8 il Policlinico Universitario da Padova Est.Lavorare con mentalit\u00e0 da privati rispettando le regole, alla luce del sole, questo\u00a0 serve.Il nuovo polo ospedaliero diviso tra il policlinico di Padova est e il Giustinianeo\u200b. Abbiamo capito che la Sanit\u00e0 \u00e8 importante.<\/p>\n<p><strong>IL SINDACO DI PADOVA\u00a0 SERGIO GIORDANI <\/strong>Giornata storica e accordo raggiunti in soli 6 mesi al di la&#8217; dei colori abbiamo ottenuto i risultati, due anni di lavoro per arrivare a questo e continueremo a lavorare sotto l&#8217;aspetto tecnico, vogliamo fare l&#8217;ospedale in accordo con Provincia a Universit\u00e0 di Padova, Due poli da 1800 posti letto e un Pronto Soccorso nuovo di zecca. Sono orgoglioso perch\u00e9 sono di Padova, Veneto e abbiamo dato un&#8217;immagine che siamo bravi sotto tutti gli aspetti. I miei amici mi dicono che abbiamo fatto una figura eccezionale. Lavorando assieme si raggiungono risultati importanti. Mi fido di Zaia anche se mi dicevano che mi avrebbe imbrogliato, ho fiducia cieca e voglio sia fatto l&#8217;ospedale di Padova punto di riferimento per la sanit\u00e0.<\/p>\n<p><strong>RETTORE PROFESSOR ROSARIO\u00a0 RIZZUTO\u00a0 RETTORE UNIVERSITA&#8217; DI PADOVA<\/strong> Lieto di essere qui a mettere la firma in un momento storico per quello che costruiamo, per l&#8217;impegno che ci prendiamo in un momento simbolico. Se oggi i numeri del Veneto sono numeri che ci ricordano la gravit\u00e0 dell&#8217;emergenza, ma sar\u00e0 un successo sancito dal gioco di squadra. Stiamo costruendo la struttura sanitaria del futuro importante per l&#8217;emergenza di oggi e per le strategie del futuro. Grazie alle istituzioni. Siamo arrivati puntuali alla firma rispettando il crono-programma. Un ospedale che nasce con una visione di medicina moderna, unica struttura su due poli con funzioni complementari e diverse per una apparto unitario quindi una struttura efficiente.<\/p>\n<p><strong>IL PRESIDENTE DELLA PROVINCIA DI PADOVA FABIO BUI\u00a0<\/strong> C&#8217;e&#8217; un termine introdotto da chi mi ha preceduto un aggettivo che non \u00e8 retorica &#8220;insieme&#8221; . Sar\u00e0 una nuova medicina che avr\u00e0 l&#8217;esperienza di questi ultimi giorni. Partiamo, passiamo alla fase realizzativa e con impegno portiamo a casa il risultato.<\/p>\n<h2><span style=\"color: #ff0000;\">DOMANDE<\/span><\/h2>\n<p><strong>COME SARA&#8217; CALATA L&#8217;EMERGENZA SUL PROGETTO<\/strong> Gi\u00e0 previsto che sia un Policlinico performato e non certo vecchio. Non c&#8217;\u00e8 nulla che potevamo fare e non abbiamo fatto<\/p>\n<p><strong>FINANZIAMENTO LINEA DI CREDITO DALL&#8217;EUROPA?<\/strong> Aspettiamo la discussione parlamentare, ci aspettiamo che i prossimi investimenti di edilizia sanitaria siano sostenuti a prescindere dal Mes.<\/p>\n<p><strong>MASCHERINE GRATIS A CARICO DELLO STATO?<\/strong> Lo stanno gi\u00e0 facendo<\/p>\n<p><strong>TRE TIPI DI CASSA INTEGRAZIONE 7 MILIONI DI LAVORATORI RISCHIANO DI NON VEDERE UN EURO<\/strong> Condivido ma non sono norme regionali<\/p>\n<p><strong>SETTORE TURISTICO C&#8217;E&#8217; UNA DATA?<\/strong> I direttori Ulss hanno contattato gli operatori del territorio. Il Governo vuole stilare le procedure da rispettare a livello nazionale, sar\u00e0 da discutere. Come si fa a misurare la temperatura in spiaggia che ci sono 38 gradi. Obbligo di lavarsi fuori dall&#8217;acqua salata con sapone biodegradabile. Se Queste sono le norme mi preoccupano.<\/p>\n<p>&nbsp;<\/p>\n<p>&nbsp;<\/p>\n<hr \/>\n<\/div>\n<p>&nbsp;<\/p>\n<p>&nbsp;<\/p>\n<blockquote>\n<h1>IL DIRETTORE ADRIANO RASI CALDOGNO IN DIRETTA<\/h1>\n<\/blockquote>\n<p>&nbsp;<\/p>\n<p><strong>BELLUNO<\/strong> Il punto di Adriano Rasi Caldogno, Direttore della ULSS 1 Dolomiti, sull&#8217;emergenza Covid-19.<\/p>\n<blockquote>\n<h2>LEGGI LA CONFERENZA STAMPA DI ADRIANO RASI CALDOGNO<\/h2>\n<\/blockquote>\n<p><strong>PUNTO SETTIMANALE ULSS1\u00a0 DOLOMITI<\/strong> Alcuni dati sui ricoveri: 43 ricoverati in ospedale a Belluno, 7 in terapia intensiva 35 negli ospedali di comunit\u00e0 di\u00a0 Belluno (+1 nelle ultime 24 ore) e Agordo(+1 nelle ultime 24 ore). Dal 21 febbraio dimesse 97 persone. 15.259 tamponi, nell&#8217;ultima settimana 2571, una capacit\u00e0 produttiva che si \u00e8 via via incrementata, da anche per l&#8217;accordo con l&#8217;azienda ospedaliera di Padova che ha messo in funzione una nuova potentissima attrezzatura olandese che consentir\u00e0 di processare 400 tamponi in pi\u00f9. Fin&#8217;ora c&#8217;\u00e8 stata una difficolt\u00e0 nel reperire i kit di tamponi e reagenti per la situazione a livello mondiale per la grande richiesta di molti stati. Capacit\u00e0 produttiva delle ditte specializzate non \u00e8 riuscita a seguire passo-passo la domanda<br \/>\n<strong>Dipendenti<\/strong> <strong>Ulss1 <\/strong>6571 tamponi su 2485 persone, dipendenti in area sanitaria, medici di medicina generale, pediatri, continuit\u00e0 assistenziale e farmacisti su circa 2490 afferenti l&#8217;area sanitaria nel complesso. Dall&#8217;8 aprile 5312\u00a0 test rapidi sierologici che non fanno diagnosi ma servono ad un utile screening: 574 dipendenti Ulss1,\u00a0 3458 in case di riposo (dipendenti &#8211; ospiti) 1280 altri soggetti impegnati nei servizi essenziali (forze dell&#8217;ordine etc.) A ieri 21 aprile 967 positivi verificati dall&#8217;inizio dell&#8217;epidemia (dal 21 febbraio), 718 gli attualmente positivi,\u00a0 \u00a0soprattutto nelle residenze per anziani 1259 sono in isolamento fiduciario dove trascorrono 14 giorni per prevenire l&#8217;insorgere di sintomi correlati al covid19. A ieri 50 dipendenti positivi su un totale di 3650. Solo in pochi casi si \u00e8 reso necessario\u00a0 il periodo di ricovero,\u00a0 la maggiore parte degli stessi \u00e8 asintomatica, tutti sono\u00a0 in quarantena. Il contagio in larghissima misura \u00e8 stato contratto al di fuori dell&#8217;ambito aziendale e non in connessione con attivit\u00e0 di cura con pazienti positivi. Altro dato positivo per il personale a ieri assunte 41 persone. <strong>Centri di servizio, case di riposo per non autosufficienti<\/strong> che ospitano oltre 2000 ospiti da una lato e numero cospicuo di dipendenti dall&#8217;altro. I numeri: 29 strutture in provincia (RSA non autosufficienti),\u00a0 18 non hanno ospiti positivi al loro interno (62%) 11 presenza di ospiti positivi (37,9%). Dettaglio: 4 strutture hanno 7 ospiti positivi\u00a0 (3.41%), 2 strutture 21 ospiti positivi (10,24%), 4 strutture 86 ospiti positivi (42%) e 1 struttura ne ha 91 (44,4%) . Tutte queste strutture sono oggetto di controllo dalla task force aziendale. Due strutture Padre Kolbe di Pedavena e Trichiana stanno subendo situazioni critiche e hanno il pieno supporto della Ulss1. Da diverse settimane l&#8217;azienda Ulss1 da a tutte le case di riposto della provincia su loro richiesta una fornitura aggiuntiva di dispositivi di protezione individuale. In conclusione: lunedi su mandato della Presidenza della Regione un confronto con gli operatori turistici della Provincia ascoltano le loro preoccupazioni e raccogliendo contributi per trasmettere dei protocolli, linee guida, per consentire la ripresa dell&#8217;attivit\u00e0 turistica. Sicurezza per i gestori, dipendenti e clientela che vorr\u00e0 usufruire dell&#8217;offerta turistica, a breve trasmetteremo suggerimenti e spiegazioni per la ripartenza. Termino ricordando che abbiamo provveduto in questi giorni alla nomina del nuovo primario del Suem 118, il dottor Giulio Trillo&#8217; oggi responsabile elisoccorso Friuli presso l&#8217;ospedale di Udine, laureato in medicina, specializzato in anestesia e rianimazione, il professionista che prender\u00e0 in mano con competenze importanti tutta l&#8217;organizzazione del 118<\/p>\n<p>&nbsp;<\/p>\n<p>https:\/\/www.facebook.com\/RasiCaldognoUlssDolomiti\/videos\/886782538415693<\/p>\n<p>&nbsp;<\/p>\n<p>&nbsp;<\/p>\n<p>&nbsp;<\/p>\n<hr \/>\n<div class=\"page-title-breadcrumbs\">\n<blockquote>\n<h3>CORONAVIRUS. ALLA PROTEZIONE CIVILE REGIONALE 6000 MASCHERINE SEQUESTRATE DA FINANZA E AGENZIA DELE DOGANE<\/h3>\n<\/blockquote>\n<p><strong><a class=\"dt-pswp-item\" href=\"https:\/\/www.radiopiu.net\/wordpress\/wp-content\/uploads\/2020\/04\/xx-2020-CORONAVIRUS.-ALLA-PROTEZIONE-CIVILE-REGIONALE-6000-MASCHERINE-SEQUESTRATE-DA-FINANZA-E-AGENZIA-DELE-DOGANE.-ZAIA-\u201cGRAZIE-PER-OPERAZIONE-A-TUTELA-DELLA-SALUTE-DEI-VENETI\u201d-.jpg\" data-dt-img-description=\"\" data-large_image_width=\"1600\" data-large_image_height=\"1200\"><img loading=\"lazy\" decoding=\"async\" class=\"alignleft size-medium wp-image-132196\" src=\"https:\/\/www.radiopiu.net\/wordpress\/wp-content\/uploads\/2020\/04\/xx-2020-CORONAVIRUS.-ALLA-PROTEZIONE-CIVILE-REGIONALE-6000-MASCHERINE-SEQUESTRATE-DA-FINANZA-E-AGENZIA-DELE-DOGANE.-ZAIA-\u201cGRAZIE-PER-OPERAZIONE-A-TUTELA-DELLA-SALUTE-DEI-VENETI\u201d--300x225.jpg\" alt=\"\" width=\"300\" height=\"225\" srcset=\"https:\/\/www.radiopiu.net\/wordpress\/wp-content\/uploads\/2020\/04\/xx-2020-CORONAVIRUS.-ALLA-PROTEZIONE-CIVILE-REGIONALE-6000-MASCHERINE-SEQUESTRATE-DA-FINANZA-E-AGENZIA-DELE-DOGANE.-ZAIA-\u201cGRAZIE-PER-OPERAZIONE-A-TUTELA-DELLA-SALUTE-DEI-VENETI\u201d--300x225.jpg 300w, https:\/\/www.radiopiu.net\/wordpress\/wp-content\/uploads\/2020\/04\/xx-2020-CORONAVIRUS.-ALLA-PROTEZIONE-CIVILE-REGIONALE-6000-MASCHERINE-SEQUESTRATE-DA-FINANZA-E-AGENZIA-DELE-DOGANE.-ZAIA-\u201cGRAZIE-PER-OPERAZIONE-A-TUTELA-DELLA-SALUTE-DEI-VENETI\u201d--1024x768.jpg 1024w, https:\/\/www.radiopiu.net\/wordpress\/wp-content\/uploads\/2020\/04\/xx-2020-CORONAVIRUS.-ALLA-PROTEZIONE-CIVILE-REGIONALE-6000-MASCHERINE-SEQUESTRATE-DA-FINANZA-E-AGENZIA-DELE-DOGANE.-ZAIA-\u201cGRAZIE-PER-OPERAZIONE-A-TUTELA-DELLA-SALUTE-DEI-VENETI\u201d--768x576.jpg 768w, https:\/\/www.radiopiu.net\/wordpress\/wp-content\/uploads\/2020\/04\/xx-2020-CORONAVIRUS.-ALLA-PROTEZIONE-CIVILE-REGIONALE-6000-MASCHERINE-SEQUESTRATE-DA-FINANZA-E-AGENZIA-DELE-DOGANE.-ZAIA-\u201cGRAZIE-PER-OPERAZIONE-A-TUTELA-DELLA-SALUTE-DEI-VENETI\u201d--1536x1152.jpg 1536w, https:\/\/www.radiopiu.net\/wordpress\/wp-content\/uploads\/2020\/04\/xx-2020-CORONAVIRUS.-ALLA-PROTEZIONE-CIVILE-REGIONALE-6000-MASCHERINE-SEQUESTRATE-DA-FINANZA-E-AGENZIA-DELE-DOGANE.-ZAIA-\u201cGRAZIE-PER-OPERAZIONE-A-TUTELA-DELLA-SALUTE-DEI-VENETI\u201d-.jpg 1600w\" sizes=\"auto, (max-width: 300px) 100vw, 300px\" \/><\/a>VENEZIA<\/strong>\u00a0\u201c<em>\u00c8 incredibile che mentre c\u2019\u00e8 chi ogni giorno sta contrastando il Coronavirus a rischio della propria vita come in una guerra, ci sia chi per i pi\u00f9 bassi istinti di profitto cerchi di violare le normative che assicurano le armi per combattere. Per fortuna i tutori della legalit\u00e0 sono sempre all\u2019opera, confermandosi un presidio della legalit\u00e0 a tutela, in questo caso, della salute del cittadino e di tutta la collettivit\u00e0 veneta<\/em>\u201d.\u00a0Cos\u00ec il presidente della Regione del Veneto, Luca Zaia, accoglie la consegna alla Protezione Civile regionale di 6000 mascherine, da parte della Guardia di Finanza e dell\u2019Agenzia delle Dogane e dei Monopoli che le hanno sequestrate mentre erano stoccate al Porto di Venezia, gi\u00e0 pronte all\u2019esportazione in violazione all\u2019Ordinanza del Capo Dipartimento Nazionale della Protezione Civile.\u00a0\u201c<em>Come \u00e8 giusto che sia \u2013 prosegue il Governatore \u2013 ora questi presidi verranno distribuiti e utilizzati come \u00e8 previsto dalla normativa vigente. Con questa operazione, non solo si \u00e8 contrastata un\u2019attivit\u00e0 illegale, si \u00e8 anche ribadito che non c\u2019\u00e8 sotterfugio che tenga di fronte ad una lotta contro il Covid 19 che ci vede uniti. Trasmetto il mio plauso e ringrazio tutto il personale della Guardia di Finanza e dell\u2019Agenzia delle Dogane che, ancora una volta, in un momento non facile neanche per la loro attivit\u00e0, hanno difeso il Veneto ed i suoi cittadini dai profittatori senza scrupoli<\/em>\u201d.<\/p>\n<p>&nbsp;<\/p>\n<p>&nbsp;<\/p>\n<hr \/>\n<p>&nbsp;<\/p>\n<blockquote>\n<h3>LUXOTTICA CONTINUA A RANGHI RIDOTTI ANCHE LA PROSSIMA SETTIMANA<\/h3>\n<\/blockquote>\n<p><b><a class=\"dt-pswp-item\" href=\"https:\/\/www.radiopiu.net\/wordpress\/wp-content\/uploads\/2020\/04\/LUXOTTICA-ITALIA-scaled.jpg\" data-dt-img-description=\"\" data-large_image_width=\"2560\" data-large_image_height=\"1920\"><img loading=\"lazy\" decoding=\"async\" class=\"alignleft size-medium wp-image-130528\" src=\"https:\/\/www.radiopiu.net\/wordpress\/wp-content\/uploads\/2020\/04\/LUXOTTICA-ITALIA-300x225.jpg\" alt=\"\" width=\"300\" height=\"225\" srcset=\"https:\/\/www.radiopiu.net\/wordpress\/wp-content\/uploads\/2020\/04\/LUXOTTICA-ITALIA-300x225.jpg 300w, https:\/\/www.radiopiu.net\/wordpress\/wp-content\/uploads\/2020\/04\/LUXOTTICA-ITALIA-1024x768.jpg 1024w, https:\/\/www.radiopiu.net\/wordpress\/wp-content\/uploads\/2020\/04\/LUXOTTICA-ITALIA-768x576.jpg 768w, https:\/\/www.radiopiu.net\/wordpress\/wp-content\/uploads\/2020\/04\/LUXOTTICA-ITALIA-1536x1152.jpg 1536w, https:\/\/www.radiopiu.net\/wordpress\/wp-content\/uploads\/2020\/04\/LUXOTTICA-ITALIA-2048x1536.jpg 2048w\" sizes=\"auto, (max-width: 300px) 100vw, 300px\" \/><\/a>AGORDO<\/b> Luxottica continuer\u00e0 a lavorare con il 20\/30% del personale anche la prossima settimana. Lo si \u00e8 deciso ieri dopo un incontro in videoconferenza tra azienda e parti sindacali, CGIL, CISL, UIL. Dopo un esame della settimana in corso e l\u2019analisi di alcune tematiche emerse trasversalmente a livello territoriale e da approfondire in attesa del Decreto del Presidente del Consiglio previsto per la fine di questa settimana, l\u2019Azienda ha comunicato i piani produttivi validi per la settimana del 27 di aprile 2020. In particolare per tutti gli stabilimenti di Agordo, Cencenighe, Sedico, Pederobba, Rovereto, Lauriano occhiali, Silvi Marina e Citt\u00e0 Sant\u2019Angelo, in continuit\u00e0 con la settimana in corso, si conferma una percentuale di presenze indicativa media fra il 20% ed il 30% per le giornate che vanno da Luned\u00ec 27 a Gioved\u00ec 30 Aprile 2020, con aperture in parte scaglionate in alcuni reparti. Non saranno prodotte lenti da sole nella prossima settimana a Lauriano mentre \u00e8 confermata l\u2019ordinaria manutenzione e messa in sicurezza degli impianti. A Sedico la logistica continuer\u00e0 a lavorare come la settimana in corso. Le parti si incontreranno di nuovo la prossima settimana per verificare nuovamente i piani produttivi e le iniziative eventualmente da intraprendere anche alla luce delle indicazioni normative.<\/p>\n<p>&nbsp;<\/p>\n<p>&nbsp;<\/p>\n<hr \/>\n<p>&nbsp;<\/p>\n<blockquote>\n<h3>CISL: FASE DUE, ROFFAR\u00c9: RIPARTIRE DALLA SICUREZZA E DALLA CONTRATTAZIONE AZIENDALE<\/h3>\n<\/blockquote>\n<p><strong><a class=\"dt-pswp-item\" href=\"https:\/\/www.radiopiu.net\/wordpress\/wp-content\/uploads\/2018\/12\/CISL.png\" data-dt-img-description=\"\" data-large_image_width=\"292\" data-large_image_height=\"116\"><img loading=\"lazy\" decoding=\"async\" class=\"alignleft size-full wp-image-70350\" src=\"https:\/\/www.radiopiu.net\/wordpress\/wp-content\/uploads\/2018\/12\/CISL.png\" alt=\"\" width=\"292\" height=\"116\" \/><\/a>BELLUNO<\/strong>\u00a0\u201c<em>Sono due i capisaldi che permetteranno alle imprese e ai lavoratori di ripartire dopo il 3 maggio: la sicurezza e la contrattazione aziendale<\/em>\u201d. Rudy Roffar\u00e8, segretario generale aggiunto della Cisl Belluno Treviso, allunga lo sguardo sindacale verso la fase due dell\u2019emergenza Covid-19, che sta gi\u00e0 ponendo il mondo del lavoro di fronte a nuove difficili sfide da affrontare sul fronte dell\u2019organizzazione e della capacit\u00e0 di ripensarsi su parametri del tutto inediti e inattesi.<\/p>\n<p><strong>RUDY ROFFARE&#8217; CISL BELLUNO TREVISO<\/strong><\/p>\n<\/div>\n<audio class=\"wp-audio-shortcode\" id=\"audio-132116-2\" preload=\"none\" style=\"width: 100%;\" controls=\"controls\"><source type=\"audio\/mpeg\" src=\"https:\/\/www.radiopiu.net\/wordpress\/wp-content\/uploads\/2020\/04\/ROFFARE-22-APRILE.mp3?_=2\" \/><a href=\"https:\/\/www.radiopiu.net\/wordpress\/wp-content\/uploads\/2020\/04\/ROFFARE-22-APRILE.mp3\">https:\/\/www.radiopiu.net\/wordpress\/wp-content\/uploads\/2020\/04\/ROFFARE-22-APRILE.mp3<\/a><\/audio>\n<p>&nbsp;<\/p>\n<p>&nbsp;<\/p>\n<hr \/>\n<p>&nbsp;<\/p>\n<blockquote>\n<h3>RIFUGI ALPINI: RIAPERTURA SULLA BASE DI CRITERI CHE CONSIDERINO LE PECULIARIT\u00c0 DELL\u2019OFFERTA TURISTICA D\u2019ALTA QUOTA<\/h3>\n<\/blockquote>\n<p><span class=\"s1\"><strong><a class=\"dt-pswp-item\" href=\"https:\/\/www.radiopiu.net\/wordpress\/wp-content\/uploads\/2020\/04\/rifugio-CARESTIATO-scaled.jpg\" data-dt-img-description=\"\" data-large_image_width=\"2560\" data-large_image_height=\"1700\"><img loading=\"lazy\" decoding=\"async\" class=\"alignleft size-medium wp-image-132214\" src=\"https:\/\/www.radiopiu.net\/wordpress\/wp-content\/uploads\/2020\/04\/rifugio-CARESTIATO-300x199.jpg\" alt=\"\" width=\"300\" height=\"199\" srcset=\"https:\/\/www.radiopiu.net\/wordpress\/wp-content\/uploads\/2020\/04\/rifugio-CARESTIATO-300x199.jpg 300w, https:\/\/www.radiopiu.net\/wordpress\/wp-content\/uploads\/2020\/04\/rifugio-CARESTIATO-1024x680.jpg 1024w, https:\/\/www.radiopiu.net\/wordpress\/wp-content\/uploads\/2020\/04\/rifugio-CARESTIATO-768x510.jpg 768w, https:\/\/www.radiopiu.net\/wordpress\/wp-content\/uploads\/2020\/04\/rifugio-CARESTIATO-1536x1020.jpg 1536w, https:\/\/www.radiopiu.net\/wordpress\/wp-content\/uploads\/2020\/04\/rifugio-CARESTIATO-2048x1360.jpg 2048w\" sizes=\"auto, (max-width: 300px) 100vw, 300px\" \/><\/a>VENEZIA<\/strong> Definire un protocollo sanitario su misura per i rifugi alpini, in base al quale gli stessi possano riaprire nella cosiddetta \u2018fase due\u2019, garantendo la massima sicurezza a clienti, escursionisti, gestori e loro collaboratori.\u00a0 <\/span><span class=\"s1\">\u00c8 stato questo uno dei temi principali affrontati nel corso della videoconferenza tenutasi stamane dall\u2019assessore regionale al turismo, Federico Caner, con i gestori dei rifugi e i rappresentanti delle imprese turistiche montane d\u2019alta quota, per analizzare la situazione di crisi provocata dal Covid-19 che sta pesantemente colpendo anche questo comparto, e per individuare le azioni da attuare in vista dell\u2019auspicata ripresa delle attivit\u00e0.<span class=\"Apple-converted-space\">\u00a0 <\/span><\/span><span class=\"s1\">All\u2019incontro hanno partecipato, tra gli altri, il presidente dell\u2019AGRAV, Associazione dei Gestori Rifugi Alpini del Veneto, Mario Fiorentini e i vari coordinatori provinciali della stessa, il presidente del Club Alpino Italiano del Veneto, Renato Frigo, il segretario della Federalberghi di Belluno, Francesco De Toffol e il direttore del Consorzio DMO Dolomiti, Giuliano Vantaggi. <\/span><span class=\"s1\">I rifugi, in base alla normativa regionale veneta, sono strutture ricettive complementari ubicate in aree di montagna a quota non inferiore a 1000 metri, predisposti per il ricovero e il ristoro di turisti ed escursionisti e per il soccorso alpino. L\u2019offerta ricettiva di queste strutture nel Veneto, che sono circa 160, \u00e8 aumentata nel corso degli ultimi dieci anni, per un numero di posti letto superiore a 3.600.\u00a0 <\/span><span class=\"s1\">\u201c<em>In sede di Conferenza delle Regioni \u2013 ha spiegato Caner \u2013 \u00e8 stata ribadita la necessit\u00e0 che, per quanto riguarda l\u2019intero sistema dell\u2019ospitalit\u00e0 turistica, pur tenendo conto delle peculiarit\u00e0 delle diverse strutture ricettive e di specifiche esigenze territoriali, sia predisposto un unico protocollo sanitario nazionale, con regole e criteri che valgano per tutta l\u2019Italia, al fine di evitare sperequazioni, situazioni di concorrenza sleale, in una logica di tutela generalizzata dei clienti e degli operatori<\/em>\u201d. <\/span><span class=\"s1\">\u201c<em>Nel Veneto \u2013 ha proseguito l\u2019assessore \u2013 prevediamo di contribuire alla definizione del protocollo acquisendo innanzi tutto le proposte provenienti dai nostri territori, attraverso il lavoro delle Aziende sanitarie e la consultazione delle Associazioni di categoria, per poi portarlo al tavolo nazionale. Per l\u2019assoluta tipicit\u00e0 dei rifugi alpini, dovranno essere individuati dei parametri che stabiliscano un regolamento quasi \u2018sartoriale\u2019, anche per garantire che la loro attivit\u00e0 sia economicamente gestibile<\/em>\u201d. <\/span><span class=\"s1\">Altro problema segnalato nella videoconferenza \u00e8 quello della manutenzione dei sentieri di montagna, che in Veneto, ha ricordato il presidente regionale del CAI, costituiscono una rete complessiva di 8 mila chilometri. Per consentire al pi\u00f9 presto l\u2019effettuazione di sopralluoghi e dei conseguenti interventi di sistemazione in vista della fine del lockdown, sulla scorta di quanto gi\u00e0 avvenuto per la manutenzione delle spiagge, la Regione, ha assicurato Caner, chieder\u00e0 ai prefetti di Belluno, Treviso, Vicenza e Verona di concedere delle autorizzazioni specifiche alle persone incaricate allo svolgimento di questa indispensabile attivit\u00e0.<\/span><\/p>\n<p>&nbsp;<\/p>\n<p>&nbsp;<\/p>\n<hr \/>\n<p>&nbsp;<\/p>\n<blockquote>\n<h3>POCHE BANCARELLE AL MERCATO DI AGORDO<\/h3>\n<\/blockquote>\n<p><a class=\"dt-pswp-item\" href=\"https:\/\/www.radiopiu.net\/wordpress\/wp-content\/uploads\/2020\/04\/19c183c6-1775-4c37-be29-45e09dae964d.jpg\" data-dt-img-description=\"\" data-large_image_width=\"1600\" data-large_image_height=\"1200\"><img loading=\"lazy\" decoding=\"async\" class=\"size-medium wp-image-132219 alignleft\" src=\"https:\/\/www.radiopiu.net\/wordpress\/wp-content\/uploads\/2020\/04\/19c183c6-1775-4c37-be29-45e09dae964d-300x225.jpg\" alt=\"\" width=\"300\" height=\"225\" srcset=\"https:\/\/www.radiopiu.net\/wordpress\/wp-content\/uploads\/2020\/04\/19c183c6-1775-4c37-be29-45e09dae964d-300x225.jpg 300w, https:\/\/www.radiopiu.net\/wordpress\/wp-content\/uploads\/2020\/04\/19c183c6-1775-4c37-be29-45e09dae964d-1024x768.jpg 1024w, https:\/\/www.radiopiu.net\/wordpress\/wp-content\/uploads\/2020\/04\/19c183c6-1775-4c37-be29-45e09dae964d-768x576.jpg 768w, https:\/\/www.radiopiu.net\/wordpress\/wp-content\/uploads\/2020\/04\/19c183c6-1775-4c37-be29-45e09dae964d-1536x1152.jpg 1536w, https:\/\/www.radiopiu.net\/wordpress\/wp-content\/uploads\/2020\/04\/19c183c6-1775-4c37-be29-45e09dae964d.jpg 1600w\" sizes=\"auto, (max-width: 300px) 100vw, 300px\" \/><\/a>di Gianni Santomaso<\/p>\n<audio class=\"wp-audio-shortcode\" id=\"audio-132116-3\" preload=\"none\" style=\"width: 100%;\" controls=\"controls\"><source type=\"audio\/mpeg\" src=\"https:\/\/www.radiopiu.net\/wordpress\/wp-content\/uploads\/2020\/04\/GIANNI-SANTOMASO-MERCATO-AD-AGORDO.mp3?_=3\" \/><a href=\"https:\/\/www.radiopiu.net\/wordpress\/wp-content\/uploads\/2020\/04\/GIANNI-SANTOMASO-MERCATO-AD-AGORDO.mp3\">https:\/\/www.radiopiu.net\/wordpress\/wp-content\/uploads\/2020\/04\/GIANNI-SANTOMASO-MERCATO-AD-AGORDO.mp3<\/a><\/audio>\n<p>&nbsp;<\/p>\n<hr \/>\n<p>&nbsp;<\/p>\n<div class=\"page-title-breadcrumbs\">\n<blockquote>\n<h3>CONTRIBUTI AI COMUNI PER LA SICUREZZA STRADALE E PER I LAVORI PUBBLICI DI INTERESSE LOCALE<\/h3>\n<\/blockquote>\n<p><strong><a class=\"dt-pswp-item\" href=\"https:\/\/www.radiopiu.net\/wordpress\/wp-content\/uploads\/2016\/09\/Elisa-De-Berti-assessore.jpg\" data-dt-img-description=\"\" data-large_image_width=\"149\" data-large_image_height=\"179\"><img loading=\"lazy\" decoding=\"async\" class=\"alignleft wp-image-23638\" src=\"https:\/\/www.radiopiu.net\/wordpress\/wp-content\/uploads\/2016\/09\/Elisa-De-Berti-assessore.jpg\" alt=\"\" width=\"117\" height=\"141\" \/><\/a>VENEZIA<\/strong>\u00a0La Giunta regionale, su proposta dell\u2019assessore ai lavori pubblici, infrastrutture e trasporti, Elisa De Berti, ha deciso la riapertura dei termini di presentazione delle domande di contributi regionali per interventi di miglioramento della mobilit\u00e0 e della sicurezza stradale e per il sostegno finanziario ai lavori pubblici di interesse locale di importo fino a 200 mila euro.\u00a0I due bandi erano stati approvati il 14 febbraio scorso e il termine di scadenza per la presentazione delle istanze era stata fissata al successivo 23 marzo. Nel frattempo, il diffondersi del Coronavirus ha costretto Governo e Regioni ad adottare misure di contrasto e di contenimento dell\u2019infezione sempre pi\u00f9 stringenti, che hanno condizionato l\u2019attivit\u00e0 ordinaria delle Amministrazioni pubbliche, le quali hanno dovuto dare precedenza allo svolgimento di attivit\u00e0 urgenti e di verifica sul territorio delle disposizioni normative emanate in materia di COVID-19.<\/p>\n<p>&nbsp;<\/p>\n<p>&nbsp;<\/p>\n<hr \/>\n<p>&nbsp;<\/p>\n<blockquote>\n<h3>AZZALIN (PD): \u201cDONAZZAN OSSESSIONATA DAI PARTIGIANI&#8221;<\/h3>\n<\/blockquote>\n<p><strong><a class=\"dt-pswp-item\" href=\"https:\/\/www.radiopiu.net\/wordpress\/wp-content\/uploads\/2020\/04\/GRAZIANO-AZZALIN.jpg\" data-dt-img-description=\"\" data-large_image_width=\"287\" data-large_image_height=\"176\"><img loading=\"lazy\" decoding=\"async\" class=\"alignleft size-full wp-image-128505\" src=\"https:\/\/www.radiopiu.net\/wordpress\/wp-content\/uploads\/2020\/04\/GRAZIANO-AZZALIN.jpg\" alt=\"\" width=\"287\" height=\"176\" \/><\/a>VENEZIA<\/strong> \u201cL\u2019assessore Donazzan \u00e8 ossessionata dall\u2019antifascismo e dai partigiani: ma se \u00e8 l\u00ec oggi, in quel ruolo, \u00e8 grazie alla lotta di Liberazione, alla Resistenza, da cui \u00e8 nata la nostra Costituzione. Come ogni anno ha trovato il modo di fare polemica sul 25 Aprile, prendendo a pretesto, in maniera provocatoria e ridicola, l\u2019emergenza coronavirus\u201d. A dirlo Graziano Azzalin, consigliere regionale del Partito Democratico, che risponde alle dichiarazioni dell\u2019assessore di Fratelli d\u2019Italia sulla partecipazione dell\u2019Anpi alle celebrazioni in programma sabato per l&#8217;anniversario della Liberazione. \u201cNon c\u2019\u00e8 nessun codice Ateco per le attivit\u00e0 dell\u2019Anpi, solo un doveroso riconoscimento al ruolo dei partigiani. Purtroppo quest\u2019anno non ci sar\u00e0 alcuna manifestazione popolare, come \u00e8 giusto vista la situazione emergenziale. Sar\u00e0 semplicemente permesso a singoli rappresentanti delle associazioni partigiane e combattentistiche di partecipare alle celebrazioni nel pieno rispetto dei dispositivi di sicurezza.<\/p>\n<p>&nbsp;<\/p>\n<p>&nbsp;<\/p>\n<hr \/>\n<p>&nbsp;<\/p>\n<div>\n<div>\n<blockquote>\n<h3>CORONAVIRUS: SAVIANE (LEGA), FERMATO PIANO SCELLERATO PD, CONCESSIONI IDRICHE SALVE DA CONTROLLO PRIVATI<\/h3>\n<\/blockquote>\n<\/div>\n<\/div>\n<p><span style=\"font-family: Verdana, Arial, Helvetica, sans-serif;\"><strong><a class=\"dt-pswp-item\" href=\"https:\/\/www.radiopiu.net\/wordpress\/wp-content\/uploads\/2018\/06\/00032712.jpg\" data-dt-img-description=\"\" data-large_image_width=\"180\" data-large_image_height=\"240\"><img loading=\"lazy\" decoding=\"async\" class=\"alignleft wp-image-50936\" src=\"https:\/\/www.radiopiu.net\/wordpress\/wp-content\/uploads\/2018\/06\/00032712.jpg\" alt=\"\" width=\"149\" height=\"199\" \/><\/a>ROMA<\/strong> &#8220;Grazie alla denuncia della Lega, alle mie segnalazioni, lo scippo del Pd ai danni dei Bellunesi e dei Veneti va in fumo. L&#8217;emendamento della sinistra, infatti, che riportava sotto il controllo dello Stato le concessioni idriche una volta scadute, viene bocciato perch\u00e8 inammissibile. Preso con le mani nella marmellata, il Pd mostra il suo vero volto, lontano dai cittadini e prossimo ai poteri forti, alle grandi propriet\u00e0. La Lega manterr\u00e0 alta l&#8217;attenzione e continuer\u00e0 ad offrire la sua pi\u00f9 ampia collaborazione perch\u00e8 il Cura Italia continui il suo percorso parlamentare e venga licenziato rapidamente: forse la sinistra non se n&#8217;\u00e8 accorta, ma fuori dai palazzi a lei tanto cari, c&#8217;\u00e8 un Paese in ginocchio che chiede sostegno e vicinanza&#8221;.\u00a0<\/span><span style=\"font-family: Verdana, Arial, Helvetica, sans-serif;\">Cos\u00ec il senatore della Lega Paolo Saviane.<\/span><\/p>\n<p><strong>PAOLO SAVIANE<\/strong><\/p>\n<div>\n<audio class=\"wp-audio-shortcode\" id=\"audio-132116-4\" preload=\"none\" style=\"width: 100%;\" controls=\"controls\"><source type=\"audio\/mpeg\" src=\"https:\/\/www.radiopiu.net\/wordpress\/wp-content\/uploads\/2020\/04\/PAOLO-SAVIANE-22-APRILE.mp3?_=4\" \/><a href=\"https:\/\/www.radiopiu.net\/wordpress\/wp-content\/uploads\/2020\/04\/PAOLO-SAVIANE-22-APRILE.mp3\">https:\/\/www.radiopiu.net\/wordpress\/wp-content\/uploads\/2020\/04\/PAOLO-SAVIANE-22-APRILE.mp3<\/a><\/audio>\n<\/div>\n<div><\/div>\n<div>\n<hr \/>\n<\/div>\n<p>&nbsp;<\/p>\n<blockquote>\n<h3>PIU&#8217; DI 24 MILIONI PER L&#8217;EDILIZIA SCOLASTICA IN VENETO<\/h3>\n<\/blockquote>\n<p><strong><a class=\"dt-pswp-item\" href=\"https:\/\/www.radiopiu.net\/wordpress\/wp-content\/uploads\/2020\/04\/FEDERICO-DINCA.png\" data-dt-img-description=\"\" data-large_image_width=\"1018\" data-large_image_height=\"1290\"><img loading=\"lazy\" decoding=\"async\" class=\" wp-image-132319 alignleft\" src=\"https:\/\/www.radiopiu.net\/wordpress\/wp-content\/uploads\/2020\/04\/FEDERICO-DINCA-237x300.png\" alt=\"\" width=\"133\" height=\"168\" srcset=\"https:\/\/www.radiopiu.net\/wordpress\/wp-content\/uploads\/2020\/04\/FEDERICO-DINCA-237x300.png 237w, https:\/\/www.radiopiu.net\/wordpress\/wp-content\/uploads\/2020\/04\/FEDERICO-DINCA-808x1024.png 808w, https:\/\/www.radiopiu.net\/wordpress\/wp-content\/uploads\/2020\/04\/FEDERICO-DINCA-768x973.png 768w, https:\/\/www.radiopiu.net\/wordpress\/wp-content\/uploads\/2020\/04\/FEDERICO-DINCA.png 1018w\" sizes=\"auto, (max-width: 133px) 100vw, 133px\" \/><\/a>ROMA<\/strong> &#8220;<em>Ci sono oltre 24 milioni e mezzo di euro destinati al Veneto per l&#8217;edilizia scolastica. Si tratta, come comunicato dalla Ministra Lucia Azzolina, di una ripartizione dei fondi per l&#8217;edilizia scolastica operata a livello regionale dal Ministero dell&#8217;Istruzione. A livello nazionale sono stati stanziati 320 milioni di euro<\/em>&#8220;. Lo afferma Federico D&#8217;Inc\u00e0, Ministro per i Rapporti con il Parlamento, commentando la cifra ripartita dal Ministero dell&#8217;Istruzione per gli interventi di edilizia scolastica. Al Veneto, nello specifico, sono destinati 24.645.601,52 euro. &#8220;<em>Le Regioni &#8211; prosegue D&#8217;Inc\u00e0 &#8211; potranno inviare al Ministero dell\u2019Istruzione gli elenchi degli interventi da finanziare e avranno tempo fino al prossimo 29 maggio. Questo stanziamento rappresenta un ulteriore passo importante per la messa in sicurezza dei nostri istituti, a vantaggio dei ragazzi, dei docenti e del personale impiegato nelle scuole<\/em>&#8220;.<\/p>\n<p>&nbsp;<\/p>\n<p>&nbsp;<\/p>\n<hr \/>\n<p>&nbsp;<\/p>\n<blockquote>\n<h3>VERTENZA TRA AZIENDA FELTRINA PER I SERVIZI ALLA PERSONA E COMUNE DI BORGO VALBELLUNA IN MERITO ALLA CASA DI RIPOSO \u201cMIONE\u201d DI LENTIAI: TROVATO L&#8217;ACCORDO TRANSATTIVO.<\/h3>\n<\/blockquote>\n<p><strong><a class=\"dt-pswp-item\" href=\"https:\/\/www.radiopiu.net\/wordpress\/wp-content\/uploads\/2020\/04\/casa-riposo-MIONE-scaled.jpg\" data-dt-img-description=\"\" data-large_image_width=\"2560\" data-large_image_height=\"1920\"><img loading=\"lazy\" decoding=\"async\" class=\"alignleft size-medium wp-image-132254\" src=\"https:\/\/www.radiopiu.net\/wordpress\/wp-content\/uploads\/2020\/04\/casa-riposo-MIONE-300x225.jpg\" alt=\"\" width=\"300\" height=\"225\" srcset=\"https:\/\/www.radiopiu.net\/wordpress\/wp-content\/uploads\/2020\/04\/casa-riposo-MIONE-300x225.jpg 300w, https:\/\/www.radiopiu.net\/wordpress\/wp-content\/uploads\/2020\/04\/casa-riposo-MIONE-1024x768.jpg 1024w, https:\/\/www.radiopiu.net\/wordpress\/wp-content\/uploads\/2020\/04\/casa-riposo-MIONE-768x576.jpg 768w, https:\/\/www.radiopiu.net\/wordpress\/wp-content\/uploads\/2020\/04\/casa-riposo-MIONE-1536x1152.jpg 1536w, https:\/\/www.radiopiu.net\/wordpress\/wp-content\/uploads\/2020\/04\/casa-riposo-MIONE-2048x1536.jpg 2048w\" sizes=\"auto, (max-width: 300px) 100vw, 300px\" \/><\/a>FELTRE<\/strong>\u00a0L&#8217;Azienda Feltrina per i Servizi alla Persona e l&#8217;Amministrazione del Comune di Borgo Valbelluna hanno trovato in via preliminare un accordo transattivo in ordine alla vertenza che riguarda le partite economiche relative all&#8217;anno 2018 e ai primi tre mesi dell&#8217;esercizio 2019.\u00a0Come noto, il contenzioso era sorto con l&#8217;allora comune di Lentiai, poi confluito nella nuova municipalit\u00e0 della Sinistra Piave, in ordine ad alcune divergenze di valutazione e computo sullo sbilancio ordinario e sulle misure compensative relative alla sicurezza antincendio durante i lavori di ampliamento della Casa di Riposo \u201cEttore e Rosa Mione\u201d di Lentiai, la cui gestione era stata affidata all&#8217;Azienda Feltrina nel 2012 ed era giunta poi, con alcune proroghe, sino al 31 marzo 2019.\u00a0Con l&#8217;accordo transattivo gi\u00e0 approvato in sede di bozza dalla Consortile dell&#8217;Azienda Feltrina lo scorso 15 aprile e che passer\u00e0 al vaglio del Consiglio Comunale di Borgo Valbelluna il prossimo 28 aprile, il Comune della Sinistra Piave si obbliga a corrispondere all&#8217;Azienda Feltrina per i Servizi alla Persona la somma complessiva di 383.500 euro, che verranno pagati per la quota del 60% entro il 31 maggio 2020 e per il restante 40% entro il 31 luglio 2020. Tale cifra risulta decurtata di circa 60 mila euro rispetto a quanto inizialmente richiesto dalla stessa Azienda Feltrina.<\/p>\n<p>&nbsp;<\/p>\n<p>&nbsp;<\/p>\n<hr \/>\n<p>&nbsp;<\/p>\n<div class=\"page-title-head hgroup\">\n<blockquote>\n<h3 class=\"entry-title\">L\u2019EMERGENZA STRAVOLGE I PIANI TURISTICI, ANNULLATI GLI EVENTI IN TERRA FODOM<\/h3>\n<\/blockquote>\n<\/div>\n<div class=\"page-title-breadcrumbs\">\n<div class=\"m_8540215470487421821col\"><strong><img decoding=\"async\" class=\"m_8540215470487421821fullwidth alignleft jetpack-lazy-image jetpack-lazy-image--handled\" title=\"Image\" src=\"https:\/\/i2.wp.com\/cometapress.img.musvc2.net\/static\/80982\/images\/18\/Dolomites-bike-day-ph.credit_freddy%20planinschek.jpg?w=300\" alt=\"Image\" align=\"middle\" border=\"0\" data-recalc-dims=\"1\" data-lazy-loaded=\"1\" \/>LIVINALLONGO<\/strong><em> \u201cUna mazzata, un colpo mortale\u201d<\/em> cos\u00ec Manuel Roncat, presidente di Arabba Fodom Turismo comunicando l\u2019annullamento degli eventi\u00a0 estivi sulle strade dolomitiche,\u00a0 nel rispetto delle normative legate al diffondersi del nuovo Coronavirus e\u00a0 con la consapevolezza che la salute dei partecipanti rappresenta una priorit\u00e0. Annullato il \u00a0Dolomites Bike Day\u00a0 2020\u00a0 e il Sellaronda Bike Day, se ne riparler\u00e0 a giugno del prossimo anno.\u00a0 Lungo le strade delle Dolomiti, \u00e8 ormai tradizione che il mese di giugno sia ricco di appuntamenti legati al ciclismo, in grado di attirare migliaia di appassionati per pedalare sui passi dolomitici al cospetto del gruppo del Sella, e in particolare due eventi \u201cliberi\u201d come il Sellaronda Bike Day e il Dolomites Bike Day, ma gli organizzatori\u00a0 hanno dovuto arrendersi di fronte al perdurare della situazione di emergenza. \u00ab<i>Prima di tutto e prima di ogni altra cosa viene la salute dei nostri ospiti, dei loro accompagnatori e di tutto lo staff di volontari<\/i>\u00bb \u00e8 il pensiero unico e condiviso dei comitati organizzatori, consapevoli che non ci sono ancora le condizioni per poter mettere in strada migliaia di ciclisti. Una scelta dolorosa ma necessaria, proprio perch\u00e9 la priorit\u00e0 \u00e8 salvaguardare la salute di tutti i partecipanti, ai quali per\u00f2, le rispettive organizzazioni danno appuntamento al prossimo anno, indicando sin da ora, la data in calendario dei due eventi.<\/div>\n<div>\n<p><strong>BMW HERO S\u00dcDTIROL DOLOMITES: ARRIVEDERCI AL 2021!<\/strong><\/p>\n<\/div>\n<div class=\"photoswipe-wrapper\"><img loading=\"lazy\" decoding=\"async\" class=\"size-full wp-image-132241 alignleft jetpack-lazy-image jetpack-lazy-image--handled\" src=\"https:\/\/i1.wp.com\/www.radiopiu.net\/wordpress\/wp-content\/uploads\/2020\/04\/HERO_2019_ph_credit_wisthaler.com_start_24.gif?resize=300%2C200&amp;ssl=1\" alt=\"\" width=\"300\" height=\"200\" data-recalc-dims=\"1\" data-lazy-loaded=\"1\" \/>Cancellata anche\u00a0 l\u2019edizione 2020 della marathon di mountain bike pi\u00f9 dura al mondo in programma il 20 giugno intorno al gruppo del Sella. <em>\u00abLa nostra \u00e8 la gara di mountain bike sulla distanza marathon pi\u00f9 dura al mondo, e per prepararsi serve un lungo periodo di allenamenti che, in caso di slittamento a fine estate, non sarebbe stato sufficiente per la maggior parte dei partecipanti. \u2013 ha commentato Gerhard Vanzi, ideatore di HERO \u2013 E a tutto ci\u00f2 aggiungiamo che non troveremmo un clima sereno e disteso: noi e gli stessi biker vogliamo le massime condizioni di sicurezza per la salute di tutti\u00bb.\u00a0<\/em><\/div>\n<div><\/div>\n<div><\/div>\n<div>\n<hr \/>\n<\/div>\n<\/div>\n<h3><\/h3>\n<blockquote>\n<h3>IL COMITATO PALIO COMUNICA IL RINVIO DEL TORNEO DELLE FRAZIONI<\/h3>\n<\/blockquote>\n<p><strong><a class=\"dt-pswp-item\" href=\"https:\/\/www.radiopiu.net\/wordpress\/wp-content\/uploads\/2020\/04\/TORNEO-FRAZIONI.jpg\" data-dt-img-description=\"\" data-large_image_width=\"960\" data-large_image_height=\"640\"><img loading=\"lazy\" decoding=\"async\" class=\"alignleft size-medium wp-image-132106\" src=\"https:\/\/www.radiopiu.net\/wordpress\/wp-content\/uploads\/2020\/04\/TORNEO-FRAZIONI-300x200.jpg\" alt=\"\" width=\"300\" height=\"200\" srcset=\"https:\/\/www.radiopiu.net\/wordpress\/wp-content\/uploads\/2020\/04\/TORNEO-FRAZIONI-300x200.jpg 300w, https:\/\/www.radiopiu.net\/wordpress\/wp-content\/uploads\/2020\/04\/TORNEO-FRAZIONI-768x512.jpg 768w, https:\/\/www.radiopiu.net\/wordpress\/wp-content\/uploads\/2020\/04\/TORNEO-FRAZIONI.jpg 960w\" sizes=\"auto, (max-width: 300px) 100vw, 300px\" \/><\/a>AGORDO<\/strong> Il Comitato Palio comunica che, a causa dell&#8217;emergenza Covid-19, la terza edizione del Torneo Delle Frazioni di calcetto sul Broi di Agordo \u00e8 stato rinviato. A darne comunicazione Matteo Chissal\u00e8, presidente del comitato.<\/p>\n<blockquote><p><em>Il Comitato Palio, con grande malincuore, comunica che la 3a edizione del torneo delle frazioni, precedentemente programmato per\u00a0 domenica 17 maggio, sar\u00e0 rinviato. E&#8217; nostra intenzione, se la situazione sanitaria lo permetter\u00e0, di recuperarlo nei mesi di agosto o settembre e non dover annullare l edizione 2020. Un augurio di salute e serenit\u00e0 a tutti e un incoraggiamento a non mollare in questo duro momento, consapevoli che dopo la tempesta spunta sempre il sole.<\/em><\/p><\/blockquote>\n<p>&nbsp;<\/p>\n<p>&nbsp;<\/p>\n<hr \/>\n<p>&nbsp;<\/p>\n<blockquote>\n<h3>UN\u2019EDUCATRICE A SUPPORTO DELLA DIDATTICA SCOLASTICA A DISTANZA<\/h3>\n<\/blockquote>\n<p><strong><a class=\"dt-pswp-item\" href=\"https:\/\/www.radiopiu.net\/wordpress\/wp-content\/uploads\/2018\/08\/scuola2.jpg\" data-dt-img-description=\"\" data-large_image_width=\"1280\" data-large_image_height=\"853\"><img loading=\"lazy\" decoding=\"async\" class=\"alignleft size-medium wp-image-56109\" src=\"https:\/\/www.radiopiu.net\/wordpress\/wp-content\/uploads\/2018\/08\/scuola2-300x200.jpg\" alt=\"\" width=\"300\" height=\"200\" srcset=\"https:\/\/www.radiopiu.net\/wordpress\/wp-content\/uploads\/2018\/08\/scuola2-300x200.jpg 300w, https:\/\/www.radiopiu.net\/wordpress\/wp-content\/uploads\/2018\/08\/scuola2-768x512.jpg 768w, https:\/\/www.radiopiu.net\/wordpress\/wp-content\/uploads\/2018\/08\/scuola2-1024x682.jpg 1024w, https:\/\/www.radiopiu.net\/wordpress\/wp-content\/uploads\/2018\/08\/scuola2.jpg 1280w\" sizes=\"auto, (max-width: 300px) 100vw, 300px\" \/><\/a>LONGARONE<\/strong>\u00a0L\u2019Amministrazione comunale di Longarone lancia una nuova iniziativa per le famiglie. Da luned\u00ec prossimo, grazie alla collaborazione con l\u2019Azienda Speciale, verr\u00e0 istituito un servizio di supporto alla didattica scolastica a distanza attraverso la figura di un\u2019educatrice, gi\u00e0 individuata dalla stessa Azienda, che con il contributo dell\u2019Amministrazione comunale, permetter\u00e0 di gestire situazioni segnalate dalla scuola in stretta collaborazione con l\u2019assistente sociale.\u00a0\u201c<em>In questo periodo \u2013 sottolinea l\u2019Assessore all\u2019Istruzione, famiglia e politiche giovanili, Manola Sacchet &#8211; si evidenziano delle conseguenze prodotte dal venir meno della scuola come luogo materiale di rapporti umani tra coetanei, adulti e ragazzi. La scuola \u00e8 patrimonio insostituibile di educazione alla socialit\u00e0 e alla cittadinanza. La didattica a distanza conferma e approfondisce le distanze sociali, economiche e culturali e richiede supporto di un adulto altrimenti crea isolamento, ritiro e solitudine. Sono in costante contatto con referenti del nostro Istituto comprensivo e voglio cogliere l\u2019occasione per ringraziarli per la disponibilit\u00e0 e attenzione sempre dimostrata nei confronti dei nostri bambini e ragazzi. Da questo confronto emerge che vi sono situazioni in cui non vi \u00e8 un feedback da parte dell\u2019alunno agli stimoli didattici degli insegnanti. Proprio per far fronte a questa problematica come amministrazione abbiamo pensato di mettere a disposizione delle risorse economiche per attivare degli interventi da parte di un\u2019educatrice, che si proporr\u00e0 come supporto, guida e riferimento per le famiglie. Non sar\u00e0 un servizio di libero accesso, ma le situazioni verranno segnalata dalla scuola e gestire dall\u2019educatore in stretta collaborazione con l\u2019assistente sociale del nostro comune. Tutti ci\u00f2 sar\u00e0 possibile grazie all\u2019Azienda speciale che ringrazio per la disponibilit\u00e0 sempre dimostratami e per il prezioso lavoro che sta svolgendo in questo difficile periodo<\/em>\u201d.<span class=\"Apple-converted-space\">\u00a0\u00a0<\/span>Tutto questo si unisce all\u2019impegno da parte della Scuola di fornire in comodato d\u2019uso agli alunni degli strumenti informatici adeguati, il cui impegno economico sar\u00e0 integrato dalla stessa Amministrazione comunale per coprire tutte le richieste. Iniziativa che si aggiunge a quella della stampa dei compiti che viene effettuata su richiesta delle famiglie attraverso una semplice email inviata al Comune, che provvede oltre alla stessa stampa, anche la consegna a domicilio.<\/p>\n<p>&nbsp;<\/p>\n<p>&nbsp;<\/p>\n<hr \/>\n<p>&nbsp;<\/p>\n<blockquote>\n<h3>CACCIA: REGIONE VENETO PROROGA I TERMINI PER CONSEGNA TESSERINI VENATORI E PER ASSEMBLEE AMBITI TERRITORIALI E COMPRENSORI ALPINI<\/h3>\n<\/blockquote>\n<p><strong><a class=\"dt-pswp-item\" href=\"https:\/\/www.radiopiu.net\/wordpress\/wp-content\/uploads\/2017\/01\/1439544293-1343990265-cacciatori-italiani.jpg\" data-dt-img-description=\"\" data-large_image_width=\"448\" data-large_image_height=\"278\"><img loading=\"lazy\" decoding=\"async\" class=\"alignleft wp-image-27162\" src=\"https:\/\/www.radiopiu.net\/wordpress\/wp-content\/uploads\/2017\/01\/1439544293-1343990265-cacciatori-italiani-300x186.jpg\" alt=\"\" width=\"269\" height=\"167\" \/><\/a>VENEZIA<\/strong>\u00a0Proseguono gli interventi della Regione del Veneto per facilitare il rispetto delle misure di restrizione e distanziamento connesse all\u2019emergenza Covid 19, anche nel mondo venatorio.\u00a0\u201c<em>Con un apposito provvedimento &#8211; sottolinea l\u2019assessore regionale alla caccia Giuseppe Pan \u2013 la Giunta ha prorogato al prossimo 18 settembre il termine ultimo per la restituzione del tesserino venatorio regionale per la stagione venatoria 2019\/2020. Il termine ordinario, gi\u00e0 oggetto di una prima proroga, cadeva proprio nel periodo di prima e pi\u00f9 restrittiva attuazione delle misure di distanziamento sociale; per questo abbiamo anche voluto prevedere delle ulteriori misure &#8211; procedurali ed organizzative \u2013 per limitare gli spostamenti e ridurre al minimo gli assembramenti. Sar\u00e0 cos\u00ec possibile restituire il tesserino della passata stagione venatoria nel momento del ritiro di quello per la prossima stagione. Abbiano anche voluto promuovere tra i cacciatori la possibilit\u00e0 di provvedere alla restituzione in forma collettiva, delegando le proprie associazioni o gli Ambiti territoriali o i Comprensori alpini di caccia, prevedendo anche, da parte delle nostre strutture territoriali, la ricezione contingentata e su appuntamento, in modo da ridurre al minimo le occasioni di assembramento<\/em>\u201d.\u00a0Con lo stesso provvedimento, prosegue ancora Pan, sempre al fine di contingentare e limitare spostamenti e assembramenti, \u00e8 stata prorogata la convocazione delle assemblee per l\u2019approvazione dei rendiconti finanziari degli Ambiti territoriali di caccia e dei Comprensori alpini al prossimo 31 ottobre, in coincidenza con altri appuntamenti assembleari.\u00a0\u201c<em>Il provvedimento prevede infine il coinvolgimento delle associazioni venatorie per favorire l\u2019attuazione di queste misure e la disponibilit\u00e0 delle strutture regionali ad attivare idonee modalit\u00e0 di accesso all\u2019utenza. Anche in questo caso &#8211; conclude l\u2019assessore &#8211; \u00e8 solo con il concorso attivo di tutti che possiamo ottenere i risultati che hanno portato la nostra Regione ad essere citata come esempio nel contenimento di Covid 19<\/em>\u201d.<\/p>\n<p>&nbsp;<\/p>\n<p>&nbsp;<\/p>\n<hr \/>\n<p>&nbsp;<\/p>\n<\/div>\n<blockquote>\n<h3>ASCA RICERCA PERSONALE INFERMIERISTICO<\/h3>\n<\/blockquote>\n<p><strong class=\"photoswipe-wrapper\"><img loading=\"lazy\" decoding=\"async\" class=\"alignleft size-full wp-image-53885 jetpack-lazy-image jetpack-lazy-image--handled\" src=\"https:\/\/i0.wp.com\/www.radiopiu.net\/wordpress\/wp-content\/uploads\/2018\/07\/logo-asca.png?resize=182%2C100&amp;ssl=1\" alt=\"\" width=\"182\" height=\"100\" data-lazy-loaded=\"1\" \/>AGORDO\u00a0<\/strong>ASCA ha indetto una nuova selezione pubblica finalizzata alla formulazione di una graduatoria di idoneit\u00e0 utile all\u2019inserimento a tempo indeterminato e determinato a tempo pieno presso la RSA di Agordo di INFERMIERE<strong>.\u00a0<\/strong>Le modalit\u00e0 di presentazione della domanda si trovano sulla home page del sito aziendale\u00a0www.servizisocialiasca.it\u00a0Il termine ultimo per la presentazione delle candidature \u00e8 fissato entro e non oltre le ore 12.00\u00a0del giorno 15 maggio 2020.<\/p>\n<p>&nbsp;<\/p>\n<p>&nbsp;<\/p>\n<hr \/>\n<p>&nbsp;<\/p>\n<blockquote class=\"wp-embedded-content\" data-secret=\"VGY2ZvnAr2\"><p><a href=\"https:\/\/www.radiopiu.net\/wordpress\/il-topolino-matteo-alla-scuola-dellinfanzia-di-taibon\/\">IL TOPOLINO MATTEO ALLA SCUOLA DELL&#8217;INFANZIA DI TAIBON<\/a><\/p><\/blockquote>\n<p><iframe loading=\"lazy\" title=\"&#8220;IL TOPOLINO MATTEO ALLA SCUOLA DELL&#8217;INFANZIA DI TAIBON&#8221; &#8212; Radio Pi\u00f9\" class=\"wp-embedded-content\" sandbox=\"allow-scripts\" security=\"restricted\" style=\"position: absolute; clip: rect(1px, 1px, 1px, 1px);\" src=\"https:\/\/www.radiopiu.net\/wordpress\/il-topolino-matteo-alla-scuola-dellinfanzia-di-taibon\/embed\/#?secret=VGY2ZvnAr2\" data-secret=\"VGY2ZvnAr2\" width=\"600\" height=\"338\" frameborder=\"0\" marginwidth=\"0\" marginheight=\"0\" scrolling=\"no\"><\/iframe><\/p>\n<p>&nbsp;<\/p>\n<hr \/>\n<p>&nbsp;<\/p>\n<blockquote class=\"wp-embedded-content\" data-secret=\"MPElSTOBw2\"><p><a href=\"https:\/\/www.radiopiu.net\/wordpress\/gaspare-diziani-mamma-il-pittore-bellunese-di-fama-internazionale-di-renato-bona\/\">GASPARE DIZIANI, \u201cMAMMA\u201d, IL PITTORE BELLUNESE DI FAMA INTERNAZIONALE di Renato Bona<\/a><\/p><\/blockquote>\n<p><iframe loading=\"lazy\" title=\"&#8220;GASPARE DIZIANI, \u201cMAMMA\u201d, IL PITTORE BELLUNESE DI FAMA INTERNAZIONALE di Renato Bona&#8221; &#8212; Radio Pi\u00f9\" class=\"wp-embedded-content\" sandbox=\"allow-scripts\" security=\"restricted\" style=\"position: absolute; clip: rect(1px, 1px, 1px, 1px);\" src=\"https:\/\/www.radiopiu.net\/wordpress\/gaspare-diziani-mamma-il-pittore-bellunese-di-fama-internazionale-di-renato-bona\/embed\/#?secret=MPElSTOBw2\" data-secret=\"MPElSTOBw2\" width=\"600\" height=\"338\" frameborder=\"0\" marginwidth=\"0\" marginheight=\"0\" scrolling=\"no\"><\/iframe><\/p>\n<p>&nbsp;<\/p>\n<hr \/>\n<p>&nbsp;<\/p>\n<h2>IERI ALLA RADIO<\/h2>\n<p><a class=\"dt-pswp-item\" href=\"https:\/\/www.radiopiu.net\/wordpress\/wp-content\/uploads\/2020\/04\/IMG_7599-scaled.jpg\" data-dt-img-description=\"\" data-large_image_width=\"2560\" data-large_image_height=\"1920\"><img loading=\"lazy\" decoding=\"async\" class=\"alignleft size-medium wp-image-132125\" src=\"https:\/\/www.radiopiu.net\/wordpress\/wp-content\/uploads\/2020\/04\/IMG_7599-300x225.jpg\" alt=\"\" width=\"300\" height=\"225\" srcset=\"https:\/\/www.radiopiu.net\/wordpress\/wp-content\/uploads\/2020\/04\/IMG_7599-300x225.jpg 300w, https:\/\/www.radiopiu.net\/wordpress\/wp-content\/uploads\/2020\/04\/IMG_7599-1024x768.jpg 1024w, https:\/\/www.radiopiu.net\/wordpress\/wp-content\/uploads\/2020\/04\/IMG_7599-768x576.jpg 768w, https:\/\/www.radiopiu.net\/wordpress\/wp-content\/uploads\/2020\/04\/IMG_7599-1536x1152.jpg 1536w, https:\/\/www.radiopiu.net\/wordpress\/wp-content\/uploads\/2020\/04\/IMG_7599-2048x1536.jpg 2048w\" sizes=\"auto, (max-width: 300px) 100vw, 300px\" \/><\/a><strong>FERRAMENTA ZASSO, EDDY DE MARCO E GLI ANIMALI<\/strong><\/p>\n<p><strong>di Claudio Fontanive<\/strong><\/p>\n<audio class=\"wp-audio-shortcode\" id=\"audio-132116-5\" preload=\"none\" style=\"width: 100%;\" controls=\"controls\"><source type=\"audio\/mpeg\" src=\"https:\/\/www.radiopiu.net\/wordpress\/wp-content\/uploads\/2020\/04\/ferramenta-zasso-eddy-de-marco.mp3?_=5\" \/><a href=\"https:\/\/www.radiopiu.net\/wordpress\/wp-content\/uploads\/2020\/04\/ferramenta-zasso-eddy-de-marco.mp3\">https:\/\/www.radiopiu.net\/wordpress\/wp-content\/uploads\/2020\/04\/ferramenta-zasso-eddy-de-marco.mp3<\/a><\/audio>\n<p>&nbsp;<\/p>\n<hr \/>\n<p>&nbsp;<\/p>\n<p>&nbsp;<\/p>\n<p><a class=\"dt-pswp-item\" href=\"https:\/\/www.radiopiu.net\/wordpress\/wp-content\/uploads\/2020\/04\/PALESTRA.jpg\" data-dt-img-description=\"\" data-large_image_width=\"1920\" data-large_image_height=\"1285\"><img loading=\"lazy\" decoding=\"async\" class=\"alignleft size-medium wp-image-132128\" src=\"https:\/\/www.radiopiu.net\/wordpress\/wp-content\/uploads\/2020\/04\/PALESTRA-300x201.jpg\" alt=\"\" width=\"300\" height=\"201\" srcset=\"https:\/\/www.radiopiu.net\/wordpress\/wp-content\/uploads\/2020\/04\/PALESTRA-300x201.jpg 300w, https:\/\/www.radiopiu.net\/wordpress\/wp-content\/uploads\/2020\/04\/PALESTRA-1024x685.jpg 1024w, https:\/\/www.radiopiu.net\/wordpress\/wp-content\/uploads\/2020\/04\/PALESTRA-768x514.jpg 768w, https:\/\/www.radiopiu.net\/wordpress\/wp-content\/uploads\/2020\/04\/PALESTRA-1536x1028.jpg 1536w, https:\/\/www.radiopiu.net\/wordpress\/wp-content\/uploads\/2020\/04\/PALESTRA.jpg 1920w\" sizes=\"auto, (max-width: 300px) 100vw, 300px\" \/><\/a><strong>NINO BARRESI, LA PALESTRA AI TEMPI DEL CORONAVIRUS<\/strong><\/p>\n<p><strong>di Claudio Fontanive<\/strong><\/p>\n<audio class=\"wp-audio-shortcode\" id=\"audio-132116-6\" preload=\"none\" style=\"width: 100%;\" controls=\"controls\"><source type=\"audio\/mpeg\" src=\"https:\/\/www.radiopiu.net\/wordpress\/wp-content\/uploads\/2020\/04\/nino-barresi-22-aprile.mp3?_=6\" \/><a href=\"https:\/\/www.radiopiu.net\/wordpress\/wp-content\/uploads\/2020\/04\/nino-barresi-22-aprile.mp3\">https:\/\/www.radiopiu.net\/wordpress\/wp-content\/uploads\/2020\/04\/nino-barresi-22-aprile.mp3<\/a><\/audio>\n<p>&nbsp;<\/p>\n<h3><span style=\"color: #ff0000;\"><strong>I DIARI DEL PESCE ROSSO<\/strong><\/span><\/h3>\n<blockquote class=\"wp-embedded-content\" data-secret=\"34ezRuZ49U\"><p><a href=\"https:\/\/www.radiopiu.net\/wordpress\/puntata-08-i-diari-del-pesce-rosso-diari-quarantena\/\">PUNTATA 08 I DIARI DEL PESCE ROSSO\/DIARI QUARANTENA<\/a><\/p><\/blockquote>\n<p><iframe loading=\"lazy\" title=\"&#8220;PUNTATA 08 I DIARI DEL PESCE ROSSO\/DIARI QUARANTENA&#8221; &#8212; Radio Pi\u00f9\" class=\"wp-embedded-content\" sandbox=\"allow-scripts\" security=\"restricted\" style=\"position: absolute; clip: rect(1px, 1px, 1px, 1px);\" src=\"https:\/\/www.radiopiu.net\/wordpress\/puntata-08-i-diari-del-pesce-rosso-diari-quarantena\/embed\/#?secret=34ezRuZ49U\" data-secret=\"34ezRuZ49U\" width=\"600\" height=\"338\" frameborder=\"0\" marginwidth=\"0\" marginheight=\"0\" scrolling=\"no\"><\/iframe><\/p>\n<p><strong>LA COLLEZIONE COMPLETA<\/strong><\/p>\n<p><iframe loading=\"lazy\" class=\"wp-embedded-content\" title=\"\u201cDiari del pesce rosso\u201d \u2014 Radio Pi\u00f9\" src=\"https:\/\/www.radiopiu.net\/wordpress\/diari-del-pesce-rosso\/embed\/#?secret=YKsPMYpEez\" width=\"600\" height=\"200\" frameborder=\"0\" marginwidth=\"0\" marginheight=\"0\" scrolling=\"no\" sandbox=\"allow-scripts\" data-secret=\"YKsPMYpEez\" data-mce-fragment=\"1\"><\/iframe><\/p>\n<h3><\/h3>\n<h3><\/h3>\n<hr \/>\n<h3><\/h3>\n<h3><span style=\"color: #ff00ff;\">IN VIVO VERSO<\/span><\/h3>\n<blockquote class=\"wp-embedded-content\" data-secret=\"8LJvg3q6OB\"><p><a href=\"https:\/\/www.radiopiu.net\/wordpress\/la-sera-si-fa-vento-di-luciano-tricarico\/\">LA SERA SI FA VENTO di LUCIANO TRICARICO<\/a><\/p><\/blockquote>\n<p><iframe loading=\"lazy\" title=\"&#8220;LA SERA SI FA VENTO di LUCIANO TRICARICO&#8221; &#8212; Radio Pi\u00f9\" class=\"wp-embedded-content\" sandbox=\"allow-scripts\" security=\"restricted\" style=\"position: absolute; clip: rect(1px, 1px, 1px, 1px);\" src=\"https:\/\/www.radiopiu.net\/wordpress\/la-sera-si-fa-vento-di-luciano-tricarico\/embed\/#?secret=8LJvg3q6OB\" data-secret=\"8LJvg3q6OB\" width=\"600\" height=\"338\" frameborder=\"0\" marginwidth=\"0\" marginheight=\"0\" scrolling=\"no\"><\/iframe><\/p>\n<h2>COLLEZIONE COMPLETA<\/h2>\n<p><iframe loading=\"lazy\" class=\"wp-embedded-content\" title=\"\u201cIn Vivo Verso\u201d \u2014 Radio Pi\u00f9\" src=\"https:\/\/www.radiopiu.net\/wordpress\/in-vivo-verso\/embed\/#?secret=NaF4sdAhPS\" width=\"600\" height=\"200\" frameborder=\"0\" marginwidth=\"0\" marginheight=\"0\" scrolling=\"no\" sandbox=\"allow-scripts\" data-secret=\"NaF4sdAhPS\" data-mce-fragment=\"1\"><\/iframe><\/p>\n<h3><\/h3>\n<h3><\/h3>\n<hr \/>\n<h3><\/h3>\n<h3><span style=\"color: #008000;\">DUE MINUTI UN LIBRO<\/span><\/h3>\n<blockquote class=\"wp-embedded-content\" data-secret=\"zAN0lHkBPQ\"><p><a href=\"https:\/\/www.radiopiu.net\/wordpress\/io-sono-il-potere\/\">IO SONO IL POTERE<\/a><\/p><\/blockquote>\n<p><iframe loading=\"lazy\" title=\"&#8220;IO SONO IL POTERE&#8221; &#8212; Radio Pi\u00f9\" class=\"wp-embedded-content\" sandbox=\"allow-scripts\" security=\"restricted\" style=\"position: absolute; clip: rect(1px, 1px, 1px, 1px);\" src=\"https:\/\/www.radiopiu.net\/wordpress\/io-sono-il-potere\/embed\/#?secret=zAN0lHkBPQ\" data-secret=\"zAN0lHkBPQ\" width=\"600\" height=\"338\" frameborder=\"0\" marginwidth=\"0\" marginheight=\"0\" scrolling=\"no\"><\/iframe><\/p>\n<h2>LE ALTRE PUNTATE<\/h2>\n<p><iframe loading=\"lazy\" class=\"wp-embedded-content\" title=\"\u201cDue minuti un libro\u201d \u2014 Radio Pi\u00f9\" src=\"https:\/\/www.radiopiu.net\/wordpress\/due-minuti-un-libro\/embed\/#?secret=HZQp6sP6GS\" width=\"600\" height=\"251\" frameborder=\"0\" marginwidth=\"0\" marginheight=\"0\" scrolling=\"no\" sandbox=\"allow-scripts\" data-secret=\"HZQp6sP6GS\" data-mce-fragment=\"1\"><\/iframe><\/p>\n<h3><\/h3>\n<hr \/>\n<h3><\/h3>\n<h3><span style=\"color: #0000ff;\">AGORDINOMERON<\/span><\/h3>\n<p><iframe loading=\"lazy\" class=\"wp-embedded-content\" title=\"\u201cAGORDINOMERON, IL TERRITORIO SI RACCONTA Da un\u2019idea di Gianni Santomaso\u201d \u2014 Radio Pi\u00f9\" src=\"https:\/\/www.radiopiu.net\/wordpress\/agordinomeron\/embed\/#?secret=UvrWyUbFRC\" width=\"600\" height=\"346\" frameborder=\"0\" marginwidth=\"0\" marginheight=\"0\" scrolling=\"no\" sandbox=\"allow-scripts\" data-secret=\"UvrWyUbFRC\" data-mce-fragment=\"1\"><\/iframe><\/p>\n<h3><\/h3>\n<h3><\/h3>\n<h3><span style=\"color: #808080;\"><strong>IL MESSAGGIO DEI SACERDOTI SU RADIO PIU\u2019<\/strong><\/span><\/h3>\n<h3><iframe loading=\"lazy\" class=\"wp-embedded-content\" title=\"\u201cIL MESSAGGIO DAI SACERDOTI SU RADIO PIU\u2019 ALLE 7.30 E 19.30\u201d \u2014 Radio Pi\u00f9\" src=\"https:\/\/www.radiopiu.net\/wordpress\/il-messaggio-dai-sacerdoti-della-conca-su-radio-piu-alle-7-30-e-19-30\/embed\/#?secret=GCz27lyCw3\" width=\"600\" height=\"381\" frameborder=\"0\" marginwidth=\"0\" marginheight=\"0\" scrolling=\"no\" sandbox=\"allow-scripts\" data-secret=\"GCz27lyCw3\" data-mce-fragment=\"1\"><\/iframe><\/h3>\n<p>&nbsp;<\/p>\n<hr \/>\n<p>&nbsp;<\/p>\n<p>A TAIBON LA FARMACIA FA SERVIZIO A DOMICILIO<\/p>\n<p>ORTOFRUTTA MARTINI AGORDO RUTTA E VERDURA A CASA 0437 640307<\/p>\n<p>LA PIZZERIA BOCCON DIVINO A TAIBON AGORDINO EFFETTUA SERVIZIO CONSEGNE PIZZE A DOMICILIO, TUTTI I GIORNI A PARTIRE DALLE ORE 18,\u00a0NEI COMUNI DI TAIBON AGORDINO E AGORDO340 2986275<\/p>\n<p>DA SAPPADE DI FALCADE PICCOLA BAITA PORTA SULLE VOSTRE TAVOLE I SAPORI DEL TERRITORIO WWW.PICCOLABAITA.NET 0437 590491<\/p>\n<p>L\u2019AZIENDA AGRICOLA MILCHHOF AGOSTINI DI SELVA DI CADORE. INFORMA CHE E\u2019 A DISPOSIZONE PER CONSEGNE GRATUITE A DOMICILIO IN TUTTA LA VALLATA 380 3957409<\/p>\n<p>DOLOMITI VIAGGI DI FALCADE,\u00a0 COME UN TAXI:\u00a0 AUTOVETTURE E PULMINO NOLEGGIO CON CONDUCENTE. CHIAMA IL NUMERO 329 35,26,156<\/p>\n<p>ZUMBRILLENBER AGORDO CONSEGNA A DOMICILIO. PIATTI DI CARNE, PESCE, E PIZZE. A DOMICILIO, NEL RAGGIO DI 15 CHILOMETRI DA AGORDO 345 9135042<\/p>\n<p>LA PASTICCERIA LES BON BON DI AGORDO TI INFORMA CHE E\u2019 ATTIVO IL SERVIZIO DI CONSEGNA A DOMICILIO 342 59,80,559.<\/p>\n<p>A RIVAMONTE DAISY! PANINI, BRUSCHETTE, TOAST. PER LA TUA CENA ALTERNATIVA E GUSTOSA. LE PRENOTAZIONI SI RICEVONO ENTRO LE ORE 17 AL 348 56,42,568.<\/p>\n<p>La Profumeria Wanda di Agordo consegna i prodotti a domicilio. 331 4662006. Negozio aperto dalle 10.30 alle 11.30 e dalle 16 alle 17<\/p>\n<p>L\u2019AZIENDA AGRICOLA ZANCHETTA, SPACCIO DI AGORDO INFORMA CHE EFFETTUA LA CONSEGNA A DOMICILIO DEL VINO DELLA PROPRIA PRODUZIONE. 335 6285096<\/p>\n<p>LA MACELLERIA COSTA INFORMA CHE EFFETTUA CONSEGNE A DOMICILIO GRATUITE IN TUTTO L\u2019AGORDINO. 340 9714699<\/p>\n<p>LA PASTICCERIA SAINT HONORE DI AGORDO EFFETTUA CONSEGNE A DOMICILIO AD AGORDO E PAESI LIMITROFI 0437 62585<\/p>\n<p>PREPARIAMO UNA SELEZIONE DELLE NOSTRE FAMOSE SPECIALITA\u2019, DA CONSEGNARVI A DOMICILIO. SAN MARTIN \u2013 RISTORO E BAR. LOCALITA\u2019 LA MUDA STRADA AGORDO BELLUNO AL 333 1432468<\/p>\n<p>&nbsp;<\/p>\n<hr \/>\n<p>&nbsp;<\/p>\n<p>&nbsp;<\/p>\n<p><a class=\"dt-pswp-item\" href=\"https:\/\/www.radiopiu.net\/wordpress\/wp-content\/uploads\/2018\/09\/viabilita.jpeg\" data-dt-img-description=\"\" data-large_image_width=\"800\" data-large_image_height=\"100\"><img loading=\"lazy\" decoding=\"async\" class=\"alignnone size-full wp-image-61954\" src=\"https:\/\/www.radiopiu.net\/wordpress\/wp-content\/uploads\/2018\/09\/viabilita.jpeg\" alt=\"\" width=\"800\" height=\"100\" srcset=\"https:\/\/www.radiopiu.net\/wordpress\/wp-content\/uploads\/2018\/09\/viabilita.jpeg 800w, https:\/\/www.radiopiu.net\/wordpress\/wp-content\/uploads\/2018\/09\/viabilita-300x38.jpeg 300w, https:\/\/www.radiopiu.net\/wordpress\/wp-content\/uploads\/2018\/09\/viabilita-768x96.jpeg 768w\" sizes=\"auto, (max-width: 800px) 100vw, 800px\" \/><\/a><\/p>\n<p>&nbsp;<\/p>\n<p>PROVINCIALE 20 DELLA VAL FIORENTINA, SELVA DI CADORE: DAL 14 FEBBRAIO AL 13 GIUGNO, CHIUSURA TOTALE TRA SOLATOR E IL CENTRO DEL PAESE ANCHE NEI GIORNI FESTIVI E PREFESTIVI, DAL CHILOMETRO 4.850 AL CHILOMETRO 5.100. TRANSITO CONSENTITO AI LOCALI CON TEMPI DI ATTESA MASSIMI STIMATI IN 30 MINUTI IN LOCALITA\u2019 SOLATOR DAL CHILOMETRO 4.400 AL CHILOMETRO 4.850<\/p>\n<p>DALL&#8217;11 APRILE AL 01 MAGGIO IN LOCALITA&#8217; LA MUDA DEVIAZIONE SU VIABILITA&#8217; PROVVISORIA PER IL COMPLETAMENTO DEL NUOVO ATTRAVERSAMENTO IDRAULICO RIO VAL SCURE LUNGO LA REGIONALE 203 AGORDINA<\/p>\n<p>sp346 SAN PELLEGRINO localita VALLADA dal 14 al 30 aprile senso unico alternato con semaforo<\/p>\n<p>sp251 in localit\u00e0 Cernadoi di Livinallongo dal 14 al 17 aprile senso unico con semaforo<\/p>\n<p>sp347 DURAN E CEREDA (Comune di Valle di Cadore tra Cibiana e innesto Venas) dal 16 al 30 aprile (festivi e sabati esclusi) senso unico alternato con movieri. Interruzioni massimo 10 minuti.<\/p>\n<p>sp641 PASSO FEDAIA dal 27 aprile al 15 maggio (sabato e domenica compresi) senso unico alternato per sostituzione barriere laterali di sicurezza e condolidamento ciglio stradale<\/p>\n<p>&nbsp;<\/p>\n<hr \/>\n<p>&nbsp;<\/p>\n<p><img decoding=\"async\" class=\"aligncenter jetpack-lazy-image jetpack-lazy-image--handled\" src=\"https:\/\/i0.wp.com\/www.radiopiu.net\/wordpress\/wp-content\/uploads\/2018\/09\/WhatsApp-Image-2018-09-20-at-16.04.06.jpeg?resize=800%2C100&amp;ssl=1\" data-lazy-loaded=\"1\" \/><\/p>\n<p>&nbsp;<\/p>\n<p><center><b>Giovedi 23<\/b><\/center><b>Tempo atteso:\u00a0<\/b>Tempo stabile e ben soleggiato con cielo sereno, salvo innocui e modesti cumuli sulle cime prealpine a ridosso delle pedemontana durante le ore pi\u00f9 calde. Clima ancora fresco di notte, specie nei fondovalle prealpini, mentre la mitezza primaverile si far\u00e0 sentire maggiormente in giornata alle quote pi\u00f9 basse.<br \/>\n<b>Precipitazioni:\u00a0<\/b>Assenti (0%).<br \/>\n<b>Temperature:\u00a0<\/b>In quota in generale rialzo; nelle valli minime stazionarie o addirittura in calo in alcuni fondovalle prealpini. Il rischio di brinate\/gelate fino sui 400\/600 m si riprodurr\u00e0 come nella notte precedente, massime in ripresa, con punte di 20\/21\u00b0C nei fondovalle prealpini e di 16\/17\u00b0C a 1000\/1200 m, un po&#8217; meno sulle Prealpi alle stese quote. Sulle Prealpi a 1500 m min 5\u00b0C max 11\u00b0C, a 2000 m min 3\u00b0C max 9\u00b0C; sulle Dolomiti a 2000 m min 1\u00b0C max 9\u00b0C, a 3000 m min -4\u00b0C max -2\u00b0C.<br \/>\n<b>Venti:\u00a0<\/b>Deboli o localmente moderati a regime di brezza nelle valli; in quota deboli da nord-est, a tratti moderati sulle cime dolomitiche pi\u00f9 alte al pomeriggio\/sera, a 5-10 km\/h a 2000 m e 10-20 km\/h a 3000 m.<\/p>\n<hr \/>\n<p><center><b>Venerdi 24<\/b><\/center><b>Tempo atteso:\u00a0<\/b>Tempo stabile e ben soleggiato con cielo generalmente sereno al mattino. In seguito ingresso di sottili nubi alte a partire dalle Dolomiti, in estensione a tutta la montagna veneta entro met\u00e0 pomeriggio. Clima sempre pi\u00f9 primaverile nei fondovalle.<br \/>\n<b>Precipitazioni:\u00a0<\/b>Assenti (0%).<br \/>\n<b>Temperature:\u00a0<\/b>In generale lieve aumento a tutte le quote. Sono previste punte di 21\/23\u00b0C nei fondovalle prealpini e di 17\/19\u00b0C a 1000\/1200 m, su valori superiori alle medie del periodo. Sulle Prealpi a 1500 m min 7\u00b0C max 13\u00b0C, a 2000 m min 5\u00b0C max 10\u00b0C; sulle Dolomiti a 2000 m min 4\u00b0C max 11\u00b0C, a 3000 m min -2\u00b0C max 0\u00b0C.<br \/>\n<b>Venti:\u00a0<\/b>Deboli o localmente moderati a regime di brezza nelle valli; in quota deboli\/moderati da nord nord-ovest, a tratti moderati sulle cime dolomitiche pi\u00f9 alte alla sera, a 5-10 km\/h a 2000 m e 15-25 km\/h a 3000 m.<\/p>\n<hr \/>\n<p><center><b>Sabato 25<\/b><\/center>Al mattino tempo stabile e ben soleggiato con cielo sereno. Al pomeriggio riduzione del soleggiamento per moderato sviluppo di nubi cumuliformi, ma con basso rischio di fenomeni convettivi. Temperature in lieve calo in quota e pressoch\u00e9 stazionarie nelle valli. Venti in quota moderati\/tesi da nord-ovest tra la notte e il primo mattino, in attenuazione al pomeriggio; deboli o localmente moderati a regime di brezza nelle valli.<\/p>\n<hr \/>\n<p><center><b>Domenica 26<\/b><\/center>Nuvolosit\u00e0 irregolare, gi\u00e0 al mattino, assieme a tratti soleggiati. Con il passare delle ore gli addensamenti s&#8217;intensificheranno, assieme a una crescente probabilit\u00e0 di rovesci, isolati al mattino e spari al pomeriggio, nevosi oltre i 2300\/2400 m. Il rischio sar\u00e0 minore sulle Dolomiti. Temperature in lieve flessione, eccetto rialzo delle minime nelle valli. Venti moderati dai quadranti occidentali in quota, brezze nelle valli. Previsore: R.L.Th.<\/p>\n","protected":false},"excerpt":{"rendered":"<p>PER RICEVERE QUESTO NOTIZIARIO DIRETTAMENTE SUL TUO CELLULARE ISCRIVITI AL CANALE\u00a0TELEGRAM\u00a0\u201cRADIO PIU\u00a0 INFORMAZIONE\u201d &nbsp; IL RITORNO DEL MERCATO AD AGORDO CON POCHE ATTIVITA&#8217; COMMERCIALI LUNGO IL BROI &nbsp; \u2022 I casi totali aumentano di 3.370, per un totale di 187.327. Guarite 2.943 persone, mentre i morti sono stati 437, meno dei 534 di ieri, per&hellip;<\/p>\n","protected":false},"author":4,"featured_media":132217,"comment_status":"closed","ping_status":"closed","sticky":false,"template":"","format":"standard","meta":{"_monsterinsights_skip_tracking":false,"_monsterinsights_sitenote_active":false,"_monsterinsights_sitenote_note":"","_monsterinsights_sitenote_category":0,"footnotes":""},"categories":[1,86,49],"tags":[],"class_list":["post-132116","post","type-post","status-publish","format-standard","has-post-thumbnail","hentry","category-senza-categoria","category-gr","category-news-18","category-1","category-86","category-49","description-off"],"img_url":"https:\/\/www.radiopiu.net\/wordpress\/wp-content\/uploads\/2020\/04\/cc56a719-a943-4e94-96e1-6b67677f5dd8.jpg","_links":{"self":[{"href":"https:\/\/www.radiopiu.net\/wordpress\/wp-json\/wp\/v2\/posts\/132116","targetHints":{"allow":["GET"]}}],"collection":[{"href":"https:\/\/www.radiopiu.net\/wordpress\/wp-json\/wp\/v2\/posts"}],"about":[{"href":"https:\/\/www.radiopiu.net\/wordpress\/wp-json\/wp\/v2\/types\/post"}],"author":[{"embeddable":true,"href":"https:\/\/www.radiopiu.net\/wordpress\/wp-json\/wp\/v2\/users\/4"}],"replies":[{"embeddable":true,"href":"https:\/\/www.radiopiu.net\/wordpress\/wp-json\/wp\/v2\/comments?post=132116"}],"version-history":[{"count":0,"href":"https:\/\/www.radiopiu.net\/wordpress\/wp-json\/wp\/v2\/posts\/132116\/revisions"}],"wp:featuredmedia":[{"embeddable":true,"href":"https:\/\/www.radiopiu.net\/wordpress\/wp-json\/wp\/v2\/media\/132217"}],"wp:attachment":[{"href":"https:\/\/www.radiopiu.net\/wordpress\/wp-json\/wp\/v2\/media?parent=132116"}],"wp:term":[{"taxonomy":"category","embeddable":true,"href":"https:\/\/www.radiopiu.net\/wordpress\/wp-json\/wp\/v2\/categories?post=132116"},{"taxonomy":"post_tag","embeddable":true,"href":"https:\/\/www.radiopiu.net\/wordpress\/wp-json\/wp\/v2\/tags?post=132116"}],"curies":[{"name":"wp","href":"https:\/\/api.w.org\/{rel}","templated":true}]}}