{"id":132221,"date":"2020-04-22T23:59:23","date_gmt":"2020-04-22T21:59:23","guid":{"rendered":"https:\/\/www.radiopiu.net\/wordpress\/?p=132221"},"modified":"2020-04-22T16:19:54","modified_gmt":"2020-04-22T14:19:54","slug":"gaspare-diziani-mamma-il-pittore-bellunese-di-fama-internazionale-di-renato-bona","status":"publish","type":"post","link":"https:\/\/www.radiopiu.net\/wordpress\/gaspare-diziani-mamma-il-pittore-bellunese-di-fama-internazionale-di-renato-bona\/","title":{"rendered":"GASPARE DIZIANI, \u201cMAMMA\u201d, IL PITTORE BELLUNESE DI FAMA INTERNAZIONALE di Renato Bona"},"content":{"rendered":"<p><strong><a class=\"dt-pswp-item\" href=\"https:\/\/www.radiopiu.net\/wordpress\/wp-content\/uploads\/2019\/08\/553085_385905871470280_1626001170_n-1.jpg\" data-dt-img-description=\"\" data-large_image_width=\"855\" data-large_image_height=\"569\"><img loading=\"lazy\" decoding=\"async\" class=\"alignleft  wp-image-94594\" src=\"https:\/\/www.radiopiu.net\/wordpress\/wp-content\/uploads\/2019\/08\/553085_385905871470280_1626001170_n-1-300x200.jpg\" alt=\"\" width=\"159\" height=\"106\" srcset=\"https:\/\/www.radiopiu.net\/wordpress\/wp-content\/uploads\/2019\/08\/553085_385905871470280_1626001170_n-1-300x200.jpg 300w, https:\/\/www.radiopiu.net\/wordpress\/wp-content\/uploads\/2019\/08\/553085_385905871470280_1626001170_n-1-768x511.jpg 768w, https:\/\/www.radiopiu.net\/wordpress\/wp-content\/uploads\/2019\/08\/553085_385905871470280_1626001170_n-1.jpg 855w\" sizes=\"auto, (max-width: 159px) 100vw, 159px\" \/><\/a>di Renato Bona\u00a0<\/strong><\/p>\n<p>Figlio di Giuseppe \u201cDe Ciano\u201d e di Giustina, Gaspare Diziani venne alla luce a Belluno il 24 gennaio 1689 e mor\u00ec improvvisamente in una bottega di caff\u00e8 in piazza San Marco di Venezia il 17 agosto 1767. Anche a lui il Comune di Belluno ha intitolato una via: quella che dalla Tissi porta allo sbocco orientale della galleria ferroviaria.<br \/>\nDopo la parentesi con Antonio Lazzarini, la sua vera formazione artistica la ebbe a Venezia nel 1709-11 nella scuola di Gregorio Lazzarini, prima, e poi in quella del conterraneo Sebastiano Ricci che propizi\u00f2 una rapida consacrazione che fin dal 1717 vide Diziani lavorare a Monaco e poi a Dresda, alla corte di Sassonia. Il sito treccani.it\/enciclopedia ricorda che pur avendo qui ottenuto grande onore: \u201c\u2026 nel 1720 rientr\u00f2 a Venezia dove compare tra gli iscritti alla fraglia dei pittori\u201d. Precisa poi che: I dipinti per il palazzo della Residenza di Monaco di Baviera, eseguiti nel 1717, sono andati perduti durante l&#8217;ultima guerra mondiale\u2026 raffiguravano le \u2018Quattro parti del mondo\u2019. Disperse pure le decorazioni di Dresda nel teatro e nella chiesa della corte mentre l\u2019attivit\u00e0 giovanile \u201c\u00e8 circoscritta a un esile gruppo di disegni nel Museo Correr di Venezia ed in quello Civico di Udine\u201d. Nel secondo decennio del 1700 \u201ctrovano collocazione l&#8217;ottagono con la \u2018Maddalena\u2019 nella chiesa di S. Stefano a Belluno e l&#8217;Entrata di Ges\u00f9 in Gerusalemme\u2019 in S. Teodoro a Venezia.<br \/>\nAncora Treccani: \u201cPrima opera finora nota, con firma e data, continua ad essere l&#8217;Estasi di s. Francesco (1727) in S. Rocco a Belluno\u2026 Nonostante l&#8217;attivit\u00e0 veneziana, mantenne frequenti rapporti con la nat\u00eca Belluno dove era noto col soprannome di \u2018mamma\u2019 (Biasuz, 1969); verso il Natale del 1731 inviava dalla citt\u00e0 lagunare un biglietto di affettuoso augurio allo scultore Andrea Brustolon (Museo civico di Belluno)\u201d.<br \/>\nUna curiosit\u00e0: dal matrimonio con Angela Feltrin, sposata verso il 1731, nacquero dieci figli: tra questi il primogenito Giuseppe ed Antonio furono pittori come il padre, narratore di \u2018storie\u2019 il primo, paesaggista il secondo. Ma torniamo ai dipinti: \u201cLa decorazione nella sacrestia di S. Stefano a Venezia fu messa in opera nel 1733: l\u2019Adorazione dei magi, la Fuga in Egitto e la Strage degli innocenti, dipinta su un doppio telaio, sono un mirabile esempio della genialit\u00e0 dell&#8217;artista\u2026 Nel 1747 datava e firmava anche la piccola, ma preziosa e luminosissima \u2018Annunciazione\u2019, oggi nel Museo di Belluno. Nel quinto decennio va datata pure un\u2019 \u2018Immacolata con s. Pietro\u2019 nella chiesa della Madonna dell&#8217;Angelo a Parenzo (Jugoslavia). Il 1751 registra una frenetica attivit\u00e0 del Diziani. Agli inizi di febbraio infatti stipul\u00f2 il contratto per il &#8220;cielo domenicano&#8221; di S. Bartolomeo a Bergamo, mentre alla fine di novembre dello stesso anno sigl\u00f2 l&#8217;accordo per il baldacchino della basilica antoniana di Padova; due opere immense, condotte con una straordinaria foga e rapidit\u00e0&#8230; Nel 1753 esegu\u00ec l\u2019\u2019Immacolata e santi\u2019 di Condino (Trento); la pala di Storo, nel Trentino, datata 1757 e raffigurante S. Antonio abate con altri santi, risulta affine, per concezione ed esito, ai Santi della Controriforma nella cattedrale di Belluno. Nella villa Rinaldi Barbini di Caselle d&#8217;Asolo, dove gi\u00e0 avevano operato P. Liberi e A. Celesti e per la quale quasi trent&#8217;anni prima aveva dipinto la gi\u00e0 ricordata Decapitazione di Eurosia, l\u2019artista bellunese con l&#8217;aiuto del figlio Antonio, comp\u00ec nel 1760 la decorazione del piano mezzanino. In quello stesso anno, dopo Tiepolo e Pittoni, a riprova di un ruolo di eminenza indiscusso, venne chiamato a presiedere per un biennio l&#8217;Accademia di pittura di Venezia della quale, nel 1755, era stato tra i fondatori\u2026Tra le incisioni tratte da invenzioni del Diziani sono infine da ricordare quelle per l&#8217;edizione Zatta (Venezia 1757) della Divina Commedia , in cui otto canti dell&#8217;Inferno furono illustrati con altrettante incisioni dell&#8217;artista, e le due tavole per un&#8217;edizione italo-francese delle opere del Palladio (Architettura di Andrea Palladio vicentino\u2026 con la traduzione francese, Venezia 1740) alla cui illustrazione pose mano anche il Fontebasso che in quello stesso periodo dipingeva col Diziani nei palazzi Belloni e Contarini a Venezia. Nel 1766 fu rieletto alla presidenza dell&#8217;Accademia per un secondo biennio che tuttavia non pot\u00e9 concludere, perch\u00e9 mor\u00ec improvvisamente\u201d.<br \/>\nNELLE FOTO (Fondazione Zeri Bologna, Renato Bona, Dizionario biografico dei friulani, Google); autoritratto di Gaspare Diziani; la tabella e la via che portano il nome dell\u2019artista bellunese; \u201cAdorazione dei Magi\u201d nei Musei civici di Udine; \u201cGiuseppe, Giovanni Battista e s. Antonio da Padova\u201d; il \u201cRatto delle Sabine\u201d; \u201cPassaggio del Mar Rosso\u201d; la \u201cStrage degli innocenti\u201d.<\/p>\n\n\t\t\t<style type='text\/css'>\n\t\t\t\t#gallery-1 {\n\t\t\t\t\tmargin: auto;\n\t\t\t\t}\n\t\t\t\t#gallery-1 .gallery-item {\n\t\t\t\t\tfloat: left;\n\t\t\t\t\tmargin-top: 10px;\n\t\t\t\t\ttext-align: center;\n\t\t\t\t\twidth: 25%;\n\t\t\t\t}\n\t\t\t\t#gallery-1 img {\n\t\t\t\t\tborder: 2px solid #cfcfcf;\n\t\t\t\t}\n\t\t\t\t#gallery-1 .gallery-caption {\n\t\t\t\t\tmargin-left: 0;\n\t\t\t\t}\n\t\t\t\t\/* see gallery_shortcode() in wp-includes\/media.php *\/\n\t\t\t<\/style>\n\t\t<div id='gallery-1' class='dt-gallery-container gallery galleryid-132221 gallery-columns-4 gallery-size-thumbnail'><dl class='gallery-item'>\n\t\t\t\t<dt class='gallery-icon portrait'>\n\t\t\t\t\t<a class=\"rollover\" href='https:\/\/www.radiopiu.net\/wordpress\/gaspare-diziani-mamma-il-pittore-bellunese-di-fama-internazionale-di-renato-bona\/94315733_524481531830336_7331266293871411200_n\/'><img loading=\"lazy\" decoding=\"async\" width=\"150\" height=\"150\" src=\"https:\/\/www.radiopiu.net\/wordpress\/wp-content\/uploads\/2020\/04\/94315733_524481531830336_7331266293871411200_n-150x150.jpg\" class=\"attachment-thumbnail size-thumbnail\" alt=\"\" \/><\/a>\n\t\t\t\t<\/dt><\/dl><dl class='gallery-item'>\n\t\t\t\t<dt class='gallery-icon landscape'>\n\t\t\t\t\t<a class=\"rollover\" href='https:\/\/www.radiopiu.net\/wordpress\/gaspare-diziani-mamma-il-pittore-bellunese-di-fama-internazionale-di-renato-bona\/94258067_2621649698077043_8329411247443279872_n\/'><img loading=\"lazy\" decoding=\"async\" width=\"150\" height=\"150\" src=\"https:\/\/www.radiopiu.net\/wordpress\/wp-content\/uploads\/2020\/04\/94258067_2621649698077043_8329411247443279872_n-150x150.jpg\" class=\"attachment-thumbnail size-thumbnail\" alt=\"\" \/><\/a>\n\t\t\t\t<\/dt><\/dl><dl class='gallery-item'>\n\t\t\t\t<dt class='gallery-icon landscape'>\n\t\t\t\t\t<a class=\"rollover\" href='https:\/\/www.radiopiu.net\/wordpress\/gaspare-diziani-mamma-il-pittore-bellunese-di-fama-internazionale-di-renato-bona\/94001485_665087147627465_1876211550784585728_n\/'><img loading=\"lazy\" decoding=\"async\" width=\"150\" height=\"150\" src=\"https:\/\/www.radiopiu.net\/wordpress\/wp-content\/uploads\/2020\/04\/94001485_665087147627465_1876211550784585728_n-150x150.jpg\" class=\"attachment-thumbnail size-thumbnail\" alt=\"\" \/><\/a>\n\t\t\t\t<\/dt><\/dl><dl class='gallery-item'>\n\t\t\t\t<dt class='gallery-icon landscape'>\n\t\t\t\t\t<a class=\"rollover\" href='https:\/\/www.radiopiu.net\/wordpress\/gaspare-diziani-mamma-il-pittore-bellunese-di-fama-internazionale-di-renato-bona\/94397686_544760036441846_6284978317439270912_n\/'><img loading=\"lazy\" decoding=\"async\" width=\"150\" height=\"150\" src=\"https:\/\/www.radiopiu.net\/wordpress\/wp-content\/uploads\/2020\/04\/94397686_544760036441846_6284978317439270912_n-150x150.jpg\" class=\"attachment-thumbnail size-thumbnail\" alt=\"\" \/><\/a>\n\t\t\t\t<\/dt><\/dl><br style=\"clear: both\" \/><dl class='gallery-item'>\n\t\t\t\t<dt class='gallery-icon portrait'>\n\t\t\t\t\t<a class=\"rollover\" href='https:\/\/www.radiopiu.net\/wordpress\/gaspare-diziani-mamma-il-pittore-bellunese-di-fama-internazionale-di-renato-bona\/94159617_629482567637122_1689156508043968512_n\/'><img loading=\"lazy\" decoding=\"async\" width=\"150\" height=\"150\" src=\"https:\/\/www.radiopiu.net\/wordpress\/wp-content\/uploads\/2020\/04\/94159617_629482567637122_1689156508043968512_n-150x150.jpg\" class=\"attachment-thumbnail size-thumbnail\" alt=\"\" \/><\/a>\n\t\t\t\t<\/dt><\/dl><dl class='gallery-item'>\n\t\t\t\t<dt class='gallery-icon portrait'>\n\t\t\t\t\t<a class=\"rollover\" href='https:\/\/www.radiopiu.net\/wordpress\/gaspare-diziani-mamma-il-pittore-bellunese-di-fama-internazionale-di-renato-bona\/93595386_228921161675384_4245933600001753088_n\/'><img loading=\"lazy\" decoding=\"async\" width=\"150\" height=\"150\" src=\"https:\/\/www.radiopiu.net\/wordpress\/wp-content\/uploads\/2020\/04\/93595386_228921161675384_4245933600001753088_n-150x150.jpg\" class=\"attachment-thumbnail size-thumbnail\" alt=\"\" \/><\/a>\n\t\t\t\t<\/dt><\/dl><dl class='gallery-item'>\n\t\t\t\t<dt class='gallery-icon landscape'>\n\t\t\t\t\t<a class=\"rollover\" href='https:\/\/www.radiopiu.net\/wordpress\/gaspare-diziani-mamma-il-pittore-bellunese-di-fama-internazionale-di-renato-bona\/94128244_665134640724591_3867759934292623360_n\/'><img loading=\"lazy\" decoding=\"async\" width=\"150\" height=\"150\" src=\"https:\/\/www.radiopiu.net\/wordpress\/wp-content\/uploads\/2020\/04\/94128244_665134640724591_3867759934292623360_n-150x150.jpg\" class=\"attachment-thumbnail size-thumbnail\" alt=\"\" \/><\/a>\n\t\t\t\t<\/dt><\/dl><dl class='gallery-item'>\n\t\t\t\t<dt class='gallery-icon landscape'>\n\t\t\t\t\t<a class=\"rollover\" href='https:\/\/www.radiopiu.net\/wordpress\/gaspare-diziani-mamma-il-pittore-bellunese-di-fama-internazionale-di-renato-bona\/94017585_641706183043930_510553315210166272_n\/'><img loading=\"lazy\" decoding=\"async\" width=\"150\" height=\"150\" src=\"https:\/\/www.radiopiu.net\/wordpress\/wp-content\/uploads\/2020\/04\/94017585_641706183043930_510553315210166272_n-150x150.jpg\" class=\"attachment-thumbnail size-thumbnail\" alt=\"\" \/><\/a>\n\t\t\t\t<\/dt><\/dl><br style=\"clear: both\" \/>\n\t\t\t<\/div>\n\n","protected":false},"excerpt":{"rendered":"<p>di Renato Bona\u00a0 Figlio di Giuseppe \u201cDe Ciano\u201d e di Giustina, Gaspare Diziani venne alla luce a Belluno il 24 gennaio 1689 e mor\u00ec improvvisamente in una bottega di caff\u00e8 in piazza San Marco di Venezia il 17 agosto 1767. Anche a lui il Comune di Belluno ha intitolato una via: quella che dalla Tissi&hellip;<\/p>\n","protected":false},"author":4,"featured_media":132222,"comment_status":"closed","ping_status":"closed","sticky":false,"template":"","format":"standard","meta":{"_monsterinsights_skip_tracking":false,"_monsterinsights_sitenote_active":false,"_monsterinsights_sitenote_note":"","_monsterinsights_sitenote_category":0,"footnotes":""},"categories":[49],"tags":[],"class_list":["post-132221","post","type-post","status-publish","format-standard","has-post-thumbnail","hentry","category-news-18","category-49","description-off"],"img_url":"https:\/\/www.radiopiu.net\/wordpress\/wp-content\/uploads\/2020\/04\/94315733_524481531830336_7331266293871411200_n.jpg","_links":{"self":[{"href":"https:\/\/www.radiopiu.net\/wordpress\/wp-json\/wp\/v2\/posts\/132221","targetHints":{"allow":["GET"]}}],"collection":[{"href":"https:\/\/www.radiopiu.net\/wordpress\/wp-json\/wp\/v2\/posts"}],"about":[{"href":"https:\/\/www.radiopiu.net\/wordpress\/wp-json\/wp\/v2\/types\/post"}],"author":[{"embeddable":true,"href":"https:\/\/www.radiopiu.net\/wordpress\/wp-json\/wp\/v2\/users\/4"}],"replies":[{"embeddable":true,"href":"https:\/\/www.radiopiu.net\/wordpress\/wp-json\/wp\/v2\/comments?post=132221"}],"version-history":[{"count":0,"href":"https:\/\/www.radiopiu.net\/wordpress\/wp-json\/wp\/v2\/posts\/132221\/revisions"}],"wp:featuredmedia":[{"embeddable":true,"href":"https:\/\/www.radiopiu.net\/wordpress\/wp-json\/wp\/v2\/media\/132222"}],"wp:attachment":[{"href":"https:\/\/www.radiopiu.net\/wordpress\/wp-json\/wp\/v2\/media?parent=132221"}],"wp:term":[{"taxonomy":"category","embeddable":true,"href":"https:\/\/www.radiopiu.net\/wordpress\/wp-json\/wp\/v2\/categories?post=132221"},{"taxonomy":"post_tag","embeddable":true,"href":"https:\/\/www.radiopiu.net\/wordpress\/wp-json\/wp\/v2\/tags?post=132221"}],"curies":[{"name":"wp","href":"https:\/\/api.w.org\/{rel}","templated":true}]}}