{"id":132375,"date":"2020-04-23T12:31:15","date_gmt":"2020-04-23T10:31:15","guid":{"rendered":"https:\/\/www.radiopiu.net\/wordpress\/?p=132375"},"modified":"2020-04-24T19:13:02","modified_gmt":"2020-04-24T17:13:02","slug":"si-continua-a-morire-di-covid-20-decessi-in-regione-in-24-ore-in-calo-i-ricoveri-in-aumento-i-positivi-aggiornamento-azienda-zero-23-aprile-2020","status":"publish","type":"post","link":"https:\/\/www.radiopiu.net\/wordpress\/si-continua-a-morire-di-covid-20-decessi-in-regione-in-24-ore-in-calo-i-ricoveri-in-aumento-i-positivi-aggiornamento-azienda-zero-23-aprile-2020\/","title":{"rendered":"SI CONTINUA A MORIRE DI COVID, 20 DECESSI IN REGIONE IN 24 ORE, IN CALO I RICOVERI IN AUMENTO I POSITIVI AGGIORNAMENTO AZIENDA ZERO 23 APRILE 2020"},"content":{"rendered":"<p><strong>VENEZIA<\/strong> Calano i ricoveri in area critica, 1306 (-28)\u00a0 calano i pazienti in terapia intensiva 140 (-23), costanti purtroppo i decessi altri 20 nelle ultime 24 ore: 4 Treviso 2 Santorso\u00a0 2 Verona 2 Dolo 2 Schiavonia\u00a0 2 Belluno\u00a0 Mestre Oderzo Legnago Valdagno Villafranca Bussolengo. Positivi: non cambia nulla a Vo&#8217; sempre 6 gli attualmente positivi (87 dal 21 febbraio), +18 a Padova, +9 a Treviso +29 a Venezia +58 a Verona +21 a Vicenza\u00a0 +8 a Belluno + 3 a Rovigo, totale positivi dal 21 febbraio 16881 (+143) attualmente positivi 9925, deceduti totali 1206 negativizzati 5750 in isolamento domiciliare 9533. Negli ospedali 359 negativizzati, dimessi 2449 decessi negli ospedali 1110<\/p>\n<p><strong>BELLUNO<\/strong> Rispetto a ieri 1 solo paziente in pi\u00f9 all&#8217;ospedale San Martino (44) in terapia intesiva 7, Belluno ospedali di comunit\u00e0 16, Agordo 19. Al San Martino dimessi 63, decessi 31 (+1), a Feltre dimessi 12 decessi 6, Ospedali di Comunit\u00e0, Belluno dimessi 16 e decessi 9 (+1); Agordo dimessi 7 decessi 1, ospedale di Pieve di Cadore\u00a0 1 decesso<\/p>\n<p>&nbsp;<\/p>\n<p>&nbsp;<\/p>\n<div class=\"su-document su-u-responsive-media-yes\"><iframe loading=\"lazy\" src=\"\/\/docs.google.com\/viewer?embedded=true&url=https:\/\/www.radiopiu.net\/wordpress\/wp-content\/uploads\/2020\/04\/aggiornamento-casi-e-ricoveri-23.04-ore-8.00-1.pdf\" width=\"600\" height=\"800\" class=\"su-document\" title=\"prot\"><\/iframe><\/div>\n","protected":false},"excerpt":{"rendered":"<p>VENEZIA Calano i ricoveri in area critica, 1306 (-28)\u00a0 calano i pazienti in terapia intensiva 140 (-23), costanti purtroppo i decessi altri 20 nelle ultime 24 ore: 4 Treviso 2 Santorso\u00a0 2 Verona 2 Dolo 2 Schiavonia\u00a0 2 Belluno\u00a0 Mestre Oderzo Legnago Valdagno Villafranca Bussolengo. Positivi: non cambia nulla a Vo&#8217; sempre 6 gli attualmente&hellip;<\/p>\n","protected":false},"author":4,"featured_media":121952,"comment_status":"closed","ping_status":"closed","sticky":false,"template":"","format":"standard","meta":{"_monsterinsights_skip_tracking":false,"_monsterinsights_sitenote_active":false,"_monsterinsights_sitenote_note":"","_monsterinsights_sitenote_category":0,"footnotes":""},"categories":[49],"tags":[],"class_list":["post-132375","post","type-post","status-publish","format-standard","has-post-thumbnail","hentry","category-news-18","category-49","description-off"],"img_url":"https:\/\/www.radiopiu.net\/wordpress\/wp-content\/uploads\/2020\/03\/covid-azienda-zero-1.jpg","_links":{"self":[{"href":"https:\/\/www.radiopiu.net\/wordpress\/wp-json\/wp\/v2\/posts\/132375","targetHints":{"allow":["GET"]}}],"collection":[{"href":"https:\/\/www.radiopiu.net\/wordpress\/wp-json\/wp\/v2\/posts"}],"about":[{"href":"https:\/\/www.radiopiu.net\/wordpress\/wp-json\/wp\/v2\/types\/post"}],"author":[{"embeddable":true,"href":"https:\/\/www.radiopiu.net\/wordpress\/wp-json\/wp\/v2\/users\/4"}],"replies":[{"embeddable":true,"href":"https:\/\/www.radiopiu.net\/wordpress\/wp-json\/wp\/v2\/comments?post=132375"}],"version-history":[{"count":0,"href":"https:\/\/www.radiopiu.net\/wordpress\/wp-json\/wp\/v2\/posts\/132375\/revisions"}],"wp:featuredmedia":[{"embeddable":true,"href":"https:\/\/www.radiopiu.net\/wordpress\/wp-json\/wp\/v2\/media\/121952"}],"wp:attachment":[{"href":"https:\/\/www.radiopiu.net\/wordpress\/wp-json\/wp\/v2\/media?parent=132375"}],"wp:term":[{"taxonomy":"category","embeddable":true,"href":"https:\/\/www.radiopiu.net\/wordpress\/wp-json\/wp\/v2\/categories?post=132375"},{"taxonomy":"post_tag","embeddable":true,"href":"https:\/\/www.radiopiu.net\/wordpress\/wp-json\/wp\/v2\/tags?post=132375"}],"curies":[{"name":"wp","href":"https:\/\/api.w.org\/{rel}","templated":true}]}}