{"id":132377,"date":"2020-04-23T15:54:29","date_gmt":"2020-04-23T13:54:29","guid":{"rendered":"https:\/\/www.radiopiu.net\/wordpress\/?p=132377"},"modified":"2020-04-23T16:06:05","modified_gmt":"2020-04-23T14:06:05","slug":"unesperienza-negativa-allecocentro-di-agordo","status":"publish","type":"post","link":"https:\/\/www.radiopiu.net\/wordpress\/unesperienza-negativa-allecocentro-di-agordo\/","title":{"rendered":"UN&#8217;ESPERIENZA NEGATIVA ALL&#8217;ECOCENTRO DI AGORDO"},"content":{"rendered":"<p><strong><a class=\"dt-pswp-item\" href=\"https:\/\/www.radiopiu.net\/wordpress\/wp-content\/uploads\/2017\/03\/ECOCENTRO.jpg\" data-dt-img-description=\"\" data-large_image_width=\"593\" data-large_image_height=\"334\"><img loading=\"lazy\" decoding=\"async\" class=\"size-medium wp-image-30104 alignleft\" src=\"https:\/\/www.radiopiu.net\/wordpress\/wp-content\/uploads\/2017\/03\/ECOCENTRO-300x169.jpg\" alt=\"\" width=\"300\" height=\"169\" \/><\/a>RADIO PIU&#8217;<\/strong> Riceviamo e pubblichiamo una lettera riguardante un&#8217;esperienza di un cittadino all&#8217;ecocentro di Agordo<\/p>\n<blockquote><p>&nbsp;<\/p>\n<p><em>&#8220;Riporto la mia negativa esperienza presso l&#8217;ecocentro di Agordo.\u00a0 E&#8217; una critica, che auspico costruttiva, perch\u00e8 i responsabili di tale struttura (Comune e Valpe) possano porvi rimedio, a vantaggio dei Cittadini. Luned\u00ec scorso, giornata di apertura dell&#8217;ecocentro, mi vi sono recato per scaricare i rifiuti accumulati nel periodo di chiusura della struttura.\u00a0 \u00a0 Ho fatto una fila di 4 (quattro) ore : una e mezza la mattina,dalle 10,30 alle 12, senza poter accedere entro l&#8217;orario di chiusura ; e due ore e mezza il pomeriggio, dalle 14 alle 16,30, per poter finalmente entrare e scaricare il materiale.\u00a0 Le file di auto ferme lungo la strada di accesso erano di centinaia di metri, dovute alla lentezza delle procedure. Perch\u00e8? Perch\u00e8 potevano entrare solo due auto alla volta&#8230;&#8230; e questo sarebbe stato anche comprensibile.\u00a0 \u00a0Per\u00f2 ho notato la seguente (a mio avviso) disorganizzazione : erano impiegati quattro volontari della Protezione civile per indirizzare le auto verso l&#8217;ingresso dell&#8217;ecocentro (su pochi metri&#8230;..forse 40?), e all&#8217;interno della strutture un solo addetto che &#8220;vigilava&#8221;. Nessuno che aiutasse a velocizzare i conferimenti&#8230;.alle volte scomodi, pesanti, molteplici per l&#8217;assortimento di materiale da scaricare in cassoni diversi e particolarmente scomodi. Ho notato anche la presenza di molte donne, che, da sole, hanno notoriamente pi\u00f9 difficolt\u00e0 e minor forza dei maschi, per queste operazioni. Ecco perch\u00e8 la lentezza, comportante file di auto ferme per ore, in attesa del turno. Conclusione:\u00a0 Valpe e Comune (o Unione di Comuni) non potrebbero concordare un&#8217;organizzazione diversa, prevedendo un utilizzo pi\u00f9 razionale del personale : pi\u00f9 addetti alle operazioni di scarico materiale,naturalmente fatte salve le precauzioni di mascherine e distanze, e meno utilizzo di sorveglianza esterna?\u00a0 \u00a0 Se ci sono 5 persone : una sarebbe sufficiente per indirizzare le auto, e quattro per aiutare fattivamente i cittadini, in particolare il gentil sesso, a scaricare il materiale. Si tratta di uno stato di emergenza, ove le normali prassi vanno superate, oltre la burocrazia, con buon senso, efficienza e positivo\u00a0 servizio ai Cittadini. Sbaglio?&#8221;<\/em><\/p>\n<p><strong>A.C. Agordo<\/strong><\/p><\/blockquote>\n","protected":false},"excerpt":{"rendered":"<p>RADIO PIU&#8217; Riceviamo e pubblichiamo una lettera riguardante un&#8217;esperienza di un cittadino all&#8217;ecocentro di Agordo &nbsp; &#8220;Riporto la mia negativa esperienza presso l&#8217;ecocentro di Agordo.\u00a0 E&#8217; una critica, che auspico costruttiva, perch\u00e8 i responsabili di tale struttura (Comune e Valpe) possano porvi rimedio, a vantaggio dei Cittadini. Luned\u00ec scorso, giornata di apertura dell&#8217;ecocentro, mi vi&hellip;<\/p>\n","protected":false},"author":4,"featured_media":0,"comment_status":"closed","ping_status":"closed","sticky":false,"template":"","format":"standard","meta":{"_monsterinsights_skip_tracking":false,"_monsterinsights_sitenote_active":false,"_monsterinsights_sitenote_note":"","_monsterinsights_sitenote_category":0,"footnotes":""},"categories":[49],"tags":[],"class_list":["post-132377","post","type-post","status-publish","format-standard","hentry","category-news-18","category-49","description-off"],"img_url":false,"_links":{"self":[{"href":"https:\/\/www.radiopiu.net\/wordpress\/wp-json\/wp\/v2\/posts\/132377","targetHints":{"allow":["GET"]}}],"collection":[{"href":"https:\/\/www.radiopiu.net\/wordpress\/wp-json\/wp\/v2\/posts"}],"about":[{"href":"https:\/\/www.radiopiu.net\/wordpress\/wp-json\/wp\/v2\/types\/post"}],"author":[{"embeddable":true,"href":"https:\/\/www.radiopiu.net\/wordpress\/wp-json\/wp\/v2\/users\/4"}],"replies":[{"embeddable":true,"href":"https:\/\/www.radiopiu.net\/wordpress\/wp-json\/wp\/v2\/comments?post=132377"}],"version-history":[{"count":0,"href":"https:\/\/www.radiopiu.net\/wordpress\/wp-json\/wp\/v2\/posts\/132377\/revisions"}],"wp:attachment":[{"href":"https:\/\/www.radiopiu.net\/wordpress\/wp-json\/wp\/v2\/media?parent=132377"}],"wp:term":[{"taxonomy":"category","embeddable":true,"href":"https:\/\/www.radiopiu.net\/wordpress\/wp-json\/wp\/v2\/categories?post=132377"},{"taxonomy":"post_tag","embeddable":true,"href":"https:\/\/www.radiopiu.net\/wordpress\/wp-json\/wp\/v2\/tags?post=132377"}],"curies":[{"name":"wp","href":"https:\/\/api.w.org\/{rel}","templated":true}]}}