{"id":132434,"date":"2020-04-23T15:15:03","date_gmt":"2020-04-23T13:15:03","guid":{"rendered":"https:\/\/www.radiopiu.net\/wordpress\/?p=132434"},"modified":"2020-04-23T15:15:03","modified_gmt":"2020-04-23T13:15:03","slug":"il-piccolo-di-orzes-riapre-gli-occhi-ma-la-prognosi-rimane-riservata","status":"publish","type":"post","link":"https:\/\/www.radiopiu.net\/wordpress\/il-piccolo-di-orzes-riapre-gli-occhi-ma-la-prognosi-rimane-riservata\/","title":{"rendered":"IL PICCOLO DI ORZES RIAPRE GLI OCCHI, MA LA PROGNOSI RIMANE RISERVATA"},"content":{"rendered":"<p><strong>BELLUNO<\/strong> La bella notizia sul sito dell&#8217;Amico del Popolo: il piccolo di Orzes che il 10 aprile \u00e8 stato investito da un&#8217;auto davanti casa \u00e8 uscito dal coma<em> &#8220;I genitori\u00a0 -si legge su l&#8217;amico del Popolo\u00a0 &#8211;\u00a0 hanno ricevuto la telefonata tanto attesa: Sebastian si \u00e8 risvegliato dal coma&#8221;.<\/em> Dopo 12 giorni, la bellissima notizia. Una di quelle che scaldano il cuore: il bimbo \u00e8 uscito dal coma. A comunicarlo \u00e8 il pap\u00e0, Alessandro Fiabane. <em>&#8220;Per noi \u00e8 una gioia immensa\u00bb, sottolinea. \u00abVogliamo ringraziare innanzitutto i soccorritori di Belluno e i medici della Terapia intensiva dell\u2019Ospedale Ca\u2019 Foncello, in particolare il dottor Nascimben che ha seguito nostro figlio sin dall\u2019inizio. Grazie anche a don Giorgio Soccol, a tutti i fedeli della parrocchia e alle altre comunit\u00e0 che si sono raccolte in preghiera e hanno contribuito nel miracolo di ridarci il nostro amato bambino\u00bb.<\/em><\/p>\n<div class=\"amico-article__content\">\n<div class=\"amico-banner amico-banner--single\">\n<div class=\"g-single a-7\"><a href=\"https:\/\/www.amicodelpopolo.it\/2020\/04\/23\/le-notizie-che-scaldano-il-cuore-sebastian-e-uscito-dal-coma\/\">LA NOTIZIA SULL&#8217;AMICO DEL POPOLO CLICCA QUI<\/a><\/div>\n<\/div>\n<div id=\"like-post-wrapper-157794478-25071-5ea192841cab7\" class=\"sharedaddy sd-block sd-like jetpack-likes-widget-wrapper jetpack-likes-widget-loaded\" data-src=\"https:\/\/widgets.wp.com\/likes\/#blog_id=157794478&amp;post_id=25071&amp;origin=www.amicodelpopolo.it&amp;obj_id=157794478-25071-5ea192841cab7\" data-name=\"like-post-frame-157794478-25071-5ea192841cab7\">\n<h3 class=\"sd-title\"><\/h3>\n<\/div>\n<\/div>\n","protected":false},"excerpt":{"rendered":"<p>BELLUNO La bella notizia sul sito dell&#8217;Amico del Popolo: il piccolo di Orzes che il 10 aprile \u00e8 stato investito da un&#8217;auto davanti casa \u00e8 uscito dal coma &#8220;I genitori\u00a0 -si legge su l&#8217;amico del Popolo\u00a0 &#8211;\u00a0 hanno ricevuto la telefonata tanto attesa: Sebastian si \u00e8 risvegliato dal coma&#8221;. Dopo 12 giorni, la bellissima notizia.&hellip;<\/p>\n","protected":false},"author":1,"featured_media":0,"comment_status":"closed","ping_status":"closed","sticky":false,"template":"","format":"standard","meta":{"_monsterinsights_skip_tracking":false,"_monsterinsights_sitenote_active":false,"_monsterinsights_sitenote_note":"","_monsterinsights_sitenote_category":0,"footnotes":""},"categories":[51],"tags":[],"class_list":["post-132434","post","type-post","status-publish","format-standard","hentry","category-evidenza-top","category-51","description-off"],"img_url":false,"_links":{"self":[{"href":"https:\/\/www.radiopiu.net\/wordpress\/wp-json\/wp\/v2\/posts\/132434","targetHints":{"allow":["GET"]}}],"collection":[{"href":"https:\/\/www.radiopiu.net\/wordpress\/wp-json\/wp\/v2\/posts"}],"about":[{"href":"https:\/\/www.radiopiu.net\/wordpress\/wp-json\/wp\/v2\/types\/post"}],"author":[{"embeddable":true,"href":"https:\/\/www.radiopiu.net\/wordpress\/wp-json\/wp\/v2\/users\/1"}],"replies":[{"embeddable":true,"href":"https:\/\/www.radiopiu.net\/wordpress\/wp-json\/wp\/v2\/comments?post=132434"}],"version-history":[{"count":0,"href":"https:\/\/www.radiopiu.net\/wordpress\/wp-json\/wp\/v2\/posts\/132434\/revisions"}],"wp:attachment":[{"href":"https:\/\/www.radiopiu.net\/wordpress\/wp-json\/wp\/v2\/media?parent=132434"}],"wp:term":[{"taxonomy":"category","embeddable":true,"href":"https:\/\/www.radiopiu.net\/wordpress\/wp-json\/wp\/v2\/categories?post=132434"},{"taxonomy":"post_tag","embeddable":true,"href":"https:\/\/www.radiopiu.net\/wordpress\/wp-json\/wp\/v2\/tags?post=132434"}],"curies":[{"name":"wp","href":"https:\/\/api.w.org\/{rel}","templated":true}]}}