{"id":132440,"date":"2020-04-23T15:53:53","date_gmt":"2020-04-23T13:53:53","guid":{"rendered":"https:\/\/www.radiopiu.net\/wordpress\/?p=132440"},"modified":"2020-04-23T16:05:05","modified_gmt":"2020-04-23T14:05:05","slug":"ecocentro-la-seconda-lettera-del-giorno","status":"publish","type":"post","link":"https:\/\/www.radiopiu.net\/wordpress\/ecocentro-la-seconda-lettera-del-giorno\/","title":{"rendered":"ECOCENTRO, LA SECONDA LETTERA DEL GIORNO"},"content":{"rendered":"<p><strong><a class=\"dt-pswp-item\" href=\"https:\/\/www.radiopiu.net\/wordpress\/wp-content\/uploads\/2020\/04\/ROTTAMI-FERROSI.jpg\" data-dt-img-description=\"\" data-large_image_width=\"1920\" data-large_image_height=\"816\"><img loading=\"lazy\" decoding=\"async\" class=\"size-medium wp-image-130642 alignleft\" src=\"https:\/\/www.radiopiu.net\/wordpress\/wp-content\/uploads\/2020\/04\/ROTTAMI-FERROSI-300x128.jpg\" alt=\"\" width=\"300\" height=\"128\" srcset=\"https:\/\/www.radiopiu.net\/wordpress\/wp-content\/uploads\/2020\/04\/ROTTAMI-FERROSI-300x128.jpg 300w, https:\/\/www.radiopiu.net\/wordpress\/wp-content\/uploads\/2020\/04\/ROTTAMI-FERROSI-1024x435.jpg 1024w, https:\/\/www.radiopiu.net\/wordpress\/wp-content\/uploads\/2020\/04\/ROTTAMI-FERROSI-768x326.jpg 768w, https:\/\/www.radiopiu.net\/wordpress\/wp-content\/uploads\/2020\/04\/ROTTAMI-FERROSI-1536x653.jpg 1536w, https:\/\/www.radiopiu.net\/wordpress\/wp-content\/uploads\/2020\/04\/ROTTAMI-FERROSI.jpg 1920w\" sizes=\"auto, (max-width: 300px) 100vw, 300px\" \/><\/a>RADIO PIU&#8217;<\/strong> Il racconto di Cesare Dal Bo&#8217;, Agordo.<\/p>\n<blockquote><p>Oggi giovedi 23 aprile ho avuto la disavventura di dovermi recare alla discarica di Valcozzena. Arrivo alle 8,40 e c\u2019\u00e8 gi\u00e0 coda. Sotto l\u2019attenta sorveglianza dei volontari della protezione civile entrano \u2013 come da disposizioni \u2013 due macchine alla volta. Il tempo passa lentamente ma inesorabilmente e temo di non essere tra i fortunati eletti e di dover tornare a casa, memore di quanto accaduto sabato scorso, con la macchina ancora piena perch\u00e9 a mezzogiorno la discarica chiude. Mentre aspetto sempre meno pazientemente il mio turno unendomi ai mugugni, alle maledizioni e alle improperie dei colleghi in coda, vedo la gente che entra tranquillamente nel vicino supermercato con una frequenza ben maggiore di quella concessa per la discarica. Il confronto mette in evidenza tutta l\u2019assurdit\u00e0 della norma igienica imposta per quest\u2019ultima: spazio grande, aperto, ben pi\u00f9 ampio di un medio supermercato e dove il contatto tra una decina di persone \u00e8 quasi impossibile a meno che uno non ci si metta d\u2019impegno. E\u2019 evidente a tutti che, dal punto di vista igienico-sanitario, la norma prescritta da Valpe o da chi per lei \u00e8 sproporzionata perch\u00e9 il mantenimento della distanza minima in uno spazio aperto cos\u00ec ampio non \u00e8 un problema. Temo piuttosto che sia solo un pretesto per diluire la quantit\u00e0 di materiale in afflusso. Il disservizio creato invece s\u00ec \u00e8 un grosso problema per la popolazione che non pu\u00f2 tenersi in casa la spazzatura soprattutto in un periodo come questo. Questo s\u00ec \u00e8 un problema igienico-sanitario che si sarebbe dovuto evitare! La gente comune infatti ha approfittato del periodo di forzata clausura per sistemare tante cose, per fare altrettanti lavori casalinghi sempre rimandati, producendo un surplus di spazzatura di cui disfarsi al pi\u00f9 presto.<br \/>\nEra logico aspettarsi un incremento di afflusso ed era altrettanto logico ed auspicabile dare una risposta all\u2019altezza della situazione e non creare invece ulteriori difficolt\u00e0 alla popolazione che civilmente afferisce in discarica tutto ci\u00f2 che Valpe, bont\u00e0 sua, non raccoglie porta a porta.<br \/>\nFinalmente dopo quasi 2 ore e trenta di attesa riesco a raggiungere l\u2019agognata meta: entro in discarica e pi\u00f9 in fretta possibile scarico il materiale che Valpe mi fa portare in discarica a spese e tempo mio riducendo peraltro le finestre di apertura per un servizio cos\u00ec importante. Come cittadino sono arrabbiato e deluso! Come utente consiglierei a Valpe di darsi una mossa , di risolvere il problema quanto prima e possibilmente di non crearne altri per una popolazione gi\u00e0 stanca e provata di suo.<\/p><\/blockquote>\n","protected":false},"excerpt":{"rendered":"<p>RADIO PIU&#8217; Il racconto di Cesare Dal Bo&#8217;, Agordo. Oggi giovedi 23 aprile ho avuto la disavventura di dovermi recare alla discarica di Valcozzena. Arrivo alle 8,40 e c\u2019\u00e8 gi\u00e0 coda. Sotto l\u2019attenta sorveglianza dei volontari della protezione civile entrano \u2013 come da disposizioni \u2013 due macchine alla volta. Il tempo passa lentamente ma inesorabilmente&hellip;<\/p>\n","protected":false},"author":4,"featured_media":130642,"comment_status":"closed","ping_status":"closed","sticky":false,"template":"","format":"standard","meta":{"_monsterinsights_skip_tracking":false,"_monsterinsights_sitenote_active":false,"_monsterinsights_sitenote_note":"","_monsterinsights_sitenote_category":0,"footnotes":""},"categories":[49],"tags":[],"class_list":["post-132440","post","type-post","status-publish","format-standard","has-post-thumbnail","hentry","category-news-18","category-49","description-off"],"img_url":"https:\/\/www.radiopiu.net\/wordpress\/wp-content\/uploads\/2020\/04\/ROTTAMI-FERROSI.jpg","_links":{"self":[{"href":"https:\/\/www.radiopiu.net\/wordpress\/wp-json\/wp\/v2\/posts\/132440","targetHints":{"allow":["GET"]}}],"collection":[{"href":"https:\/\/www.radiopiu.net\/wordpress\/wp-json\/wp\/v2\/posts"}],"about":[{"href":"https:\/\/www.radiopiu.net\/wordpress\/wp-json\/wp\/v2\/types\/post"}],"author":[{"embeddable":true,"href":"https:\/\/www.radiopiu.net\/wordpress\/wp-json\/wp\/v2\/users\/4"}],"replies":[{"embeddable":true,"href":"https:\/\/www.radiopiu.net\/wordpress\/wp-json\/wp\/v2\/comments?post=132440"}],"version-history":[{"count":0,"href":"https:\/\/www.radiopiu.net\/wordpress\/wp-json\/wp\/v2\/posts\/132440\/revisions"}],"wp:featuredmedia":[{"embeddable":true,"href":"https:\/\/www.radiopiu.net\/wordpress\/wp-json\/wp\/v2\/media\/130642"}],"wp:attachment":[{"href":"https:\/\/www.radiopiu.net\/wordpress\/wp-json\/wp\/v2\/media?parent=132440"}],"wp:term":[{"taxonomy":"category","embeddable":true,"href":"https:\/\/www.radiopiu.net\/wordpress\/wp-json\/wp\/v2\/categories?post=132440"},{"taxonomy":"post_tag","embeddable":true,"href":"https:\/\/www.radiopiu.net\/wordpress\/wp-json\/wp\/v2\/tags?post=132440"}],"curies":[{"name":"wp","href":"https:\/\/api.w.org\/{rel}","templated":true}]}}