{"id":132443,"date":"2020-04-23T15:35:30","date_gmt":"2020-04-23T13:35:30","guid":{"rendered":"https:\/\/www.radiopiu.net\/wordpress\/?p=132443"},"modified":"2020-04-23T15:35:30","modified_gmt":"2020-04-23T13:35:30","slug":"dote-sport-uso-palestre-e-campi-periferici-3-buone-notizie-per-le-associazioni-sportive","status":"publish","type":"post","link":"https:\/\/www.radiopiu.net\/wordpress\/dote-sport-uso-palestre-e-campi-periferici-3-buone-notizie-per-le-associazioni-sportive\/","title":{"rendered":"DOTE SPORT, USO PALESTRE E CAMPI PERIFERICI, 3 BUONE NOTIZIE PER LE ASSOCIAZIONI SPORTIVE"},"content":{"rendered":"<p><b><a class=\"dt-pswp-item\" href=\"https:\/\/www.radiopiu.net\/wordpress\/wp-content\/uploads\/2020\/04\/Videoconferenza-sport.jpeg\" data-dt-img-description=\"\" data-large_image_width=\"1598\" data-large_image_height=\"898\"><img loading=\"lazy\" decoding=\"async\" class=\"size-medium wp-image-132436 alignleft\" src=\"https:\/\/www.radiopiu.net\/wordpress\/wp-content\/uploads\/2020\/04\/Videoconferenza-sport-300x169.jpeg\" alt=\"\" width=\"300\" height=\"169\" srcset=\"https:\/\/www.radiopiu.net\/wordpress\/wp-content\/uploads\/2020\/04\/Videoconferenza-sport-300x169.jpeg 300w, https:\/\/www.radiopiu.net\/wordpress\/wp-content\/uploads\/2020\/04\/Videoconferenza-sport-1024x575.jpeg 1024w, https:\/\/www.radiopiu.net\/wordpress\/wp-content\/uploads\/2020\/04\/Videoconferenza-sport-768x432.jpeg 768w, https:\/\/www.radiopiu.net\/wordpress\/wp-content\/uploads\/2020\/04\/Videoconferenza-sport-1536x863.jpeg 1536w, https:\/\/www.radiopiu.net\/wordpress\/wp-content\/uploads\/2020\/04\/Videoconferenza-sport.jpeg 1598w\" sizes=\"auto, (max-width: 300px) 100vw, 300px\" \/><\/a>BELLUNO <\/b>Tre piccole buone notizie per le associazioni sportive del territorio; a comunicarle ai diretti interessati, durante un incontro in videoconferenza svoltosi ieri sera, \u00e8 stato l&#8217;assessore allo sport, Marco Bogo: \u00ab<i>In questo momento di grande crisi per le famiglie e per tutte le realt\u00e0 produttive e associative, abbiamo deciso di dare alcuni segnali di sostegno alle associazioni sportive che operano in citt\u00e0 e che, oltre a doversi confrontare con la sospensione dei campionati e delle attivit\u00e0, si trovano e si troveranno in difficolt\u00e0 economica a causa del rinvio o dell&#8217;annullamento delle manifestazioni, con conseguenti problemi di sponsorizzazioni<\/i>\u00bb. La prima notizia arriva dal Dote Sport: nonostante il blocco delle attivit\u00e0, per dare un ulteriore segnale di vicinanza alle famiglie e alle realt\u00e0 del territorio, il contributo verr\u00e0 versato per intero, e non subir\u00e0 riduzioni per i mesi di mancato utilizzo. \u201cDote Sport\u201d \u00e8 il fondo a sostegno delle famiglie per aiutarle con le spese di iscrizione di bambini e ragazzi alle societ\u00e0 sportive che svolgono attivit\u00e0 in territorio comunale. Nella maggior parte dei casi, salvo eccezioni previste dal bando per le quali il versamento viene fatto alla famiglia, il Comune di Belluno versa il contributo direttamente alle associazioni. Contributo per intero sar\u00e0 versato anche alle societ\u00e0 che si occupano della gestione dei campi sportivi periferici. Infine, i pagamenti per l&#8217;utilizzo delle palestre nei mesi di gennaio e febbraio \u2013 circa 6mila euro per ogni mese \u2013 per ora sono stati differiti a fine ottobre, in attesa di possibili ulteriori decisioni e sviluppi nelle prossime settimane. Per consentire al meglio lo svolgimento dell&#8217;incontro in remoto, la riunione di mercoled\u00ec sera ha visto partecipare una ventina di associazioni sportive, e presto saranno coinvolte anche tutte le altre realt\u00e0 del territorio: \u00ab<i>Gi\u00e0 da oggi \u2013 spiega Bogo \u2013 partiranno gli inviti per un&#8217;altra sessione di confronto con le altre organizzazioni, cos\u00ec nel giro di qualche settimana avremo potuto rapportarci con tutti i gruppi sportivi<\/i>\u00bb.\u00a0\u00ab<i>\u00c8 stato un incontro positivo, che ci ha permesso di dare alcune buone notizie e di raccogliere i dubbi e le preoccupazioni delle societ\u00e0 sportive sul futuro. &#8211; conclude l&#8217;assessore \u2013 Una volta ascoltati tutti, ragioneremo con la giunta e il consiglio comunale per pianificare interventi che possano rispondere alle esigenze delle associazioni, e intendiamo portare la questione a tutti i livelli: le realt\u00e0 sportive hanno un ruolo importantissimo sotto il profilo sociale, della salute ed economico, e per questo pensiamo sia necessario che tutti, dal Governo alla Regione alla Provincia, abbiano un occhio di riguardo per questo settore<\/i>\u00bb.<\/p>\n","protected":false},"excerpt":{"rendered":"<p>BELLUNO Tre piccole buone notizie per le associazioni sportive del territorio; a comunicarle ai diretti interessati, durante un incontro in videoconferenza svoltosi ieri sera, \u00e8 stato l&#8217;assessore allo sport, Marco Bogo: \u00abIn questo momento di grande crisi per le famiglie e per tutte le realt\u00e0 produttive e associative, abbiamo deciso di dare alcuni segnali di&hellip;<\/p>\n","protected":false},"author":4,"featured_media":132436,"comment_status":"closed","ping_status":"closed","sticky":false,"template":"","format":"standard","meta":{"_monsterinsights_skip_tracking":false,"_monsterinsights_sitenote_active":false,"_monsterinsights_sitenote_note":"","_monsterinsights_sitenote_category":0,"footnotes":""},"categories":[49],"tags":[],"class_list":["post-132443","post","type-post","status-publish","format-standard","has-post-thumbnail","hentry","category-news-18","category-49","description-off"],"img_url":"https:\/\/www.radiopiu.net\/wordpress\/wp-content\/uploads\/2020\/04\/Videoconferenza-sport.jpeg","_links":{"self":[{"href":"https:\/\/www.radiopiu.net\/wordpress\/wp-json\/wp\/v2\/posts\/132443","targetHints":{"allow":["GET"]}}],"collection":[{"href":"https:\/\/www.radiopiu.net\/wordpress\/wp-json\/wp\/v2\/posts"}],"about":[{"href":"https:\/\/www.radiopiu.net\/wordpress\/wp-json\/wp\/v2\/types\/post"}],"author":[{"embeddable":true,"href":"https:\/\/www.radiopiu.net\/wordpress\/wp-json\/wp\/v2\/users\/4"}],"replies":[{"embeddable":true,"href":"https:\/\/www.radiopiu.net\/wordpress\/wp-json\/wp\/v2\/comments?post=132443"}],"version-history":[{"count":0,"href":"https:\/\/www.radiopiu.net\/wordpress\/wp-json\/wp\/v2\/posts\/132443\/revisions"}],"wp:featuredmedia":[{"embeddable":true,"href":"https:\/\/www.radiopiu.net\/wordpress\/wp-json\/wp\/v2\/media\/132436"}],"wp:attachment":[{"href":"https:\/\/www.radiopiu.net\/wordpress\/wp-json\/wp\/v2\/media?parent=132443"}],"wp:term":[{"taxonomy":"category","embeddable":true,"href":"https:\/\/www.radiopiu.net\/wordpress\/wp-json\/wp\/v2\/categories?post=132443"},{"taxonomy":"post_tag","embeddable":true,"href":"https:\/\/www.radiopiu.net\/wordpress\/wp-json\/wp\/v2\/tags?post=132443"}],"curies":[{"name":"wp","href":"https:\/\/api.w.org\/{rel}","templated":true}]}}