{"id":132647,"date":"2020-04-24T12:33:45","date_gmt":"2020-04-24T10:33:45","guid":{"rendered":"https:\/\/www.radiopiu.net\/wordpress\/?p=132647"},"modified":"2020-04-24T14:30:46","modified_gmt":"2020-04-24T12:30:46","slug":"la-conferenza-stampa-del-presidente-del-veneto-luca-zaia-24-aprile-2020","status":"publish","type":"post","link":"https:\/\/www.radiopiu.net\/wordpress\/la-conferenza-stampa-del-presidente-del-veneto-luca-zaia-24-aprile-2020\/","title":{"rendered":"NUOVE APERTURA CON UNA ORDINANZA REGIONALE: LA CONFERENZA STAMPA DEL PRESIDENTE DEL VENETO LUCA ZAIA 24 APRILE 2020"},"content":{"rendered":"<p><strong>VENEZIA<\/strong> Dalla sala stampa della Protezione Civile di Marghera, Luca Zaia e il giornaliero punto stampa.<\/p>\n<p><strong>I NUMERI: TAMPONI 296.296 (9500 in piu&#8217; di ieri)\u00a0 17229 POSITIVI (+348) RICOVERATI 1289 (-40), TERAPIA INTENSIVE 130 (-10), DIMESSI 2372 (+56), MORTI IN OSPEDALE 1026 (TOTALE 1244) NATI 93\u00a0<\/strong><\/p>\n<p><strong>VENEZIA<\/strong> Positivi in aumento, posti liberi in ospedale ma sempre troppi decessi, altri 18 nelle ultime 24 ore: 4 Schiavonia,\u00a0 3 Dolo, 3 Trecenta, 3 Santorso, Belluno, Mirano, Villafranca, Jesolo\u00a0 e Peschiera. Aumentano i positivi + 348, attualmente positivi 9679\u00a0 deceduti 1244, negativizzati 6306. In ospedale: 30 pazienti in meno in area critica (1276), 10 in meno in terapia intensiva (130).<\/p>\n<p>A BELLUNO ANCORA UN &#8220;RECORD&#8221; DI POSITIVI, + 55 IN 24 ORE, 2 PAZIENTI IN MENO IN OSPEDALE, 730 GLI ATTUALMENTE POSITIVI 59 I DECEDUTI 253 I NEGATIVIZZATI<\/p>\n<p><strong>BELLUNO<\/strong> Un paziente in meno all&#8217;ospedale San Martino di Belluno, e un paziente in meno negli ospedale di comunit\u00e0 di Belluno, sempre 7 i pazienti in terapia intensiva. Nessuna variazione ad Agordo (19)<\/p>\n<p>&nbsp;<\/p>\n<h2>LEGGI LA CONFERENZA STAMPA DI LUCA ZAIA<\/h2>\n<blockquote><p><strong><em>&#8220;L&#8217;ordinanza della Regione fa fede quindi anche le forze dell&#8217;ordine devono rispettarla, per gli orti fuori Comune, per il passaggio per la gelateria, per andare nel negozio di bambini&#8221;.\u00a0<\/em><\/strong><\/p><\/blockquote>\n<p><em>Nuova ordinanza in vigore dalle 15 di oggi, abbiamo raschiato il barile togliendo tutto ci\u00f2 che si poteva e consentito dalla legge, ma non \u00e8 un libera tutti. Ieri videoconferenza dove \u00e8 stato discusso il documento per la fase2, ormai siamo agli sgoccioli si va verso la direzione di aprire tutto l&#8217;apribile. Il 13 aprile c&#8217;erano 1672\u00a0 ricoverati e 245 pazineti in terapia intensiva, dopo 11 giorni i ricoverati sono 400 in meno, e 115 pazienti in meno nelle terapie intensive, la met\u00e0. Il trend c&#8217;\u00e8. MANUELA LANZARIN: &#8220;stiamo lavorando all&#8217;apertura di scuole e asili in sicurezza per consentire ai genitori di rientrare al lavoro. I bambini hanno bisogno di tornare a fare i bambini.\u00a0<\/em><\/p>\n<h2><em><strong>La nuova ordinanza in vigore dalle 15 di oggi<\/strong><\/em><\/h2>\n<p>1) Consentita la\u00a0 vendita di cibo da asporto previa ordinazione telefonica oppure on line,\u00a0 garantendo che all\u2019ingresso i clienti vengano dilazionati nel tempo nel rispetto del distanziamento di 1 metro con mascherine,\u00a0 guanti e prodotti ingienizzanti per le mani, un cliente alla volta nel locale, stazionamento per il tempo necessario per acquistare e pagare. Sospeso il consumo sul posto. La novit\u00e0 che tutto l\u2019asporto \u00e8 permesso, anche in gelateria fino a oggi era concessa solo la vendita a domicilio. Consentito tutto il\u00a0 il take way 2) Revoca della disposizione restrittiva per negozi bimbi e cartolerie, potranno quindi aprire tutti i giorni e non pi\u00f9 soli 2 giorni a settimana 3) Dalle\u00a0 si potr\u00e0\u00a0 lavorare per categoria non pi\u00f9 per codici Ateco, cioe\u2019 riaprono tutti i cantieri per le\u00a0 opere pubbliche cio\u00e8 secondo i dettami del DPCM 4) Consentite l\u2019attivit\u00e0 sul\u00a0 patrimonio esistente per i\u00a0 lavori edilizi, manutenzioni ordinaria e straordinaria autorizzata, anche impiantistica ma non per nuovi cantieri solo esistenti 5) Consentita la coltivazione\u00a0 del terreno per uso agricolo per autoconsumo,\u00a0 anche orti urbani e comunali con mascherina e distanziamento, permessa la coltivazione anche negli orti oltre il proprio comune 6) Si alla vendita di prodotti floro vivaistici. 7) Consentiti tagli boschivi per autoconsumo e per necessit\u00e0, quindi fare legna si pu\u00f2 8) Consentito l\u2019accesso ai cimiteri con mascherina e distanze da rispettare.\u00a0 9) Consentiti i lavori sulle imbarcazioni e sistemazione darsene<\/p>\n<p><strong>DONAZIONI<\/strong> 36mila, 1000 pi\u00f9 di ieri. verso i 56 milioni di euro.<\/p>\n<p><strong>SCUOLE<\/strong> Serve un provvedimento di sostegno alle famiglie per la gestione dei minori dove le scuole sono chiuse. Non si abbandonino i bambini.<\/p>\n<p><strong>SECONDA CASA OLTRE REGIONE?<\/strong> Non si puo&#8217; raggiungere.<\/p>\n<p><strong>PROSSIMITA&#8217; ABITAZIONE PERSISTE?<\/strong> C&#8217;\u00e8 sempre il decreto nazionale. In prossimit\u00e0 \u00e8 esattamente quello che dice il decreto non dipende da noi.<\/p>\n<p><b>SE NON CI FOSSE STATO CRISANTI?<\/b> Le differenze in una squadra lo fanno uomini e donne, il valore umano. Crisanti \u00e8 un grande scienziato che ha trovato un grande substrato su un territorio dove esiste la sanit\u00e0 e dove sono state prese scelte strategiche della Regione come a Vo&#8217;.<\/p>\n<p><strong>ACCESSO AI CIMITERI PUO&#8217; ESSERE IMPEDITO DAI SINDACI?\u00a0<\/strong> Penso che i sindaci che sono persone responsabili valuteranno fino in fondo, ma sarebbe un bel segnale anche perch\u00e9 si approssimano giorni di festa. Sarebbe un bel segnale<br \/>\n<strong>EDILIZIA<\/strong> No cantiere in costruzione solo esistenti per evitare che l&#8217;ordinanza venga impugnata. Rimaniamo sul filo del sostenibile<br \/>\n<strong>CAMMINATE SEMPRE E SOLO IN PROSSIMITA&#8217;\u00a0<\/strong><\/p>\n<p><strong>ZAIA APRE IL VENETO?<\/strong> Sono in linea con gli impegni presi, abbiamo fatto gioco di squadra con i cittadini, I numeri sono buoni per aprire.<\/p>\n<p><strong>VENETO RESTRIZIONE PER ANZIANI?<\/strong> Gli anziani vanno informati sarebbe da agevolarli ad esempio nei supermercati.<\/p>\n<p><strong>DATO ZERO QUANDO IN BASE AL MODELLO<\/strong> I contagi sono in calo la curva scema a met\u00e0 maggio<\/p>\n<p><strong>ASPORTO<\/strong> Solo presso il proprio Comune<\/p>\n<p><strong>CANTIERI NAUTICI SFONDAMENTO DEL FRONTE COMUNALE<\/strong>\u00a0 Ovvio si leggittima la manutenzione.<\/p>\n<p><strong>STUDI DENTISTICI<\/strong> Non mi risulta siano chiusi \u00e8 una pratica medica, quelli chiusi sono chiusi per scelta.<\/p>\n<p><strong>POLIAMBULATORI<\/strong> Dal 4 maggio contiamo di tornare con tutte le attivit\u00e0 ma attendiamo le disposizioni nazionali.<\/p>\n<p><strong>ESEMPI PRATICI <\/strong>\u00a0Non giochiamo a guardia e ladri, continuiamo a rispettare le regole, tutto si governa con il buon senso. Le Forze dell&#8217;Ordine hanno dimostrato buon senso e di comunit\u00e0 per capire i motivi indifferibile.<\/p>\n<p><strong>PARCHI<\/strong> Questione da affrontare, condivido l&#8217;apertura come ho condiviso la chiusura. Non li posso aprire altrimenti li avrei aperti i veneti cono civili, comunque se si andr\u00e0 con la mascherina comunque.<\/p>\n<p><strong>I NUOVI PUNTI DANNO DIVERSE POSSIBILITA&#8217; DI LIBERTA&#8217; INDIVIDUALE SE UTILIZZATI CON TESTA<\/strong> Restano chiusi i supermercati almeno fino al 4. Forse e&#8217; arrivato il momento per una riflessione per dare respiro alle famiglie. Non ci sono stati imprenditori che mi hanno richiamato per la chiusura. Se potessi chiuderli comunque gli chiuderei ogni domenica.<\/p>\n<p><strong>SECONDE CASE OLTRE REGIONI SI POSSONO RAGGIUNGERE?<\/strong> No. non credo nemmeno uno possa dire che ha l&#8217;orto in un&#8217;altra regione.<\/p>\n<p><strong>IL MODELLO DICE CHE PER META&#8217; MAGGIO SE NON CAMBIANO LE CONDIZIONI SI ANDRA&#8217; VERSO LO ZERO\u00a0<\/strong><\/p>\n<p>https:\/\/www.facebook.com\/zaiaufficiale\/videos\/2905677489553447<\/p>\n","protected":false},"excerpt":{"rendered":"<p>VENEZIA Dalla sala stampa della Protezione Civile di Marghera, Luca Zaia e il giornaliero punto stampa. I NUMERI: TAMPONI 296.296 (9500 in piu&#8217; di ieri)\u00a0 17229 POSITIVI (+348) RICOVERATI 1289 (-40), TERAPIA INTENSIVE 130 (-10), DIMESSI 2372 (+56), MORTI IN OSPEDALE 1026 (TOTALE 1244) NATI 93\u00a0 VENEZIA Positivi in aumento, posti liberi in ospedale ma&hellip;<\/p>\n","protected":false},"author":4,"featured_media":121391,"comment_status":"closed","ping_status":"closed","sticky":false,"template":"","format":"standard","meta":{"_monsterinsights_skip_tracking":false,"_monsterinsights_sitenote_active":false,"_monsterinsights_sitenote_note":"","_monsterinsights_sitenote_category":0,"footnotes":""},"categories":[49],"tags":[],"class_list":["post-132647","post","type-post","status-publish","format-standard","has-post-thumbnail","hentry","category-news-18","category-49","description-off"],"img_url":"https:\/\/www.radiopiu.net\/wordpress\/wp-content\/uploads\/2020\/03\/covid-zaia.jpg","_links":{"self":[{"href":"https:\/\/www.radiopiu.net\/wordpress\/wp-json\/wp\/v2\/posts\/132647","targetHints":{"allow":["GET"]}}],"collection":[{"href":"https:\/\/www.radiopiu.net\/wordpress\/wp-json\/wp\/v2\/posts"}],"about":[{"href":"https:\/\/www.radiopiu.net\/wordpress\/wp-json\/wp\/v2\/types\/post"}],"author":[{"embeddable":true,"href":"https:\/\/www.radiopiu.net\/wordpress\/wp-json\/wp\/v2\/users\/4"}],"replies":[{"embeddable":true,"href":"https:\/\/www.radiopiu.net\/wordpress\/wp-json\/wp\/v2\/comments?post=132647"}],"version-history":[{"count":0,"href":"https:\/\/www.radiopiu.net\/wordpress\/wp-json\/wp\/v2\/posts\/132647\/revisions"}],"wp:featuredmedia":[{"embeddable":true,"href":"https:\/\/www.radiopiu.net\/wordpress\/wp-json\/wp\/v2\/media\/121391"}],"wp:attachment":[{"href":"https:\/\/www.radiopiu.net\/wordpress\/wp-json\/wp\/v2\/media?parent=132647"}],"wp:term":[{"taxonomy":"category","embeddable":true,"href":"https:\/\/www.radiopiu.net\/wordpress\/wp-json\/wp\/v2\/categories?post=132647"},{"taxonomy":"post_tag","embeddable":true,"href":"https:\/\/www.radiopiu.net\/wordpress\/wp-json\/wp\/v2\/tags?post=132647"}],"curies":[{"name":"wp","href":"https:\/\/api.w.org\/{rel}","templated":true}]}}