{"id":132649,"date":"2020-04-24T11:54:05","date_gmt":"2020-04-24T09:54:05","guid":{"rendered":"https:\/\/www.radiopiu.net\/wordpress\/?p=132649"},"modified":"2020-04-24T11:54:05","modified_gmt":"2020-04-24T09:54:05","slug":"quel-palo-in-localita-la-mora","status":"publish","type":"post","link":"https:\/\/www.radiopiu.net\/wordpress\/quel-palo-in-localita-la-mora\/","title":{"rendered":"QUEL PALO IN LOCALITA&#8217; LA MORA&#8230;"},"content":{"rendered":"<p><strong><a class=\"dt-pswp-item\" href=\"https:\/\/www.radiopiu.net\/wordpress\/wp-content\/uploads\/2020\/04\/941d406a-cac2-42b3-acf3-26a5786ca5db.jpg\" data-dt-img-description=\"\" data-large_image_width=\"747\" data-large_image_height=\"971\"><img loading=\"lazy\" decoding=\"async\" class=\"alignnone size-full wp-image-132650\" src=\"https:\/\/www.radiopiu.net\/wordpress\/wp-content\/uploads\/2020\/04\/941d406a-cac2-42b3-acf3-26a5786ca5db.jpg\" alt=\"\" width=\"747\" height=\"971\" srcset=\"https:\/\/www.radiopiu.net\/wordpress\/wp-content\/uploads\/2020\/04\/941d406a-cac2-42b3-acf3-26a5786ca5db.jpg 747w, https:\/\/www.radiopiu.net\/wordpress\/wp-content\/uploads\/2020\/04\/941d406a-cac2-42b3-acf3-26a5786ca5db-231x300.jpg 231w\" sizes=\"auto, (max-width: 747px) 100vw, 747px\" \/><\/a>CANALE D&#8217;AGORDO<\/strong>\u00a0 Una scala, una scatola di latta e operai al lavoro. Chi \u00e8 transitato ieri lungo la provinciale che porta a Falcade, poco oltre l&#8217;abitato di Canale d&#8217;Agordo in localit\u00e0 La Mora ha dato il via alla giostra di ipotes<em>i &#8220;un autovelox in fase di montaggio&#8221;<\/em>, guardando bene la foto non si pu\u00f2 certo dire che quella scatola abbia le sembianze di un rilevatore di velocit\u00e0 o leggi targa,\u00a0 piuttosto \u00e8 una video camera posizionata da Veneto Strade, per il monitoraggio di un tratto di strada alquanto pericoloso e dove ultimamente si sono verificati eventi franosi che hanno impegnato la Provincia, peraltro poco sopra c&#8217;\u00e8 la frana che ha interessato la strada per Carfon e quindi anche la sottostante strada provinciale. Gli autovelox ci sono a Falcade, ma un po&#8217; pi\u00f9 avanti dove \u00e8 facile lasciarsi andare con il piede sull&#8217;acceleratore. Alla luce di quanto visto anche in altri Comuni non \u00e8 escluso che in futuro i contenitori di latta a bordo strada vengano sostituiti con telecamere di nuova generazione, quelle si troveranno posto sui pali accanto alla rotabile.<\/p>\n","protected":false},"excerpt":{"rendered":"<p>CANALE D&#8217;AGORDO\u00a0 Una scala, una scatola di latta e operai al lavoro. Chi \u00e8 transitato ieri lungo la provinciale che porta a Falcade, poco oltre l&#8217;abitato di Canale d&#8217;Agordo in localit\u00e0 La Mora ha dato il via alla giostra di ipotesi &#8220;un autovelox in fase di montaggio&#8221;, guardando bene la foto non si pu\u00f2 certo&hellip;<\/p>\n","protected":false},"author":1,"featured_media":132650,"comment_status":"closed","ping_status":"closed","sticky":false,"template":"","format":"standard","meta":{"_monsterinsights_skip_tracking":false,"_monsterinsights_sitenote_active":false,"_monsterinsights_sitenote_note":"","_monsterinsights_sitenote_category":0,"footnotes":""},"categories":[49],"tags":[],"class_list":["post-132649","post","type-post","status-publish","format-standard","has-post-thumbnail","hentry","category-news-18","category-49","description-off"],"img_url":"https:\/\/www.radiopiu.net\/wordpress\/wp-content\/uploads\/2020\/04\/941d406a-cac2-42b3-acf3-26a5786ca5db.jpg","_links":{"self":[{"href":"https:\/\/www.radiopiu.net\/wordpress\/wp-json\/wp\/v2\/posts\/132649","targetHints":{"allow":["GET"]}}],"collection":[{"href":"https:\/\/www.radiopiu.net\/wordpress\/wp-json\/wp\/v2\/posts"}],"about":[{"href":"https:\/\/www.radiopiu.net\/wordpress\/wp-json\/wp\/v2\/types\/post"}],"author":[{"embeddable":true,"href":"https:\/\/www.radiopiu.net\/wordpress\/wp-json\/wp\/v2\/users\/1"}],"replies":[{"embeddable":true,"href":"https:\/\/www.radiopiu.net\/wordpress\/wp-json\/wp\/v2\/comments?post=132649"}],"version-history":[{"count":0,"href":"https:\/\/www.radiopiu.net\/wordpress\/wp-json\/wp\/v2\/posts\/132649\/revisions"}],"wp:featuredmedia":[{"embeddable":true,"href":"https:\/\/www.radiopiu.net\/wordpress\/wp-json\/wp\/v2\/media\/132650"}],"wp:attachment":[{"href":"https:\/\/www.radiopiu.net\/wordpress\/wp-json\/wp\/v2\/media?parent=132649"}],"wp:term":[{"taxonomy":"category","embeddable":true,"href":"https:\/\/www.radiopiu.net\/wordpress\/wp-json\/wp\/v2\/categories?post=132649"},{"taxonomy":"post_tag","embeddable":true,"href":"https:\/\/www.radiopiu.net\/wordpress\/wp-json\/wp\/v2\/tags?post=132649"}],"curies":[{"name":"wp","href":"https:\/\/api.w.org\/{rel}","templated":true}]}}