{"id":132857,"date":"2020-04-25T11:19:39","date_gmt":"2020-04-25T09:19:39","guid":{"rendered":"https:\/\/www.radiopiu.net\/wordpress\/?p=132857"},"modified":"2020-04-25T12:23:42","modified_gmt":"2020-04-25T10:23:42","slug":"oggi-la-rassegna-stampa-labbiamo-aperta-cosi-13","status":"publish","type":"post","link":"https:\/\/www.radiopiu.net\/wordpress\/oggi-la-rassegna-stampa-labbiamo-aperta-cosi-13\/","title":{"rendered":"OGGI LA RASSEGNA STAMPA L&#8217;ABBIAMO APERTA COSI&#8217;"},"content":{"rendered":"<h3><span style=\"color: #99cc00;\"><a class=\"dt-pswp-item\" href=\"https:\/\/www.radiopiu.net\/wordpress\/wp-content\/uploads\/2020\/04\/TRICOLORE-AGORDO.jpg\" data-dt-img-description=\"\" data-large_image_width=\"718\" data-large_image_height=\"960\"><img loading=\"lazy\" decoding=\"async\" class=\"alignleft wp-image-132858 size-medium\" src=\"https:\/\/www.radiopiu.net\/wordpress\/wp-content\/uploads\/2020\/04\/TRICOLORE-AGORDO-224x300.jpg\" alt=\"\" width=\"224\" height=\"300\" srcset=\"https:\/\/www.radiopiu.net\/wordpress\/wp-content\/uploads\/2020\/04\/TRICOLORE-AGORDO-224x300.jpg 224w, https:\/\/www.radiopiu.net\/wordpress\/wp-content\/uploads\/2020\/04\/TRICOLORE-AGORDO.jpg 718w\" sizes=\"auto, (max-width: 224px) 100vw, 224px\" \/><\/a>A TUTTI BUONA FESTA DELLA LIBERAZIONE, ALLE 12.30 E 20.30 LO SPECIALE ALLA RADIO CON GIANNI SANTOMASO,<\/span> LORIS SANTOMASO E CLAUDIA CATTADORI. QUESTA SERA ALLE 21 E <span style=\"color: #ff0000;\">DOMANI ALLE 10.30 IL PROGRAMMA DEDICATO AL GIORNO DELLA LIBERAZIONE<\/span><\/h3>\n<audio class=\"wp-audio-shortcode\" id=\"audio-132857-1\" preload=\"none\" style=\"width: 100%;\" controls=\"controls\"><source type=\"audio\/mpeg\" src=\"https:\/\/www.radiopiu.net\/wordpress\/wp-content\/uploads\/2020\/04\/GIANNI-SANTOMASO-25-APRILE.mp3?_=1\" \/><a href=\"https:\/\/www.radiopiu.net\/wordpress\/wp-content\/uploads\/2020\/04\/GIANNI-SANTOMASO-25-APRILE.mp3\">https:\/\/www.radiopiu.net\/wordpress\/wp-content\/uploads\/2020\/04\/GIANNI-SANTOMASO-25-APRILE.mp3<\/a><\/audio>\n<p>&nbsp;<\/p>\n<p>https:\/\/www.facebook.com\/mirko.mezzacasa\/videos\/10223022859666772\/<\/p>\n<hr \/>\n<p>&nbsp;<\/p>\n<p>\u2022 Saldo negativo (-321) degli attualmente positivi. I casi in pi\u00f9 sono 3.021 contro 2.646 di ieri, 2.922 i guariti nelle ultime 24 ore. In totale sale a 192.994 il numero degli italiani colpiti dall\u2019inizio dell\u2019emergenza;\u00a0 \u2022 Nella bozza della Task Force una ripresa a tappe: alcune attivit\u00e0 dal 27 aprile e dal 4 maggio, poi i negozi, per ultimi bar e ristoranti. Colao: in caso di deterioramento della situazione si torna in lockdown. &#8216;Codice rosso&#8217; per le attivit\u00e0 ad alto tasso di &#8220;aggregazione&#8221; come sport e intrattenimento.\u00a0Zaia\u00a0accelera: penso gi\u00e0 alla fase 3; \u2022 &#8220;Ricetta&#8221; shock di Trump: contro il virus raggi ultravioletti e iniezioni di disinfettante. Poi rettifica: ero sarcastico; \u2022 Nel mondo 195mila deceduti, 2.8 milioni i contagi.<\/p>\n<p>&nbsp;<\/p>\n<h2><span style=\"color: #00ff00;\">CALANO I CONTAGI, I DECESSI RALLENTANO MA SONO SEMPRE TANTI OGNI<\/span> GIORNO SOPRATTUTTO NELLE CASE DI DI RIPOSO. LA REGIONE <span style=\"color: #ff0000;\">SCATTA DAI BLOCCHI DI PARTENZA SENZA ATTENDERE LO START GOVERNATIVO.<\/span><\/h2>\n<p>&nbsp;<\/p>\n<p>Il Veneto ha deciso mollare gli ormeggi e iniziare una navigazione in proprio senza aspettare le imposizioni governative, ieri a sorpresa da Venezia una serie di allentamenti, piccole misure ma che permettono ai pi\u00f9 di lasciare le mura di casa per andare a prendere un gelato, una pizza da asporto o un piatto caldo, fiori e piante per il giardino, oppure fare visita ai propri cari in cimitero ma anche lavorare nell&#8217;orto anche oltre i confini comunali, nei cantieri edili gi\u00e0 aperti o sulle barche in darsena. Per i sindacati una mossa avventata, per alcuni sindaci qualche problema in pi\u00f9.<em> &#8220;Mi manca il personale\u00a0 per controllare l&#8217;accesso al cimitero &#8211; dice il sindaco di Taibon Silvia Tormen &#8211;\u00a0 come facciamo ad evitare eventuali assembramenti? Nessuno mi ha chiesto nulla e non saprei come controllare il rispetto delle prescrizioni imposte. Se ci saranno assembramenti interverranno le forze dell&#8217;ordine&#8221;.<\/em> Ovviamente \u00e8 solo un esempio, un altro parere arriva invece da Agordo e dal sindaco Roberto Chissal\u00e8 <em>&#8220;Noi abbiamo fatto immediatamente la revoca dell&#8217;ordinanza di chiusura e riaperto il campo Santo gi\u00e0 dal pomeriggio di ieri&#8221;.<\/em> Infine da Falcade il sindaco Michele Costa <em>&#8220;I cimiteri (plurali perch\u00e8 sul territorio ce ce sono due &#8211; sono aperti oggi come lo erano ieri&#8221;.\u00a0<\/em>Ieri pomeriggio alle 15 l&#8217;ordinanza regionale \u00e8 entrata in vigore dopo l&#8217;annuncio delle 12.30 in conferenza stampa, subito anche una lettera alle Prefetture Venete <em>&#8220;In comitato operativo &#8211; ha detto l&#8217;assessore Gianpaolo Bottacin &#8211;\u00a0 ho concordato con il\u00a0 Ministero dell&#8217;Interno di informare le Prefetture che applichino l&#8217;ordinanza secondo le interpretazioni che abbiamo concordato in Regione onde evitare sanzioni che poi richiedano ricorsi&#8221;. <\/em>Per domani sono attese le linee guida della ripartenza del Governo, il DPCM sar\u00e0 firmato lunedi, \u00e8 probabile che non serva pi\u00f9 l&#8217;autocertificazione per gli spostamenti che probabilmente da met\u00e0 mese saranno possibili su tutto il territorio nazionale. Qualche cosa gi\u00e0 \u00e8 filtrato ma serviranno le conferme:\u00a0 sono quattro le date chiave, nelle intenzioni del Governo, per la \u201cfase 2\u201d. Quattro luned\u00ec che scandiscono le ripartenze dopo il lockdown deciso per contenere l\u2019epidemia di Coronavirus. Il programma rallenta se l\u2019indice R0 ricomincia a salire.\u00a0 \u2022 <span class=\"emoji emoji-spritesheet-3\" title=\"factory\">:factory:<\/span> il 27 aprile riaprono le fabbriche di macchine industriali per l\u2019agricoltura e la silvicoltura.<br \/>\n\u2022 &#x1f3d7; il 4 maggio via libera a tutti i cantieri, insieme alle industrie del tessile e della moda. Ripartono anche Lotto e Superenalotto. Ci sar\u00e0 l\u2019allentamento dei divieti di spostamento, mantenendo comunque l\u2019autocertificazione. \u2022 <span class=\"emoji emoji-spritesheet-3\" title=\"department_store\">:department_store:<\/span> l\u201911 maggio toccher\u00e0 alla vendita al dettaglio (abbigliamento, calzature e tutti i negozi rimasti chiusi fatta eccezione per i centri commerciali e i mercati rionali che non vendono alimenti) \u2022 <span class=\"emoji emoji-spritesheet-2\" title=\"coffee\">:coffee:<\/span> il 18 maggio riapriranno bar e ristoranti. 1 metro dal bancone, 2 metri tra un tavolo e l\u2019altro, mascherine e guanti per i camerieri: queste le regole. La situazione nel Veneto: Positivi in aumento, posti liberi in ospedale ma sempre troppi decessi, altri 18 in 24 ore. Aumentano i positivi + 348, attualmente positivi 9679 deceduti 1244, negativizzati 6306. In ospedale: 30 pazienti in meno in area non\u00a0 critica (1276), 10 in meno in terapia intensiva (130). In Provincia un altro dato elevato di positivi + 55 (ma anche 448 tamponi in un solo giorno<strong>) <\/strong>le persone residenti in Ulss Dolomiti in isolamento domiciliare fiduciario e sorveglianza attiva\u00a0 sono oggi 1.298 (- 29 rispetto a giovedi).\u00a0 Un paziente in meno all\u2019ospedale San Martino di Belluno, e un paziente in meno negli ospedale di comunit\u00e0 di Belluno, sempre 7 i pazienti in terapia intensiva. Nessuna variazione ad Agordo (19). La curva del contagio \u00e8 dunque tornata a salire, superati i 1000 casi di positivit\u00e0, ieri altri 2 decessi in ospedale entrambe le vittime erano ospiti della casa di riposo Padre Kolbe di Pedavena. Hanno perso la vita Giovanni De Carlo 94 anni ricoverato in Geriatria (bassa intensit\u00e0) al San Martino di Belluno, una donna di 80 anni morta al Pronto Soccorso dello stesso ospedale.<\/p>\n","protected":false},"excerpt":{"rendered":"<p>A TUTTI BUONA FESTA DELLA LIBERAZIONE, ALLE 12.30 E 20.30 LO SPECIALE ALLA RADIO CON GIANNI SANTOMASO, LORIS SANTOMASO E CLAUDIA CATTADORI. QUESTA SERA ALLE 21 E DOMANI ALLE 10.30 IL PROGRAMMA DEDICATO AL GIORNO DELLA LIBERAZIONE &nbsp; https:\/\/www.facebook.com\/mirko.mezzacasa\/videos\/10223022859666772\/ &nbsp; \u2022 Saldo negativo (-321) degli attualmente positivi. I casi in pi\u00f9 sono 3.021 contro 2.646&hellip;<\/p>\n","protected":false},"author":1,"featured_media":132858,"comment_status":"closed","ping_status":"closed","sticky":false,"template":"","format":"standard","meta":{"_monsterinsights_skip_tracking":false,"_monsterinsights_sitenote_active":false,"_monsterinsights_sitenote_note":"","_monsterinsights_sitenote_category":0,"footnotes":""},"categories":[104,49],"tags":[],"class_list":["post-132857","post","type-post","status-publish","format-standard","has-post-thumbnail","hentry","category-evidenza_3","category-news-18","category-104","category-49","description-off"],"img_url":"https:\/\/www.radiopiu.net\/wordpress\/wp-content\/uploads\/2020\/04\/TRICOLORE-AGORDO.jpg","_links":{"self":[{"href":"https:\/\/www.radiopiu.net\/wordpress\/wp-json\/wp\/v2\/posts\/132857","targetHints":{"allow":["GET"]}}],"collection":[{"href":"https:\/\/www.radiopiu.net\/wordpress\/wp-json\/wp\/v2\/posts"}],"about":[{"href":"https:\/\/www.radiopiu.net\/wordpress\/wp-json\/wp\/v2\/types\/post"}],"author":[{"embeddable":true,"href":"https:\/\/www.radiopiu.net\/wordpress\/wp-json\/wp\/v2\/users\/1"}],"replies":[{"embeddable":true,"href":"https:\/\/www.radiopiu.net\/wordpress\/wp-json\/wp\/v2\/comments?post=132857"}],"version-history":[{"count":0,"href":"https:\/\/www.radiopiu.net\/wordpress\/wp-json\/wp\/v2\/posts\/132857\/revisions"}],"wp:featuredmedia":[{"embeddable":true,"href":"https:\/\/www.radiopiu.net\/wordpress\/wp-json\/wp\/v2\/media\/132858"}],"wp:attachment":[{"href":"https:\/\/www.radiopiu.net\/wordpress\/wp-json\/wp\/v2\/media?parent=132857"}],"wp:term":[{"taxonomy":"category","embeddable":true,"href":"https:\/\/www.radiopiu.net\/wordpress\/wp-json\/wp\/v2\/categories?post=132857"},{"taxonomy":"post_tag","embeddable":true,"href":"https:\/\/www.radiopiu.net\/wordpress\/wp-json\/wp\/v2\/tags?post=132857"}],"curies":[{"name":"wp","href":"https:\/\/api.w.org\/{rel}","templated":true}]}}