{"id":132861,"date":"2020-04-25T11:23:41","date_gmt":"2020-04-25T09:23:41","guid":{"rendered":"https:\/\/www.radiopiu.net\/wordpress\/?p=132861"},"modified":"2020-04-25T11:23:41","modified_gmt":"2020-04-25T09:23:41","slug":"effetto-covid-19-una-piccola-impresa-su-2-denuncia-che-si-sono-allungati-i-pagamenti","status":"publish","type":"post","link":"https:\/\/www.radiopiu.net\/wordpress\/effetto-covid-19-una-piccola-impresa-su-2-denuncia-che-si-sono-allungati-i-pagamenti\/","title":{"rendered":"EFFETTO COVID-19: UNA PICCOLA IMPRESA SU 2 DENUNCIA CHE SI SONO ALLUNGATI I PAGAMENTI"},"content":{"rendered":"<p>Una piccola azienda su 2, denuncia la CGIA, segnala che i tempi di pagamento dei committenti privati si sono allungati a dismisura e questo sta mettendo a rischio la tenuta finanziaria di tantissimi autotrasportatori, produttori di imballaggi \u00a0e di una parte di\u00a0 attivit\u00e0 metalmeccaniche che, in questo periodo di lockdown, hanno comunque lavorato. Realt\u00e0, fa sapere la CGIA, che anche in condizioni di normalit\u00e0 economica sono spesso a corto di liquidit\u00e0 e sottocapitalizzate. Dichiara il coordinatore dell\u2019Ufficio studi Paolo Zabeo:<\/p>\n<p>\u201cLa questione liquidit\u00e0 per le piccole imprese \u00e8 dirimente. Se anche coloro che hanno lavorato faticano ad incassare le proprie spettanze, \u00e8 evidente che bisogna cambiare registro. Ovvero, stop a prestiti bancari a tassi comunque non proprio prossimi allo zero, che costringono le attivit\u00e0 ad indebitarsi ulteriormente. S\u00ec, invece, a contributi a fondo perduto. Se con troppi debiti le piccole imprese sono destinate a saltare, lo Stato, invece, anche con un debito pubblico maggiore, pu\u00f2 reggere, grazie anche alle misure che la Bce e l\u2019Unione Europea\u00a0 metteranno \u00a0in campo nei prossimi mesi\u201d.<\/p>\n<p>A sostegno della \u00a0tesi che le aziende vanno aiutate con trasferimenti aggiuntivi a fondo perduto, la CGIA segnala il report presentato nei giorni scorsi dai ricercatori della Banca d\u2019Italia Giorgio Gobbi, Francesco Palazzo e Anatoli Segura\u00a01\u00a0. Non solo. Gli artigiani mestrini guardano con interesse all\u2019esperienza maturata in Germania in queste ultime settimane. Per sostenere le piccole imprese, infatti, il governo e i l\u00e4nder tedeschi hanno erogato, alle realt\u00e0 con meno di 15 addetti, fino a 15 mila euro a fondo perduto.<\/p>\n<p>Il problema liquidit\u00e0, ovviamente, riguarda anche le imprese dei servizi alla persona che, a differenza degli autotrasportatori o di tante aziende metalmeccaniche, in queste ultime settimane sono state costrette alla chiusura. Molte hanno cominciato a \u201crecuperare\u201d flussi di cassa non pagando alcune scadenze. Segnala il segretario Renato Mason:<\/p>\n<p>\u201cNon sono pochi gli artigiani e i piccoli commercianti che hanno deciso di mitigare\u00a0 il forte calo dei flussi di cassa registrato in questo ultimo mese e mezzo non pagando le bollette di acqua, luce, gas, l\u2019affitto o le spese condominiali. E\u2019 il caso di tanti calzolai, tappezzieri, orafi, gelatieri, pasticceri, sartorie, fiorerie, barbieri, parrucchieri, estetiste, bar, ristoranti e negozi vari che per legge hanno dovuto tenere chiuso l\u2019esercizio. Anche chi ha potuto tenere aperto &#8211; come i fotografi, gli ottici e le pulitintolavanderie \u2013 ricavi ne ha fatti molto pochi e sta riflettendo se con la fine del lockdown avr\u00e0 comunque senso continuare l\u2019attivit\u00e0. Per questo, oltre a dare liquidit\u00e0 a fondo perduto a queste piccole attivit\u00e0, \u00e8 necessario anche un taglio fiscale importante sin da subito\u201d.<\/p>\n<p>In merito alla cosiddetta \u201cfase 2\u201d, la CGIA auspica che le attivit\u00e0 possano aprire quanto prima, decisione, ovviamente, che deve essere avvallata dalla comunit\u00e0 scientifica, in quanto la salute dei cittadini e dei lavoratori autonomi\/dipendenti deve essere posta sempre al primo posto. Tuttavia, ci\u00f2 che sorprende e che non si parli per nulla della cosiddetta \u201cfase 3\u201d, vale a dire quella del rilancio economico. In altre parole, il Governo non sembra avere \u00a0un piano di rilancio, un progetto, un\u2019idea sul futuro del Paese. Un\u2019azione che sarebbe indispensabile, anche per dettare la linea a tanti imprenditori che dopo questa esperienza si sentono disorientati e confusi.<\/p>\n<p>Mestre 25 aprile 2020<\/p>\n<p>1\u00a0Banca d\u2019Italia \u201cLe misure di sostegno finanziario alle imprese post-Covid-19 e le loro implicazioni di medio termine\u201d di Giorgio Gobbi, Francesco Palazzo e Anatoli Segura. Note Covid-19 del 15 aprile 2020<\/p>\n","protected":false},"excerpt":{"rendered":"<p>Una piccola azienda su 2, denuncia la CGIA, segnala che i tempi di pagamento dei committenti privati si sono allungati a dismisura e questo sta mettendo a rischio la tenuta finanziaria di tantissimi autotrasportatori, produttori di imballaggi \u00a0e di una parte di\u00a0 attivit\u00e0 metalmeccaniche che, in questo periodo di lockdown, hanno comunque lavorato. Realt\u00e0, fa&hellip;<\/p>\n","protected":false},"author":1,"featured_media":132862,"comment_status":"closed","ping_status":"closed","sticky":false,"template":"","format":"standard","meta":{"_monsterinsights_skip_tracking":false,"_monsterinsights_sitenote_active":false,"_monsterinsights_sitenote_note":"","_monsterinsights_sitenote_category":0,"footnotes":""},"categories":[49],"tags":[],"class_list":["post-132861","post","type-post","status-publish","format-standard","has-post-thumbnail","hentry","category-news-18","category-49","description-off"],"img_url":"https:\/\/www.radiopiu.net\/wordpress\/wp-content\/uploads\/2020\/04\/hourglass-620397_640.jpg","_links":{"self":[{"href":"https:\/\/www.radiopiu.net\/wordpress\/wp-json\/wp\/v2\/posts\/132861","targetHints":{"allow":["GET"]}}],"collection":[{"href":"https:\/\/www.radiopiu.net\/wordpress\/wp-json\/wp\/v2\/posts"}],"about":[{"href":"https:\/\/www.radiopiu.net\/wordpress\/wp-json\/wp\/v2\/types\/post"}],"author":[{"embeddable":true,"href":"https:\/\/www.radiopiu.net\/wordpress\/wp-json\/wp\/v2\/users\/1"}],"replies":[{"embeddable":true,"href":"https:\/\/www.radiopiu.net\/wordpress\/wp-json\/wp\/v2\/comments?post=132861"}],"version-history":[{"count":0,"href":"https:\/\/www.radiopiu.net\/wordpress\/wp-json\/wp\/v2\/posts\/132861\/revisions"}],"wp:featuredmedia":[{"embeddable":true,"href":"https:\/\/www.radiopiu.net\/wordpress\/wp-json\/wp\/v2\/media\/132862"}],"wp:attachment":[{"href":"https:\/\/www.radiopiu.net\/wordpress\/wp-json\/wp\/v2\/media?parent=132861"}],"wp:term":[{"taxonomy":"category","embeddable":true,"href":"https:\/\/www.radiopiu.net\/wordpress\/wp-json\/wp\/v2\/categories?post=132861"},{"taxonomy":"post_tag","embeddable":true,"href":"https:\/\/www.radiopiu.net\/wordpress\/wp-json\/wp\/v2\/tags?post=132861"}],"curies":[{"name":"wp","href":"https:\/\/api.w.org\/{rel}","templated":true}]}}