{"id":132869,"date":"2020-04-25T12:34:45","date_gmt":"2020-04-25T10:34:45","guid":{"rendered":"https:\/\/www.radiopiu.net\/wordpress\/?p=132869"},"modified":"2020-04-25T14:00:47","modified_gmt":"2020-04-25T12:00:47","slug":"la-conferenza-stampa-del-presidente-del-veneto-luca-zaia-25-aprile-2020","status":"publish","type":"post","link":"https:\/\/www.radiopiu.net\/wordpress\/la-conferenza-stampa-del-presidente-del-veneto-luca-zaia-25-aprile-2020\/","title":{"rendered":"UN OMAGGIO A TINA ANSELMI NELLA CONFERENZA STAMPA DEL PRESIDENTE DEL VENETO LUCA ZAIA 25 APRILE 2020"},"content":{"rendered":"<p><strong>VENEZIA<\/strong> Il punto giornaliero di Luca Zaia sull&#8217;emergenza Covid-19<\/p>\n<p>NUMERI: Tamponi 306 977, 10mila piu&#8217; di ieri, isolamento domicialiare 8722 (+800), Positivi 17391, Ricoverati 1234 (-55), terapia intensiva 129 (-1), dimessi 2435, decessi 1053 (+27) negli ospedali in totale 1288. Nati 79.<\/p>\n<blockquote>\n<h2>LEGGI LA CONFERENZA STAMPA DI LUCA ZAIA<\/h2>\n<\/blockquote>\n<p><em>DAL DE BREVITATE VITAE \u00abLa vita non \u00e8 breve, \u00e8 l&#8217;uomo che la rende breve\u00bb. Zaia cita Lucio Anneo Seneca.<\/em><\/p>\n<p><em>I veneti emigrando non hanno riempito le carceri, ma impollinato il mondo con la loro operosit\u00e0.<\/em><\/p>\n<p><strong><em>Non si esce dal proprio Comune n\u00e8 per il cibo per l&#8217;asporto n\u00e8 per gli orti contrariamente a quanto detto ieri. Se si tratta di coltivazione agricola a titolo ricreativo del singolo cittadino, allora no, non \u00e8 possibile spostarsi. Ci siamo agganciati al DPCM che categoricamente non permette spostamenti per le seconde case e quindi anche per gli orti. Bisogna fare riferimento quindi agli spostamenti nel Comune. Quindi autoconsumo nel proprio Comune. Stesso discorso per i cimiteri, sono possibili le visite solo nei campi santi del Comune di residenza.\u00a0<\/em><\/strong><\/p>\n<blockquote><p>&nbsp;<\/p><\/blockquote>\n<p><strong>Nel giorno della LIberazione<\/strong> un pensiero ai Caduti e un ricordo\u00a0 per la festa di San Marco. Il ricordo dei\u00a0 54mila partigiani morti, oltre 6mila erano veneti. La Resistenza in Veneto era iniziata il 10 settembre del 1943, a Padova. Pensiero particolare per<strong> Tina Anselm<\/strong>i valorosa veneta, la staffetta<em> Gabriella<\/em>, aveva 17 anni quando nel &#8217;44 ha visto l&#8217;impiccagione a Bassano dei Partigiani.\u00a0 E&#8217; stata il primo ministro al femminile, nel &#8217;78 ha dato vita al Sistema Sanitario Nazionale. Oggi le vittime del coronavirus sono quella della nuova Resistenza, i nostri nonni che\u00a0 hanno fatto grande il Veneto e il Paese intero. <strong>San Marco<\/strong>: bandiera che sentiamo nostra, l&#8217;unica al mondo che riporta la parola pace. Segna la storia del popolo veneto. <strong>Fase 2 in<\/strong> Veneto, tutte le comunit\u00e0 hanno avuto una curva di 70 giorni,\u00a0 ma la fase di coesistenza con il Covid deve essere affrontata con responsabilit\u00e0. Non saremo in liberazione totale, avremo mascherina, guanti, igienizzante e comportamenti precauzionali e grazie\u00a0 per la collaborazione dei cittadini.<strong> Zaia ha quindi sintetizzato<\/strong> le nuove misure dell&#8217;ordinanza di ieri, soprattutto ha fatto una <strong>crono storia<\/strong> di quanto successo dall&#8217;inizio della pandemia. Con le nuove ordinanze i provvedimenti sono allineati con quello che prevede la legge, la Regione non si \u00e8 sognata nuove aperture, il Veneto non \u00e8 uscito dai<strong> limiti delle disposizioni<\/strong>. L&#8217;ordinanza 42 del 13 aprile fa riferimento a cibi per asporto, fiorerie, orti e boschi coltivabili, cimiteri, imbarcazioni e lavori edili minori erano concessi, non \u00e8 stato fatto nulla di pi\u00f9 di quanto scritto, solo ribadito. Non si dica che qui c&#8217;\u00e8 chi firma ordinanze alla &#8220;Carlona&#8221; sono tutte in scia con il DPCM. <strong>Cibo da asporto<\/strong>\u00a0 solo uscita individuale, fatta eccezione per disabili e minorenni\u00a0 con la prenotazione online o telefonica, si ritira il cibo, si consuma a casa.\u00a0 Fino al 4 maggio funziona cos\u00ec. Davamo per scontato che l&#8217;uscita di casa si facesse in modo individuale,\u00a0 ma abbiamo sbagliato quindi lo ribadiamo. <strong>Orti\u00a0<\/strong>Abbiamo allineato la nostra posizione alle disposizioni ministeriali. Attivit\u00e0 agricola libera, a titolo ricreativo il Ministero ha fornito prese di posizione con delle faq indicando l&#8217;autoconsumo per se stessi come attivit\u00e0 agricola permessa <strong>nel proprio Comune<\/strong>.<strong> Sindaci arrabbiati per l&#8217;ordinanza di ieri improvvisa ed immediata<\/strong> capisco\u00a0 siano arrabbiati, le ordinanze vengono fatte in fretta. Questo non vuol dire che non sia fondamentale il dialogo con i sindaci ma dovevamo adottare un&#8217;ordinanza immediata.<strong> Ripartenza con il conteggio dei postivi<\/strong> in questo caso serve\u00a0 anche il rapporto in base al numero di tamponi. Il Veneto che ne ha fatti molto di pi\u00f9 sarebbe evidentemente\u00a0 svantaggiato. <strong>Quante persone morte per coronavirus tra i tanti morti di questi mesi?<\/strong> Non compete a noi, \u00e8 un discorso imbarazzante ma affrontato spesso. Il 99% dei pazienti se non aveva il coronavirus non moriva, sarebbe morto per altre patologie ma \u00e8 stato spartiacque per la vita della persone.<strong>Toelettatura per animali<\/strong> L&#8217;idea:consegna dell&#8217;animale in loco, previo appuntamento senza sala d&#8217;attesa: stiamo affrontando l&#8217;argomento. <strong>Alto numero di positivi e tante persone in isolamento<\/strong> c&#8217;\u00e8 un piano per fronteggiare eventuali aumenti di contagi? Abbiamo una macchina piazzata per rispondere alle emergenze con tamponi, isolamento e terapie intensive. <strong>Asporto si puo&#8217; entrare?<\/strong> Solo una alla volta <strong>Concessionarie auto<\/strong> possono lavorare lunedi? No, il Governo non lo ha permesso. <strong>Cimiteri in altri Comuni?<\/strong> Ci si deve limitare al Comune come previsto dal DPCM ma ci si puo&#8217; spostare se il deceduto \u00e8 parente di primo grado. Capisco la situazione critica in cui abbiamo messo i sindaci ma li ringrazio perch\u00e9 so che fanno sempre l&#8217;impossibile.<\/p>\n<h2>PARTE 1<\/h2>\n<p>https:\/\/www.facebook.com\/zaiaufficiale\/videos\/556239761693912\/<\/p>\n<h2>PARTE 2<\/h2>\n<p>https:\/\/www.facebook.com\/zaiaufficiale\/videos\/549238592677110\/<\/p>\n<p>&nbsp;<\/p>\n","protected":false},"excerpt":{"rendered":"<p>VENEZIA Il punto giornaliero di Luca Zaia sull&#8217;emergenza Covid-19 NUMERI: Tamponi 306 977, 10mila piu&#8217; di ieri, isolamento domicialiare 8722 (+800), Positivi 17391, Ricoverati 1234 (-55), terapia intensiva 129 (-1), dimessi 2435, decessi 1053 (+27) negli ospedali in totale 1288. Nati 79. LEGGI LA CONFERENZA STAMPA DI LUCA ZAIA DAL DE BREVITATE VITAE \u00abLa vita&hellip;<\/p>\n","protected":false},"author":4,"featured_media":121391,"comment_status":"closed","ping_status":"closed","sticky":false,"template":"","format":"standard","meta":{"_monsterinsights_skip_tracking":false,"_monsterinsights_sitenote_active":false,"_monsterinsights_sitenote_note":"","_monsterinsights_sitenote_category":0,"footnotes":""},"categories":[51,49],"tags":[],"class_list":["post-132869","post","type-post","status-publish","format-standard","has-post-thumbnail","hentry","category-evidenza-top","category-news-18","category-51","category-49","description-off"],"img_url":"https:\/\/www.radiopiu.net\/wordpress\/wp-content\/uploads\/2020\/03\/covid-zaia.jpg","_links":{"self":[{"href":"https:\/\/www.radiopiu.net\/wordpress\/wp-json\/wp\/v2\/posts\/132869","targetHints":{"allow":["GET"]}}],"collection":[{"href":"https:\/\/www.radiopiu.net\/wordpress\/wp-json\/wp\/v2\/posts"}],"about":[{"href":"https:\/\/www.radiopiu.net\/wordpress\/wp-json\/wp\/v2\/types\/post"}],"author":[{"embeddable":true,"href":"https:\/\/www.radiopiu.net\/wordpress\/wp-json\/wp\/v2\/users\/4"}],"replies":[{"embeddable":true,"href":"https:\/\/www.radiopiu.net\/wordpress\/wp-json\/wp\/v2\/comments?post=132869"}],"version-history":[{"count":0,"href":"https:\/\/www.radiopiu.net\/wordpress\/wp-json\/wp\/v2\/posts\/132869\/revisions"}],"wp:featuredmedia":[{"embeddable":true,"href":"https:\/\/www.radiopiu.net\/wordpress\/wp-json\/wp\/v2\/media\/121391"}],"wp:attachment":[{"href":"https:\/\/www.radiopiu.net\/wordpress\/wp-json\/wp\/v2\/media?parent=132869"}],"wp:term":[{"taxonomy":"category","embeddable":true,"href":"https:\/\/www.radiopiu.net\/wordpress\/wp-json\/wp\/v2\/categories?post=132869"},{"taxonomy":"post_tag","embeddable":true,"href":"https:\/\/www.radiopiu.net\/wordpress\/wp-json\/wp\/v2\/tags?post=132869"}],"curies":[{"name":"wp","href":"https:\/\/api.w.org\/{rel}","templated":true}]}}