{"id":132960,"date":"2020-04-25T15:37:49","date_gmt":"2020-04-25T13:37:49","guid":{"rendered":"https:\/\/www.radiopiu.net\/wordpress\/?p=132960"},"modified":"2020-04-25T15:38:29","modified_gmt":"2020-04-25T13:38:29","slug":"facciata-del-municipio-di-puos-illuminata-con-il-tricolore","status":"publish","type":"post","link":"https:\/\/www.radiopiu.net\/wordpress\/facciata-del-municipio-di-puos-illuminata-con-il-tricolore\/","title":{"rendered":"Facciata del municipio di Puos illuminata con il Tricolore"},"content":{"rendered":"<p><a class=\"dt-pswp-item\" href=\"https:\/\/www.radiopiu.net\/wordpress\/wp-content\/uploads\/2020\/04\/WhatsApp-Image-2020-04-24-at-21.01.33.jpeg\" data-dt-img-description=\"\" data-large_image_width=\"1600\" data-large_image_height=\"1168\"><img loading=\"lazy\" decoding=\"async\" class=\"wp-image-132961 alignleft\" src=\"https:\/\/www.radiopiu.net\/wordpress\/wp-content\/uploads\/2020\/04\/WhatsApp-Image-2020-04-24-at-21.01.33-1024x748.jpeg\" alt=\"\" width=\"192\" height=\"140\" srcset=\"https:\/\/www.radiopiu.net\/wordpress\/wp-content\/uploads\/2020\/04\/WhatsApp-Image-2020-04-24-at-21.01.33-1024x748.jpeg 1024w, https:\/\/www.radiopiu.net\/wordpress\/wp-content\/uploads\/2020\/04\/WhatsApp-Image-2020-04-24-at-21.01.33-300x219.jpeg 300w, https:\/\/www.radiopiu.net\/wordpress\/wp-content\/uploads\/2020\/04\/WhatsApp-Image-2020-04-24-at-21.01.33-768x561.jpeg 768w, https:\/\/www.radiopiu.net\/wordpress\/wp-content\/uploads\/2020\/04\/WhatsApp-Image-2020-04-24-at-21.01.33-1536x1121.jpeg 1536w, https:\/\/www.radiopiu.net\/wordpress\/wp-content\/uploads\/2020\/04\/WhatsApp-Image-2020-04-24-at-21.01.33.jpeg 1600w\" sizes=\"auto, (max-width: 192px) 100vw, 192px\" \/><\/a><strong>ALPAGO<\/strong> \u201cUn segno di unit\u00e0 per il 25 aprile, in questo momento difficile per le nostre comunit\u00e0\u201d. E\u2019 un modo del tutto particolare quello che la comunit\u00e0 di Alpago ha potuto sperimentare nel celebrare la Festa della Liberazione. Grazie ad una iniziativa della ditta A.N.R. Impianti, che ha sede proprio in Alpago, \u00e8 stato infatti possibile illuminare con il tricolore la facciata del municipio di Puos. Un vero e proprio spettacolo di installazioni luminose, offerto dalla ditta alla comunit\u00e0 a titolo gratuito, che in questo momento storico assume un significato del tutto particolare. \u201cMai come in questa occasione \u2013 commenta il sindaco di Alpago Umberto Soccal \u2013 la festa del 25 aprile coincide con un momento di prova e di difficolt\u00e0 che non sperimentavamo da decenni. I periodi maggiore sofferenza sono storicamente per\u00f2 anche un collante per le comunit\u00e0 locali, nel segno di una maggiore coesione sociale e dello spirito di solidariet\u00e0 sui cui si fondano i nostri paesi. Ringraziamo la ditta A,N.R. Impianti per la graditissima iniziativa; speriamo che il tricolore sia davvero il simbolo sotto il quale possiamo riconoscerci tutti, senza distinzioni, per progettare un futuro pi\u00f9 consapevole e pi\u00f9 responsabile per le nostre realt\u00e0 territoriali e per tutto il nostro Paese\u201d, conclude il primo cittadino.<\/p>\n","protected":false},"excerpt":{"rendered":"<p>ALPAGO \u201cUn segno di unit\u00e0 per il 25 aprile, in questo momento difficile per le nostre comunit\u00e0\u201d. E\u2019 un modo del tutto particolare quello che la comunit\u00e0 di Alpago ha potuto sperimentare nel celebrare la Festa della Liberazione. Grazie ad una iniziativa della ditta A.N.R. Impianti, che ha sede proprio in Alpago, \u00e8 stato infatti&hellip;<\/p>\n","protected":false},"author":1,"featured_media":132962,"comment_status":"closed","ping_status":"closed","sticky":false,"template":"","format":"standard","meta":{"_monsterinsights_skip_tracking":false,"_monsterinsights_sitenote_active":false,"_monsterinsights_sitenote_note":"","_monsterinsights_sitenote_category":0,"footnotes":""},"categories":[49],"tags":[],"class_list":["post-132960","post","type-post","status-publish","format-standard","has-post-thumbnail","hentry","category-news-18","category-49","description-off"],"img_url":"https:\/\/www.radiopiu.net\/wordpress\/wp-content\/uploads\/2020\/04\/WhatsApp-Image-2020-04-24-at-21.01.42-1.jpeg","_links":{"self":[{"href":"https:\/\/www.radiopiu.net\/wordpress\/wp-json\/wp\/v2\/posts\/132960","targetHints":{"allow":["GET"]}}],"collection":[{"href":"https:\/\/www.radiopiu.net\/wordpress\/wp-json\/wp\/v2\/posts"}],"about":[{"href":"https:\/\/www.radiopiu.net\/wordpress\/wp-json\/wp\/v2\/types\/post"}],"author":[{"embeddable":true,"href":"https:\/\/www.radiopiu.net\/wordpress\/wp-json\/wp\/v2\/users\/1"}],"replies":[{"embeddable":true,"href":"https:\/\/www.radiopiu.net\/wordpress\/wp-json\/wp\/v2\/comments?post=132960"}],"version-history":[{"count":0,"href":"https:\/\/www.radiopiu.net\/wordpress\/wp-json\/wp\/v2\/posts\/132960\/revisions"}],"wp:featuredmedia":[{"embeddable":true,"href":"https:\/\/www.radiopiu.net\/wordpress\/wp-json\/wp\/v2\/media\/132962"}],"wp:attachment":[{"href":"https:\/\/www.radiopiu.net\/wordpress\/wp-json\/wp\/v2\/media?parent=132960"}],"wp:term":[{"taxonomy":"category","embeddable":true,"href":"https:\/\/www.radiopiu.net\/wordpress\/wp-json\/wp\/v2\/categories?post=132960"},{"taxonomy":"post_tag","embeddable":true,"href":"https:\/\/www.radiopiu.net\/wordpress\/wp-json\/wp\/v2\/tags?post=132960"}],"curies":[{"name":"wp","href":"https:\/\/api.w.org\/{rel}","templated":true}]}}