{"id":133078,"date":"2020-04-26T07:31:07","date_gmt":"2020-04-26T05:31:07","guid":{"rendered":"https:\/\/www.radiopiu.net\/wordpress\/?p=133078"},"modified":"2020-04-26T11:54:27","modified_gmt":"2020-04-26T09:54:27","slug":"al-turista-che-accusa-il-comune-di-sanificare-a-macchia-di-leopardo-la-puntuale-risposta-del-sindaco","status":"publish","type":"post","link":"https:\/\/www.radiopiu.net\/wordpress\/al-turista-che-accusa-il-comune-di-sanificare-a-macchia-di-leopardo-la-puntuale-risposta-del-sindaco\/","title":{"rendered":"AL TURISTA CHE ACCUSA IL COMUNE DI &#8220;SANIFICARE&#8221; A MACCHIA DI LEOPARDO LA PUNTUALE RISPOSTA DEL SINDACO"},"content":{"rendered":"<p><strong>FALCADE<\/strong> Il proprietario di una seconda casa a Caviola punta il dito contro il Comune che avrebbe spazzato strade e piazze a \u00a0macchia di leopardo e non sarebbe intervenuto sulla strada a servizio di alcune abitazioni\u00a0 e Ludovico Antonini proprietario di un appartamento a Caviola accusa il Comune di non essere intervenuto sanificando un pezzo di strada comunale a servizio di alcune abitazioni tra le quali la sua.<\/p>\n<p><strong>LA LETTERA\u00a0<\/strong><\/p>\n<p><em>Come al solito non considera cittadini come gli altri quelli che abitano in via De San Doane sotto via Nenni a Caviola, Oggi l&#8217;ennesimo episodio della sua mala gestione. Nel pomeriggio \u00e8 passata una macchina per la pulizia stradale che ha percorso sia via Nenni sia via De San Doane solo sopra via Nenni dimenticandosi di passare sotto anche se questa \u00e8 una via comunale anche oggi abitata. Il lavaggio della strada \u00e8 indubbiamente una operazione utile specie in questi momenti di cov\u00ecd-19. Al solito siamo stati considerarti cittadini di serie Z nonostante il contributo in denaro [tasse comunali] che riceve dai cittadini di via De San Doane sotto via Nenni. Come alle mie numerose mail mandate con posta certificata, attendo una risposta a giustificazione del suo comportamento. Alle precedenti non si degnato di rispondere, ma in questo caso si tratta di salute pubblica e al suo solito silenzio mio vedr\u00e0 costretto a rivolgermi alla Procura della Repubblica.<\/em><\/p>\n<p><strong>\u00a0LA RISPOSTA DEL SINDACO MICHELE COSTA<\/strong><\/p>\n<p>Appare opportuno in primo luogo precisare che la sarnficazione delle strade di questo Comune come degli altri, comuni della Provincia, legata peraltro alla emergenza Covid 19, non \u00e8 affatto atto dovuto, non risultando che sussista alcun provvedimento normativo che lo preveda o lo imponga. Ad ogni buon conto esiste una progettualit\u00e0 in merito coordinata dalla Protezione Civile Provinciale con i Comuni della Provincia (per l\u2019Agordino mediata attraverso la Unione Montana Agordina); sar\u00e0 pertanto il detto Ente a provvedere a tale serv\u00eczio, utilizzando adeguati mezzi e con la tempistica che verr\u00e0 ritenuta opportuna e possibile. Altra cosa \u00e8 la ordinaria pulizia delle strade, ovvero lo spazzamelo che Lei ha visto effettuarsi nei giorni scorsi. Tale servizio \u00e8 invece in carico alla Valpe, Societ\u00e0 cui i Comuni facenti capo alla Unione Montana Agordina lo hanno demandato. Si tratta quindi d\u00ec attivit\u00e0 svolta da Ente diverso da questo Comune. Spiace per le Sue doglianze; la rete stradale del Comune di Falcade viene curata, nei limiti dei mezzi e delle risorse economiche ed umane a disposizione, senza alcuna diversificazione o discriminazione, ovviamente tenuto conto delle caratteristiche intrinseche di ogni singola via. A tal proposito si richiama quanto gi\u00e0 rappresentato da questo ufficio nella Pec protocollata in data 04 gennaio 2018. Quanto ai \u201ccontributi in denaro\u201d cui Ella fa cenno, relativamente all\u2019imposta IMU (non vigendo ormai pi\u00f9 da tempo PICI) vorr\u00e0 tener conto che si tratta di una imposta applicata dallo Stato, legata alla propriet\u00e0 o altro diritto reale sugli immobili, i proventi confluiscono in grande misura direttamente nelle casse dello Stato, e non certo in quelle di ciascun Comune. Non si comprende peraltro il Suo riferimento ad altre \u201ctasse comunali\u201d, che non risultano suss\u00ecstere. Lieti di ospitare in questo Comune le persone che, amandone i pregi, desiderano trascorrervi del tempo, e in considerazione di quanto disposto dai DPCM 8 e 9 marzo 2020 e successivi, in base ai quali \u00e8 stato vietato a chicchessia lo spostamento dalla propria abitazione abituale prescindendo finanche dalla residenza, si chiede di voler cortesemente comunicare da quanto tempo Ella si trovi a soggiornare nel territorio di questo Comune; e ci\u00f2 al precipuo fine di escludere qualsivoglia allarme d\u00ec irregolarit\u00e0. Rimanendo a Sua completa disposizione per qualsivoglia chiarimento, si porgono cordiali saluti, ben consapevoli della presenza e della efficienza delle Autorit\u00e0, presenti in Provincia, ed in particolare della solerte attivit\u00e0 della Procura della Repubblica,<\/p>\n<p>&nbsp;<\/p>\n<p>&nbsp;<\/p>\n","protected":false},"excerpt":{"rendered":"<p>FALCADE Il proprietario di una seconda casa a Caviola punta il dito contro il Comune che avrebbe spazzato strade e piazze a \u00a0macchia di leopardo e non sarebbe intervenuto sulla strada a servizio di alcune abitazioni\u00a0 e Ludovico Antonini proprietario di un appartamento a Caviola accusa il Comune di non essere intervenuto sanificando un pezzo&hellip;<\/p>\n","protected":false},"author":1,"featured_media":61045,"comment_status":"closed","ping_status":"closed","sticky":false,"template":"","format":"standard","meta":{"_monsterinsights_skip_tracking":false,"_monsterinsights_sitenote_active":false,"_monsterinsights_sitenote_note":"","_monsterinsights_sitenote_category":0,"footnotes":""},"categories":[51],"tags":[],"class_list":["post-133078","post","type-post","status-publish","format-standard","has-post-thumbnail","hentry","category-evidenza-top","category-51","description-off"],"img_url":"https:\/\/www.radiopiu.net\/wordpress\/wp-content\/uploads\/2018\/09\/caviola.jpg","_links":{"self":[{"href":"https:\/\/www.radiopiu.net\/wordpress\/wp-json\/wp\/v2\/posts\/133078","targetHints":{"allow":["GET"]}}],"collection":[{"href":"https:\/\/www.radiopiu.net\/wordpress\/wp-json\/wp\/v2\/posts"}],"about":[{"href":"https:\/\/www.radiopiu.net\/wordpress\/wp-json\/wp\/v2\/types\/post"}],"author":[{"embeddable":true,"href":"https:\/\/www.radiopiu.net\/wordpress\/wp-json\/wp\/v2\/users\/1"}],"replies":[{"embeddable":true,"href":"https:\/\/www.radiopiu.net\/wordpress\/wp-json\/wp\/v2\/comments?post=133078"}],"version-history":[{"count":0,"href":"https:\/\/www.radiopiu.net\/wordpress\/wp-json\/wp\/v2\/posts\/133078\/revisions"}],"wp:featuredmedia":[{"embeddable":true,"href":"https:\/\/www.radiopiu.net\/wordpress\/wp-json\/wp\/v2\/media\/61045"}],"wp:attachment":[{"href":"https:\/\/www.radiopiu.net\/wordpress\/wp-json\/wp\/v2\/media?parent=133078"}],"wp:term":[{"taxonomy":"category","embeddable":true,"href":"https:\/\/www.radiopiu.net\/wordpress\/wp-json\/wp\/v2\/categories?post=133078"},{"taxonomy":"post_tag","embeddable":true,"href":"https:\/\/www.radiopiu.net\/wordpress\/wp-json\/wp\/v2\/tags?post=133078"}],"curies":[{"name":"wp","href":"https:\/\/api.w.org\/{rel}","templated":true}]}}