{"id":133089,"date":"2020-04-26T09:18:39","date_gmt":"2020-04-26T07:18:39","guid":{"rendered":"https:\/\/www.radiopiu.net\/wordpress\/?p=133089"},"modified":"2020-04-26T09:18:39","modified_gmt":"2020-04-26T07:18:39","slug":"capitolo-de-coccio-un-sabato-con-11-sanzioni-una-denuncia-e-un-titolare-di-esercizi-commerciali-sanzionato","status":"publish","type":"post","link":"https:\/\/www.radiopiu.net\/wordpress\/capitolo-de-coccio-un-sabato-con-11-sanzioni-una-denuncia-e-un-titolare-di-esercizi-commerciali-sanzionato\/","title":{"rendered":"CAPITOLO &#8220;DE COCCIO&#8221;: UN SABATO CON 11 SANZIONI, UNA DENUNCIA E UN TITOLARE DI ESERCIZI COMMERCIALI SANZIONATO"},"content":{"rendered":"<p><strong>BELLUNO<\/strong> Il sabato appena trascorso \u00e8 stato un giorno con pochi controlli per le Forze dell&#8217;Ordine. Dai dati distribuiti dalla Prefettura, 520 persone fermate e 11 sanzioni inflitte per il contenimento della diffusione del Covid-19. Sempre ieri \u00e8 stata denunciata anche una persona. In totale sono 80 le multe da inizio settimana su 3813 controlli delle Forze dell&#8217;Ordine. Nel capitolo attivit\u00e0 commerciali, ieri sono stati controllati 259, un quinto rispetto agli altri giorni della settimana anche perch\u00e8 giorno di festa e poche attivit\u00e0 aperte. Un titolare e stato sanzionato ma nessun esercizio \u00e8 stato chiuso.<\/p>\n<p><a class=\"dt-pswp-item\" href=\"https:\/\/www.radiopiu.net\/wordpress\/wp-content\/uploads\/2020\/04\/26.04_-_MONITORAGGIO_SETTIMANALE_DEI_SERVIZI_DI_CONTROLLO.jpg\" data-dt-img-description=\"\" data-large_image_width=\"1240\" data-large_image_height=\"1754\"><img loading=\"lazy\" decoding=\"async\" class=\"alignnone wp-image-133090 size-large\" src=\"https:\/\/www.radiopiu.net\/wordpress\/wp-content\/uploads\/2020\/04\/26.04_-_MONITORAGGIO_SETTIMANALE_DEI_SERVIZI_DI_CONTROLLO-724x1024.jpg\" alt=\"\" width=\"724\" height=\"1024\" srcset=\"https:\/\/www.radiopiu.net\/wordpress\/wp-content\/uploads\/2020\/04\/26.04_-_MONITORAGGIO_SETTIMANALE_DEI_SERVIZI_DI_CONTROLLO-724x1024.jpg 724w, https:\/\/www.radiopiu.net\/wordpress\/wp-content\/uploads\/2020\/04\/26.04_-_MONITORAGGIO_SETTIMANALE_DEI_SERVIZI_DI_CONTROLLO-212x300.jpg 212w, https:\/\/www.radiopiu.net\/wordpress\/wp-content\/uploads\/2020\/04\/26.04_-_MONITORAGGIO_SETTIMANALE_DEI_SERVIZI_DI_CONTROLLO-768x1086.jpg 768w, https:\/\/www.radiopiu.net\/wordpress\/wp-content\/uploads\/2020\/04\/26.04_-_MONITORAGGIO_SETTIMANALE_DEI_SERVIZI_DI_CONTROLLO-1086x1536.jpg 1086w, https:\/\/www.radiopiu.net\/wordpress\/wp-content\/uploads\/2020\/04\/26.04_-_MONITORAGGIO_SETTIMANALE_DEI_SERVIZI_DI_CONTROLLO.jpg 1240w\" sizes=\"auto, (max-width: 724px) 100vw, 724px\" \/><\/a><\/p>\n","protected":false},"excerpt":{"rendered":"<p>BELLUNO Il sabato appena trascorso \u00e8 stato un giorno con pochi controlli per le Forze dell&#8217;Ordine. Dai dati distribuiti dalla Prefettura, 520 persone fermate e 11 sanzioni inflitte per il contenimento della diffusione del Covid-19. Sempre ieri \u00e8 stata denunciata anche una persona. In totale sono 80 le multe da inizio settimana su 3813 controlli&hellip;<\/p>\n","protected":false},"author":4,"featured_media":47103,"comment_status":"closed","ping_status":"closed","sticky":false,"template":"","format":"standard","meta":{"_monsterinsights_skip_tracking":false,"_monsterinsights_sitenote_active":false,"_monsterinsights_sitenote_note":"","_monsterinsights_sitenote_category":0,"footnotes":""},"categories":[49],"tags":[],"class_list":["post-133089","post","type-post","status-publish","format-standard","has-post-thumbnail","hentry","category-news-18","category-49","description-off"],"img_url":"https:\/\/www.radiopiu.net\/wordpress\/wp-content\/uploads\/2018\/04\/Polizia-726x400.jpg","_links":{"self":[{"href":"https:\/\/www.radiopiu.net\/wordpress\/wp-json\/wp\/v2\/posts\/133089","targetHints":{"allow":["GET"]}}],"collection":[{"href":"https:\/\/www.radiopiu.net\/wordpress\/wp-json\/wp\/v2\/posts"}],"about":[{"href":"https:\/\/www.radiopiu.net\/wordpress\/wp-json\/wp\/v2\/types\/post"}],"author":[{"embeddable":true,"href":"https:\/\/www.radiopiu.net\/wordpress\/wp-json\/wp\/v2\/users\/4"}],"replies":[{"embeddable":true,"href":"https:\/\/www.radiopiu.net\/wordpress\/wp-json\/wp\/v2\/comments?post=133089"}],"version-history":[{"count":0,"href":"https:\/\/www.radiopiu.net\/wordpress\/wp-json\/wp\/v2\/posts\/133089\/revisions"}],"wp:featuredmedia":[{"embeddable":true,"href":"https:\/\/www.radiopiu.net\/wordpress\/wp-json\/wp\/v2\/media\/47103"}],"wp:attachment":[{"href":"https:\/\/www.radiopiu.net\/wordpress\/wp-json\/wp\/v2\/media?parent=133089"}],"wp:term":[{"taxonomy":"category","embeddable":true,"href":"https:\/\/www.radiopiu.net\/wordpress\/wp-json\/wp\/v2\/categories?post=133089"},{"taxonomy":"post_tag","embeddable":true,"href":"https:\/\/www.radiopiu.net\/wordpress\/wp-json\/wp\/v2\/tags?post=133089"}],"curies":[{"name":"wp","href":"https:\/\/api.w.org\/{rel}","templated":true}]}}