{"id":133106,"date":"2020-04-27T05:57:13","date_gmt":"2020-04-27T03:57:13","guid":{"rendered":"https:\/\/www.radiopiu.net\/wordpress\/?p=133106"},"modified":"2020-04-27T09:58:29","modified_gmt":"2020-04-27T07:58:29","slug":"giornale-radiopiu-27-aprile-2020-direttore-mirko-mezzacasa","status":"publish","type":"post","link":"https:\/\/www.radiopiu.net\/wordpress\/giornale-radiopiu-27-aprile-2020-direttore-mirko-mezzacasa\/","title":{"rendered":"GIORNALE RADIOPIU 27 APRILE 2020 DIRETTORE MIRKO MEZZACASA"},"content":{"rendered":"<h3><strong>PER\u00a0RICEVERE QUESTO NOTIZIARIO DIRETTAMENTE SUL TUO CELLULARE ISCRIVITI AL CANALE\u00a0TELEGRAM\u00a0\u201cRADIO PIU\u00a0 INFORMAZIONE\u201d<\/strong><\/h3>\n<p><strong>OGGI SUL CORRIERE DELLE ALPI L&#8217;INCHIESTA DI FRANCESCO DAL MAS:\u00a0<\/strong> &#8220;Sempre meno neve sulla Marmolada e adesso c&#8217;\u00e8 un&#8217;alga sul ghiacciaio. L&#8217;esperto Secchieri: <em>\u00abUna volta a maggio avevamo il picco\u00bb <\/em>Salton: <em>\u00abTrovato lo stesso organismo che c&#8217;\u00e8 in Svizzera\u00bb<\/em><\/p>\n<hr \/>\n<h2><\/h2>\n<p>\u2022 <strong>Conte annuncia<\/strong> la &#8220;fase 2&#8221;:<a href=\"\/\/resolve?domain=CoronavirusNewsIta&amp;post=331\" target=\"_blank\" rel=\"noopener noreferrer\"> tutti i dettagli<\/a>; \u2022<strong> In un giorno 260 morti<\/strong>, contro i 415 di ieri, per un totale di 26.644. I <strong>contagi complessivi<\/strong> sono arrivati a 197.675 con una crescita di 2.324, poco pi\u00f9 bassa di quella di ieri. <strong>Guarite altre 1.808 persone<\/strong>, per un totale di 64.928; \u2022 Le chiese restano chiuse,<strong> l\u2019ira dei vescovi<\/strong>: &#8220;Violata la libert\u00e0 di culto&#8221;. Il PD <strong>si schiera con la Cei<\/strong>; \u2022 <strong>Risalgono i morti <\/strong>negli Usa: 2.494 in 24 ore.<\/p>\n<p>&nbsp;<\/p>\n<p><span style=\"color: #00ff00;\">DAL 4 MAGGIO MENO RESTRIZIONI AL MOTTO DI &#8220;SE AMI L&#8217;ITALIA MANTIENI LE DISTANZE&#8221;. RESTA LA STRETTA MA I FAMIGLIARI POTRANNO RIVEDERSI MA NON RIABBRACCIARSI.<\/span> SI POTRA&#8217; USCIRE DI CASA DENTRO I CONFINI REGIONALI SOLO PER VALIDI MOTIVI LEGATI A LAVORO E SALUTE. ANCORA 4 MORTI IN PROVINCIA, <span style=\"color: #ff0000;\">A TRICHIANA IL DECESSO DI FRATELLO E SORELLA ENTRAMBI OSPITI DELLA CASA DI RIPOSO.<\/span><\/p>\n<p><strong>di Mirko Mezzacasa<\/strong><\/p>\n<p>Chi si aspettava il &#8220;tana libera tutti&#8221; per il 4 maggio \u00e8 rimasto deluso, tra sette giorni si sar\u00e0 un allentamento ma non sar\u00e0 un ritorno alla vita normale, si potranno rivedere i parenti anche lontani, riprender\u00e0 l&#8217;attivit\u00e0 fisica anche lontano dall&#8217;abitazione ma non in gruppo. Saranno ancora vietati gli spostamenti interregionali e per chi vorr\u00e0 muoversi dentro i confini regionali dovr\u00e0 munirsi di autocertificazione, verr\u00e0 proposto un nuovo modulo il quinto della serie. Le attivit\u00e0 commerciali potranno riaprire dal 18 maggio con limitazioni diverse e precise prescrizioni in primis\u00a0 ingressi contingentati, distanziamento sociale e protezioni ad iniziare dalla mascherina. Bar, ristoranti, parrucchieri, estetiste dovranno attendere il primo giugno, pi\u00f9 di un mese. No alle messe in chiesa, meno restrizioni per i funerali, sono infatti concesse le cerimonie funebri all&#8217;aperto ma con un massimo di 15 persone. Riaprono i parchi ma non i musei. Non sono concesse feste, nemmeno le tavolate e il Governo minaccia serrati controlli. Rimane almeno fino al 18 maggio il divieto di spostarsi da una regione all&#8217;altra tranne che per comprovate esigenze. Dal 4 maggio sar\u00e0 possibile rientrare nella propria residenza. La mascherina sar\u00e0 obbligatoria non per la passeggiata in solitaria all&#8217;aria aperta ma in qualsiasi luogo pubblico e il prezzo di vendita non potr\u00e0 superare il mezzo euro e non sar\u00e0 applicata l&#8217;iva. Le aziende dei trasporti dovranno organizzarsi scaglionando le corse e dovranno dotarsi di termo scanner per la misurazione della temperatura. Da oggi via libera al settore manifatturiero e all&#8217;edilizia. L&#8217;anno scolastico sui banchi di scuola \u00e8 terminato, se ne riparler\u00e0 dal 1 settembre con tutte le precauzioni del caso, banchi distanziati e igienizzatori ovunque e entrate in classe a gruppi non saranno pi\u00f9 ammesse le classi &#8220;pollaio&#8221;. <em>&#8220;Ragionevolmente scuole chiuse fino a fine anno scolastico &#8211; ha detto il premier Conte &#8211; avremo anche una nuova esplosione in una o due settimane e non possiamo permetterci di rischiare con le scuole. In questo momento abbiamo elaborato un rischio calcolato e non possiamo riaprirle. Non rimaniamo inermi la Ministra Azzolina sta lavorando per ripartire al meglio a settembre. Funziona bene l&#8217;attivit\u00e0 a distanza grazie a tutti. Ora stiamo valutando gli esami di Stato, consentiti in conferenza personale in piena sicurezza. Congedo straordinario e buono baby sitter verranno rinnovati&#8221;.<\/em> Per gli autonomi dovrebbe arrivare un secondo assegno (in automatico) di 800 euro. Il nuovo decreto permetter\u00e0 dal 4 maggio la possibilit\u00e0 della vendita del cibo da asporto, in Veneto questo \u00e8 possibile gi\u00e0 da alcuni giorni, inoltre saranno concesse le passeggiate oltre la prossimit\u00e0 dell&#8217;abitazione, in Friuli Venezia Giulia il presidente Fedriga ha anticipato i tempi e questo sar\u00e0 possibile gi\u00e0 da oggi. Il Alto Adige il presidente\u00a0 Kompatscher concede l&#8217;uso della bicicletta senza alcun vincolo. A proposito delle nuove ordinanze venete il presidente\u00a0 Luca Zaia \u00e8 convinto di aver agito nella legalit\u00e0 e in coerenza con le decisioni del governo. L&#8217;avvocato regionale, Franco Botteon, ha preparato un prospetto sinottico, suddiviso per argomenti, con tutti i provvedimenti emanati dal governo di Giuseppe Conte e dal Veneto, con tanto di confronto con le altre Regioni. <em>\u00abCos\u00ec &#8211; ha detto Zaia &#8211; facciamo anche uscire di scena tutte le leggende metropolitane che leggo che non hanno nessun senso di essere non solo scritte, ma neanche dichiarate. I prefetti rappresentano il governo, o i veneti? Dovrebbero riconoscere che l&#8217;ordinanza \u00e8 stata fatta recependo le indicazioni del Governo. Capisco le loro difficolt\u00e0, ma io non so cosa farci.<\/em> <em>Nessun conflitto. Capisco la loro preoccupazione. La nostra ordinanza resta in vigore finch\u00e9 un tribunale dir\u00e0 di no. Se ci sar\u00e0 un ricorso, andremo l\u00e0 con le carte e diremo di aver fatto quel che ci ha detto lo Stato\u00bb. <\/em>In Italia ieri sono tornati ad aumentare i malati, non succedeva da cinque giorni, per la prima volta dall&#8217;inizio della pandemia l&#8217;incremento dei decessi ha fatto segnare un calo importante, ieri la met\u00e0 di sabato e degli altri giorni della settimana. In Veneto ieri si sono registrati &#8220;solo&#8221; 80 contagi, un record dall&#8217;inizio dell&#8217;emergenza ma va anche ricordato che era il ponte del 25 aprile quindi al rallentamento dei contagi corrisponde probabilmente anche un rallentamento dei tamponi e come sempre i contagi sono direttamente proporzionali al numero di test. Il calo dei positivi (-294), dei pazienti in area non critica (-8),\u00a0 in terapia intensiva (-5) e in quarantena (-279) confermamo comunque il trend.\u00a0 Aumentano i dimessi (+19) e i guariti (+347). Ancora tanti i morti: 19 negli ospedali nelle ultime ventiquattr&#8217;ore. In Provincia altra giornata drammatica con 3 decessi nelle ultime 24 ore. All\u2019ospedale di comunit\u00e0 di Belluno, nella nottata del 25 aprile,\u00a0 si \u00e8 spento un uomo di 78 anni ricoverato nel reparto Medicina (area a bassa intensit\u00e0). In mattinata ci ha lasciato una nonna di 91 anni ricoverata in Pneumologia. Nel pomeriggio si \u00e8 spento un uomo di 88 anni ricoverato in Malattie Infettive. Tra le vittime anche due fratelli di Trichiana ospiti della casa di riposo, morti a distanza di sette ore tra la Rsa di Trichiana e la\u00a0 pneumologia covid del San Martino. Il totale\u00a0 dei morti in provincia \u00e8 salito a 77. Nessuna variazione nei ricoveri in ospedale, i pazienti ricoverati sono 96 compresi i 12 trasferiti dalle case di riposo all&#8217;ospedale di Agordo diventato ospedale covid, 31 i ricoverati sotto all&#8217;Agner, 42 al San Martino in area non critica, 7 in terapia intensiva, dall&#8217;inizio dell&#8217;emergenza sono stati dimessi 114 pazienti. Tanti i tamponi in questi ultimi giorni, 498 in pi\u00f9 nelle ultime 24 ore a Belluno (totale 17.182), persone\u00a0 in quarantena sono 1250, rispetto a sabato 54 in meno.<\/p>\n<p>&nbsp;<\/p>\n<p>&nbsp;<\/p>\n<h2><\/h2>\n<h2><\/h2>\n<h2><\/h2>\n<hr \/>\n<h2>FASE 2: LA CONFERENZA STAMPA DI GIUSEPPE CONTE, PRESIDENTE DEL CONSIGLIO DEI MINISTRI<\/h2>\n<p><span style=\"color: #ff0000;\">LEGGI LA CONFERENZA STAMPA DI CONTE<\/span><\/p>\n<p>Grazie ai vostri sacrifici siamo riusciti a contenere la pandemia anche quando sembrava sfuggirci di mano, grazie da nord a sud, nella fase 2 la curva del contagio potr\u00e0 risalire ma ci assumiamo il rischio con metodo e rigore, per questo sar\u00e0 imporante mantenere le distanze e il comportamento responsabile. Se vuoi bene all&#8217;Italia non avvicinarti, rispetta il metro di sicurezza, fondamentale, anche nelle relazioni fondamentali con i parenti. Sono precauzioni da rispettare, gli scienziati ci dicono che un contagiato su quattro si contagia in famiglia. Se non rispettiamo la distanza e le precauzioni la curva risalir\u00e0 e andr\u00e0 fuori controlli, aumenteranno i defunti e i danni saranno irreversibili per l&#8217;economia SE AMI L&#8217;ITALIA MANTIENI LE DISTANZE Il Governo vigiler\u00e0 che non risalga la curva, pronto a intervenire in modo rapido e tempestivo e abbiamo predisposto un meccanisimo che ci permetta di intervenire. Stiamo tutti affrontando una prova molto dura e ci aspetta una sfid complessa. Dopo settimane di rinunce tutti vorrebbero un allentamento. Possiamo anche reagire negativamente con la rabbia prendendocela con chiunque, famiglia, politici, europa, governo, stampa, non mancano le occasioni. Ma si puo&#8217; anche scacciare il risentimento e pensare a cosa ognuno puo&#8217; fare per una rapida ripresa. Tutti indistintamente, dobbiamo gettare le basi per la ripartenza e rimboccarci le maniche. Il Governo con la stagione intensa di riforme far\u00e0 la sua parte, cambier\u00e0 le cose che da tempo non vanno. Con la squadra dei Ministri non ci tiriamo indietro ne&#8217; in Italia ne&#8217; in Europa Il piano parte dal 4 maggio ed \u00e8 ben pensato, dovr\u00e0 essere maturato per metterlo a frutto nel modo migliore. Il dottor Colao guida gli esperti. Conviveremo con il virus con le protezioni individuali, sollecitato il commissario Arcuri per fermare il prezzo delle mascherine non sono concesse speculazioni, si a remunuerare le imprese con un piccolo margine di guadagno. Forte impegno di eliminare l&#8217;iva. Il prezzo attorno a 0.50 euro per le mascherine chirurgiche. In consiglio europeo passo avanti che sembrava impensabile il recovery found garantisce risposte comuni con varie iniziative. E&#8217; uno strumento innovativo che aiuta i paesi pi\u00f9 colpiti (Italia) nel segno della solidariet\u00e0. C&#8217;\u00e8 convergenza all&#8217;unanimit\u00e0 come nell&#8217;ultimo consiglio europeo. Se l&#8217;Italia non poneva questa condizioni non avremo mai ottenuto questo storico risultato. Siamone tutti orgogliosi \u00e8 il sistema Italia che ha sollecitato e ottenuto questa riposta. Io sono la punta del sistema, se non davano questa prova di carattere e orgoglio non avrei mai conseguito questo risultato. Un passo avanti ora andiamo al traguardo finale. Dobbiamo tradurre e confermare il lavoro tecnico riempendolo di consistenza economica. Stiamo lavorando per le misure economiche so che alcuni sono insoddisfatti ma fin&#8217;ora lo sforzo \u00e8 stato notevole. Per il baby sitting 78 mila domandi 273 mila congedi famigliri, 3,5 milioni di bonuso per autonomi. Alcuni attendono ci sono ritardi e mi scuso, ma ci sono 11 mila domande cassa integrazione compresa, situazione senza precedenti, una lavoro di norma trattato in 5 anni, pratiche evase in un mese. Ci sono ritardi per la cassa integrazione in deroga ma serve il contributo delle Regioni alcune non hanno fatto pervenire i flussi o solo parzialmente. Poi si potr\u00e0 erogare quanto dovuto. Le imprese, il paese non riparte se non puntiamo sulle imprese. Siamo allo studio e saranno giorni intensi per intervenire. Abbiamo con il nuovo decreto da 55 miliardi piu&#8217; fondi per gli autonomi chi ha avuto il bonus da 600 euro stiamo cercando di rinnovarlo automaticamente con un clic. Piu&#8217; aiuti alle imprese. Partiamo da un sostegno poderoso all&#8217;attivit\u00e0 d&#8217;impresa, non piu&#8217; sussidiati ma piu&#8217; preoccupati. Ci saranno finanziamenti a fondo perduto, contributi vari, taglio al costo delle bollette. Non dimentichiamo il turismo che non riuscir\u00e0 a rimediare ai danni subiti, non lasceremo gli operatori soli producono il 13% del Pil ed hanno bisogno di sostegno. Prepariao il decreto sblocca paese. Ci stanno guardando a livello internazionle, mostrano tutti solidariet\u00e0 e sostegno morale ma anche ammirazione. Che il nuovo provvedimento con regole studiate faccia ammirare l&#8217;Italia per far correre il paese<\/p>\n<p>IL CONTENUTO DEL DECRETO<br \/>\nLe misure entrano in vigore dal 4 maggio e per due settimane successive fino al 18, conferma generalizzata per spostamenti all&#8217;interno della Regione per motivi di salute e lavoro, possibilit\u00e0 di spostamenti mirati per far visita a congiunti, molte famiglie separate (figli &#8211; genitori) consentiamo le visite mirate fatte nel rispetto delle distanze con mascherine e divieto di assembramento no ai party privati e ritrovi di famiglia. Nelle Regione consentiti spostamenti come ora divieto di spostarsi in Regione diverse da dove si trovano. Tra Regioni solo trasferimento per le solite esigenze urgenti (lavoro e salute) rientro presso il proprio domicilio concesso. Regola stringente per chi ha infezioni respiratore e febbre (37,5) devono rimanere nel domicilio e avvisare il medico. No ad assembramenti in luoghi pubblici o privati. Il sindaco puo&#8217; chiudere anche determinate aree, consentito accessi a parchi, ville, giardini pubblici con le distanze e contingentamento, decideranno i sindaci chiuderanno se non riecono a vigilare. Attivit\u00e0 sportiva e motoria fino ad oggi solo nei pressi di casa, dal 4 maggio ci si puo&#8217; allontanare ma attivit\u00e0 sportiva rispettando la distanza di 2 metri uno dall&#8217;altro, semplice attivit\u00e0 motoria 1 metro. Attivit\u00e0 sportive per una graduale ripresa nel rispetto delle esigenze della salute. Si alle sessioni allenamenti professionisti e non riconosciuti da Coni e Federazioni, ma nel rispetto delle norme di distanziamento sociale ed a porte chiuse solo per sport individuali (a squadre dal 18 maggio). Cerimonie funebri il comitato \u00e8 molto rigido, apertura per le cerimonie funebri perch\u00e9 ha addolorato tutti la morte delle persone senza la possibilit\u00e0 dei una preghiera. Dal 4 potranno partecipare solo congiunti fino a 15 persone all&#8217;aperto con mascherine e misure di distanziamento sociale. Nelle prossime settimane altre prescrizioni per allargare ad altre cerimonie. Dal 4 maggio consentita attivit\u00e0 di ristorazione con asporto, che nessuno pensi ci si possa assembrare davanti a bar e ristoranti in fila, distanti, si entra uno alla volta e il cibo si consuma altrove. Attivit\u00e0 produttive arriva la svolta riaprono dal 4 maggio la manifattura, costruzioni, commercio all&#8217;ingrosso funzionale alle costruzioni con un piano articolato. Consentita la riapertura purche&#8217; nel rispetto dei protocolli di sicurezza sul posto di lavoro, il 24 aprile ne \u00e8 stato scritto uno ancora pi\u00f9 ristrutturato. Messaggio alle aziende: recuperate il protocollo e iniziate a lavorare perche&#8217; anche prima del 4 maggio consentita l&#8217;attivit\u00e0 per poter poi iniziare a lavorare. Flussi di lavoratori che si spostano, protocollo di sicurezza per le aziende di trasporto, tutti predispongano il rispetto del protocollo. Ultimo protocollo sui cantieri. Con queste rigorose prescrizioni allentiamo il lockdown per il 4 maggio ma teniamo la situazione sotto controllo le Regioni dovranno collaborare ancora di piu&#8217; e ogni giorno informarci della curva epidemiologica e l&#8217;adeguatezza del sistema sanitario regionale. Si potr\u00e0 elaborare le situazioni critiche. Dopo 3 giorni il Ministro della Salute indicher\u00e0 le soglie sentinella sulla base di questi parametri per intervenire in situazioni critiche circoscritte qui chiuderemo il rubinetto non ammetteremo che il contagio ci sfugga di mano ma ci assumiamo il rischio della riapertura con le precauzioni del caso. Anticipo l&#8217;indirizzo chiaro del Governo, anticipo alcuni dettagli: 18 maggio riapertura del commercio al dettaglio e costruzioni, riapertura di musei, mostre biblioteche e allenamenti a squadre in campo sportivo. 1 giugno data riapertura bar, ristorazione, parrucchieri, massaggi, barbieri e centri estetici.E&#8217; un programma a tappe ci interesseremo anche degli stabilimenti balneari<\/p>\n<p><span style=\"color: #ff00ff;\">DOMANDE<\/span><\/p>\n<p>ENTRIAMO NELLA FASE 2 LEI HA PARLATO DA SUBITO DI TRE FASI, SIAMO NELLA SECONDA CON TUTTE LE INCOGNITE E PRECAUZIONI DEL CASO. LA FASE 3 SI RAGGIUNGE CON QUALI CRITERI?<br \/>\nUna fase per volta. Gi\u00e0 la 2 ci impegna, la fase 3 per contagi zero servir\u00e0 il vaccino e diventa difficile programmarla. Dobbiamo avviarci per la 2, programmare un rallentamento del lockdown e far ripartire il paese. La convivenza con il virus dipende dall&#8217;equazione scientifica. Per ora ci sono solo previsioni generiche della fase dell&#8217;uscita.<\/p>\n<p>FASE 2, ALLA LUCE DEL RIENTRO AL LAVORO DI TANTI GENITORI CON LE SCUOLE CHIUSE NON C&#8217;E&#8217; IL RISCHIO DI UN GRANDE PROBLEMA PER I GENITORI? PER TANTE FAMIGLIE GLI STRUMENTI GOVERNATIVI NON BASTANO E I NONNI SONO PERSONE A RISCHIO. PARLIAMO DI 1 MILIONE DI ITALIANI<br \/>\nScuola, ragionevolmente scuole chiuse fino a fine anno scolastico, avremo anche una nuova esplosione in una o due settimane e non possiamo permetterci di rischiare con le scuole. In questo momento abbiamo elaborato un rischio calcolato e non possiamo riaprire le scuole. Non rimaniamo inermi la Ministra Azzolina sta lavorando per ripartire al meglio a settembre. Funziona bene l&#8217;attivit\u00e0 a distanza grazie a tutti. Ora stiamo valutando gli esami di stato, consentiti in conferenza personale in piena sicurezza. Il Governo ha assunto un impegno di far svolgere i concorsi per assumere 24mila insegnanti precari e 36mila giovani aspiranti. Impegno che vogliamo portare a termine. C&#8217;\u00e8 qualche dubbio ma invito a non perdere questa occasione. Congedo straordinario e buono baby sitting saranno riproposti<\/p>\n<p>ATTIVITA&#8217; SPORTIVE CALCIO DI SERIE A PUO&#8217; RIPRENDERE?<br \/>\nSono un appassionato di calcio come tanti italiani, mi sembrava strano potesse essere interrotto ma ci siamo ritrovati nell&#8217;emergenza e tutti anche i tifosi hanno capito che non c&#8217;erano alternative. Da domani si lavorer\u00e0 con gli esperti e il sistema calcio per trovare un percorso definito. 4 maggio allenamenti individuali, dal 18 a squadra poi valuteremo se i campionati possono terminare. Ora dobbiamo completare le varie interlocuzioni per un quadro d&#8217;assieme.<\/p>\n<p>AUTOCERTIFICAZIONI PER GLI SPOSTAMENTI TRA COMUNI? RIENTRI ANCHE TRA REGIONI DIVERSE?<br \/>\nRientro lo consentiamo in ogni caso perch\u00e9 ci sono persone bloccate. L&#8217;autocertificazione, ho visto tante ironie sul web e comprendo che i moduli sono stati modificati, \u00e8 chiaro che nel momento in cui il regime rimane limitato non si puo&#8217; abbandonare \u00e8 uno strumento rapido di auto dichiarazione. Fino a quando ci saranno ragioni da giustificare lo spostamento ci sar\u00e0 l&#8217;autocertificazione. E&#8217; indicativo del fatto che con il nuovo provvedimento non e&#8217; un &#8220;libera tutti&#8221;. Non possiamo permetterci di dire si esce liberamente. E&#8217; un regime molto pesante pero&#8217; ci deve essere sempre un motivo per spostarsi<\/p>\n<p>NEGOZIATO EUROPEO HA INTENZIONE DI PORTARE IN PARLAMENTO IL VOTO SUL PACCHETTO.<br \/>\nTra un po&#8217; tornero&#8217; a informare il Parlamento ci sar\u00e0 interlocuzione costante e valuteremo come si esprimer\u00e0<\/p>\n<p><iframe loading=\"lazy\" title=\"Fase due, conferenza stampa del Presidente Conte\" width=\"1200\" height=\"675\" src=\"https:\/\/www.youtube.com\/embed\/tXxQBLNZZqA?feature=oembed\" frameborder=\"0\" allow=\"accelerometer; autoplay; clipboard-write; encrypted-media; gyroscope; picture-in-picture\" allowfullscreen><\/iframe><\/p>\n<p>&nbsp;<\/p>\n<hr \/>\n<p>&nbsp;<\/p>\n<blockquote class=\"wp-embedded-content\" data-secret=\"aXdaurnUOm\"><p><a href=\"https:\/\/www.radiopiu.net\/wordpress\/tutte-le-curve-in-discesa-ma-non-quella-dei-decessi-aggiornamento-azienda-zero-26-aprile-2020\/\">TUTTE LE CURVE IN DISCESA MA NON QUELLA DEI DECESSI : AGGIORNAMENTO AZIENDA ZERO 26 APRILE 2020<\/a><\/p><\/blockquote>\n<p><iframe loading=\"lazy\" title=\"&#8220;TUTTE LE CURVE IN DISCESA MA NON QUELLA DEI DECESSI : AGGIORNAMENTO AZIENDA ZERO 26 APRILE 2020&#8221; &#8212; Radio Pi\u00f9\" class=\"wp-embedded-content\" sandbox=\"allow-scripts\" security=\"restricted\" style=\"position: absolute; clip: rect(1px, 1px, 1px, 1px);\" src=\"https:\/\/www.radiopiu.net\/wordpress\/tutte-le-curve-in-discesa-ma-non-quella-dei-decessi-aggiornamento-azienda-zero-26-aprile-2020\/embed\/#?secret=aXdaurnUOm\" data-secret=\"aXdaurnUOm\" width=\"600\" height=\"338\" frameborder=\"0\" marginwidth=\"0\" marginheight=\"0\" scrolling=\"no\"><\/iframe><\/p>\n<p>&nbsp;<\/p>\n<hr \/>\n<p>&nbsp;<\/p>\n<blockquote>\n<h3>AGGIORNAMENTO ULSS 1 DOLOMITI 26 APRILE 2020<\/h3>\n<\/blockquote>\n<p><strong>BELLUNO<\/strong>\u00a0GLI AGGIORNAMENTI DALLA ULSS 1 DOLOMITI<\/p>\n<p><strong>SORVEGLIANZA SANITARIA COVID-19\u00a0<\/strong>Numero totale tamponi effettuati per ricerca nCoV al 26 aprile 2020 <strong>17.182 (+ 498) <\/strong>Persone residenti in Ulss Dolomiti in isolamento domiciliare fiduciario e sorveglianza attiva al 26 aprile 2020: <b>1.250 (- 54 rispetto ieri) <\/b>Alcuni tamponi sono stati effettuati pi\u00f9 volte sulle stesse persone<\/p>\n<p><a class=\"dt-pswp-item\" href=\"https:\/\/www.radiopiu.net\/wordpress\/wp-content\/uploads\/2020\/04\/Schermata-2020-04-26-alle-18.56.08.png\" data-dt-img-description=\"\" data-large_image_width=\"1354\" data-large_image_height=\"1690\"><img loading=\"lazy\" decoding=\"async\" class=\"alignnone wp-image-133181 \" src=\"https:\/\/www.radiopiu.net\/wordpress\/wp-content\/uploads\/2020\/04\/Schermata-2020-04-26-alle-18.56.08-820x1024.png\" alt=\"\" width=\"319\" height=\"398\" srcset=\"https:\/\/www.radiopiu.net\/wordpress\/wp-content\/uploads\/2020\/04\/Schermata-2020-04-26-alle-18.56.08-820x1024.png 820w, https:\/\/www.radiopiu.net\/wordpress\/wp-content\/uploads\/2020\/04\/Schermata-2020-04-26-alle-18.56.08-240x300.png 240w, https:\/\/www.radiopiu.net\/wordpress\/wp-content\/uploads\/2020\/04\/Schermata-2020-04-26-alle-18.56.08-768x959.png 768w, https:\/\/www.radiopiu.net\/wordpress\/wp-content\/uploads\/2020\/04\/Schermata-2020-04-26-alle-18.56.08-1231x1536.png 1231w, https:\/\/www.radiopiu.net\/wordpress\/wp-content\/uploads\/2020\/04\/Schermata-2020-04-26-alle-18.56.08.png 1354w\" sizes=\"auto, (max-width: 319px) 100vw, 319px\" \/><\/a><\/p>\n<p>&nbsp;<\/p>\n<p>&nbsp;<\/p>\n<hr \/>\n<p>&nbsp;<\/p>\n<blockquote>\n<h3>CORONAVIRUS: TRE DECESSI IN 24 ORE<\/h3>\n<\/blockquote>\n<p><strong><a class=\"dt-pswp-item\" href=\"https:\/\/www.radiopiu.net\/wordpress\/wp-content\/uploads\/2020\/03\/covid-ulss.jpg\" data-dt-img-description=\"\" data-large_image_width=\"800\" data-large_image_height=\"600\"><img loading=\"lazy\" decoding=\"async\" class=\"size-medium wp-image-121260 alignleft\" src=\"https:\/\/www.radiopiu.net\/wordpress\/wp-content\/uploads\/2020\/03\/covid-ulss-300x225.jpg\" alt=\"\" width=\"300\" height=\"225\" srcset=\"https:\/\/www.radiopiu.net\/wordpress\/wp-content\/uploads\/2020\/03\/covid-ulss-300x225.jpg 300w, https:\/\/www.radiopiu.net\/wordpress\/wp-content\/uploads\/2020\/03\/covid-ulss-768x576.jpg 768w, https:\/\/www.radiopiu.net\/wordpress\/wp-content\/uploads\/2020\/03\/covid-ulss.jpg 800w\" sizes=\"auto, (max-width: 300px) 100vw, 300px\" \/><\/a><\/strong><\/p>\n<p><strong>BELLUNO<\/strong> Sono 3 i decessi negli ospedali bellunesi ieri. All\u2019ospedale di comunit\u00e0 di Belluno, nella nottata del 25 aprile,\u00a0 si \u00e8 spento un uomo di 78 anni ricoverato nel reparto Medicina (area a bassa intensit\u00e0) e residente in Ulss Dolomiti. In mattinata ci ha lasciato una nonna di 91 anni ricoverata in Pneumologia Covid, anchessa residente in Ulss Dolomiti. Nel pomeriggio il terzo decesso. E\u2019 volato in cielo un uomo di 88 anni ricoverato in Malattie Infettive dell\u2019ospedale di Belluno<\/p>\n<p><strong>57 DECESSI NEGLI OSPEDALI BELLUNESI DAL 21 FEBBRAIO<\/strong> Ospedale San Martino di Belluno 39 (+2), Feltre 6, Belluno Ospedale di Comunit\u00e0 10 (+ 1), Agordo 1 e Pieve di Cadore 1.<\/p>\n<p><strong>\u00a0<\/strong><\/p>\n<p>&nbsp;<\/p>\n<hr \/>\n<p>&nbsp;<\/p>\n<blockquote class=\"wp-embedded-content\" data-secret=\"c4hdgZ6vdn\"><p><a href=\"https:\/\/www.radiopiu.net\/wordpress\/aggiornamento-assessorato-protezione-civile-26-aprile-2020\/\">AGGIORNAMENTO ASSESSORATO PROTEZIONE CIVILE 26 APRILE 2020<\/a><\/p><\/blockquote>\n<p><iframe loading=\"lazy\" title=\"&#8220;AGGIORNAMENTO ASSESSORATO PROTEZIONE CIVILE 26 APRILE 2020&#8221; &#8212; Radio Pi\u00f9\" class=\"wp-embedded-content\" sandbox=\"allow-scripts\" security=\"restricted\" style=\"position: absolute; clip: rect(1px, 1px, 1px, 1px);\" src=\"https:\/\/www.radiopiu.net\/wordpress\/aggiornamento-assessorato-protezione-civile-26-aprile-2020\/embed\/#?secret=c4hdgZ6vdn\" data-secret=\"c4hdgZ6vdn\" width=\"600\" height=\"338\" frameborder=\"0\" marginwidth=\"0\" marginheight=\"0\" scrolling=\"no\"><\/iframe><\/p>\n<p><strong>L&#8217;INTERVENTO DI GIANPAOLO BOTTACIN IERI SERA A RADIO PIU&#8217;<\/strong><\/p>\n<audio class=\"wp-audio-shortcode\" id=\"audio-133106-1\" preload=\"none\" style=\"width: 100%;\" controls=\"controls\"><source type=\"audio\/mpeg\" src=\"https:\/\/www.radiopiu.net\/wordpress\/wp-content\/uploads\/2020\/04\/bottacin-4.mp3?_=1\" \/><a href=\"https:\/\/www.radiopiu.net\/wordpress\/wp-content\/uploads\/2020\/04\/bottacin-4.mp3\">https:\/\/www.radiopiu.net\/wordpress\/wp-content\/uploads\/2020\/04\/bottacin-4.mp3<\/a><\/audio>\n<p>&nbsp;<\/p>\n<hr \/>\n<p>&nbsp;<\/p>\n<blockquote>\n<h3>DATI E GRAFICI DEL GIORNO, PROVINCIA \u2013 REGIONE 26 APRILE 2020<\/h3>\n<\/blockquote>\n<p><strong>Con la collaborazione di Tiziano De Col<\/strong><\/p>\n<p>La Provincia di Belluno fa segnare ancora un incremento di positivi, anche oggi\u00a0 inferiore alla media del Veneto. La provincia mette in evidenza il rapporto contagi\/popolazione pi\u00f9 alto in Veneto.<\/p>\n<p><a class=\"dt-pswp-item\" href=\"https:\/\/www.radiopiu.net\/wordpress\/wp-content\/uploads\/2020\/04\/Schermata-2020-04-26-alle-18.58.34.png\" data-dt-img-description=\"\" data-large_image_width=\"720\" data-large_image_height=\"452\"><img loading=\"lazy\" decoding=\"async\" class=\"alignnone size-medium wp-image-133183\" src=\"https:\/\/www.radiopiu.net\/wordpress\/wp-content\/uploads\/2020\/04\/Schermata-2020-04-26-alle-18.58.34-300x188.png\" alt=\"\" width=\"300\" height=\"188\" srcset=\"https:\/\/www.radiopiu.net\/wordpress\/wp-content\/uploads\/2020\/04\/Schermata-2020-04-26-alle-18.58.34-300x188.png 300w, https:\/\/www.radiopiu.net\/wordpress\/wp-content\/uploads\/2020\/04\/Schermata-2020-04-26-alle-18.58.34.png 720w\" sizes=\"auto, (max-width: 300px) 100vw, 300px\" \/><\/a><a class=\"dt-pswp-item\" href=\"https:\/\/www.radiopiu.net\/wordpress\/wp-content\/uploads\/2020\/04\/56465b3c-724f-4dea-8f52-5219a375e627.jpg\" data-dt-img-description=\"\" data-large_image_width=\"870\" data-large_image_height=\"415\"><img loading=\"lazy\" decoding=\"async\" class=\"alignnone wp-image-133184\" src=\"https:\/\/www.radiopiu.net\/wordpress\/wp-content\/uploads\/2020\/04\/56465b3c-724f-4dea-8f52-5219a375e627-300x143.jpg\" alt=\"\" width=\"386\" height=\"184\" srcset=\"https:\/\/www.radiopiu.net\/wordpress\/wp-content\/uploads\/2020\/04\/56465b3c-724f-4dea-8f52-5219a375e627-300x143.jpg 300w, https:\/\/www.radiopiu.net\/wordpress\/wp-content\/uploads\/2020\/04\/56465b3c-724f-4dea-8f52-5219a375e627-768x366.jpg 768w, https:\/\/www.radiopiu.net\/wordpress\/wp-content\/uploads\/2020\/04\/56465b3c-724f-4dea-8f52-5219a375e627.jpg 870w\" sizes=\"auto, (max-width: 386px) 100vw, 386px\" \/><\/a><a class=\"dt-pswp-item\" href=\"https:\/\/www.radiopiu.net\/wordpress\/wp-content\/uploads\/2020\/04\/ce6fee4e-61ac-420f-b9f9-7d804701f4c6.jpg\" data-dt-img-description=\"\" data-large_image_width=\"716\" data-large_image_height=\"340\"><img loading=\"lazy\" decoding=\"async\" class=\"alignnone wp-image-133185\" src=\"https:\/\/www.radiopiu.net\/wordpress\/wp-content\/uploads\/2020\/04\/ce6fee4e-61ac-420f-b9f9-7d804701f4c6-300x142.jpg\" alt=\"\" width=\"387\" height=\"183\" srcset=\"https:\/\/www.radiopiu.net\/wordpress\/wp-content\/uploads\/2020\/04\/ce6fee4e-61ac-420f-b9f9-7d804701f4c6-300x142.jpg 300w, https:\/\/www.radiopiu.net\/wordpress\/wp-content\/uploads\/2020\/04\/ce6fee4e-61ac-420f-b9f9-7d804701f4c6.jpg 716w\" sizes=\"auto, (max-width: 387px) 100vw, 387px\" \/><\/a><\/p>\n<p>&nbsp;<\/p>\n<p>&nbsp;<\/p>\n<hr \/>\n<p>&nbsp;<\/p>\n<h2>LEGGI LA CONFERENZA DI LUCA ZAIA<\/h2>\n<p><strong>Lo stress \u00e8 pericoloso &#8230; evitiamo di stressare la gente con tutti i rompipalle che conosciamo&#8230;<\/strong><\/p>\n<p><em>Non abbiamo inventato nulla, nessuna polemica rispetto le idee di tutti ma ho l&#8217;obbligo di difendere il lavoro del team, I veneti rispettano le regole ieri non ho visto scampagnate sul Piave. Oggi cabina di regia, alle ore 19 conferenza dei governatori. forse apriranno alcune imprese domani 27 aprile. Indiscrezioni dicono che la fase 2 stia di fatto prendendo sempre pi\u00f9 corpo. Potrebbe arrivare un Dcpm a notte tarda o domani mattina. La riapertura \u00e8 comunque competenza nazionale.<\/em><\/p>\n<p><strong>ORDINANZA<\/strong>: <strong>Cibi asporto<\/strong> nessun divieto da parte del Governo, si potr\u00e0 sempre uscire per acquistare generi alimentari (capitolo sportamenti) ha ammesso l&#8217;asporto per gli autogrill, La Regione ha permesso il consumo a domiclio come Emilia Romagna e Marche previa prenotazione<br \/>\n<strong>Cimiteri,<\/strong> nessuna chiusura del Governo ma circolare ministeriale non potrebbe essere altrimenti, il Governo non ha chiuso le chiese ma ha fermato le celebrazioni quindi per la propriet\u00e0 transitiva il cimitero non \u00e8 mati stato chiuso con DPCM. La Regione ha fatto l&#8217;ordinanza con tutte le regole le altre Regioni a macchia di leopardo, Assisi mai stato chiuso. <strong>Fiorerie<\/strong> vengono aperte dalla Regione e da una circolare governativa. Vestiti per bambini Dpcm che prevede l&#8217;apertura come per le cartolerie e la Regione si \u00e8 adeguata cos\u00ec come per le librerie.<strong> Orti<\/strong> il Governo della Faq ammette l&#8217;auto produzione &#8211; anche fuori Comune &#8211; ma non nelle seconde case. <strong>Lavori boschivi<\/strong> Nessuna disposizione dal Governo che con le Faq si dichiara favorevole. <strong>Lavori edilizi<\/strong> minori il Governo dice esclusa la costruzione tutto il resto ammesso. La Regione ha leggittimato le opere minori di filiera.<\/p>\n\n\t\t\t<style type='text\/css'>\n\t\t\t\t#gallery-1 {\n\t\t\t\t\tmargin: auto;\n\t\t\t\t}\n\t\t\t\t#gallery-1 .gallery-item {\n\t\t\t\t\tfloat: left;\n\t\t\t\t\tmargin-top: 10px;\n\t\t\t\t\ttext-align: center;\n\t\t\t\t\twidth: 33%;\n\t\t\t\t}\n\t\t\t\t#gallery-1 img {\n\t\t\t\t\tborder: 2px solid #cfcfcf;\n\t\t\t\t}\n\t\t\t\t#gallery-1 .gallery-caption {\n\t\t\t\t\tmargin-left: 0;\n\t\t\t\t}\n\t\t\t\t\/* see gallery_shortcode() in wp-includes\/media.php *\/\n\t\t\t<\/style>\n\t\t<div id='gallery-1' class='dt-gallery-container gallery galleryid-133106 gallery-columns-3 gallery-size-thumbnail'><dl class='gallery-item'>\n\t\t\t\t<dt class='gallery-icon landscape'>\n\t\t\t\t\t<a class=\"rollover\" href='https:\/\/www.radiopiu.net\/wordpress\/conferenza-stampa-del-presidente-del-veneto-luca-zaia-26-aprile-2020\/caa34e34-8a00-43f9-9fef-48a973988de0\/'><img loading=\"lazy\" decoding=\"async\" width=\"150\" height=\"150\" src=\"https:\/\/www.radiopiu.net\/wordpress\/wp-content\/uploads\/2020\/04\/caa34e34-8a00-43f9-9fef-48a973988de0-150x150.jpg\" class=\"attachment-thumbnail size-thumbnail\" alt=\"\" \/><\/a>\n\t\t\t\t<\/dt><\/dl><dl class='gallery-item'>\n\t\t\t\t<dt class='gallery-icon landscape'>\n\t\t\t\t\t<a class=\"rollover\" href='https:\/\/www.radiopiu.net\/wordpress\/conferenza-stampa-del-presidente-del-veneto-luca-zaia-26-aprile-2020\/e56a12f1-dbcd-4558-aa1d-f843a450fe2c\/'><img loading=\"lazy\" decoding=\"async\" width=\"150\" height=\"150\" src=\"https:\/\/www.radiopiu.net\/wordpress\/wp-content\/uploads\/2020\/04\/e56a12f1-dbcd-4558-aa1d-f843a450fe2c-150x150.jpg\" class=\"attachment-thumbnail size-thumbnail\" alt=\"\" \/><\/a>\n\t\t\t\t<\/dt><\/dl><dl class='gallery-item'>\n\t\t\t\t<dt class='gallery-icon landscape'>\n\t\t\t\t\t<a class=\"rollover\" href='https:\/\/www.radiopiu.net\/wordpress\/conferenza-stampa-del-presidente-del-veneto-luca-zaia-26-aprile-2020\/5498c004-55b4-4eb7-a47f-ce1a290012f4\/'><img loading=\"lazy\" decoding=\"async\" width=\"150\" height=\"150\" src=\"https:\/\/www.radiopiu.net\/wordpress\/wp-content\/uploads\/2020\/04\/5498c004-55b4-4eb7-a47f-ce1a290012f4-150x150.jpg\" class=\"attachment-thumbnail size-thumbnail\" alt=\"\" \/><\/a>\n\t\t\t\t<\/dt><\/dl><br style=\"clear: both\" \/><dl class='gallery-item'>\n\t\t\t\t<dt class='gallery-icon landscape'>\n\t\t\t\t\t<a class=\"rollover\" href='https:\/\/www.radiopiu.net\/wordpress\/conferenza-stampa-del-presidente-del-veneto-luca-zaia-26-aprile-2020\/9fd00a64-18e7-4081-a6e6-304be2606d60\/'><img loading=\"lazy\" decoding=\"async\" width=\"150\" height=\"150\" src=\"https:\/\/www.radiopiu.net\/wordpress\/wp-content\/uploads\/2020\/04\/9fd00a64-18e7-4081-a6e6-304be2606d60-150x150.jpg\" class=\"attachment-thumbnail size-thumbnail\" alt=\"\" \/><\/a>\n\t\t\t\t<\/dt><\/dl><dl class='gallery-item'>\n\t\t\t\t<dt class='gallery-icon landscape'>\n\t\t\t\t\t<a class=\"rollover\" href='https:\/\/www.radiopiu.net\/wordpress\/conferenza-stampa-del-presidente-del-veneto-luca-zaia-26-aprile-2020\/189919e6-5644-4ffd-8c48-be9ada1b310a\/'><img loading=\"lazy\" decoding=\"async\" width=\"150\" height=\"150\" src=\"https:\/\/www.radiopiu.net\/wordpress\/wp-content\/uploads\/2020\/04\/189919e6-5644-4ffd-8c48-be9ada1b310a-150x150.jpg\" class=\"attachment-thumbnail size-thumbnail\" alt=\"\" \/><\/a>\n\t\t\t\t<\/dt><\/dl><dl class='gallery-item'>\n\t\t\t\t<dt class='gallery-icon landscape'>\n\t\t\t\t\t<a class=\"rollover\" href='https:\/\/www.radiopiu.net\/wordpress\/conferenza-stampa-del-presidente-del-veneto-luca-zaia-26-aprile-2020\/32a2c0ab-459b-4191-a600-8d0d65c7b77a\/'><img loading=\"lazy\" decoding=\"async\" width=\"150\" height=\"150\" src=\"https:\/\/www.radiopiu.net\/wordpress\/wp-content\/uploads\/2020\/04\/32a2c0ab-459b-4191-a600-8d0d65c7b77a-150x150.jpg\" class=\"attachment-thumbnail size-thumbnail\" alt=\"\" \/><\/a>\n\t\t\t\t<\/dt><\/dl><br style=\"clear: both\" \/><dl class='gallery-item'>\n\t\t\t\t<dt class='gallery-icon landscape'>\n\t\t\t\t\t<a class=\"rollover\" href='https:\/\/www.radiopiu.net\/wordpress\/conferenza-stampa-del-presidente-del-veneto-luca-zaia-26-aprile-2020\/cbc6ea1b-e9b3-40ab-801a-14309defe4d6\/'><img loading=\"lazy\" decoding=\"async\" width=\"150\" height=\"150\" src=\"https:\/\/www.radiopiu.net\/wordpress\/wp-content\/uploads\/2020\/04\/cbc6ea1b-e9b3-40ab-801a-14309defe4d6-150x150.jpg\" class=\"attachment-thumbnail size-thumbnail\" alt=\"\" \/><\/a>\n\t\t\t\t<\/dt><\/dl><dl class='gallery-item'>\n\t\t\t\t<dt class='gallery-icon landscape'>\n\t\t\t\t\t<a class=\"rollover\" href='https:\/\/www.radiopiu.net\/wordpress\/conferenza-stampa-del-presidente-del-veneto-luca-zaia-26-aprile-2020\/acf2054e-766f-4a5c-ba48-43289bb0c4af\/'><img loading=\"lazy\" decoding=\"async\" width=\"150\" height=\"150\" src=\"https:\/\/www.radiopiu.net\/wordpress\/wp-content\/uploads\/2020\/04\/acf2054e-766f-4a5c-ba48-43289bb0c4af-150x150.jpg\" class=\"attachment-thumbnail size-thumbnail\" alt=\"\" \/><\/a>\n\t\t\t\t<\/dt><\/dl><dl class='gallery-item'>\n\t\t\t\t<dt class='gallery-icon landscape'>\n\t\t\t\t\t<a class=\"rollover\" href='https:\/\/www.radiopiu.net\/wordpress\/conferenza-stampa-del-presidente-del-veneto-luca-zaia-26-aprile-2020\/46ba1506-ba63-433e-82fe-ddee2c79cd8e\/'><img loading=\"lazy\" decoding=\"async\" width=\"150\" height=\"150\" src=\"https:\/\/www.radiopiu.net\/wordpress\/wp-content\/uploads\/2020\/04\/46ba1506-ba63-433e-82fe-ddee2c79cd8e-150x150.jpg\" class=\"attachment-thumbnail size-thumbnail\" alt=\"\" \/><\/a>\n\t\t\t\t<\/dt><\/dl><br style=\"clear: both\" \/>\n\t\t\t<\/div>\n\n<p>&nbsp;<\/p>\n<h2>DOMANDE<\/h2>\n<p><strong>COSA SI AUGURA DALL&#8217;INCONTRO CON IL GOVERNO<\/strong> Siamo pronti ad affrontare la sfida a seconda delle indicazioni del mondo scientifico coscienti del rischio e non sar\u00e0 una passeggiata finch\u00e8 ci sar\u00e0 il viurs. Vogliamo convivere o aspettare l&#8217;ultimo giorno del virus? La comunit\u00e0 scientifica vincola il parere e dovr\u00e0 esprimersi.<\/p>\n<p><strong>SPETTACOLI VIAGGIANT<\/strong>I In sofferenza come molti altri, come quelli del comparto turistico.<\/p>\n<p><strong>CASSE IN DEROGA A QUANDO I SOLDI?<\/strong> Spero preso, che arrivino i soldi, noi siamo pronti. l Veneto ha firmato una convenzione con le banche, che sono\u00a0 bloccate in attesa di provvedimenti nazionali.<\/p>\n<p><strong>AL MARE AL LAGO<\/strong> Se lo hai davanti a casa si puo&#8217; andare con distanze di\u00a0 un metro. In acqua\u00a0 ci siamo piano piano arriviamo anche in spiaggia. Quattro metri di distanza \u00e8 oltre droplet se il Governo dice che in acqua ci puo&#8217; essere un metro \u00e8 uguale anche fuori, poi decide l&#8217;operatore ulteriori metri di distanza. Dipende dalle spiagge e densit\u00e0 di ombrelloni, ma non ammetto che uscendo dall&#8217;acqua bisogna farsi la doccia col sapone bio dregradabile molto meglio il sale dell&#8217;acqua.<\/p>\n<p><strong>MASCHERINA OBBLIGATORIA SOLO IN ALCUNI CONTESTI?<\/strong> Non ne ho parlato con i presidenti, la comunit\u00e0 scientifica deve dare indicazioni univoche, il dato degli ospedali ci dice che solo 1,3% dei medici si \u00e8 infettato quindi serve. Abbiamo notizie di coronavirus veicolato in atmosfera, dell&#8217;aerosolo mentre si parla (invisibile). Ovvio che una bella respirata di chi ti schiaffa il coronavirus mentre passi te lo respiri.<\/p>\n<p><strong>LA REGIONE E&#8217; USCITA DAI SUOI POTERI DICE IL PREFETTO DI VENEZIA\u00a0<\/strong> Dico come ho detto prima abbiamo applicato le direttive del Governo le Faq fanno giurisprudenza, se il Ministro dice che si aprono le fiorerie o la partita degli orti \u00e8 definita dal Governo i cittadini me lo fanno notare. I Prefetti hanno ragione perch\u00e9 sono in difficolt\u00e0 ma noi applichiamo le leggi.<\/p>\n<p><strong>QUANDO RIAPERTURA VISITE SPECIALISTICHE?<\/strong> Dal 4 maggio, c&#8217;\u00e8 un gruppo di lavoro per definire le modalit\u00e0 di accesso agli ospedali. SI temono le infezioni, si auspica un afflusso responsabile. Noi consegneremo mascherine all&#8217;ingresso &#8211; meglio portarsele da casa &#8211; e misureremo all&#8217;entrata la temperatura.<\/p>\n<p><strong>DISTRIBUTORI AUTOMATICI APERTI?<\/strong> Tema affrontata ordinanza 40 messo su carta indicazioni. Si se \u00e8 all&#8217;interno senza assembramenti. All&#8217;esterno tabacchi e prodotti farmaceutici senza controllo fisico.<\/p>\n<p>&nbsp;<\/p>\n<p>&nbsp;<\/p>\n<p>https:\/\/www.facebook.com\/zaiaufficiale\/videos\/546379849609805\/<\/p>\n<p>&nbsp;<\/p>\n<p>https:\/\/www.facebook.com\/zaiaufficiale\/videos\/3141663462522587<\/p>\n<p>&nbsp;<\/p>\n<p>&nbsp;<\/p>\n<hr \/>\n<p>&nbsp;<\/p>\n<p>&nbsp;<\/p>\n<blockquote>\n<h3 class=\"entry-title\">CAPITOLO \u201cDE COCCIO\u201d: UN SABATO CON 11 SANZIONI, UNA DENUNCIA E UN TITOLARE DI ESERCIZI COMMERCIALI SANZIONATO<\/h3>\n<\/blockquote>\n<p><strong>BELLUNO<\/strong>\u00a0Il sabato appena trascorso \u00e8 stato un giorno con pochi controlli per le Forze dell\u2019Ordine. Dai dati distribuiti dalla Prefettura, 520 persone fermate e 11 sanzioni inflitte per il contenimento della diffusione del Covid-19. Sempre ieri \u00e8 stata denunciata anche una persona. In totale sono 80 le multe da inizio settimana su 3813 controlli delle Forze dell\u2019Ordine. Nel capitolo attivit\u00e0 commerciali, ieri sono stati controllati 259, un quinto rispetto agli altri giorni della settimana anche perch\u00e8 giorno di festa e poche attivit\u00e0 aperte. Un titolare e stato sanzionato ma nessun esercizio \u00e8 stato chiuso.<\/p>\n<p class=\"photoswipe-wrapper\"><a class=\"dt-pswp-item pspw-wrap-ready\" href=\"https:\/\/i0.wp.com\/www.radiopiu.net\/wordpress\/wp-content\/uploads\/2020\/04\/26.04_-_MONITORAGGIO_SETTIMANALE_DEI_SERVIZI_DI_CONTROLLO.jpg?ssl=1\" data-dt-img-description=\"\" data-large_image_width=\"1240\" data-large_image_height=\"1754\"><img loading=\"lazy\" decoding=\"async\" class=\"alignnone wp-image-133090 jetpack-lazy-image jetpack-lazy-image--handled\" src=\"https:\/\/i0.wp.com\/www.radiopiu.net\/wordpress\/wp-content\/uploads\/2020\/04\/26.04_-_MONITORAGGIO_SETTIMANALE_DEI_SERVIZI_DI_CONTROLLO.jpg?resize=724%2C1024&amp;ssl=1\" sizes=\"auto, (max-width: 724px) 100vw, 724px\" srcset=\"https:\/\/i0.wp.com\/www.radiopiu.net\/wordpress\/wp-content\/uploads\/2020\/04\/26.04_-_MONITORAGGIO_SETTIMANALE_DEI_SERVIZI_DI_CONTROLLO.jpg?resize=724%2C1024&amp;ssl=1 724w, https:\/\/i0.wp.com\/www.radiopiu.net\/wordpress\/wp-content\/uploads\/2020\/04\/26.04_-_MONITORAGGIO_SETTIMANALE_DEI_SERVIZI_DI_CONTROLLO.jpg?resize=212%2C300&amp;ssl=1 212w, https:\/\/i0.wp.com\/www.radiopiu.net\/wordpress\/wp-content\/uploads\/2020\/04\/26.04_-_MONITORAGGIO_SETTIMANALE_DEI_SERVIZI_DI_CONTROLLO.jpg?resize=768%2C1086&amp;ssl=1 768w, https:\/\/i0.wp.com\/www.radiopiu.net\/wordpress\/wp-content\/uploads\/2020\/04\/26.04_-_MONITORAGGIO_SETTIMANALE_DEI_SERVIZI_DI_CONTROLLO.jpg?resize=1086%2C1536&amp;ssl=1 1086w, https:\/\/i0.wp.com\/www.radiopiu.net\/wordpress\/wp-content\/uploads\/2020\/04\/26.04_-_MONITORAGGIO_SETTIMANALE_DEI_SERVIZI_DI_CONTROLLO.jpg?w=1240&amp;ssl=1 1240w\" alt=\"\" width=\"283\" height=\"400\" data-recalc-dims=\"1\" data-lazy-loaded=\"1\" \/><\/a><\/p>\n<p>&nbsp;<\/p>\n<p>&nbsp;<\/p>\n<hr \/>\n<p>&nbsp;<\/p>\n<h2>IL MINISTRO FEDERICO D&#8217;INCA&#8217;<\/h2>\n<p><em><span class=\"css-901oao css-16my406 r-1qd0xha r-ad9z0x r-bcqeeo r-qvutc0\">Ha ragione il premier<\/span><span class=\"css-901oao css-16my406 r-1qd0xha r-ad9z0x r-bcqeeo r-qvutc0\">, questa deve essere l&#8217;occasione per migliorare il Paese e avviare un&#8217;intensa stagione di riforme. Serve massima responsabilit\u00e0 di ognuno, soprattutto in questo momento per non vanificare gli sforzi fatti nella lotta al <\/span><span class=\"r-18u37iz\"><a class=\"css-4rbku5 css-18t94o4 css-901oao css-16my406 r-1n1174f r-1loqt21 r-1qd0xha r-ad9z0x r-bcqeeo r-qvutc0\" dir=\"ltr\" role=\"link\" href=\"https:\/\/twitter.com\/hashtag\/coronavirus?src=hashtag_click\" data-focusable=\"true\">#coronavirus<\/a><\/span>Nel decreto pensato per far ripartire il Paese siamo intervenuti anche sui dispositivi di protezione individuale. Sulle mascherine avremo prezzi calmierati ed esenzione dell&#8217;Iva per evitare le speculazioni.<\/em><\/p>\n<p>&nbsp;<\/p>\n<div dir=\"ltr\">\n<div class=\"gmail_quote\">\n<div dir=\"ltr\">\n<h2>BOND (FI), FASE 2 E\u2019 CAOS, GOVERNO ALLA FRUTTA<\/h2>\n<p><em>\u201cPer ricapitolare 1.000 tecnici e 40 taskforce per potere uscire un poco ma non troppo, funerali s\u00ec, party privati no, scuole chiuse, quindi figli a casa (chi li tiene?), vigilare, monitorare. E tutto questo sarebbe lo sforzo straordinario del decantato &#8216;modello Italia&#8217;?\u201d \u00e8 quanto scrive su facebook il deputato di Forza Italia, Dario Bond, che aggiunge: \u201cGi\u00e0 si scommette su un nuovo picco tra due settimane. Dunque comandano i virologi dell\u2019ISS, non certo Conte. Il Governo non ha una linea precisa di azione e non si preoccupa della qualit\u00e0 della vita dei cittadini e della vita italiana. La presa di posizione del ministro Bonetti che reputa \u2018incomprensibile e da cambiare il s\u00ec ai musei in sicurezza e no alle funzioni\u2019 la dice lunga sulla condizione di questo Governo: ormai \u00e8 alla frutta\u201d.\u00a0\u00a0<\/em><\/p>\n<\/div>\n<\/div>\n<\/div>\n<p>&nbsp;<\/p>\n<hr \/>\n<p>&nbsp;<\/p>\n<p>&nbsp;<\/p>\n<h2>FASE 2, ITALIA RIAPRE CON METODO E BUON SENSO. BUSSONE (UNCEM): &#8220;PRONTI A INTENSIFICARE SMART WORKING IN PA&#8221;<\/h2>\n<p><strong>di Marco Bussone, Presidente nazionale Uncem.<\/strong><\/p>\n<p><em>&#8220;L&#8217;Italia riapre piano, con una &#8216;fase 2&#8217; che richiede responsabilt\u00e0 e tanto buon senso. Uncem apprezza il piano presentato dal Presidente Conte stasera e attende il Dpcm definitivo, nonch\u00e9 le possibili ulteriori restrizioni di alcune Regioni. Su un punto siamo pronti a lavorare intensamente nelle prossime settimane, lo smart working negli Enti locali, in tutta la pubblica amministrazione, anche nei Comuni pi\u00f9 piccoli. Perch\u00e9 non torneremo presto negli uffici delle Autonomie locali e comunque lavorare su questo fronte, prepararci, intensificare le operazioni strutturali negli uffici e fuori, \u00e8 urgente e necessario anche per la &#8216;fase 3&#8217;. Questo \u00e8 il nostro &#8216;buon senso&#8217; e il nostro impegno. Questo \u00e8 il nostro passo verso il futuro della PA, che innova e che trova nel &#8216;lavoro agile&#8217; non un surrogato, bens\u00ec un vettore di crescita e di miglioramento istituzionale degli assetti degli Enti&#8221;.<\/em><\/p>\n<p>&nbsp;<\/p>\n<hr \/>\n<p>&nbsp;<\/p>\n<blockquote>\n<h3>ATTI VANDALICI A FELTRE<\/h3>\n<\/blockquote>\n<p><strong><a class=\"dt-pswp-item\" href=\"https:\/\/www.radiopiu.net\/wordpress\/wp-content\/uploads\/2016\/05\/carabinieri-6-2-1.jpg\" data-dt-img-description=\"\" data-large_image_width=\"1000\" data-large_image_height=\"681\"><img loading=\"lazy\" decoding=\"async\" class=\" wp-image-19931 alignleft\" src=\"https:\/\/www.radiopiu.net\/wordpress\/wp-content\/uploads\/2016\/05\/carabinieri-6-2-1-300x204.jpg\" alt=\"\" width=\"131\" height=\"89\" \/><\/a>FELTRE<\/strong> La notte scorsa ignoti hanno danneggiato delle auto in sosta a Feltre lungo Via Mezzaterra. Per il danno i vandali si sono serviti di un oggetto acuminato. Non \u00e8 escluso che le telecamere possano fornire utili elementi per risalire agli autori. Indagano i Carabinieri di Feltre.<\/p>\n<p>&nbsp;<\/p>\n<p>&nbsp;<\/p>\n<p>&nbsp;<\/p>\n<hr \/>\n<p>&nbsp;<\/p>\n<blockquote>\n<h3>TURISTA CHE ACCUSA IL COMUNE DI &#8220;SANIFICARE&#8221; A MACCHIA DI LEOPARDO<\/h3>\n<\/blockquote>\n<p><strong><a class=\"dt-pswp-item\" href=\"https:\/\/www.radiopiu.net\/wordpress\/wp-content\/uploads\/2018\/09\/caviola.jpg\" data-dt-img-description=\"\" data-large_image_width=\"640\" data-large_image_height=\"416\"><img loading=\"lazy\" decoding=\"async\" class=\"size-medium wp-image-61045 alignleft\" src=\"https:\/\/www.radiopiu.net\/wordpress\/wp-content\/uploads\/2018\/09\/caviola-300x195.jpg\" alt=\"\" width=\"300\" height=\"195\" srcset=\"https:\/\/www.radiopiu.net\/wordpress\/wp-content\/uploads\/2018\/09\/caviola-300x195.jpg 300w, https:\/\/www.radiopiu.net\/wordpress\/wp-content\/uploads\/2018\/09\/caviola.jpg 640w\" sizes=\"auto, (max-width: 300px) 100vw, 300px\" \/><\/a>LA LETTERA\u00a0<\/strong><\/p>\n<p><em>Come al solito non considera cittadini come gli altri quelli che abitano in via De San Doane sotto via Nenni a Caviola, Oggi l&#8217;ennesimo episodio della sua mala gestione. Nel pomeriggio \u00e8 passata una macchina per la pulizia stradale che ha percorso sia via Nenni sia via De San Doane solo sopra via Nenni dimenticandosi di passare sotto anche se questa \u00e8 una via comunale anche oggi abitata. Il lavaggio della strada \u00e8 indubbiamente una operazione utile specie in questi momenti di cov\u00ecd-19. Al solito siamo stati considerarti cittadini di serie Z nonostante il contributo in denaro [tasse comunali] che riceve dai cittadini di via De San Doane sotto via Nenni. Come alle mie numerose mail mandate con posta certificata, attendo una risposta a giustificazione del suo comportamento. Alle precedenti non si degnato di rispondere, ma in questo caso si tratta di salute pubblica e al suo solito silenzio mio vedr\u00e0 costretto a rivolgermi alla Procura della Repubblica.<\/em><\/p>\n<p><strong>\u00a0LA RISPOSTA DEL SINDACO MICHELE COSTA<\/strong><\/p>\n<p>Appare opportuno in primo luogo precisare che la sarnficazione delle strade di questo Comune come degli altri, comuni della Provincia, legata peraltro alla emergenza Covid 19, non \u00e8 affatto atto dovuto, non risultando che sussista alcun provvedimento normativo che lo preveda o lo imponga. Ad ogni buon conto esiste una progettualit\u00e0 in merito coordinata dalla Protezione Civile Provinciale con i Comuni della Provincia (per l\u2019Agordino mediata attraverso la Unione Montana Agordina); sar\u00e0 pertanto il detto Ente a provvedere a tale serv\u00eczio, utilizzando adeguati mezzi e con la tempistica che verr\u00e0 ritenuta opportuna e possibile. Altra cosa \u00e8 la ordinaria pulizia delle strade, ovvero lo spazzamelo che Lei ha visto effettuarsi nei giorni scorsi. Tale servizio \u00e8 invece in carico alla Valpe, Societ\u00e0 cui i Comuni facenti capo alla Unione Montana Agordina lo hanno demandato. Si tratta quindi d\u00ec attivit\u00e0 svolta da Ente diverso da questo Comune. Spiace per le Sue doglianze; la rete stradale del Comune di Falcade viene curata, nei limiti dei mezzi e delle risorse economiche ed umane a disposizione, senza alcuna diversificazione o discriminazione, ovviamente tenuto conto delle caratteristiche intrinseche di ogni singola via. A tal proposito si richiama quanto gi\u00e0 rappresentato da questo ufficio nella Pec protocollata in data 04 gennaio 2018. Quanto ai \u201ccontributi in denaro\u201d cui Ella fa cenno, relativamente all\u2019imposta IMU (non vigendo ormai pi\u00f9 da tempo PICI) vorr\u00e0 tener conto che si tratta di una imposta applicata dallo Stato, legata alla propriet\u00e0 o altro diritto reale sugli immobili, i proventi confluiscono in grande misura direttamente nelle casse dello Stato, e non certo in quelle di ciascun Comune. Non si comprende peraltro il Suo riferimento ad altre \u201ctasse comunali\u201d, che non risultano suss\u00ecstere. Lieti di ospitare in questo Comune le persone che, amandone i pregi, desiderano trascorrervi del tempo, e in considerazione di quanto disposto dai DPCM 8 e 9 marzo 2020 e successivi, in base ai quali \u00e8 stato vietato a chicchessia lo spostamento dalla propria abitazione abituale prescindendo finanche dalla residenza, si chiede di voler cortesemente comunicare da quanto tempo Ella si trovi a soggiornare nel territorio di questo Comune; e ci\u00f2 al precipuo fine di escludere qualsivoglia allarme d\u00ec irregolarit\u00e0. Rimanendo a Sua completa disposizione per qualsivoglia chiarimento, si porgono cordiali saluti, ben consapevoli della presenza e della efficienza delle Autorit\u00e0, presenti in Provincia, ed in particolare della solerte attivit\u00e0 della Procura della Repubblica,<\/p>\n<h3>Riceviamo a pubblichiamo le precisazioni del Signor\u00a0 <em>Ludovico Antonini<\/em><em>\u00a0<\/em><\/h3>\n<p>In riferimento al Vs, articolo del 26 c.m., vorrei, in premessa, sgombrare il campo da un inesistente contrasto tra residenti e non residenti ne tantomeno tra montanari e turisti (entrambi i termini fonte Treccani). Non \u00e8 questo il problema. Per oltre una decina d\u2019anni ho frequentato la valle del Bios durante la stagione invernale. Poi nel\u00a0\u00a02015 ho acquistato un appartamento a Caviola e fino a giugno dello scorso sono stato anche residente. Normalmente frequento assiduamente Caviola. Tutti i fine settimana (venerd\u00ec-domenica), tutto agosto e met\u00e0 settembre, tutte le festivit\u00e0 (Natale,\u00a0\u00a0Carnevale e Pasqua). Ora chiamarmi solo \u201cturista\u201d &#8230;. (non come fonte Treccani) .\u00a0Il vero problema invece \u00e8 il rapporto tra l\u2019attuale amministrazione comunale e i proprietari degli immobili nei cinquanta metri di via De San Doane sotto via Pietro Nenni.<\/p>\n<p>Le nostre richieste sono state:<\/p>\n<p>1- Illuminazione stradale assente. Oggi \u00e8 il condominio \u201cIl Cirmolo\u201d che con ben sei punti luce provvede alla mancanza. Il 27\/01\/2015 l\u2019amministrazione risponde ad una richiesta del 18\/12\/2014: \u2026\u2026..\u00a0<em>si riscontra Vs. \u201cmail\u201d del 18 u.s. per comunicare che l\u2019argomento \u00e8 stato posto all\u2019attenzione dell\u2019Amministrazione, che compatibilmente con le priorit\u00e0 gi\u00e0 in essere, provveder\u00e0 a destinare le risorse necessarie alla realizzazione di quanto da Voi segnalato.<\/em>\u00a0Dopo cinque anni le priorit\u00e0 sono ancora in essere!<\/p>\n<p>2- Sgombero neve. Il comune provvede allo sgombero neve nelle vie comunali ma non in quel tratto in questione.\u00a0\u00a0La via De San Doane (antico toponimo) inizia a monte della via Piero Nenni, la intercetta e la attraversa scendendo ancora asfaltata per circa cinquanta metri. Diventa poi non asfaltata ma ancora ben percorribile fino a finire in via Tegosa. Negli anni numerose sono state le richieste perch\u00e9 il comune provveda allo sgombero neve come nella parte a monte di via Pietro Nenni. Inascoltate!.<\/p>\n<p>Ecco la risposta dell\u2019amministrazione a cui fa riferimento il Sindaco: 04\/01\/2018\u00a0<em>Oggetto: Sgombero neve e realizzazione dell\u2019illuminazione pubblica nei pressi dei Condomini Cirmolo a Caviola. Con riferimento alla posizione in oggetto l\u2019Amministrazione scrivente ha dato corso ad un rinnovato esame della questione, curandone un approfondimento mirato. All\u2019esito della disamina si \u00e8 avuta conferma che il sedime interessato non rientra nell\u2019ambito delle direttrici inserite nella programmazione comunale inerente il servizio di sgombero neve, trattandosi di pertinenza del demanio viario che non riveste\u00a0\u00a0\u00a0rilevanza primaria data l\u2019assenza di uno sbocco viabilistico che consenta il transito dei veicoli (il che vale anche per quanto concerne l\u2019illuminazione in loco). Per tali ragioni pur ringraziandola per la vostra segnalazione, sulla base di queste risultanze non sussistono allo stato attuale i presupposti per dar corso a quanto richiesto, auspicando tuttavia che migliori condizioni future di disponibilit\u00e0 contabile permettano di riesaminare la questione.<\/em><\/p>\n<p>Questa \u00e8 stata l\u2019ultima comunicazione del Sindaco prima di quella da Voi pubblicata nonostante le nostre (scrivo io ma sempre anche per conto degli altri proprietari coinvolti) continue sollecitazioni. Ad esempio alla nostra replica (06\/01\/2018) alla\u00a0risposta del Sindaco del 04 gennaio 2018:<\/p>\n<p><em>Sindaco Riceviamo risposta negativa alle nostre richieste (vedi due precedenti pec). Interpretando il Suo \u201cburocratese\u201d (non siamo sicuri del Suo significato di \u201csedime\u201d che per noi \u00e8 una strada comunale in parte asfaltata) capiamo (ma potremmo sbagliare) che la via De San Doane sotto via Pietro Nenni non \u00e8 di rilevanza primaria perch\u00e9 senza uscita o meglio che non permette uno sbocco viabilistico per i veicoli (quali?? Autovetture ??). Il non essere di rilevanza\u00a0 fa si per Lei che non abbiamo diritto ne allo sgombero neve ne all\u2019illuminazione pubblica. Se quanto detto sopra risponde all\u2019interpretazione esatta della Sua risposta negativa ci chiediamo: <\/em><em>1- A che articoli di legge o del Codice della Strada per la classifica delle strade fa Lei riferimento nella Sua risposta. <\/em><em>2- Se come crediamo, l\u2019ufficio tecnico comunale ha autorizzato, nel complesso della lottizzazione\/costruzione, un accesso carraio per oltre 10 posti auto nella via (via comunale a tutti gli effetti); il gestore della via deve garantire la possibilit\u00e0 di utilizzo all\u2019utente e a maggior ragione a chi deve usare il proprio accesso carraio. <\/em><em>3- Cosa centra l\u2019assenza di sbocco viabilistico con l\u2019illuminazione pubblica? L\u2019illuminazione pubblica pu\u00f2 essere realizzata sia su strade carrabili sia su percorsi pedonali o misti e non \u00e8 subordinata alla viabilit\u00e0 veicolare. <\/em><em>4- Perch\u00e9 non avete provveduto a segnalare con un cartello dopo il pezzo asfaltato il divieto per il transito di veicoli (quali???)? <\/em><em>5- Se il problema \u00e8 che \u00e8 una strada senza uscita veicolare Le facciamo presente che provvedete regolarmente allo sgombero neve di via Silvio De Biasio, a Caviola, strada senza uscita che sbocca su una stradina privata e dietro (non davanti) il Residence Focobon!!. Provvedete anche allo sgombero neve della continuazione di via Trento, oltre la Provinciale di fronte\u00a0 all\u2019Hotel Sajonara, chiuso da tempo (sich!!) Facciamo presente che il nostro \u201csedime\u201d serve anche all\u2019accesso alla Farmacia specie se i marciapiedi della Provinciale non sono agibili. L\u2019accesso \u00e8 ad opera del Sig. Farmacista che con propri mezzi garantisce da tempo (otto anni?) un minimo di passaggio pedonale. Se invece tutto \u00e8 legato \u201calle disponibilit\u00e0 contabili\u201d Le facciamo presente che nel \u201csedime\u201d in questione ci sono dieci famiglie che ci abitano (saltuariamente e non) e che pagano le tasse, senza avere da parte della Sua amministrazione nessun servizio in merito ai problemi sollevati.\u00a0 \u00a0 Cordiali saluti Per i condomini de \u201cIl Cirmolo\u201d ed i loro dirimpettai. Ludovico Antonini\u00a0<\/em><\/p>\n<p>&nbsp;<\/p>\n<hr \/>\n<p>&nbsp;<\/p>\n<blockquote>\n<h3>144.000 MASCHERINE DISTRIBUITE DAL ROTARY CLUB<\/h3>\n<\/blockquote>\n<p><strong class=\"photoswipe-wrapper\"><a class=\"dt-pswp-item\" href=\"https:\/\/www.radiopiu.net\/wordpress\/wp-content\/uploads\/2020\/04\/WhatsApp-Image-2020-04-25-at-18.33.48.jpeg\" data-dt-img-description=\"\" data-large_image_width=\"1600\" data-large_image_height=\"1009\"><img loading=\"lazy\" decoding=\"async\" class=\"size-medium wp-image-133013 alignleft\" src=\"https:\/\/www.radiopiu.net\/wordpress\/wp-content\/uploads\/2020\/04\/WhatsApp-Image-2020-04-25-at-18.33.48-300x189.jpeg\" alt=\"\" width=\"300\" height=\"189\" srcset=\"https:\/\/www.radiopiu.net\/wordpress\/wp-content\/uploads\/2020\/04\/WhatsApp-Image-2020-04-25-at-18.33.48-300x189.jpeg 300w, https:\/\/www.radiopiu.net\/wordpress\/wp-content\/uploads\/2020\/04\/WhatsApp-Image-2020-04-25-at-18.33.48-1024x646.jpeg 1024w, https:\/\/www.radiopiu.net\/wordpress\/wp-content\/uploads\/2020\/04\/WhatsApp-Image-2020-04-25-at-18.33.48-768x484.jpeg 768w, https:\/\/www.radiopiu.net\/wordpress\/wp-content\/uploads\/2020\/04\/WhatsApp-Image-2020-04-25-at-18.33.48-1536x969.jpeg 1536w, https:\/\/www.radiopiu.net\/wordpress\/wp-content\/uploads\/2020\/04\/WhatsApp-Image-2020-04-25-at-18.33.48.jpeg 1600w\" sizes=\"auto, (max-width: 300px) 100vw, 300px\" \/><\/a>BELLUNO<\/strong> <span class=\"s1\">Dal mondo del Rotary vi \u00e8 stata l\u2019ennesima dimostrazione di quanto esso possa connettersi anche a distanza, secondo il motto ufficiale del presidente internazionale: <i>\u00abRotary connects the world\u00bb<\/i>. <\/span><span class=\"s1\">Il Rotary Club Belluno non \u00e8 rimasto infatti inerme nei confronti della situazione creatasi con la diffusione del Covid-19 nella nostra provincia. In un contesto di circa 5.000.000 di mascherine protettive, che sono state acquistate da parte dei Rotary Club Italiani per il territorio nazionale, sono state messe a disposizione per il Distretto 2060 \u2013 Triveneto ben 144.000 mascherine. Di queste 144.000, circa 80.000 sono state riservate al territorio della Regione Veneto; 26.500 al territorio Friuli Venezia Giulia; 27.000 alla Regione Trentino-Alto Adige. La provincia di Belluno ne ha potuto acquisire circa 12.000. Relativamente alle sedici associazioni bellunesi delle aree Bellunese-Alpago, Agordino, Cadore e Feltrino sono state consegnate una prima tranche di 5.500 mascherine.\u00a0<\/span><\/p>\n<p><strong>IL PRESIDENTE DEL ROTARY CLUB BELLUNO FELICE GAIARDO<\/strong><\/p>\n<audio class=\"wp-audio-shortcode\" id=\"audio-133106-2\" preload=\"none\" style=\"width: 100%;\" controls=\"controls\"><source type=\"audio\/mpeg\" src=\"https:\/\/www.radiopiu.net\/wordpress\/wp-content\/uploads\/2020\/04\/ROTARY-MASCHERINE.mp3?_=2\" \/><a href=\"https:\/\/www.radiopiu.net\/wordpress\/wp-content\/uploads\/2020\/04\/ROTARY-MASCHERINE.mp3\">https:\/\/www.radiopiu.net\/wordpress\/wp-content\/uploads\/2020\/04\/ROTARY-MASCHERINE.mp3<\/a><\/audio>\n<p>&nbsp;<\/p>\n<p>&nbsp;<\/p>\n<hr \/>\n<p>&nbsp;<\/p>\n<blockquote>\n<h3>NUOVA FIBRA OTTICA, DA OGGI PARTONO I SOPRALLUOGHI DI OPEN FIBER<\/h3>\n<\/blockquote>\n<p><strong><a class=\"dt-pswp-item\" href=\"https:\/\/www.radiopiu.net\/wordpress\/wp-content\/uploads\/2020\/04\/fibra-ottica.jpg\" data-dt-img-description=\"\" data-large_image_width=\"1920\" data-large_image_height=\"1280\"><img loading=\"lazy\" decoding=\"async\" class=\"size-medium wp-image-133161 alignleft\" src=\"https:\/\/www.radiopiu.net\/wordpress\/wp-content\/uploads\/2020\/04\/fibra-ottica-300x200.jpg\" alt=\"\" width=\"300\" height=\"200\" srcset=\"https:\/\/www.radiopiu.net\/wordpress\/wp-content\/uploads\/2020\/04\/fibra-ottica-300x200.jpg 300w, https:\/\/www.radiopiu.net\/wordpress\/wp-content\/uploads\/2020\/04\/fibra-ottica-1024x683.jpg 1024w, https:\/\/www.radiopiu.net\/wordpress\/wp-content\/uploads\/2020\/04\/fibra-ottica-768x512.jpg 768w, https:\/\/www.radiopiu.net\/wordpress\/wp-content\/uploads\/2020\/04\/fibra-ottica-1536x1024.jpg 1536w, https:\/\/www.radiopiu.net\/wordpress\/wp-content\/uploads\/2020\/04\/fibra-ottica.jpg 1920w\" sizes=\"auto, (max-width: 300px) 100vw, 300px\" \/><\/a>BELLUNO<\/strong>\u00a0Partiranno oggi i sopralluoghi in citt\u00e0 da parte del personale di Open Fiber per la predisposizione del progetto di cablatura della nuova rete in fibra ottica FTTH.\u00a0L\u2019attivit\u00e0 consister\u00e0 nella lettura delle infrastrutture presenti lungo la viabilit\u00e0 pubblica (pozzetti, canalizzazioni, sottoservizi,&#8230;) e di un primo censimento delle unit\u00e0 abitative.\u00a0Quando i vincoli imposti dal lockdown per Covid-19 saranno decaduti, si proceder\u00e0 alla seconda fase, che prevede il sopralluogo \u2013 dietro autorizzazione dei proprietari \u2013 dei locali tecnici degli edifici con pi\u00f9 di tre unit\u00e0 immobiliari: in queste strutture, infatti, il terminale di rete verr\u00e0 posto direttamente all\u2019interno dell\u2019edificio.\u00a0Per tutte queste operazioni sopra elencate, sar\u00e0 impiegato personale specializzato, dotato di apposita pettorina identificativa e di apposito tesserino di riconoscimento: per il momento, quindi, nessuno dovr\u00e0 e potr\u00e0 entrare nelle abitazioni private, n\u00e9 tanto meno proporre sottoscrizioni di contratti.\u00a0L&#8217;intervento, nella citt\u00e0 di Belluno, interesser\u00e0 circa 16mila utenze tra familiari e aziendali, e vedr\u00e0 nella terza fase, quella della posa della rete, l&#8217;installazione della cosiddetta \u201cfibra spenta\u201d, cio\u00e8 del semplice cavo di trasmissione: chi sar\u00e0 poi interessato dovr\u00e0 rivolgersi ai vari gestori di telefonia per attivare il servizio nella propria abitazione o azienda.\u00a0\u00ab<em>Si tratta di un lavoro che richiede tempo, &#8211; commenta l&#8217;assessore ai servizi informatici, Marco Bogo \u2013 ma che, visto anche quanto abbiamo vissuto nelle scorse settimane e stiamo tuttora vivendo, diventa necessario. Le infrastrutture digitali si sono dimostrate fondamentali per il nostro territorio, e lo saranno anche per la ripresa post epidemia e per il futuro delle famiglie e delle nostre aziende<\/em>\u00bb.\u00a0\u00ab<em>Fin dal 2012 \u2013 ricorda il sindaco Jacopo Massaro \u2013 la nostra amministrazione aveva inserito tra gli obbiettivi prioritario del suo mandato l&#8217;ampliamento della fibra ottica sul territorio comunale, per cercare di colmare il divario digitale tra i territori di montagna e quelle pi\u00f9 tecnologicamente avanzate. Con un accordo con il Ministero dello Sviluppo Economico nel 2013, inoltre, siamo entrati tra le prime 10 citt\u00e0 italiane servite dall&#8217;ultrabroadband; la fase che si apre da luned\u00ec quindi \u00e8 la naturale prosecuzione di un ampio progetto di implementazione tecnologica della citt\u00e0<\/em>\u00bb.<\/p>\n<p>&nbsp;<\/p>\n<p>&nbsp;<\/p>\n<hr \/>\n<p>&nbsp;<\/p>\n<blockquote class=\"wp-embedded-content\" data-secret=\"lwhHjvse4Y\"><p><a href=\"https:\/\/www.radiopiu.net\/wordpress\/effetto-covid-19-una-piccola-impresa-su-2-denuncia-che-si-sono-allungati-i-pagamenti\/\">EFFETTO COVID-19: UNA PICCOLA IMPRESA SU 2 DENUNCIA CHE SI SONO ALLUNGATI I PAGAMENTI<\/a><\/p><\/blockquote>\n<p><iframe loading=\"lazy\" title=\"&#8220;EFFETTO COVID-19: UNA PICCOLA IMPRESA SU 2 DENUNCIA CHE SI SONO ALLUNGATI I PAGAMENTI&#8221; &#8212; Radio Pi\u00f9\" class=\"wp-embedded-content\" sandbox=\"allow-scripts\" security=\"restricted\" style=\"position: absolute; clip: rect(1px, 1px, 1px, 1px);\" src=\"https:\/\/www.radiopiu.net\/wordpress\/effetto-covid-19-una-piccola-impresa-su-2-denuncia-che-si-sono-allungati-i-pagamenti\/embed\/#?secret=lwhHjvse4Y\" data-secret=\"lwhHjvse4Y\" width=\"600\" height=\"338\" frameborder=\"0\" marginwidth=\"0\" marginheight=\"0\" scrolling=\"no\"><\/iframe><\/p>\n<p>&nbsp;<\/p>\n<hr \/>\n<p>&nbsp;<\/p>\n<blockquote>\n<h3>SOSPIROLO, SERATA ONLINE &#8220;LA MEMORIA DELLE COSE&#8221;<\/h3>\n<\/blockquote>\n<p><strong><a class=\"dt-pswp-item\" href=\"https:\/\/www.radiopiu.net\/wordpress\/wp-content\/uploads\/2020\/04\/Presentazione-2019.jpg\" data-dt-img-description=\"\" data-large_image_width=\"1240\" data-large_image_height=\"930\"><img loading=\"lazy\" decoding=\"async\" class=\"size-medium wp-image-132958 alignleft\" src=\"https:\/\/www.radiopiu.net\/wordpress\/wp-content\/uploads\/2020\/04\/Presentazione-2019-300x225.jpg\" alt=\"\" width=\"300\" height=\"225\" srcset=\"https:\/\/www.radiopiu.net\/wordpress\/wp-content\/uploads\/2020\/04\/Presentazione-2019-300x225.jpg 300w, https:\/\/www.radiopiu.net\/wordpress\/wp-content\/uploads\/2020\/04\/Presentazione-2019-1024x768.jpg 1024w, https:\/\/www.radiopiu.net\/wordpress\/wp-content\/uploads\/2020\/04\/Presentazione-2019-768x576.jpg 768w, https:\/\/www.radiopiu.net\/wordpress\/wp-content\/uploads\/2020\/04\/Presentazione-2019.jpg 1240w\" sizes=\"auto, (max-width: 300px) 100vw, 300px\" \/><\/a>SOSPIROLO<\/strong> La Biblioteca civica di Sospirolo, in collaborazione con la Pro loco \u201cMonti del Sole, promuove un\u2019iniziativa completamente on line. Si tratta della serata \u201cLa memoria delle cose: viaggio tra i mestieri del passato\u201d che si terr\u00e0 gioved\u00ec 30 aprile alle 21 sulla piattaforma Zoom. L\u2019evento vedr\u00e0 la presenza di Lois Bernard, autore tra l\u2019altro dell\u2019apprezzato libro \u201cCose di vecchie case\u201d.\u00a0Lois Bernard approfondir\u00e0 alcuni lavori esercitati a livello locale fino agli anni 50 del secolo scorso, dal contadino alla lavandaia, dal fabbro al caser, dal mugnaio al falegname, passando per i pi\u00f9 curiosi, oggi scomparsi, come il caregheta o il carbonaio, presentando anche qualcuno degli strumenti utilizzati.\u00a0Il tema dei vecchi mestieri sar\u00e0 anche oggetto dell\u2019inedito concorso letterario \u201cSospirolo tra leggende e misteri\u201d, realizzato in sinergia da Comune di Sospirolo e Pro loco. Proprio questo sar\u00e0 presentato nel corso della serata: il tema del concorso, alla sua undicesima edizione, sar\u00e0\u00a0 incentrato appunto sulle arti e i mestieri artigiani nel passato e nella contemporaneit\u00e0. Come di consueto sar\u00e0 rivolto ai nati e\/o\u00a0 residenti nel Triveneto. Nel bando c\u2019\u00e8 anche un invito particolare per i bambini, che prende spunto da una poesia di Gianni Rodari. Gli organizzatori, infatti, si aspettano una grande partecipazione da bambini, giovani e scuole dato che le modalit\u00e0 telematiche consentono la partecipazione di queste ultime anche in periodo di chiusura.\u00a0Come partecipare alla serata: l\u2019evento verr\u00e0 trasmesso in diretta su Zoom (collegamento a partire dalle 20,45, diretta alle 21) e si pu\u00f2 accedere previo due facili passaggi preliminari: inviare una e-mail con richiesta di partecipazione a\u00a0biblioteca@comune.sospirolo.bl.it.<\/p>\n<p>&nbsp;<\/p>\n<hr \/>\n<p>&nbsp;<\/p>\n<blockquote class=\"wp-embedded-content\" data-secret=\"hu0MddfkSP\"><p><a href=\"https:\/\/www.radiopiu.net\/wordpress\/don-fabiano-e-la-terza-domenica-di-pasqua\/\">DON FABIANO E LA TERZA DOMENICA DI PASQUA<\/a><\/p><\/blockquote>\n<p><iframe loading=\"lazy\" title=\"&#8220;DON FABIANO E LA TERZA DOMENICA DI PASQUA&#8221; &#8212; Radio Pi\u00f9\" class=\"wp-embedded-content\" sandbox=\"allow-scripts\" security=\"restricted\" style=\"position: absolute; clip: rect(1px, 1px, 1px, 1px);\" src=\"https:\/\/www.radiopiu.net\/wordpress\/don-fabiano-e-la-terza-domenica-di-pasqua\/embed\/#?secret=hu0MddfkSP\" data-secret=\"hu0MddfkSP\" width=\"600\" height=\"338\" frameborder=\"0\" marginwidth=\"0\" marginheight=\"0\" scrolling=\"no\"><\/iframe><\/p>\n<p>&nbsp;<\/p>\n<hr \/>\n<p>&nbsp;<\/p>\n<blockquote class=\"wp-embedded-content\" data-secret=\"ATpTtaisGr\"><p><a href=\"https:\/\/www.radiopiu.net\/wordpress\/alla-scuola-dellinfanzia-di-taibon-arriva-rino-paperino\/\">ALLA SCUOLA DELL&#8217;INFANZIA DI TAIBON ARRIVA RINO PAPERINO<\/a><\/p><\/blockquote>\n<p><iframe loading=\"lazy\" title=\"&#8220;ALLA SCUOLA DELL&#8217;INFANZIA DI TAIBON ARRIVA RINO PAPERINO&#8221; &#8212; Radio Pi\u00f9\" class=\"wp-embedded-content\" sandbox=\"allow-scripts\" security=\"restricted\" style=\"position: absolute; clip: rect(1px, 1px, 1px, 1px);\" src=\"https:\/\/www.radiopiu.net\/wordpress\/alla-scuola-dellinfanzia-di-taibon-arriva-rino-paperino\/embed\/#?secret=ATpTtaisGr\" data-secret=\"ATpTtaisGr\" width=\"600\" height=\"338\" frameborder=\"0\" marginwidth=\"0\" marginheight=\"0\" scrolling=\"no\"><\/iframe><\/p>\n<p>&nbsp;<\/p>\n<hr \/>\n<p>&nbsp;<\/p>\n<blockquote class=\"wp-embedded-content\" data-secret=\"JWkIQIm883\"><p><a href=\"https:\/\/www.radiopiu.net\/wordpress\/i-capitelli-e-le-immagini-sacre-un-po-ovunque-nei-nostri-paesi-di-renato-bona\/\">I CAPITELLI E LE IMMAGINI SACRE UN PO\u2019 OVUNQUE NEI NOSTRI PAESI  di Renato Bona<\/a><\/p><\/blockquote>\n<p><iframe loading=\"lazy\" title=\"&#8220;I CAPITELLI E LE IMMAGINI SACRE UN PO\u2019 OVUNQUE NEI NOSTRI PAESI  di Renato Bona&#8221; &#8212; Radio Pi\u00f9\" class=\"wp-embedded-content\" sandbox=\"allow-scripts\" security=\"restricted\" style=\"position: absolute; clip: rect(1px, 1px, 1px, 1px);\" src=\"https:\/\/www.radiopiu.net\/wordpress\/i-capitelli-e-le-immagini-sacre-un-po-ovunque-nei-nostri-paesi-di-renato-bona\/embed\/#?secret=JWkIQIm883\" data-secret=\"JWkIQIm883\" width=\"600\" height=\"338\" frameborder=\"0\" marginwidth=\"0\" marginheight=\"0\" scrolling=\"no\"><\/iframe><\/p>\n<p>&nbsp;<\/p>\n<hr \/>\n<p>&nbsp;<\/p>\n<p>&nbsp;<\/p>\n<h2>VENERDI ALLA RADIO E OGGI IN REPLICA ALLE 15.10 DETTAGLIATO SPECIALE SULLA PISCINA DI AGORDO CON GIORGIO DE NARDIN<\/h2>\n<p><strong><a class=\"dt-pswp-item\" href=\"https:\/\/www.radiopiu.net\/wordpress\/wp-content\/uploads\/2019\/06\/impianto_Pedavena_orari_piscina.jpg\" data-dt-img-description=\"\" data-large_image_width=\"1000\" data-large_image_height=\"300\"><img loading=\"lazy\" decoding=\"async\" class=\"alignnone size-full wp-image-88773\" src=\"https:\/\/www.radiopiu.net\/wordpress\/wp-content\/uploads\/2019\/06\/impianto_Pedavena_orari_piscina.jpg\" alt=\"\" width=\"1000\" height=\"300\" srcset=\"https:\/\/www.radiopiu.net\/wordpress\/wp-content\/uploads\/2019\/06\/impianto_Pedavena_orari_piscina.jpg 1000w, https:\/\/www.radiopiu.net\/wordpress\/wp-content\/uploads\/2019\/06\/impianto_Pedavena_orari_piscina-300x90.jpg 300w, https:\/\/www.radiopiu.net\/wordpress\/wp-content\/uploads\/2019\/06\/impianto_Pedavena_orari_piscina-768x230.jpg 768w\" sizes=\"auto, (max-width: 1000px) 100vw, 1000px\" \/><\/a>RADIOPIU<\/strong> Venerdi pomeriggio Claudio Fontanive ha incontrato Giorgio De Nardin, una chiacchierata sulla situazione attuale e il futuro della piscina comprensoriale di Agordo. Il Servizio verr\u00e0 riproposto alla radio oggi alle 15.10 e questa sera al termine del notiziario serale.<\/p>\n<p>DI CLAUDIO FONTANIVE<\/p>\n<audio class=\"wp-audio-shortcode\" id=\"audio-133106-3\" preload=\"none\" style=\"width: 100%;\" controls=\"controls\"><source type=\"audio\/mpeg\" src=\"https:\/\/www.radiopiu.net\/wordpress\/wp-content\/uploads\/2020\/04\/giorgio-de-nardi-27-aprile-prima-parte.mp3?_=3\" \/><a href=\"https:\/\/www.radiopiu.net\/wordpress\/wp-content\/uploads\/2020\/04\/giorgio-de-nardi-27-aprile-prima-parte.mp3\">https:\/\/www.radiopiu.net\/wordpress\/wp-content\/uploads\/2020\/04\/giorgio-de-nardi-27-aprile-prima-parte.mp3<\/a><\/audio>\n<p>&nbsp;<\/p>\n<hr \/>\n<p>&nbsp;<\/p>\n<p>&nbsp;<\/p>\n<h2>IERI ALLA RADIO<\/h2>\n<h3><span style=\"color: #008080;\">25 APRILE 2020 I RICORDI ALLA RADIO DI GIANNI SANTOMASO<\/span><\/h3>\n<p><strong>25 aprile&#8230; Volti del passato, impegno nel presente, parole e idee per il futuro Radio Pi\u00f9, il gruppo Arcobaleno di voci e le biblioteche della Valle del Biois e Alleghe vi propongono una serata per festeggiare assieme il 25 aprile.\u00a0 Abbiamo trasmesso l&#8217;evento agordino per commemorare il 75\u00b0 anniversario della Liberazione dal nazifascismo. Brani in prosa di autori significativi, alternati a brani musicali e a poesie, letti dagli amici di Arcobaleno di voci, ci riporteranno all&#8217;attualit\u00e0 dei valori della Resistenza per la creazione di un mondo caratterizzato da libert\u00e0 ed eguaglianza sociale. Inoltre, una testimonianza inedita di chi c&#8217;era in quelle giornate d&#8217;aprile, ricorder\u00e0 il sacrificio di chi, anche qui, \u00e8 morto per noi.<\/strong><\/p>\n<p>&nbsp;<\/p>\n<p><strong>LA SIGLA<\/strong><\/p>\n<audio class=\"wp-audio-shortcode\" id=\"audio-133106-4\" preload=\"none\" style=\"width: 100%;\" controls=\"controls\"><source type=\"audio\/mpeg\" src=\"https:\/\/www.radiopiu.net\/wordpress\/wp-content\/uploads\/2020\/04\/SIGLA-25-APRILE.mp3?_=4\" \/><a href=\"https:\/\/www.radiopiu.net\/wordpress\/wp-content\/uploads\/2020\/04\/SIGLA-25-APRILE.mp3\">https:\/\/www.radiopiu.net\/wordpress\/wp-content\/uploads\/2020\/04\/SIGLA-25-APRILE.mp3<\/a><\/audio>\n<p>&nbsp;<\/p>\n<p><strong>PARTE 1<\/strong><\/p>\n<audio class=\"wp-audio-shortcode\" id=\"audio-133106-5\" preload=\"none\" style=\"width: 100%;\" controls=\"controls\"><source type=\"audio\/mpeg\" src=\"https:\/\/www.radiopiu.net\/wordpress\/wp-content\/uploads\/2020\/04\/PARTE-1-SERATA-25-APRILE.mp3?_=5\" \/><a href=\"https:\/\/www.radiopiu.net\/wordpress\/wp-content\/uploads\/2020\/04\/PARTE-1-SERATA-25-APRILE.mp3\">https:\/\/www.radiopiu.net\/wordpress\/wp-content\/uploads\/2020\/04\/PARTE-1-SERATA-25-APRILE.mp3<\/a><\/audio>\n<p>&nbsp;<\/p>\n<p><strong>PARTE 2<\/strong><\/p>\n<audio class=\"wp-audio-shortcode\" id=\"audio-133106-6\" preload=\"none\" style=\"width: 100%;\" controls=\"controls\"><source type=\"audio\/mpeg\" src=\"https:\/\/www.radiopiu.net\/wordpress\/wp-content\/uploads\/2020\/04\/PARTE-2-SERATA-25-APRILEE.mp3?_=6\" \/><a href=\"https:\/\/www.radiopiu.net\/wordpress\/wp-content\/uploads\/2020\/04\/PARTE-2-SERATA-25-APRILEE.mp3\">https:\/\/www.radiopiu.net\/wordpress\/wp-content\/uploads\/2020\/04\/PARTE-2-SERATA-25-APRILEE.mp3<\/a><\/audio>\n<p>&nbsp;<\/p>\n<p>&nbsp;<\/p>\n<p><strong>LO SPECIALE DI Loris e Gianni Santomaso, Claudia Cattadori e Cristina Bien\u00a0<\/strong><\/p>\n<audio class=\"wp-audio-shortcode\" id=\"audio-133106-7\" preload=\"none\" style=\"width: 100%;\" controls=\"controls\"><source type=\"audio\/mpeg\" src=\"https:\/\/www.radiopiu.net\/wordpress\/wp-content\/uploads\/2020\/04\/25-aprile-ad-Agordo_per-Radio-Pi\u00f9.mp3?_=7\" \/><a href=\"https:\/\/www.radiopiu.net\/wordpress\/wp-content\/uploads\/2020\/04\/25-aprile-ad-Agordo_per-Radio-Pi\u00f9.mp3\">https:\/\/www.radiopiu.net\/wordpress\/wp-content\/uploads\/2020\/04\/25-aprile-ad-Agordo_per-Radio-Pi\u00f9.mp3<\/a><\/audio>\n<p>&nbsp;<\/p>\n<p>&nbsp;<\/p>\n<p>&nbsp;<\/p>\n<hr \/>\n<h3><span style=\"color: #0000ff;\">VITTORINO CAZZETTA di Claudio Pra<\/span><\/h3>\n<p><a class=\"dt-pswp-item\" href=\"https:\/\/www.radiopiu.net\/wordpress\/wp-content\/uploads\/2020\/04\/WhatsApp-Image-2020-04-25-at-18.38.05.jpeg\" data-dt-img-description=\"\" data-large_image_width=\"571\" data-large_image_height=\"615\"><img loading=\"lazy\" decoding=\"async\" class=\"wp-image-133030 alignleft\" src=\"https:\/\/www.radiopiu.net\/wordpress\/wp-content\/uploads\/2020\/04\/WhatsApp-Image-2020-04-25-at-18.38.05-279x300.jpeg\" alt=\"\" width=\"162\" height=\"174\" srcset=\"https:\/\/www.radiopiu.net\/wordpress\/wp-content\/uploads\/2020\/04\/WhatsApp-Image-2020-04-25-at-18.38.05-279x300.jpeg 279w, https:\/\/www.radiopiu.net\/wordpress\/wp-content\/uploads\/2020\/04\/WhatsApp-Image-2020-04-25-at-18.38.05.jpeg 571w\" sizes=\"auto, (max-width: 162px) 100vw, 162px\" \/><\/a>Vittorino Cazzetta, scopritore dell&#8217;uomo di Mondev\u00e0l, a cui \u00e8 dedicato il museo di Selva di Cadore. Oltre alle sue scoperte viene raccontato della sua incredibile morte avvenuta per un incidente alpinistico simile a un&#8217;altro che aveva avuto 11 anni prima nello stesso luogo.<\/p>\n<p>&nbsp;<\/p>\n<p>&nbsp;<\/p>\n<p>&nbsp;<\/p>\n<p>&nbsp;<\/p>\n<p><strong>LO SPECIALE DI CLAUDIO PRA<\/strong><\/p>\n<audio class=\"wp-audio-shortcode\" id=\"audio-133106-8\" preload=\"none\" style=\"width: 100%;\" controls=\"controls\"><source type=\"audio\/mpeg\" src=\"https:\/\/www.radiopiu.net\/wordpress\/wp-content\/uploads\/2020\/04\/CALUDIO-PRA-VITTORINO-CAZZETTA.mp3?_=8\" \/><a href=\"https:\/\/www.radiopiu.net\/wordpress\/wp-content\/uploads\/2020\/04\/CALUDIO-PRA-VITTORINO-CAZZETTA.mp3\">https:\/\/www.radiopiu.net\/wordpress\/wp-content\/uploads\/2020\/04\/CALUDIO-PRA-VITTORINO-CAZZETTA.mp3<\/a><\/audio>\n<p>&nbsp;<\/p>\n\n\t\t\t<style type='text\/css'>\n\t\t\t\t#gallery-2 {\n\t\t\t\t\tmargin: auto;\n\t\t\t\t}\n\t\t\t\t#gallery-2 .gallery-item {\n\t\t\t\t\tfloat: left;\n\t\t\t\t\tmargin-top: 10px;\n\t\t\t\t\ttext-align: center;\n\t\t\t\t\twidth: 33%;\n\t\t\t\t}\n\t\t\t\t#gallery-2 img {\n\t\t\t\t\tborder: 2px solid #cfcfcf;\n\t\t\t\t}\n\t\t\t\t#gallery-2 .gallery-caption {\n\t\t\t\t\tmargin-left: 0;\n\t\t\t\t}\n\t\t\t\t\/* see gallery_shortcode() in wp-includes\/media.php *\/\n\t\t\t<\/style>\n\t\t<div id='gallery-2' class='dt-gallery-container gallery galleryid-133106 gallery-columns-3 gallery-size-thumbnail'><dl class='gallery-item'>\n\t\t\t\t<dt class='gallery-icon portrait'>\n\t\t\t\t\t<a class=\"rollover\" href='https:\/\/www.radiopiu.net\/wordpress\/vittorino-cazzetta-di-claudio-pra\/whatsapp-image-2020-04-25-at-18-38-00\/'><img loading=\"lazy\" decoding=\"async\" width=\"150\" height=\"150\" src=\"https:\/\/www.radiopiu.net\/wordpress\/wp-content\/uploads\/2020\/04\/WhatsApp-Image-2020-04-25-at-18.38.00-150x150.jpeg\" class=\"attachment-thumbnail size-thumbnail\" alt=\"\" \/><\/a>\n\t\t\t\t<\/dt><\/dl><dl class='gallery-item'>\n\t\t\t\t<dt class='gallery-icon landscape'>\n\t\t\t\t\t<a class=\"rollover\" href='https:\/\/www.radiopiu.net\/wordpress\/vittorino-cazzetta-di-claudio-pra\/whatsapp-image-2020-04-25-at-18-37-55\/'><img loading=\"lazy\" decoding=\"async\" width=\"150\" height=\"150\" src=\"https:\/\/www.radiopiu.net\/wordpress\/wp-content\/uploads\/2020\/04\/WhatsApp-Image-2020-04-25-at-18.37.55-150x150.jpeg\" class=\"attachment-thumbnail size-thumbnail\" alt=\"\" \/><\/a>\n\t\t\t\t<\/dt><\/dl><dl class='gallery-item'>\n\t\t\t\t<dt class='gallery-icon landscape'>\n\t\t\t\t\t<a class=\"rollover\" href='https:\/\/www.radiopiu.net\/wordpress\/vittorino-cazzetta-di-claudio-pra\/whatsapp-image-2020-04-25-at-18-37-51\/'><img loading=\"lazy\" decoding=\"async\" width=\"150\" height=\"150\" src=\"https:\/\/www.radiopiu.net\/wordpress\/wp-content\/uploads\/2020\/04\/WhatsApp-Image-2020-04-25-at-18.37.51-150x150.jpeg\" class=\"attachment-thumbnail size-thumbnail\" alt=\"\" \/><\/a>\n\t\t\t\t<\/dt><\/dl><br style=\"clear: both\" \/>\n\t\t\t<\/div>\n\n<p>&nbsp;<\/p>\n<h3><span style=\"color: #ff00ff;\">GLI ANIMALI NELL&#8217;ARTE di Paola Lanciato<\/span><\/h3>\n<audio class=\"wp-audio-shortcode\" id=\"audio-133106-9\" preload=\"none\" style=\"width: 100%;\" controls=\"controls\"><source type=\"audio\/mpeg\" src=\"https:\/\/www.radiopiu.net\/wordpress\/wp-content\/uploads\/2020\/04\/FATTOGli-animali-nellarte.mp3?_=9\" \/><a href=\"https:\/\/www.radiopiu.net\/wordpress\/wp-content\/uploads\/2020\/04\/FATTOGli-animali-nellarte.mp3\">https:\/\/www.radiopiu.net\/wordpress\/wp-content\/uploads\/2020\/04\/FATTOGli-animali-nellarte.mp3<\/a><\/audio>\n<h3><span style=\"color: #ff0000;\"><strong>I DIARI DEL PESCE ROSSO<\/strong><\/span><\/h3>\n<blockquote class=\"wp-embedded-content\" data-secret=\"hzmbvZvwgt\"><p><a href=\"https:\/\/www.radiopiu.net\/wordpress\/puntata-11-i-diari-del-pesce-rosso-diari-quarantena-2\/\">PUNTATA 12 I DIARI DEL PESCE ROSSO\/DIARI QUARANTENA<\/a><\/p><\/blockquote>\n<p><iframe loading=\"lazy\" title=\"&#8220;PUNTATA 12 I DIARI DEL PESCE ROSSO\/DIARI QUARANTENA&#8221; &#8212; Radio Pi\u00f9\" class=\"wp-embedded-content\" sandbox=\"allow-scripts\" security=\"restricted\" style=\"position: absolute; clip: rect(1px, 1px, 1px, 1px);\" src=\"https:\/\/www.radiopiu.net\/wordpress\/puntata-11-i-diari-del-pesce-rosso-diari-quarantena-2\/embed\/#?secret=hzmbvZvwgt\" data-secret=\"hzmbvZvwgt\" width=\"600\" height=\"338\" frameborder=\"0\" marginwidth=\"0\" marginheight=\"0\" scrolling=\"no\"><\/iframe><\/p>\n<p><strong>LA COLLEZIONE COMPLETA<\/strong><\/p>\n<p><iframe loading=\"lazy\" class=\"wp-embedded-content\" title=\"\u201cDiari del pesce rosso\u201d \u2014 Radio Pi\u00f9\" src=\"https:\/\/www.radiopiu.net\/wordpress\/diari-del-pesce-rosso\/embed\/#?secret=YKsPMYpEez\" width=\"600\" height=\"200\" frameborder=\"0\" marginwidth=\"0\" marginheight=\"0\" scrolling=\"no\" sandbox=\"allow-scripts\" data-secret=\"YKsPMYpEez\" data-mce-fragment=\"1\"><\/iframe><\/p>\n<h3><span style=\"color: #008000;\">AGORDINOMERON<\/span><\/h3>\n<p><iframe loading=\"lazy\" class=\"wp-embedded-content\" title=\"\u201cAGORDINOMERON, IL TERRITORIO SI RACCONTA Da un\u2019idea di Gianni Santomaso\u201d \u2014 Radio Pi\u00f9\" src=\"https:\/\/www.radiopiu.net\/wordpress\/agordinomeron\/embed\/#?secret=UvrWyUbFRC\" width=\"600\" height=\"346\" frameborder=\"0\" marginwidth=\"0\" marginheight=\"0\" scrolling=\"no\" sandbox=\"allow-scripts\" data-secret=\"UvrWyUbFRC\" data-mce-fragment=\"1\"><\/iframe><\/p>\n<h3><\/h3>\n<h3><\/h3>\n<h3><span style=\"color: #808080;\"><strong>IL MESSAGGIO DEI SACERDOTI SU RADIO PIU\u2019<\/strong><\/span><\/h3>\n<h3><iframe loading=\"lazy\" class=\"wp-embedded-content\" title=\"\u201cIL MESSAGGIO DAI SACERDOTI SU RADIO PIU\u2019 ALLE 7.30 E 19.30\u201d \u2014 Radio Pi\u00f9\" src=\"https:\/\/www.radiopiu.net\/wordpress\/il-messaggio-dai-sacerdoti-della-conca-su-radio-piu-alle-7-30-e-19-30\/embed\/#?secret=GCz27lyCw3\" width=\"600\" height=\"381\" frameborder=\"0\" marginwidth=\"0\" marginheight=\"0\" scrolling=\"no\" sandbox=\"allow-scripts\" data-secret=\"GCz27lyCw3\" data-mce-fragment=\"1\"><\/iframe><\/h3>\n<p>&nbsp;<\/p>\n<hr \/>\n<p>&nbsp;<\/p>\n<blockquote class=\"wp-embedded-content\" data-secret=\"5I2TLg4MDi\"><p><a href=\"https:\/\/www.radiopiu.net\/wordpress\/i-servizi-a-domicilio-durante-il-coronavirus\/\">I SERVIZI A DOMICILIO DURANTE IL CORONAVIRUS<\/a><\/p><\/blockquote>\n<p><iframe loading=\"lazy\" title=\"&#8220;I SERVIZI A DOMICILIO DURANTE IL CORONAVIRUS&#8221; &#8212; Radio Pi\u00f9\" class=\"wp-embedded-content\" sandbox=\"allow-scripts\" security=\"restricted\" style=\"position: absolute; clip: rect(1px, 1px, 1px, 1px);\" src=\"https:\/\/www.radiopiu.net\/wordpress\/i-servizi-a-domicilio-durante-il-coronavirus\/embed\/#?secret=5I2TLg4MDi\" data-secret=\"5I2TLg4MDi\" width=\"600\" height=\"338\" frameborder=\"0\" marginwidth=\"0\" marginheight=\"0\" scrolling=\"no\"><\/iframe><\/p>\n<p>&nbsp;<\/p>\n<hr \/>\n<p>&nbsp;<\/p>\n<p>&nbsp;<\/p>\n<p><a class=\"dt-pswp-item\" href=\"https:\/\/www.radiopiu.net\/wordpress\/wp-content\/uploads\/2018\/09\/viabilita.jpeg\" data-dt-img-description=\"\" data-large_image_width=\"800\" data-large_image_height=\"100\"><img loading=\"lazy\" decoding=\"async\" class=\"alignnone size-full wp-image-61954\" src=\"https:\/\/www.radiopiu.net\/wordpress\/wp-content\/uploads\/2018\/09\/viabilita.jpeg\" alt=\"\" width=\"800\" height=\"100\" srcset=\"https:\/\/www.radiopiu.net\/wordpress\/wp-content\/uploads\/2018\/09\/viabilita.jpeg 800w, https:\/\/www.radiopiu.net\/wordpress\/wp-content\/uploads\/2018\/09\/viabilita-300x38.jpeg 300w, https:\/\/www.radiopiu.net\/wordpress\/wp-content\/uploads\/2018\/09\/viabilita-768x96.jpeg 768w\" sizes=\"auto, (max-width: 800px) 100vw, 800px\" \/><\/a><\/p>\n<p>&nbsp;<\/p>\n<p>PROVINCIALE 20 DELLA VAL FIORENTINA, SELVA DI CADORE: DAL 14 FEBBRAIO AL 13 GIUGNO, CHIUSURA TOTALE TRA SOLATOR E IL CENTRO DEL PAESE ANCHE NEI GIORNI FESTIVI E PREFESTIVI, DAL CHILOMETRO 4.850 AL CHILOMETRO 5.100. TRANSITO CONSENTITO AI LOCALI CON TEMPI DI ATTESA MASSIMI STIMATI IN 30 MINUTI IN LOCALITA\u2019 SOLATOR DAL CHILOMETRO 4.400 AL CHILOMETRO 4.850<\/p>\n<p>DALL\u201911 APRILE AL 01 MAGGIO IN LOCALITA\u2019 LA MUDA DEVIAZIONE SU VIABILITA\u2019 PROVVISORIA PER IL COMPLETAMENTO DEL NUOVO ATTRAVERSAMENTO IDRAULICO RIO VAL SCURE LUNGO LA REGIONALE 203 AGORDINA<\/p>\n<p>sp346 SAN PELLEGRINO localita VALLADA dal 14 al 30 aprile senso unico alternato con semaforo<\/p>\n<p>sp347 DURAN E CEREDA (Comune di Valle di Cadore tra Cibiana e innesto Venas) dal 16 al 30 aprile (festivi e sabati esclusi) senso unico alternato con movieri. Interruzioni massimo 10 minuti.<\/p>\n<p>sp641 PASSO FEDAIA dal 27 aprile al 15 maggio (sabato e domenica compresi) senso unico alternato per sostituzione barriere laterali di sicurezza e conslidamento ciglio stradale<\/p>\n<p>PROVINCIALE 3 VAL IMPERINA, LOCALITA\u2019 CORDE MOLE VALESIN \u2013 TRA RIVAMONTE E GOSALDO \u2013 DAL 27 APRILE ALL\u20198 MAGGIO DALLE 8 ALLE 11.45 E DALLE 13.30 ALLE 17.30 TEMPORANEE INTERRUZIONI ALLA VIABILITA\u2019 DURATA MASSIMA 30 MINUTI PER LAVORI TAGLIO ALBERI<\/p>\n<p>&nbsp;<\/p>\n<hr \/>\n<p>&nbsp;<\/p>\n<p><img decoding=\"async\" class=\"aligncenter jetpack-lazy-image jetpack-lazy-image--handled\" src=\"https:\/\/i0.wp.com\/www.radiopiu.net\/wordpress\/wp-content\/uploads\/2018\/09\/WhatsApp-Image-2018-09-20-at-16.04.06.jpeg?resize=800%2C100&amp;ssl=1\" data-lazy-loaded=\"1\" \/><\/p>\n<p>&nbsp;<\/p>\n<p><center><b>Lunedi 27<\/b><\/center><b>Tempo atteso:\u00a0<\/b>Iniziale presenza di nubi medio-basse spesso estese, che localmente potranno risultare anche insistenti o potranno sollevarsi in giornata a contribuire alla formazione di addensamenti cumuliformi, che rimarranno comunque alternati a qualche tratto soleggiato. In questo contesto di variabilit\u00e0 non saranno esclusi locali fenomeni di instabilit\u00e0.<br \/>\n<b>Precipitazioni:\u00a0<\/b>Al mattino possibile qualche piovasco isolato (20\/40%), un po&#8217; pi\u00f9 probabile dalle ore centrali e al pomeriggio\/sera (40\/50%), possibili anche temporaleschi sulle Prealpi; limite delle eventuali deboli nevicate a 2300\/2400 m, a quote inferiori solo in caso di singoli rovesci pi\u00f9 intensi, con possibile graupel.<br \/>\n<b>Temperature:\u00a0<\/b>Senza variazioni di rilievo. Su Prealpi a 1500 m min 6\u00b0C max 10\u00b0C, a 2000 m min 3\u00b0C max 6\u00b0C. Su Dolomiti a 2000 m min 3\u00b0C max 6\u00b0C, a 3000 m min -3\u00b0C max -1\u00b0C.<br \/>\n<b>Venti:\u00a0<\/b>Deboli di direzione variabile nelle valli; in quota deboli\/moderati dai quadranti occidentali, a 5-15 km\/h a 2000 m, 15-25 km\/h a 3000 m.<\/p>\n<hr \/>\n<p><center><b>Martedi 28<\/b><\/center><b>Tempo atteso:\u00a0<\/b>Al mattino possibile persistenza delle probabili nubi medio-basse notturne, alternate a sprazzi di sereno; poi tempo in moderato peggioramento, con nuvolosit\u00e0 in intensificazione fino a cielo perlopi\u00f9 nuvoloso o molto nuvoloso al pomeriggio\/sera per attivit\u00e0 cumuliforme pi\u00f9 intensa, con crescente probabilit\u00e0 di fenomeni di instabilit\u00e0.<br \/>\n<b>Precipitazioni:\u00a0<\/b>Al mattino assenti, o limitate a sporadici piovaschi (20%); dal mezzogiorno i fenomeni diverranno pi\u00f9 frequenti e pi\u00f9 diffusi (70\/80%), spesso a carattere temporalesco, soprattutto sulle Prealpi. Limite delle nevicate in calo sulle Dolomiti da 2200\/2400 m a 2000 m circa in caso di rovesci intensi e di persistenza serale e notturna dei fenomeni.<br \/>\n<b>Temperature:\u00a0<\/b>Minime senza notevoli variazioni, massime in lieve calo. Su Prealpi a 1500 m min 6\u00b0C max 8\u00b0C, a 2000 m min 3\u00b0C max 5\u00b0C. Su Dolomiti a 2000 m min 3\u00b0C max 5\u00b0C, a 3000 m min -3\u00b0C max -2\u00b0C.<br \/>\n<b>Venti:\u00a0<\/b>Deboli di direzione variabile nelle valli; in quota deboli\/moderati da sud-ovest, a 5-15 km\/h a 2000 m, 15-25 km\/h a 3000 m.<\/p>\n<hr \/>\n<p><center><b>Mercoledi 29<\/b><\/center>Molte nubi tra notte e primo mattino, con rovesci e qualche temporale ancora diffusi, specie sulle Prealpi. I fenomeni saranno in temporanea attenuazione in mattinata e in possibile ripresa al pomeriggio; limite della neve attorno ai 2000 m, localmente inferiore nelle notte. Clima relativamente fresco. Venti temporaneamente da nord, anche con qualche rinforzo di Foehn al mattino, poi in rotazione a ovest.<\/p>\n<hr \/>\n<p><center><b>Giovedi 30<\/b><\/center>Occasionali schiarite fino al primo mattino, seguite da un rapido aumento della nuvolosit\u00e0 fino a cielo molto nuvoloso o coperto, con elevata probabilit\u00e0 di rovesci e temporali per buona parte della giornata, con limite della neve in possibile calo, specie sulle Dolomiti, fino sui 1700\/1800 m, e anche le vette prealpine pi\u00f9 elevate potranno essere imbiancate. Clima fresco per il periodo. Previsore: G.M.<\/p>\n","protected":false},"excerpt":{"rendered":"<p>PER\u00a0RICEVERE QUESTO NOTIZIARIO DIRETTAMENTE SUL TUO CELLULARE ISCRIVITI AL CANALE\u00a0TELEGRAM\u00a0\u201cRADIO PIU\u00a0 INFORMAZIONE\u201d OGGI SUL CORRIERE DELLE ALPI L&#8217;INCHIESTA DI FRANCESCO DAL MAS:\u00a0 &#8220;Sempre meno neve sulla Marmolada e adesso c&#8217;\u00e8 un&#8217;alga sul ghiacciaio. L&#8217;esperto Secchieri: \u00abUna volta a maggio avevamo il picco\u00bb Salton: \u00abTrovato lo stesso organismo che c&#8217;\u00e8 in Svizzera\u00bb \u2022 Conte annuncia la&hellip;<\/p>\n","protected":false},"author":4,"featured_media":133136,"comment_status":"closed","ping_status":"closed","sticky":false,"template":"","format":"standard","meta":{"_monsterinsights_skip_tracking":false,"_monsterinsights_sitenote_active":false,"_monsterinsights_sitenote_note":"","_monsterinsights_sitenote_category":0,"footnotes":""},"categories":[1,51,86],"tags":[],"class_list":["post-133106","post","type-post","status-publish","format-standard","has-post-thumbnail","hentry","category-senza-categoria","category-evidenza-top","category-gr","category-1","category-51","category-86","description-off"],"img_url":"https:\/\/www.radiopiu.net\/wordpress\/wp-content\/uploads\/2020\/04\/cbc6ea1b-e9b3-40ab-801a-14309defe4d6.jpg","_links":{"self":[{"href":"https:\/\/www.radiopiu.net\/wordpress\/wp-json\/wp\/v2\/posts\/133106","targetHints":{"allow":["GET"]}}],"collection":[{"href":"https:\/\/www.radiopiu.net\/wordpress\/wp-json\/wp\/v2\/posts"}],"about":[{"href":"https:\/\/www.radiopiu.net\/wordpress\/wp-json\/wp\/v2\/types\/post"}],"author":[{"embeddable":true,"href":"https:\/\/www.radiopiu.net\/wordpress\/wp-json\/wp\/v2\/users\/4"}],"replies":[{"embeddable":true,"href":"https:\/\/www.radiopiu.net\/wordpress\/wp-json\/wp\/v2\/comments?post=133106"}],"version-history":[{"count":0,"href":"https:\/\/www.radiopiu.net\/wordpress\/wp-json\/wp\/v2\/posts\/133106\/revisions"}],"wp:featuredmedia":[{"embeddable":true,"href":"https:\/\/www.radiopiu.net\/wordpress\/wp-json\/wp\/v2\/media\/133136"}],"wp:attachment":[{"href":"https:\/\/www.radiopiu.net\/wordpress\/wp-json\/wp\/v2\/media?parent=133106"}],"wp:term":[{"taxonomy":"category","embeddable":true,"href":"https:\/\/www.radiopiu.net\/wordpress\/wp-json\/wp\/v2\/categories?post=133106"},{"taxonomy":"post_tag","embeddable":true,"href":"https:\/\/www.radiopiu.net\/wordpress\/wp-json\/wp\/v2\/tags?post=133106"}],"curies":[{"name":"wp","href":"https:\/\/api.w.org\/{rel}","templated":true}]}}