{"id":133114,"date":"2020-04-26T12:31:01","date_gmt":"2020-04-26T10:31:01","guid":{"rendered":"https:\/\/www.radiopiu.net\/wordpress\/?p=133114"},"modified":"2020-04-26T13:28:51","modified_gmt":"2020-04-26T11:28:51","slug":"conferenza-stampa-del-presidente-del-veneto-luca-zaia-26-aprile-2020","status":"publish","type":"post","link":"https:\/\/www.radiopiu.net\/wordpress\/conferenza-stampa-del-presidente-del-veneto-luca-zaia-26-aprile-2020\/","title":{"rendered":"CONFERENZA STAMPA DEL PRESIDENTE DEL VENETO LUCA ZAIA 26 APRILE 2020"},"content":{"rendered":"<p><strong>VENEZIA<\/strong> Il Presidente del Veneto Luca Zaia nel punto stampa giornaliero relativo all&#8217;emergenza Covid-19.<\/p>\n<p><strong>I NUMERI<\/strong> tamponi 315037 (10 mila piu&#8217; di ieri) isolamento 8319 (-403), positivi 17471 (+80), ricoverati 1221 (-13) terapia intensiva 124 (-5), dimessi 2453 (+18) morti 1071 (+18) totale 1315. Nati 82<\/p>\n<h2>LEGGI LA CONFERENZA DI LUCA ZAIA<\/h2>\n<p><strong>Lo stress \u00e8 pericoloso &#8230; evitiamo di stressare la gente con tutti i rompipalle che conosciamo&#8230;<\/strong><\/p>\n<p><em>Non abbiamo inventato nulla, nessuna polemica rispetto le idee di tutti ma ho l&#8217;obbligo di difendere il lavoro del team, I veneti rispettano le regole ieri non ho visto scampagnate sul Piave. Oggi cabina di regia, alle ore 19 conferenza dei governatori. forse apriranno alcune imprese domani 27 aprile. Indiscrezioni dicono che la fase 2 stia di fatto prendendo sempre pi\u00f9 corpo. Potrebbe arrivare un Dcpm a notte tarda o domani mattina. La riapertura \u00e8 comunque competenza nazionale.<\/em><\/p>\n<p><strong>ORDINANZA<\/strong>: <strong>Cibi asporto<\/strong> nessun divieto da parte del Governo, si potr\u00e0 sempre uscire per acquistare generi alimentari (capitolo sportamenti) ha ammesso l&#8217;asporto per gli autogrill, La Regione ha permesso il consumo a domiclio come Emilia Romagna e Marche previa prenotazione<br \/>\n<strong>Cimiteri,<\/strong> nessuna chiusura del Governo ma circolare ministeriale non potrebbe essere altrimenti, il Governo non ha chiuso le chiese ma ha fermato le celebrazioni quindi per la propriet\u00e0 transitiva il cimitero non \u00e8 mati stato chiuso con DPCM. La Regione ha fatto l&#8217;ordinanza con tutte le regole le altre Regioni a macchia di leopardo, Assisi mai stato chiuso. <strong>Fiorerie<\/strong> vengono aperte dalla Regione e da una circolare governativa. Vestiti per bambini Dpcm che prevede l&#8217;apertura come per le cartolerie e la Regione si \u00e8 adeguata cos\u00ec come per le librerie.<strong> Orti<\/strong> il Governo della Faq ammette l&#8217;auto produzione &#8211; anche fuori Comune &#8211; ma non nelle seconde case. <strong>Lavori boschivi<\/strong> Nessuna disposizione dal Governo che con le Faq si dichiara favorevole. <strong>Lavori edilizi<\/strong> minori il Governo dice esclusa la costruzione tutto il resto ammesso. La Regione ha leggittimato le opere minori di filiera.<\/p>\n\n\t\t\t<style type='text\/css'>\n\t\t\t\t#gallery-1 {\n\t\t\t\t\tmargin: auto;\n\t\t\t\t}\n\t\t\t\t#gallery-1 .gallery-item {\n\t\t\t\t\tfloat: left;\n\t\t\t\t\tmargin-top: 10px;\n\t\t\t\t\ttext-align: center;\n\t\t\t\t\twidth: 33%;\n\t\t\t\t}\n\t\t\t\t#gallery-1 img {\n\t\t\t\t\tborder: 2px solid #cfcfcf;\n\t\t\t\t}\n\t\t\t\t#gallery-1 .gallery-caption {\n\t\t\t\t\tmargin-left: 0;\n\t\t\t\t}\n\t\t\t\t\/* see gallery_shortcode() in wp-includes\/media.php *\/\n\t\t\t<\/style>\n\t\t<div id='gallery-1' class='dt-gallery-container gallery galleryid-133114 gallery-columns-3 gallery-size-thumbnail'><dl class='gallery-item'>\n\t\t\t\t<dt class='gallery-icon landscape'>\n\t\t\t\t\t<a class=\"rollover\" href='https:\/\/www.radiopiu.net\/wordpress\/conferenza-stampa-del-presidente-del-veneto-luca-zaia-26-aprile-2020\/caa34e34-8a00-43f9-9fef-48a973988de0\/'><img loading=\"lazy\" decoding=\"async\" width=\"150\" height=\"150\" src=\"https:\/\/www.radiopiu.net\/wordpress\/wp-content\/uploads\/2020\/04\/caa34e34-8a00-43f9-9fef-48a973988de0-150x150.jpg\" class=\"attachment-thumbnail size-thumbnail\" alt=\"\" \/><\/a>\n\t\t\t\t<\/dt><\/dl><dl class='gallery-item'>\n\t\t\t\t<dt class='gallery-icon landscape'>\n\t\t\t\t\t<a class=\"rollover\" href='https:\/\/www.radiopiu.net\/wordpress\/conferenza-stampa-del-presidente-del-veneto-luca-zaia-26-aprile-2020\/e56a12f1-dbcd-4558-aa1d-f843a450fe2c\/'><img loading=\"lazy\" decoding=\"async\" width=\"150\" height=\"150\" src=\"https:\/\/www.radiopiu.net\/wordpress\/wp-content\/uploads\/2020\/04\/e56a12f1-dbcd-4558-aa1d-f843a450fe2c-150x150.jpg\" class=\"attachment-thumbnail size-thumbnail\" alt=\"\" \/><\/a>\n\t\t\t\t<\/dt><\/dl><dl class='gallery-item'>\n\t\t\t\t<dt class='gallery-icon landscape'>\n\t\t\t\t\t<a class=\"rollover\" href='https:\/\/www.radiopiu.net\/wordpress\/conferenza-stampa-del-presidente-del-veneto-luca-zaia-26-aprile-2020\/5498c004-55b4-4eb7-a47f-ce1a290012f4\/'><img loading=\"lazy\" decoding=\"async\" width=\"150\" height=\"150\" src=\"https:\/\/www.radiopiu.net\/wordpress\/wp-content\/uploads\/2020\/04\/5498c004-55b4-4eb7-a47f-ce1a290012f4-150x150.jpg\" class=\"attachment-thumbnail size-thumbnail\" alt=\"\" \/><\/a>\n\t\t\t\t<\/dt><\/dl><br style=\"clear: both\" \/><dl class='gallery-item'>\n\t\t\t\t<dt class='gallery-icon landscape'>\n\t\t\t\t\t<a class=\"rollover\" href='https:\/\/www.radiopiu.net\/wordpress\/conferenza-stampa-del-presidente-del-veneto-luca-zaia-26-aprile-2020\/9fd00a64-18e7-4081-a6e6-304be2606d60\/'><img loading=\"lazy\" decoding=\"async\" width=\"150\" height=\"150\" src=\"https:\/\/www.radiopiu.net\/wordpress\/wp-content\/uploads\/2020\/04\/9fd00a64-18e7-4081-a6e6-304be2606d60-150x150.jpg\" class=\"attachment-thumbnail size-thumbnail\" alt=\"\" \/><\/a>\n\t\t\t\t<\/dt><\/dl><dl class='gallery-item'>\n\t\t\t\t<dt class='gallery-icon landscape'>\n\t\t\t\t\t<a class=\"rollover\" href='https:\/\/www.radiopiu.net\/wordpress\/conferenza-stampa-del-presidente-del-veneto-luca-zaia-26-aprile-2020\/189919e6-5644-4ffd-8c48-be9ada1b310a\/'><img loading=\"lazy\" decoding=\"async\" width=\"150\" height=\"150\" src=\"https:\/\/www.radiopiu.net\/wordpress\/wp-content\/uploads\/2020\/04\/189919e6-5644-4ffd-8c48-be9ada1b310a-150x150.jpg\" class=\"attachment-thumbnail size-thumbnail\" alt=\"\" \/><\/a>\n\t\t\t\t<\/dt><\/dl><dl class='gallery-item'>\n\t\t\t\t<dt class='gallery-icon landscape'>\n\t\t\t\t\t<a class=\"rollover\" href='https:\/\/www.radiopiu.net\/wordpress\/conferenza-stampa-del-presidente-del-veneto-luca-zaia-26-aprile-2020\/32a2c0ab-459b-4191-a600-8d0d65c7b77a\/'><img loading=\"lazy\" decoding=\"async\" width=\"150\" height=\"150\" src=\"https:\/\/www.radiopiu.net\/wordpress\/wp-content\/uploads\/2020\/04\/32a2c0ab-459b-4191-a600-8d0d65c7b77a-150x150.jpg\" class=\"attachment-thumbnail size-thumbnail\" alt=\"\" \/><\/a>\n\t\t\t\t<\/dt><\/dl><br style=\"clear: both\" \/><dl class='gallery-item'>\n\t\t\t\t<dt class='gallery-icon landscape'>\n\t\t\t\t\t<a class=\"rollover\" href='https:\/\/www.radiopiu.net\/wordpress\/conferenza-stampa-del-presidente-del-veneto-luca-zaia-26-aprile-2020\/cbc6ea1b-e9b3-40ab-801a-14309defe4d6\/'><img loading=\"lazy\" decoding=\"async\" width=\"150\" height=\"150\" src=\"https:\/\/www.radiopiu.net\/wordpress\/wp-content\/uploads\/2020\/04\/cbc6ea1b-e9b3-40ab-801a-14309defe4d6-150x150.jpg\" class=\"attachment-thumbnail size-thumbnail\" alt=\"\" \/><\/a>\n\t\t\t\t<\/dt><\/dl><dl class='gallery-item'>\n\t\t\t\t<dt class='gallery-icon landscape'>\n\t\t\t\t\t<a class=\"rollover\" href='https:\/\/www.radiopiu.net\/wordpress\/conferenza-stampa-del-presidente-del-veneto-luca-zaia-26-aprile-2020\/acf2054e-766f-4a5c-ba48-43289bb0c4af\/'><img loading=\"lazy\" decoding=\"async\" width=\"150\" height=\"150\" src=\"https:\/\/www.radiopiu.net\/wordpress\/wp-content\/uploads\/2020\/04\/acf2054e-766f-4a5c-ba48-43289bb0c4af-150x150.jpg\" class=\"attachment-thumbnail size-thumbnail\" alt=\"\" \/><\/a>\n\t\t\t\t<\/dt><\/dl><dl class='gallery-item'>\n\t\t\t\t<dt class='gallery-icon landscape'>\n\t\t\t\t\t<a class=\"rollover\" href='https:\/\/www.radiopiu.net\/wordpress\/conferenza-stampa-del-presidente-del-veneto-luca-zaia-26-aprile-2020\/46ba1506-ba63-433e-82fe-ddee2c79cd8e\/'><img loading=\"lazy\" decoding=\"async\" width=\"150\" height=\"150\" src=\"https:\/\/www.radiopiu.net\/wordpress\/wp-content\/uploads\/2020\/04\/46ba1506-ba63-433e-82fe-ddee2c79cd8e-150x150.jpg\" class=\"attachment-thumbnail size-thumbnail\" alt=\"\" \/><\/a>\n\t\t\t\t<\/dt><\/dl><br style=\"clear: both\" \/>\n\t\t\t<\/div>\n\n<p>&nbsp;<\/p>\n<h2>DOMANDE<\/h2>\n<p><strong>COSA SI AUGURA DALL&#8217;INCONTRO CON IL GOVERNO<\/strong> Siamo pronti ad affrontare la sfida a seconda delle indicazioni del mondo scientifico coscienti del rischio e non sar\u00e0 una passeggiata finch\u00e8 ci sar\u00e0 il viurs. Vogliamo convivere o aspettare l&#8217;ultimo giorno del virus? La comunit\u00e0 scientifica vincola il parere e dovr\u00e0 esprimersi.<\/p>\n<p><strong>SPETTACOLI VIAGGIANT<\/strong>I In sofferenza come molti altri, come quelli del comparto turistico.<\/p>\n<p><strong>CASSE IN DEROGA A QUANDO I SOLDI?<\/strong> Spero preso, che arrivino i soldi, noi siamo pronti. l Veneto ha firmato una convenzione con le banche, che sono\u00a0 bloccate in attesa di provvedimenti nazionali.<\/p>\n<p><strong>AL MARE AL LAGO<\/strong> Se lo hai davanti a casa si puo&#8217; andare con distanze di\u00a0 un metro. In acqua\u00a0 ci siamo piano piano arriviamo anche in spiaggia. Quattro metri di distanza \u00e8 oltre droplet se il Governo dice che in acqua ci puo&#8217; essere un metro \u00e8 uguale anche fuori, poi decide l&#8217;operatore ulteriori metri di distanza. Dipende dalle spiagge e densit\u00e0 di ombrelloni, ma non ammetto che uscendo dall&#8217;acqua bisogna farsi la doccia col sapone bio dregradabile molto meglio il sale dell&#8217;acqua.<\/p>\n<p><strong>MASCHERINA OBBLIGATORIA SOLO IN ALCUNI CONTESTI?<\/strong> Non ne ho parlato con i presidenti, la comunit\u00e0 scientifica deve dare indicazioni univoche, il dato degli ospedali ci dice che solo 1,3% dei medici si \u00e8 infettato quindi serve. Abbiamo notizie di coronavirus veicolato in atmosfera, dell&#8217;aerosolo mentre si parla (invisibile). Ovvio che una bella respirata di chi ti schiaffa il coronavirus mentre passi te lo respiri.<\/p>\n<p><strong>LA REGIONE E&#8217; USCITA DAI SUOI POTERI DICE IL PREFETTO DI VENEZIA\u00a0<\/strong> Dico come ho detto prima abbiamo applicato le direttive del Governo le Faq fanno giurisprudenza, se il Ministro dice che si aprono le fiorerie o la partita degli orti \u00e8 definita dal Governo i cittadini me lo fanno notare. I Prefetti hanno ragione perch\u00e9 sono in difficolt\u00e0 ma noi applichiamo le leggi.<\/p>\n<p><strong>QUANDO RIAPERTURA VISITE SPECIALISTICHE?<\/strong> Dal 4 maggio, c&#8217;\u00e8 un gruppo di lavoro per definire le modalit\u00e0 di accesso agli ospedali. SI temono le infezioni, si auspica un afflusso responsabile. Noi consegneremo mascherine all&#8217;ingresso &#8211; meglio portarsele da casa &#8211; e misureremo all&#8217;entrata la temperatura.<\/p>\n<p><strong>DISTRIBUTORI AUTOMATICI APERTI?<\/strong> Tema affrontata ordinanza 40 messo su carta indicazioni. Si se \u00e8 all&#8217;interno senza assembramenti. All&#8217;esterno tabacchi e prodotti farmaceutici senza controllo fisico.<\/p>\n<p>&nbsp;<\/p>\n<p>&nbsp;<\/p>\n<p>https:\/\/www.facebook.com\/zaiaufficiale\/videos\/546379849609805\/<\/p>\n<p>&nbsp;<\/p>\n<p>https:\/\/www.facebook.com\/zaiaufficiale\/videos\/3141663462522587<\/p>\n","protected":false},"excerpt":{"rendered":"<p>VENEZIA Il Presidente del Veneto Luca Zaia nel punto stampa giornaliero relativo all&#8217;emergenza Covid-19. I NUMERI tamponi 315037 (10 mila piu&#8217; di ieri) isolamento 8319 (-403), positivi 17471 (+80), ricoverati 1221 (-13) terapia intensiva 124 (-5), dimessi 2453 (+18) morti 1071 (+18) totale 1315. Nati 82 LEGGI LA CONFERENZA DI LUCA ZAIA Lo stress \u00e8&hellip;<\/p>\n","protected":false},"author":4,"featured_media":121391,"comment_status":"closed","ping_status":"closed","sticky":false,"template":"","format":"standard","meta":{"_monsterinsights_skip_tracking":false,"_monsterinsights_sitenote_active":false,"_monsterinsights_sitenote_note":"","_monsterinsights_sitenote_category":0,"footnotes":""},"categories":[51,49],"tags":[],"class_list":["post-133114","post","type-post","status-publish","format-standard","has-post-thumbnail","hentry","category-evidenza-top","category-news-18","category-51","category-49","description-off"],"img_url":"https:\/\/www.radiopiu.net\/wordpress\/wp-content\/uploads\/2020\/03\/covid-zaia.jpg","_links":{"self":[{"href":"https:\/\/www.radiopiu.net\/wordpress\/wp-json\/wp\/v2\/posts\/133114","targetHints":{"allow":["GET"]}}],"collection":[{"href":"https:\/\/www.radiopiu.net\/wordpress\/wp-json\/wp\/v2\/posts"}],"about":[{"href":"https:\/\/www.radiopiu.net\/wordpress\/wp-json\/wp\/v2\/types\/post"}],"author":[{"embeddable":true,"href":"https:\/\/www.radiopiu.net\/wordpress\/wp-json\/wp\/v2\/users\/4"}],"replies":[{"embeddable":true,"href":"https:\/\/www.radiopiu.net\/wordpress\/wp-json\/wp\/v2\/comments?post=133114"}],"version-history":[{"count":0,"href":"https:\/\/www.radiopiu.net\/wordpress\/wp-json\/wp\/v2\/posts\/133114\/revisions"}],"wp:featuredmedia":[{"embeddable":true,"href":"https:\/\/www.radiopiu.net\/wordpress\/wp-json\/wp\/v2\/media\/121391"}],"wp:attachment":[{"href":"https:\/\/www.radiopiu.net\/wordpress\/wp-json\/wp\/v2\/media?parent=133114"}],"wp:term":[{"taxonomy":"category","embeddable":true,"href":"https:\/\/www.radiopiu.net\/wordpress\/wp-json\/wp\/v2\/categories?post=133114"},{"taxonomy":"post_tag","embeddable":true,"href":"https:\/\/www.radiopiu.net\/wordpress\/wp-json\/wp\/v2\/tags?post=133114"}],"curies":[{"name":"wp","href":"https:\/\/api.w.org\/{rel}","templated":true}]}}