{"id":133296,"date":"2020-04-28T05:58:28","date_gmt":"2020-04-28T03:58:28","guid":{"rendered":"https:\/\/www.radiopiu.net\/wordpress\/?p=133296"},"modified":"2020-04-28T10:50:59","modified_gmt":"2020-04-28T08:50:59","slug":"giornale-radiopiu-28-aprile-2020-direttore-mirko-mezzacasa","status":"publish","type":"post","link":"https:\/\/www.radiopiu.net\/wordpress\/giornale-radiopiu-28-aprile-2020-direttore-mirko-mezzacasa\/","title":{"rendered":"GIORNALE RADIOPIU 28 APRILE 2020 DIRETTORE MIRKO MEZZACASA"},"content":{"rendered":"<h3><strong>PER RICEVERE QUESTO NOTIZIARIO DIRETTAMENTE SUL TUO CELLULARE ISCRIVITI AL CANALE TELEGRAM\u00a0<\/strong><strong>\u201cRADIO PIU\u00a0 INFORMAZIONE\u201d<\/strong><\/h3>\n<p>&nbsp;<\/p>\n<hr \/>\n<div class=\"page-title-head hgroup\">\n<p>&nbsp;<\/p>\n<blockquote>\n<h3><a class=\"dt-pswp-item\" href=\"https:\/\/www.radiopiu.net\/wordpress\/wp-content\/uploads\/2020\/03\/CONTE-FIRMA-DPCM.jpg\" data-dt-img-description=\"\" data-large_image_width=\"860\" data-large_image_height=\"600\"><img loading=\"lazy\" decoding=\"async\" class=\" wp-image-121686 alignleft\" src=\"https:\/\/www.radiopiu.net\/wordpress\/wp-content\/uploads\/2020\/03\/CONTE-FIRMA-DPCM-300x209.jpg\" alt=\"\" width=\"125\" height=\"87\" srcset=\"https:\/\/www.radiopiu.net\/wordpress\/wp-content\/uploads\/2020\/03\/CONTE-FIRMA-DPCM-300x209.jpg 300w, https:\/\/www.radiopiu.net\/wordpress\/wp-content\/uploads\/2020\/03\/CONTE-FIRMA-DPCM-768x536.jpg 768w, https:\/\/www.radiopiu.net\/wordpress\/wp-content\/uploads\/2020\/03\/CONTE-FIRMA-DPCM.jpg 860w\" sizes=\"auto, (max-width: 125px) 100vw, 125px\" \/><\/a>IL NUOVO DPCM DEL 26 APRILE 2020<\/h3>\n<\/blockquote>\n<div class=\"page-title-head hgroup\">\n<h3 class=\"entry-title\"><a href=\"https:\/\/www.radiopiu.net\/wordpress\/wp-content\/uploads\/2020\/04\/DPCM-e-allegato-del-26-aprile-2020.pdf\">CLICCA QUI PER VISUALIZZARE IL DOCUMENTO<\/a><\/h3>\n<h3><\/h3>\n<p>&nbsp;<\/p>\n<hr \/>\n<\/div>\n<\/div>\n<p>&#8220;Molti cittadini <strong>non sono rimasti contenti delle nuove misure<\/strong>, lo stiamo vedendo. Questo \u00e8 anche comprensibile, <strong>tutti speravano di tornare presto alla normalit\u00e0 <\/strong>ma non ci sono le condizioni&#8221;. Cos\u00ec il premier Giuseppe Conte arrivando in prefettura a Milano. &#8220;Non \u00e8 questo il momento di mollare, <strong>non \u00e8 un liberi tutti<\/strong>&#8221; ha sottolineato. &#8220;Congiunti<strong> \u00e8 una formula un po\u2019 ampia e generica<\/strong> per dire che, e lo preciseremo, <strong>non si pu\u00f2 andare dagli amici <\/strong>in casa altrui e fare delle feste. Si andranno a trovare persone con cui ci sono<strong> rapporti di parentela o stabili relazioni affettive<\/strong>&#8221;<\/p>\n<div class=\"im_history_message_wrap\">\n<div class=\"im_message_date_split im_service_message_wrap\"><\/div>\n<div class=\"im_message_outer_wrap hasselect\" data-msg-id=\"335\">\n<div class=\"im_message_wrap clearfix\">\n<div class=\"im_content_message_wrap im_message_in\">\n<div class=\"im_message_body\">\n<div>\n<div class=\"im_message_text\" dir=\"auto\">&#x1f5de; <strong>RIEPILOGO DELLA GIORNATA<\/strong>\u00a0 \u2022<strong> Frena il virus<\/strong>: in Italia 1.739 casi in pi\u00f9, l\u2019aumento pi\u00f9 basso dal 10 marzo. <strong>Aumentano<\/strong> per\u00f2<strong> i decessi<\/strong>, 333 contro i 260 di domenica. Continua il calo dei ricoveri, -1.019 in un solo giorno. In tutto 199.414 i casi totali e <strong>26.977 le vittime<\/strong>; \u2022 Mattarella agli studenti:<strong> le scuole chiuse sono una ferita per tutti.<\/strong> Riapriranno quando sar\u00e0 possibile farlo in sicurezza;\u2022 Fase 2, <strong>il governo chiarisce<\/strong>: dal 4 maggio via libera alle visite anche <strong>per fidanzati e affetti stabili<\/strong>, vanno inseriti tra i &#8220;<strong>congiunti<\/strong>&#8221; insieme a &#8220;parenti e affini, coniuge, conviventi&#8221;; \u2022 Nel mondo superati i 3.000.000 contagi.<\/div>\n<div dir=\"auto\">\n<hr \/>\n<\/div>\n<\/div>\n<\/div>\n<\/div>\n<\/div>\n<\/div>\n<\/div>\n<p>&nbsp;<\/p>\n<h2><span style=\"color: #ff0000;\">DELUSI E ARRABBIATI INSORGONO PRETI E ANCHE I FARMACISTI PER LE MASCHERINE SOTTO COSTO<\/span><\/h2>\n<h2><span style=\"color: #00ff00;\">CONTE RICHIAMATO DALLA CHIESA ABBASSA IL CAPO E PROMETTE SPIRAGLI PER LE MESSE GIA&#8217; DAL 18 MAGGIO MA CHE DIFFERENZA DI RISCHIO C&#8217;E&#8217; TRA IL RITROVO IN CHIESA O ALLO STADIO?\u00a0<\/span> ALLE PROTESTE DEGLI AUTONOMI DELLA PARTITA IVA FA SPALLUCCE. SILENZIO TOTALE SU TEATRI, CINEMA E SPETTACOLI CON UNA CATEGORIA <span style=\"color: #ff0000;\">ORMAI ALLA CANNA DEL GAS. E&#8217; SCONTRO GOVERNO-REGIONI. PRIME PROTESTE DALL&#8217;AGORDINO DEGLI OPERATORI TURISTICI DA ROCCA PIETORE, SAVINER ED ALLEGHE.\u00a0<\/span><\/h2>\n<p><strong>di Mirko Mezzacasa\u00a0<\/strong><\/p>\n<p>Come prevedibile \u00e8 scontro tra Governo e Regioni,\u00a0 dall&#8217;Emilia il Governatore Bonaccini guarda il Premier Conte in cagnesco e chiede di anticipare le aperture di bar e negozi,\u00a0 dal Veneto Luca Zaia passa alle vie di fatto cambiando le regole, concedendo libera attivit\u00e0 motoria pure in bicicletta come ha deciso il collega alto atesino Kompatscher (non in gruppo e con protezioni) e aprendo anche alle seconde case, da questa mattina chi lo vorr\u00e0 (in ambito regionale) potr\u00e0 lasciare le citt\u00e0 per raggiungere il mare e la montagna con la motivazione &#8220;manutenzione ordinaria e straordinaria delle abitazioni di propriet\u00e0&#8221;. Da Roma il Governo \u00e8 pronto ad impugnare le ordinanze, per Conte \u00e8 avventato aprire tutto ma quello che dice non corrisponde a quello che fa, se da una parte ha &#8220;mazziato&#8221; gli autonomi, parrucchiere ed estetiste, bar e ristoranti in primis, dall&#8217;altra si prostra davanti ai preti ed alle critiche dall&#8217;alto,\u00a0 improvvisa dirette alle 20 della sera in prima serata e promette cambiamenti, due pesi e due misure in una Italia che pare apprezzare sempre meno il suo operato del &#8220;Vi concedo&#8221;. Sorridono i fidanzati, almeno loro, paragonati ai congiunti,\u00a0 quindi se morosi stabili potranno riabbracciarsi ed \u00e8 un&#8217;altra retromarcia di Giuseppe Conte dopo qualche ora di polemiche. In definitiva per il Premier \u00e8 una bocciatura senza appello ieri come oggi \u00e8 sommerso dalle critiche e il suo DPCM barcolla. E&#8217; significativo come il massimo rappresentante del Governo sia criticato anche da Stefano Bonaccini presidente dell&#8217;Emilia Romagna del PD &#8211;\u00a0 partito di maggioranza &#8211;\u00a0 e da\u00a0 Matteo Renzi che sostiene la politica delle Regioni nelle stesse ore in cui il Ministro Francesco Boccia ha dichiarato &#8220;Le Regioni possono apportare alcune modifiche non in contrasto con quanto deciso dal Governo&#8221;, infatti in Alto Adige, Friuli Venezia Giulia e Veneto \u00e8 accaduto l&#8217;esatto opposto. Luca Zaia va via convinto <em>&#8220;Prima mettiamo in sicurezza i cittadini e una volta &#8220;scafandrati&#8221; apriamo tutto ci\u00f2 che si pu\u00f2 aprire Non voglio giocare a battaglia navale con il Governo ma \u00e8 necessario trovare una posizione di equilibrio e convivere con il virus&#8221;.\u00a0<\/em>Altra preoccupazione \u00e8 il conflitto sociale in queste ore maggiormente alimentato <em>&#8220;Con chi mi chiama &#8211; ha detto Zaia &#8211; cerco di fare il pompiere&#8221;<\/em> Nel frattempo si rafforzano i servizi sociali perch\u00e9 ci sono persone chiuse in casa da due mesi che iniziano a dare di matto in un Veneto che non pretende il reddito di cittadinanza ma solo tornare al lavoro. Autocertificazione: cambier\u00e0 per la quinta volta, si esce per andare a trovare i parenti ma non si potr\u00e0 cenare assieme e vedere gli amici, nemmeno passeggiare per casa con un amico. In Italia aumentano le guarigioni (+1696 e 1739 contagiati in meno) e s&#8217;alleggeriscono le terapie intensive (53 in meno in 24 ore, ierii i pazienti ai respiratori sono 1596), cala anche il numero dei deceduti comunque sempre alto (333). Andamento positivo anche in Veneto con 357 guariti nelle 24 ore (7357), sono 8860 gli attualmente positivi, Vo&#8217; segna un nuovo caso di contagio e i soggetti positivi sono 5. Anche ieri 14 decessi in ospedale e altri 16 sul territorio per un totale di 1344 vittime dall&#8217;inizio dell&#8217;epidemia. Eseguiti 320.600 tamponi (+5633), persone in\u00a0 isolamento 8049 (-270), positivi 17579 (+108), ricoverati 1222 (+1), terapia intensiva 123 (-1), dimessi 2466 (+14), morti 1084 (+14). Sono 488 le vittime delle case di riposo da inizio epidemia anche se il 75% non ha fatto registrare contagi.\u00a0 L&#8217;assessore Manuela Lanzarin ha informato dell&#8217;incremento di 168 positivi che porta a 2.322 i casi dall&#8217;inizio dell&#8217;epidemia, dei quali 306 ricoverati in ospedale. Il 7% degli anziani ha contratto il virus, 6,4% la scorsa settimana. Mentre \u00e8 del 3,6% la percentuale degli operatori contagiati, con 101 nuovi casi, in totale 1.104 da inizio pandemia. Altri 4 decessi in provincia, due all&#8217;ospedale San Martino, altrettanti nelle case di riposo di Mel e Trichiana. In Provincia nelle ultime 24 ore 10 positivi in pi\u00f9,\u00a0 attualmente positivi 688, decessi 67 (dato cumulativo), 305 i negativizzati. Ospedale San Martino di Belluno 44 ricoverati in area non critica (+2), terapia intensiva 6 (-1), Ospedale comunit\u00e0 San Martino 19 (+3), Agordo 31 (0).\u00a0 Tamponi: 17.646 (+ 465) \u00a0in isolamento domiciliare fiduciario e sorveglianza attiva 1.266 (+ 16 rispetto a domenica).\u00a0\u00a0 Ieri \u00e8 stato il giorno delle proteste degli operatori turistici, da Rocca Pietore Lucia Farenzena presidente del Consorzio Operatori Turistici, da Saviner Gianni Pezz\u00e8 dell&#8217;albergo Aurora di Saviner e\u00a0 Sergio Pra proprietario di due alberghi tra Alleghe e Caprile. La protezione civile di Voltago potr\u00e0 contare su un aiuto in pi\u00f9, un telefono satellitare donato da EPCENTER consegnato ieri negli studi di RADIO PIU, un apparecchio simile \u00e8 stato donato anche alla radio per necessit\u00e0 ma anche per essere messo a disposizioni di altre associazioni di Protezione Civile nell&#8217;Agordino che ne avessero necessit\u00e0.<\/p>\n<p>&nbsp;<\/p>\n<p>&nbsp;<\/p>\n<p>&nbsp;<\/p>\n<hr \/>\n<p>&nbsp;<\/p>\n<p>&nbsp;<\/p>\n<blockquote class=\"wp-embedded-content\" data-secret=\"o6PTLZ2jta\"><p><a href=\"https:\/\/www.radiopiu.net\/wordpress\/aggiornamento-azienda-zero-27-aprile-2020\/\">14 DECESSI E 2 POSITIVI IN PIU&#8217; NELLA ULTIME 24 ORE UN PAZIENTE IN MENO IN TERAPIA INTENSIVA AGGIORNAMENTO AZIENDA ZERO 27 APRILE 2020 A BELLUNO ANCORA 10 POSITIVI E 5 PAZIENTI IN PIU&#8217; NEGLI OSPEDALI<\/a><\/p><\/blockquote>\n<p><iframe loading=\"lazy\" title=\"&#8220;14 DECESSI E 2 POSITIVI IN PIU&#8217; NELLA ULTIME 24 ORE UN PAZIENTE IN MENO IN TERAPIA INTENSIVA AGGIORNAMENTO AZIENDA ZERO 27 APRILE 2020 A BELLUNO ANCORA 10 POSITIVI E 5 PAZIENTI IN PIU&#8217; NEGLI OSPEDALI&#8221; &#8212; Radio Pi\u00f9\" class=\"wp-embedded-content\" sandbox=\"allow-scripts\" security=\"restricted\" style=\"position: absolute; clip: rect(1px, 1px, 1px, 1px);\" src=\"https:\/\/www.radiopiu.net\/wordpress\/aggiornamento-azienda-zero-27-aprile-2020\/embed\/#?secret=o6PTLZ2jta\" data-secret=\"o6PTLZ2jta\" width=\"600\" height=\"338\" frameborder=\"0\" marginwidth=\"0\" marginheight=\"0\" scrolling=\"no\"><\/iframe><\/p>\n<div class=\"page-title-head hgroup\">\n<div class=\"page-title-head hgroup\">\n<p>&nbsp;<\/p>\n<hr \/>\n<\/div>\n<p>&nbsp;<\/p>\n<div class=\"page-title-head hgroup\">\n<blockquote>\n<h3>AGGIORNAMENTO ULSS 1 DOLOMITI 27 APRILE 2020<\/h3>\n<\/blockquote>\n<p><strong>BELLUNO<\/strong>\u00a0GLI AGGIORNAMENTI DALLA ULSS 1 DOLOMITI<\/p>\n<p><strong>SORVEGLIANZA SANITARIA COVID-19\u00a0<\/strong>Numero totale tamponi effettuati per ricerca nCoV al 27 aprile 2020 <strong>17.646 (+ 465) <\/strong>Persone residenti in Ulss Dolomiti in isolamento domiciliare fiduciario e sorveglianza attiva al 27 aprile 2020: <b>1.266 (+ 16 rispetto ieri) <\/b>Alcuni tamponi sono stati effettuati pi\u00f9 volte sulle stesse persone<\/p>\n<p><a class=\"dt-pswp-item\" href=\"https:\/\/www.radiopiu.net\/wordpress\/wp-content\/uploads\/2020\/04\/Schermata-2020-04-27-alle-19.04.29.png\" data-dt-img-description=\"\" data-large_image_width=\"1354\" data-large_image_height=\"1734\"><img loading=\"lazy\" decoding=\"async\" class=\"alignnone wp-image-133486 \" src=\"https:\/\/www.radiopiu.net\/wordpress\/wp-content\/uploads\/2020\/04\/Schermata-2020-04-27-alle-19.04.29-800x1024.png\" alt=\"\" width=\"312\" height=\"400\" srcset=\"https:\/\/www.radiopiu.net\/wordpress\/wp-content\/uploads\/2020\/04\/Schermata-2020-04-27-alle-19.04.29-800x1024.png 800w, https:\/\/www.radiopiu.net\/wordpress\/wp-content\/uploads\/2020\/04\/Schermata-2020-04-27-alle-19.04.29-234x300.png 234w, https:\/\/www.radiopiu.net\/wordpress\/wp-content\/uploads\/2020\/04\/Schermata-2020-04-27-alle-19.04.29-768x984.png 768w, https:\/\/www.radiopiu.net\/wordpress\/wp-content\/uploads\/2020\/04\/Schermata-2020-04-27-alle-19.04.29-1199x1536.png 1199w, https:\/\/www.radiopiu.net\/wordpress\/wp-content\/uploads\/2020\/04\/Schermata-2020-04-27-alle-19.04.29.png 1354w\" sizes=\"auto, (max-width: 312px) 100vw, 312px\" \/><\/a><\/p>\n<p>&nbsp;<\/p>\n<p>&nbsp;<\/p>\n<hr \/>\n<p>&nbsp;<\/p>\n<p><strong>L&#8217;INTERVENTO DI GIANPAOLO BOTTACIN ASSESSORE DEL VENETO A RADIO PIU&#8217;<\/strong><\/p>\n<\/div>\n<\/div>\n<audio class=\"wp-audio-shortcode\" id=\"audio-133296-1\" preload=\"none\" style=\"width: 100%;\" controls=\"controls\"><source type=\"audio\/mpeg\" src=\"https:\/\/www.radiopiu.net\/wordpress\/wp-content\/uploads\/2020\/04\/BOTTACIN-9.mp3?_=1\" \/><a href=\"https:\/\/www.radiopiu.net\/wordpress\/wp-content\/uploads\/2020\/04\/BOTTACIN-9.mp3\">https:\/\/www.radiopiu.net\/wordpress\/wp-content\/uploads\/2020\/04\/BOTTACIN-9.mp3<\/a><\/audio>\n<p>&nbsp;<\/p>\n<hr \/>\n<p>&nbsp;<\/p>\n<div class=\"page-title-head hgroup\">\n<div class=\"page-title-head hgroup\">\n<div class=\"page-title-head hgroup\">\n<blockquote>\n<h3 class=\"entry-title\">CORONAVIRUS: ALTRI DUE LUTTI IN PROVINCIA, CINQUE DECESSI IN 48 ORE<\/h3>\n<\/blockquote>\n<\/div>\n<div class=\"page-title-breadcrumbs\">\n<p><strong><a class=\"dt-pswp-item\" href=\"https:\/\/www.radiopiu.net\/wordpress\/wp-content\/uploads\/2020\/03\/covid-ulss.jpg\" data-dt-img-description=\"\" data-large_image_width=\"800\" data-large_image_height=\"600\"><img loading=\"lazy\" decoding=\"async\" class=\" wp-image-121260 alignleft\" src=\"https:\/\/www.radiopiu.net\/wordpress\/wp-content\/uploads\/2020\/03\/covid-ulss-300x225.jpg\" alt=\"\" width=\"200\" height=\"150\" srcset=\"https:\/\/www.radiopiu.net\/wordpress\/wp-content\/uploads\/2020\/03\/covid-ulss-300x225.jpg 300w, https:\/\/www.radiopiu.net\/wordpress\/wp-content\/uploads\/2020\/03\/covid-ulss-768x576.jpg 768w, https:\/\/www.radiopiu.net\/wordpress\/wp-content\/uploads\/2020\/03\/covid-ulss.jpg 800w\" sizes=\"auto, (max-width: 200px) 100vw, 200px\" \/><\/a>BELLUNO<\/strong>\u00a0 Ancora due decessi ieri, \u00e8 mancato un uomo di 69 anni paziente ricoverato nel raperto malattie infettivi covid, residente nel bellunese e sempre nella notte \u00e8 mancato un uomo covid positivo di 72 anni ricoverato in terapia intensiva al San Martino di Belluno. Altri due decessi che si aggiungono ai tre di domenica negli ospedali bellunesi. All\u2019ospedale di comunit\u00e0 di Belluno, nella nottata del 25 aprile,\u00a0 si \u00e8 spento un uomo di 78 anni ricoverato nel reparto Medicina (area a bassa intensit\u00e0) e residente in Ulss Dolomiti. In mattinata ci ha lasciato una nonna di 91 anni ricoverata in Pneumologia Covid, anchessa residente in Ulss Dolomiti. Nel pomeriggio di oggi il terzo decesso. E\u2019 volato in cielo un uomo di 88 anni ricoverato in Malattie Infettive dell\u2019ospedale di Belluno<\/p>\n<p><strong>59 DECESSI NEGLI OSPEDALI BELLUNESI DAL 21 FEBBRAIO<\/strong> Ospedale San Martino di Belluno 39 (+2), Feltre 6, Belluno Ospedale di Comunit\u00e0 10, Agordo 1 e Pieve di Cadore 1.<\/p>\n<p>&nbsp;<\/p>\n<p>&nbsp;<\/p>\n<hr \/>\n<p>&nbsp;<\/p>\n<\/div>\n<blockquote>\n<h3>TAMPONI: LA SITUAZIONE IN REGIONE AL 27 APRILE<\/h3>\n<\/blockquote>\n<\/div>\n<\/div>\n<p><a class=\"dt-pswp-item\" href=\"https:\/\/www.radiopiu.net\/wordpress\/wp-content\/uploads\/2020\/04\/Schermata-2020-04-27-alle-11.42.21.png\" data-dt-img-description=\"\" data-large_image_width=\"1706\" data-large_image_height=\"554\"><img loading=\"lazy\" decoding=\"async\" class=\"alignnone wp-image-133329 size-large\" src=\"https:\/\/www.radiopiu.net\/wordpress\/wp-content\/uploads\/2020\/04\/Schermata-2020-04-27-alle-11.42.21-1024x333.png\" alt=\"\" width=\"1024\" height=\"333\" srcset=\"https:\/\/www.radiopiu.net\/wordpress\/wp-content\/uploads\/2020\/04\/Schermata-2020-04-27-alle-11.42.21-1024x333.png 1024w, https:\/\/www.radiopiu.net\/wordpress\/wp-content\/uploads\/2020\/04\/Schermata-2020-04-27-alle-11.42.21-300x97.png 300w, https:\/\/www.radiopiu.net\/wordpress\/wp-content\/uploads\/2020\/04\/Schermata-2020-04-27-alle-11.42.21-768x249.png 768w, https:\/\/www.radiopiu.net\/wordpress\/wp-content\/uploads\/2020\/04\/Schermata-2020-04-27-alle-11.42.21-1536x499.png 1536w, https:\/\/www.radiopiu.net\/wordpress\/wp-content\/uploads\/2020\/04\/Schermata-2020-04-27-alle-11.42.21.png 1706w\" sizes=\"auto, (max-width: 1024px) 100vw, 1024px\" \/><\/a><\/p>\n<p>&nbsp;<\/p>\n<p>&nbsp;<\/p>\n<hr \/>\n<p>&nbsp;<\/p>\n<h2>LEGGI LA CONFERENZA DEL PRESIDENTE LUCA ZAIA<\/h2>\n<p><strong>NUMERI Tamponi 320600 +5633, isolamento 8049 (-270), positivi 17579 (+108), ricoverati 1222 (+1), terapia intensiva 123 (-1), dimessi 2466 (+13), morti 1084 (+13) totali 1344 e nati 61. 75% delle case di riposo contagio zero.<\/strong><\/p>\n<p><strong>DOPO I PROCLAMI DI CONTE<\/strong><\/p>\n<p><em>non si pu\u00f2 fare cos\u00ec, noi dobbiamo trovare una condizione di equilibrio e sostenibile. L&#8217;appello che faccio \u00e8 che si rivedano queste misure. Sconfino io? Qua chi sconfina \u00e8 il Governo. La cassa integrazione \u00a0non arriva perch\u00e9 le banche aspettano l&#8217;ok del Governo. Non parlo per fare carriera politica ma a difesa dei veneti.\u00a0 C&#8217;\u00e8 gente disperata la situazione \u00e8 gravissima. Non cerco la rissa ma solo dare risposte e segnali di positivit\u00e0. \u00a0L&#8217;appello che faccio \u00e8 che si rivedano le misure\u00a0 di\u00a0 Conte.\u00a0<\/em><\/p>\n<p>Speravamo in un approccio diverso del Presidente del Consiglio, per quanto senso di responsabilit\u00e0 ci si possa mettere rileviamo che si stanno dando indicazioni che creano fibrillazione anche tra i veneti che non sono irresponsabili o bambini da educare. &#8220;Vi consentiremo&#8221; diceva Conte, siamo davanti ad un&#8217;emergenza con una grande comunit\u00e0 veneta chiusa in casa da due mesi. Il virus c&#8217;e&#8217; ma l&#8217;approccio deve essere pi\u00f9 razionale e vi dico quello che penso non con discorsi scritti, ci vuole razionalit\u00e0, il sacrificio si puo&#8217; fare, ma bisogna aprire come hanno fatto altre comunit\u00e0, il Comitato scientifico avr\u00e0 anche ragione \u00a0ma \u00e8 come se dicessimo che chiudiamo tutte le strade perch\u00e9 ci sono troppi incidenti:, un purista pensa alla perfezione pura, ma c&#8217;\u00e8 da tenere conto dell&#8217;equilibrio e dell&#8217;esperienza di vita.\u00a0 In un negozio i 40 metri quadri entra una persona e in un pulmman 15? Che logica \u00e8? Chi governa si prenda le briga di mettere in riga le cose non che continui con il freno a mano tirato. Sono stato criticato per le ordinanze, l&#8217;andare a prendersi la pizza \u00e8 diventato un caso nazionale ma puoi andare in farmacia, al tabacchino, al supermercato e non a prendere la pizza al taglio? Faccio un appello che si rivedano le misure. La violenza non serve a nulla ma questo \u00e8 il sistema migliore per alimentare il sistema sociale, la gente \u00e8 esasperata. Le elezioni non possiamo fare\u00a0 le elezioni a luglio ma da giugno aprono bar e ristorante. Le scuole, se si riaprono si pensi anche alla famgilie a Roma dicono che stanno lavorando ma il 4 maggio \u00e8 domani e i figli minori chi li accudir\u00e0? O si finanziano le baby sitter, il congedo famigliare, si riaprano le scuole, qualche cosa bisogna pur farlo. E&#8217; difficile affrontare il tema in questa maniera. Abbiamo migliaia di messaggi all&#8217;ora. Tutti dicono la stessa cosa e non sono certo complottisti. La gente vuole lavorare &#8211; forse non \u00e8 consuetudine dapperttutto\u00a0 &#8211; ma da noi la gente vuole andare a lavorare. Nessuno mi chiede il sussidio o il reddito di cittadinanza, la gente vuole ripartire lavorando.ma non certo per pensare ai soldi, noi manteniamo le nostre famiglie e il resto d&#8217;Italia con 150 miliardi di Pil, l&#8217;Italia non puo&#8217; dimenticare zone produttive come quelle del Nord. La nostra recessione \u00e8 quella dell&#8217;Italia. Dicono che sconfino? Il Governo ha sconfinato sollevando le Regioni e abbiamo accettato con senso di responsabilit\u00e0. Ma sconfino che? Visto che sconfino rispongo con praticit\u00e0.<\/p>\n<p><strong>NUOVA ORDINANZA in parte in vigore dalle 18 di oggi e in parte da domani mattina alle 6 affinch\u00e9 si abbia il tempo di avvisare i Prefetti e quindi le Forze dell&#8217;Ordine.\u00a0<\/strong><\/p>\n<p>1) consentito lo spostamento individuale per attivit\u00e0 motoria in tutto il territorio comunale senza limitazioni con obbligo del rispetto della distanza con accompagnamento minori e disabili con protezioni (dalle 18 di oggi). 2) consentito per i residenti in Regione spostarsi nel territorio regionale verso le seconde case o imbarcazioni fuori del Comune di residenza per le attivit\u00e0 di manutenzione per sicurezza del bene. Chi ha la seconda casa puo&#8217; andare a vedere se ha dei problemi \u00e8 legittimo che in Regione Veneto il proprietario possa raggiungere la seconda abitazione come il buon padre di famiglia (da domani mattina alle 6 alle 6)\u00a0 3) ammessa la vendita di cibo per asporto tramite veicolo senza uscita del passeggero 4) Negli ambienti di lavoro si applica il protocollo 5) Obbligo per tutte le persone di rispettare il metro di distanza, utilizzo guanti (igienizzatore) e mascherina.<\/p>\n<p>Se passano le norme nazionali i nostri autobus ne potranno portare un terzo e dovremo triplicarli, nonch\u00e9 raddoppiare i treni visto che potranno salire la met\u00e0 degli utenti rispetto a prima dell&#8217;epidemia. C&#8217;\u00e8 gente in difficolt\u00e0 sola da sessanta giorni, ci vuole rispetto e ho chiesto di potenziare i servizi di ascolto.<\/p>\n<div class=\"su-document su-u-responsive-media-yes\"><iframe loading=\"lazy\" src=\"\/\/docs.google.com\/viewer?embedded=true&url=https:\/\/www.radiopiu.net\/wordpress\/wp-content\/uploads\/2020\/04\/VENETO-NUOVA-ORDINANZA-27-APRILE-2020.pdf\" width=\"600\" height=\"800\" class=\"su-document\" title=\"prot\"><\/iframe><\/div>\n<h2>DOMANDE<\/h2>\n<p><strong>MA LE ORDINANZE DELLA REGIONE NON POSSONO ESSERE SOLO RESTRITTIVE? QUESTA ORDINANZA LE AMPLIA. I<\/strong>l Governo prevede che si puo&#8217; uscire da casa per andare a comperare cibo, l&#8217;asporto per me \u00e8 comperare cibo se qualcuno non \u00e8 d&#8217;accordo impugni l&#8217;ordinanza l&#8217;ho firmata io. Non sto giocando a battaglia navale se vogliono chiudere tutto lo facciano poi andiamo a Roma e gli portiamo le chiavi. Non sono il solo a pensarla cos\u00ec ma in buona compagnia con i miei colleghi.<\/p>\n<p><strong>SECONDE CASE<\/strong> Tutto ci\u00f2 che non e&#8217; vietato \u00e8 ammesso,<\/p>\n<p><strong>Sono state dette due cose non vere:<\/strong> che le Regioni non collaborano, forse alcune ma non certo il Veneto che ha sempre mandato tutto e non ha nulla da rimproverarsi. La Cassa Integrazione per noi \u00e8 ok non siamo stati inadempienti altrimenti si dicano i nomi delle Regioni, Quindi perch\u00e9 le Regioni cosa? Non siamo mica la Repubblica delle banane qui in Veneto. Non lo faccio certo per andare a Roma lasciatemi fuori da questi casini, ho il compito di difendere i veneti come quando ero Ministro dell&#8217;agricoltura e difendevo gli agricoltori. Non cerco la rissa con nessuno.<\/p>\n<p><strong>PARRUCCHIERI ED ESTETISTE<\/strong> hanno ragioni da vendere a protestare, non \u00e8 possibile pensare all&#8217;apertura il 1 giugno. E&#8217; ora di rovesciare il ragionamento. Loro partono dalla singola bottega per arrivare al cittadino. Partiamo dal cittadino e vediamo cosa serve per metterlo in sicurezza, una volta scafandrato puo&#8217; andare dappertutto. Gli esperti ragionano impresa per impresa e il sistema s&#8217;incaglia, non si puo&#8217; regolamentare tutto. Purtroppo non abbiamo la potest\u00e0 giuridica magari trovassimo appigli per riaprire le attivit\u00e0. Potremo fare qualche allargamento ma non riusciamo a riaprire le attivit\u00e0.<\/p>\n<p><strong>C&#8217;\u00e8 gente disperata<\/strong> non ha pi\u00f9 i soldi nemmeno per mangiare. Le fondazioni di consegna cibo per meno abbienti ci dice che c&#8217;\u00e8 chi non sbarca il lunario dobbiamo rimetterli in pista. L&#8217;ipotesi che perdiamo 50mila posti di lavoro, benestanti o gente che ba bisogno per vivere?<\/p>\n<p><strong>CIBO ASPORTO VALIDA ANCORA O DAL 4 MAGGIO<\/strong> Per noi \u00e8 valida se prima non lo prevedeva \u00e8 ancora pi\u00f9 vera adesso di prima. Ci vuole coraggio vietare alle persone di andare a comperarsi il cibo&#8230; ci vuole coraggio per farlo.<\/p>\n<p><strong>BAMBINI<\/strong> \u00a0il collega Bonaccin sta cercando di parlare con il ministro Azzolina per parlare di scuole. I ragazzi minorenni hanno necessit\u00e0 di essere accuditi.<\/p>\n<p><strong>TURISMO<\/strong>\u00a0 La Croazia fa accordi con la Germania, nostro primo cliente in assoluto creando un corridoio salva ferie. Cio\u00e8 turisti che potranno andare al mare in Croazia ma non in Italia.<\/p>\n<p><strong>PREOCCUPATO PER LE TENSIONI SOCIALI?<\/strong> Molto e sto facendo il pompiere. Meglio se il Governo di confronter\u00e0 con le Regioni.<\/p>\n<p>&nbsp;<\/p>\n<p>&nbsp;<\/p>\n<p>https:\/\/www.facebook.com\/zaiaufficiale\/videos\/253340165712636\/<\/p>\n<p>https:\/\/www.facebook.com\/zaiaufficiale\/videos\/742018009670224<\/p>\n<p>&nbsp;<\/p>\n<p>&nbsp;<\/p>\n<p>&nbsp;<\/p>\n<blockquote class=\"wp-embedded-content\" data-secret=\"1WwX1pnjBN\"><p><a href=\"https:\/\/www.radiopiu.net\/wordpress\/contagi-e-percentuale-infetti-popolazione-i-grafici-di-tiziano-de-col\/\">CONTAGI E PERCENTUALE INFETTI-POPOLAZIONE, I GRAFICI DI TIZIANO DE COL<\/a><\/p><\/blockquote>\n<p><iframe loading=\"lazy\" title=\"&#8220;CONTAGI E PERCENTUALE INFETTI-POPOLAZIONE, I GRAFICI DI TIZIANO DE COL&#8221; &#8212; Radio Pi\u00f9\" class=\"wp-embedded-content\" sandbox=\"allow-scripts\" security=\"restricted\" style=\"position: absolute; clip: rect(1px, 1px, 1px, 1px);\" src=\"https:\/\/www.radiopiu.net\/wordpress\/contagi-e-percentuale-infetti-popolazione-i-grafici-di-tiziano-de-col\/embed\/#?secret=1WwX1pnjBN\" data-secret=\"1WwX1pnjBN\" width=\"600\" height=\"338\" frameborder=\"0\" marginwidth=\"0\" marginheight=\"0\" scrolling=\"no\"><\/iframe><\/p>\n<p>&nbsp;<\/p>\n<p>&nbsp;<\/p>\n<hr \/>\n<p>&nbsp;<\/p>\n<div class=\"page-title-head hgroup\">\n<blockquote>\n<h3 class=\"entry-title\">MAPPA DEI CONTAGI, AGGIORNAMENTO DI LUNEDI 27 APRILE ORE 8,00<\/h3>\n<\/blockquote>\n<\/div>\n<div class=\"page-title-breadcrumbs\">\n<p class=\"photoswipe-wrapper\"><a class=\"dt-pswp-item pspw-wrap-ready\" href=\"https:\/\/i2.wp.com\/www.radiopiu.net\/wordpress\/wp-content\/uploads\/2020\/04\/e727ee8e-bc35-48e3-8ce8-4ed8454d2fb4.jpg?ssl=1\" data-dt-img-description=\"\" data-large_image_width=\"1550\" data-large_image_height=\"1600\"><img loading=\"lazy\" decoding=\"async\" class=\"wp-image-133344 alignleft jetpack-lazy-image jetpack-lazy-image--handled\" src=\"https:\/\/i2.wp.com\/www.radiopiu.net\/wordpress\/wp-content\/uploads\/2020\/04\/e727ee8e-bc35-48e3-8ce8-4ed8454d2fb4.jpg?resize=575%2C594&amp;ssl=1\" sizes=\"auto, (max-width: 575px) 100vw, 575px\" srcset=\"https:\/\/i2.wp.com\/www.radiopiu.net\/wordpress\/wp-content\/uploads\/2020\/04\/e727ee8e-bc35-48e3-8ce8-4ed8454d2fb4.jpg?resize=992%2C1024&amp;ssl=1 992w, https:\/\/i2.wp.com\/www.radiopiu.net\/wordpress\/wp-content\/uploads\/2020\/04\/e727ee8e-bc35-48e3-8ce8-4ed8454d2fb4.jpg?resize=291%2C300&amp;ssl=1 291w, https:\/\/i2.wp.com\/www.radiopiu.net\/wordpress\/wp-content\/uploads\/2020\/04\/e727ee8e-bc35-48e3-8ce8-4ed8454d2fb4.jpg?resize=768%2C793&amp;ssl=1 768w, https:\/\/i2.wp.com\/www.radiopiu.net\/wordpress\/wp-content\/uploads\/2020\/04\/e727ee8e-bc35-48e3-8ce8-4ed8454d2fb4.jpg?resize=1488%2C1536&amp;ssl=1 1488w, https:\/\/i2.wp.com\/www.radiopiu.net\/wordpress\/wp-content\/uploads\/2020\/04\/e727ee8e-bc35-48e3-8ce8-4ed8454d2fb4.jpg?w=1550&amp;ssl=1 1550w\" alt=\"\" width=\"227\" height=\"235\" data-recalc-dims=\"1\" data-lazy-loaded=\"1\" \/><\/a><\/p>\n<p>Ieri mattina il sindaco di Cortina Gianpietro Ghedina \u201c<em>in questi tre giorni il numero di positivi al Covid-19 \u00e8 visibilmente diminuito, portando da 78 a 65 casi (-13) nel territorio di Cortina d\u2019Ampezzo. Le persone in quarantena (isolamento domiciliare) rimangono 28. Continua la discesa della curva del contagio\u201d.<\/em><\/p>\n<p>Il sindaco i Rocca Pietore Andrea De Bernardin \u201c<em>I positivi sono passati ora dai 10 di qualche giorno fa ai 6 attuali. Le quarantene domiciliari non positivi sono passate da 9 a 6. Speriamo che questo trend prosegua\u201d<\/em><\/p>\n<p>&nbsp;<\/p>\n<p>&nbsp;<\/p>\n<hr \/>\n<p>&nbsp;<\/p>\n<div class=\"page-title-head hgroup\">\n<blockquote>\n<h3 class=\"entry-title\">CONTAGI COMUNE PER COMUNE IN DETTAGLIO, ATTUALMENTE INFETTI, GUARITI, TOTALE, NEGATIVIZZATI<\/h3>\n<\/blockquote>\n<\/div>\n<div class=\"page-title-breadcrumbs\">\n<p class=\"photoswipe-wrapper\"><a class=\"dt-pswp-item pspw-wrap-ready\" href=\"https:\/\/i0.wp.com\/www.radiopiu.net\/wordpress\/wp-content\/uploads\/2020\/04\/4e45ce73-d938-4e8b-9fee-ac0276966427.jpg?ssl=1\" data-dt-img-description=\"\" data-large_image_width=\"1217\" data-large_image_height=\"562\"><img loading=\"lazy\" decoding=\"async\" class=\"alignnone size-large wp-image-133439 jetpack-lazy-image jetpack-lazy-image--handled\" src=\"https:\/\/i0.wp.com\/www.radiopiu.net\/wordpress\/wp-content\/uploads\/2020\/04\/4e45ce73-d938-4e8b-9fee-ac0276966427.jpg?resize=1024%2C473&amp;ssl=1\" sizes=\"auto, (max-width: 1024px) 100vw, 1024px\" srcset=\"https:\/\/i0.wp.com\/www.radiopiu.net\/wordpress\/wp-content\/uploads\/2020\/04\/4e45ce73-d938-4e8b-9fee-ac0276966427.jpg?resize=1024%2C473&amp;ssl=1 1024w, https:\/\/i0.wp.com\/www.radiopiu.net\/wordpress\/wp-content\/uploads\/2020\/04\/4e45ce73-d938-4e8b-9fee-ac0276966427.jpg?resize=300%2C139&amp;ssl=1 300w, https:\/\/i0.wp.com\/www.radiopiu.net\/wordpress\/wp-content\/uploads\/2020\/04\/4e45ce73-d938-4e8b-9fee-ac0276966427.jpg?resize=768%2C355&amp;ssl=1 768w, https:\/\/i0.wp.com\/www.radiopiu.net\/wordpress\/wp-content\/uploads\/2020\/04\/4e45ce73-d938-4e8b-9fee-ac0276966427.jpg?w=1217&amp;ssl=1 1217w\" alt=\"\" width=\"1024\" height=\"473\" data-recalc-dims=\"1\" data-lazy-loaded=\"1\" \/><\/a><\/p>\n<p class=\"photoswipe-wrapper\"><a class=\"dt-pswp-item pspw-wrap-ready\" href=\"https:\/\/i2.wp.com\/www.radiopiu.net\/wordpress\/wp-content\/uploads\/2020\/04\/38baba76-1862-4afd-89b5-4e33e8a5dcff.jpg?ssl=1\" data-dt-img-description=\"\" data-large_image_width=\"1220\" data-large_image_height=\"605\"><img loading=\"lazy\" decoding=\"async\" class=\"alignnone size-large wp-image-133440 jetpack-lazy-image jetpack-lazy-image--handled\" src=\"https:\/\/i2.wp.com\/www.radiopiu.net\/wordpress\/wp-content\/uploads\/2020\/04\/38baba76-1862-4afd-89b5-4e33e8a5dcff.jpg?resize=1024%2C508&amp;ssl=1\" sizes=\"auto, (max-width: 1024px) 100vw, 1024px\" srcset=\"https:\/\/i2.wp.com\/www.radiopiu.net\/wordpress\/wp-content\/uploads\/2020\/04\/38baba76-1862-4afd-89b5-4e33e8a5dcff.jpg?resize=1024%2C508&amp;ssl=1 1024w, https:\/\/i2.wp.com\/www.radiopiu.net\/wordpress\/wp-content\/uploads\/2020\/04\/38baba76-1862-4afd-89b5-4e33e8a5dcff.jpg?resize=300%2C149&amp;ssl=1 300w, https:\/\/i2.wp.com\/www.radiopiu.net\/wordpress\/wp-content\/uploads\/2020\/04\/38baba76-1862-4afd-89b5-4e33e8a5dcff.jpg?resize=768%2C381&amp;ssl=1 768w, https:\/\/i2.wp.com\/www.radiopiu.net\/wordpress\/wp-content\/uploads\/2020\/04\/38baba76-1862-4afd-89b5-4e33e8a5dcff.jpg?w=1220&amp;ssl=1 1220w\" alt=\"\" width=\"1024\" height=\"508\" data-recalc-dims=\"1\" data-lazy-loaded=\"1\" \/><\/a><\/p>\n<p class=\"photoswipe-wrapper\"><a class=\"dt-pswp-item pspw-wrap-ready\" href=\"https:\/\/i1.wp.com\/www.radiopiu.net\/wordpress\/wp-content\/uploads\/2020\/04\/43c0a139-207d-4c93-8809-8d36d7b378aa.jpg?ssl=1\" data-dt-img-description=\"\" data-large_image_width=\"1218\" data-large_image_height=\"163\"><img loading=\"lazy\" decoding=\"async\" class=\"alignnone size-large wp-image-133441 jetpack-lazy-image jetpack-lazy-image--handled\" src=\"https:\/\/i1.wp.com\/www.radiopiu.net\/wordpress\/wp-content\/uploads\/2020\/04\/43c0a139-207d-4c93-8809-8d36d7b378aa.jpg?resize=1024%2C137&amp;ssl=1\" sizes=\"auto, (max-width: 1024px) 100vw, 1024px\" srcset=\"https:\/\/i1.wp.com\/www.radiopiu.net\/wordpress\/wp-content\/uploads\/2020\/04\/43c0a139-207d-4c93-8809-8d36d7b378aa.jpg?resize=1024%2C137&amp;ssl=1 1024w, https:\/\/i1.wp.com\/www.radiopiu.net\/wordpress\/wp-content\/uploads\/2020\/04\/43c0a139-207d-4c93-8809-8d36d7b378aa.jpg?resize=300%2C40&amp;ssl=1 300w, https:\/\/i1.wp.com\/www.radiopiu.net\/wordpress\/wp-content\/uploads\/2020\/04\/43c0a139-207d-4c93-8809-8d36d7b378aa.jpg?resize=768%2C103&amp;ssl=1 768w, https:\/\/i1.wp.com\/www.radiopiu.net\/wordpress\/wp-content\/uploads\/2020\/04\/43c0a139-207d-4c93-8809-8d36d7b378aa.jpg?w=1218&amp;ssl=1 1218w\" alt=\"\" width=\"1024\" height=\"137\" data-recalc-dims=\"1\" data-lazy-loaded=\"1\" \/><\/a><\/p>\n<p>&nbsp;<\/p>\n<p>&nbsp;<\/p>\n<hr \/>\n<\/div>\n<\/div>\n<p>&nbsp;<\/p>\n<div class=\"page-title-breadcrumbs\">\n<div class=\"page-title-breadcrumbs\">\n<blockquote>\n<h3>I NUMERI DELLA SORVEGLIANZA ATTIVA<\/h3>\n<\/blockquote>\n<p><b><a class=\"dt-pswp-item\" href=\"https:\/\/www.radiopiu.net\/wordpress\/wp-content\/uploads\/2020\/04\/SAM_1732-scaled.jpg\" data-dt-img-description=\"\" data-large_image_width=\"2560\" data-large_image_height=\"1920\"><img loading=\"lazy\" decoding=\"async\" class=\"size-medium wp-image-133483 alignleft\" src=\"https:\/\/www.radiopiu.net\/wordpress\/wp-content\/uploads\/2020\/04\/SAM_1732-300x225.jpg\" alt=\"\" width=\"300\" height=\"225\" srcset=\"https:\/\/www.radiopiu.net\/wordpress\/wp-content\/uploads\/2020\/04\/SAM_1732-300x225.jpg 300w, https:\/\/www.radiopiu.net\/wordpress\/wp-content\/uploads\/2020\/04\/SAM_1732-1024x768.jpg 1024w, https:\/\/www.radiopiu.net\/wordpress\/wp-content\/uploads\/2020\/04\/SAM_1732-768x576.jpg 768w, https:\/\/www.radiopiu.net\/wordpress\/wp-content\/uploads\/2020\/04\/SAM_1732-1536x1152.jpg 1536w, https:\/\/www.radiopiu.net\/wordpress\/wp-content\/uploads\/2020\/04\/SAM_1732-2048x1536.jpg 2048w\" sizes=\"auto, (max-width: 300px) 100vw, 300px\" \/><\/a>BELLUNO<\/b> Un lavoro immenso, spesso nascosto ma importantissimo. E\u2019 quelle dei team del Dipartimento di Prevenzione che si sono occupati della sorveglianza attiva delle persone in isolamento, delle indagini epidemiologiche, delle risposte alle richieste di informazioni al numero aziendale dedicato e al numero per i rientranti dall\u2019estero e della gestione del grande mole di dati epidemiologici.\u00a0Ecco qualche dato: Numero aziendale per informazioni sul COVID 0437\/514343 orario 8.00-20.00, 5 operatori dedicati, chiamate ricevute dal 29 febbraio 2020 al 26 aprile 2020: 3.270. Sorveglianza attiva\u00a0 12 operatori &#8211; orario su due turni 8.00 &#8211; 20.00 con il supporto della Protezione Civile del Veneto (ANA e Alpini in ferma). Ogni giorno contattano le persone in isolamento e registrano eventuale febbre\/sintomi, chiedono se hanno bisogno di assistenza psicologica, chiedono se hanno necessit\u00e0 di spesa alimentare o di farmaci, e forniscono indicazioni circa le modalit\u00e0 di raccolta e smaltimento dei rifiuti. Attualmente le persone in isolamento sono 1.266 che vengono quotidianamente contattate. Le chiamate da inizio emergenza sono oltre 50.800. Team indagini epidemiologiche: operatori dedicati 22 (quasi tutti dipendenti\u00a0+ alcuni volontari) che operano su due turni orario 8-20; volume medio attivit\u00e0: circa 10 indagini epidemiologiche al giorno con ricerca contatti\u00a0 (3.994 persone coinvolte nelle indagini dal 28.2.2020 al 27.4.2020). Al Dipartimento di prevenzione, inoltre, afferisce l\u2019 unit\u00e0 di crisi tamponi e test sierologici con 16 operatori (dipendenti) orario su due turni 8.00 &#8211; 20.00.<\/p>\n<p>&nbsp;<\/p>\n<hr \/>\n<p>&nbsp;<\/p>\n<\/div>\n<\/div>\n<div class=\"page-title-head hgroup\">\n<div class=\"page-title-head hgroup\">\n<blockquote>\n<h3 class=\"entry-title\">CAPITOLO \u201cDE COCCIO\u201d: IL RIASSUNTO DELLA SETTIMANA<\/h3>\n<\/blockquote>\n<\/div>\n<div class=\"page-title-breadcrumbs\">\n<p><strong>BELLUNO<\/strong>\u00a0La prefettura di Belluno ha distribuito i dati della settimana appena terminata in base ai controlli per il contenimento del Covid-19. Sono 93 le sanzioni inflitte dopo 4230 controlli delle Forze dell\u2019Ordine. Da segnalare anche 3 denunce in questa settimana. Nella giornata di domenica 13 multe e 417 persone controllate. Dal 16 marzo sono stati effettuati 27180 controlli con 993 sanzioni, 2 denunce per Covid-19 e 21 per altri reati. Per quanto riguarda le attivit\u00e0 commerciali, 7 titolari sanzionati questa settimana e 6612 gli esercizi controllati. 1051 controlli e nessuna infrazione segnalata nella giornata di domenica. Da inizio emergenza le attivit\u00e0 controllate sono 52811, 24 titolari sanzionati e 17 chiusure provvisorie, di cui 12 con sanzione amministrativa accessoria.<\/p>\n<p class=\"photoswipe-wrapper\"><a class=\"dt-pswp-item pspw-wrap-ready\" href=\"https:\/\/i1.wp.com\/www.radiopiu.net\/wordpress\/wp-content\/uploads\/2020\/04\/MONITORAGGIO_SERVIZI_DI_CONTROLLO_-_SETTIMANA_DAL_20-04_AL_26-04.jpg?ssl=1\" data-dt-img-description=\"\" data-large_image_width=\"1240\" data-large_image_height=\"1754\"><img loading=\"lazy\" decoding=\"async\" class=\"alignnone wp-image-133282 jetpack-lazy-image jetpack-lazy-image--handled\" src=\"https:\/\/i1.wp.com\/www.radiopiu.net\/wordpress\/wp-content\/uploads\/2020\/04\/MONITORAGGIO_SERVIZI_DI_CONTROLLO_-_SETTIMANA_DAL_20-04_AL_26-04.jpg?resize=724%2C1024&amp;ssl=1\" sizes=\"auto, (max-width: 724px) 100vw, 724px\" srcset=\"https:\/\/i1.wp.com\/www.radiopiu.net\/wordpress\/wp-content\/uploads\/2020\/04\/MONITORAGGIO_SERVIZI_DI_CONTROLLO_-_SETTIMANA_DAL_20-04_AL_26-04.jpg?resize=724%2C1024&amp;ssl=1 724w, https:\/\/i1.wp.com\/www.radiopiu.net\/wordpress\/wp-content\/uploads\/2020\/04\/MONITORAGGIO_SERVIZI_DI_CONTROLLO_-_SETTIMANA_DAL_20-04_AL_26-04.jpg?resize=212%2C300&amp;ssl=1 212w, https:\/\/i1.wp.com\/www.radiopiu.net\/wordpress\/wp-content\/uploads\/2020\/04\/MONITORAGGIO_SERVIZI_DI_CONTROLLO_-_SETTIMANA_DAL_20-04_AL_26-04.jpg?resize=768%2C1086&amp;ssl=1 768w, https:\/\/i1.wp.com\/www.radiopiu.net\/wordpress\/wp-content\/uploads\/2020\/04\/MONITORAGGIO_SERVIZI_DI_CONTROLLO_-_SETTIMANA_DAL_20-04_AL_26-04.jpg?resize=1086%2C1536&amp;ssl=1 1086w, https:\/\/i1.wp.com\/www.radiopiu.net\/wordpress\/wp-content\/uploads\/2020\/04\/MONITORAGGIO_SERVIZI_DI_CONTROLLO_-_SETTIMANA_DAL_20-04_AL_26-04.jpg?w=1240&amp;ssl=1 1240w\" alt=\"\" width=\"283\" height=\"400\" data-recalc-dims=\"1\" data-lazy-loaded=\"1\" \/><\/a><\/p>\n<p>&nbsp;<\/p>\n<p>&nbsp;<\/p>\n<hr \/>\n<p>&nbsp;<\/p>\n<blockquote>\n<h3>CORONAVIRUS E RIPARTENZA. DE CARLO: \u201cNESSUNA FASE 2, SOLO MORTI ANNUNCIATE PER LE AZIENDE. BASTA CODICI ATECO, RIAPRA CHI LAVORA IN SICUREZZA\u201d<\/h3>\n<\/blockquote>\n<p><strong>ROMA<\/strong> \u201cQuella annunciata ieri sera dal premier Conte non \u00e8 la ripartenza per la Fase 2: \u00e8 l&#8217;annuncio di morte di migliaia di aziende sui nostri territori per mano di un governo che insiste a ragionare in base ai codici Ateco invece di far lavorare chi \u00e8 in grado di garantire la sicurezza di lavoratori e clienti\u201d: questo il drammatico giudizio del deputato e coordinatore veneto di Fratelli d&#8217;Italia, Luca De Carlo, sul DPCM che entrer\u00e0 in vigore il prossimo 4 maggio.<\/p>\n<div style=\"width: 720px;\" class=\"wp-video\"><video class=\"wp-video-shortcode\" id=\"video-133296-1\" width=\"720\" height=\"480\" preload=\"metadata\" controls=\"controls\"><source type=\"video\/mp4\" src=\"https:\/\/www.radiopiu.net\/wordpress\/wp-content\/uploads\/2020\/04\/DE-CARLO-LUCA-FDI-RIAPERTURE-AZIENDE-NO-CODICI-ATECO-OK.mp4?_=1\" \/><a href=\"https:\/\/www.radiopiu.net\/wordpress\/wp-content\/uploads\/2020\/04\/DE-CARLO-LUCA-FDI-RIAPERTURE-AZIENDE-NO-CODICI-ATECO-OK.mp4\">https:\/\/www.radiopiu.net\/wordpress\/wp-content\/uploads\/2020\/04\/DE-CARLO-LUCA-FDI-RIAPERTURE-AZIENDE-NO-CODICI-ATECO-OK.mp4<\/a><\/video><\/div>\n<p>&nbsp;<\/p>\n<hr \/>\n<p>&nbsp;<\/p>\n<blockquote>\n<h3>CORONAVIRUS. OK IN VENETO A RISORSE PREMIO PER IL PERSONALE SANITARIO. ZAIA, \u201cPICCOLO DOVEROSO SEGNO DI GRATITUDINE PER UN LAVORO IMPAGABILE\u201d<\/h3>\n<\/blockquote>\n<p><strong><a class=\"dt-pswp-item\" href=\"https:\/\/www.radiopiu.net\/wordpress\/wp-content\/uploads\/2020\/04\/ZAIA-E-LANZARIN.jpg\" data-dt-img-description=\"\" data-large_image_width=\"2048\" data-large_image_height=\"2048\"><img loading=\"lazy\" decoding=\"async\" class=\"size-medium wp-image-132420 alignleft\" src=\"https:\/\/www.radiopiu.net\/wordpress\/wp-content\/uploads\/2020\/04\/ZAIA-E-LANZARIN-300x300.jpg\" alt=\"\" width=\"300\" height=\"300\" srcset=\"https:\/\/www.radiopiu.net\/wordpress\/wp-content\/uploads\/2020\/04\/ZAIA-E-LANZARIN-300x300.jpg 300w, https:\/\/www.radiopiu.net\/wordpress\/wp-content\/uploads\/2020\/04\/ZAIA-E-LANZARIN-1024x1024.jpg 1024w, https:\/\/www.radiopiu.net\/wordpress\/wp-content\/uploads\/2020\/04\/ZAIA-E-LANZARIN-150x150.jpg 150w, https:\/\/www.radiopiu.net\/wordpress\/wp-content\/uploads\/2020\/04\/ZAIA-E-LANZARIN-768x768.jpg 768w, https:\/\/www.radiopiu.net\/wordpress\/wp-content\/uploads\/2020\/04\/ZAIA-E-LANZARIN-1536x1536.jpg 1536w, https:\/\/www.radiopiu.net\/wordpress\/wp-content\/uploads\/2020\/04\/ZAIA-E-LANZARIN.jpg 2048w\" sizes=\"auto, (max-width: 300px) 100vw, 300px\" \/><\/a>VENEZIA<\/strong>\u00a0\u201c<em>Come ho pi\u00f9 volte detto era doveroso riconoscere a tutti i nostri angeli in camice un lavoro che, in realt\u00e0, \u00e8 impagabile. Questo \u00e8 solo un piccolo segno di gratitudine in pi\u00f9, che si affianca ai 4.850 euro che non abbiamo tolto dalle tasche dei nostri medici<span class=\"Apple-converted-space\">\u00a0 <\/span>perch\u00e9 da dieci anni siamo l\u2019unica Regione a non applicare l\u2019addizionale regionale Irpef sulla sanit\u00e0<\/em>\u201d.\u00a0Con queste parole, il Presidente della Regione Veneto, Luca Zaia,<span class=\"Apple-converted-space\">\u00a0 <\/span>commenta l\u2019approvazione unanime in Consiglio di un ordine del giorno che impegna la Giunta regionale a individuare specifiche risorse per remunerare le particolari condizioni dei lavoratori impegnati nell\u2019emergenza coronavirus e negli enti e aziende del servizio sanitario regionale.\u00a0\u201c<em>L\u2019invito approvato all\u2019unanimit\u00e0 poco fa dal Consiglio regionale trova in Giunta le porte spalancate \u2013 aggiunge l\u2019Assessore alla Sanit\u00e0 Manuela Lanzarin \u2013 e non a caso<span class=\"Apple-converted-space\">\u00a0 <\/span>ho gi\u00e0 fissato per domani due incontri con tutte le sigle sindacali del comparto e della dirigenza medica per individuare i criteri di valorizzazione del nostro personale sanitario<\/em>\u201d.\u00a0\u201c<em>Al Governo chiediamo di adoperarsi per la presentazione e approvazione in Parlamento \u2013 aggiunge la Lanzarin \u2013 degli emendamenti gi\u00e0 presentati dalla Conferenza delle Regioni, imprescindibili per rendere pienamente attuabile e compatibile con i vincoli esistenti l\u2019intervento di valorizzazione del personale<\/em>\u201d.\u00a0\u201cSiamo l\u2019unica Regione d\u2019Italia a non imporre ai veneti l\u2019addizionale Irpef regionale sulla sanit\u00e0 \u2013 conclude la Lanzarin &#8211; ma questo non ci impedir\u00e0 di trovare le risorse necessarie e dovute. La gratitudine sul piano umano doveva trovare anche una sua manifestazione concreta. Saranno soldi spesi benissimo per abbracciare anche in questo modo professionisti esemplari la cui bravura e abnegazione sta facendo il giro del mondo\u201d.<\/p>\n<p>&nbsp;<\/p>\n<p>&nbsp;<\/p>\n<hr \/>\n<p>&nbsp;<\/p>\n<blockquote>\n<h3><span style=\"font-size: large;\">FRACASSO (PD): \u201cINDENNIT\u00c0 AGGIUNTIVA PER SANITARI IN VENETO, VOTO UNANIME \u00c8 UN GRANDE RISULTATO&#8221;<\/span><\/h3>\n<\/blockquote>\n<p><strong>VENEZIA<\/strong>\u00a0<em>\u201cL\u2019indennit\u00e0 per gli operatori sanitari \u00e8 un riconoscimento doveroso per chi da settimane si trova davvero al fronte, mettendo a rischio la propria vita e magari quella dei propri cari. Siamo soddisfatti per l\u2019accoglimento all\u2019unanimit\u00e0 del nostro ordine del giorno, cos\u00ec come noi abbiamo votato a favore di quello presentato dalla maggioranza. \u00c8 un segnale importante che arriva da tutto il Consiglio<\/em>\u201d. Cos\u00ec il capogruppo dem Stefano Fracasso commenta l\u2019approvazione dell\u2019ordine del giorno, sottoscritto da tutta l\u2019opposizione, durante la seduta odierna sulla variazione di bilancio.\u00a0\u201c<em>La richiesta di impegno dei due Odg nella sostanza \u00e8 la stessa, c\u2019erano soltanto delle differenze nella forma. In Veneto, grazie anche all\u2019impegno costante di medici e operatori sanitari, sia negli ospedali che nelle realt\u00e0 territoriali, ci sono state criticit\u00e0 inferiori rispetto ad altre realt\u00e0: a maggior ragione dargli questo riconoscimento, un ringraziamento davvero concreto, era inevitabile. Questa era la nostra richiesta principale, fatta insieme a tutte le minoranze, bene che sia stata recepita senza voti contrari<\/em>\u201d<\/p>\n<p>&nbsp;<\/p>\n<p>&nbsp;<\/p>\n<hr \/>\n<p>&nbsp;<\/p>\n<blockquote>\n<h3>IL PD CHIEDE UN TAVOLO DI CONCERTAZIONE URGENTE<\/h3>\n<\/blockquote>\n<p><strong><a class=\"dt-pswp-item\" href=\"https:\/\/www.radiopiu.net\/wordpress\/wp-content\/uploads\/2018\/11\/PD.png\" data-dt-img-description=\"\" data-large_image_width=\"226\" data-large_image_height=\"182\"><img loading=\"lazy\" decoding=\"async\" class=\"size-full wp-image-67744 alignleft\" src=\"https:\/\/www.radiopiu.net\/wordpress\/wp-content\/uploads\/2018\/11\/PD.png\" alt=\"\" width=\"226\" height=\"182\" \/><\/a>VENEZIA\u00a0<\/strong>\u201cSubito un tavolo di concertazione tra Regione e sindaci per fare chiarezza sui provvedimenti da adottare per la ripartenza e stoppare cos\u00ec la confusione dettata dalle ordinanze del presidente Zaia\u201d. A chiederlo \u00e8 il gruppo consiliare del Partito Democratico.\u201cGli show quotidiani del governatore, attento all\u2019emergenza quanto alla propria campagna elettorale, rischiano di creare maggiori problemi di quanti si propone di risolvere. Venerd\u00ec 24 \u00e8 stato l\u2019ennesimo esempio: l\u2019annuncio di un\u2019ordinanza, entrata in vigore un paio di ore dopo, sulla riapertura di gelaterie, take away e specialmente cimiteri, con i sindaci all\u2019oscuro di tutto e assediati dalle richieste dei cittadini che si sono presentati davanti ai cancelli. E, ancora oggi, non sappiamo se \u00e8 possibile recarsi esclusivamente al cimitero del proprio comune di residenza o altrove. Lo stesso Zaia \u00e8 dovuto intervenire per chiarire alcuni punti dell\u2019ordinanza, ammissione implicita di un provvedimento scritto in fretta e male. \u201cL\u2019uomo solo al comando non funziona &#8211; concludono i consiglieri dem &#8211; perch\u00e9 poi sono i sindaci a dover fare i conti con i problemi concreti: per questo crediamo sia indispensabile e irrimandabile la creazione di un tavolo istituzionale che stabilisca regole certe e chiare\u201d.<\/p>\n<p>&nbsp;<\/p>\n<p>&nbsp;<\/p>\n<hr \/>\n<p>&nbsp;<\/p>\n<blockquote>\n<h3>SECONDE CASE E ATTIVITA&#8217; OUTDOOR IN MONTAGNA, UNCEM: NECESSARI APPROFONDIMENTI E CHIARIMENTI DEL DPCM<\/h3>\n<\/blockquote>\n<p><strong><a class=\"dt-pswp-item\" href=\"https:\/\/www.radiopiu.net\/wordpress\/wp-content\/uploads\/2020\/04\/UNCEM.jpg\" data-dt-img-description=\"\" data-large_image_width=\"500\" data-large_image_height=\"500\"><img loading=\"lazy\" decoding=\"async\" class=\" wp-image-133399 alignleft\" src=\"https:\/\/www.radiopiu.net\/wordpress\/wp-content\/uploads\/2020\/04\/UNCEM-300x300.jpg\" alt=\"\" width=\"193\" height=\"193\" srcset=\"https:\/\/www.radiopiu.net\/wordpress\/wp-content\/uploads\/2020\/04\/UNCEM-300x300.jpg 300w, https:\/\/www.radiopiu.net\/wordpress\/wp-content\/uploads\/2020\/04\/UNCEM-150x150.jpg 150w, https:\/\/www.radiopiu.net\/wordpress\/wp-content\/uploads\/2020\/04\/UNCEM.jpg 500w\" sizes=\"auto, (max-width: 193px) 100vw, 193px\" \/><\/a>ROMA<\/strong> Due temi particolarmente importanti per i territori e per gli Enti locali richiedono un approfondimento, dopo la presentazione del Dpcm da parte del Presidente Conte.\u00a0L&#8217;accesso alle &#8220;seconde case&#8221; e lo svolgimento di attivit\u00e0 outdoor\u00a0(camminate sui sentieri, utilizzo di bici su strada e non, arrampicata, altre iniziative ludico-sportive) in particolare nelle zone montane. Il Dpcm ribadisce che non sono consentiti spostamenti e che non sono consentite attivit\u00e0 all&#8217;aperto, ma Uncem chiede al Viminale di chiarire meglio la situazione, anche rispetto alle manutenzioni dei territori da parte di soggetti che non sono imprese (dunque terzo settore, volontariato organizzato). Sono molte le istanze di persone che nelle ultime ore hanno chiesto a Uncem chiarimenti in particolare sull&#8217;uso delle seconde case. Attendiamo al pi\u00f9 presto le circolari interpretative del Viminale per dare risposte.<\/p>\n<p>&nbsp;<\/p>\n<p>&nbsp;<\/p>\n<hr \/>\n<p>&nbsp;<\/p>\n<blockquote>\n<h3>TEMPESTA VAIA O COVID-19, IL VENETO NON SI FERMA<\/h3>\n<\/blockquote>\n<p><strong><a class=\"dt-pswp-item\" href=\"https:\/\/www.radiopiu.net\/wordpress\/wp-content\/uploads\/2019\/09\/Vaia-Val-Visdende.jpg\" data-dt-img-description=\"\" data-large_image_width=\"1920\" data-large_image_height=\"819\"><img loading=\"lazy\" decoding=\"async\" class=\"size-medium wp-image-97369 alignleft\" src=\"https:\/\/www.radiopiu.net\/wordpress\/wp-content\/uploads\/2019\/09\/Vaia-Val-Visdende-300x128.jpg\" alt=\"\" width=\"300\" height=\"128\" srcset=\"https:\/\/www.radiopiu.net\/wordpress\/wp-content\/uploads\/2019\/09\/Vaia-Val-Visdende-300x128.jpg 300w, https:\/\/www.radiopiu.net\/wordpress\/wp-content\/uploads\/2019\/09\/Vaia-Val-Visdende-768x328.jpg 768w, https:\/\/www.radiopiu.net\/wordpress\/wp-content\/uploads\/2019\/09\/Vaia-Val-Visdende-1024x437.jpg 1024w, https:\/\/www.radiopiu.net\/wordpress\/wp-content\/uploads\/2019\/09\/Vaia-Val-Visdende.jpg 1920w\" sizes=\"auto, (max-width: 300px) 100vw, 300px\" \/><\/a>BELLUNO<\/strong>\u00a0Dopo la pausa forzata dovuta all\u2019emergenza sanitaria per\u00a0Covid-19, sono ripresi da parte di\u00a0Veneto Agricoltura\u00a0gli interventi di ripristino nell\u2019ampia\u00a0area bellunese\u00a0colpita dalla\u00a0Tempesta Vaia.\u00a0Nel cantiere di\u00a0Rocca Pietore, epicentro del disastro, la squadra di operai forestali dell\u2019Agenzia regionale \u00e8 impegnata nella realizzazione di una serie di\u00a0opere di sistemazione idraulico-forestale\u00a0necessarie alla protezione di un territorio fortemente colpito. In tempi di emergenza per Coronavirus, la consueta dotazione di cantiere si arricchisce, ovviamente, anche dei pres\u00ecdi per la sicurezza degli operai.\u00a0Anche a\u00a0Lorenzago di Cadore, localit\u00e0 Parco dei Sogni, le squadre di operai di Veneto Agricoltura stanno realizzando &#8211; impiegando tecniche di\u00a0ingegneria naturalistica\u00a0\u2013 ben cinque distinte opere miste in legname e pietrame al fine di consolidare un percorso che rappresenta nell\u2019immaginario collettivo il\u00a0\u201cSentiero dei Papi Giovanni Paolo II\u00b0 e Benedetto XVI\u00b0\u201d. Ricordiamo, infatti, che i due Papi hanno soggiornato pi\u00f9 volte nel Castello di Mirabello a Lorenzago (appartenente alla curia di Venezia) nelle loro vacanze estive e spesso amavano\u00a0passeggiare\u00a0proprio lungo il Parco dei Sogni e fermarsi a meditare e pregare nei suggestivi scorci del percorso. A seguito della Tempesta Vaia, il rio\u00a0<em>Val de Pena<\/em>\u00a0e alcuni suoi affluenti secondari sono esondati causando ingenti danni al\u00a0percorso\u00a0quali frane, erosioni, smottamenti, schianti e sovrapposizione di detriti. Con questo progetto di ripristino, predisposto dalla Regione, Veneto Agricoltura prevede di\u00a0riconsolidare\u00a0il percorso mediante una serie di opere che consentiranno il transito pedonale e il passaggio dei mezzi forestali necessari alle cure colturali. Di pari passo, verr\u00e0 messo in sicurezza il rio Val de Pena mediante il ripristino di un\u2019ampia sezione di deflusso e la raccolta degli schianti finiti nell\u2019alveo.\u00a0Gli operai forestali di Veneto Agricoltura hanno invece gi\u00e0 concluso l\u2019intervento di rimozione di oltre 500 mc di detriti e di 200 mc di legname dal torrente Rudan a\u00a0Vodo di Cadore. I lavori sono stati caratterizzati da una grande attenzione per la predisposizione di misure di allerta e sicurezza per il rischio di colate detritiche, particolarmente pericolose e frequenti in questo torrente (il cui nome \u00e8 gi\u00e0 per stesso significativo: Ru dan) che scende dalle falde del Monte Antelao.\u00a0In\u00a0Val Visdende, una delle aree pi\u00f9 colpirte dalla Tempesta Vaia, la forza del vento aveva lasciato a terra oltre 350 mila mc di legname di Abete rosso. Una ferita profonda per una delle pi\u00f9\u00a0 belle valli delle Alpi. Oggi, mentre prosegue l&#8217;opera di recupero degli schianti e di messa in sicurezza del territorio, gli operai forestali di Veneto Agricoltura stanno avviando l&#8217;opera di reimpianto, raccogliendo le piantine nate nelle zone marginali dell&#8217;alveo del torrente e mettendole a dimora sulle pendici rimaste spoglie.\u00a0Un altro importante intervento realizzato dagli operai dell\u2019Agenzia regionale ha riguardato la strada forestale della\u00a0Val de Soccosta\u00a0in Comune di\u00a0Auronzo di Cadore. I lavori, per un importo complessivo di 40.000 euro, hanno consentito la riapertura del percorso che costeggia l\u2019omonimo torrente, danneggiato dagli eventi alluvionali dell\u2019autunno 2018. Importanti sono stati anche gli interventi eseguiti per la messa in sicurezza del torrente con la realizzazione ex novo o il ripristino delle opere di difesa longitudinali e trasversali. Anche in questo caso il personale ha risolto le notevoli difficolt\u00e0, come il far pervenire al cantiere i grandi massi ciclopici necessari per l&#8217;esecuzione delle opere progettate dalla Regione Veneto. Dato che i piccoli ponti non avrebbero retto il peso dei camion, i massi sono stati prima depositati lungo la sponda del torrente e quindi &#8220;traghettati&#8221; uno ad uno con un escavatore al di l\u00e0 dell&#8217;alveo e da qui caricati su un altro autocarro fino al cantiere. Una procedura lunga e paziente che ha reso possibile l&#8217;importante intervento di sistemazione dell\u2019area.\u00a0Tutti ricordano che gli eventi alluvionali della tempesta Vaia avevano colpito duro anche la citt\u00e0 di\u00a0Belluno. Alla confluenza del\u00a0Rio Paletta\u00a0sul Fiume Piave, il versante che lambisce le strutture sportive soprastanti era franato pericolosamente, tanto che la Regione Veneto, gi\u00e0 dopo pochi mesi, aveva predisposto un progetto di ripristino affidato a Veneto Agricoltura. L\u2019esecuzione degli interventi, per un importo complessivo di 50 mila euro, \u00e8 consistita nella realizzazione di una scogliera di sostegno della sponda, realizzata con massi ciclopici, lunga 25 m ed alta 2,70 e in cinque soglie trasversali sul corso d\u2019acqua, allo scopo diminuirne la pendenza e la forza erosiva delle acque. In questi giorni il cantiere \u00e8 in fase di\u00a0ultimazione: dopo aver ripristinato il terrapieno con circa 500 mc di materiale recuperato il loco, gli operai dell\u2019Agenzia stanno stendendo uno strato di terra vegetale, sul quale verr\u00e0 effettuata la semina a spaglio di un miscuglio di specie erbacee ricoperto successivamente da stuoie di juta, che proteggeranno il versante fino al suo rinverdimento.<\/p>\n<p>&nbsp;<\/p>\n<p>&nbsp;<\/p>\n<hr \/>\n<p>&nbsp;<\/p>\n<blockquote>\n<h3><b>CASSA INTEGRAZIONE IN DEROGA: IN VENETO 34.636 DOMANDE PER 113.085 LAVORATORI<span class=\"Apple-converted-space\">\u00a0<\/span><\/b><\/h3>\n<\/blockquote>\n<p><strong><a class=\"dt-pswp-item\" href=\"https:\/\/www.radiopiu.net\/wordpress\/wp-content\/uploads\/2015\/11\/lavoro-di-squadra-in-elevazione.jpg\" data-dt-img-description=\"\" data-large_image_width=\"1280\" data-large_image_height=\"959\"><img loading=\"lazy\" decoding=\"async\" class=\"size-medium wp-image-12903 alignleft\" src=\"https:\/\/www.radiopiu.net\/wordpress\/wp-content\/uploads\/2015\/11\/lavoro-di-squadra-in-elevazione-300x225.jpg\" alt=\"\" width=\"300\" height=\"225\" \/><\/a>VENEZIA<\/strong>\u00a0Ammontano a 34.636 le domande di cassa integrazione in deroga presentate in Veneto, a valere su 113.085 lavoratori (dati Veneto Lavoro, ultimo aggiornamento ore 10 di luned\u00ec<span class=\"Apple-converted-space\">\u00a0 <\/span>27 aprile 2020).\u00a0\u201cIl numero di richieste di ammortizzatori sociali in Veneto non \u00e8 mai stato cos\u00ec alto. La sola cassa integrazione in deroga, principalmente rivolta ad aziende con meno di 5 dipendenti, \u00e8 considerevole &#8211; spiega\u00a0Elena Donazzan, assessore regionale al Lavoro del Veneto &#8211; La lavorazione di ciascuna pratica prevede tempi tecnici che stiamo cercando in ogni modo di abbattere: abbiamo gi\u00e0 inviato all\u2019INPS circa 20 mila domande, e contiamo di esaurire quelle giacenti, circa 15 mila, entro la met\u00e0 di questa settimana. Siamo in attesa inoltre del nuovo decreto annunciato dal governo sugli ammortizzatori sociali, avendo di fatto, il Veneto<span class=\"Apple-converted-space\">\u00a0 <\/span>e le altre regioni italiane, esaurito le risorse\u201d.\u00a0\u201cPer migliorare e velocizzare, ove possibile, la risposta ai lavoratori, affinch\u00e9 possano avere al pi\u00f9 presto i soldi sul loro conto corrente, ho proposto all\u2019INPS di istituire una task force dedicata, che dovr\u00e0 essere utile anche nel prossimo futuro, quando si dovr\u00e0 quantificare l\u2019effettivo ammontare di ore utilizzate di cassa integrazione\u201d continua\u00a0Donazzan.<\/p>\n<p>&nbsp;<\/p>\n<p>&nbsp;<\/p>\n<hr \/>\n<p>&nbsp;<\/p>\n<blockquote>\n<h3>MAGGIORE LIQUIDITA&#8217; A DISPOSIZIONE DELLE PICCOLE MEDIE IMPRESE<\/h3>\n<\/blockquote>\n<p><strong><a class=\"dt-pswp-item\" href=\"https:\/\/www.radiopiu.net\/wordpress\/wp-content\/uploads\/2020\/04\/GRAZIANO-AZZALIN.jpg\" data-dt-img-description=\"\" data-large_image_width=\"287\" data-large_image_height=\"176\"><img loading=\"lazy\" decoding=\"async\" class=\"size-full wp-image-128505 alignleft\" src=\"https:\/\/www.radiopiu.net\/wordpress\/wp-content\/uploads\/2020\/04\/GRAZIANO-AZZALIN.jpg\" alt=\"\" width=\"287\" height=\"176\" \/><\/a>VENEZIA\u00a0<\/strong>&#8220;L\u2019ampliamento del Fondo regionale di garanzia \u00e8 una buona notizia per quelle imprese che rappresentano la spina dorsale dell\u2019economia veneta che nei prossimi mesi dovranno fare un ricorso massiccio al prestito\u201d. A dirlo \u00e8 Graziano Azzalin, consigliere del Partito Democratico e primo firmatario dell\u2019Ordine del giorno, sottoscritto dall\u2019intero gruppo, con cui si chiedeva di aumentare le risorse del Fondo regionale di garanzia per operazioni di riassicurazione del credito, approvato nel corso della seduta sulla variazione di bilancio. \u201cUna situazione eccezionale non poteva essere affrontata con una quantit\u00e0 di risorse pari a quelle stanziate per l\u2019attivit\u00e0 ordinaria del Fondo. Secondo le stime di Cna Veneto al 13 aprile il sistema economico regionale aveva perso circa il 4,4% del Pil annuo, mentre due aziende su tre dichiarano problemi di liquidit\u00e0. Sono dunque indispensabili pi\u00f9 soldi, altrimenti questi problemi sono destinati ad aumentare e le imprese saranno costrette a chiudere\u201d.<\/p>\n<p>&nbsp;<\/p>\n<p>&nbsp;<\/p>\n<hr \/>\n<p>&nbsp;<\/p>\n<blockquote>\n<h3>CANER: TURISMO CENERENTOLA NELLA FASE 2<\/h3>\n<\/blockquote>\n<p><strong><a class=\"dt-pswp-item\" href=\"https:\/\/www.radiopiu.net\/wordpress\/wp-content\/uploads\/2019\/02\/259-2019-Ass.-Caner-1.jpg\" data-dt-img-description=\"\" data-large_image_width=\"2000\" data-large_image_height=\"1333\"><img loading=\"lazy\" decoding=\"async\" class=\" wp-image-76841 alignleft\" src=\"https:\/\/www.radiopiu.net\/wordpress\/wp-content\/uploads\/2019\/02\/259-2019-Ass.-Caner-1-300x200.jpg\" alt=\"\" width=\"206\" height=\"137\" srcset=\"https:\/\/www.radiopiu.net\/wordpress\/wp-content\/uploads\/2019\/02\/259-2019-Ass.-Caner-1-300x200.jpg 300w, https:\/\/www.radiopiu.net\/wordpress\/wp-content\/uploads\/2019\/02\/259-2019-Ass.-Caner-1-768x512.jpg 768w, https:\/\/www.radiopiu.net\/wordpress\/wp-content\/uploads\/2019\/02\/259-2019-Ass.-Caner-1-1024x682.jpg 1024w, https:\/\/www.radiopiu.net\/wordpress\/wp-content\/uploads\/2019\/02\/259-2019-Ass.-Caner-1.jpg 2000w\" sizes=\"auto, (max-width: 206px) 100vw, 206px\" \/><\/a>VENEZIA<\/strong>\u00a0\u201c<em>Adesso il Governo deve cambiare registro e dare qualche certezza in pi\u00f9 a un settore che sta pagando un tracollo sanguinosissimo a causa innanzi tutto della pandemia, ma ora anche del logorante tergiversare sulle decisioni da prendere per avviare la cosiddetta \u2018fase 2\u2019. A Roma devono smetterla di riempirsi la bocca con vuoti e stucchevoli riconoscimenti della preziosit\u00e0 del turismo e poi non dare alcuna reale prospettiva di ripresa a questa economia<\/em>\u201d.\u00a0\u00c8 duro il giudizio dell\u2019assessore regionale Federico Caner sulle modalit\u00e0 di uscita dal lockdown illustrate ieri dal premier Giuseppe Conte, in particolare per quanto riguarda il settore turistico e il suo vasto indotto.\u00a0\u201c<em>Va bene il no al \u2018liberi tutti\u2019, va bene lavorare ai protocolli sulla sicurezza \u2013 afferma l\u2019assessore \u2013, ma non \u00e8 accettabile che si continui a rinviare ogni decisione sulle date di apertura e sulle regole certe per attuarla. Imprenditori e lavoratori hanno bisogno di sapere quando e come potranno tornare a fare il loro mestiere, perch\u00e9 siamo ormai al conto alla rovescia: se si aspetta ancora, la stagione estiva sar\u00e0 definitivamente e totalmente compromessa, per il mare come per la montagna, per il lago come per le terme e per tutte le altre destinazioni turistiche del Veneto<\/em>\u201d.\u00a0Caner, cos\u00ec come altri suoi colleghi, ha scritto oggi una lettera al coordinatore della Commissione Turismo delle Regioni d\u2019Italia, sollecitandolo a riproporre immediatamente un confronto con il Governo.<\/p>\n<p>&nbsp;<\/p>\n<p>&nbsp;<\/p>\n<hr \/>\n<p>&nbsp;<\/p>\n<blockquote>\n<h3 class=\"entry-title\">\u201cSIAMO NELL\u2019INCERTEZZA TOTALE\u201d AI MICROFONI DI RADIO PIU\u2019 L\u2019OPERATORE TURISTICO ED ALBERGATORE SERGIO PRA<\/h3>\n<\/blockquote>\n<p><img loading=\"lazy\" decoding=\"async\" class=\"alignleft jetpack-lazy-image jetpack-lazy-image--handled\" src=\"https:\/\/i2.wp.com\/www.radiopiu.net\/wordpress\/wp-content\/uploads\/2017\/03\/Sergio-Pra.jpg?resize=201%2C192&amp;ssl=1\" width=\"201\" height=\"192\" data-recalc-dims=\"1\" data-lazy-loaded=\"1\" \/><\/p>\n<p>&nbsp;<\/p>\n<p>&nbsp;<\/p>\n<p>&nbsp;<\/p>\n<p><strong>ALLEGHE<\/strong> Preoccupazione e delusione nelle parole di Sergio Pra proprietario di due alberghi tra Alleghe e Caprile.\u00a0 <em>\u201cSi aprono i musei e non si parla di turismo\u00a0<\/em><\/p>\n<\/div>\n<\/div>\n<audio class=\"wp-audio-shortcode\" id=\"audio-133296-2\" preload=\"none\" style=\"width: 100%;\" controls=\"controls\"><source type=\"audio\/mpeg\" src=\"https:\/\/www.radiopiu.net\/wordpress\/wp-content\/uploads\/2020\/04\/sergio-pra.mp3?_=2\" \/><a href=\"https:\/\/www.radiopiu.net\/wordpress\/wp-content\/uploads\/2020\/04\/sergio-pra.mp3\">https:\/\/www.radiopiu.net\/wordpress\/wp-content\/uploads\/2020\/04\/sergio-pra.mp3<\/a><\/audio>\n<p>&nbsp;<\/p>\n<p>&nbsp;<\/p>\n<hr \/>\n<p>&nbsp;<\/p>\n<div class=\"page-title-head hgroup\">\n<blockquote>\n<h3 class=\"entry-title\">LA MISURA E\u2019 COLMA, LA PRESA DI POSIZIONE DEL CONSORZIO TURISTICO MARMOLADA<\/h3>\n<\/blockquote>\n<\/div>\n<div class=\"page-title-breadcrumbs\">\n<h3><strong class=\"photoswipe-wrapper\"><a class=\"dt-pswp-item pspw-wrap-ready\" href=\"https:\/\/i2.wp.com\/www.radiopiu.net\/wordpress\/wp-content\/uploads\/2015\/12\/I010507-Marmolada_Punta-Rocca.jpg?ssl=1\" data-dt-img-description=\"\" data-large_image_width=\"1989\" data-large_image_height=\"1260\"><img loading=\"lazy\" decoding=\"async\" class=\"size-medium wp-image-14392 alignleft jetpack-lazy-image jetpack-lazy-image--handled\" src=\"https:\/\/i2.wp.com\/www.radiopiu.net\/wordpress\/wp-content\/uploads\/2015\/12\/I010507-Marmolada_Punta-Rocca.jpg?resize=300%2C190&amp;ssl=1\" sizes=\"auto, (max-width: 300px) 100vw, 300px\" srcset=\"https:\/\/i2.wp.com\/www.radiopiu.net\/wordpress\/wp-content\/uploads\/2015\/12\/I010507-Marmolada_Punta-Rocca.jpg?resize=300%2C190&amp;ssl=1 300w, https:\/\/i2.wp.com\/www.radiopiu.net\/wordpress\/wp-content\/uploads\/2015\/12\/I010507-Marmolada_Punta-Rocca.jpg?resize=1024%2C649&amp;ssl=1 1024w, https:\/\/i2.wp.com\/www.radiopiu.net\/wordpress\/wp-content\/uploads\/2015\/12\/I010507-Marmolada_Punta-Rocca.jpg?w=1989&amp;ssl=1 1989w\" alt=\"\" width=\"300\" height=\"190\" data-recalc-dims=\"1\" data-lazy-loaded=\"1\" \/><\/a><\/strong>Riceviamo e pubblichiamo la lettera di Lucia Farenzena, Presidente del Consorzio turistico Marmolada.<\/h3>\n<blockquote><p><em><strong>LA LETTERA<\/strong><\/em><\/p>\n<p><strong>\u00a0la fuoriuscita causer\u00e0 danni irreparabili.<\/strong><\/p><\/blockquote>\n<div class=\"page\" title=\"Page 1\">\n<div class=\"section\">\n<div class=\"layoutArea\">\n<div class=\"column\">\n<blockquote><p><em>A seguito della conferenza stampa di ieri sera, \u00e8 emersa un\u2019incertezza che ha spaventato gli animi di chi, come noi, era fiducioso del fatto che il turismo costituisce la prima partita da vincere per l\u2019Italia. Il Premier ha solo parlato di turismo, ma non ha dato soluzioni, nessuna vera risposta e non ha indicato come si debba agire in questo difficile contesto. Ora, stante la comprensione che possiamo avere per le difficolt\u00e0 della situazione, non possiamo pi\u00f9 permetterci di chiudere gli occhi di fronte a quella, che se non arginata con immediatezza, sar\u00e0 una delle pi\u00f9 grosse crisi che il turismo dovr\u00e0 subire. Quello che a volte si dimentica, \u00e8 che il turismo, non \u00e8 costruito solo di hotel, alloggi, b&amp;b, ma abbia al seguito una filiera importante e che le ricadute economiche di una stagnazione ricadrebbero su un intero indotto: lavoratori stagionali, fornitori, clienti senza certezze per le prenotazioni, operatori senza indicazioni vere su come e quando riaprire. Di turismo vivono i bar, i progettisti, i commercialisti, il singolo negozio, i benzinai, gli artigiani, i produttori agricoli ecc. In una zona come la nostra significherebbe avere un contraccolpo economico su una percentuale di abitanti che non possiamo far finta di non considerare. Pensiamo veramente che Luxottica riuscir\u00e0 ad assorbire quelli che saranno inoccupati la prossima estate? Servono risposte chiare, servono incentivi economici per non addivenire a quel depauperamento sociale ed economico del territorio che sar\u00e0 ineluttabile se continuano a chiudere gli occhi. Possiamo anche essere ottimisti rispetto al buon andamento che la montagna sembra avere, ma il calo delle presenze estere, la minor capacit\u00e0 di spesa degli italiani sar\u00e0 un volano che far\u00e0 un numero troppo alto di vittime che non riusciremo a sostenere senza azioni concrete da parte di chi ci governa. Le aziende operanti nel turismo non hanno una solidit\u00e0 economica certa dipendendo gi\u00e0 tra l\u2019altro da fattori come il clima e da noi parliamo soprattutto di famiglie. Le persone sono spaventate, preoccupate rispetto a questa totale incertezza e non possiamo continuare a logorare mentalmente la gente, non possiamo avere persone che non dormono di notte, e che addirittura pensano di non riaprire. Il presidente Conte parla di turismo senza avere conoscenza di cosa comporti il nostro settore e della vastit\u00e0 di benefici che porta la sua salute sull\u2019indotto. Servono risposte, e serve pressione da parte delle Istituzioni che rappresentano il comparto turistico, servono soldi immediatamente, e regole chiare. Il primo giugno \u00e8 una data credo insostenibile perch\u00e8 si possa attutire il contraccolpo. Nel rispetto delle regole bisogna riuscire ad aprire prima, altrimenti, come a Jesolo, vedremo cartelli vendesi e affittasi anche sulle nostre montagne. La partita del turismo \u00e8 la partita di tutti, non dimentichiamolo.<\/em><\/p>\n<p><em>Lucia Farenzena<\/em><br \/>\n<em>Presidente Consorzio Turistico Marmolada<\/em><\/p><\/blockquote>\n<p>&nbsp;<\/p>\n<p>&nbsp;<\/p>\n<hr \/>\n<p>&nbsp;<\/p>\n<blockquote>\n<h3 class=\"entry-title\">LO SFOGO DELL\u2019ALBERGATORE CHIUSO ANCORA PER UNA SETTIMANA E UN MESE, GRAZIE GIUSEPPE E GRAZIE POLITICI<\/h3>\n<\/blockquote>\n<p><strong>RICEVIAMO E VOLENTIERI PUBBLICHIAMO\u00a0<\/strong><\/p>\n<p><strong><img loading=\"lazy\" decoding=\"async\" class=\"alignleft jetpack-lazy-image jetpack-lazy-image--handled\" src=\"https:\/\/i1.wp.com\/www.radiopiu.net\/wordpress\/wp-content\/uploads\/2019\/05\/soldi-no.jpg?resize=237%2C158&amp;ssl=1\" width=\"237\" height=\"158\" data-recalc-dims=\"1\" data-lazy-loaded=\"1\" \/>ROCCA PIETORE<\/strong> Questa mattina mi sa che siamo tutti arrabbiati e non poco. Accendo la TV mentre \u00e8 in corso il solito dibattito tra politici, giornalisti e super tecnici. In tutto questo emerge che stanno dando soldi a destra e a manca come reddito di cittadinanza, lavoratori in nero perfino alle partite I.V.A. di attivit\u00e0 rimaste aperte qualora ne facciano domanda ed extra comunitari, ma non si trovano persone disposte ad andare al lavorare in agricoltura per la raccolta delle verdure ed ortaggi di stagione che puntualmente vengono buttati ed acquistati all\u2019estero Doppia\u00a0 beffa siamo una nazione talmente ridicola che pretende di essere rispettata in Europa e nel mondo senza averne i titoli, ma non per la popolazione che merita rispetto per tutte le doti positive e capacit\u00e0 singole o imprenditoriali, ma per una classe politica che non riesce a fare le cose semplici e giuste, ma che pensa solo alle sue tasche, il tutto assieme ai sindacati senza fare proposte serie per risollevare il Paese. Nessuno che rinuncia minimamente ai privilegi magari riducendosi lo stipendio. Non sarebbe logico che chi percepisce una sovvenzione dallo stato fosse obbligato a recarsi al lavoro presso quelle aziende agricole che ne hanno necessit\u00e0 con tutte le misure di precauzione, sicurezza e distanziamento sociale e che venissero pagati loro dalle aziende i contributi previdenziali in base alle ore di lavoro. Da noi si direbbe due\u00a0 piccioni con una\u00a0 fava, ma \u00e8 troppo facile fare le cose giuste e semplici. Potrei riaprire l\u2019Albergo anche solo per le ditte che devono fare i lavori per la messa in sicurezza del territorio, ma non ci sono ancora le norme chiare, non \u00e8 giusto rischiare. Ma la cosa che mi ha fatto incazzare pi\u00f9 di tutto \u00e8 che ne io ne mia moglie, soci nell\u2019azienda non abbiamo diritto dei 600 euro di marzo ne i prossimi 800, perch\u00e9 percepiamo la pensione ( per la sopravvivenza e bisogni personali mi pu\u00f2 star bene ) ma per le spese dell\u2019 attivit\u00e0 non mi par logico che debba utilizzare i soldi personali anche perch\u00e9, per questi pago ancora l\u2019 I.N.P.S. mi fanno reddito, giustamente e di conseguenza pago anche le tasse, come cumulo. Per la riaperture con tutte le incognite, manca ancora una settimana e un. Scusate lo sfogo ma questa \u00e8 la situazione Italia, Grazie Beppe e politici.<\/p>\n<p>Gianni Pezz\u00e8_Saviner di Rocca Pietore<\/p>\n<p>&nbsp;<\/p>\n<p>&nbsp;<\/p>\n<hr \/>\n<\/div>\n<p>&nbsp;<\/p>\n<blockquote>\n<h3>EP CENTER CONSEGNA UN DISPOSITIVO SATELLITARE ALLA PROTEZIONE CIVILE DI VOLTAGO<\/h3>\n<\/blockquote>\n<p><strong>RADIO PIU&#8217;<\/strong> Nello studio di Radio Pi\u00f9 \u00e8 stato consegnato un dispositivo satellitare per cellulare alla Protezione Civile di Voltago. Il dispositivo \u00e8 stato donato da EPCENTER. In studio: Giuseppe Schena, Michela da Ronch, Andrea Gnech della Protezione Civile di Voltago<\/p>\n<\/div>\n<\/div>\n<\/div>\n<\/div>\n<div style=\"width: 640px;\" class=\"wp-video\"><video class=\"wp-video-shortcode\" id=\"video-133296-2\" width=\"640\" height=\"368\" preload=\"metadata\" controls=\"controls\"><source type=\"video\/mp4\" src=\"https:\/\/www.radiopiu.net\/wordpress\/wp-content\/uploads\/2020\/04\/voltago-ep-center-ok.mp4?_=2\" \/><a href=\"https:\/\/www.radiopiu.net\/wordpress\/wp-content\/uploads\/2020\/04\/voltago-ep-center-ok.mp4\">https:\/\/www.radiopiu.net\/wordpress\/wp-content\/uploads\/2020\/04\/voltago-ep-center-ok.mp4<\/a><\/video><\/div>\n<p>&nbsp;<\/p>\n<h2><span style=\"color: #ff0000;\">ARCHIVIO RADIO PIU<\/span><\/h2>\n<blockquote class=\"wp-embedded-content\" data-secret=\"sBC9iNNPo8\"><p><a href=\"https:\/\/www.radiopiu.net\/wordpress\/dopo-la-tempesta-ce-il-sole-paesani-la-protezione-civile-e-al-vostro-fianco\/\">DOPO LA TEMPESTA C&#8217;E&#8217; IL SOLE: PAESANI, LA PROTEZIONE CIVILE E&#8217; AL VOSTRO FIANCO<\/a><\/p><\/blockquote>\n<p><iframe loading=\"lazy\" title=\"&#8220;DOPO LA TEMPESTA C&#8217;E&#8217; IL SOLE: PAESANI, LA PROTEZIONE CIVILE E&#8217; AL VOSTRO FIANCO&#8221; &#8212; Radio Pi\u00f9\" class=\"wp-embedded-content\" sandbox=\"allow-scripts\" security=\"restricted\" style=\"position: absolute; clip: rect(1px, 1px, 1px, 1px);\" src=\"https:\/\/www.radiopiu.net\/wordpress\/dopo-la-tempesta-ce-il-sole-paesani-la-protezione-civile-e-al-vostro-fianco\/embed\/#?secret=sBC9iNNPo8\" data-secret=\"sBC9iNNPo8\" width=\"600\" height=\"338\" frameborder=\"0\" marginwidth=\"0\" marginheight=\"0\" scrolling=\"no\"><\/iframe><\/p>\n<p>&nbsp;<\/p>\n<p>&nbsp;<\/p>\n<p>&nbsp;<\/p>\n<hr \/>\n<p>&nbsp;<\/p>\n<div class=\"page-title-breadcrumbs\">\n<div class=\"page\" title=\"Page 1\">\n<div class=\"section\">\n<div class=\"layoutArea\">\n<blockquote>\n<h3>GLI ALPINI DI BELLUNO DONANO 10 MILA EURO ALLA ULSS 1 DOLOMITI<\/h3>\n<\/blockquote>\n<p><strong><a class=\"dt-pswp-item\" href=\"https:\/\/www.radiopiu.net\/wordpress\/wp-content\/uploads\/2018\/10\/ana-alpini.png\" data-dt-img-description=\"\" data-large_image_width=\"225\" data-large_image_height=\"225\"><img loading=\"lazy\" decoding=\"async\" class=\"size-full wp-image-62421 alignleft\" src=\"https:\/\/www.radiopiu.net\/wordpress\/wp-content\/uploads\/2018\/10\/ana-alpini.png\" alt=\"\" width=\"225\" height=\"225\" srcset=\"https:\/\/www.radiopiu.net\/wordpress\/wp-content\/uploads\/2018\/10\/ana-alpini.png 225w, https:\/\/www.radiopiu.net\/wordpress\/wp-content\/uploads\/2018\/10\/ana-alpini-150x150.png 150w\" sizes=\"auto, (max-width: 225px) 100vw, 225px\" \/><\/a>BELLUNO<\/strong> La solidariet\u00e0 degli Alpini non va in quarantena e continua a sfornare esempi di concreta presenza a favore del territorio. La Sezione A.N.A. di Belluno, infatti, comunica con soddisfazione l\u2019esito della sottoscrizione lanciata qualche settimana fa e l\u2019avvenuta devoluzione, in data odierna, della somma raccolta a favore dell\u2019Ulss n. 1 Dolomiti per le necessit\u00e0 alle quali sar\u00e0 ritenuto opportuno destinarla. La somma raccolta &#8211; si tratta di 10.000,00 euro &#8211; \u00e8 frutto della contribuzione dei 44 Gruppi della Sezione, di singoli associati e di privati cittadini. Tra tutti costoro piace segnalare il commovente gesto di un bambino di otto anni che ha rotto il salvadanaio per destinare i suoi risparmi alla nostra iniziativa. \u00ab<em>I cittadini bellunesi \u2013 sottolinea il Presidente Angelo Dal Borgo &#8211; hanno dimostrato ulteriore fiducia nel senso di responsabilit\u00e0 e di impegno concreto degli Alpini dell\u2019A.N.A. che continuano ad essere esercitati anche attraverso l\u2019incessante attivit\u00e0 dei volontari della nostra Protezione Civile negli ospedali del territorio. A nome del Consiglio Direttivo Sezionale voglio ringraziare tutti coloro i quali hanno dimostrato fiducia nella nostra iniziativa e, nel contempo, chi continua con generosit\u00e0 ed encomiabile spirito di servizio a rendersi utile in questa difficile e tormentata fase della nostra vita civile<\/em>\u00bb.<\/p>\n<p>&nbsp;<\/p>\n<p>&nbsp;<\/p>\n<hr \/>\n<p>&nbsp;<\/p>\n<blockquote>\n<h3>IL GRUPPO SOMMOZZATORI DI FELTRE AIUTANO L&#8217;OSPEDALE FELTRINO<\/h3>\n<\/blockquote>\n<div class=\"column\">\n<p><strong><a class=\"dt-pswp-item\" href=\"https:\/\/www.radiopiu.net\/wordpress\/wp-content\/uploads\/2020\/04\/La-consegna-del-macchinario.jpeg\" data-dt-img-description=\"\" data-large_image_width=\"1024\" data-large_image_height=\"768\"><img loading=\"lazy\" decoding=\"async\" class=\"size-medium wp-image-133368 alignleft\" src=\"https:\/\/www.radiopiu.net\/wordpress\/wp-content\/uploads\/2020\/04\/La-consegna-del-macchinario-300x225.jpeg\" alt=\"\" width=\"300\" height=\"225\" srcset=\"https:\/\/www.radiopiu.net\/wordpress\/wp-content\/uploads\/2020\/04\/La-consegna-del-macchinario-300x225.jpeg 300w, https:\/\/www.radiopiu.net\/wordpress\/wp-content\/uploads\/2020\/04\/La-consegna-del-macchinario-768x576.jpeg 768w, https:\/\/www.radiopiu.net\/wordpress\/wp-content\/uploads\/2020\/04\/La-consegna-del-macchinario.jpeg 1024w\" sizes=\"auto, (max-width: 300px) 100vw, 300px\" \/><\/a>FELTRE<\/strong> Un grande esempio di solidariet\u00e0 sociale dal volontariato.\u00a0Il Gruppo Sommozzatori Feltre ha deciso di aiutare l\u2019Ulss 1 Dolomiti, in particolare il reparto di anestesia e rianimazione dell&#8217;ospedale di Feltre, fornendo un macchinario &#8211; un video endoscopio con luce led e testa per fibroscopi &#8211; estremamente utile in questo momento.\u00a0Inoltre ha\u00a0voluto contribuire a parte delle spese di gestione dell&#8217;emergenza e per la fornitura dei materiali sostenute dal Comune di Feltre, come ad esempio l&#8217;acquisto dei sacchetti biodegradabili per imbustare le mascherine distribuite alla popolazione.\u00a0L&#8217;investimento del Gruppo sommozzatori ammonta a 20.000 euro complessivi.<\/p>\n<p>&nbsp;<\/p>\n<p>&nbsp;<\/p>\n<hr \/>\n<p>&nbsp;<\/p>\n<blockquote>\n<h3>ASSOCIAZIONE DANZA AGORDINA, IL VIDEO DELLE RAGAZZE PIU&#8217; GIOVANI<\/h3>\n<\/blockquote>\n<p><strong>AGORDO<\/strong> Le ragazzine del gruppo hip hop1, con la loro maestra Valentina, non hanno voluto esser da meno delle loro &#8220;colleghe ballerine &#8221; pi\u00f9 grandi e hanno registrato dei pensieri e dei passi di danza : dai loro pensieri emerge quanto sia importante per loro il &#8220;trovarsi con le amiche&#8221;. Non potendolo fare per le limitazioni in atto, lo hanno fatto virtualmente utilizzando la danza per sentirsi assieme.<\/p>\n<div style=\"width: 720px;\" class=\"wp-video\"><video class=\"wp-video-shortcode\" id=\"video-133296-3\" width=\"720\" height=\"480\" preload=\"metadata\" controls=\"controls\"><source type=\"video\/mp4\" src=\"https:\/\/www.radiopiu.net\/wordpress\/wp-content\/uploads\/2020\/04\/A.D.A.-Hip-Hop-1-di-Valentina-OK.mp4?_=3\" \/><a href=\"https:\/\/www.radiopiu.net\/wordpress\/wp-content\/uploads\/2020\/04\/A.D.A.-Hip-Hop-1-di-Valentina-OK.mp4\">https:\/\/www.radiopiu.net\/wordpress\/wp-content\/uploads\/2020\/04\/A.D.A.-Hip-Hop-1-di-Valentina-OK.mp4<\/a><\/video><\/div>\n<p>&nbsp;<\/p>\n<hr \/>\n<p>&nbsp;<\/p>\n<blockquote class=\"wp-embedded-content\" data-secret=\"3vVWgalaSY\"><p><a href=\"https:\/\/www.radiopiu.net\/wordpress\/il-concerto-earth-day-il-messaggio-del-sindaco-di-auronzo\/\">IL CONCERTO EARTH DAY, IL MESSAGGIO DEL SINDACO DI AURONZO<\/a><\/p><\/blockquote>\n<p><iframe loading=\"lazy\" title=\"&#8220;IL CONCERTO EARTH DAY, IL MESSAGGIO DEL SINDACO DI AURONZO&#8221; &#8212; Radio Pi\u00f9\" class=\"wp-embedded-content\" sandbox=\"allow-scripts\" security=\"restricted\" style=\"position: absolute; clip: rect(1px, 1px, 1px, 1px);\" src=\"https:\/\/www.radiopiu.net\/wordpress\/il-concerto-earth-day-il-messaggio-del-sindaco-di-auronzo\/embed\/#?secret=3vVWgalaSY\" data-secret=\"3vVWgalaSY\" width=\"600\" height=\"338\" frameborder=\"0\" marginwidth=\"0\" marginheight=\"0\" scrolling=\"no\"><\/iframe><\/p>\n<p>&nbsp;<\/p>\n<hr \/>\n<p>&nbsp;<\/p>\n<blockquote class=\"wp-embedded-content\" data-secret=\"QkTDdcfPeA\"><p><a href=\"https:\/\/www.radiopiu.net\/wordpress\/la-canzone-del-ranocchio-alla-scuola-dellinfanzia-di-taibon\/\">LA CANZONE DEL RANOCCHIO ALLA SCUOLA DELL&#8217;INFANZIA DI TAIBON<\/a><\/p><\/blockquote>\n<p><iframe loading=\"lazy\" title=\"&#8220;LA CANZONE DEL RANOCCHIO ALLA SCUOLA DELL&#8217;INFANZIA DI TAIBON&#8221; &#8212; Radio Pi\u00f9\" class=\"wp-embedded-content\" sandbox=\"allow-scripts\" security=\"restricted\" style=\"position: absolute; clip: rect(1px, 1px, 1px, 1px);\" src=\"https:\/\/www.radiopiu.net\/wordpress\/la-canzone-del-ranocchio-alla-scuola-dellinfanzia-di-taibon\/embed\/#?secret=QkTDdcfPeA\" data-secret=\"QkTDdcfPeA\" width=\"600\" height=\"338\" frameborder=\"0\" marginwidth=\"0\" marginheight=\"0\" scrolling=\"no\"><\/iframe><\/p>\n<p>&nbsp;<\/p>\n<hr \/>\n<p>&nbsp;<\/p>\n<blockquote class=\"wp-embedded-content\" data-secret=\"cKkbfxjFwP\"><p><a href=\"https:\/\/www.radiopiu.net\/wordpress\/vittima-sulla-tofana-di-roces-lussato-puro-della-montagna-di-renato-bona\/\">VITTIMA SULLA TOFANA DI ROCES LUSSATO \u201cPURO DELLA MONTAGNA\u201d di Renato Bona<\/a><\/p><\/blockquote>\n<p><iframe loading=\"lazy\" title=\"&#8220;VITTIMA SULLA TOFANA DI ROCES LUSSATO \u201cPURO DELLA MONTAGNA\u201d di Renato Bona&#8221; &#8212; Radio Pi\u00f9\" class=\"wp-embedded-content\" sandbox=\"allow-scripts\" security=\"restricted\" style=\"position: absolute; clip: rect(1px, 1px, 1px, 1px);\" src=\"https:\/\/www.radiopiu.net\/wordpress\/vittima-sulla-tofana-di-roces-lussato-puro-della-montagna-di-renato-bona\/embed\/#?secret=cKkbfxjFwP\" data-secret=\"cKkbfxjFwP\" width=\"600\" height=\"338\" frameborder=\"0\" marginwidth=\"0\" marginheight=\"0\" scrolling=\"no\"><\/iframe><\/p>\n<p>&nbsp;<\/p>\n<hr \/>\n<p>&nbsp;<\/p>\n<\/div>\n<\/div>\n<\/div>\n<\/div>\n<\/div>\n<h2>IERI ALLA RADIO<\/h2>\n<p><a class=\"dt-pswp-item\" href=\"https:\/\/www.radiopiu.net\/wordpress\/wp-content\/uploads\/2020\/04\/aeroporto-viaggi.jpg\" data-dt-img-description=\"\" data-large_image_width=\"1920\" data-large_image_height=\"1280\"><img loading=\"lazy\" decoding=\"async\" class=\"size-medium wp-image-133333 alignleft\" src=\"https:\/\/www.radiopiu.net\/wordpress\/wp-content\/uploads\/2020\/04\/aeroporto-viaggi-300x200.jpg\" alt=\"\" width=\"300\" height=\"200\" srcset=\"https:\/\/www.radiopiu.net\/wordpress\/wp-content\/uploads\/2020\/04\/aeroporto-viaggi-300x200.jpg 300w, https:\/\/www.radiopiu.net\/wordpress\/wp-content\/uploads\/2020\/04\/aeroporto-viaggi-1024x683.jpg 1024w, https:\/\/www.radiopiu.net\/wordpress\/wp-content\/uploads\/2020\/04\/aeroporto-viaggi-768x512.jpg 768w, https:\/\/www.radiopiu.net\/wordpress\/wp-content\/uploads\/2020\/04\/aeroporto-viaggi-1536x1024.jpg 1536w, https:\/\/www.radiopiu.net\/wordpress\/wp-content\/uploads\/2020\/04\/aeroporto-viaggi.jpg 1920w\" sizes=\"auto, (max-width: 300px) 100vw, 300px\" \/><\/a><strong>CORONAVIRUS: RAIKA FAGHERAZZI, TOUR OPERATOR<\/strong><\/p>\n<p><strong>di Claudio Fontanive<\/strong><\/p>\n<audio class=\"wp-audio-shortcode\" id=\"audio-133296-3\" preload=\"none\" style=\"width: 100%;\" controls=\"controls\"><source type=\"audio\/mpeg\" src=\"https:\/\/www.radiopiu.net\/wordpress\/wp-content\/uploads\/2020\/04\/raika-fagherazzi-27-aprile-seconda-parte.mp3?_=3\" \/><a href=\"https:\/\/www.radiopiu.net\/wordpress\/wp-content\/uploads\/2020\/04\/raika-fagherazzi-27-aprile-seconda-parte.mp3\">https:\/\/www.radiopiu.net\/wordpress\/wp-content\/uploads\/2020\/04\/raika-fagherazzi-27-aprile-seconda-parte.mp3<\/a><\/audio>\n<p>&nbsp;<\/p>\n<p>&nbsp;<\/p>\n<blockquote class=\"wp-embedded-content\" data-secret=\"Rd17sWtIQy\"><p><a href=\"https:\/\/www.radiopiu.net\/wordpress\/venerdi-alla-radio-e-oggi-in-replica-alle-15-10-dettagliato-speciale-sulla-piscina-di-agordo-con-giorgio-de-nardin\/\">VENERDI ALLA RADIO E OGGI IN REPLICA ALLE 15.10 DETTAGLIATO SPECIALE SULLA PISCINA DI AGORDO CON GIORGIO DE NARDIN<\/a><\/p><\/blockquote>\n<p><iframe loading=\"lazy\" title=\"&#8220;VENERDI ALLA RADIO E OGGI IN REPLICA ALLE 15.10 DETTAGLIATO SPECIALE SULLA PISCINA DI AGORDO CON GIORGIO DE NARDIN&#8221; &#8212; Radio Pi\u00f9\" class=\"wp-embedded-content\" sandbox=\"allow-scripts\" security=\"restricted\" style=\"position: absolute; clip: rect(1px, 1px, 1px, 1px);\" src=\"https:\/\/www.radiopiu.net\/wordpress\/venerdi-alla-radio-e-oggi-in-replica-alle-15-10-dettagliato-speciale-sulla-piscina-di-agordo-con-giorgio-de-nardin\/embed\/#?secret=Rd17sWtIQy\" data-secret=\"Rd17sWtIQy\" width=\"600\" height=\"338\" frameborder=\"0\" marginwidth=\"0\" marginheight=\"0\" scrolling=\"no\"><\/iframe><\/p>\n<h2><span style=\"color: #ff0000;\"><strong>I DIARI DEL PESCE ROSSO<\/strong><\/span><\/h2>\n<p><iframe loading=\"lazy\" class=\"wp-embedded-content\" title=\"\u201cDiari del pesce rosso\u201d \u2014 Radio Pi\u00f9\" src=\"https:\/\/www.radiopiu.net\/wordpress\/diari-del-pesce-rosso\/embed\/#?secret=YKsPMYpEez\" width=\"600\" height=\"200\" frameborder=\"0\" marginwidth=\"0\" marginheight=\"0\" scrolling=\"no\" sandbox=\"allow-scripts\" data-secret=\"YKsPMYpEez\" data-mce-fragment=\"1\"><\/iframe><\/p>\n<h3><\/h3>\n<h2><span style=\"color: #ff6600;\">007 IN CONDOTTA\u00a0<\/span><\/h2>\n<blockquote class=\"wp-embedded-content\" data-secret=\"UPrWxFBjBt\"><p><a href=\"https:\/\/www.radiopiu.net\/wordpress\/le-mamme\/\">Le mamme<\/a><\/p><\/blockquote>\n<p><iframe loading=\"lazy\" title=\"&#8220;Le mamme&#8221; &#8212; Radio Pi\u00f9\" class=\"wp-embedded-content\" sandbox=\"allow-scripts\" security=\"restricted\" style=\"position: absolute; clip: rect(1px, 1px, 1px, 1px);\" src=\"https:\/\/www.radiopiu.net\/wordpress\/le-mamme\/embed\/#?secret=UPrWxFBjBt\" data-secret=\"UPrWxFBjBt\" width=\"600\" height=\"338\" frameborder=\"0\" marginwidth=\"0\" marginheight=\"0\" scrolling=\"no\"><\/iframe><\/p>\n<p><strong>RACCOLTA COMPLETA<\/strong><\/p>\n<blockquote class=\"wp-embedded-content\" data-secret=\"RUFmVH3aHb\"><p><a href=\"https:\/\/www.radiopiu.net\/wordpress\/007incondotta-2-2\/\">007 in condotta<\/a><\/p><\/blockquote>\n<p><iframe loading=\"lazy\" title=\"&#8220;007 in condotta&#8221; &#8212; Radio Pi\u00f9\" class=\"wp-embedded-content\" sandbox=\"allow-scripts\" security=\"restricted\" style=\"position: absolute; clip: rect(1px, 1px, 1px, 1px);\" src=\"https:\/\/www.radiopiu.net\/wordpress\/007incondotta-2-2\/embed\/#?secret=RUFmVH3aHb\" data-secret=\"RUFmVH3aHb\" width=\"600\" height=\"338\" frameborder=\"0\" marginwidth=\"0\" marginheight=\"0\" scrolling=\"no\"><\/iframe><\/p>\n<p>&nbsp;<\/p>\n<p>&nbsp;<\/p>\n<p>&nbsp;<\/p>\n<h2><span style=\"color: #33cccc;\"><strong>I RACCONTI DI PAOLO SOPPELSA\u00a0<\/strong><\/span><\/h2>\n<p><strong>SASSO BIANCO<\/strong><\/p>\n<p><strong>AUDIO<\/strong><\/p>\n<audio class=\"wp-audio-shortcode\" id=\"audio-133296-4\" preload=\"none\" style=\"width: 100%;\" controls=\"controls\"><source type=\"audio\/mpeg\" src=\"https:\/\/www.radiopiu.net\/wordpress\/wp-content\/uploads\/2020\/04\/SOPPELSA-SASSO-BIANCO.mp3?_=4\" \/><a href=\"https:\/\/www.radiopiu.net\/wordpress\/wp-content\/uploads\/2020\/04\/SOPPELSA-SASSO-BIANCO.mp3\">https:\/\/www.radiopiu.net\/wordpress\/wp-content\/uploads\/2020\/04\/SOPPELSA-SASSO-BIANCO.mp3<\/a><\/audio>\n<div id=\"mep_0\" class=\"mejs-container mejs-container-keyboard-inactive wp-audio-shortcode mejs-audio\" tabindex=\"0\" role=\"application\" aria-label=\"Audio Player\">\n<div class=\"mejs-inner\">\n<div class=\"mejs-controls\"><\/div>\n<div><\/div>\n<\/div>\n<\/div>\n<p class=\"photoswipe-wrapper\"><a class=\"dt-pswp-item pspw-wrap-ready\" href=\"https:\/\/i1.wp.com\/www.radiopiu.net\/wordpress\/wp-content\/uploads\/2020\/04\/14d88346-833b-4810-a983-8afc299c2de9.jpg?ssl=1\" data-dt-img-description=\"\" data-large_image_width=\"1080\" data-large_image_height=\"810\"><img loading=\"lazy\" decoding=\"async\" class=\"size-medium wp-image-133205 alignleft\" src=\"https:\/\/i1.wp.com\/www.radiopiu.net\/wordpress\/wp-content\/uploads\/2020\/04\/14d88346-833b-4810-a983-8afc299c2de9.jpg?resize=300%2C225&amp;ssl=1\" sizes=\"auto, (max-width: 300px) 100vw, 300px\" srcset=\"https:\/\/i1.wp.com\/www.radiopiu.net\/wordpress\/wp-content\/uploads\/2020\/04\/14d88346-833b-4810-a983-8afc299c2de9.jpg?resize=300%2C225&amp;ssl=1 300w, https:\/\/i1.wp.com\/www.radiopiu.net\/wordpress\/wp-content\/uploads\/2020\/04\/14d88346-833b-4810-a983-8afc299c2de9.jpg?resize=1024%2C768&amp;ssl=1 1024w, https:\/\/i1.wp.com\/www.radiopiu.net\/wordpress\/wp-content\/uploads\/2020\/04\/14d88346-833b-4810-a983-8afc299c2de9.jpg?resize=768%2C576&amp;ssl=1 768w, https:\/\/i1.wp.com\/www.radiopiu.net\/wordpress\/wp-content\/uploads\/2020\/04\/14d88346-833b-4810-a983-8afc299c2de9.jpg?w=1080&amp;ssl=1 1080w\" alt=\"\" width=\"300\" height=\"225\" data-recalc-dims=\"1\" \/><\/a>Era una domenica di fine luglio del 2005 quando salimmo lass\u00f9. Partimmo da una Belluno che lentamente si andava svegliando. Un\u2019alba velata ed uggiosa salut\u00f2 il nostro avviarci verso l\u2019agordino e l\u2019asfalto della 203 andava asciugandosi ai primi sprazzi di un sole che entrava ed usciva dai nuvoloni che migravano verso sud. Giunti in piazza a Celat guardai in alto la nostra m\u00e8ta del giorno. Il Sasso Bianco \u00e8 una montagna a me molto cara. Essa domina il paese di San Tomaso e sulle sue ripide pale erbose mia nonna vi trascorse parte della sua giovinezza falciando erba e trasportando fieno. Erano anni diversi, quando la montagna era lavoro e fatica e non un diletto domenicale. Vi sono salito un p\u00f2 di volte in ormai tanti anni di camminate in montagna. E sempre partendo dalla frazione di Piaia. E\u2019 una bella escursione, molto panoramica e che necessita della giusta fatica per raggiungere la cima. Quella mattina salivano nuvole grigie da fondovalle, la notte precedente aveva piovuto e c\u2019era molta umidit\u00e0 nell\u2019aria. Il sole continuava ad andare e venire e fece il suo definitivo ingresso in scena quando arrivammo ai fienili di Ciamp. Un luogo molto suggestivo e panoramico, con i suoi prati curati ed i piccoli tabi\u00e0. Caff\u00e8 al volo al rifugio e su per le ripide pale. Poi arrivammo in cima. La vista sul Civetta ci lasci\u00f2 ammutoliti. Non ci si abitua mai al fascino di questa cattedrale di roccia. A sinistra della grande montagna, come un grande attore, apparve improvvisamente il Pelmo, preceduto dall\u2019apertura di un immenso sipario di nubi. Sembrava di poterla toccare la Marmolada, Da lass\u00f9 la Regina ci mostrava la meravigliosa Val d\u2019Ombretta e le possenti cime di Serauta. Anche il severo spigolo nord dell\u2019 Agner voleva essere protagonista di quello spettacolo. Si liber\u00f2 delle nuvole che lo circondavano ed apparve imperioso e austero dietro le Pale di San Lucano. Il vento ci port\u00f2 i flebili rintocchi delle campane della chiesa di Celat. San Tomaso sembrava riposare tranquillo cullato dai suoi verdi boschi. Lasciammo la cima, felici dello spettacolo che le montagne ci avevano offerto in quella domenica di mezza estate\u2026magiche Dolomiti!!!<\/p>\n<p><strong>COLLEZIONE COMPLETA <\/strong><\/p>\n<p><iframe loading=\"lazy\" class=\"wp-embedded-content\" title=\"\u201cI racconti di Paolo Soppelsa\u201d \u2014 Radio Pi\u00f9\" src=\"https:\/\/www.radiopiu.net\/wordpress\/i-racconti-di-paolo-soppelsa\/embed\/#?secret=XDmAxj761m\" width=\"600\" height=\"200\" frameborder=\"0\" marginwidth=\"0\" marginheight=\"0\" scrolling=\"no\" sandbox=\"allow-scripts\" data-secret=\"XDmAxj761m\" data-mce-fragment=\"1\"><\/iframe><\/p>\n<h2><\/h2>\n<h2><span style=\"color: #ff00ff;\"><strong>IN VIVO VERSO<\/strong><\/span><\/h2>\n<blockquote class=\"wp-embedded-content\" data-secret=\"m72gb64gu1\"><p><a href=\"https:\/\/www.radiopiu.net\/wordpress\/credo-di-manuele-carbogno\/\">CREDO di MANUELE CARBOGNO<\/a><\/p><\/blockquote>\n<p><iframe loading=\"lazy\" title=\"&#8220;CREDO di MANUELE CARBOGNO&#8221; &#8212; Radio Pi\u00f9\" class=\"wp-embedded-content\" sandbox=\"allow-scripts\" security=\"restricted\" style=\"position: absolute; clip: rect(1px, 1px, 1px, 1px);\" src=\"https:\/\/www.radiopiu.net\/wordpress\/credo-di-manuele-carbogno\/embed\/#?secret=m72gb64gu1\" data-secret=\"m72gb64gu1\" width=\"600\" height=\"338\" frameborder=\"0\" marginwidth=\"0\" marginheight=\"0\" scrolling=\"no\"><\/iframe><\/p>\n<p><strong>COLLEZIONE COMPLETA<\/strong><\/p>\n<p><iframe loading=\"lazy\" class=\"wp-embedded-content\" title=\"\u201cIn Vivo Verso\u201d \u2014 Radio Pi\u00f9\" src=\"https:\/\/www.radiopiu.net\/wordpress\/in-vivo-verso\/embed\/#?secret=C6BZ7UQzka\" width=\"600\" height=\"200\" frameborder=\"0\" marginwidth=\"0\" marginheight=\"0\" scrolling=\"no\" sandbox=\"allow-scripts\" data-secret=\"C6BZ7UQzka\" data-mce-fragment=\"1\"><\/iframe><\/p>\n<p>&nbsp;<\/p>\n<p>&nbsp;<\/p>\n<h2><span style=\"color: #ff0000;\"><strong>DUE MINUTI UN LIBRO<\/strong><\/span><\/h2>\n<blockquote class=\"wp-embedded-content\" data-secret=\"OTR4xbAR5h\"><p><a href=\"https:\/\/www.radiopiu.net\/wordpress\/la-mattina-dopo-2\/\">LA MATTINA DOPO<\/a><\/p><\/blockquote>\n<p><iframe loading=\"lazy\" title=\"&#8220;LA MATTINA DOPO&#8221; &#8212; Radio Pi\u00f9\" class=\"wp-embedded-content\" sandbox=\"allow-scripts\" security=\"restricted\" style=\"position: absolute; clip: rect(1px, 1px, 1px, 1px);\" src=\"https:\/\/www.radiopiu.net\/wordpress\/la-mattina-dopo-2\/embed\/#?secret=OTR4xbAR5h\" data-secret=\"OTR4xbAR5h\" width=\"600\" height=\"338\" frameborder=\"0\" marginwidth=\"0\" marginheight=\"0\" scrolling=\"no\"><\/iframe><\/p>\n<p><strong>COLLEZIONE COMPLETA<\/strong><\/p>\n<p><iframe loading=\"lazy\" class=\"wp-embedded-content\" title=\"\u201cDue minuti un libro\u201d \u2014 Radio Pi\u00f9\" src=\"https:\/\/www.radiopiu.net\/wordpress\/due-minuti-un-libro\/embed\/#?secret=j7BPAdVORQ\" width=\"600\" height=\"251\" frameborder=\"0\" marginwidth=\"0\" marginheight=\"0\" scrolling=\"no\" sandbox=\"allow-scripts\" data-secret=\"j7BPAdVORQ\" data-mce-fragment=\"1\"><\/iframe><\/p>\n<p>&nbsp;<\/p>\n<h2><span style=\"color: #339966;\"><strong>SALUTE E SOCIETA\u2019<\/strong><\/span><\/h2>\n<blockquote class=\"wp-embedded-content\" data-secret=\"lr0LNiIr1z\"><p><a href=\"https:\/\/www.radiopiu.net\/wordpress\/sarcopenia-diabete-ematologia\/\">Sarcopenia &#8211; Diabete &#8211; Ematologia<\/a><\/p><\/blockquote>\n<p><iframe loading=\"lazy\" title=\"&#8220;Sarcopenia &#8211; Diabete &#8211; Ematologia&#8221; &#8212; Radio Pi\u00f9\" class=\"wp-embedded-content\" sandbox=\"allow-scripts\" security=\"restricted\" style=\"position: absolute; clip: rect(1px, 1px, 1px, 1px);\" src=\"https:\/\/www.radiopiu.net\/wordpress\/sarcopenia-diabete-ematologia\/embed\/#?secret=lr0LNiIr1z\" data-secret=\"lr0LNiIr1z\" width=\"600\" height=\"338\" frameborder=\"0\" marginwidth=\"0\" marginheight=\"0\" scrolling=\"no\"><\/iframe><\/p>\n<p><strong>LE ALTRE PUNTATE<\/strong><\/p>\n<p><iframe loading=\"lazy\" class=\"wp-embedded-content\" title=\"\u201cSalute e Societ\u00e0\u201d \u2014 Radio Pi\u00f9\" src=\"https:\/\/www.radiopiu.net\/wordpress\/saluteesocieta\/embed\/#?secret=KkrARKzoF9\" width=\"600\" height=\"200\" frameborder=\"0\" marginwidth=\"0\" marginheight=\"0\" scrolling=\"no\" sandbox=\"allow-scripts\" data-secret=\"KkrARKzoF9\" data-mce-fragment=\"1\"><\/iframe><\/p>\n<p>&nbsp;<\/p>\n<h2><\/h2>\n<h2><strong><span style=\"color: #800080;\">AGORDINOMERON<\/span><\/strong><\/h2>\n<blockquote class=\"wp-embedded-content\" data-secret=\"5dFwl9Cucy\"><p><a href=\"https:\/\/www.radiopiu.net\/wordpress\/agordinomeron\/\">AGORDINOMERON, IL TERRITORIO SI RACCONTA Da un&#8217;idea di Gianni Santomaso<\/a><\/p><\/blockquote>\n<p><iframe loading=\"lazy\" title=\"&#8220;AGORDINOMERON, IL TERRITORIO SI RACCONTA Da un&#8217;idea di Gianni Santomaso&#8221; &#8212; Radio Pi\u00f9\" class=\"wp-embedded-content\" sandbox=\"allow-scripts\" security=\"restricted\" style=\"position: absolute; clip: rect(1px, 1px, 1px, 1px);\" src=\"https:\/\/www.radiopiu.net\/wordpress\/agordinomeron\/embed\/#?secret=5dFwl9Cucy\" data-secret=\"5dFwl9Cucy\" width=\"600\" height=\"338\" frameborder=\"0\" marginwidth=\"0\" marginheight=\"0\" scrolling=\"no\"><\/iframe><\/p>\n<p>&nbsp;<\/p>\n<h2><span style=\"color: #808080;\"><strong>IL MESSAGGIO DEI SACERDOTI A RADIO PIU&#8217;<\/strong><\/span><\/h2>\n<blockquote class=\"wp-embedded-content\" data-secret=\"QZexzFe1sm\"><p><a href=\"https:\/\/www.radiopiu.net\/wordpress\/il-messaggio-dai-sacerdoti-della-conca-su-radio-piu-alle-7-30-e-19-30\/\">IL MESSAGGIO DAI SACERDOTI SU RADIO PIU&#8217; ALLE 7.30 E 19.30<\/a><\/p><\/blockquote>\n<p><iframe loading=\"lazy\" title=\"&#8220;IL MESSAGGIO DAI SACERDOTI SU RADIO PIU&#8217; ALLE 7.30 E 19.30&#8221; &#8212; Radio Pi\u00f9\" class=\"wp-embedded-content\" sandbox=\"allow-scripts\" security=\"restricted\" style=\"position: absolute; clip: rect(1px, 1px, 1px, 1px);\" src=\"https:\/\/www.radiopiu.net\/wordpress\/il-messaggio-dai-sacerdoti-della-conca-su-radio-piu-alle-7-30-e-19-30\/embed\/#?secret=QZexzFe1sm\" data-secret=\"QZexzFe1sm\" width=\"600\" height=\"338\" frameborder=\"0\" marginwidth=\"0\" marginheight=\"0\" scrolling=\"no\"><\/iframe><\/p>\n<p>&nbsp;<\/p>\n<hr \/>\n<p>&nbsp;<\/p>\n<p><iframe loading=\"lazy\" class=\"wp-embedded-content\" title=\"\u201cI SERVIZI A DOMICILIO DURANTE IL CORONAVIRUS\u201d \u2014 Radio Pi\u00f9\" src=\"https:\/\/www.radiopiu.net\/wordpress\/i-servizi-a-domicilio-durante-il-coronavirus\/embed\/#?secret=5I2TLg4MDi\" width=\"600\" height=\"318\" frameborder=\"0\" marginwidth=\"0\" marginheight=\"0\" scrolling=\"no\" sandbox=\"allow-scripts\" data-secret=\"5I2TLg4MDi\" data-mce-fragment=\"1\"><\/iframe><\/p>\n<p>&nbsp;<\/p>\n<hr \/>\n<p>&nbsp;<\/p>\n<p>&nbsp;<\/p>\n<p class=\"photoswipe-wrapper\"><a class=\"dt-pswp-item pspw-wrap-ready\" href=\"https:\/\/i0.wp.com\/www.radiopiu.net\/wordpress\/wp-content\/uploads\/2018\/09\/viabilita.jpeg?ssl=1\" data-dt-img-description=\"\" data-large_image_width=\"800\" data-large_image_height=\"100\"><img loading=\"lazy\" decoding=\"async\" class=\"alignnone size-full wp-image-61954\" src=\"https:\/\/i0.wp.com\/www.radiopiu.net\/wordpress\/wp-content\/uploads\/2018\/09\/viabilita.jpeg?resize=800%2C100&amp;ssl=1\" sizes=\"auto, (max-width: 800px) 100vw, 800px\" srcset=\"https:\/\/i0.wp.com\/www.radiopiu.net\/wordpress\/wp-content\/uploads\/2018\/09\/viabilita.jpeg?w=800&amp;ssl=1 800w, https:\/\/i0.wp.com\/www.radiopiu.net\/wordpress\/wp-content\/uploads\/2018\/09\/viabilita.jpeg?resize=300%2C38&amp;ssl=1 300w, https:\/\/i0.wp.com\/www.radiopiu.net\/wordpress\/wp-content\/uploads\/2018\/09\/viabilita.jpeg?resize=768%2C96&amp;ssl=1 768w\" alt=\"\" width=\"800\" height=\"100\" \/><\/a><\/p>\n<p>&nbsp;<\/p>\n<p>PROVINCIALE 20 DELLA VAL FIORENTINA, SELVA DI CADORE: DAL 14 FEBBRAIO AL 13 GIUGNO, CHIUSURA TOTALE TRA SOLATOR E IL CENTRO DEL PAESE ANCHE NEI GIORNI FESTIVI E PREFESTIVI, DAL CHILOMETRO 4.850 AL CHILOMETRO 5.100. TRANSITO CONSENTITO AI LOCALI CON TEMPI DI ATTESA MASSIMI STIMATI IN 30 MINUTI IN LOCALITA\u2019 SOLATOR DAL CHILOMETRO 4.400 AL CHILOMETRO 4.850<\/p>\n<p>DALL\u201911 APRILE AL 01 MAGGIO IN LOCALITA\u2019 LA MUDA DEVIAZIONE SU VIABILITA\u2019 PROVVISORIA PER IL COMPLETAMENTO DEL NUOVO ATTRAVERSAMENTO IDRAULICO RIO VAL SCURE LUNGO LA REGIONALE 203 AGORDINA<\/p>\n<p>sp346 SAN PELLEGRINO localita VALLADA dal 14 al 30 aprile senso unico alternato con semaforo<\/p>\n<p>sp347 DURAN E CEREDA (Comune di Valle di Cadore tra Cibiana e innesto Venas) dal 16 al 30 aprile (festivi e sabati esclusi) senso unico alternato con movieri. Interruzioni massimo 10 minuti.<\/p>\n<p>sp641 PASSO FEDAIA dal 27 aprile al 15 maggio (sabato e domenica compresi) senso unico alternato per sostituzione barriere laterali di sicurezza e conslidamento ciglio stradale<\/p>\n<p>PROVINCIALE 3 VAL IMPERINA, LOCALITA\u2019 CORDE MOLE VALESIN \u2013 TRA RIVAMONTE E GOSALDO \u2013 DAL 27 APRILE ALL\u20198 MAGGIO DALLE 8 ALLE 11.45 E DALLE 13.30 ALLE 17.30 TEMPORANEE INTERRUZIONI ALLA VIABILITA\u2019 DURATA MASSIMA 30 MINUTI PER LAVORI TAGLIO ALBERI<\/p>\n<p>&nbsp;<\/p>\n<hr \/>\n<p>&nbsp;<\/p>\n<p><a class=\"dt-pswp-item\" href=\"https:\/\/www.radiopiu.net\/wordpress\/wp-content\/uploads\/2018\/09\/sport.jpg\" data-dt-img-description=\"\" data-large_image_width=\"800\" data-large_image_height=\"100\"><img loading=\"lazy\" decoding=\"async\" class=\"aligncenter wp-image-60761 size-full\" src=\"https:\/\/www.radiopiu.net\/wordpress\/wp-content\/uploads\/2018\/09\/sport.jpg\" alt=\"\" width=\"800\" height=\"100\" srcset=\"https:\/\/www.radiopiu.net\/wordpress\/wp-content\/uploads\/2018\/09\/sport.jpg 800w, https:\/\/www.radiopiu.net\/wordpress\/wp-content\/uploads\/2018\/09\/sport-300x38.jpg 300w, https:\/\/www.radiopiu.net\/wordpress\/wp-content\/uploads\/2018\/09\/sport-768x96.jpg 768w\" sizes=\"auto, (max-width: 800px) 100vw, 800px\" \/><\/a><\/p>\n<p>&nbsp;<\/p>\n<blockquote>\n<h3>IL VOLLEY CLUB AGORDINO RIMPIANGE UNA STAGIONE CHE STAVA ANDANDO BENE<\/h3>\n<\/blockquote>\n<p><strong><a class=\"dt-pswp-item\" href=\"https:\/\/www.radiopiu.net\/wordpress\/wp-content\/uploads\/2019\/12\/VOLLEY-FESTEGGIAMENTI-1.jpeg\" data-dt-img-description=\"\" data-large_image_width=\"1600\" data-large_image_height=\"1200\"><img loading=\"lazy\" decoding=\"async\" class=\"size-medium wp-image-109243 alignleft\" src=\"https:\/\/www.radiopiu.net\/wordpress\/wp-content\/uploads\/2019\/12\/VOLLEY-FESTEGGIAMENTI-1-300x225.jpeg\" alt=\"\" width=\"300\" height=\"225\" srcset=\"https:\/\/www.radiopiu.net\/wordpress\/wp-content\/uploads\/2019\/12\/VOLLEY-FESTEGGIAMENTI-1-300x225.jpeg 300w, https:\/\/www.radiopiu.net\/wordpress\/wp-content\/uploads\/2019\/12\/VOLLEY-FESTEGGIAMENTI-1-1024x768.jpeg 1024w, https:\/\/www.radiopiu.net\/wordpress\/wp-content\/uploads\/2019\/12\/VOLLEY-FESTEGGIAMENTI-1-768x576.jpeg 768w, https:\/\/www.radiopiu.net\/wordpress\/wp-content\/uploads\/2019\/12\/VOLLEY-FESTEGGIAMENTI-1-1536x1152.jpeg 1536w, https:\/\/www.radiopiu.net\/wordpress\/wp-content\/uploads\/2019\/12\/VOLLEY-FESTEGGIAMENTI-1.jpeg 1600w\" sizes=\"auto, (max-width: 300px) 100vw, 300px\" \/><\/a>AGORDO<\/strong> Si \u00e8 conclusa anzitempo la stagione del Volley Club Agordino, a deciderlo la Federazione. E pensare che era una stagione da incorniciare quella 2019\/2020, iniziata con la vittoria della Coppa di Terza Categoria. In campionato il Volley Club Agordino stava facendo molto bene con il primo posto in classifica. Purtroppo il torneo viene annullato e la prossima stagione partir\u00e0 di nuovo zero, nessuna promozione infatti. Ora si pensa al prossimo anno con la speranza di poter costruire una squadra con tutte le difficolt\u00e0 del caso.<\/p>\n<p>&nbsp;<\/p>\n<p><strong>AI MICROFONI DI RADIO PIU&#8217; ALESSIA FILAFERRO, GIOCATRICE DEL VOLLEY CLUB AGORDINO<\/strong><\/p>\n<audio class=\"wp-audio-shortcode\" id=\"audio-133296-5\" preload=\"none\" style=\"width: 100%;\" controls=\"controls\"><source type=\"audio\/mpeg\" src=\"https:\/\/www.radiopiu.net\/wordpress\/wp-content\/uploads\/2020\/04\/ALESSIA-FILAFERRO-VOLLEY.mp3?_=5\" \/><a href=\"https:\/\/www.radiopiu.net\/wordpress\/wp-content\/uploads\/2020\/04\/ALESSIA-FILAFERRO-VOLLEY.mp3\">https:\/\/www.radiopiu.net\/wordpress\/wp-content\/uploads\/2020\/04\/ALESSIA-FILAFERRO-VOLLEY.mp3<\/a><\/audio>\n<p>&nbsp;<\/p>\n<p>&nbsp;<\/p>\n<hr \/>\n<p>&nbsp;<\/p>\n<p><img decoding=\"async\" class=\"aligncenter jetpack-lazy-image jetpack-lazy-image--handled\" src=\"https:\/\/i0.wp.com\/www.radiopiu.net\/wordpress\/wp-content\/uploads\/2018\/09\/WhatsApp-Image-2018-09-20-at-16.04.06.jpeg?resize=800%2C100&amp;ssl=1\" data-lazy-loaded=\"1\" \/><\/p>\n<p>&nbsp;<\/p>\n<p><center><b>Martedi 28<\/b><\/center><b>Tempo atteso:\u00a0<\/b>Al mattino presenza di velature del cielo, anche estese,assieme a banchi di nubi basse, con qualche tratto soleggiato. Dalla tarda mattinata l&#8217;attivit\u00e0 cumuliforme si svilupper\u00e0 con addensamenti via via pi\u00f9 intensi ed associati a fenomeni convettivi. Il clima non sar\u00e0 particolarmente fresco, pur considerando il deficit di sole e l&#8217;instabilit\u00e0 pomeridiana.<br \/>\n<b>Precipitazioni:\u00a0<\/b>Nella prima parte del mattino assenti (0%); mentre i primi piovaschi saranno gi\u00e0 probabili sulle Prealpi entro le ore centrali del giorno (20\/30%). Nel corso del pomeriggio i fenomeni, anche temporaleschi diverranno pi\u00f9 frequenti e pi\u00f9 diffusi (70\/80%) sulle Prealpi, mentre la probabilit\u00e0 sar\u00e0 minore sulle Dolomiti (30\/50%). Limite delle nevicate attorno a 2200\/2400 m.<br \/>\n<b>Temperature:\u00a0<\/b>Minime senza notevoli variazioni nelle valli e in leggera diminuzione in alta quota, massime in lieve flessione. Sono previste punte di 17\/18\u00b0C nei fondovalle prealpini e di 13\/14\u00b0C a 1000\/1200 m. Su Prealpi a 1500 m min 5\u00b0C max 7\u00b0C, a 2000 m min 3\u00b0C max 4\u00b0C. Su Dolomiti a 2000 m min 2\u00b0C max 4\u00b0C, a 3000 m min -3\u00b0C max -2\u00b0C.<br \/>\n<b>Venti:\u00a0<\/b>Deboli di direzione variabile nelle valli; in quota deboli\/moderati da sud-ovest, a 5-15 km\/h a 2000 m, 15-25 km\/h a 3000 m.<\/p>\n<hr \/>\n<p><center><b>Mercoledi 29<\/b><\/center><b>Tempo atteso:\u00a0<\/b>Molte nubi tra la notte e parte del mattino, con fenomeni sparsi, a tratti diffusi. Dalle ore centrali la copertura nuvolosa tender\u00e0 a diventare irregolare per addensamenti via via pi\u00f9 residui. Ampi rasserenamenti serali. Clima pi\u00f9 fresco al mattino, mentre di giorno l&#8217;andamento termico dipender\u00e0 dall&#8217;entit\u00e0 delle schiarite pomeridiane.<br \/>\n<b>Precipitazioni:\u00a0<\/b>Durante la notte ed al mattino probabilit\u00e0 alta (70\/80%) per rovesci, eventualmente temporaleschi sulle Prealpi. Al pomeriggio il rischio sar\u00e0 minore sulle Dolomiti (30\/40%), mentre l&#8217;instabilit\u00e0 rimarr\u00e0 pi\u00f9 presente sulle Prealpi (50\/60%). Il limite neve scender\u00e0 fino sui 2100\/2200 m, localmente anche 2000 m sulle Dolomiti durante la notte.<br \/>\n<b>Temperature:\u00a0<\/b>In generale lieve diminuzione, con minime osservate alla sera in quota. Su Prealpi a 1500 m min 4\u00b0C max 5\u00b0C, a 2000 m min 2\u00b0C max 3\u00b0C. Su Dolomiti a 2000 m min 1\u00b0C max 3\u00b0C, a 3000 m min -5\u00b0C max -3\u00b0C.<br \/>\n<b>Venti:\u00a0<\/b>Nelle valli deboli di direzione variabile, con temporanei rinforzi di Foehn al mattino; in quota moderati\/tesi da nord tra la notte e il primo mattino, poi da ovest in attenuazione, disponendosi da sud-ovest verso sera, a 5\/15 km\/h a 2000 m e a 15\/30 km\/h a 3000 m.<\/p>\n<hr \/>\n<p><center><b>Giovedi 30<\/b><\/center>Residue schiarite con nubi stratiformi medie, anche basse al primo mattino. In seguito aumento della nuvolosit\u00e0 fino a cielo coperto. Dalle ore centrali peggioramento del tempo con precipitazioni via via pi\u00f9 diffusa, anche a carattere di rovescio o temporale. I fenomeni toccheranno il loro apice alla sera. Il limite neve scender\u00e0 dai 2000 m iniziali, fino sui 1600\/1800 m, anche 1400\/1500 m nelle valli dolomitiche pi\u00f9 chiuse. Temperature in generale calo con minime osservate alla sera. In quota venti moderati da sud-ovest, anche tesi sulle cime pi\u00f9 alte.<\/p>\n<hr \/>\n<p><center><b>Venerdi 1<\/b><\/center>Residui fenomeni nella notte, sulle Prealpi anche nelle prime ore del mattino; nevosi oltre i 1600\/1700 m su Dolomiti, 1800 m sulle Prealpi. Nel corso della giornata graduale diradamento della nuvolosit\u00e0 e rasserenamenti, pi\u00f9 ampi a partire dalle Dolomiti dal pomeriggio in poi. Temperature in generale calo. Venti moderati\/tesi da nord-ovest in quota ed episodi di Foehn nelle valli. Previsore: R.L.Th<\/p>\n","protected":false},"excerpt":{"rendered":"<p>PER RICEVERE QUESTO NOTIZIARIO DIRETTAMENTE SUL TUO CELLULARE ISCRIVITI AL CANALE TELEGRAM\u00a0\u201cRADIO PIU\u00a0 INFORMAZIONE\u201d &nbsp; &nbsp; IL NUOVO DPCM DEL 26 APRILE 2020 CLICCA QUI PER VISUALIZZARE IL DOCUMENTO &nbsp; &#8220;Molti cittadini non sono rimasti contenti delle nuove misure, lo stiamo vedendo. Questo \u00e8 anche comprensibile, tutti speravano di tornare presto alla normalit\u00e0 ma non&hellip;<\/p>\n","protected":false},"author":4,"featured_media":133368,"comment_status":"closed","ping_status":"closed","sticky":false,"template":"","format":"standard","meta":{"_monsterinsights_skip_tracking":false,"_monsterinsights_sitenote_active":false,"_monsterinsights_sitenote_note":"","_monsterinsights_sitenote_category":0,"footnotes":""},"categories":[1,51,86],"tags":[],"class_list":["post-133296","post","type-post","status-publish","format-standard","has-post-thumbnail","hentry","category-senza-categoria","category-evidenza-top","category-gr","category-1","category-51","category-86","description-off"],"img_url":"https:\/\/www.radiopiu.net\/wordpress\/wp-content\/uploads\/2020\/04\/La-consegna-del-macchinario.jpeg","_links":{"self":[{"href":"https:\/\/www.radiopiu.net\/wordpress\/wp-json\/wp\/v2\/posts\/133296","targetHints":{"allow":["GET"]}}],"collection":[{"href":"https:\/\/www.radiopiu.net\/wordpress\/wp-json\/wp\/v2\/posts"}],"about":[{"href":"https:\/\/www.radiopiu.net\/wordpress\/wp-json\/wp\/v2\/types\/post"}],"author":[{"embeddable":true,"href":"https:\/\/www.radiopiu.net\/wordpress\/wp-json\/wp\/v2\/users\/4"}],"replies":[{"embeddable":true,"href":"https:\/\/www.radiopiu.net\/wordpress\/wp-json\/wp\/v2\/comments?post=133296"}],"version-history":[{"count":0,"href":"https:\/\/www.radiopiu.net\/wordpress\/wp-json\/wp\/v2\/posts\/133296\/revisions"}],"wp:featuredmedia":[{"embeddable":true,"href":"https:\/\/www.radiopiu.net\/wordpress\/wp-json\/wp\/v2\/media\/133368"}],"wp:attachment":[{"href":"https:\/\/www.radiopiu.net\/wordpress\/wp-json\/wp\/v2\/media?parent=133296"}],"wp:term":[{"taxonomy":"category","embeddable":true,"href":"https:\/\/www.radiopiu.net\/wordpress\/wp-json\/wp\/v2\/categories?post=133296"},{"taxonomy":"post_tag","embeddable":true,"href":"https:\/\/www.radiopiu.net\/wordpress\/wp-json\/wp\/v2\/tags?post=133296"}],"curies":[{"name":"wp","href":"https:\/\/api.w.org\/{rel}","templated":true}]}}