{"id":133634,"date":"2020-04-28T17:03:56","date_gmt":"2020-04-28T15:03:56","guid":{"rendered":"https:\/\/www.radiopiu.net\/wordpress\/?p=133634"},"modified":"2020-04-28T17:40:12","modified_gmt":"2020-04-28T15:40:12","slug":"il-grido-di-dolore-e-di-aiuto-dei-baristi-di-belluno","status":"publish","type":"post","link":"https:\/\/www.radiopiu.net\/wordpress\/il-grido-di-dolore-e-di-aiuto-dei-baristi-di-belluno\/","title":{"rendered":"IL GRIDO DI DOLORE E DI AIUTO  DEI BARISTI DI BELLUNO"},"content":{"rendered":"<p>Un centinaio di baristi bellunesi hanno scritto al \u00a0Sindaco della citt\u00e0 di Belluno Jacopo Massaro al consiglio comunale\u00a0 e per conoscenza ai\u00a0 parlamentari Bellunesi e\u00a0 ai consiglieri regionali Bellunesi. Volentieri riceviamo e pubblichiamo.<\/p>\n<p><em><strong>BELLUNO\u00a0<\/strong> L&#8217;emergenza Covid19 purtroppo si sta protraendo molto pi\u00f9 delle aspettative e molto pi\u00f9 di quanto sia economicamente sopportabile per la categoria Pubblici Esercizi. Le scriviamo in 99 esercenti del Comune di Belluno, che si sono spontaneamente confrontati e uniti nel chiedere con forza un importante contributo per salvare le nostre attivit\u00e0. Con l&#8217;ultimo DL, che di fatto ci costringe a stare chiusi per quasi tre mesi, e con lo spettro di una riapertura a ranghi ridotti, molti di noi, a conti fatti, pensano di non riuscire a sopportare le forti contrazioni del nostro settore oltre al lungo stop. La nostra categoria sembra essere la pi\u00f9 penalizzata non solo dal lungo stop ma anche dalle prospettive del post apertura: come pu\u00f2 un bar lavorare senza bancone e con i tavoli, massimo da 2 persone, a distanza di due metri? Chi vuole che venga in un luogo destinato alla convivialit\u00e0 quando ad accoglierlo a distanza ci sar\u00e0 del personale in guanti e mascherina che magari dovr\u00e0 posare bevande e pietanze lontano dal cliente che dovrebbe andare a prenderle da se? Non pensa che la gente preferisca rimanere a casa che frequentare locali cos\u00ec? Molti di noi stanno considerando di non riaprire affatto e gli altri si vedono di fronte alla prospettiva mortificante e agghiacciante di lavorare in perdita per un anno almeno. Ma perch\u00e9 dovremmo farlo? Lei vorrebbe lavorare se la situazione la condanna gi\u00e0 in partenza? Siamo a chiedere, la cancellazione per l&#8217;anno 2020 delle tasse e imposte Comunali per la nostra categoria, al fine di dare un contributo alla salvezza dei &#8220;Locali&#8221; del Comune, non chiediamo contributi a fondo perduto ecc., ma chiediamo di non tassarci ((tariffe come quella rifiuti per la nostra categoria sono un macigno vero e proprio). Auspichiamo cos\u00ec di arginare l&#8217;emorragia di aziende e di posti di lavoro a cui rischiamo di assistere.<\/em><\/p>\n<div><\/div>\n<div><strong>Firmato (in ordine sparso)<\/strong><\/div>\n<div><\/div>\n<div>BORTOLUZZI MASSIMO &#8211; OSTERIA AL PONTE\u00a0 BAREL MASSIMO &#8211; CAFFETTERIA GOPPION PELLEGRINO GIACOMO &#8211; SPEACKEASY 1920\u00a0 DA CORTA&#8217; FEDERICO &#8211; BAR CAFFE&#8217; 82 BATTAGGIA SANDRA &#8211; BAR BOLIVAR\u00a0 TOMASELLA GIOVANNI &#8211; DE GUSTO DOLOMITI POVIA LUIGI &#8211;\u00a0 BISTRO&#8217; BEMBO\u00a0 FERRO FRANCESCO &#8211;\u00a0 OSTERIA MARTA D&#8217;ORO<\/div>\n<div>MANOLLI MAURO &#8211; BOTTEGA MANOLLI\u00a0 ACAMPORA GIUSEPPE &#8211; GALI&#8217;\u00a0 BRONZATO VALENTINA &#8211;\u00a0 LA CASERA\u00a0 ZAMPIERI KATIA &#8211; BAR AL PINININ\u00a0 SIMIONATO MASSIMO &#8211; LA TAVERNA BIANCHINI ROBERTO &#8211; BAR SAN MARTINO\u00a0 PESCADOR ROBERTO &#8211; BAR 2000\u00a0 MOSENA IVANA &#8211;\u00a0 ARTENOTECA\u00a0 DA RECH CHRISTIAN &#8211; BAR TEXAS\u00a0 ACAMPORA ILENIA &#8211; PIZZERIA LA BUSSOLA PAGOTTO MASSIMILIANO &#8211; STREAM BAR\u00a0 MAZZUCCO NIVES &#8211; PIZZERIA F 40\u00a0 PISACANE ROBERTO &#8211; PIZZERIA LA ROSSA\u00a0 CANDEAGO PAOLO &#8211; DEON 1870\u00a0 DI LIETO ANGELO &#8211; LA FENICE\u00a0 OBERBACHER SARA &#8211; HOLA BAR BELLUNO\u00a0 BARBARA &#8211; RISTORANTE SLALOM TISON SILVIO &#8211; BAR 5 VIE\u00a0 BOSCHETTI FRANCESCO &#8211; MALGA CO TOROONT\u00a0 ALBERTO GAZ &#8211; OLD BAR VIGNOLE\u00a0 CIBIEN FRANCESCA &#8211; OSTARIA NOGARE&#8217;\u00a0 BUONOCORE GIUSI&#8217;- PIZZERIA MANNAGGIA\u00a0 DE BARBA CARLO &#8211; CARLETTO\u00a0 NICOLA BIANCHI &#8211; BAR MERCATO\u00a0 DAL BO IVAN &#8211; RISTORANTE PIZZERIA\u00a0 DAL BO\u00a0 DAL FARRA SABRINA &#8211; BAR RISTORO CAMPO SCUOLA ROBERTO E RAFFAELLA &#8211; RISTORANTE DELLE ALPI\u00a0 CARRERA LEDA &#8211; BAR LE BIONDE JIN MANYI &#8211; BAR TABACCHI VISOME\u00a0 SAVIANE SEBASTIANO- RISTORANTE LA NICCHIA ZAMPIERI CATIA &#8211; LA GRAVA\u00a0 STEFANO &#8211; BLU\u00a0 BAR\u00a0 DEON DAMIANO &#8211; PASTICCERIA BELLUNESE SCHENAL GIACOMO WEREWOLF KOALA E KOALA PUB\u00a0 RUMAC STEFANO &#8211;\u00a0 PAOLO DE DEA &#8211; EXCALIBUR\u00a0 COCCIA VTTORIA &#8211; MIRAPIAVE\u00a0 VUERICH MARCO -AGRIT. FAVERGHERA SALLY LINGLIN &#8211; PECHINO\u00a0 MINACORI LUIGI &#8211; NOGHERAZZA\u00a0 DANIELE MELONI &#8211; NOGHERAZZA \u00a0GRUGNETTI GIOVANNI &#8211; NOGHERAZZA\u00a0 SAMUELE- BIRROTECA IBU\u00a0 ORZES E BALCON &#8211; BAR Q8\u00a0 SERGIO DE MIN- ORTERIA CALEIPO\u00a0 AVESANI MARTA &#8211; RIFUGIO BRISTOT\u00a0 BOGO DOLORES &#8211; BAR DA ISAIA\u00a0 BELLINASO ROMINA- BAR PAVEI\u00a0 BEZ MICHELE &#8211; TRATTORIA DA GINO ANTONELLO &#8211; ASTOR\u00a0 CORTEMETTO ILARY &#8211; BAR OLTRE\u00a0 BROI STEFANO &#8211; TRATTORIA RUGO \u00a0RUSSO LUIGI &#8211; PIZZERIA RIST. ULCINELLA\u00a0 DAL FARRA TIZIANA &#8211; BAR PIAN DELLE FESTE<\/div>\n<div>ZAGHETTO GIANCARLO &#8211; BAR ZETA\u00a0 VIEL DAVIDE &#8211; RISTORANTE AL BORGO\u00a0 VIEL LUCA &#8211; RISTORANTE AL BORGO\u00a0 RIZZARDINI ALESSANDRA. GELATERIA LA DELIZIA\u00a0 DAL FARRA &#8211; RISTORANTE AL MULINO\u00a0 BAR CIRCOLET\u00a0 TRATTORIA COL DI SALCE\u00a0 SIMONETTA &#8211; BAR IL CUCCIOLO<\/div>\n<div id=\"DAB4FAD8-2DD7-40BB-A1B8-4E2AA1F9FDF2\"><\/div>\n","protected":false},"excerpt":{"rendered":"<p>Un centinaio di baristi bellunesi hanno scritto al \u00a0Sindaco della citt\u00e0 di Belluno Jacopo Massaro al consiglio comunale\u00a0 e per conoscenza ai\u00a0 parlamentari Bellunesi e\u00a0 ai consiglieri regionali Bellunesi. Volentieri riceviamo e pubblichiamo. BELLUNO\u00a0 L&#8217;emergenza Covid19 purtroppo si sta protraendo molto pi\u00f9 delle aspettative e molto pi\u00f9 di quanto sia economicamente sopportabile per la categoria&hellip;<\/p>\n","protected":false},"author":1,"featured_media":130647,"comment_status":"closed","ping_status":"closed","sticky":false,"template":"","format":"standard","meta":{"_monsterinsights_skip_tracking":false,"_monsterinsights_sitenote_active":false,"_monsterinsights_sitenote_note":"","_monsterinsights_sitenote_category":0,"footnotes":""},"categories":[51,49],"tags":[],"class_list":["post-133634","post","type-post","status-publish","format-standard","has-post-thumbnail","hentry","category-evidenza-top","category-news-18","category-51","category-49","description-off"],"img_url":"https:\/\/www.radiopiu.net\/wordpress\/wp-content\/uploads\/2020\/04\/PIAZZA-MARTIRI-BELLUNO.jpg","_links":{"self":[{"href":"https:\/\/www.radiopiu.net\/wordpress\/wp-json\/wp\/v2\/posts\/133634","targetHints":{"allow":["GET"]}}],"collection":[{"href":"https:\/\/www.radiopiu.net\/wordpress\/wp-json\/wp\/v2\/posts"}],"about":[{"href":"https:\/\/www.radiopiu.net\/wordpress\/wp-json\/wp\/v2\/types\/post"}],"author":[{"embeddable":true,"href":"https:\/\/www.radiopiu.net\/wordpress\/wp-json\/wp\/v2\/users\/1"}],"replies":[{"embeddable":true,"href":"https:\/\/www.radiopiu.net\/wordpress\/wp-json\/wp\/v2\/comments?post=133634"}],"version-history":[{"count":0,"href":"https:\/\/www.radiopiu.net\/wordpress\/wp-json\/wp\/v2\/posts\/133634\/revisions"}],"wp:featuredmedia":[{"embeddable":true,"href":"https:\/\/www.radiopiu.net\/wordpress\/wp-json\/wp\/v2\/media\/130647"}],"wp:attachment":[{"href":"https:\/\/www.radiopiu.net\/wordpress\/wp-json\/wp\/v2\/media?parent=133634"}],"wp:term":[{"taxonomy":"category","embeddable":true,"href":"https:\/\/www.radiopiu.net\/wordpress\/wp-json\/wp\/v2\/categories?post=133634"},{"taxonomy":"post_tag","embeddable":true,"href":"https:\/\/www.radiopiu.net\/wordpress\/wp-json\/wp\/v2\/tags?post=133634"}],"curies":[{"name":"wp","href":"https:\/\/api.w.org\/{rel}","templated":true}]}}