{"id":133876,"date":"2020-04-29T10:25:25","date_gmt":"2020-04-29T08:25:25","guid":{"rendered":"https:\/\/www.radiopiu.net\/wordpress\/?p=133876"},"modified":"2020-04-29T10:25:25","modified_gmt":"2020-04-29T08:25:25","slug":"quando-ci-sfiora-il-famoso-asteroide-di-claudio-pra","status":"publish","type":"post","link":"https:\/\/www.radiopiu.net\/wordpress\/quando-ci-sfiora-il-famoso-asteroide-di-claudio-pra\/","title":{"rendered":"QUANDO CI SFIORA IL FAMOSO ASTEROIDE di Claudio Pra"},"content":{"rendered":"<p>Di Claudio Pra<\/p>\n<p>In questi giorni avrete sicuramente sentito parlare con i soliti toni sensazionalistici dell\u2019asteroide in rotta verso la Terra. Anzi, dell\u2019asteroide che rischia di caderci addosso, secondo i soliti catastrofisti che vogliono attirare l\u2019attenzione. Una premessa che vale sempre \u00e8 informarsi su siti specializzati e non fermarsi alle fake disseminate ovunque in rete, che sono ormai una costante in tutti i campi. Detto questo vediamo i dettagli del passaggio dell\u2019oggetto, che realmente si avviciner\u00e0 molto, ci sfiorer\u00e0, si usa dire riferendosi ad una scala astronomica, che tradotto significa per\u00f2 il passaggio ad una distanza di sicurezza che ammonta a qualche milione di chilometri, poco pi\u00f9 di 6 per la precisione, corrispondenti a circa 16 volte la distanza Terra-Luna. Il macigno cosmico protagonista si chiama1998 OR2, dal diametro compreso tra i 1.200 e i 3.700 metri, che viaggia ad una velocit\u00e0 pazzesca, quasi 9 km al secondo stasera nel momento del massimo avvicinamento. Pensate ai danni che sarebbe in grado provocare in caso di impatto con il nostro pianeta questa montagna, impatto che ripetiamo, fortunatamente non avverr\u00e0. L\u2019asteroide, meteo permettendo, sar\u00e0 osservabile con telescopi amatoriali e la percezione del suo veloce movimento fra le stelle testimonier\u00e0 la sua vicinanza. Nel video un immagine di 1998 OR2 ricavata dal radiotelescopio di Arecibo.<\/p>\n<p>&nbsp;<\/p>\n<div style=\"width: 288px;\" class=\"wp-video\"><video class=\"wp-video-shortcode\" id=\"video-133876-1\" width=\"288\" height=\"640\" preload=\"metadata\" controls=\"controls\"><source type=\"video\/mp4\" src=\"https:\/\/www.radiopiu.net\/wordpress\/wp-content\/uploads\/2020\/04\/IMG_0104.mp4?_=1\" \/><a href=\"https:\/\/www.radiopiu.net\/wordpress\/wp-content\/uploads\/2020\/04\/IMG_0104.mp4\">https:\/\/www.radiopiu.net\/wordpress\/wp-content\/uploads\/2020\/04\/IMG_0104.mp4<\/a><\/video><\/div>\n","protected":false},"excerpt":{"rendered":"<p>Di Claudio Pra In questi giorni avrete sicuramente sentito parlare con i soliti toni sensazionalistici dell\u2019asteroide in rotta verso la Terra. Anzi, dell\u2019asteroide che rischia di caderci addosso, secondo i soliti catastrofisti che vogliono attirare l\u2019attenzione. Una premessa che vale sempre \u00e8 informarsi su siti specializzati e non fermarsi alle fake disseminate ovunque in rete,&hellip;<\/p>\n","protected":false},"author":4,"featured_media":133878,"comment_status":"closed","ping_status":"closed","sticky":false,"template":"","format":"standard","meta":{"_monsterinsights_skip_tracking":false,"_monsterinsights_sitenote_active":false,"_monsterinsights_sitenote_note":"","_monsterinsights_sitenote_category":0,"footnotes":""},"categories":[49],"tags":[],"class_list":["post-133876","post","type-post","status-publish","format-standard","has-post-thumbnail","hentry","category-news-18","category-49","description-off"],"img_url":"https:\/\/www.radiopiu.net\/wordpress\/wp-content\/uploads\/2020\/04\/26D8CFF4-03B1-4C0A-8A5B-5EFDD8F8C2E4.jpeg","_links":{"self":[{"href":"https:\/\/www.radiopiu.net\/wordpress\/wp-json\/wp\/v2\/posts\/133876","targetHints":{"allow":["GET"]}}],"collection":[{"href":"https:\/\/www.radiopiu.net\/wordpress\/wp-json\/wp\/v2\/posts"}],"about":[{"href":"https:\/\/www.radiopiu.net\/wordpress\/wp-json\/wp\/v2\/types\/post"}],"author":[{"embeddable":true,"href":"https:\/\/www.radiopiu.net\/wordpress\/wp-json\/wp\/v2\/users\/4"}],"replies":[{"embeddable":true,"href":"https:\/\/www.radiopiu.net\/wordpress\/wp-json\/wp\/v2\/comments?post=133876"}],"version-history":[{"count":0,"href":"https:\/\/www.radiopiu.net\/wordpress\/wp-json\/wp\/v2\/posts\/133876\/revisions"}],"wp:featuredmedia":[{"embeddable":true,"href":"https:\/\/www.radiopiu.net\/wordpress\/wp-json\/wp\/v2\/media\/133878"}],"wp:attachment":[{"href":"https:\/\/www.radiopiu.net\/wordpress\/wp-json\/wp\/v2\/media?parent=133876"}],"wp:term":[{"taxonomy":"category","embeddable":true,"href":"https:\/\/www.radiopiu.net\/wordpress\/wp-json\/wp\/v2\/categories?post=133876"},{"taxonomy":"post_tag","embeddable":true,"href":"https:\/\/www.radiopiu.net\/wordpress\/wp-json\/wp\/v2\/tags?post=133876"}],"curies":[{"name":"wp","href":"https:\/\/api.w.org\/{rel}","templated":true}]}}