{"id":133882,"date":"2020-04-30T05:53:25","date_gmt":"2020-04-30T03:53:25","guid":{"rendered":"https:\/\/www.radiopiu.net\/wordpress\/?p=133882"},"modified":"2020-04-30T08:04:28","modified_gmt":"2020-04-30T06:04:28","slug":"giornale-radiopiu-30-aprile-2020-direttore-mirko-mezzacasa","status":"publish","type":"post","link":"https:\/\/www.radiopiu.net\/wordpress\/giornale-radiopiu-30-aprile-2020-direttore-mirko-mezzacasa\/","title":{"rendered":"GIORNALE RADIOPIU 30 APRILE 2020 DIRETTORE MIRKO MEZZACASA"},"content":{"rendered":"<h3><strong>PER RICEVERE QUESTO NOTIZIARIO DIRETTAMENTE SUL TUO CELLULARE ISCRIVITI AL CANALE TELEGRAM\u00a0<\/strong><strong>\u201cRADIO PIU\u00a0 INFORMAZIONE\u201d<\/strong><\/h3>\n<p><span style=\"color: #ff0000;\"><strong>CHIUDE PONTE MAS, FINO AL 30 GIUGNO PER I LAVORI DI CONSOLIDAMENTO:<\/strong> <\/span>Da luned\u00ec al\u00a0 30 giugno sar\u00e0 chiuso sia alle macchine sia ai pedoni il collegamento principale tra i comuni di Sospirolo e Sedico.\u00a0 L&#8217;intera struttura subir\u00e0 notevoli lavori di risistemazione. Un intervento urgente, specie in seguito ai danni subiti dalla piena del torrente durante Vaia.Verr\u00e0 allargata la sede stradale, sul lato sud \u00e8 programmata l&#8217;installazione della passerella pedonale. Dell&#8217;attuale ponte rester\u00e0 solo la struttura portante. Percorso alternativo: da Ponte Mas a Vignole in Comune di Sedico.<\/p>\n<p><span style=\"color: #0000ff;\"><strong>FREGONA DI CANALE D&#8217;AGORDO E&#8217; SENZA ENERGIA ELETTRICA DA IERI SERA ALLE 23<\/strong><\/span><\/p>\n<p><em>\u201cIeri sera verso le 23 \u00e8 andata via la luce\u2026ho chiamato e sono intervenuti i tecnici, a mezzanotte e mezza hanno riparato (mi hanno detto che c\u2019era un cavo allentato nella scatola) ma dopo 45 minuti \u00e8 andata via di nuovo\u2026.ho lasciato stare ed ho chiamato 10 minuti fa (alle 6 del mattino ndr.) dovrebbero arrivare di nuovo i tecnici\u2026..\u201d<\/em><\/p>\n<p>&nbsp;<\/p>\n<hr \/>\n<p>&nbsp;<\/p>\n<blockquote>\n<h3>FLASH MOB DEI COMMERCIANTI DI BELLUNO IN PIAZZA MARTIRI: &#8220;STATO DOVE SEI?&#8221;<\/h3>\n<\/blockquote>\n<p><a class=\"dt-pswp-item\" href=\"https:\/\/www.radiopiu.net\/wordpress\/wp-content\/uploads\/2020\/04\/a1a53a0f-6654-4027-93ee-cc0e8f48cb15.jpg\" data-dt-img-description=\"\" data-large_image_width=\"1024\" data-large_image_height=\"768\"><img loading=\"lazy\" decoding=\"async\" class=\"alignnone size-medium wp-image-134014\" src=\"https:\/\/www.radiopiu.net\/wordpress\/wp-content\/uploads\/2020\/04\/a1a53a0f-6654-4027-93ee-cc0e8f48cb15-300x225.jpg\" alt=\"\" width=\"300\" height=\"225\" srcset=\"https:\/\/www.radiopiu.net\/wordpress\/wp-content\/uploads\/2020\/04\/a1a53a0f-6654-4027-93ee-cc0e8f48cb15-300x225.jpg 300w, https:\/\/www.radiopiu.net\/wordpress\/wp-content\/uploads\/2020\/04\/a1a53a0f-6654-4027-93ee-cc0e8f48cb15-768x576.jpg 768w, https:\/\/www.radiopiu.net\/wordpress\/wp-content\/uploads\/2020\/04\/a1a53a0f-6654-4027-93ee-cc0e8f48cb15.jpg 1024w\" sizes=\"auto, (max-width: 300px) 100vw, 300px\" \/><\/a><\/p>\n<p><strong>DA PIAZZA DEI MARTIRI A BELLUNO MORENO GIOLI\u00a0<\/strong><\/p>\n<audio class=\"wp-audio-shortcode\" id=\"audio-133882-1\" preload=\"none\" style=\"width: 100%;\" controls=\"controls\"><source type=\"audio\/mpeg\" src=\"https:\/\/www.radiopiu.net\/wordpress\/wp-content\/uploads\/2020\/04\/gioli-commercianti.mp3?_=1\" \/><a href=\"https:\/\/www.radiopiu.net\/wordpress\/wp-content\/uploads\/2020\/04\/gioli-commercianti.mp3\">https:\/\/www.radiopiu.net\/wordpress\/wp-content\/uploads\/2020\/04\/gioli-commercianti.mp3<\/a><\/audio>\n<p>&nbsp;<\/p>\n<blockquote class=\"wp-embedded-content\" data-secret=\"PJP2LVdHe0\"><p><a href=\"https:\/\/www.radiopiu.net\/wordpress\/flash-mob-dei-commercianti-di-belluno-in-piazza-martiri-stato-dove-sei\/\">FLASH MOB DEI COMMERCIANTI DI BELLUNO IN PIAZZA MARTIRI: &#8220;STATO DOVE SEI?&#8221;<\/a><\/p><\/blockquote>\n<p><iframe loading=\"lazy\" title=\"&#8220;FLASH MOB DEI COMMERCIANTI DI BELLUNO IN PIAZZA MARTIRI: &#8220;STATO DOVE SEI?&#8221;&#8221; &#8212; Radio Pi\u00f9\" class=\"wp-embedded-content\" sandbox=\"allow-scripts\" security=\"restricted\" style=\"position: absolute; clip: rect(1px, 1px, 1px, 1px);\" src=\"https:\/\/www.radiopiu.net\/wordpress\/flash-mob-dei-commercianti-di-belluno-in-piazza-martiri-stato-dove-sei\/embed\/#?secret=PJP2LVdHe0\" data-secret=\"PJP2LVdHe0\" width=\"600\" height=\"338\" frameborder=\"0\" marginwidth=\"0\" marginheight=\"0\" scrolling=\"no\"><\/iframe><\/p>\n<hr \/>\n<p><strong>FASE 2, CALABRIA: DA DOMANI RIAPRONO BAR E RISTORANTI ALL\u2019APERTO\u00a0 d<\/strong>a domani in Calabria \u201c<strong>\u00e8 consentita<\/strong> la ripresa delle attivit\u00e0 di <strong>bar, pasticcerie, ristoranti, pizzerie, agriturismo <\/strong>con somministrazione esclusiva attraverso il servizio con <strong>tavoli all\u2019aperto<\/strong>\u201d. Lo prevede l\u2019ordinanza adottata questa sera dal <strong>presidente della Regione Calabria<\/strong>, Jole Santelli, per la fase 2 di ripartenza. Queste attivit\u00e0 \u2013 <em>specifica inoltre l\u2019ordinanza<\/em> \u2013 \u201cpossono essere riattivate presso gli esercizi che <strong>rispettano le misure<\/strong> minime \u2018anti-contagio\u2019\u201d.<\/p>\n<p>\u2022<strong> Si conferma il calo dei malati<\/strong> per coronavirus: sono complessivamente 104.657, 548 meno di ieri. In 24 ore, <strong>323 morti.<\/strong> Su 100 tamponi solo 3,2 positivi:<strong> record<\/strong>; \u2022 Maturit\u00e0, Azzolina <strong>conferma la data del 17 giugno,<\/strong> per gli studenti argomento a scelta; \u2022 Secondo uno studio della <strong>Regione Lombardia<\/strong>, il virus circolava gi\u00e0 dal <strong>26 gennaio<\/strong> nella regione.<\/p>\n<h2><\/h2>\n<h2>IN VENETO GLI OSPEDALI RIAPRONO A VISITE E INTERVENTI. A BELLUNO PROTESTA DEI COMMERCIANTI ABBANDONATI DALLO STATO.<\/h2>\n<p><strong>di Mirko Mezzacasa<\/strong><\/p>\n<p>Da lunedi il nuovo piano regionale per gli ospedali che riprendono la normale attivit\u00e0 o quasi. Negli ospedali no covid porte aperte ai ricoveri e visite specialistiche ma con accessi selezionati e ridotti, misurazione della temperatura,\u00a0 tampone in pronto soccorso e solo successivamente il trasferimento nei reparti e ambulatori. Con l&#8217;inizio della fase 2 sar\u00e0 fissato un tetto per malati e terapie intensive, una volta superato scatteranno di nuovo le chiusure, come dire che l&#8217;emergenza \u00e8 tutt&#8217;altro che finita. Sono 11 i governatori delle Regione di centro destra che si sono rivolti al Presidente della Repubblica per chiedere di riaprire le attivit\u00e0 dove la situazione epidemiologica risulti migliorata, ma dal Governo la minaccia &#8220;impugneremo le ordinanze&#8221;, ma intanto da domani in Calabria \u00e8 consentita la ripresa di attivit\u00e0 di bar, pasticcerie, ristoranti, pizzerie e agriturismo con somministrazione all&#8217;aperto, in questo caso il Governo non ha impugnato proprio nulla. Ieri sera a Belluno in piazza Martiri sul Liston la protesta con flash mob\u00a0 (rispetto di distanze e dispositivi di protezione) dei commercianti della citt\u00e0, tutti con un cartello in mano &#8220;Stato dove sei?&#8221;. Lo Stato non risponder\u00e0 ma dovrebbe iniziare a preoccuparsi perch\u00e8 c&#8217;\u00e8 un&#8217;altra febbre che sta salendo, che non \u00e8 quella del covid19 ma del conflitto sociale, una polveriera pronta ad esplodere in tutto il Nord est. Un Governo incapace di trovare anche una minima intesa sul bonus perch\u00e9 il decreto di aprile non \u00e8 stato approvato, forse la prossima settimana. La situazione in Veneto:casi positivi 17.868,\u00a0 attualmente positivi 8.253.\u00a0 Terapia intensiva\u00a0 114. I decessi 44 per un totale di 1.452 dall&#8217;inizio dell&#8217;emergenza. Pazienti in area non critica 1237, dimessi 2.594. Da ieri sera \u00e8 ricomparso il bollettino di Azienda Zero delle 17 precedentemente tolto, al San Martino di Belluno i pazienti ricoverati sono 40, in terapia intensiva 6, nell&#8217;ospedale di Comunit\u00e0 19 e 27 ad Agordo. Il dato drammatico \u00e8 sempre quello dei decessi, ieri altri 4 e tutti i pazienti erano ospiti delle case di riposo, dei quattro decessi due all&#8217;ospedale San Martino di Belluno. In provincia il numero dei contagiati in due giorni \u00e8 salito da 1060 a 1084. La Finanza ieri \u00e8 entrata negli uffici della Usl 1 Dolomiti. L\u2019\u201cinchiesta zero\u201d sul Coronavirus in provincia \u00e8 sul tavolo del procuratore Paolo Luca che ha delegato le Fiamme gialle di acquisire tutta la documentazione dal 21 febbraio ad oggi. Per tutta la giornata di ieri i finanzieri del Nucleo di polizia economico finanziaria della Gdf di Belluno sono stati nel quartier generale della Usl in via Feltre, e nei due ospedali. Non ci sono indagati e non ci sono ancora ipotesi di reato contestate ma \u00e8 in corso la verifica della gestione Covid. La Procura ricostruir\u00e0 la linea del contagio e le misure adottate soprattutto nelle case di riposo per capire se ci siano state situazioni non chiare. Il contagio c\u2019\u00e8 stato e anche vasto, da capire se siano state rispettate le linee guida di ministero della Salute e Istituto superiore sanit\u00e0.<\/p>\n<p>&nbsp;<\/p>\n<hr \/>\n<p>&nbsp;<\/p>\n<blockquote class=\"wp-embedded-content\" data-secret=\"805WhVFSma\"><p><a href=\"https:\/\/www.radiopiu.net\/wordpress\/non-calano-i-decessi-ancora-24-in-una-giornata-in-calo-i-ricoveri-117-i-positivi-aggiornamento-azienda-zero-29-aprile-2020\/\">NON CALANO I DECESSI ANCORA 24 IN UNA GIORNATA, IN CALO I RICOVERI + 117 I POSITIVI   AGGIORNAMENTO AZIENDA ZERO 29 APRILE 2020 negli ospedali bellunesi 2 pazienti in pi\u00f9 al San Martino e 1 in meno ad Agordo<\/a><\/p><\/blockquote>\n<p><iframe loading=\"lazy\" title=\"&#8220;NON CALANO I DECESSI ANCORA 24 IN UNA GIORNATA, IN CALO I RICOVERI + 117 I POSITIVI   AGGIORNAMENTO AZIENDA ZERO 29 APRILE 2020 negli ospedali bellunesi 2 pazienti in pi\u00f9 al San Martino e 1 in meno ad Agordo&#8221; &#8212; Radio Pi\u00f9\" class=\"wp-embedded-content\" sandbox=\"allow-scripts\" security=\"restricted\" style=\"position: absolute; clip: rect(1px, 1px, 1px, 1px);\" src=\"https:\/\/www.radiopiu.net\/wordpress\/non-calano-i-decessi-ancora-24-in-una-giornata-in-calo-i-ricoveri-117-i-positivi-aggiornamento-azienda-zero-29-aprile-2020\/embed\/#?secret=805WhVFSma\" data-secret=\"805WhVFSma\" width=\"600\" height=\"338\" frameborder=\"0\" marginwidth=\"0\" marginheight=\"0\" scrolling=\"no\"><\/iframe><\/p>\n<p>&nbsp;<\/p>\n<p>&nbsp;<\/p>\n<hr \/>\n<p>&nbsp;<\/p>\n<div class=\"page-title-head hgroup\">\n<blockquote>\n<h3 class=\"entry-title\">AGGIORNAMENTO ULSS 1 DOLOMITI 29 APRILE 2020<\/h3>\n<\/blockquote>\n<\/div>\n<div class=\"page-title-breadcrumbs\">\n<p><strong>BELLUNO<\/strong>\u00a0GLI AGGIORNAMENTI DALLA ULSS 1 DOLOMITI<\/p>\n<p><strong>SORVEGLIANZA SANITARIA COVID-19\u00a0<\/strong>Numero totale tamponi effettuati per ricerca nCoV al 29 aprile 2020 <strong>18.601 (+ 547) <\/strong>Persone residenti in Ulss Dolomiti in isolamento domiciliare fiduciario e sorveglianza attiva al 29 aprile 2020: <b>1.211 (- 1 rispetto ieri) <\/b>Alcuni tamponi sono stati effettuati pi\u00f9 volte sulle stesse persone<\/p>\n<p class=\"photoswipe-wrapper\"><a class=\"dt-pswp-item pspw-wrap-ready\" href=\"https:\/\/i2.wp.com\/www.radiopiu.net\/wordpress\/wp-content\/uploads\/2020\/04\/Schermata-2020-04-29-alle-19.15.27.png?ssl=1\" data-dt-img-description=\"\" data-large_image_width=\"1356\" data-large_image_height=\"1718\"><img loading=\"lazy\" decoding=\"async\" class=\"alignnone wp-image-134018 jetpack-lazy-image jetpack-lazy-image--handled\" src=\"https:\/\/i2.wp.com\/www.radiopiu.net\/wordpress\/wp-content\/uploads\/2020\/04\/Schermata-2020-04-29-alle-19.15.27.png?resize=808%2C1024&amp;ssl=1\" sizes=\"auto, (max-width: 808px) 100vw, 808px\" srcset=\"https:\/\/i2.wp.com\/www.radiopiu.net\/wordpress\/wp-content\/uploads\/2020\/04\/Schermata-2020-04-29-alle-19.15.27.png?resize=808%2C1024&amp;ssl=1 808w, https:\/\/i2.wp.com\/www.radiopiu.net\/wordpress\/wp-content\/uploads\/2020\/04\/Schermata-2020-04-29-alle-19.15.27.png?resize=237%2C300&amp;ssl=1 237w, https:\/\/i2.wp.com\/www.radiopiu.net\/wordpress\/wp-content\/uploads\/2020\/04\/Schermata-2020-04-29-alle-19.15.27.png?resize=768%2C973&amp;ssl=1 768w, https:\/\/i2.wp.com\/www.radiopiu.net\/wordpress\/wp-content\/uploads\/2020\/04\/Schermata-2020-04-29-alle-19.15.27.png?resize=1212%2C1536&amp;ssl=1 1212w, https:\/\/i2.wp.com\/www.radiopiu.net\/wordpress\/wp-content\/uploads\/2020\/04\/Schermata-2020-04-29-alle-19.15.27.png?w=1356&amp;ssl=1 1356w\" alt=\"\" width=\"316\" height=\"400\" data-recalc-dims=\"1\" data-lazy-loaded=\"1\" \/><\/a><\/p>\n<p>&nbsp;<\/p>\n<p>&nbsp;<\/p>\n<hr \/>\n<p>&nbsp;<\/p>\n<\/div>\n<blockquote>\n<h3>IL DOCUMENTO SEGRETO ESISTE PER DAVVERO, MA LO SI SMONTA IN CINQUE MINUTI<\/h3>\n<\/blockquote>\n<p><strong>L&#8217;INTERVENTO DI GIANPAOLO BOTTACIN IERI A RADIO PIU&#8217;<\/strong><\/p>\n<audio class=\"wp-audio-shortcode\" id=\"audio-133882-2\" preload=\"none\" style=\"width: 100%;\" controls=\"controls\"><source type=\"audio\/mpeg\" src=\"https:\/\/www.radiopiu.net\/wordpress\/wp-content\/uploads\/2020\/04\/BOTTACIN-29-APR.mp3?_=2\" \/><a href=\"https:\/\/www.radiopiu.net\/wordpress\/wp-content\/uploads\/2020\/04\/BOTTACIN-29-APR.mp3\">https:\/\/www.radiopiu.net\/wordpress\/wp-content\/uploads\/2020\/04\/BOTTACIN-29-APR.mp3<\/a><\/audio>\n<blockquote class=\"wp-embedded-content\" data-secret=\"ztqOf6KHDu\"><p><a href=\"https:\/\/www.radiopiu.net\/wordpress\/aggiornamento-assessorato-protezione-civile-29-aprile-2020\/\">AGGIORNAMENTO ASSESSORATO PROTEZIONE CIVILE 29 APRILE 2020<\/a><\/p><\/blockquote>\n<p><iframe loading=\"lazy\" title=\"&#8220;AGGIORNAMENTO ASSESSORATO PROTEZIONE CIVILE 29 APRILE 2020&#8221; &#8212; Radio Pi\u00f9\" class=\"wp-embedded-content\" sandbox=\"allow-scripts\" security=\"restricted\" style=\"position: absolute; clip: rect(1px, 1px, 1px, 1px);\" src=\"https:\/\/www.radiopiu.net\/wordpress\/aggiornamento-assessorato-protezione-civile-29-aprile-2020\/embed\/#?secret=ztqOf6KHDu\" data-secret=\"ztqOf6KHDu\" width=\"600\" height=\"338\" frameborder=\"0\" marginwidth=\"0\" marginheight=\"0\" scrolling=\"no\"><\/iframe><\/p>\n<p>&nbsp;<\/p>\n<hr \/>\n<p>&nbsp;<\/p>\n<div class=\"page-title-head hgroup\">\n<blockquote>\n<h3 class=\"entry-title\">DATI E GRAFICI DEL GIORNO, PROVINCIA \u2013 REGIONE 29 APRILE 2020<\/h3>\n<\/blockquote>\n<\/div>\n<div class=\"page-title-breadcrumbs\">\n<p><strong>Con la collaborazione di Tiziano De Col<\/strong><\/p>\n<p>La Provincia di Belluno fa segnare ancora un incremento giornaliero pi\u00f9 alto tra le province del Veneto. Resta sempre con il rapporto contagi\/popolazione la Provincia con il pi\u00f9 alto valore del Veneto<\/p>\n<p class=\"photoswipe-wrapper\"><a class=\"dt-pswp-item pspw-wrap-ready\" href=\"https:\/\/i0.wp.com\/www.radiopiu.net\/wordpress\/wp-content\/uploads\/2020\/04\/Schermata-2020-04-29-alle-19.06.14.png?ssl=1\" data-dt-img-description=\"\" data-large_image_width=\"708\" data-large_image_height=\"442\"><img loading=\"lazy\" decoding=\"async\" class=\"alignnone size-medium wp-image-134008 jetpack-lazy-image jetpack-lazy-image--handled\" src=\"https:\/\/i0.wp.com\/www.radiopiu.net\/wordpress\/wp-content\/uploads\/2020\/04\/Schermata-2020-04-29-alle-19.06.14.png?resize=300%2C187&amp;ssl=1\" sizes=\"auto, (max-width: 300px) 100vw, 300px\" srcset=\"https:\/\/i0.wp.com\/www.radiopiu.net\/wordpress\/wp-content\/uploads\/2020\/04\/Schermata-2020-04-29-alle-19.06.14.png?resize=300%2C187&amp;ssl=1 300w, https:\/\/i0.wp.com\/www.radiopiu.net\/wordpress\/wp-content\/uploads\/2020\/04\/Schermata-2020-04-29-alle-19.06.14.png?w=708&amp;ssl=1 708w\" alt=\"\" width=\"300\" height=\"187\" data-recalc-dims=\"1\" data-lazy-loaded=\"1\" \/><\/a><a class=\"dt-pswp-item pspw-wrap-ready\" href=\"https:\/\/i1.wp.com\/www.radiopiu.net\/wordpress\/wp-content\/uploads\/2020\/04\/4834d755-c5e5-4e84-8708-74f06aaeb805.jpg?ssl=1\" data-dt-img-description=\"\" data-large_image_width=\"552\" data-large_image_height=\"330\"><img loading=\"lazy\" decoding=\"async\" class=\"alignnone wp-image-134009 jetpack-lazy-image jetpack-lazy-image--handled\" src=\"https:\/\/i1.wp.com\/www.radiopiu.net\/wordpress\/wp-content\/uploads\/2020\/04\/4834d755-c5e5-4e84-8708-74f06aaeb805.jpg?resize=315%2C188&amp;ssl=1\" sizes=\"auto, (max-width: 315px) 100vw, 315px\" srcset=\"https:\/\/i1.wp.com\/www.radiopiu.net\/wordpress\/wp-content\/uploads\/2020\/04\/4834d755-c5e5-4e84-8708-74f06aaeb805.jpg?resize=300%2C179&amp;ssl=1 300w, https:\/\/i1.wp.com\/www.radiopiu.net\/wordpress\/wp-content\/uploads\/2020\/04\/4834d755-c5e5-4e84-8708-74f06aaeb805.jpg?w=552&amp;ssl=1 552w\" alt=\"\" width=\"315\" height=\"188\" data-recalc-dims=\"1\" data-lazy-loaded=\"1\" \/><\/a><a class=\"dt-pswp-item pspw-wrap-ready\" href=\"https:\/\/i0.wp.com\/www.radiopiu.net\/wordpress\/wp-content\/uploads\/2020\/04\/4c13303d-78f3-4c1f-a656-951093fca5aa.jpg?ssl=1\" data-dt-img-description=\"\" data-large_image_width=\"670\" data-large_image_height=\"347\"><img loading=\"lazy\" decoding=\"async\" class=\"alignnone wp-image-134010 jetpack-lazy-image jetpack-lazy-image--handled\" src=\"https:\/\/i0.wp.com\/www.radiopiu.net\/wordpress\/wp-content\/uploads\/2020\/04\/4c13303d-78f3-4c1f-a656-951093fca5aa.jpg?resize=315%2C163&amp;ssl=1\" sizes=\"auto, (max-width: 315px) 100vw, 315px\" srcset=\"https:\/\/i0.wp.com\/www.radiopiu.net\/wordpress\/wp-content\/uploads\/2020\/04\/4c13303d-78f3-4c1f-a656-951093fca5aa.jpg?resize=300%2C155&amp;ssl=1 300w, https:\/\/i0.wp.com\/www.radiopiu.net\/wordpress\/wp-content\/uploads\/2020\/04\/4c13303d-78f3-4c1f-a656-951093fca5aa.jpg?w=670&amp;ssl=1 670w\" alt=\"\" width=\"315\" height=\"163\" data-recalc-dims=\"1\" data-lazy-loaded=\"1\" \/><\/a><\/p>\n<p>&nbsp;<\/p>\n<p>&nbsp;<\/p>\n<hr \/>\n<p>&nbsp;<\/p>\n<\/div>\n<div class=\"page-title-head hgroup\">\n<blockquote>\n<h3 class=\"entry-title\">DUE DECESSI NEGLI OSPEDALI BELLUNESI NELLE ULTIME ORE<\/h3>\n<\/blockquote>\n<\/div>\n<div class=\"page-title-breadcrumbs\">\n<p><strong><a class=\"dt-pswp-item\" href=\"https:\/\/www.radiopiu.net\/wordpress\/wp-content\/uploads\/2020\/03\/covid-ulss.jpg\" data-dt-img-description=\"\" data-large_image_width=\"800\" data-large_image_height=\"600\"><img loading=\"lazy\" decoding=\"async\" class=\" wp-image-121260 alignleft\" src=\"https:\/\/www.radiopiu.net\/wordpress\/wp-content\/uploads\/2020\/03\/covid-ulss-300x225.jpg\" alt=\"\" width=\"241\" height=\"181\" srcset=\"https:\/\/www.radiopiu.net\/wordpress\/wp-content\/uploads\/2020\/03\/covid-ulss-300x225.jpg 300w, https:\/\/www.radiopiu.net\/wordpress\/wp-content\/uploads\/2020\/03\/covid-ulss-768x576.jpg 768w, https:\/\/www.radiopiu.net\/wordpress\/wp-content\/uploads\/2020\/03\/covid-ulss.jpg 800w\" sizes=\"auto, (max-width: 241px) 100vw, 241px\" \/><\/a>BELLUNO<\/strong>\u00a0Sono due i decessi negli ospedali bellunesi nelle ultime ore. A lasciarci marted\u00ec sera una nonna di 82 anni ricoverata in Geriatria COVID di Belluno e residente in Ulss Dolomiti. Sempre all\u2019ospedale di Belluno, ma in reparto Malattie Infettive COVID, \u00e8 volato in cielo, ieri, un uomo di 80 anni, anch\u2019esso residente in Ulss Dolomiti.<\/p>\n<p><strong>61 DECESSI NEGLI OSPEDALI BELLUNESI DAL 21 FEBBRAIO<\/strong>\u00a0Ospedale San Martino di Belluno 43 (+2), Feltre 6, Belluno Ospedale di Comunit\u00e0 10, Agordo 1 e Pieve di Cadore 1.<\/p>\n<p>&nbsp;<\/p>\n<p>&nbsp;<\/p>\n<hr \/>\n<p>&nbsp;<\/p>\n<\/div>\n<blockquote>\n<h3 class=\"entry-title\">MAPPA CONTAGI 29 APRILE, NUMERO CUMULATIVO QUINDI INCLUSI: RICOVERATI, DECEDUTI, GUARITI, DALL\u2019INIZIO DELL\u2019EPIDEMIA<\/h3>\n<\/blockquote>\n<p><strong>TAIBON<\/strong>\u00a0I dati che seguono\u00a0<strong>non<\/strong>\u00a0fanno riferimento a contagi attuali, ma per ogni Comune \u00e8 in evidenza il dato cumulativo quindi sono inclusi<strong>\u00a0ricoverati, deceduti e guariti<\/strong>\u00a0per Comune di domicilio e non di residenza, ad esempio nel caso di Selva di Cadore 1 contagio dall\u2019inizio dell\u2019epidemia fa riferimento ad un caso di infezione di cittadino non residente nell\u2019Agordino. Numero totale in provincia di Belluno al 29 aprile\u00a0<strong>1084,<\/strong>\u00a0due giorni fa 27 aprile\u00a0<strong>1060.\u00a0<\/strong>A Belluno il numero cumulativo sale da 88 a 91, Alpago rimane ad 86, Cortina sale da 97 a 98 Pedavena sale a 133 dal precedente 131.<\/p>\n<p>&nbsp;<\/p>\n<h2>NUMERO CUMULATIVO DA INIZIO EPIDEMIA 29.04.2020<\/h2>\n<p class=\"photoswipe-wrapper\"><a class=\"dt-pswp-item pspw-wrap-ready\" href=\"https:\/\/i1.wp.com\/www.radiopiu.net\/wordpress\/wp-content\/uploads\/2020\/04\/29.png?ssl=1\" data-dt-img-description=\"\" data-large_image_width=\"793\" data-large_image_height=\"1122\"><img loading=\"lazy\" decoding=\"async\" class=\"wp-image-133900 alignleft jetpack-lazy-image jetpack-lazy-image--handled\" src=\"https:\/\/i1.wp.com\/www.radiopiu.net\/wordpress\/wp-content\/uploads\/2020\/04\/29.png?resize=277%2C392&amp;ssl=1\" sizes=\"auto, (max-width: 277px) 100vw, 277px\" srcset=\"https:\/\/i1.wp.com\/www.radiopiu.net\/wordpress\/wp-content\/uploads\/2020\/04\/29.png?resize=724%2C1024&amp;ssl=1 724w, https:\/\/i1.wp.com\/www.radiopiu.net\/wordpress\/wp-content\/uploads\/2020\/04\/29.png?resize=212%2C300&amp;ssl=1 212w, https:\/\/i1.wp.com\/www.radiopiu.net\/wordpress\/wp-content\/uploads\/2020\/04\/29.png?resize=768%2C1087&amp;ssl=1 768w, https:\/\/i1.wp.com\/www.radiopiu.net\/wordpress\/wp-content\/uploads\/2020\/04\/29.png?w=793&amp;ssl=1 793w\" alt=\"\" width=\"219\" height=\"310\" data-recalc-dims=\"1\" data-lazy-loaded=\"1\" \/><\/a>BELLUNO 91 AGORDO 15 ALANO DI PIAVE 55 ALLEGHE 2 ALPAGO 86 ARSIE\u2019 6 AURONZO DI CADORE 2 BORCA DI CADORE 5 BORGO VALBELLUNA 169 CALALZO DI CADORE 8 CANALE D\u2019AGORDO 1 CENCENIGHE AGORDINO 1 CESIOMAGGIORE 11 CHIES D\u2019ALPAGO 8 CIBIANA DI CADORE 2 COLLE SANTA LUCIA 2 COMELICO SUPERIORE 3 CORTINA D\u2019AMPEZZO 98 DANTA DI CADORE 1 DOMEGGE DI CADORE 6 FALCADE 1 FARRA D\u2019ALPAGO 1 FELTRE 89 FONZASO 18 GOSALDO 3 LA VALLE AGORDINA 8 LAMON 45 LIMANA 7 LIVINALLONGO DEL COL DI LANA 7 LONGARONE 2 LORENZAGO DI CADORE 4 LOZZO DI CADORE 12 PEDAVENA 133 PERAROLO DI CADORE 1 PIEVE DI CADORE 10 PONTE NELLE ALPI 19 QUERO VAS 16 RIVAMONTE AGORDINO 2 ROCCA PIETORE 9 SAN GREGORIO NELLE ALPI 1 SAN PIETRO DI CADORE 4 SAN TOMASO AGORDINO 1 SAN VITO DI CADORE 8 SANTA GIUSTINA 33 SANTO STEFANO DI CADORE 7 SEDICO 16 SELVA DI CADORE 1 SEREN DEL GRAPPA 10 SOSPIROLO 2 SOVERZENE 1 SOVRAMONTE 8 TAIBON AGORDINO 8 TAMBRE 8 VAL DI ZOLDO 3 VALLADA AGORDINA 1 VALLE DI CADORE 5 VIGO DI CADORE 2 VOLTAGO AGORDINO 5 ZOPPE\u2019 DI CADORE 1<\/p>\n<p>&nbsp;<\/p>\n<p>&nbsp;<\/p>\n<hr \/>\n<p>&nbsp;<\/p>\n<blockquote>\n<h2>LEGGI LA CONFERENZA STAMPA DI LUCA ZAIA<\/h2>\n<p><em>Gira un audio su whatsapp imbarazzante sulla strategia presunta della Regione di aumentare il numero dei morti, chi lo ha diffuso ne risponder\u00e0, \u00e8 un falso. Grazie ai sindaci che sostengono la Regione. Il pericolo della reinfezione c&#8217;\u00e8 reale. RIvoluzione per gli ospedali dal 4 di maggio prima del ricovero obbligo di tampone\u00a0<\/em><\/p><\/blockquote>\n<p>Il lockdown non esiste pi\u00f9 non perch\u00e8 c&#8217;\u00e8 gente nei campi, ma macchine e furgoni sulle strade grazie ai codici Ateco e al silenzio assenso permettendo &#8211; e per me \u00e8 bene &#8211; di lavorare, ma non si dia la colpa alla Regione, \u00e8 il risultato del DPCM. Noi siamo stati responsabili e abbiamo firmato un&#8217;ordinanza sulla fiducia invocando il senso di responsabilit\u00e0 Mi colpisce che i ragazzi mi segnalano casi isolati di chi gira per le strade senza mascherina che non \u00e8 un obbligo di leggi, ma una salvezza. Non \u00e8 finito tutto dobbiamo convivere con il virus, possiamo affrontare l&#8217;apertura, come \u00e8 possibile che la parrucchiera sia un problema e non lo sia la sala da gioco? Che non sia un problema l&#8217;afflusso sul pullman come lo \u00e8 un paio di persone in negozio. Dobbiamo investire sulla messa in sicurezza del cittadino. Stiamo\u00a0 per fissare\u00a0 un numero oltre il quale non si pu\u00f2 riaprire sar\u00e0 legato al contagio e alle terapie intensive. Approvato il piano di riapertura degli ospedali con obbligo di portare la mascherina, gli ingressi saranno assolutamente diminuiti con precisi controlli. La filosofia \u00e8 di mettere in sicurezza i cittadini, in primis i ricoverati. L&#8217;ospedale \u00e8 un luogo dove viurs e batteri sono maggiormente presenti, meglio andarci solo per necessit\u00e0. A trovare i parenti si va da soli, non funziona pi\u00f9 come una volta \u00e8 un luogo di cura e &#8220;sacro&#8221; e non si entra pi\u00f9 in comitiva.<\/p>\n<h2>MANUELA LANZARIN<\/h2>\n<p>Approvato il documento in unit\u00e0 di crisi e c&#8217;\u00e8 gi\u00e0 la lettera per le aziende sanitarie. Da lunedi si torna alla &#8220;normalit\u00e0&#8221; delle attivit\u00e0 ospedaliere. Dal 13 marzo sospese le attivit\u00e0 ospedaliere, mantenute solo emergenze-urgenze. Da lunedi l&#8217;ospedale rimane territorio da monitorare, gestire e organizzare con massima allerta. Alcuni cenni: accessi rivisti e limitati anche solo 2, presidiati da personale sanitario che deve appurare che chi entra non ha la febbre ed ha i dispositivi, guanti e mascherine chi non le ha le prender\u00e0 dal personale della Protezione Civile. Vengono rivisti gli spazi. visite solo su prenotazione e dilazionate ogni 15&#8242; con possibilit\u00e0 che le persone arrivino solo con 1 accompagnatore, meglio se la persona arriva da sola. Prenotazioni telefoniche non agli sportelli.\u00a0 <strong>RICOVERI<\/strong> dal pronto soccorso percorsi separati. Prima di qualsiasi ricovero verr\u00e0 fatto il tampone circa 1600 al giorno. Mentre la persona aspetta l&#8217;esito non va in reparto ma in spazi isolati fino all&#8217;esito dell&#8217;esame.<strong>INTERVENTI PROGRAMMATI<\/strong> La persona verr\u00e0 chiamata il giorno prima per il tampone. Tutti quelli che entrano in ospedale per qualasisi intervento saranno tamponate per mettere in sicurezza persona e ospedale. <strong>PROGRAMMAZIONE<\/strong> visite specialistiche sospese, alcune sono state gi\u00e0 programmate ora c&#8217;\u00e8 un&#8217;attivit\u00e0 di programmazione in corso. Stanno riprendendo e riprogrammando le prestazioni <strong>AMBULATORIALI<\/strong> ove possibile\u00a0 incentivate il pi\u00f9 possibile le visite a distanza attraverso video chiamate e video conferenza.<strong>OSPEDALI COVID<\/strong> (come Belluno e Agordo&#8230;)\u00a0 avranno reparti covid per poi tornare gradualmente nella normalit\u00e0.<\/p>\n<h2>DOMANDE<\/h2>\n<p><strong>CHI STABILISCE L&#8217;URGENZA<\/strong> I medici di famiglia hanno tutte le notizie per capire l&#8217;evolversi delle patologie e la richiesta di esami specialistici. Dovranno programmare le attivit\u00e0.<\/p>\n<p><strong>RIPROGRAMMAZIONE<\/strong> Cercheremo di smaltire il prima possibile con i tempi previsti a seconda dei carichi di lavoro anche con orari extra<\/p>\n<p><strong>OSPEDALI COVID<\/strong>\u00a0 Ambulatori aperti gi\u00e0 dalla prossima settimana<\/p>\n<p><strong>INCIDENTE STRADALE?<\/strong> Emergenza urgenza \u00e8 chiaro che vanno trattate come tali con tutte le precauzioni senza attendere l&#8217;esito del tampone<\/p>\n<p><strong>ACCOMPAGNATORE?\u00a0<\/strong> Spazi separati e sistemi protettivi non saranno fatti i tamponi.<\/p>\n<p><strong>TERAPIE INTENSIVE RIMANGONO 825?<\/strong> Nella nostra programmazione regionale approvata in consiglio regionale abbiamo oggi 450 posti letto di terapia intensiva pi\u00f9 45 del privato, 495 rimangono tali ma anche i posti letto aggiuntivi saranno mantenuti nell&#8217;eventualit\u00e0 ci sia il ritorno del virus. Saranno postazioni separate pronte all&#8217;uso.<\/p>\n<p><strong>C&#8217;E&#8217; UN NUMERO CHE SE SI RAGGIUNGE SI TORNA INDIETRO E SI CHIUDE<\/strong> Certo c&#8217;\u00e8 monitoriamo terapie intensive e ricoveri. Ad un ritorno importante scatta il piano di sospensione. Non abbiamo oggi un numero di regoliamo in base all&#8217;esperienza.<\/p>\n<p><strong>PER LE ANALISI DEL SANGUE PRENOTAZIONE?<\/strong> Ove possibile sempre meglio la prenotazione. Stiamo cercando di avere piccoli gruppi di persone prevedendo pi\u00f9 punti e distanziamento.<\/p>\n<p><strong>LA REGIONE PUO&#8217; INTERVENIRE PERCHE&#8217; NON SI TROVANO I <\/strong><\/p>\n<p><strong>GUANTI MONOUSO<\/strong> Possiamo solo chiedere a chi di dovere che li forniscano. Si puo&#8217; comunque usare anche il gel \u00e8 previsto come sostituto.<\/p>\n<p><strong>PRIMA DEL RICOVERO SI FA IL TAMPONE IN CASO DI PARTORIENTE?\u00a0<\/strong>Ci sono percorsi separati e protocolli specifici da seguire per mettere in sicurezza donna bambini<\/p>\n<p><strong>VISITE PARENTI<\/strong> Ridotte al minimo in orari prestabiliti. Non si puo&#8217; piu&#8217; andare quando si vuole.<\/p>\n<p>&nbsp;<\/p>\n<p>&nbsp;<\/p>\n<p>&nbsp;<\/p>\n<p>https:\/\/www.facebook.com\/zaiaufficiale\/videos\/256916732359373<\/p>\n<p>&nbsp;<\/p>\n<p>&nbsp;<\/p>\n<hr \/>\n<p>&nbsp;<\/p>\n<blockquote>\n<h3>IL DOCUMENTO DELLA REGIONE SUL RITORNO ALLA &#8220;NORMALIT\u00c0&#8221; DEGLI OSPEDALI<\/h3>\n<\/blockquote>\n<p><strong><a class=\"dt-pswp-item\" href=\"https:\/\/www.radiopiu.net\/wordpress\/wp-content\/uploads\/2015\/10\/Ospedale_San_Martino_Belluno_2014.jpg\" data-dt-img-description=\"\" data-large_image_width=\"699\" data-large_image_height=\"376\"><img loading=\"lazy\" decoding=\"async\" class=\"size-medium wp-image-12142 alignleft\" src=\"https:\/\/www.radiopiu.net\/wordpress\/wp-content\/uploads\/2015\/10\/Ospedale_San_Martino_Belluno_2014-300x161.jpg\" alt=\"\" width=\"300\" height=\"161\" \/><\/a>VENEZIA<\/strong>\u00a0Gli ospedali veneti, pur mantenendo attiva tutta l\u2019organizzazione anti Covid, si riorganizzano per la riapertura delle attivit\u00e0 sanitarie ordinarie, sospese nella fase pi\u00f9 acuta dell\u2019epidemia.\u00a0Lo fanno sulla base di un articolato documento di linee d\u2019indirizzo, che determinano modalit\u00e0, percorsi e precauzioni per il riavvio delle attivit\u00e0 di cura e diagnosi, condiviso e approvato dall\u2019unit\u00e0 di crisi del Veneto e gi\u00e0 inviato ai Dg. La ripartenza dei vari servizi avverr\u00e0 a partire dal 4 maggio prossimo.\u00a0Il documento, in 18 pagine, si compone di una premessa che inquadra la situazione epidemiologica, di un capitolo riservato ai destinatari, di uno che descrive lo scopo delle linee dettate, e di un ultimo, molto articolato, nel quale si entra nel particolare delle misure di prevenzione e compartimentazione per l\u2019erogazione di una lunga serie di servizi, dagli interventi chirurgici in emergenza, in urgenza e programmati alle prestazioni ambulatoriali, dall\u2019accesso delle persone con patologie oncoematologiche alla gestione della fase di follow up, dai pazienti in trattamento oncologico attivo ai percorsi nascita e per il paziente pediatrico, dall\u2019attivit\u00e0 del Cup a quella dei punti prelievo, per arrivare agli screening oncologici, che vengono riattivati.<\/p>\n<p><strong>IL DOCUMENTO<\/strong><\/p>\n<div class=\"su-document su-u-responsive-media-yes\"><iframe loading=\"lazy\" src=\"\/\/docs.google.com\/viewer?embedded=true&url=https:\/\/www.radiopiu.net\/wordpress\/wp-content\/uploads\/2020\/04\/2020.04.27-Doc-Riapertura-vers-per-DG-v.-2.pdf.pdf\" width=\"600\" height=\"800\" class=\"su-document\" title=\"prot\"><\/iframe><\/div>\n<p><a href=\"https:\/\/www.radiopiu.net\/wordpress\/wp-content\/uploads\/2020\/04\/2020.04.27-Doc-Riapertura-vers-per-DG-v.-2.pdf.pdf\">SCARICA QUI IL DOCUMENTO<\/a><\/p>\n<p>&nbsp;<\/p>\n<p>&nbsp;<\/p>\n<hr \/>\n<p>&nbsp;<\/p>\n<blockquote>\n<h3>&#8220;DE COCCIO&#8221;: SONO 4 LE SANZIONI NELLA GIORNATA DI IERI<\/h3>\n<\/blockquote>\n<p><strong>BELLUNO<\/strong> Solo 4 sanzioni in una giornata. Questo il riepilogo della Prefettura di Belluno in base ai controlli sul contenimento della diffusione Covid-19. 474 le persone controllate nella giornata di marted\u00ec, 11 le sanzioni nei primi due giorni della settimana. Controllate anche 1058 attivit\u00e0 commerciali della provincia e nessun provvedimento a riguardo.<\/p>\n<p><a class=\"dt-pswp-item\" href=\"https:\/\/www.radiopiu.net\/wordpress\/wp-content\/uploads\/2020\/04\/29.04_-_MONITORAGGIO_SETTIMANALE_DEI_SERVIZI_DI_CONTROLLO.jpg\" data-dt-img-description=\"\" data-large_image_width=\"1240\" data-large_image_height=\"1754\"><img loading=\"lazy\" decoding=\"async\" class=\"alignnone wp-image-133871 \" src=\"https:\/\/www.radiopiu.net\/wordpress\/wp-content\/uploads\/2020\/04\/29.04_-_MONITORAGGIO_SETTIMANALE_DEI_SERVIZI_DI_CONTROLLO-212x300.jpg\" alt=\"\" width=\"283\" height=\"400\" srcset=\"https:\/\/www.radiopiu.net\/wordpress\/wp-content\/uploads\/2020\/04\/29.04_-_MONITORAGGIO_SETTIMANALE_DEI_SERVIZI_DI_CONTROLLO-212x300.jpg 212w, https:\/\/www.radiopiu.net\/wordpress\/wp-content\/uploads\/2020\/04\/29.04_-_MONITORAGGIO_SETTIMANALE_DEI_SERVIZI_DI_CONTROLLO-724x1024.jpg 724w, https:\/\/www.radiopiu.net\/wordpress\/wp-content\/uploads\/2020\/04\/29.04_-_MONITORAGGIO_SETTIMANALE_DEI_SERVIZI_DI_CONTROLLO-768x1086.jpg 768w, https:\/\/www.radiopiu.net\/wordpress\/wp-content\/uploads\/2020\/04\/29.04_-_MONITORAGGIO_SETTIMANALE_DEI_SERVIZI_DI_CONTROLLO-1086x1536.jpg 1086w, https:\/\/www.radiopiu.net\/wordpress\/wp-content\/uploads\/2020\/04\/29.04_-_MONITORAGGIO_SETTIMANALE_DEI_SERVIZI_DI_CONTROLLO.jpg 1240w\" sizes=\"auto, (max-width: 283px) 100vw, 283px\" \/><\/a><\/p>\n<p>&nbsp;<\/p>\n<p>&nbsp;<\/p>\n<hr \/>\n<p>&nbsp;<\/p>\n<blockquote>\n<h3>CI AVETE LASCIATI SOLI, COSTRETTI A COMPRARCI LE MASCHERINE<\/h3>\n<\/blockquote>\n<p><a class=\"dt-pswp-item\" href=\"https:\/\/www.radiopiu.net\/wordpress\/wp-content\/uploads\/2020\/03\/MANI-ANZIANI.jpg\" data-dt-img-description=\"\" data-large_image_width=\"1920\" data-large_image_height=\"1280\"><img loading=\"lazy\" decoding=\"async\" class=\"size-medium wp-image-125005 alignleft\" src=\"https:\/\/www.radiopiu.net\/wordpress\/wp-content\/uploads\/2020\/03\/MANI-ANZIANI-300x200.jpg\" alt=\"\" width=\"300\" height=\"200\" srcset=\"https:\/\/www.radiopiu.net\/wordpress\/wp-content\/uploads\/2020\/03\/MANI-ANZIANI-300x200.jpg 300w, https:\/\/www.radiopiu.net\/wordpress\/wp-content\/uploads\/2020\/03\/MANI-ANZIANI-1024x683.jpg 1024w, https:\/\/www.radiopiu.net\/wordpress\/wp-content\/uploads\/2020\/03\/MANI-ANZIANI-768x512.jpg 768w, https:\/\/www.radiopiu.net\/wordpress\/wp-content\/uploads\/2020\/03\/MANI-ANZIANI-1536x1024.jpg 1536w, https:\/\/www.radiopiu.net\/wordpress\/wp-content\/uploads\/2020\/03\/MANI-ANZIANI.jpg 1920w\" sizes=\"auto, (max-width: 300px) 100vw, 300px\" \/><\/a>Riportiamo la lettera-denuncia sottoscritta da 32 operatori della casa di riposo di Trichiana.<\/p>\n<blockquote><p><em>Alla cortese attenzione<\/em><br \/>\n<em>Comitato parenti Centro Servizi Anziani Trichiana<\/em><\/p>\n<p><em>La frustrazione di questi giorni ci ha portato a decidere di scrivere una lettera per informare della nostra totale indignazione riguardo alle decisioni e alla modalit\u00e0 di gestione, da parte della direzione, della delicata situazione provocata da Covid-19.<\/em><br \/>\n<em>Sin dai primi giorni di questa emergenza siamo rimasti sconcertati dal fatto che ovunque si iniziassero ad attuare misure restrittive, di contenzione e ad indossare mascherine mentre noi ne fossimo ancora sprovvisti e non ci venisse fornita alcuna indicazione in merito.<\/em><br \/>\n<em>Ogni volta che abbiamo espresso le nostre preoccupazioni la risposta \u00e8 sempre stata la stessa: i presidi di protezione al momento non servivano e si stavano attivando per reperire il materiale necessario che ci sarebbe stato fornito solo al momento del bisogno. Cosa un po\u2019 tardiva, a nostro avviso, per una struttura socio-sanitaria che gi\u00e0 avrebbe dovuto essere provvista di una minima scorta di presidi. Nel frattempo per andare a fare la spesa era gi\u00e0 obbligatorio essere muniti di mascherina.<\/em><br \/>\n<em>Vogliamo dare attenzione al fatto che i primi presidi (mascherine) sono stati acquistati da noi, di tasca propria, ed indossati di nostra spontanea volont\u00e0, non tanto per timore di venir contagiati, ma in quanto consapevoli che noi, avendo contatti con l\u2019esterno della struttura, saremmo potuti essere possibile veicolo di contagio. Dapprima abbiamo incontrato una certa opposizione da parte della direzione, con la motivazione che questo comportamento potesse creare preoccupazione negli ospiti e venendo considerati come in preda ad una psicosi collettiva, dettata dalle notizie che circolavano su giornali e Tg.<\/em><br \/>\n<em>Con la presente desideriamo informare che la nostra fiducia, pi\u00f9 volte messa alla prova in questi anni, \u00e8 stata per l\u2019ennesima volta tradita, oltretutto mettendo a rischio la salute dei nostri ospiti, del personale e delle nostre famiglie. Anche ora, nei momenti pi\u00f9 difficili, percepiamo la non comprensione da parte della dirigenza della reale portata del problema. C\u2019\u00e8 la sensazione che solo noi, che siamo in costante contatto con gli ospiti, abbiamo la reale concezione del disordine e dei problemi creati dalla dubbia gestione dell\u2019emergenza. Ad oggi molte delle nostre preoccupazioni si sono concretizzate: molti di noi sono risultati positivi ai test o hanno sintomi, come molti dei nostri nonni della casa di riposo, e gli altri sono costretti a lavorare in condizioni estreme, vista la carenza di personale e la circolazione del virus nella struttura.<\/em><br \/>\n<em>Non entriamo in merito a situazioni particolari, queste potranno essere indagate successivamente da chi ne avr\u00e0 e se ce ne sar\u00e0 la volont\u00e0. Siamo a completa disposizione di chi vorr\u00e0 approfondire e sentire la nostra testimonianza.\u00a0Ci sentiamo vicini ai parenti dei nostri ospiti che, impossibilitati ad entrare in struttura, sono preoccupati per i loro cari.\u00a0Le emergenze accadono, a volte sono impreviste, ma, a nostro avviso, non stavolta. A volte non servono grandi studi ma solo un po\u2019 di buon senso. Attivandosi e preparandosi per tempo molto si poteva evitare. Sono passati ormai due mesi dal primo caso Covid in Italia e un mese dai primi casi negli ospedali della nostra provincia. Il tempo c\u2019era. Solo a inizio aprile ci \u00e8 stata data la possibilit\u00e0 di utilizzare mascherine fornite dalla struttura, l\u2019ordine di utilizzarle e la possibilit\u00e0 di fare i tamponi.<\/em><\/p><\/blockquote>\n<p>&nbsp;<\/p>\n<p>&nbsp;<\/p>\n<hr \/>\n<p>&nbsp;<\/p>\n<blockquote>\n<h3>MEDICI DI ASSISTENZA PRIMARIA<\/h3>\n<\/blockquote>\n<p><strong><a class=\"dt-pswp-item\" href=\"https:\/\/www.radiopiu.net\/wordpress\/wp-content\/uploads\/2020\/03\/ULSS-1-DOLOMITI-LOGO.jpg\" data-dt-img-description=\"\" data-large_image_width=\"298\" data-large_image_height=\"219\"><img loading=\"lazy\" decoding=\"async\" class=\" wp-image-121256 alignleft\" src=\"https:\/\/www.radiopiu.net\/wordpress\/wp-content\/uploads\/2020\/03\/ULSS-1-DOLOMITI-LOGO.jpg\" alt=\"\" width=\"142\" height=\"104\" \/><\/a>BELLUNO<\/strong> La Ulss1 comunica che nell\u2019ambito territoriale dei Comuni di Belluno, Limana, Ponte nelle Alpi e Soverzene verr\u00e0 inserita da oggi la la dottoressa Giordana Barattin. Il nuovo medico di assistenza primaria eserciter\u00e0 la propria attivit\u00e0 presso lo studio medico della Medicina di Gruppo \u201cBellunoUno\u201d in via Caffi.<\/p>\n<p>&nbsp;<\/p>\n<p>&nbsp;<\/p>\n<hr \/>\n<p>&nbsp;<\/p>\n<blockquote>\n<h3><span style=\"font-family: arial, sans-serif;\">CORONAVIRUS, DEPUTATI VENETI FORZA ITALIA: ZAIA CHIEDA RISARCIMENTI ALLA CINA PER IL NOSTRO VENETO<\/span><\/h3>\n<\/blockquote>\n<p><span style=\"font-family: arial, sans-serif;\"><strong><a class=\"dt-pswp-item\" href=\"https:\/\/www.radiopiu.net\/wordpress\/wp-content\/uploads\/2019\/01\/Logo_Forza_Italia.svg_.png\" data-dt-img-description=\"\" data-large_image_width=\"1200\" data-large_image_height=\"996\"><img loading=\"lazy\" decoding=\"async\" class=\" wp-image-71880 alignleft\" src=\"https:\/\/www.radiopiu.net\/wordpress\/wp-content\/uploads\/2019\/01\/Logo_Forza_Italia.svg_-300x249.png\" alt=\"\" width=\"189\" height=\"157\" srcset=\"https:\/\/www.radiopiu.net\/wordpress\/wp-content\/uploads\/2019\/01\/Logo_Forza_Italia.svg_-300x249.png 300w, https:\/\/www.radiopiu.net\/wordpress\/wp-content\/uploads\/2019\/01\/Logo_Forza_Italia.svg_-768x637.png 768w, https:\/\/www.radiopiu.net\/wordpress\/wp-content\/uploads\/2019\/01\/Logo_Forza_Italia.svg_-1024x850.png 1024w, https:\/\/www.radiopiu.net\/wordpress\/wp-content\/uploads\/2019\/01\/Logo_Forza_Italia.svg_.png 1200w\" sizes=\"auto, (max-width: 189px) 100vw, 189px\" \/><\/a>VENEZIA<\/strong> La Regione Lombardia chieder\u00e0 il conto dei danni alla Repubblica Popolare Cinese con risarcimento danni per almeno 20 miliardi. \u201cAnche la nostra regione, il Veneto, sta scontando una perdita fortissima. Avremo un Pil in calo del 7%. Non solo artigiani, commercianti, professionisti, ma la stessa industria, che rappresenta il motore dell\u2019economia italiana sar\u00e0 quella che ne sconter\u00e0 pi\u00f9 conseguenze negative. Senza considerare il costo in termini di vite umane e i danni economici che la sola gestione sanitaria sta comportando. Basti pensare all\u2019ingente numero di tamponi che ad oggi \u00e8 stato necessario effettuare, quasi 320mila\u201d. \u201cChiediamo al governatore Zaia\u00a0di\u00a0muoversi\u00a0urgentemente\u00a0per chiedere anche per la nostra gente un risarcimento\u00a0di almeno 20 miliardi di euro\u00a0alla Cina per le conseguenze della pandemia da Covid19.\u00a0Assisteremo al crollo peggiore dopo la Seconda Guerra mondiale, causato dal comportamento\u00a0incompetente e irresponsabile di un Paese che prima ha trasformato un virus in una pandemia mondiale, e oggi vorrebbe anche prendersi il merito di averci salvato, attraverso l\u2019esportazione di tamponi e mascherine, nel tentativo di trasformare una sconfitta in una vittoria. E\u2019 giusto che chi ha sbagliato paghi\u201d.<\/span><\/p>\n<p>&nbsp;<\/p>\n<p>&nbsp;<\/p>\n<hr \/>\n<p>&nbsp;<\/p>\n<blockquote>\n<h3>LUXOTTICA: LA GESTIONE DELLO SMART WORKING NEL MESE DI MAGGIO<\/h3>\n<\/blockquote>\n<p><strong><a class=\"dt-pswp-item\" href=\"https:\/\/www.radiopiu.net\/wordpress\/wp-content\/uploads\/2020\/04\/LUXOTTICA-ITALIA-scaled.jpg\" data-dt-img-description=\"\" data-large_image_width=\"2560\" data-large_image_height=\"1920\"><img loading=\"lazy\" decoding=\"async\" class=\"size-medium wp-image-130528 alignleft\" src=\"https:\/\/www.radiopiu.net\/wordpress\/wp-content\/uploads\/2020\/04\/LUXOTTICA-ITALIA-300x225.jpg\" alt=\"\" width=\"300\" height=\"225\" srcset=\"https:\/\/www.radiopiu.net\/wordpress\/wp-content\/uploads\/2020\/04\/LUXOTTICA-ITALIA-300x225.jpg 300w, https:\/\/www.radiopiu.net\/wordpress\/wp-content\/uploads\/2020\/04\/LUXOTTICA-ITALIA-1024x768.jpg 1024w, https:\/\/www.radiopiu.net\/wordpress\/wp-content\/uploads\/2020\/04\/LUXOTTICA-ITALIA-768x576.jpg 768w, https:\/\/www.radiopiu.net\/wordpress\/wp-content\/uploads\/2020\/04\/LUXOTTICA-ITALIA-1536x1152.jpg 1536w, https:\/\/www.radiopiu.net\/wordpress\/wp-content\/uploads\/2020\/04\/LUXOTTICA-ITALIA-2048x1536.jpg 2048w\" sizes=\"auto, (max-width: 300px) 100vw, 300px\" \/><\/a>AGORDO<\/strong> Luxottica ha distribuito a tutti gli impiegati il vademecum su come comportarsi nel mese di maggio in base allo smart working (lavoro da casa). L&#8217;azienda, a causa della pandemia Covid-19, ha chiesto al Ministero del lavoro di avere accesso alla Cassa Integrazione per tutti i dipendenti del gruppo. Maestranze che possono essere chiamate al lavoro solo ed esclusivamente dai loro capi o dall&#8217;ufficio del personale e lavorare solo nei giorni stabiliti. A partire dal mese di maggio questa sar\u00e0 la procedura per coloro che lavoreranno da casa: I capi di singoli dipartimenti faranno una pianificazione settimanale delle giornate di SW con l\u2019obiettivo di comandare al lavoro solamente i dipendenti indispensabili per lo svolgimento delle attivit\u00e0 essenziali e non differibili dell\u2019azienda. Entro il gioved\u00ec della settimana precedente il capo invier\u00e0 all\u2019HR di riferimento la pianificazione della settimana successiva. Entro il venerd\u00ec della settimana precedente, al massimo il luned\u00ec mattina, l\u2019HR invier\u00e0 la pianificazione al team dell\u2019amministrazione del personale del plant di riferimento. Questa pianificazione verr\u00e0 condivisa dal capo con tutto il team chiarendo che nelle giornate\/mezze giornate di Cassa Integrazione non sar\u00e0 possibile lavorare; Il singolo dipendente si occuper\u00e0 di caricare settimanalmente a sistema la pianificazione utilizzando il giustificativo \u00abSmart Working\u00bb(attivo su My Personal Desk da maggio 2020) che potr\u00e0 essere utilizzato anche in modo tempestivo: caricamento e\/o modifica fino al giorno stesso in cui si svolge lo Smart Working.\u00a0L\u2019amministrazione del personale controller\u00e0 nell\u2019arco del mese e alla chiusura del mese stesso che la pianificazione del numero delle giornate\/mezze giornate lavorate inserita dai singoli dipendenti corrisponda a quella concordata con i capi.<\/p>\n<p>&nbsp;<\/p>\n<p>&nbsp;<\/p>\n<hr \/>\n<p>&nbsp;<\/p>\n<blockquote>\n<h3>ANCORA A RANGHI RIDOTTI LA PROSSIMA SETTIMANA IN LUXOTTICA<\/h3>\n<\/blockquote>\n<p><strong><a class=\"dt-pswp-item\" href=\"https:\/\/www.radiopiu.net\/wordpress\/wp-content\/uploads\/2019\/10\/MAGLIA-LUXOTTICA.jpeg\" data-dt-img-description=\"\" data-large_image_width=\"1024\" data-large_image_height=\"1024\"><img loading=\"lazy\" decoding=\"async\" class=\"size-medium wp-image-103580 alignleft\" src=\"https:\/\/www.radiopiu.net\/wordpress\/wp-content\/uploads\/2019\/10\/MAGLIA-LUXOTTICA-300x300.jpeg\" alt=\"\" width=\"300\" height=\"300\" srcset=\"https:\/\/www.radiopiu.net\/wordpress\/wp-content\/uploads\/2019\/10\/MAGLIA-LUXOTTICA-300x300.jpeg 300w, https:\/\/www.radiopiu.net\/wordpress\/wp-content\/uploads\/2019\/10\/MAGLIA-LUXOTTICA-150x150.jpeg 150w, https:\/\/www.radiopiu.net\/wordpress\/wp-content\/uploads\/2019\/10\/MAGLIA-LUXOTTICA-768x768.jpeg 768w, https:\/\/www.radiopiu.net\/wordpress\/wp-content\/uploads\/2019\/10\/MAGLIA-LUXOTTICA.jpeg 1024w\" sizes=\"auto, (max-width: 300px) 100vw, 300px\" \/><\/a>AGORDO<\/strong> Si continua a lavorare a ranghi ridotti negli stabilimenti Luxottica italiani. Lo conferma il comunicato stampa congiunto di CGIL, CISL e UIL. Azienda e sindacati si sono incontrati per fare il punto della situazione come succede ogni settimana. Dopo l&#8217;esame della settimana \u00a0sono stati ribaditi i programmi produttivi della settimana in corso.\u00a0In particolare per tutti gli stabilirnenti di Agordo, Cencenighe, Sedico, Pederobba, Rovereto, Lauriano occhiali, Silvi Marina e Citt\u00e0 Sant&#8217;Angelo, si conferma una percentuale di presenze indicativa media fra il 25% ed il 35% per le giornate che vanno da Lunedi 4 a Giovedi 7 Maggio, con aperture in parte scaglionate in alcuni reparti. in particolare del processo a monte (cd Grezzo) allo scopo di ribilanciare i carichi produttivi.\u00a0Resta confermata anche la mancata attivazione la prossima settimana delle lenti sole a Lauriano. La logistica distributiva (Sedico) continuer\u00e0 a lavorare sui livelli della settimana in corso. Sono, inoltre, previste le consuete attivita di manutenzione e messa in sicurezza degli impianti che verranno garantite in ogni sede. Le parti, infine, si danno fin d&#8217;ora appuntamento alla prossima settimana per verificare nuovamente i piani produttivi e le iniziative eventualmente da intraprendere anche alla luce delle indicazioni normative.<\/p>\n<p>&nbsp;<\/p>\n<p>&nbsp;<\/p>\n<hr \/>\n<p>&nbsp;<\/p>\n<blockquote>\n<h3>CASSA INTEGRAZIONE: DONAZZAN A TRIDICO, \u201cIN VENETO LA MACCHINA ORGANIZZATIVA FUNZIONA, MA MANCANO I SOLDI\u201d<\/h3>\n<\/blockquote>\n<p><strong><a class=\"dt-pswp-item\" href=\"https:\/\/www.radiopiu.net\/wordpress\/wp-content\/uploads\/2020\/04\/DONAZZAN-1.jpg\" data-dt-img-description=\"\" data-large_image_width=\"2048\" data-large_image_height=\"2048\"><img loading=\"lazy\" decoding=\"async\" class=\" wp-image-133654 alignleft\" src=\"https:\/\/www.radiopiu.net\/wordpress\/wp-content\/uploads\/2020\/04\/DONAZZAN-1-300x300.jpg\" alt=\"\" width=\"223\" height=\"223\" srcset=\"https:\/\/www.radiopiu.net\/wordpress\/wp-content\/uploads\/2020\/04\/DONAZZAN-1-300x300.jpg 300w, https:\/\/www.radiopiu.net\/wordpress\/wp-content\/uploads\/2020\/04\/DONAZZAN-1-1024x1024.jpg 1024w, https:\/\/www.radiopiu.net\/wordpress\/wp-content\/uploads\/2020\/04\/DONAZZAN-1-150x150.jpg 150w, https:\/\/www.radiopiu.net\/wordpress\/wp-content\/uploads\/2020\/04\/DONAZZAN-1-768x768.jpg 768w, https:\/\/www.radiopiu.net\/wordpress\/wp-content\/uploads\/2020\/04\/DONAZZAN-1-1536x1536.jpg 1536w, https:\/\/www.radiopiu.net\/wordpress\/wp-content\/uploads\/2020\/04\/DONAZZAN-1.jpg 2048w\" sizes=\"auto, (max-width: 223px) 100vw, 223px\" \/><\/a>VENEZIA<\/strong>\u00a0\u201c<em>Pasquale Tridico prima di venire a parlare del Veneto in Veneto, del Veneto dovrebbe informarsi meglio, peraltro facilitato dal fatto che la Direzione veneta Inps funziona bene, ha ottimi dirigenti e grande spirito di collaborazione istituzionale. Con le sue affermazioni approssimative il presidente Tridico danneggia pi\u00f9 la Direzione regionale dell\u2019Inps che la Regione<\/em>\u201d.<span class=\"Apple-converted-space\">\u00a0 <\/span>Cos\u00ec l\u2019assessore regionale al Lavoro Elena Donazzan commenta le dichiarazioni del presidente dell\u2019Inps Tridico sulle difficolt\u00e0 di erogazione degli ammortizzatori sociali e in particolare della cassa integrazione in deroga.\u00a0\u201c<em>Leggendo i giornali di oggi la schizofren\u00eca di questo momento \u00e8 palese \u2013 prosegue Donazzan &#8211;<span class=\"Apple-converted-space\">\u00a0 <\/span>Da un lato ci sono una Regione e una Direzione regionale Inps, che rappresentano con i numeri l\u2019efficacia di una macchina organizzativa, nonostante il peso di gestione di pratiche cos\u00ec alto -perch\u00e9 torno a ribadire che una situazione del genere non si era mai vista e temo che<span class=\"Apple-converted-space\">\u00a0 <\/span>produrr\u00e0 una crisi del mercato del lavoro molto lunga, difficile; e dall\u2019altro c\u2019\u00e8 il presidente Tridico che, invece di scaricare presunte inefficienze sulle Regioni, dovrebbe pensare, unitamente al governo, a come trovare risorse che sono gi\u00e0 esaurite<\/em>\u201d. Marted\u00ec\u00a0\u00e8 arrivato il secondo riparto delle risorse per le casse integrazione in deroga, che ammontano per il Veneto in ulteriori 170 milioni (per un totale complessivo di 309 milioni pervenuti sinora a fronte di un fabbisogno quantificabile per ora in 325 milioni).<span class=\"Apple-converted-space\">\u00a0\u00a0<\/span>\u201c<em>Il governo e Tridico sappiano che queste risorse sono in esaurimento per i datori di lavoro che ne hanno fatto richiesta \u2013 ribadisce l\u2019assessore del Veneto &#8211; e quindi attendiamo con tempestivit\u00e0 che il governo faccia quell\u2019annunciato \u2018decreto aprile\u2019 che ancora non abbiamo visto, nonostante il mese finisca domani<\/em>\u201d.\u00a0Per l\u2019assessore al lavoro del Veneto \u201cquesto atteggiamento di attacco alle Regioni, che non riguarda quindi solo il Veneto, sa tanto di ricerca di un capro espiatorio\u201d. \u201c<em>I numeri aumenteranno \u2013 scandisce Donazzan &#8211; le risorse non ci sono, il governo impedisce di lavorare, ma non garantisce risorse sufficienti n\u00e9 alle imprese n\u00e9 ai lavoratori. Piuttosto che occuparsi di noi, Governo e Inps si occupino di questi problemi<\/em>\u201d.<\/p>\n<p>&nbsp;<\/p>\n<p>&nbsp;<\/p>\n<hr \/>\n<p>&nbsp;<\/p>\n<blockquote>\n<h3>CORONAVIRUS. LA GIUNTA PRESENTA IN COMMISSIONE IL PDL PER PROROGARE A VENETO SVILUPPO LA GESTIONE DEI FONDI REGIONALI NEL SOSTEGNO AL TESSUTO PRODUTTIVO<\/h3>\n<\/blockquote>\n<p><strong><a class=\"dt-pswp-item\" href=\"https:\/\/www.radiopiu.net\/wordpress\/wp-content\/uploads\/2016\/06\/1435664065538_Forcolin_Gianluca-2.jpg\" data-dt-img-description=\"\" data-large_image_width=\"580\" data-large_image_height=\"800\"><img loading=\"lazy\" decoding=\"async\" class=\" wp-image-20331 alignleft\" src=\"https:\/\/www.radiopiu.net\/wordpress\/wp-content\/uploads\/2016\/06\/1435664065538_Forcolin_Gianluca-2-218x300.jpg\" alt=\"\" width=\"163\" height=\"224\" \/><\/a>VENEZIA<\/strong>\u00a0\u201c<em>Se non si interviene subito a fornire la necessaria liquidit\u00e0 alle nostre imprese, ai nostri artigiani e soprattutto alle piccole aziende, subiremo una drammatica desertificazione del tessuto portante dell\u2019economia reale del nostro Veneto. Siamo di fronte a uno tsunami economico e non possiamo perdere tempo<\/em>\u201d.\u00a0Questo il commento del vicepresidente Gianluca Forcolin, assessore al Bilancio, a conclusione della presentazione alla prima Commissione consiliare del progetto di legge proposto dalla Giunta Regionale a sostegno del tessuto produttivo veneto in cui si proroga eccezionalmente a Veneto Sviluppo (pur essendo prossima la scadenza della convenzione) la gestione dei finanziamenti, garanzie e contributi alle aziende, attingendo i fondi regionali per circa 200 milioni di euro.<span class=\"Apple-converted-space\">\u00a0<\/span>\u201c<em>Con il PDL gi\u00e0 approvato dalla Giunta e ora all\u2019esame del Consiglio regionale la Regione, intende procedere celermente e senza alcuna soluzione di continuit\u00e0 nella gestione di finanziamenti \u2013 sottolinea il Vicepresidente -. La portata innovativa del progetto, passato in Giunta in tempi rapidissimi, \u00e8 quella di rivedere radicalmente le finalit\u00e0 dei fondi regionali messi a disposizione delle aziende venete, ossia disporre della indispensabile liquidit\u00e0 per sopravvivere alla crisi che si sta abbattendo sul tessuto economico del Veneto come conseguenza del Coronavirus<\/em>\u201d.\u00a0\u201c<em>\u00c8 gravissimo apprendere che l\u2019INPS ha dovuto sospendere l\u2019esame delle pratiche relative alle richieste del famoso contributo di 600 euro perch\u00e9 mancano le risorse statali \u2013 prosegue Forcolin -.<span class=\"Apple-converted-space\">\u00a0 <\/span>Per i nostri commercianti, artigiani, piccoli imprenditori significa subire una doppia umiliazione: prima per loro si presenta solo un\u2019elemosina governativa poi, alla fine, anche questa \u00e8 fuffa. I nostri imprenditori pagano regolarmente le tasse e viene da chiedersi come vengono distribuite le risorse che derivano dal nostro residuo fiscale.<span class=\"Apple-converted-space\">\u00a0 <\/span>Tramite i parlamentari veneti, chiederemo come sono stati destinati geograficamente questi miliardi di euro<\/em>\u201d.<\/p>\n<p>&nbsp;<\/p>\n<p>&nbsp;<\/p>\n<hr \/>\n<p>&nbsp;<\/p>\n<blockquote>\n<h3>FASE 2, UNIRE TUTELA DELLA SALUTE, CONTENIMENTO DEL CONTAGIO E FONDAMENTALE RILANCIO DELLE ATTIVITA&#8217; ECONOMICHE<\/h3>\n<\/blockquote>\n<p><strong><a class=\"dt-pswp-item\" href=\"https:\/\/www.radiopiu.net\/wordpress\/wp-content\/uploads\/2020\/04\/UNCEM.jpg\" data-dt-img-description=\"\" data-large_image_width=\"500\" data-large_image_height=\"500\"><img loading=\"lazy\" decoding=\"async\" class=\" wp-image-133399 alignleft\" src=\"https:\/\/www.radiopiu.net\/wordpress\/wp-content\/uploads\/2020\/04\/UNCEM-300x300.jpg\" alt=\"\" width=\"201\" height=\"201\" srcset=\"https:\/\/www.radiopiu.net\/wordpress\/wp-content\/uploads\/2020\/04\/UNCEM-300x300.jpg 300w, https:\/\/www.radiopiu.net\/wordpress\/wp-content\/uploads\/2020\/04\/UNCEM-150x150.jpg 150w, https:\/\/www.radiopiu.net\/wordpress\/wp-content\/uploads\/2020\/04\/UNCEM.jpg 500w\" sizes=\"auto, (max-width: 201px) 100vw, 201px\" \/><\/a>ROMA<\/strong> &#8220;Per l&#8217;entrata del Paese nella fase 2 \u00e8 importante definire un percorso chiaro istituzionale e politico, regionale e nazionale, che unisca la\u00a0necessit\u00e0 di massima tutela della salute pubblica, il contenimento del contagio, riducendolo fortemente, e il\u00a0massimo supporto alle imprese. Esercizi commerciali, bar, negozi di prossimit\u00e0, imprese manifatturiere, artigiane, turistico-ricettive, agricole hanno bisogno di avere tempi certi per la riapertura, sostegno economico che colmi i mesi persi. I lavoratori hanno bisogno di ricevere la cassa integrazione entro i primi giorni di maggio. Attendono da troppo tempo. Per l&#8217;economia dei piccoli Comuni e delle aree montane, non sono sopportabili tempi lunghi per le scelte e le decisioni che il Parlamento dovr\u00e0 concertare e coordinare con il Governo, e con le Regioni, con un&#8217;attivit\u00e0 dell&#8217;Aula alla quale Uncem fornir\u00e0 proposte e istanze come fatto con i Ministri e i Parlamentari nelle ultime ore. Servono\u00a0tempi certi sulle riaperture, anche dei rifugi alpini piuttosto che dei bar e dei ristoranti di Alpi e Appennini. Bene la possibilit\u00e0 di poter fare take-away. Nei piccoli Comuni sapremo certo evitare assembramenti. Anche\u00a0rispetto all&#8217;uso dei sentieri e delle attivit\u00e0 outdoor Uncem auspica aperture. Una cosa \u00e8 certa:\u00a0la montagna non deve essere ai margini dell&#8217;economia del Paese. E su questo assunto dobbiamo lavorare con le istituzioni, nazionali e regionali, nelle quali abbiamo fiducia e che devono per\u00f2 essere capaci di ascoltare le istanze dei Sindaci, degli Enti locali, di tutte le imprese dei territori&#8221;.<\/p>\n<p>&nbsp;<\/p>\n<p>&nbsp;<\/p>\n<hr \/>\n<p>&nbsp;<\/p>\n<blockquote>\n<h3>AGENTI BELLUNESI ALLO STREMO<\/h3>\n<\/blockquote>\n<p><strong><a class=\"dt-pswp-item\" href=\"https:\/\/www.radiopiu.net\/wordpress\/wp-content\/uploads\/2018\/06\/Roccon-Franco.jpg\" data-dt-img-description=\"\" data-large_image_width=\"402\" data-large_image_height=\"483\"><img loading=\"lazy\" decoding=\"async\" class=\"size-medium wp-image-52102 alignleft\" src=\"https:\/\/www.radiopiu.net\/wordpress\/wp-content\/uploads\/2018\/06\/Roccon-Franco-250x300.jpg\" alt=\"\" width=\"250\" height=\"300\" srcset=\"https:\/\/www.radiopiu.net\/wordpress\/wp-content\/uploads\/2018\/06\/Roccon-Franco-250x300.jpg 250w, https:\/\/www.radiopiu.net\/wordpress\/wp-content\/uploads\/2018\/06\/Roccon-Franco.jpg 402w\" sizes=\"auto, (max-width: 250px) 100vw, 250px\" \/><\/a>BELLUNO<\/strong> Dodici Decreti, due Circolari ministeriali, due Ordinanze ministeriali, oltre a innumerevoli conferenze stampa e inopportuni interventi televisivi serali per non dire nulla anticipando DPCM incomprensibili. \u201cQuesto \u00e8 quello che attualmente stiamo subendo come categoria degli Agenti di commercio e come cittadini \u2013 dichiara il presidente provinciale e regionale di Usarci Franco Roccon -. Davvero riprovevole che questa categoria che movimenta il 70% del Pil nazionale sia ancora ferma al palo, come tante altre, per un\u2019ottusit\u00e0 dovuta agli aspetti burocratici di chi governa questo Paese. Lo chiamano il paese delle banane non a torto. Altri Paesi europei, colpiti da una pandemia senza precedenti, hanno risolto con il buon senso il vivere e il lavoro quotidiano, rispettando distanze, aprendo attivit\u00e0 e sostenendo economicamente fin da subito il tessuto sociale ed economico. Questa che una Repubblica fondata sul lavoro, cos\u00ec recita l\u2019art. 1 della Costituzione, nella realt\u00e0 sta premiando con il reddito di cittadinanza e quello di sussistenza, categorie che dello Stato se ne fregano non versando il men che minimo contributo anzi, evadendo a pi\u00f9 non posso!\u201d La categoria \u00e8 stremata dalla lunga inattivit\u00e0, preoccupata per le tasse e in continua attesa di nuovi chiarimenti dal Governo. Per chi si azzarda a mettersi in auto la trafila degli adempimenti e degli accorgimenti da rispettare \u00e8 lunga e non c\u2019\u00e8 mai la certezza di non incappare in controlli. Oggi, per esercitare, un agente o rappresentante di commercio deve: Inoltrare puntuale comunicazione alla Prefettura, attendere la risposta o il silenzio assenso; Portare con se copia del Certificato Camerale (non pi\u00f9 vecchio di tre mesi) dove si rilevi il codice ATECO; Portare copia del contratto di Agenzia con la propria mandante e il settore di operativit\u00e0; Avere copia con gli estremi del cliente da visitare; Avere una mail di conferma dell\u2019appuntamento dallo stesso cliente; Avere l\u2019autocertificazione compilata per il tragitto dal luogo di residenza al primo cliente; Avere le altre autocertificazioni per il tragitto dal primo cliente al secondo e cos\u00ec via. \u201cDitemi voi se \u00e8 normale un Paese dove per lavorare \u00e8 necessario sottostare alle bizze e competenze di 450 persone appartenenti ad una taske force di cervelli (pi\u00f9 o meno validi) che partorisce sgangherati Decreti a nastro, conferenze stampa auto incensanti, con indicazioni comportamentali spesso in contrasto tra loro e dove non viene indicata una strada per risollevare l\u2019economia e il lavoro quotidiano di chi con fatica tenta, con le proprie tasse, di tenere in piedi, un Paese decotto \u2013 conclude Roccon &#8211; . Nello sconforto totale per essere governati da incompetenti, qualcuno sta valutando di aprire la propria partita iva in Lussemburgo come hanno fatto molti scafati imprenditori. Con buona pace del Paese pi\u00f9 bello al mondo e dei suoi illuminati rappresentanti\u201d.<\/p>\n<p><strong>IL PRESIDENTE REGIONALE E PROVINCIALE DI USARCI FRANCO ROCCON<\/strong><\/p>\n<audio class=\"wp-audio-shortcode\" id=\"audio-133882-3\" preload=\"none\" style=\"width: 100%;\" controls=\"controls\"><source type=\"audio\/mpeg\" src=\"https:\/\/www.radiopiu.net\/wordpress\/wp-content\/uploads\/2020\/04\/FRANCO-ROCCON.mp3?_=3\" \/><a href=\"https:\/\/www.radiopiu.net\/wordpress\/wp-content\/uploads\/2020\/04\/FRANCO-ROCCON.mp3\">https:\/\/www.radiopiu.net\/wordpress\/wp-content\/uploads\/2020\/04\/FRANCO-ROCCON.mp3<\/a><\/audio>\n<p>&nbsp;<\/p>\n<hr \/>\n<p>&nbsp;<\/p>\n<blockquote>\n<h3>APPELLO DEGLI ESERCENTI BELLUNESI. DE CARLO: \u201cCONDIVIDO LA PROTESTA. COMUNI HANNO STRUMENTI LIMITATI, MA CI SONO SOLUZIONI A COSTO ZERO. IMPRESE NON SONO VACCHE DA MUNGERE, IL GOVERNO LE FACCIA LAVORARE\u201d<\/h3>\n<\/blockquote>\n<p><b><a class=\"dt-pswp-item\" href=\"https:\/\/www.radiopiu.net\/wordpress\/wp-content\/uploads\/2019\/03\/DE-CARLO.jpg\" data-dt-img-description=\"\" data-large_image_width=\"471\" data-large_image_height=\"471\"><img loading=\"lazy\" decoding=\"async\" class=\"size-medium wp-image-78825 alignleft\" src=\"https:\/\/www.radiopiu.net\/wordpress\/wp-content\/uploads\/2019\/03\/DE-CARLO-300x300.jpg\" alt=\"\" width=\"300\" height=\"300\" srcset=\"https:\/\/www.radiopiu.net\/wordpress\/wp-content\/uploads\/2019\/03\/DE-CARLO-300x300.jpg 300w, https:\/\/www.radiopiu.net\/wordpress\/wp-content\/uploads\/2019\/03\/DE-CARLO-150x150.jpg 150w, https:\/\/www.radiopiu.net\/wordpress\/wp-content\/uploads\/2019\/03\/DE-CARLO.jpg 471w\" sizes=\"auto, (max-width: 300px) 100vw, 300px\" \/><\/a>ROMA<\/b> \u201c<i>Ho ricevuto la lettera e condivido le preoccupazioni degli esercenti bellunesi, tanto da averle portate pi\u00f9 volte in aula alla Camera. Il Governo deve smettere di trattare le imprese come vacche da mungere, e iniziare a far lavorare chi pu\u00f2 farlo in sicurezza. I comuni hanno strumenti limitati, ma ci sono soluzioni anche a costo zero per intercettare queste problematiche<\/i>\u201d: Luca De Carlo, deputato e coordinatore veneto di Fratelli d&#8217;Italia e Sindaco di Calalzo di Cadore, raccoglie cos\u00ec il grido di dolore dei gestori dei locali bellunesi. \u201c<i>Da sindaco, so benissimo che gli strumenti in mano alle amministrazioni sono limitati: uno di questi pu\u00f2 essere lo slittamento delle scadenze delle tasse locali all&#8217;autunno, in attesa dell&#8217;arrivo di risorse statali che possano coprire le perdite registrate in questi mesi e magari azzerare questi tributi<\/i>\u201d, sottolinea De Carlo. \u201c<i>Un&#8217;altra soluzione, che adotteremo a Calalzo, \u00e8 quella di intercettare le situazioni di necessit\u00e0 utilizzando tutti i fondi derivanti dallo sblocco dell&#8217;avanzo di amministrazione, ma sono possibili anche proposte a costo zero, come il raddoppio \u2013 temporaneo, fino a fine emergenza &#8211; delle superfici pubbliche utilizzate dai locali, cos\u00ec da poter garantire il distanziamento tra i clienti<\/i>\u201d. De Carlo rimarca come la questione sia politico-amministrativa, e tutto ruota intorno all&#8217;atteggiamento del Governo: \u201c<i>Io per primo ho sollevato in aula l&#8217;errore dell&#8217;utilizzo dei codici Ateco per le riaperture, chiedendo di far lavorare chi pu\u00f2 farlo garantendo la sicurezza; ho sollevato anche un altro tema fondamentale: i gestori dei locali con questo sistema oggi si trovano a dover scegliere tra morire ora, con il locale chiuso dallo Stato, o morire lavorando tra qualche mese, quando dovranno passare da 60 a 20 coperti per far rispettare le distanze tra gli avventori. Ho poi citato alla Camera il documento con la richiesta dei sette sindaci dei capoluoghi veneti di avere pi\u00f9 poteri per poter essere maggiormente efficaci sui territor<\/i>i\u201d, ricorda De Carlo. \u201c<i>La questione vera \u00e8 che questo governo deve far lavorare le imprese che possono farlo in sicurezza: le aziende, i locali, i professionisti, non sono vacche da mungere, ma preziosi presidi economici e sociali, risorse fondamentali per il territorio e per l&#8217;accoglienza turistica, gioiello della provincia bellunese e dell&#8217;intera nazione. I comuni possono fare qualcosa, ma \u00e8 poco: servono risorse che, se non arrivano dallo Stato, ora non stanno entrando nelle casse comunali. Bisogna che l&#8217;esecutivo ascolti chi raccoglie quotidianamente i bisogni della gente: certo che se il governo ignora il Parlamento e gestisce un&#8217;epidemia a colpi di DPCM, circolari e FAQ, le possibilit\u00e0 di far sentire le ragioni dei cittadini sono ristrette<\/i>\u201d.<\/p>\n<p>&nbsp;<\/p>\n<p>&nbsp;<\/p>\n<hr \/>\n<p>&nbsp;<\/p>\n<h3>DONATORI DI SANGUE AGORDINI FANNO LA PROMOZIONE IN STREAMING<\/h3>\n<p><a class=\"dt-pswp-item\" href=\"https:\/\/www.radiopiu.net\/wordpress\/wp-content\/uploads\/2017\/03\/ABVS.jpg\" data-dt-img-description=\"\" data-large_image_width=\"250\" data-large_image_height=\"247\"><img loading=\"lazy\" decoding=\"async\" class=\"size-full wp-image-29445 alignleft\" src=\"https:\/\/www.radiopiu.net\/wordpress\/wp-content\/uploads\/2017\/03\/ABVS.jpg\" alt=\"\" width=\"250\" height=\"247\" \/><\/a>di Gianni Santomaso<\/p>\n<audio class=\"wp-audio-shortcode\" id=\"audio-133882-4\" preload=\"none\" style=\"width: 100%;\" controls=\"controls\"><source type=\"audio\/mpeg\" src=\"https:\/\/www.radiopiu.net\/wordpress\/wp-content\/uploads\/2020\/04\/GIANNI-Donatori-di-sangue-agordini-fanno-la-promozione-in-streaming-OK.mp3?_=4\" \/><a href=\"https:\/\/www.radiopiu.net\/wordpress\/wp-content\/uploads\/2020\/04\/GIANNI-Donatori-di-sangue-agordini-fanno-la-promozione-in-streaming-OK.mp3\">https:\/\/www.radiopiu.net\/wordpress\/wp-content\/uploads\/2020\/04\/GIANNI-Donatori-di-sangue-agordini-fanno-la-promozione-in-streaming-OK.mp3<\/a><\/audio>\n<p>&nbsp;<\/p>\n<hr \/>\n<p>&nbsp;<\/p>\n<blockquote>\n<h3>EVVIVA I POMPIERI DI CAPRILE<\/h3>\n<\/blockquote>\n<p><a class=\"dt-pswp-item pspw-wrap-ready\" href=\"https:\/\/i0.wp.com\/www.radiopiu.net\/wordpress\/wp-content\/uploads\/2020\/04\/95488138_897131000714982_3389823597160693760_o.jpg?ssl=1\" data-dt-img-description=\"\" data-large_image_width=\"960\" data-large_image_height=\"720\"><img loading=\"lazy\" decoding=\"async\" class=\"wp-image-133865 alignleft jetpack-lazy-image jetpack-lazy-image--handled\" src=\"https:\/\/i0.wp.com\/www.radiopiu.net\/wordpress\/wp-content\/uploads\/2020\/04\/95488138_897131000714982_3389823597160693760_o.jpg?resize=152%2C114&amp;ssl=1\" sizes=\"auto, (max-width: 152px) 100vw, 152px\" srcset=\"https:\/\/i0.wp.com\/www.radiopiu.net\/wordpress\/wp-content\/uploads\/2020\/04\/95488138_897131000714982_3389823597160693760_o.jpg?w=960&amp;ssl=1 960w, https:\/\/i0.wp.com\/www.radiopiu.net\/wordpress\/wp-content\/uploads\/2020\/04\/95488138_897131000714982_3389823597160693760_o.jpg?resize=300%2C225&amp;ssl=1 300w, https:\/\/i0.wp.com\/www.radiopiu.net\/wordpress\/wp-content\/uploads\/2020\/04\/95488138_897131000714982_3389823597160693760_o.jpg?resize=768%2C576&amp;ssl=1 768w\" alt=\"\" width=\"152\" height=\"114\" data-recalc-dims=\"1\" data-lazy-loaded=\"1\" \/><\/a><strong>ALLEGHE<\/strong>\u00a0Apprendiamo dalla pagina facebook dei pompieri di Caprile che il lavoro dei volontari in rosso non conosce pause, continuano infatti\u00a0 anche in questi giorni di emergenza le attivit\u00e0 di sostegno alla popolazione per l\u2019emergenza Coronavirus con la consegna di generi alimentari e mascherine.\u00a0 Sono inoltre periodici gli\u00a0 addestramenti a piccoli gruppi presso la caserma di Caprile, cercando di rispettare le distanze di sicurezza. Infine dai pompieri agordino un grazie<em>\u00a0\u201cal gruppo fratelli d\u2019Italia coordinamento provinciale di Belluno per la donazione di 25 mascherine al nostro distaccamento\u201d<\/em><\/p>\n<p>&nbsp;<\/p>\n<p>&nbsp;<\/p>\n<hr \/>\n<p>&nbsp;<\/p>\n<blockquote>\n<h3>GELATO&#8230;QUANTO TI HO DESIDERATO<\/h3>\n<\/blockquote>\n<p><strong><a class=\"dt-pswp-item\" href=\"https:\/\/www.radiopiu.net\/wordpress\/wp-content\/uploads\/2020\/04\/GELATO.jpg\" data-dt-img-description=\"\" data-large_image_width=\"1920\" data-large_image_height=\"1277\"><img loading=\"lazy\" decoding=\"async\" class=\"size-medium wp-image-133588 alignleft\" src=\"https:\/\/www.radiopiu.net\/wordpress\/wp-content\/uploads\/2020\/04\/GELATO-300x200.jpg\" alt=\"\" width=\"300\" height=\"200\" srcset=\"https:\/\/www.radiopiu.net\/wordpress\/wp-content\/uploads\/2020\/04\/GELATO-300x200.jpg 300w, https:\/\/www.radiopiu.net\/wordpress\/wp-content\/uploads\/2020\/04\/GELATO-1024x681.jpg 1024w, https:\/\/www.radiopiu.net\/wordpress\/wp-content\/uploads\/2020\/04\/GELATO-768x511.jpg 768w, https:\/\/www.radiopiu.net\/wordpress\/wp-content\/uploads\/2020\/04\/GELATO-1536x1022.jpg 1536w, https:\/\/www.radiopiu.net\/wordpress\/wp-content\/uploads\/2020\/04\/GELATO.jpg 1920w\" sizes=\"auto, (max-width: 300px) 100vw, 300px\" \/><\/a>BELLUNO<\/strong>\u00a0L\u2019 Associazione Gelato Veneto ha accolto con grande favore l\u2019ordinanza del presidente della Regione Veneto, Luca Zaia, che consente dal 25 aprile la possibilit\u00e0 di vendere il gelato con la modalit\u00e0 d\u2019asporto. Sia pur con le precise precauzioni di sicurezza per l\u2019operatore e per i clienti imposte dall\u2019emergenza sanitaria, la vendita d\u2019asporto ha consentito in qualche modo di aumentare l\u2019operativit\u00e0 delle gelaterie ed \u00e8 stata molto gradita anche dai clienti che attraverso le prenotazioni sono arrivati numerosi a ritirare le vaschette di gelato. Prima di questo provvedimento, adottato anche da alcune altre Regioni ( Toscana, Abruzzo, Marche, Campania, Liguria) i decreti governativi di contenimento della pandemia Covid-19 prevedevano la sola consegna del gelato a domicilio. Una modalit\u00e0, questa, non molto diffusa nelle gelaterie, che ha dato comunque risultati soddisfacenti ed ha consentito di mantenere i contatti con la clientela, confermando il grande apprezzamento delle famiglie per il gelato artigianale. Un prodotto che ha una storia ben radicata nel Veneto, molto conosciuto anche all\u2019estero dove operano tanti gelatieri veneti, molti dei quali discendenti dei pionieri partiti dalle vallate bellunesi del Cadore e dello Zoldano gi\u00e0 attorno alla met\u00e0 del 1800.<\/p>\n<p>&nbsp;<\/p>\n<p>&nbsp;<\/p>\n<hr \/>\n<p>&nbsp;<\/p>\n<blockquote>\n<h3>AVVIATI I LAVORI DI RIPRISTINO PAVIMENTAZIONE SULLA STATALE 51 \u201cDI ALEMAGNA\u201d<\/h3>\n<\/blockquote>\n<p><a class=\"dt-pswp-item\" href=\"https:\/\/www.radiopiu.net\/wordpress\/wp-content\/uploads\/2016\/06\/lavori_in_corso_cartelli04111111111111.jpg\" data-dt-img-description=\"\" data-large_image_width=\"425\" data-large_image_height=\"336\"><img loading=\"lazy\" decoding=\"async\" class=\" wp-image-20520 alignleft\" src=\"https:\/\/www.radiopiu.net\/wordpress\/wp-content\/uploads\/2016\/06\/lavori_in_corso_cartelli04111111111111-300x237.jpg\" alt=\"\" width=\"227\" height=\"179\" \/><\/a>Anas ha riavviato, in seguito allo stop invernale, gli interventi di ripristino della pavimentazione sulla statale Anas 51 \u201cdi Alemagna\u201d I lavori, finalizzati a migliorare il livello di servizio delle infrastrutture, interessano la statale 51 \u201cdi Alemagna\u201d in tratti saltuari tra Conegliano (km 0), in provincia di Treviso, e Fadalto (km 24,400), in provincia di Belluno, per un valore complessivo di circa 300 mila euro. Per consentire l\u2019esecuzione dei lavori \u00e8 in vigore il senso unico alternato, che rester\u00e0 attivo fino al 15 maggio. Le lavorazioni sono sospese durante i giorni festivi.<\/p>\n<p>&nbsp;<\/p>\n<p>&nbsp;<\/p>\n<hr \/>\n<p>&nbsp;<\/p>\n<blockquote>\n<h3>DAL 4 MAGGIO CHIUSA LA SILVO-PASTORALE RIF-DON- MALGA FRAMONT<\/h3>\n<\/blockquote>\n<p><strong><a class=\"dt-pswp-item\" href=\"https:\/\/www.radiopiu.net\/wordpress\/wp-content\/uploads\/2020\/04\/framont.png\" data-dt-img-description=\"\" data-large_image_width=\"808\" data-large_image_height=\"808\"><img loading=\"lazy\" decoding=\"async\" class=\" wp-image-133938 alignleft\" src=\"https:\/\/www.radiopiu.net\/wordpress\/wp-content\/uploads\/2020\/04\/framont-300x300.png\" alt=\"\" width=\"186\" height=\"186\" srcset=\"https:\/\/www.radiopiu.net\/wordpress\/wp-content\/uploads\/2020\/04\/framont-300x300.png 300w, https:\/\/www.radiopiu.net\/wordpress\/wp-content\/uploads\/2020\/04\/framont-150x150.png 150w, https:\/\/www.radiopiu.net\/wordpress\/wp-content\/uploads\/2020\/04\/framont-768x768.png 768w, https:\/\/www.radiopiu.net\/wordpress\/wp-content\/uploads\/2020\/04\/framont.png 808w\" sizes=\"auto, (max-width: 186px) 100vw, 186px\" \/><\/a>AGORDO<\/strong> Il Sindaco di Agordo Roberto Chissal\u00e8, ha diramato un avviso che riguarda la strada silvo-pastorale Rif &#8211; Don &#8211; Malga Framont. La strada in questione sar\u00e0 chiusa dal 4 maggio fino al 15 giugno e comunque fino a fine lavori. La chiusura al fine di garantire il proseguimento dei lavori di ripristino funzionalita\u2019 e consolidamento versanti della strada. Si invita la cittadinanza a voler rispettare i contenuti del presente avviso, organizzando i propri spostamenti in rapporto all\u2019andamento dei lavori e relativa segnaletica esposta dalla ditta esecutrice delle opere.L&#8217;interruzione della strada sar\u00e0 sopra la localit\u00e0 Don, si potr\u00e0 arrivare fino allo spiazzo di Don.<\/p>\n<p>&nbsp;<\/p>\n<p>&nbsp;<\/p>\n<hr \/>\n<p>&nbsp;<\/p>\n<blockquote>\n<h3>ILLUMINAZIONE A LED A FELTRE<\/h3>\n<\/blockquote>\n<p><strong><a class=\"dt-pswp-item\" href=\"https:\/\/www.radiopiu.net\/wordpress\/wp-content\/uploads\/2020\/04\/LED-FELTRE-.jpg\" data-dt-img-description=\"\" data-large_image_width=\"2000\" data-large_image_height=\"1500\"><img loading=\"lazy\" decoding=\"async\" class=\"size-medium wp-image-133916 alignleft\" src=\"https:\/\/www.radiopiu.net\/wordpress\/wp-content\/uploads\/2020\/04\/LED-FELTRE--300x225.jpg\" alt=\"\" width=\"300\" height=\"225\" srcset=\"https:\/\/www.radiopiu.net\/wordpress\/wp-content\/uploads\/2020\/04\/LED-FELTRE--300x225.jpg 300w, https:\/\/www.radiopiu.net\/wordpress\/wp-content\/uploads\/2020\/04\/LED-FELTRE--1024x768.jpg 1024w, https:\/\/www.radiopiu.net\/wordpress\/wp-content\/uploads\/2020\/04\/LED-FELTRE--768x576.jpg 768w, https:\/\/www.radiopiu.net\/wordpress\/wp-content\/uploads\/2020\/04\/LED-FELTRE--1536x1152.jpg 1536w, https:\/\/www.radiopiu.net\/wordpress\/wp-content\/uploads\/2020\/04\/LED-FELTRE-.jpg 2000w\" sizes=\"auto, (max-width: 300px) 100vw, 300px\" \/><\/a>FELTRE<\/strong> <span class=\"s1\">Vanno ben al di l\u00e0 degli interventi di ripristino post-Vaia, nel cui ambito sono state programmate, le installazioni dei nuovi corpi illuminanti a LED portate a termine in questi giorni in alcune zone della citt\u00e0. <\/span><span class=\"s1\">I lavori hanno riguardato, in particolare, le zone di Pr\u00e0 del Moro e Pr\u00e0 del Vescovo, con la relativa area camper, il percorso pedonale della ex Manifattura, l\u2019ultima parte di via Monte Grappa, (dall\u2019incrocio antistante il bar Corr\u00e0 al monumento ai caduti) e interesseranno nei prossimi giorni anche via Dante, sino alla congiunzione con la Culliada. <\/span><span class=\"s1\">La tecnologia a LED, come noto, consente la diffusione di un\u2019illuminazione modulare e molto pi\u00f9 efficiente, con conseguenti importanti risparmi anche sulla bolletta energetica. Gli interventi in corso in questi giorni sono stati finanziati, come detto, dalle risorse straordinarie erogate dal Commissario Regionale per i ripristini post-Vaia, ma consentiranno di dare alla citt\u00e0 una dotazione oltre che pi\u00f9 funzionale, certamente anche pi\u00f9 attrattiva e gradevole sia per i cittadini che per i turisti, in particolare per alcune aree strategiche per l\u2019offerta sportiva e non solo, come quelle di Pr\u00e0 del Moro e Pr\u00e0 del Vescovo.<\/span><\/p>\n<p><strong>L&#8217;ASSESSORE DEL COMUNE DI FELTRE ADIS ZATTA<\/strong><\/p>\n<audio class=\"wp-audio-shortcode\" id=\"audio-133882-5\" preload=\"none\" style=\"width: 100%;\" controls=\"controls\"><source type=\"audio\/mpeg\" src=\"https:\/\/www.radiopiu.net\/wordpress\/wp-content\/uploads\/2020\/04\/ZATTA-LED.mp3?_=5\" \/><a href=\"https:\/\/www.radiopiu.net\/wordpress\/wp-content\/uploads\/2020\/04\/ZATTA-LED.mp3\">https:\/\/www.radiopiu.net\/wordpress\/wp-content\/uploads\/2020\/04\/ZATTA-LED.mp3<\/a><\/audio>\n<p>&nbsp;<\/p>\n<p>&nbsp;<\/p>\n<hr \/>\n<p>&nbsp;<\/p>\n<blockquote>\n<h3>PRESENTATO IL PAT IN CONSIGLIO COMUNALE A BELLUNO<\/h3>\n<\/blockquote>\n<p><strong><a class=\"dt-pswp-item\" href=\"https:\/\/www.radiopiu.net\/wordpress\/wp-content\/uploads\/2019\/07\/BELLUNO-2.jpeg\" data-dt-img-description=\"\" data-large_image_width=\"1200\" data-large_image_height=\"1599\"><img loading=\"lazy\" decoding=\"async\" class=\"size-medium wp-image-90473 alignleft\" src=\"https:\/\/www.radiopiu.net\/wordpress\/wp-content\/uploads\/2019\/07\/BELLUNO-2-225x300.jpeg\" alt=\"\" width=\"225\" height=\"300\" srcset=\"https:\/\/www.radiopiu.net\/wordpress\/wp-content\/uploads\/2019\/07\/BELLUNO-2-225x300.jpeg 225w, https:\/\/www.radiopiu.net\/wordpress\/wp-content\/uploads\/2019\/07\/BELLUNO-2-768x1024.jpeg 768w, https:\/\/www.radiopiu.net\/wordpress\/wp-content\/uploads\/2019\/07\/BELLUNO-2.jpeg 1200w\" sizes=\"auto, (max-width: 225px) 100vw, 225px\" \/><\/a>BELLUNO<\/strong>\u00a0In consiglio comunale \u00e8 stato presentato il documento preliminare del PAT. &#8220;<em>Questo strumento strategico mai come ora, viste le difficolt\u00e0 del momento, assume una importanza fondamentale per la citt\u00e0 di Belluno. La partecipazione pubblica \u00e8 imprescindibile ma poco adeguata viste le scelte fatte dall&#8217;amministrazione, che ha deciso di garantirla con gli strumenti tecnologici vista l\u2019emergenza Covid che al momento non consente di organizzare riunioni pubbliche. Si aspetti qualche settimana, quando si potranno riunire i cittadini. Entrando nel merito, da una prima veloce lettura ci sembra un documento molto superficiale e senza una visione strategica per il futuro. Sembra inoltre curiosa la fretta di portare a compimento l&#8217;adozione del PAT visto che il rinvio di qualche mese, chiesto ieri dalle opposizioni, non comporterebbe nessun problema. Quindi Vivaio Dolomiti, non appena le norme lo consentiranno, per il principio di sussidiariet\u00e0 organizzer\u00e0 riunioni pubbliche per spiegare e analizzare insieme ai cittadini e ai portatori di interesse questo documento. Lo scopo \u00e8 creare un pacchetto di osservazioni puntuali da inserire all&#8217;interno di un piano che necessita di coraggio<\/em>&#8221;<\/p>\n<p>&nbsp;<\/p>\n<p>&nbsp;<\/p>\n<hr \/>\n<p>&nbsp;<\/p>\n<p>DILLO ALLA RADIO: LE CONSIDERAZIONI DI MANUEL RONCAT DA ARABBA<\/p>\n<p><strong><a class=\"dt-pswp-item\" href=\"https:\/\/www.radiopiu.net\/wordpress\/wp-content\/uploads\/2017\/06\/Arabba_mtb_ph.credit_arabba-fodom-turismo.gif\" data-dt-img-description=\"\" data-large_image_width=\"300\" data-large_image_height=\"200\"><img loading=\"lazy\" decoding=\"async\" class=\"size-medium wp-image-33266 alignleft\" src=\"https:\/\/www.radiopiu.net\/wordpress\/wp-content\/uploads\/2017\/06\/Arabba_mtb_ph.credit_arabba-fodom-turismo-300x200.gif\" alt=\"\" width=\"300\" height=\"200\" \/><\/a>RADIO PIU&#8217;<\/strong> Riceviamo e pubblichiamo l&#8217;intervento di Manuel Roncat, Presidente di Arabba Fodom Turismo<\/p>\n<blockquote><p><em>A pochi giorni dalla conferenza stampa del Presidente del Consiglio Professor Giuseppe Conte, devo amaramente constatare l\u2019enorme divario e scollamento dalla realt\u00e0 tra la politica nazionale e le imprese turistico-ricettive e dei servizi. Imprese che ricordo, non sono delocalizzabili e non sono riconvertibili nella maggior parte dei casi. Un albergo che entra in difficolt\u00e0, non pu\u00f2 essere riconvertito in residenziale, \u00e8 destinato a fallire e chiudere, come un impianto a fune, uno spazio commerciale, un ristorante. Da un esecutivo che parla del Turismo come comparto trainante del PIL nazionale, attendevamo regole chiare, certezza degli adempimenti, garanzia di salvaguardia dei posti di lavoro. Le regole, per l&#8217;ennesima volta non sono arrivate, siamo stati ripagati con il solito slogan: \u201cnessuno perder\u00e0 il posto di lavoro\u201d inventato e coniato da un dipendente pubblico, come una triste pubblicit\u00e0 che non incontra la risposta del mercato e non raccoglie l&#8217;attenzione delle masse e da un poco felice: \u201cnon arrabbiatevi\u201d Nulla \u00e8 pi\u00f9 distruttivo, frustrante e difficile dell\u2019incertezza, mentre attorno a noi, le imprese turistiche dei paesi europei riaprono, e le nostre destinazioni concorrenti creano dei corridoi turistici, l\u2019Italia intera si trova in un limbo di incertezza, nel sonno istituzionale, nel pacato torpore delle rassicurazioni da social network. Assistiamo con tristezza alle azioni di paesi europei e contermini, volte a intercettare e veicolare a s\u00e9 quote di mercato turistico che l\u2019Italia sta perdendo, in un clima di totale pacatezza, che sembra cadere nella compiacenza, delle istituzioni italiane. Pur consapevoli della presenza del tristemente famoso COVID-19 \u00e8 necessario capire che se non apriranno a brevissimo e con regole semplici le aziende chiuse, necessariamente, lentamente chiuderanno anche le imprese rimaste aperte. Se in un autobus da 40 mq possono trovare posto 15 persone, in un bar di 40 mq devono poter entrare 15 persone, altrimenti pretendo che il trasporto pubblico venga fermato oppure dotato di un autobus ogni persona. Mi preme ricordare che non l\u2019Italia, ma le imprese e gli imprenditori italiani hanno attraversato una delle maggiori recessioni economiche del nostro secolo, quella del 2008, ne sono usciti in un clima istituzionale di totale austerit\u00e0 economica autoimposta dalla Commissione europea, oggi chiaro ai pi\u00f9. Solo grazie a resilienza e attitudine all\u2019ospitalit\u00e0 degli imprenditori turistici, il nostro comparto \u00e8 arrivato fino ad oggi. Ristoranti e bar, negozi e parrucchiere, panettieri e officine, allevatori e agricoltori delle nostre aree sono esempio di accoglienza fatta di amore per il proprio lavoro, non \u00e8 possibile ospedalizzare con regolamentazioni improponibili una professione che nasce dal cuore, applicare regole ospedaliere a ristorazione e accoglienza significa togliere la marginalit\u00e0 di guadagno alle aziende e lasciare la certezza dei costi, delle tasse e delle imposte. Significa obbligare migliaia di famiglie a lavorare per pagare le spese vive e in molti casi condannare aziende all\u2019inesorabile chiusura. Le partite iva turistiche, commerciali e dei servizi, con tutta la filiera di fornitori e produttori sono famiglie in carne ed ossa, fanno parte della nostra famiglia anche i nostri collaboratori per i quali pretendiamo certezze in quanto non hanno la forza, da soli, di far sentire la loro voce, se non a mezzo di sindacati che per troppi anni hanno visto gli imprenditori come aguzzini. Abbiamo bisogno di semplificazione, sburocratizzazione, regolamenti semplici, certezze nei regolamenti, regolamenti non interpretabili, questo \u00e8 quello che non vogliamo sia pi\u00f9 come prima. vogliamo la certezza che il rischio d&#8217;impresa non venga gravato anche il rischio COVID-19, non vogliamo che la responsabilit\u00e0 per questo rischio trasli dal governo agli imprenditori. \u00c8 necessario ed urgente che le istituzioni con competenza turistica prendano una posizione forte a favore delle imprese del territorio e della lunga filiera prima che sia troppo tardi. Non abbiamo bisogno di tavoli istituzionali riservati a pochi, abbiamo bisogno di sostegno pubblico immediato, liquidit\u00e0 vera non sotto forma di ulteriori debiti, di vicinanza delle istituzioni e dialogo con l\u2019ente pubblico. Se la politica nazionale, come fino ad oggi dimostrato, non \u00e8 in grado di emanare provvedimenti semplici e comprensibili, potrebbe accantonare egoismi di partito, chiedendo al Presidente della Regione Veneto, Luca Zaia, la ricetta del \u201ccome si fa\u201d. Le imprese turistiche lanciano un ultimo grido: RI-FATE presto<\/em><\/p>\n<p><em>Manuel Roncat Presidente Arabba Fodom Turismo<\/em><\/p><\/blockquote>\n<p>&nbsp;<\/p>\n<p>&nbsp;<\/p>\n<hr \/>\n<p>&nbsp;<\/p>\n<blockquote>\n<h3>COVID 19 E INQUINAMENTO. ARPAV NEL PROGETTO NAZIONALE PULVIRUS CON ISTITUTO SUPERIORE DI SANITA\u2019, ENEA E SISTEMA NAZIONALE DELLE AGENZIE<\/h3>\n<\/blockquote>\n<p><strong><a class=\"dt-pswp-item\" href=\"https:\/\/www.radiopiu.net\/wordpress\/wp-content\/uploads\/2015\/08\/logo_arpav.gif\" data-dt-img-description=\"\" data-large_image_width=\"504\" data-large_image_height=\"53\"><img loading=\"lazy\" decoding=\"async\" class=\"size-medium wp-image-8797 alignleft\" src=\"https:\/\/www.radiopiu.net\/wordpress\/wp-content\/uploads\/2015\/08\/logo_arpav-300x32.gif\" alt=\"\" width=\"300\" height=\"32\" \/><\/a>PADOVA<\/strong>\u00a0E\u2019 stato presentato oggi a Roma dal Sistema Nazionale delle Agenzie, Istituto Superiore di Sanit\u00e0 ed Enea il progetto PULVIRUS che indagher\u00e0 sul legame fra inquinamento dell\u2019aria e Covid 19.<span class=\"Apple-converted-space\">\u00a0<\/span><b> <\/b>In prima linea dall\u2019inizio dell\u2019emergenza a fianco della Protezione civile regionale, l\u2019Agenzia ambientale veneta entra nella task force nazionale. \u201cAbbiamo fortemente promosso questa iniziativa, il dataset delle agenzie e le competenze del personale, chimici, biologi, fisici, tecnici, possono essere decisive per capire il legame fra inquinamento e Covid\u201d afferma Luca Marchesi, direttore generale Arpav e aggiunge \u201cPer questo abbiamo fortemente promosso un\u2019iniziativa nazionale e siamo nella cabina di regia della task force Pulvirus composta da Istituto Superiore di Sanit\u00e0, Enea e Sistema nazionale delle Agenzie, in cui c\u2019\u00e8 anche Ispra. Inoltre Arpav \u00e8 gi\u00e0 impegnata in due progetti di ricerca con universit\u00e0 ed istituzioni venete che studieranno i dati delle nostre stazioni di monitoraggio\u201d.<span class=\"Apple-converted-space\">\u00a0<\/span>Gi\u00e0 prima della nascita della task force nazionale le Agenzie ambientali, riunite nel Sistema Nazionale delle Agenzie, hanno condiviso i dati delle stazioni di monitoraggio dell\u2019aria che coprono capillarmente il territorio nazionale soprattutto nelle regioni maggiormente interessate alla pandemia. L\u2019analisi preliminare dei dati durante il lockdown indica che i differenti inquinanti studiati non hanno avuto gli stessi andamenti. Infatti da fine febbraio si nota la diminuzione del biossido di azoto (NO<sub>2<\/sub>) maggiormente collegato al traffico veicolare mentre le polveri sottili sono state altalenanti perch\u00e9 influenzate dai fenomeni atmosferici; per fare un esempio, il periodo del lockdown \u00e8 coinciso con la stagione primaverile maggiormente ventilata e quindi favorevole al miglioramento dell\u2019aria.<\/p>\n<hr \/>\n<p>&nbsp;<\/p>\n<h2>TEMPESTA VAIA O COVID-19, IL VENETO NON SI FERMA<\/h2>\n<p><em>In provincia (Rocca Pietore, Vodo, Auronzo, etc.) e a Belluno, allentate le restrizioni per Coronavirus, sono ripresi a pieno ritmo gli interventi\u00a0 nelle aree colpite dal ciclone dell\u2019ottobre 2018, predisposti dalla Regione Veneto. In ripristino anche il \u201cSentiero dei Papi Giovanni Paolo II\u00b0 e Benedetto XVI\u00b0\u201d<\/em><\/p>\n<p>&nbsp;<\/p>\n<p>Dopo la pausa forzata dovuta all\u2019emergenza sanitaria per Covid-19, sono ripresi da parte di Veneto Agricoltura gli interventi di ripristino nell\u2019ampia area bellunese colpita dalla Tempesta Vaia. <strong>Nel cantiere di Rocca Pietore,<\/strong> epicentro del disastro, la squadra di operai forestali dell\u2019Agenzia regionale \u00e8 impegnata nella realizzazione di una serie di opere di sistemazione idraulico-forestale necessarie alla protezione di un territorio fortemente colpito. In tempi di emergenza per Coronavirus, la consueta dotazione di cantiere si arricchisce, ovviamente, anche dei pres\u00ecdi per la sicurezza degli operai. <strong>Anche a Lorenzago di Cadore<\/strong>, localit\u00e0 Parco dei Sogni, le squadre di operai di Veneto Agricoltura stanno realizzando &#8211; impiegando tecniche di ingegneria naturalistica \u2013 ben cinque distinte opere miste in legname e pietrame al fine di consolidare un percorso che rappresenta nell\u2019immaginario collettivo il \u201cSentiero dei Papi Giovanni Paolo II\u00b0 e Benedetto XVI\u00b0\u201d. <strong>In Val Visdende<\/strong>, una delle aree pi\u00f9 colpirte dalla Tempesta Vaia, la forza del vento aveva lasciato a terra oltre 350 mila mc di legname di Abete rosso. Una ferita profonda per una delle pi\u00f9\u00a0 belle valli delle Alpi. Oggi, mentre prosegue l&#8217;opera di recupero degli schianti e di messa in sicurezza del territorio. Un altro importante intervento realizzato dagli operai dell\u2019Agenzia regionale ha riguardato la strada forestale della Val de Soccosta in Comune di <strong>Auronzo di Cadore<\/strong>.\u00a0Tutti ricordano che gli eventi alluvionali della tempesta Vaia avevano colpito duro anche la <strong>citt\u00e0 di Belluno<\/strong>. Alla confluenza del Rio Paletta sul Fiume Piave, il versante che lambisce le strutture sportive soprastanti era franato pericolosamente, tanto che la Regione Veneto, gi\u00e0 dopo pochi mesi, aveva predisposto un progetto di ripristino affidato a Veneto Agricoltura. L\u2019esecuzione degli interventi, per un importo complessivo di 50 mila euro, \u00e8 consistita nella realizzazione di una scogliera di sostegno della sponda<\/p>\n<p>&nbsp;<\/p>\n<hr \/>\n<p>&nbsp;<\/p>\n<blockquote class=\"wp-embedded-content\" data-secret=\"gUUnjea3w8\"><p><a href=\"https:\/\/www.radiopiu.net\/wordpress\/tra-celti-e-paleoveneti-nel-1990-convegno-internazionale-a-mel-di-renato-bona\/\">TRA CELTI E PALEOVENETI: NEL 1990 CONVEGNO INTERNAZIONALE A MEL di Renato Bona<\/a><\/p><\/blockquote>\n<p><iframe loading=\"lazy\" title=\"&#8220;TRA CELTI E PALEOVENETI: NEL 1990 CONVEGNO INTERNAZIONALE A MEL di Renato Bona&#8221; &#8212; Radio Pi\u00f9\" class=\"wp-embedded-content\" sandbox=\"allow-scripts\" security=\"restricted\" style=\"position: absolute; clip: rect(1px, 1px, 1px, 1px);\" src=\"https:\/\/www.radiopiu.net\/wordpress\/tra-celti-e-paleoveneti-nel-1990-convegno-internazionale-a-mel-di-renato-bona\/embed\/#?secret=gUUnjea3w8\" data-secret=\"gUUnjea3w8\" width=\"600\" height=\"338\" frameborder=\"0\" marginwidth=\"0\" marginheight=\"0\" scrolling=\"no\"><\/iframe><\/p>\n<p>&nbsp;<\/p>\n<hr \/>\n<p>&nbsp;<\/p>\n<blockquote class=\"wp-embedded-content\" data-secret=\"6gCgG9wp59\"><p><a href=\"https:\/\/www.radiopiu.net\/wordpress\/arriva-pezzettino-alla-scuola-dellinfanzia-di-taibon\/\">ARRIVA PEZZETTINO ALLA SCUOLA DELL&#8217;INFANZIA DI TAIBON<\/a><\/p><\/blockquote>\n<p><iframe loading=\"lazy\" title=\"&#8220;ARRIVA PEZZETTINO ALLA SCUOLA DELL&#8217;INFANZIA DI TAIBON&#8221; &#8212; Radio Pi\u00f9\" class=\"wp-embedded-content\" sandbox=\"allow-scripts\" security=\"restricted\" style=\"position: absolute; clip: rect(1px, 1px, 1px, 1px);\" src=\"https:\/\/www.radiopiu.net\/wordpress\/arriva-pezzettino-alla-scuola-dellinfanzia-di-taibon\/embed\/#?secret=6gCgG9wp59\" data-secret=\"6gCgG9wp59\" width=\"600\" height=\"338\" frameborder=\"0\" marginwidth=\"0\" marginheight=\"0\" scrolling=\"no\"><\/iframe><\/p>\n<p>&nbsp;<\/p>\n<hr \/>\n<p>&nbsp;<\/p>\n<h2>IERI ALLA RADIO<\/h2>\n<p><a class=\"dt-pswp-item\" href=\"https:\/\/www.radiopiu.net\/wordpress\/wp-content\/uploads\/2020\/04\/OFFICINA-CASA.jpg\" data-dt-img-description=\"\" data-large_image_width=\"2048\" data-large_image_height=\"1536\"><img loading=\"lazy\" decoding=\"async\" class=\"size-medium wp-image-133888 alignleft\" src=\"https:\/\/www.radiopiu.net\/wordpress\/wp-content\/uploads\/2020\/04\/OFFICINA-CASA-300x225.jpg\" alt=\"\" width=\"300\" height=\"225\" srcset=\"https:\/\/www.radiopiu.net\/wordpress\/wp-content\/uploads\/2020\/04\/OFFICINA-CASA-300x225.jpg 300w, https:\/\/www.radiopiu.net\/wordpress\/wp-content\/uploads\/2020\/04\/OFFICINA-CASA-1024x768.jpg 1024w, https:\/\/www.radiopiu.net\/wordpress\/wp-content\/uploads\/2020\/04\/OFFICINA-CASA-768x576.jpg 768w, https:\/\/www.radiopiu.net\/wordpress\/wp-content\/uploads\/2020\/04\/OFFICINA-CASA-1536x1152.jpg 1536w, https:\/\/www.radiopiu.net\/wordpress\/wp-content\/uploads\/2020\/04\/OFFICINA-CASA.jpg 2048w\" sizes=\"auto, (max-width: 300px) 100vw, 300px\" \/><\/a><strong>CORONAVIRUS: JACOPO DEL TEDESCO E L&#8217;OFFICINA DELLA CASA<\/strong><\/p>\n<p><strong>di Claudio Fontanive<\/strong><\/p>\n<audio class=\"wp-audio-shortcode\" id=\"audio-133882-6\" preload=\"none\" style=\"width: 100%;\" controls=\"controls\"><source type=\"audio\/mpeg\" src=\"https:\/\/www.radiopiu.net\/wordpress\/wp-content\/uploads\/2020\/04\/jacopo-del-tedesco-29-aprile.mp3?_=6\" \/><a href=\"https:\/\/www.radiopiu.net\/wordpress\/wp-content\/uploads\/2020\/04\/jacopo-del-tedesco-29-aprile.mp3\">https:\/\/www.radiopiu.net\/wordpress\/wp-content\/uploads\/2020\/04\/jacopo-del-tedesco-29-aprile.mp3<\/a><\/audio>\n<p>&nbsp;<\/p>\n<p>&nbsp;<\/p>\n<hr \/>\n<p>&nbsp;<\/p>\n<p><a class=\"dt-pswp-item\" href=\"https:\/\/www.radiopiu.net\/wordpress\/wp-content\/uploads\/2020\/04\/mountain-bikes-357589_1920.jpg\" data-dt-img-description=\"\" data-large_image_width=\"1920\" data-large_image_height=\"1440\"><img loading=\"lazy\" decoding=\"async\" class=\"size-medium wp-image-133892 alignleft\" src=\"https:\/\/www.radiopiu.net\/wordpress\/wp-content\/uploads\/2020\/04\/mountain-bikes-357589_1920-300x225.jpg\" alt=\"\" width=\"300\" height=\"225\" srcset=\"https:\/\/www.radiopiu.net\/wordpress\/wp-content\/uploads\/2020\/04\/mountain-bikes-357589_1920-300x225.jpg 300w, https:\/\/www.radiopiu.net\/wordpress\/wp-content\/uploads\/2020\/04\/mountain-bikes-357589_1920-1024x768.jpg 1024w, https:\/\/www.radiopiu.net\/wordpress\/wp-content\/uploads\/2020\/04\/mountain-bikes-357589_1920-768x576.jpg 768w, https:\/\/www.radiopiu.net\/wordpress\/wp-content\/uploads\/2020\/04\/mountain-bikes-357589_1920-1536x1152.jpg 1536w, https:\/\/www.radiopiu.net\/wordpress\/wp-content\/uploads\/2020\/04\/mountain-bikes-357589_1920.jpg 1920w\" sizes=\"auto, (max-width: 300px) 100vw, 300px\" \/><\/a><strong>CORONAVIRUS: CLAUDIO DA ROIT ALTERNATIVE DOCTOR BIKE<\/strong><\/p>\n<p><strong>di Claudio Fontanive<\/strong><\/p>\n<audio class=\"wp-audio-shortcode\" id=\"audio-133882-7\" preload=\"none\" style=\"width: 100%;\" controls=\"controls\"><source type=\"audio\/mpeg\" src=\"https:\/\/www.radiopiu.net\/wordpress\/wp-content\/uploads\/2020\/04\/claudio-da-roit-29-aprile.mp3?_=7\" \/><a href=\"https:\/\/www.radiopiu.net\/wordpress\/wp-content\/uploads\/2020\/04\/claudio-da-roit-29-aprile.mp3\">https:\/\/www.radiopiu.net\/wordpress\/wp-content\/uploads\/2020\/04\/claudio-da-roit-29-aprile.mp3<\/a><\/audio>\n<p>&nbsp;<\/p>\n<p>&nbsp;<\/p>\n<hr \/>\n<h3><span style=\"color: #33cccc;\">L<\/span><span style=\"color: #33cccc;\">A DANZA di Paola Lanciato<\/span><\/h3>\n<audio class=\"wp-audio-shortcode\" id=\"audio-133882-8\" preload=\"none\" style=\"width: 100%;\" controls=\"controls\"><source type=\"audio\/mpeg\" src=\"https:\/\/www.radiopiu.net\/wordpress\/wp-content\/uploads\/2020\/04\/FATTOLa-danza-con-base.mp3?_=8\" \/><a href=\"https:\/\/www.radiopiu.net\/wordpress\/wp-content\/uploads\/2020\/04\/FATTOLa-danza-con-base.mp3\">https:\/\/www.radiopiu.net\/wordpress\/wp-content\/uploads\/2020\/04\/FATTOLa-danza-con-base.mp3<\/a><\/audio>\n<p>&nbsp;<\/p>\n<hr \/>\n<h3><span style=\"color: #ff0000;\">I DIARI DEL PESCE ROSSO<\/span><\/h3>\n<blockquote class=\"wp-embedded-content\" data-secret=\"3CCAayB1Qh\"><p><a href=\"https:\/\/www.radiopiu.net\/wordpress\/diari-del-pesce-rosso\/\">Diari del pesce rosso<\/a><\/p><\/blockquote>\n<p><iframe loading=\"lazy\" title=\"&#8220;Diari del pesce rosso&#8221; &#8212; Radio Pi\u00f9\" class=\"wp-embedded-content\" sandbox=\"allow-scripts\" security=\"restricted\" style=\"position: absolute; clip: rect(1px, 1px, 1px, 1px);\" src=\"https:\/\/www.radiopiu.net\/wordpress\/diari-del-pesce-rosso\/embed\/#?secret=3CCAayB1Qh\" data-secret=\"3CCAayB1Qh\" width=\"600\" height=\"338\" frameborder=\"0\" marginwidth=\"0\" marginheight=\"0\" scrolling=\"no\"><\/iframe><\/p>\n<hr \/>\n<h3><\/h3>\n<h3><span style=\"color: #ff00ff;\">IN VIVO VERSO<\/span><\/h3>\n<blockquote class=\"wp-embedded-content\" data-secret=\"h9ElNAfpG3\"><p><a href=\"https:\/\/www.radiopiu.net\/wordpress\/questo-tempo-di-carla-de-carli\/\">QUESTO TEMPO di CARLA DE CARLI<\/a><\/p><\/blockquote>\n<p><iframe loading=\"lazy\" title=\"&#8220;QUESTO TEMPO di CARLA DE CARLI&#8221; &#8212; Radio Pi\u00f9\" class=\"wp-embedded-content\" sandbox=\"allow-scripts\" security=\"restricted\" style=\"position: absolute; clip: rect(1px, 1px, 1px, 1px);\" src=\"https:\/\/www.radiopiu.net\/wordpress\/questo-tempo-di-carla-de-carli\/embed\/#?secret=h9ElNAfpG3\" data-secret=\"h9ElNAfpG3\" width=\"600\" height=\"338\" frameborder=\"0\" marginwidth=\"0\" marginheight=\"0\" scrolling=\"no\"><\/iframe><\/p>\n<p>COLLEZIONE COMPLETA<\/p>\n<blockquote class=\"wp-embedded-content\" data-secret=\"juGgkAqL3v\"><p><a href=\"https:\/\/www.radiopiu.net\/wordpress\/in-vivo-verso\/\">In Vivo Verso<\/a><\/p><\/blockquote>\n<p><iframe loading=\"lazy\" title=\"&#8220;In Vivo Verso&#8221; &#8212; Radio Pi\u00f9\" class=\"wp-embedded-content\" sandbox=\"allow-scripts\" security=\"restricted\" style=\"position: absolute; clip: rect(1px, 1px, 1px, 1px);\" src=\"https:\/\/www.radiopiu.net\/wordpress\/in-vivo-verso\/embed\/#?secret=juGgkAqL3v\" data-secret=\"juGgkAqL3v\" width=\"600\" height=\"338\" frameborder=\"0\" marginwidth=\"0\" marginheight=\"0\" scrolling=\"no\"><\/iframe><\/p>\n<p>&nbsp;<\/p>\n<h3><span style=\"color: #3366ff;\">DUE MINUTI UN LIBRO<\/span><\/h3>\n<blockquote class=\"wp-embedded-content\" data-secret=\"SzBKU4tlOW\"><p><a href=\"https:\/\/www.radiopiu.net\/wordpress\/il-treno-dei-bambini-2\/\">IL TRENO DEI BAMBINI<\/a><\/p><\/blockquote>\n<p><iframe loading=\"lazy\" title=\"&#8220;IL TRENO DEI BAMBINI&#8221; &#8212; Radio Pi\u00f9\" class=\"wp-embedded-content\" sandbox=\"allow-scripts\" security=\"restricted\" style=\"position: absolute; clip: rect(1px, 1px, 1px, 1px);\" src=\"https:\/\/www.radiopiu.net\/wordpress\/il-treno-dei-bambini-2\/embed\/#?secret=SzBKU4tlOW\" data-secret=\"SzBKU4tlOW\" width=\"600\" height=\"338\" frameborder=\"0\" marginwidth=\"0\" marginheight=\"0\" scrolling=\"no\"><\/iframe><\/p>\n<p>LE ALTRE PUNTATE<\/p>\n<blockquote class=\"wp-embedded-content\" data-secret=\"LoCGE0gElM\"><p><a href=\"https:\/\/www.radiopiu.net\/wordpress\/due-minuti-un-libro\/\">Due minuti un libro<\/a><\/p><\/blockquote>\n<p><iframe loading=\"lazy\" title=\"&#8220;Due minuti un libro&#8221; &#8212; Radio Pi\u00f9\" class=\"wp-embedded-content\" sandbox=\"allow-scripts\" security=\"restricted\" style=\"position: absolute; clip: rect(1px, 1px, 1px, 1px);\" src=\"https:\/\/www.radiopiu.net\/wordpress\/due-minuti-un-libro\/embed\/#?secret=LoCGE0gElM\" data-secret=\"LoCGE0gElM\" width=\"600\" height=\"338\" frameborder=\"0\" marginwidth=\"0\" marginheight=\"0\" scrolling=\"no\"><\/iframe><\/p>\n<p>&nbsp;<\/p>\n<h3><span style=\"color: #339966;\">AGORDINOMERON<\/span><\/h3>\n<blockquote class=\"wp-embedded-content\" data-secret=\"PIK2nooWUQ\"><p><a href=\"https:\/\/www.radiopiu.net\/wordpress\/agordinomeron\/\">AGORDINOMERON, IL TERRITORIO SI RACCONTA Da un&#8217;idea di Gianni Santomaso<\/a><\/p><\/blockquote>\n<p><iframe loading=\"lazy\" title=\"&#8220;AGORDINOMERON, IL TERRITORIO SI RACCONTA Da un&#8217;idea di Gianni Santomaso&#8221; &#8212; Radio Pi\u00f9\" class=\"wp-embedded-content\" sandbox=\"allow-scripts\" security=\"restricted\" style=\"position: absolute; clip: rect(1px, 1px, 1px, 1px);\" src=\"https:\/\/www.radiopiu.net\/wordpress\/agordinomeron\/embed\/#?secret=PIK2nooWUQ\" data-secret=\"PIK2nooWUQ\" width=\"600\" height=\"338\" frameborder=\"0\" marginwidth=\"0\" marginheight=\"0\" scrolling=\"no\"><\/iframe><\/p>\n<p>&nbsp;<\/p>\n<h3><span style=\"color: #808080;\">IL MESSAGGIO DEI SACERDOTI SU RADIO PIU&#8217;<\/span><\/h3>\n<blockquote class=\"wp-embedded-content\" data-secret=\"FS5Nb1o7lP\"><p><a href=\"https:\/\/www.radiopiu.net\/wordpress\/il-messaggio-dai-sacerdoti-della-conca-su-radio-piu-alle-7-30-e-19-30\/\">IL MESSAGGIO DAI SACERDOTI SU RADIO PIU&#8217; ALLE 7.30 E 19.30<\/a><\/p><\/blockquote>\n<p><iframe loading=\"lazy\" title=\"&#8220;IL MESSAGGIO DAI SACERDOTI SU RADIO PIU&#8217; ALLE 7.30 E 19.30&#8221; &#8212; Radio Pi\u00f9\" class=\"wp-embedded-content\" sandbox=\"allow-scripts\" security=\"restricted\" style=\"position: absolute; clip: rect(1px, 1px, 1px, 1px);\" src=\"https:\/\/www.radiopiu.net\/wordpress\/il-messaggio-dai-sacerdoti-della-conca-su-radio-piu-alle-7-30-e-19-30\/embed\/#?secret=FS5Nb1o7lP\" data-secret=\"FS5Nb1o7lP\" width=\"600\" height=\"338\" frameborder=\"0\" marginwidth=\"0\" marginheight=\"0\" scrolling=\"no\"><\/iframe><\/p>\n<p>&nbsp;<\/p>\n<p>&nbsp;<\/p>\n<hr \/>\n<p>&nbsp;<\/p>\n<blockquote class=\"wp-embedded-content\" data-secret=\"CcTiNyQD0w\"><p><a href=\"https:\/\/www.radiopiu.net\/wordpress\/i-servizi-a-domicilio-durante-il-coronavirus\/\">I SERVIZI A DOMICILIO DURANTE IL CORONAVIRUS<\/a><\/p><\/blockquote>\n<p><iframe loading=\"lazy\" title=\"&#8220;I SERVIZI A DOMICILIO DURANTE IL CORONAVIRUS&#8221; &#8212; Radio Pi\u00f9\" class=\"wp-embedded-content\" sandbox=\"allow-scripts\" security=\"restricted\" style=\"position: absolute; clip: rect(1px, 1px, 1px, 1px);\" src=\"https:\/\/www.radiopiu.net\/wordpress\/i-servizi-a-domicilio-durante-il-coronavirus\/embed\/#?secret=CcTiNyQD0w\" data-secret=\"CcTiNyQD0w\" width=\"600\" height=\"338\" frameborder=\"0\" marginwidth=\"0\" marginheight=\"0\" scrolling=\"no\"><\/iframe><\/p>\n<p>&nbsp;<\/p>\n<hr \/>\n<p>&nbsp;<\/p>\n<p class=\"photoswipe-wrapper\"><a class=\"dt-pswp-item pspw-wrap-ready\" href=\"https:\/\/i0.wp.com\/www.radiopiu.net\/wordpress\/wp-content\/uploads\/2018\/09\/viabilita.jpeg?ssl=1\" data-dt-img-description=\"\" data-large_image_width=\"800\" data-large_image_height=\"100\"><img loading=\"lazy\" decoding=\"async\" class=\"alignnone size-full wp-image-61954 jetpack-lazy-image jetpack-lazy-image--handled\" src=\"https:\/\/i0.wp.com\/www.radiopiu.net\/wordpress\/wp-content\/uploads\/2018\/09\/viabilita.jpeg?resize=800%2C100&amp;ssl=1\" sizes=\"auto, (max-width: 800px) 100vw, 800px\" srcset=\"https:\/\/i0.wp.com\/www.radiopiu.net\/wordpress\/wp-content\/uploads\/2018\/09\/viabilita.jpeg?w=800&amp;ssl=1 800w, https:\/\/i0.wp.com\/www.radiopiu.net\/wordpress\/wp-content\/uploads\/2018\/09\/viabilita.jpeg?resize=300%2C38&amp;ssl=1 300w, https:\/\/i0.wp.com\/www.radiopiu.net\/wordpress\/wp-content\/uploads\/2018\/09\/viabilita.jpeg?resize=768%2C96&amp;ssl=1 768w\" alt=\"\" width=\"800\" height=\"100\" data-lazy-loaded=\"1\" \/><\/a><\/p>\n<p>&nbsp;<\/p>\n<p>PROVINCIALE 20 DELLA VAL FIORENTINA, SELVA DI CADORE: DAL 14 FEBBRAIO AL 13 GIUGNO, CHIUSURA TOTALE TRA SOLATOR E IL CENTRO DEL PAESE ANCHE NEI GIORNI FESTIVI E PREFESTIVI, DAL CHILOMETRO 4.850 AL CHILOMETRO 5.100. TRANSITO CONSENTITO AI LOCALI CON TEMPI DI ATTESA MASSIMI STIMATI IN 30 MINUTI IN LOCALITA\u2019 SOLATOR DAL CHILOMETRO 4.400 AL CHILOMETRO 4.850<\/p>\n<p>DALL\u201911 APRILE AL 01 MAGGIO IN LOCALITA\u2019 LA MUDA DEVIAZIONE SU VIABILITA\u2019 PROVVISORIA PER IL COMPLETAMENTO DEL NUOVO ATTRAVERSAMENTO IDRAULICO RIO VAL SCURE LUNGO LA REGIONALE 203 AGORDINA<\/p>\n<p>SP346 SAN PELLEGRINO LOCALITA VALLADA DAL 14 AL 30 APRILE SENSO UNICO ALTERNATO CON SEMAFORO<\/p>\n<p>SP347 DURAN E CEREDA (COMUNE DI VALLE DI CADORE TRA CIBIANA E INNESTO VENAS) DAL 16 AL 30 APRILE (FESTIVI E SABATI ESCLUSI) SENSO UNICO ALTERNATO CON MOVIERI. INTERRUZIONI MASSIMO 10 MINUTI.<\/p>\n<p>SP641 PASSO FEDAIA DAL 27 APRILE AL 15 MAGGIO (SABATO E DOMENICA COMPRESI) SENSO UNICO ALTERNATO PER SOSTITUZIONE BARRIERE LATERALI DI SICUREZZA E CONSLIDAMENTO CIGLIO STRADALE<\/p>\n<p>PROVINCIALE 3 VAL IMPERINA, LOCALITA\u2019 CORDE MOLE VALESIN \u2013 TRA RIVAMONTE E GOSALDO \u2013 DAL 27 APRILE ALL\u20198 MAGGIO DALLE 8 ALLE 11.45 E DALLE 13.30 ALLE 17.30 TEMPORANEE INTERRUZIONI ALLA VIABILITA\u2019 DURATA MASSIMA 30 MINUTI PER LAVORI TAGLIO ALBERIR<\/p>\n<p>REGIONALE 48 DELLE DOLOMITI, LOCALIT\u00c0 POCOL INIZIO ABITATO CORTINA, DAL 4 MAGGIO AL 12 GIUGNO SEMAFORO PER TRATTI DI 250 METRI ANCHE NEI GIORNI FESTIVI E PREFESTIVI<\/p>\n<p>PROVINCIALE 347 DURAN CEREDA INNESTO VENAS FINO ALL\u20198 MAGGIO, FESTIVI E PREFESTIVI ESLCUSI, SEMAFORO E INTERRUZIONI FINO A 10 MINUTI<\/p>\n<p>REGIONALE 203 AGORDINA FINO AL 15 GIUGNO IN LOCALIT\u00c0 LA MUDA DEVIAZIONE SU VIABILIT\u00c0 PROVVISORIA, PRUDENZA<\/p>\n<p>PROVINCIALE 346 SAN PELLEGRINO DAL 4 AL 22 MAGGIO IN COMUNE DI CANALE D\u2019AGORDO SENSO UNICO ALTERNATO ESCLUSI SABATO E DOMENICA<\/p>\n<p>PROVINCIALE 12 PEDEMONTANA LOCALIT\u00c0 PONTE MAS, CHIUSURA TOTALE DI PONTE MAS DAL 4 MAGGIO AL 30 GIUGNO<\/p>\n<p>STRADA REGIONALE 48 DELLE DOLOMITI, DAL KM 110,350 AL KM 112, SENSO UNICO ALTERNATO REGOLATO DA IMPIANTO SEMAFORICO ANCHE SABATO E FESTIVI DAL 30 APRILE AL 31 MAGGIO PER POSA ELETTRODOTTO INTERRATO<\/p>\n<p>PROVINCIALE 563 DI SALESEI, DAL 4 MAGGIO AL 3 LUGLIO, SENSO UNICO ALTERNATO REGOLATO DA IMPIANTO SEMAFORICO IN LOCALIT\u00c0 DIGONERA PER MESSA IN SICUREZZA PIANO VIABILE, SABATO E FESTIVI INCLUSI<\/p>\n<p>PROVINCIALE 251 DELLA VAL DI ZOLDO E VAL CELLINA, TRA LE LOCALIT\u00c0 SOFFRANCO E MEZZOCANALE IN COMUNE DI LONGARONE, SENSO UNICO ALTERNATO REGOLATO DA IMPIANTO SEMAFORICO CON POSSIBILI BREVI INTERRUZIONI DI 10 MINUTI. SABATO E DOMENICA ESCLUSI<\/p>\n<p>&nbsp;<\/p>\n<hr \/>\n<p>&nbsp;<\/p>\n<h3><a class=\"dt-pswp-item\" href=\"https:\/\/www.radiopiu.net\/wordpress\/wp-content\/uploads\/2018\/09\/sport.jpg\" data-dt-img-description=\"\" data-large_image_width=\"800\" data-large_image_height=\"100\"><img loading=\"lazy\" decoding=\"async\" class=\"aligncenter wp-image-60761 size-full\" src=\"https:\/\/www.radiopiu.net\/wordpress\/wp-content\/uploads\/2018\/09\/sport.jpg\" alt=\"\" width=\"800\" height=\"100\" srcset=\"https:\/\/www.radiopiu.net\/wordpress\/wp-content\/uploads\/2018\/09\/sport.jpg 800w, https:\/\/www.radiopiu.net\/wordpress\/wp-content\/uploads\/2018\/09\/sport-300x38.jpg 300w, https:\/\/www.radiopiu.net\/wordpress\/wp-content\/uploads\/2018\/09\/sport-768x96.jpg 768w\" sizes=\"auto, (max-width: 800px) 100vw, 800px\" \/><\/a><\/h3>\n<h3><\/h3>\n<blockquote>\n<h3>L\u2019AGORDINA CALCIO RACCOGLIE DOCUMENTI PER UN LIBRO CHE CELEBRA IL CINQUANTESIMO DELLA SOCIET\u00c0<\/h3>\n<\/blockquote>\n<p><strong><a class=\"dt-pswp-item\" href=\"https:\/\/www.radiopiu.net\/wordpress\/wp-content\/uploads\/2019\/09\/AGORDINA-CALCIO.jpeg\" data-dt-img-description=\"\" data-large_image_width=\"225\" data-large_image_height=\"225\"><img loading=\"lazy\" decoding=\"async\" class=\"size-full wp-image-97575 alignleft\" src=\"https:\/\/www.radiopiu.net\/wordpress\/wp-content\/uploads\/2019\/09\/AGORDINA-CALCIO.jpeg\" alt=\"\" width=\"225\" height=\"225\" srcset=\"https:\/\/www.radiopiu.net\/wordpress\/wp-content\/uploads\/2019\/09\/AGORDINA-CALCIO.jpeg 225w, https:\/\/www.radiopiu.net\/wordpress\/wp-content\/uploads\/2019\/09\/AGORDINA-CALCIO-150x150.jpeg 150w\" sizes=\"auto, (max-width: 225px) 100vw, 225px\" \/><\/a>AGORDO<\/strong> \u00c8 partita da qualche giorno la raccolta di materiale fotografico da parte dell\u2019Agordina Calcio. La societ\u00e0 del Presidente Cosmo Forcella compie prossimamente 50 anni di vita. Tante le storie da raccontare e tanto il materiale da raccogliere per celebrare al meglio questo traguardo. Intanto l\u2019Agordina si \u00e8 gi\u00e0 mossa tramite i social. Infatti da pochi giorni \u00e8 presente una pagina Facebook che si chiama \u201c50esimo Agordina Calcio\u201d. Gli utenti hanno gi\u00e0 mandato delle foto e dei reperti storici che si possono gi\u00e0 visualizzare su internet. Chi volesse contribuire alla realizzazione di questo progetto con foto, notizie o fatti pu\u00f2 inviare il materiale all\u2019indirizzo mail agordinacalciods@gmail.com<\/p>\n<p><strong>IL PRESIDENTE DELL&#8217;AGORDINA COSMO FORCELLA<\/strong><\/p>\n<audio class=\"wp-audio-shortcode\" id=\"audio-133882-9\" preload=\"none\" style=\"width: 100%;\" controls=\"controls\"><source type=\"audio\/mpeg\" src=\"https:\/\/www.radiopiu.net\/wordpress\/wp-content\/uploads\/2020\/04\/COSMO-50-AGO.mp3?_=9\" \/><a href=\"https:\/\/www.radiopiu.net\/wordpress\/wp-content\/uploads\/2020\/04\/COSMO-50-AGO.mp3\">https:\/\/www.radiopiu.net\/wordpress\/wp-content\/uploads\/2020\/04\/COSMO-50-AGO.mp3<\/a><\/audio>\n<p>&nbsp;<\/p>\n<p>&nbsp;<\/p>\n<hr \/>\n<h2>IL RALLY BELLUNESE IN VERSIONE VIRTUALE<\/h2>\n<p><a class=\"dt-pswp-item\" href=\"https:\/\/www.radiopiu.net\/wordpress\/wp-content\/uploads\/2020\/04\/b9317a79-1bf3-4e89-b872-1c1f9ac145fa.jpg\" data-dt-img-description=\"\" data-large_image_width=\"1024\" data-large_image_height=\"680\"><img loading=\"lazy\" decoding=\"async\" class=\"size-medium wp-image-134098 alignleft\" src=\"https:\/\/www.radiopiu.net\/wordpress\/wp-content\/uploads\/2020\/04\/b9317a79-1bf3-4e89-b872-1c1f9ac145fa-300x199.jpg\" alt=\"\" width=\"300\" height=\"199\" srcset=\"https:\/\/www.radiopiu.net\/wordpress\/wp-content\/uploads\/2020\/04\/b9317a79-1bf3-4e89-b872-1c1f9ac145fa-300x199.jpg 300w, https:\/\/www.radiopiu.net\/wordpress\/wp-content\/uploads\/2020\/04\/b9317a79-1bf3-4e89-b872-1c1f9ac145fa-768x510.jpg 768w, https:\/\/www.radiopiu.net\/wordpress\/wp-content\/uploads\/2020\/04\/b9317a79-1bf3-4e89-b872-1c1f9ac145fa.jpg 1024w\" sizes=\"auto, (max-width: 300px) 100vw, 300px\" \/><\/a>di Roberto Bona<\/p>\n<audio class=\"wp-audio-shortcode\" id=\"audio-133882-10\" preload=\"none\" style=\"width: 100%;\" controls=\"controls\"><source type=\"audio\/mpeg\" src=\"https:\/\/www.radiopiu.net\/wordpress\/wp-content\/uploads\/2020\/04\/BONA-RALLY-ONLINE.mp3?_=10\" \/><a href=\"https:\/\/www.radiopiu.net\/wordpress\/wp-content\/uploads\/2020\/04\/BONA-RALLY-ONLINE.mp3\">https:\/\/www.radiopiu.net\/wordpress\/wp-content\/uploads\/2020\/04\/BONA-RALLY-ONLINE.mp3<\/a><\/audio>\n<p>&nbsp;<\/p>\n<p>&nbsp;<\/p>\n<hr \/>\n<p>&nbsp;<\/p>\n<p>&nbsp;<\/p>\n<p>&nbsp;<\/p>\n<p><img decoding=\"async\" class=\"aligncenter jetpack-lazy-image jetpack-lazy-image--handled\" src=\"https:\/\/i0.wp.com\/www.radiopiu.net\/wordpress\/wp-content\/uploads\/2018\/09\/WhatsApp-Image-2018-09-20-at-16.04.06.jpeg?resize=800%2C100&amp;ssl=1\" data-lazy-loaded=\"1\" \/><\/p>\n<p>&nbsp;<\/p>\n<p><center><b>Giovedi 30<\/b><\/center><b>Tempo atteso:\u00a0<\/b>Al mattino tratti soleggiati e transito di nubi alte e medio-alte, non escluso del tutto banchi di nubi basse mattutine su alcuni settori prealpini. Dal primo pomeriggio intensificazione della nuvolosit\u00e0 fino a cielo molto nuvoloso\/coperto, successivamente si verificheranno i primi fenomeni, via via pi\u00f9 diffusi, con il passare delle ore. Clima un po&#8217; pi\u00f9 fresco di notte, mentre si avvertir\u00e0 una certa mitezza diurna nei fondovalle, nonostante il deficit di sole.<br \/>\n<b>Precipitazioni:\u00a0<\/b>Al mattino assenti (0%), nel corso del pomeriggio probabilit\u00e0 in aumento fino a molto alta alla sera (90\/100%), dapprima per rovesci sparsi, poi piogge via via pi\u00f9 diffuse e moderate, anche a carattere di temporale alla sera, quando ci sar\u00e0 l&#8217;apice della perturbabilit\u00e0. Il limite neve scender\u00e0 dagli iniziali 2100\/2200 m fino sui 1800\/1900 m in serata, anche a quote pi\u00f9 basse nelle valli dolomitiche pi\u00f9 chiuse qualora l&#8217;intensit\u00e0 lo consentisse (localmente 1500\/1600 m nel Cadore, in Val di Zoldo e nel medio Agordino).<br \/>\n<b>Temperature:\u00a0<\/b>Minime in generale lieve diminuzione; massime stazionarie nelle valli e in leggera ripresa in quota. Sono previste punte di 15\/17\u00b0C nei fondovalle prealpini e di 10\/12\u00b0C a 1000\/1200 m. Su Prealpi a 1500 m min 4\u00b0C max 8\u00b0C, a 2000 m min 2\u00b0C max 5\u00b0C. Su Dolomiti a 2000 m min 1\u00b0C max 4\u00b0C, a 3000 m min -5\u00b0C max -3\u00b0C.<br \/>\n<b>Venti:\u00a0<\/b>Nelle valli deboli di direzione variabile, con locali rinforzi per raffiche temporalesche; in quota moderati\/tesi da sud-ovest, anche forti sulle vette dolomitiche pi\u00f9 alte nel tardo pomeriggio, prima di scemare disponendosi da nord in serata, a 10\/25 km\/h a 2000 m e a 20\/45 km\/h a 3000 m.<\/p>\n<hr \/>\n<p><center><b>Venerdi 1<\/b><\/center><b>Tempo atteso:\u00a0<\/b>Nottetempo cielo coperto e diffusi fenomeni. Al mattino ampie schiarite e ripresa dell&#8217;attivit\u00e0 cumuliformi. Al pomeriggio cielo di nuovo assai nuvoloso per forte attivit\u00e0 cumuliforme, a tratti intensa e associata a nuovi fenomeni. Clima pi\u00f9 fresco.<br \/>\n<b>Precipitazioni:\u00a0<\/b>Nottetempo probabilit\u00e0 alta (80\/100%) per diffuse precipitazioni, a tratti moderate, nevose oltre i 1800\/1900 m, localmente a quote pi\u00f9 basse nelle valli dolomitiche pi\u00f9 chiuse. Al mattino lunga pausa senza fenomeni, poi ripresa dell&#8217;instabilit\u00e0 con rovesci sparsi (50\/70%), anche temporaleschi qualora le schiarite del mattino favorissero la convezione diurna. Lieve rialzo del limite neve. Tra gioved\u00ec e venerd\u00ec sono previsti cumuli di 20\/30 mm, localmente 40\/50 mm sulle Prealpi, con altrettanti cm di neve sopra i 2500 m.<br \/>\n<b>Temperature:\u00a0<\/b>Minime in generale lieve diminuzione; massime senza variazioni di rilievo nelle valli ed in leggero aumento in quota. Su Prealpi a 1500 m min 3\u00b0C max 9\u00b0C, a 2000 m min 1\u00b0C max 6\u00b0C. Su Dolomiti a 2000 m min 0\u00b0C max 5\u00b0C, a 3000 m min -5\u00b0C max -2\u00b0C.<br \/>\n<b>Venti:\u00a0<\/b>Nelle valli deboli di direzione variabile; in quota moderati da sud-ovest al mattino e da nord-ovest alla sera, a tratti tesi sulle vette pi\u00f9 alte, a 10\/15 km\/h a 2000 m e a 15\/30 km\/h a 3000 m.<\/p>\n<hr \/>\n<p><center><b>Sabato 2<\/b><\/center>Al mattino lunghi tratti soleggiati e nuvolosit\u00e0 stratiforme. Al pomeriggio nuvolosit\u00e0 irregolare per addensamenti cumuliformi, localmente associati a rovesci sparsi, nevosi oltre i 2100\/2300 m. Temperature minime in calo e massime in leggera ripresa. Venti deboli moderati da nord-ovest in quota, deboli\/moderati a regime di brezza nelle valli.<\/p>\n<hr \/>\n<p><center><b>Domenica 3<\/b><\/center>Sole e cielo perlopi\u00f9 sereno, eccetto modesti cumuli durante le ore pomeridiane. Aria limpida ed ottima visibilit\u00e0 al mattino. Temperature in generale calo,eccetto ripresa delle massime nelle valli. Venti in quota tesi\/forti da nord-ovest nella notte e al primo mattino, poi in attenuazione fino a moderati\/tesi; deboli\/moderati a regime di brezza nelle valli. Previsore: R.L.Th<\/p>\n","protected":false},"excerpt":{"rendered":"<p>PER RICEVERE QUESTO NOTIZIARIO DIRETTAMENTE SUL TUO CELLULARE ISCRIVITI AL CANALE TELEGRAM\u00a0\u201cRADIO PIU\u00a0 INFORMAZIONE\u201d CHIUDE PONTE MAS, FINO AL 30 GIUGNO PER I LAVORI DI CONSOLIDAMENTO: Da luned\u00ec al\u00a0 30 giugno sar\u00e0 chiuso sia alle macchine sia ai pedoni il collegamento principale tra i comuni di Sospirolo e Sedico.\u00a0 L&#8217;intera struttura subir\u00e0 notevoli lavori di&hellip;<\/p>\n","protected":false},"author":4,"featured_media":134013,"comment_status":"closed","ping_status":"closed","sticky":false,"template":"","format":"standard","meta":{"_monsterinsights_skip_tracking":false,"_monsterinsights_sitenote_active":false,"_monsterinsights_sitenote_note":"","_monsterinsights_sitenote_category":0,"footnotes":""},"categories":[1,51,86],"tags":[],"class_list":["post-133882","post","type-post","status-publish","format-standard","has-post-thumbnail","hentry","category-senza-categoria","category-evidenza-top","category-gr","category-1","category-51","category-86","description-off"],"img_url":"https:\/\/www.radiopiu.net\/wordpress\/wp-content\/uploads\/2020\/04\/fcd2b83f-d676-4ce9-9ae8-b0254c587d2a.jpg","_links":{"self":[{"href":"https:\/\/www.radiopiu.net\/wordpress\/wp-json\/wp\/v2\/posts\/133882","targetHints":{"allow":["GET"]}}],"collection":[{"href":"https:\/\/www.radiopiu.net\/wordpress\/wp-json\/wp\/v2\/posts"}],"about":[{"href":"https:\/\/www.radiopiu.net\/wordpress\/wp-json\/wp\/v2\/types\/post"}],"author":[{"embeddable":true,"href":"https:\/\/www.radiopiu.net\/wordpress\/wp-json\/wp\/v2\/users\/4"}],"replies":[{"embeddable":true,"href":"https:\/\/www.radiopiu.net\/wordpress\/wp-json\/wp\/v2\/comments?post=133882"}],"version-history":[{"count":0,"href":"https:\/\/www.radiopiu.net\/wordpress\/wp-json\/wp\/v2\/posts\/133882\/revisions"}],"wp:featuredmedia":[{"embeddable":true,"href":"https:\/\/www.radiopiu.net\/wordpress\/wp-json\/wp\/v2\/media\/134013"}],"wp:attachment":[{"href":"https:\/\/www.radiopiu.net\/wordpress\/wp-json\/wp\/v2\/media?parent=133882"}],"wp:term":[{"taxonomy":"category","embeddable":true,"href":"https:\/\/www.radiopiu.net\/wordpress\/wp-json\/wp\/v2\/categories?post=133882"},{"taxonomy":"post_tag","embeddable":true,"href":"https:\/\/www.radiopiu.net\/wordpress\/wp-json\/wp\/v2\/tags?post=133882"}],"curies":[{"name":"wp","href":"https:\/\/api.w.org\/{rel}","templated":true}]}}