{"id":133915,"date":"2020-04-29T11:51:48","date_gmt":"2020-04-29T09:51:48","guid":{"rendered":"https:\/\/www.radiopiu.net\/wordpress\/?p=133915"},"modified":"2020-04-29T11:51:48","modified_gmt":"2020-04-29T09:51:48","slug":"illuminazione-a-led-a-feltre","status":"publish","type":"post","link":"https:\/\/www.radiopiu.net\/wordpress\/illuminazione-a-led-a-feltre\/","title":{"rendered":"ILLUMINAZIONE A LED A FELTRE"},"content":{"rendered":"<p><strong><a class=\"dt-pswp-item\" href=\"https:\/\/www.radiopiu.net\/wordpress\/wp-content\/uploads\/2020\/04\/LED-FELTRE-.jpg\" data-dt-img-description=\"\" data-large_image_width=\"2000\" data-large_image_height=\"1500\"><img loading=\"lazy\" decoding=\"async\" class=\"size-medium wp-image-133916 alignleft\" src=\"https:\/\/www.radiopiu.net\/wordpress\/wp-content\/uploads\/2020\/04\/LED-FELTRE--300x225.jpg\" alt=\"\" width=\"300\" height=\"225\" srcset=\"https:\/\/www.radiopiu.net\/wordpress\/wp-content\/uploads\/2020\/04\/LED-FELTRE--300x225.jpg 300w, https:\/\/www.radiopiu.net\/wordpress\/wp-content\/uploads\/2020\/04\/LED-FELTRE--1024x768.jpg 1024w, https:\/\/www.radiopiu.net\/wordpress\/wp-content\/uploads\/2020\/04\/LED-FELTRE--768x576.jpg 768w, https:\/\/www.radiopiu.net\/wordpress\/wp-content\/uploads\/2020\/04\/LED-FELTRE--1536x1152.jpg 1536w, https:\/\/www.radiopiu.net\/wordpress\/wp-content\/uploads\/2020\/04\/LED-FELTRE-.jpg 2000w\" sizes=\"auto, (max-width: 300px) 100vw, 300px\" \/><\/a>FELTRE<\/strong> <span class=\"s1\">Vanno ben al di l\u00e0 degli interventi di ripristino post-Vaia, nel cui ambito sono state programmate, le installazioni dei nuovi corpi illuminanti a LED portate a termine in questi giorni in alcune zone della citt\u00e0. <\/span><span class=\"s1\">I lavori hanno riguardato, in particolare, le zone di Pr\u00e0 del Moro e Pr\u00e0 del Vescovo, con la relativa area camper, il percorso pedonale della ex Manifattura, l\u2019ultima parte di via Monte Grappa, (dall\u2019incrocio antistante il bar Corr\u00e0 al monumento ai caduti) e interesseranno nei prossimi giorni anche via Dante, sino alla congiunzione con la Culliada. <\/span><span class=\"s1\">La tecnologia a LED, come noto, consente la diffusione di un\u2019illuminazione modulare e molto pi\u00f9 efficiente, con conseguenti importanti risparmi anche sulla bolletta energetica. Gli interventi in corso in questi giorni sono stati finanziati, come detto, dalle risorse straordinarie erogate dal Commissario Regionale per i ripristini post-Vaia, ma consentiranno di dare alla citt\u00e0 una dotazione oltre che pi\u00f9 funzionale, certamente anche pi\u00f9 attrattiva e gradevole sia per i cittadini che per i turisti, in particolare per alcune aree strategiche per l\u2019offerta sportiva e non solo, come quelle di Pr\u00e0 del Moro e Pr\u00e0 del Vescovo.\u00a0 <\/span><span class=\"s1\">\u201c<em>L\u2019intervento ha impegnato risorse per circa 50 mila euro, commenta l\u2019assessore alle manutenzioni del Comune di Feltre Adis Zatta. I lavori sono andati di pari passo con il rifacimento della segnaletica stradale avviato alcuni giorni fa e che ha riguardato ampie zone del centro oltre alle frazioni \u201calte\u201d del comune. L\u2019emergenza Coronavirus ci sta impegnando a fondo su pi\u00f9 fronti, conclude Zatta, ma vogliamo comunque guardare con positivit\u00e0 al futuro per farci trovare pronti ed offrire a cittadini e visitatori la miglior immagine possibile della nostra citt\u00e0<\/em>\u201d.<\/span><\/p>\n","protected":false},"excerpt":{"rendered":"<p>FELTRE Vanno ben al di l\u00e0 degli interventi di ripristino post-Vaia, nel cui ambito sono state programmate, le installazioni dei nuovi corpi illuminanti a LED portate a termine in questi giorni in alcune zone della citt\u00e0. I lavori hanno riguardato, in particolare, le zone di Pr\u00e0 del Moro e Pr\u00e0 del Vescovo, con la relativa&hellip;<\/p>\n","protected":false},"author":4,"featured_media":133916,"comment_status":"closed","ping_status":"closed","sticky":false,"template":"","format":"standard","meta":{"_monsterinsights_skip_tracking":false,"_monsterinsights_sitenote_active":false,"_monsterinsights_sitenote_note":"","_monsterinsights_sitenote_category":0,"footnotes":""},"categories":[49],"tags":[],"class_list":["post-133915","post","type-post","status-publish","format-standard","has-post-thumbnail","hentry","category-news-18","category-49","description-off"],"img_url":"https:\/\/www.radiopiu.net\/wordpress\/wp-content\/uploads\/2020\/04\/LED-FELTRE-.jpg","_links":{"self":[{"href":"https:\/\/www.radiopiu.net\/wordpress\/wp-json\/wp\/v2\/posts\/133915","targetHints":{"allow":["GET"]}}],"collection":[{"href":"https:\/\/www.radiopiu.net\/wordpress\/wp-json\/wp\/v2\/posts"}],"about":[{"href":"https:\/\/www.radiopiu.net\/wordpress\/wp-json\/wp\/v2\/types\/post"}],"author":[{"embeddable":true,"href":"https:\/\/www.radiopiu.net\/wordpress\/wp-json\/wp\/v2\/users\/4"}],"replies":[{"embeddable":true,"href":"https:\/\/www.radiopiu.net\/wordpress\/wp-json\/wp\/v2\/comments?post=133915"}],"version-history":[{"count":0,"href":"https:\/\/www.radiopiu.net\/wordpress\/wp-json\/wp\/v2\/posts\/133915\/revisions"}],"wp:featuredmedia":[{"embeddable":true,"href":"https:\/\/www.radiopiu.net\/wordpress\/wp-json\/wp\/v2\/media\/133916"}],"wp:attachment":[{"href":"https:\/\/www.radiopiu.net\/wordpress\/wp-json\/wp\/v2\/media?parent=133915"}],"wp:term":[{"taxonomy":"category","embeddable":true,"href":"https:\/\/www.radiopiu.net\/wordpress\/wp-json\/wp\/v2\/categories?post=133915"},{"taxonomy":"post_tag","embeddable":true,"href":"https:\/\/www.radiopiu.net\/wordpress\/wp-json\/wp\/v2\/tags?post=133915"}],"curies":[{"name":"wp","href":"https:\/\/api.w.org\/{rel}","templated":true}]}}