{"id":133937,"date":"2020-04-29T13:41:41","date_gmt":"2020-04-29T11:41:41","guid":{"rendered":"https:\/\/www.radiopiu.net\/wordpress\/?p=133937"},"modified":"2020-04-29T14:23:02","modified_gmt":"2020-04-29T12:23:02","slug":"dal-4-maggio-chiusa-la-silvo-pastorale-rif-don-malga-framont","status":"publish","type":"post","link":"https:\/\/www.radiopiu.net\/wordpress\/dal-4-maggio-chiusa-la-silvo-pastorale-rif-don-malga-framont\/","title":{"rendered":"DAL 4 MAGGIO CHIUSA LA SILVO-PASTORALE RIF-DON- MALGA FRAMONT"},"content":{"rendered":"<p><strong><a class=\"dt-pswp-item\" href=\"https:\/\/www.radiopiu.net\/wordpress\/wp-content\/uploads\/2020\/04\/framont.png\" data-dt-img-description=\"\" data-large_image_width=\"808\" data-large_image_height=\"808\"><img loading=\"lazy\" decoding=\"async\" class=\" wp-image-133938 alignleft\" src=\"https:\/\/www.radiopiu.net\/wordpress\/wp-content\/uploads\/2020\/04\/framont-300x300.png\" alt=\"\" width=\"186\" height=\"186\" srcset=\"https:\/\/www.radiopiu.net\/wordpress\/wp-content\/uploads\/2020\/04\/framont-300x300.png 300w, https:\/\/www.radiopiu.net\/wordpress\/wp-content\/uploads\/2020\/04\/framont-150x150.png 150w, https:\/\/www.radiopiu.net\/wordpress\/wp-content\/uploads\/2020\/04\/framont-768x768.png 768w, https:\/\/www.radiopiu.net\/wordpress\/wp-content\/uploads\/2020\/04\/framont.png 808w\" sizes=\"auto, (max-width: 186px) 100vw, 186px\" \/><\/a>AGORDO<\/strong> Il Sindaco di Agordo Roberto Chissal\u00e8, ha diramato un avviso che riguarda la strada silvo-pastorale Rif &#8211; Don &#8211; Malga Framont. La strada in questione sar\u00e0 chiusa dal 4 maggio fino al 15 giugno e comunque fino a fine lavori. La chiusura al fine di garantire il proseguimento dei lavori di ripristino funzionalita\u2019 e consolidamento versanti della strada. Si invita la cittadinanza a voler rispettare i contenuti del presente avviso, organizzando i propri spostamenti in rapporto all\u2019andamento dei lavori e relativa segnaletica esposta dalla ditta esecutrice delle opere. L&#8217;interruzione della strada sar\u00e0 sopra la localit\u00e0 Don, si potr\u00e0 arrivare fino allo spiazzo di Don.<\/p>\n<p>&nbsp;<\/p>\n","protected":false},"excerpt":{"rendered":"<p>AGORDO Il Sindaco di Agordo Roberto Chissal\u00e8, ha diramato un avviso che riguarda la strada silvo-pastorale Rif &#8211; Don &#8211; Malga Framont. La strada in questione sar\u00e0 chiusa dal 4 maggio fino al 15 giugno e comunque fino a fine lavori. La chiusura al fine di garantire il proseguimento dei lavori di ripristino funzionalita\u2019 e&hellip;<\/p>\n","protected":false},"author":4,"featured_media":133938,"comment_status":"closed","ping_status":"closed","sticky":false,"template":"","format":"standard","meta":{"_monsterinsights_skip_tracking":false,"_monsterinsights_sitenote_active":false,"_monsterinsights_sitenote_note":"","_monsterinsights_sitenote_category":0,"footnotes":""},"categories":[49],"tags":[],"class_list":["post-133937","post","type-post","status-publish","format-standard","has-post-thumbnail","hentry","category-news-18","category-49","description-off"],"img_url":"https:\/\/www.radiopiu.net\/wordpress\/wp-content\/uploads\/2020\/04\/framont.png","_links":{"self":[{"href":"https:\/\/www.radiopiu.net\/wordpress\/wp-json\/wp\/v2\/posts\/133937","targetHints":{"allow":["GET"]}}],"collection":[{"href":"https:\/\/www.radiopiu.net\/wordpress\/wp-json\/wp\/v2\/posts"}],"about":[{"href":"https:\/\/www.radiopiu.net\/wordpress\/wp-json\/wp\/v2\/types\/post"}],"author":[{"embeddable":true,"href":"https:\/\/www.radiopiu.net\/wordpress\/wp-json\/wp\/v2\/users\/4"}],"replies":[{"embeddable":true,"href":"https:\/\/www.radiopiu.net\/wordpress\/wp-json\/wp\/v2\/comments?post=133937"}],"version-history":[{"count":0,"href":"https:\/\/www.radiopiu.net\/wordpress\/wp-json\/wp\/v2\/posts\/133937\/revisions"}],"wp:featuredmedia":[{"embeddable":true,"href":"https:\/\/www.radiopiu.net\/wordpress\/wp-json\/wp\/v2\/media\/133938"}],"wp:attachment":[{"href":"https:\/\/www.radiopiu.net\/wordpress\/wp-json\/wp\/v2\/media?parent=133937"}],"wp:term":[{"taxonomy":"category","embeddable":true,"href":"https:\/\/www.radiopiu.net\/wordpress\/wp-json\/wp\/v2\/categories?post=133937"},{"taxonomy":"post_tag","embeddable":true,"href":"https:\/\/www.radiopiu.net\/wordpress\/wp-json\/wp\/v2\/tags?post=133937"}],"curies":[{"name":"wp","href":"https:\/\/api.w.org\/{rel}","templated":true}]}}