{"id":133963,"date":"2020-04-29T15:01:51","date_gmt":"2020-04-29T13:01:51","guid":{"rendered":"https:\/\/www.radiopiu.net\/wordpress\/?p=133963"},"modified":"2020-04-29T15:01:51","modified_gmt":"2020-04-29T13:01:51","slug":"il-documento-della-regione-sul-ritorno-alla-normalita-degli-ospedali","status":"publish","type":"post","link":"https:\/\/www.radiopiu.net\/wordpress\/il-documento-della-regione-sul-ritorno-alla-normalita-degli-ospedali\/","title":{"rendered":"IL DOCUMENTO DELLA REGIONE SUL RITORNO ALLA &#8220;NORMALIT\u00c0&#8221; DEGLI OSPEDALI"},"content":{"rendered":"<p><strong><a class=\"dt-pswp-item\" href=\"https:\/\/www.radiopiu.net\/wordpress\/wp-content\/uploads\/2015\/10\/Ospedale_San_Martino_Belluno_2014.jpg\" data-dt-img-description=\"\" data-large_image_width=\"699\" data-large_image_height=\"376\"><img loading=\"lazy\" decoding=\"async\" class=\"size-medium wp-image-12142 alignleft\" src=\"https:\/\/www.radiopiu.net\/wordpress\/wp-content\/uploads\/2015\/10\/Ospedale_San_Martino_Belluno_2014-300x161.jpg\" alt=\"\" width=\"300\" height=\"161\" \/><\/a>VENEZIA<\/strong>\u00a0Gli ospedali veneti, pur mantenendo attiva tutta l\u2019organizzazione anti Covid, si riorganizzano per la riapertura delle attivit\u00e0 sanitarie ordinarie, sospese nella fase pi\u00f9 acuta dell\u2019epidemia.\u00a0Lo fanno sulla base di un articolato documento di linee d\u2019indirizzo, che determinano modalit\u00e0, percorsi e precauzioni per il riavvio delle attivit\u00e0 di cura e diagnosi, condiviso e approvato dall\u2019unit\u00e0 di crisi del Veneto e gi\u00e0 inviato ai Dg. La ripartenza dei vari servizi avverr\u00e0 a partire dal 4 maggio prossimo.\u00a0Il documento, in 18 pagine, si compone di una premessa che inquadra la situazione epidemiologica, di un capitolo riservato ai destinatari, di uno che descrive lo scopo delle linee dettate, e di un ultimo, molto articolato, nel quale si entra nel particolare delle misure di prevenzione e compartimentazione per l\u2019erogazione di una lunga serie di servizi, dagli interventi chirurgici in emergenza, in urgenza e programmati alle prestazioni ambulatoriali, dall\u2019accesso delle persone con patologie oncoematologiche alla gestione della fase di follow up, dai pazienti in trattamento oncologico attivo ai percorsi nascita e per il paziente pediatrico, dall\u2019attivit\u00e0 del Cup a quella dei punti prelievo, per arrivare agli screening oncologici, che vengono riattivati.<\/p>\n<p><strong>IL DOCUMENTO<\/strong><\/p>\n<div class=\"su-document su-u-responsive-media-yes\"><iframe loading=\"lazy\" src=\"\/\/docs.google.com\/viewer?embedded=true&url=https:\/\/www.radiopiu.net\/wordpress\/wp-content\/uploads\/2020\/04\/2020.04.27-Doc-Riapertura-vers-per-DG-v.-2.pdf.pdf\" width=\"600\" height=\"800\" class=\"su-document\" title=\"prot\"><\/iframe><\/div>\n<p><a href=\"https:\/\/www.radiopiu.net\/wordpress\/wp-content\/uploads\/2020\/04\/2020.04.27-Doc-Riapertura-vers-per-DG-v.-2.pdf.pdf\">SCARICA QUI IL DOCUMENTO<\/a><\/p>\n","protected":false},"excerpt":{"rendered":"<p>VENEZIA\u00a0Gli ospedali veneti, pur mantenendo attiva tutta l\u2019organizzazione anti Covid, si riorganizzano per la riapertura delle attivit\u00e0 sanitarie ordinarie, sospese nella fase pi\u00f9 acuta dell\u2019epidemia.\u00a0Lo fanno sulla base di un articolato documento di linee d\u2019indirizzo, che determinano modalit\u00e0, percorsi e precauzioni per il riavvio delle attivit\u00e0 di cura e diagnosi, condiviso e approvato dall\u2019unit\u00e0 di&hellip;<\/p>\n","protected":false},"author":4,"featured_media":0,"comment_status":"closed","ping_status":"closed","sticky":false,"template":"","format":"standard","meta":{"_monsterinsights_skip_tracking":false,"_monsterinsights_sitenote_active":false,"_monsterinsights_sitenote_note":"","_monsterinsights_sitenote_category":0,"footnotes":""},"categories":[49],"tags":[],"class_list":["post-133963","post","type-post","status-publish","format-standard","hentry","category-news-18","category-49","description-off"],"img_url":false,"_links":{"self":[{"href":"https:\/\/www.radiopiu.net\/wordpress\/wp-json\/wp\/v2\/posts\/133963","targetHints":{"allow":["GET"]}}],"collection":[{"href":"https:\/\/www.radiopiu.net\/wordpress\/wp-json\/wp\/v2\/posts"}],"about":[{"href":"https:\/\/www.radiopiu.net\/wordpress\/wp-json\/wp\/v2\/types\/post"}],"author":[{"embeddable":true,"href":"https:\/\/www.radiopiu.net\/wordpress\/wp-json\/wp\/v2\/users\/4"}],"replies":[{"embeddable":true,"href":"https:\/\/www.radiopiu.net\/wordpress\/wp-json\/wp\/v2\/comments?post=133963"}],"version-history":[{"count":0,"href":"https:\/\/www.radiopiu.net\/wordpress\/wp-json\/wp\/v2\/posts\/133963\/revisions"}],"wp:attachment":[{"href":"https:\/\/www.radiopiu.net\/wordpress\/wp-json\/wp\/v2\/media?parent=133963"}],"wp:term":[{"taxonomy":"category","embeddable":true,"href":"https:\/\/www.radiopiu.net\/wordpress\/wp-json\/wp\/v2\/categories?post=133963"},{"taxonomy":"post_tag","embeddable":true,"href":"https:\/\/www.radiopiu.net\/wordpress\/wp-json\/wp\/v2\/tags?post=133963"}],"curies":[{"name":"wp","href":"https:\/\/api.w.org\/{rel}","templated":true}]}}