{"id":134154,"date":"2020-04-30T12:32:44","date_gmt":"2020-04-30T10:32:44","guid":{"rendered":"https:\/\/www.radiopiu.net\/wordpress\/?p=134154"},"modified":"2020-04-30T14:07:17","modified_gmt":"2020-04-30T12:07:17","slug":"conferenza-stampa-del-presidente-del-veneto-luca-zaia-30-aprile-2020","status":"publish","type":"post","link":"https:\/\/www.radiopiu.net\/wordpress\/conferenza-stampa-del-presidente-del-veneto-luca-zaia-30-aprile-2020\/","title":{"rendered":"CONFERENZA STAMPA DEL PRESIDENTE DEL VENETO LUCA ZAIA 30 APRILE 2020"},"content":{"rendered":"<p><strong>VENEZIA<\/strong>\u00a0Da Marghera il Presidente Luca Zaia fa il punto sull\u2019emergenza Covid-19.<\/p>\n<p>Attualmente positivi 8147 (+92 in 12 ore), Morti 1141, totale 1459. Nati 93. Da ieri sera alle 17, altri 7 decessi, 8 pazienti in meno negli ospedali, nessuna variazione nelle terapie intensive nelle ultime 12 ore. Nessuna variazione nemmeno negli ospedali bellunesi 92 PAZIENTI RICOVERATI DI CUI 6 IN TERAPIA INTENSIVA. POSITIVI +18, in isolamento 1248.<\/p>\n<blockquote>\n<h2>LEGGI LA CONFERENZA STAMPA DI LUCA ZAIA<\/h2>\n<\/blockquote>\n<p><em>Siamo per un&#8217;apertura totale ma in sicurezza, tutti hanno diritto di lavorare<\/em><\/p>\n<p><strong>36.623 DONATORI PER 57 MILIONI DI EURO,<\/strong> grazie a quanti continuano a versare.<strong>VIDEOCONFERENZE<\/strong> \u00a0oggi alle 13 ne abbiamo un&#8217;altra con i ministri Boccia e Micheli, avremo un focus dei controlli da fare nella Fase 2, i parametri che saranno elaborati dai tecnici. Luned\u00ec ci sar\u00e0 oltre un milione di lavoratori che ricominceranno a tornare in azienda, ma resta il tema e il problema di tutti quelli che al contrario non riapriranno. La fase 2 andr\u00e0 affrontare con prudenza e lucidit\u00e0. O si rispettano le regole o si rientra nella fase precedente, da lunedi gli ospedali riprendono la normalit\u00e0 ma non potranno essere presi d&#8217;assalto, non sono i luoghi pi\u00f9 sicuri per evitare il virus. La mascherina salva la vita e mi sembra assurdo dover fare una legge perch\u00e9 la gente la debba portare. Il Giappone non ha adottato misure straordinarie ma li&#8217; la mascherina si usa normalmente. Diagnostica stiamo lavorando con i tamponi siamo ancora i primi, stiamo lavorando sui test sierologici per arrivare ad una sorta di patente di immunit\u00e0, stiamo implemendando le attivit\u00e0 per le microbiologie. Per settembre vogliamo arrivare a 30 mila tamponi al giorno.<\/p>\n<h2><span style=\"color: #ff0000;\">DOMANDE<\/span><\/h2>\n<p><strong>COSA SI PROPONE IN VISTA DEL 18 MAGGIO <\/strong>Tutto va calato sulla sorveglianza sanitaria, poi bisogna guardare le statistiche e ne abbiamo una bella lista da due mesi a questa parte. Come abbiamo chiuso gradualmente \u00e8 giusto riaprire con altrettanta gradualit\u00e0, fatto salvo il parere della comunit\u00e0 scientifica.<\/p>\n<p><strong>ELEZIONI, IL PERCORSO PER ANDARE A VOTARE IN LUGLIO E&#8217; AVVIATO MA SALVINI SEGRETARIO DEL SUO PARTITO HA DETTO ANDIAMO A VOTARE IN AUTUNNO<\/strong> Non \u00e8 fuoco amico, nella seconda agenzia ha infatti parlato di elezioni a luglio parlando proprio del Veneto. Noi sosteniamo il tema delle elezioni in estate anche perch\u00e9 il virus potrebbe tornare in autunno<\/p>\n<p><strong>SECONDE CASE?<\/strong> Ci sono i controlli, una legge da applicare, un DPCM e un&#8217;ordinnza regionale da rispettare. La Prefettura d\u00e0 le risposte ai dubbi e anche in modo scritto. La norma va applicata non in modo restrittivo. Chi controlla non deve esprimere giudizi, ci sono altri che devono giudicare.<\/p>\n<p><strong>COSA DICE IL COMITATO SCIENTIFICO DELLA REGIONE<\/strong>\u00a0Noi presentiamo un progetto ai nostri esperti, ma si dovr\u00e0 esprimere il comitato tecnico scientifico nazionale e dovremo adattarci.<\/p>\n<p><strong>IL PREMIER CONTESTA LE ORDINANZE REGIONALI MENO RESTRITTIVE DEL DPCM<\/strong> Le nostre non sono ordinanze illegittime. Abbiamo applicato i Dpcm in maniera pi\u00f9 restrittiva. Non vedo contraddizioni fra la nostra ordinanza e il nuovo Dpcm, sia per le uscite, i congiunti, le seconde case, l&#8217;attivit\u00e0 motoria e il cibo di asporto. Se si andr\u00e0 in Tribunale e mi piacerebbe, vediamo chi ha ragione.<\/p>\n<p><strong>TRASPORTI PUBBLICI<\/strong> Attendiamo di capire e conoscere le regole. Per noi l&#8217;uso della mascherina aiuter\u00e0 ad affrontare e superare il tema.<\/p>\n<p>&nbsp;<\/p>\n<p>&nbsp;<\/p>\n<p>https:\/\/www.facebook.com\/zaiaufficiale\/videos\/604799670246322<\/p>\n","protected":false},"excerpt":{"rendered":"<p>VENEZIA\u00a0Da Marghera il Presidente Luca Zaia fa il punto sull\u2019emergenza Covid-19. Attualmente positivi 8147 (+92 in 12 ore), Morti 1141, totale 1459. Nati 93. Da ieri sera alle 17, altri 7 decessi, 8 pazienti in meno negli ospedali, nessuna variazione nelle terapie intensive nelle ultime 12 ore. Nessuna variazione nemmeno negli ospedali bellunesi 92 PAZIENTI&hellip;<\/p>\n","protected":false},"author":4,"featured_media":121391,"comment_status":"closed","ping_status":"closed","sticky":false,"template":"","format":"standard","meta":{"_monsterinsights_skip_tracking":false,"_monsterinsights_sitenote_active":false,"_monsterinsights_sitenote_note":"","_monsterinsights_sitenote_category":0,"footnotes":""},"categories":[51,49],"tags":[],"class_list":["post-134154","post","type-post","status-publish","format-standard","has-post-thumbnail","hentry","category-evidenza-top","category-news-18","category-51","category-49","description-off"],"img_url":"https:\/\/www.radiopiu.net\/wordpress\/wp-content\/uploads\/2020\/03\/covid-zaia.jpg","_links":{"self":[{"href":"https:\/\/www.radiopiu.net\/wordpress\/wp-json\/wp\/v2\/posts\/134154","targetHints":{"allow":["GET"]}}],"collection":[{"href":"https:\/\/www.radiopiu.net\/wordpress\/wp-json\/wp\/v2\/posts"}],"about":[{"href":"https:\/\/www.radiopiu.net\/wordpress\/wp-json\/wp\/v2\/types\/post"}],"author":[{"embeddable":true,"href":"https:\/\/www.radiopiu.net\/wordpress\/wp-json\/wp\/v2\/users\/4"}],"replies":[{"embeddable":true,"href":"https:\/\/www.radiopiu.net\/wordpress\/wp-json\/wp\/v2\/comments?post=134154"}],"version-history":[{"count":0,"href":"https:\/\/www.radiopiu.net\/wordpress\/wp-json\/wp\/v2\/posts\/134154\/revisions"}],"wp:featuredmedia":[{"embeddable":true,"href":"https:\/\/www.radiopiu.net\/wordpress\/wp-json\/wp\/v2\/media\/121391"}],"wp:attachment":[{"href":"https:\/\/www.radiopiu.net\/wordpress\/wp-json\/wp\/v2\/media?parent=134154"}],"wp:term":[{"taxonomy":"category","embeddable":true,"href":"https:\/\/www.radiopiu.net\/wordpress\/wp-json\/wp\/v2\/categories?post=134154"},{"taxonomy":"post_tag","embeddable":true,"href":"https:\/\/www.radiopiu.net\/wordpress\/wp-json\/wp\/v2\/tags?post=134154"}],"curies":[{"name":"wp","href":"https:\/\/api.w.org\/{rel}","templated":true}]}}