{"id":134157,"date":"2020-04-30T12:21:01","date_gmt":"2020-04-30T10:21:01","guid":{"rendered":"https:\/\/www.radiopiu.net\/wordpress\/?p=134157"},"modified":"2020-04-30T12:21:01","modified_gmt":"2020-04-30T10:21:01","slug":"1-maggio-il-lavoro-in-sicurezza-per-costruire-il-futuro","status":"publish","type":"post","link":"https:\/\/www.radiopiu.net\/wordpress\/1-maggio-il-lavoro-in-sicurezza-per-costruire-il-futuro\/","title":{"rendered":"1 MAGGIO  IL LAVORO IN SICUREZZA PER COSTRUIRE IL FUTURO"},"content":{"rendered":"<p>\u00c8 un Primo Maggio diverso, quello di quest\u2019anno, senza visione di futuro, ma tutto da costruire e forse da ricostruire. Il nostro primo pensiero va ai lavoratori che oggi sono in prima linea, in particolare quelli del socio-sanitario e delle case di riposo, che stanno reggendo il colpo della fase acuta del contagio, coscienti del loro ruolo e che subiscono il continuo calare dei tagli al servizio, che oggi si materializza nell\u2019assenza di organici necessari alle turnazioni e ai riposi.<\/p>\n<p>\u00c8 un Primo Maggio all\u2019insegna dell\u2019analisi di quanto accaduto, delle necessit\u00e0 vere per gestire la prima fase della ripresa delle attivit\u00e0, per costruire un nuovo senso di comunit\u00e0 e dell\u2019unitariet\u00e0 di lavoratori e cittadini. Nulla sar\u00e0 come prima, ma Cgil, Cisl e Uil hanno dimostrato di essere state presenti e insieme intendono tracciare le prospettive del domani.<\/p>\n<p>&nbsp;<\/p>\n<div class=\"su-document su-u-responsive-media-yes\"><iframe loading=\"lazy\" src=\"\/\/docs.google.com\/viewer?embedded=true&url=https:\/\/www.radiopiu.net\/wordpress\/wp-content\/uploads\/2020\/04\/1-\u00b0-maggio-2020-vers-1.2.docx\" width=\"600\" height=\"800\" class=\"su-document\" title=\"prot\"><\/iframe><\/div>\n","protected":false},"excerpt":{"rendered":"<p>\u00c8 un Primo Maggio diverso, quello di quest\u2019anno, senza visione di futuro, ma tutto da costruire e forse da ricostruire. Il nostro primo pensiero va ai lavoratori che oggi sono in prima linea, in particolare quelli del socio-sanitario e delle case di riposo, che stanno reggendo il colpo della fase acuta del contagio, coscienti del&hellip;<\/p>\n","protected":false},"author":1,"featured_media":121809,"comment_status":"closed","ping_status":"closed","sticky":false,"template":"","format":"standard","meta":{"_monsterinsights_skip_tracking":false,"_monsterinsights_sitenote_active":false,"_monsterinsights_sitenote_note":"","_monsterinsights_sitenote_category":0,"footnotes":""},"categories":[49],"tags":[],"class_list":["post-134157","post","type-post","status-publish","format-standard","has-post-thumbnail","hentry","category-news-18","category-49","description-off"],"img_url":"https:\/\/www.radiopiu.net\/wordpress\/wp-content\/uploads\/2020\/03\/SINDACATI.jpg","_links":{"self":[{"href":"https:\/\/www.radiopiu.net\/wordpress\/wp-json\/wp\/v2\/posts\/134157","targetHints":{"allow":["GET"]}}],"collection":[{"href":"https:\/\/www.radiopiu.net\/wordpress\/wp-json\/wp\/v2\/posts"}],"about":[{"href":"https:\/\/www.radiopiu.net\/wordpress\/wp-json\/wp\/v2\/types\/post"}],"author":[{"embeddable":true,"href":"https:\/\/www.radiopiu.net\/wordpress\/wp-json\/wp\/v2\/users\/1"}],"replies":[{"embeddable":true,"href":"https:\/\/www.radiopiu.net\/wordpress\/wp-json\/wp\/v2\/comments?post=134157"}],"version-history":[{"count":0,"href":"https:\/\/www.radiopiu.net\/wordpress\/wp-json\/wp\/v2\/posts\/134157\/revisions"}],"wp:featuredmedia":[{"embeddable":true,"href":"https:\/\/www.radiopiu.net\/wordpress\/wp-json\/wp\/v2\/media\/121809"}],"wp:attachment":[{"href":"https:\/\/www.radiopiu.net\/wordpress\/wp-json\/wp\/v2\/media?parent=134157"}],"wp:term":[{"taxonomy":"category","embeddable":true,"href":"https:\/\/www.radiopiu.net\/wordpress\/wp-json\/wp\/v2\/categories?post=134157"},{"taxonomy":"post_tag","embeddable":true,"href":"https:\/\/www.radiopiu.net\/wordpress\/wp-json\/wp\/v2\/tags?post=134157"}],"curies":[{"name":"wp","href":"https:\/\/api.w.org\/{rel}","templated":true}]}}