{"id":134169,"date":"2020-04-30T14:21:06","date_gmt":"2020-04-30T12:21:06","guid":{"rendered":"https:\/\/www.radiopiu.net\/wordpress\/?p=134169"},"modified":"2020-04-30T14:21:06","modified_gmt":"2020-04-30T12:21:06","slug":"de-coccio-11-sanzioni-a-persone-chiuse-due-attivita-commerciali-un-titolare-sanzionato","status":"publish","type":"post","link":"https:\/\/www.radiopiu.net\/wordpress\/de-coccio-11-sanzioni-a-persone-chiuse-due-attivita-commerciali-un-titolare-sanzionato\/","title":{"rendered":"&#8220;DE COCCIO&#8221;: 11 SANZIONI A PERSONE, CHIUSE DUE ATTIVITA&#8217; COMMERCIALI, UN TITOLARE SANZIONATO"},"content":{"rendered":"<p><strong>BELLUNO<\/strong> 504 persone controllate e 11 sanzioni inflitte. Questo il resoconto della giornata di ieri per la Prefettura di Belluno. Salgono dunque a 22 le multe inflitte ai cittadini bellunesi da inizio settimana. Nel capitolo attivit\u00e0 commerciali, nella giornata di mercoled\u00ec sono stati controllati 1260 esercizi, un titolare \u00e8 stato sanzionato e 2 attivit\u00e0 sono state chiuse temporaneamente, prime infrazioni da inizio settimana.<\/p>\n<p><a class=\"dt-pswp-item\" href=\"https:\/\/www.radiopiu.net\/wordpress\/wp-content\/uploads\/2020\/04\/30.04_-_MONITORAGGIO_SETTIMANALE_DEI_SERVIZI_DI_CONTROLLO.jpg\" data-dt-img-description=\"\" data-large_image_width=\"1240\" data-large_image_height=\"1754\"><img loading=\"lazy\" decoding=\"async\" class=\"alignnone wp-image-134171 size-large\" src=\"https:\/\/www.radiopiu.net\/wordpress\/wp-content\/uploads\/2020\/04\/30.04_-_MONITORAGGIO_SETTIMANALE_DEI_SERVIZI_DI_CONTROLLO-724x1024.jpg\" alt=\"\" width=\"724\" height=\"1024\" srcset=\"https:\/\/www.radiopiu.net\/wordpress\/wp-content\/uploads\/2020\/04\/30.04_-_MONITORAGGIO_SETTIMANALE_DEI_SERVIZI_DI_CONTROLLO-724x1024.jpg 724w, https:\/\/www.radiopiu.net\/wordpress\/wp-content\/uploads\/2020\/04\/30.04_-_MONITORAGGIO_SETTIMANALE_DEI_SERVIZI_DI_CONTROLLO-212x300.jpg 212w, https:\/\/www.radiopiu.net\/wordpress\/wp-content\/uploads\/2020\/04\/30.04_-_MONITORAGGIO_SETTIMANALE_DEI_SERVIZI_DI_CONTROLLO-768x1086.jpg 768w, https:\/\/www.radiopiu.net\/wordpress\/wp-content\/uploads\/2020\/04\/30.04_-_MONITORAGGIO_SETTIMANALE_DEI_SERVIZI_DI_CONTROLLO-1086x1536.jpg 1086w, https:\/\/www.radiopiu.net\/wordpress\/wp-content\/uploads\/2020\/04\/30.04_-_MONITORAGGIO_SETTIMANALE_DEI_SERVIZI_DI_CONTROLLO.jpg 1240w\" sizes=\"auto, (max-width: 724px) 100vw, 724px\" \/><\/a><\/p>\n","protected":false},"excerpt":{"rendered":"<p>BELLUNO 504 persone controllate e 11 sanzioni inflitte. Questo il resoconto della giornata di ieri per la Prefettura di Belluno. Salgono dunque a 22 le multe inflitte ai cittadini bellunesi da inizio settimana. Nel capitolo attivit\u00e0 commerciali, nella giornata di mercoled\u00ec sono stati controllati 1260 esercizi, un titolare \u00e8 stato sanzionato e 2 attivit\u00e0 sono&hellip;<\/p>\n","protected":false},"author":4,"featured_media":110918,"comment_status":"closed","ping_status":"closed","sticky":false,"template":"","format":"standard","meta":{"_monsterinsights_skip_tracking":false,"_monsterinsights_sitenote_active":false,"_monsterinsights_sitenote_note":"","_monsterinsights_sitenote_category":0,"footnotes":""},"categories":[49],"tags":[],"class_list":["post-134169","post","type-post","status-publish","format-standard","has-post-thumbnail","hentry","category-news-18","category-49","description-off"],"img_url":"https:\/\/www.radiopiu.net\/wordpress\/wp-content\/uploads\/2019\/12\/CARABINIERI-FELTRE-7.jpg","_links":{"self":[{"href":"https:\/\/www.radiopiu.net\/wordpress\/wp-json\/wp\/v2\/posts\/134169","targetHints":{"allow":["GET"]}}],"collection":[{"href":"https:\/\/www.radiopiu.net\/wordpress\/wp-json\/wp\/v2\/posts"}],"about":[{"href":"https:\/\/www.radiopiu.net\/wordpress\/wp-json\/wp\/v2\/types\/post"}],"author":[{"embeddable":true,"href":"https:\/\/www.radiopiu.net\/wordpress\/wp-json\/wp\/v2\/users\/4"}],"replies":[{"embeddable":true,"href":"https:\/\/www.radiopiu.net\/wordpress\/wp-json\/wp\/v2\/comments?post=134169"}],"version-history":[{"count":0,"href":"https:\/\/www.radiopiu.net\/wordpress\/wp-json\/wp\/v2\/posts\/134169\/revisions"}],"wp:featuredmedia":[{"embeddable":true,"href":"https:\/\/www.radiopiu.net\/wordpress\/wp-json\/wp\/v2\/media\/110918"}],"wp:attachment":[{"href":"https:\/\/www.radiopiu.net\/wordpress\/wp-json\/wp\/v2\/media?parent=134169"}],"wp:term":[{"taxonomy":"category","embeddable":true,"href":"https:\/\/www.radiopiu.net\/wordpress\/wp-json\/wp\/v2\/categories?post=134169"},{"taxonomy":"post_tag","embeddable":true,"href":"https:\/\/www.radiopiu.net\/wordpress\/wp-json\/wp\/v2\/tags?post=134169"}],"curies":[{"name":"wp","href":"https:\/\/api.w.org\/{rel}","templated":true}]}}