{"id":134178,"date":"2020-04-30T17:01:59","date_gmt":"2020-04-30T15:01:59","guid":{"rendered":"https:\/\/www.radiopiu.net\/wordpress\/?p=134178"},"modified":"2020-04-30T17:04:34","modified_gmt":"2020-04-30T15:04:34","slug":"1-maggio-la-video-conferenza-con-le-segreteria-cgil-cisl-uil-belluno","status":"publish","type":"post","link":"https:\/\/www.radiopiu.net\/wordpress\/1-maggio-la-video-conferenza-con-le-segreteria-cgil-cisl-uil-belluno\/","title":{"rendered":"1 MAGGIO, LA VIDEO CONFERENZA CON LE SEGRETERIA CGIL-CISL-UIL BELLUNO"},"content":{"rendered":"<p><strong><a class=\"dt-pswp-item\" href=\"https:\/\/www.radiopiu.net\/wordpress\/wp-content\/uploads\/2020\/04\/0a822607-5254-4e8e-88c0-601cd6bef271.jpg\" data-dt-img-description=\"\" data-large_image_width=\"1600\" data-large_image_height=\"903\"><img loading=\"lazy\" decoding=\"async\" class=\"wp-image-134211 alignleft\" src=\"https:\/\/www.radiopiu.net\/wordpress\/wp-content\/uploads\/2020\/04\/0a822607-5254-4e8e-88c0-601cd6bef271-1024x578.jpg\" alt=\"\" width=\"312\" height=\"176\" srcset=\"https:\/\/www.radiopiu.net\/wordpress\/wp-content\/uploads\/2020\/04\/0a822607-5254-4e8e-88c0-601cd6bef271-1024x578.jpg 1024w, https:\/\/www.radiopiu.net\/wordpress\/wp-content\/uploads\/2020\/04\/0a822607-5254-4e8e-88c0-601cd6bef271-300x169.jpg 300w, https:\/\/www.radiopiu.net\/wordpress\/wp-content\/uploads\/2020\/04\/0a822607-5254-4e8e-88c0-601cd6bef271-768x433.jpg 768w, https:\/\/www.radiopiu.net\/wordpress\/wp-content\/uploads\/2020\/04\/0a822607-5254-4e8e-88c0-601cd6bef271-1536x867.jpg 1536w, https:\/\/www.radiopiu.net\/wordpress\/wp-content\/uploads\/2020\/04\/0a822607-5254-4e8e-88c0-601cd6bef271.jpg 1600w\" sizes=\"auto, (max-width: 312px) 100vw, 312px\" \/><\/a>BELLUNO<\/strong> Il lavoro resta protagonista anche e soprattutto in occasione di questo Primo Maggio 2020, che cade nel contesto di un Paese impegnato a contrastare un\u2019emergenza sanitaria drammatica. Quest\u2019anno, come tutti sappiamo, non ci sar\u00e0 la possibilit\u00e0 di essere, come sempre, nelle piazze italiane, cos\u00ec come non potr\u00e0 svolgersi la trentesima edizione del Concertone in piazza San Giovanni a Roma. Ma il lavoro, oggi pi\u00f9 che mai, rimane al centro della riflessione, perch\u00e9 rappresenta la leva fondamentale per restituire una prospettiva credibile per il futuro del nostro Paese. Sar\u00e0 un Primo Maggio all\u2019insegna della speranza, del senso di comunit\u00e0 e dell\u2019unitariet\u00e0 di lavoratori e cittadini, quello che l\u2019Italia si appresta a celebrare. Le Segreterie territoriali di Cgil, Cisl e Uil Belluno hanno incontrato i\u00a0 giornalisti bellunesi\u00a0 in videoconferenza per riflettere sugli effetti della pandemia,\u00a0 sull\u2019economia, sul mercato del lavoro bellunese e veneto, sulle modalit\u00e0 di ripresa nella fase due, sulle politiche industriali ed economiche necessarie per il rilancio, sul diritto alla salute, allo studio, alla famiglia. In collegamento \u00a0il Segretario generale aggiunto della Cisl Belluno Treviso Rudy Roffar\u00e9, il Segretario generale della Cgil Belluno Mauro De Carli e il Segretario generale della Uil Treviso Belluno Giorgio Agnoletto.<\/p>\n<p><strong>IL DOCUMENTO<\/strong><\/p>\n<p><span style=\"color: #0000ff;\"><a style=\"color: #0000ff;\" href=\"https:\/\/www.radiopiu.net\/wordpress\/wp-content\/uploads\/2020\/04\/1-\u00b0-maggio-2020-vers-1.2.docx\">CLICCA PER LA LETTURA<\/a><\/span><\/p>\n<h3>L&#8217;INTERA CONFERENZA STAMPA<\/h3>\n<p><iframe loading=\"lazy\" title=\"1 MAGGIO LAVORO IN SICUREZZA PER COSTRUIRE IL FUTURO. CGIL CISL E UIL\" width=\"1200\" height=\"900\" src=\"https:\/\/www.youtube.com\/embed\/UZeNP6VQXek?feature=oembed\" frameborder=\"0\" allow=\"accelerometer; autoplay; clipboard-write; encrypted-media; gyroscope; picture-in-picture\" allowfullscreen><\/iframe><\/p>\n<p>&nbsp;<\/p>\n<p>&nbsp;<\/p>\n","protected":false},"excerpt":{"rendered":"<p>BELLUNO Il lavoro resta protagonista anche e soprattutto in occasione di questo Primo Maggio 2020, che cade nel contesto di un Paese impegnato a contrastare un\u2019emergenza sanitaria drammatica. Quest\u2019anno, come tutti sappiamo, non ci sar\u00e0 la possibilit\u00e0 di essere, come sempre, nelle piazze italiane, cos\u00ec come non potr\u00e0 svolgersi la trentesima edizione del Concertone in&hellip;<\/p>\n","protected":false},"author":1,"featured_media":134211,"comment_status":"closed","ping_status":"closed","sticky":false,"template":"","format":"standard","meta":{"_monsterinsights_skip_tracking":false,"_monsterinsights_sitenote_active":false,"_monsterinsights_sitenote_note":"","_monsterinsights_sitenote_category":0,"footnotes":""},"categories":[49],"tags":[],"class_list":["post-134178","post","type-post","status-publish","format-standard","has-post-thumbnail","hentry","category-news-18","category-49","description-off"],"img_url":"https:\/\/www.radiopiu.net\/wordpress\/wp-content\/uploads\/2020\/04\/0a822607-5254-4e8e-88c0-601cd6bef271.jpg","_links":{"self":[{"href":"https:\/\/www.radiopiu.net\/wordpress\/wp-json\/wp\/v2\/posts\/134178","targetHints":{"allow":["GET"]}}],"collection":[{"href":"https:\/\/www.radiopiu.net\/wordpress\/wp-json\/wp\/v2\/posts"}],"about":[{"href":"https:\/\/www.radiopiu.net\/wordpress\/wp-json\/wp\/v2\/types\/post"}],"author":[{"embeddable":true,"href":"https:\/\/www.radiopiu.net\/wordpress\/wp-json\/wp\/v2\/users\/1"}],"replies":[{"embeddable":true,"href":"https:\/\/www.radiopiu.net\/wordpress\/wp-json\/wp\/v2\/comments?post=134178"}],"version-history":[{"count":0,"href":"https:\/\/www.radiopiu.net\/wordpress\/wp-json\/wp\/v2\/posts\/134178\/revisions"}],"wp:featuredmedia":[{"embeddable":true,"href":"https:\/\/www.radiopiu.net\/wordpress\/wp-json\/wp\/v2\/media\/134211"}],"wp:attachment":[{"href":"https:\/\/www.radiopiu.net\/wordpress\/wp-json\/wp\/v2\/media?parent=134178"}],"wp:term":[{"taxonomy":"category","embeddable":true,"href":"https:\/\/www.radiopiu.net\/wordpress\/wp-json\/wp\/v2\/categories?post=134178"},{"taxonomy":"post_tag","embeddable":true,"href":"https:\/\/www.radiopiu.net\/wordpress\/wp-json\/wp\/v2\/tags?post=134178"}],"curies":[{"name":"wp","href":"https:\/\/api.w.org\/{rel}","templated":true}]}}