{"id":134361,"date":"2020-05-02T05:38:03","date_gmt":"2020-05-02T03:38:03","guid":{"rendered":"https:\/\/www.radiopiu.net\/wordpress\/?p=134361"},"modified":"2020-05-02T13:02:00","modified_gmt":"2020-05-02T11:02:00","slug":"giornale-radiopiu-02-maggio-2020-direttore-mirko-mezzacasa","status":"publish","type":"post","link":"https:\/\/www.radiopiu.net\/wordpress\/giornale-radiopiu-02-maggio-2020-direttore-mirko-mezzacasa\/","title":{"rendered":"GIORNALE RADIOPIU 02 MAGGIO 2020 DIRETTORE MIRKO MEZZACASA"},"content":{"rendered":"<h3><strong>PER RICEVERE QUESTO NOTIZIARIO DIRETTAMENTE SUL TUO CELLULARE ISCRIVITI AL CANALE TELEGRAM\u00a0<\/strong><strong>\u201cRADIO PIU\u00a0 INFORMAZIONE\u201d<\/strong><\/h3>\n<p>&nbsp;<\/p>\n<hr \/>\n<p>&nbsp;<\/p>\n<p><strong>CHIUDE PONTE MAS, FINO AL 30 GIUGNO PER I LAVORI DI CONSOLIDAMENTO:<\/strong>\u00a0Da luned\u00ec al\u00a0 30 giugno sar\u00e0 chiuso sia alle macchine sia ai pedoni il collegamento principale tra i comuni di Sospirolo e Sedico.\u00a0 L\u2019intera struttura subir\u00e0 notevoli lavori di risistemazione. Un intervento urgente, specie in seguito ai danni subiti dalla piena del torrente durante Vaia.Verr\u00e0 allargata la sede stradale, sul lato sud \u00e8 programmata l\u2019installazione della passerella pedonale. Dell\u2019attuale ponte rester\u00e0 solo la struttura portante. Percorso alternativo: da Ponte Mas a Vignole in Comune di Sedico.<\/p>\n<p>&nbsp;<\/p>\n<hr \/>\n<p>&nbsp;<\/p>\n<p><strong>Gestione Servizi Pubblici informa che, per lavori alla rete idrica comunale, lunedi dalle ore 08:00 fino a fine lavori verr\u00e0 sospesa l\u2019erogazione dell\u2019acqua a FALCADE nelle VIE SAN DONAE, PIODEGA, SALPIAN, SILVIO DE BIASIO, PADRE FELICE CAPPELLO, DANILO BUSIN e TRENTO (Civici dal 18 al 90).<\/strong><\/p>\n<p>&nbsp;<\/p>\n<p>&nbsp;<\/p>\n<hr \/>\n<p>&nbsp;<\/p>\n<p><strong>Anche ieri 1 maggio il Gruppo Alpini Caviola Protezione Civile Cime D&#8217;Auta di servizio all&#8217;ospedale di Belluno!<\/strong><\/p>\n\n\t\t\t<style type='text\/css'>\n\t\t\t\t#gallery-1 {\n\t\t\t\t\tmargin: auto;\n\t\t\t\t}\n\t\t\t\t#gallery-1 .gallery-item {\n\t\t\t\t\tfloat: left;\n\t\t\t\t\tmargin-top: 10px;\n\t\t\t\t\ttext-align: center;\n\t\t\t\t\twidth: 25%;\n\t\t\t\t}\n\t\t\t\t#gallery-1 img {\n\t\t\t\t\tborder: 2px solid #cfcfcf;\n\t\t\t\t}\n\t\t\t\t#gallery-1 .gallery-caption {\n\t\t\t\t\tmargin-left: 0;\n\t\t\t\t}\n\t\t\t\t\/* see gallery_shortcode() in wp-includes\/media.php *\/\n\t\t\t<\/style>\n\t\t<div id='gallery-1' class='dt-gallery-container gallery galleryid-134361 gallery-columns-4 gallery-size-thumbnail'><dl class='gallery-item'>\n\t\t\t\t<dt class='gallery-icon portrait'>\n\t\t\t\t\t<a class=\"rollover\" href='https:\/\/www.radiopiu.net\/wordpress\/giornale-radiopiu-02-maggio-2020-direttore-mirko-mezzacasa\/95053056_251302905926334_8122411909883363328_n\/'><img loading=\"lazy\" decoding=\"async\" width=\"150\" height=\"150\" src=\"https:\/\/www.radiopiu.net\/wordpress\/wp-content\/uploads\/2020\/05\/95053056_251302905926334_8122411909883363328_n-150x150.jpg\" class=\"attachment-thumbnail size-thumbnail\" alt=\"\" \/><\/a>\n\t\t\t\t<\/dt><\/dl><dl class='gallery-item'>\n\t\t\t\t<dt class='gallery-icon portrait'>\n\t\t\t\t\t<a class=\"rollover\" href='https:\/\/www.radiopiu.net\/wordpress\/giornale-radiopiu-02-maggio-2020-direttore-mirko-mezzacasa\/95176002_242379460447763_4931675689163161600_n\/'><img loading=\"lazy\" decoding=\"async\" width=\"150\" height=\"150\" src=\"https:\/\/www.radiopiu.net\/wordpress\/wp-content\/uploads\/2020\/05\/95176002_242379460447763_4931675689163161600_n-150x150.jpg\" class=\"attachment-thumbnail size-thumbnail\" alt=\"\" \/><\/a>\n\t\t\t\t<\/dt><\/dl><dl class='gallery-item'>\n\t\t\t\t<dt class='gallery-icon portrait'>\n\t\t\t\t\t<a class=\"rollover\" href='https:\/\/www.radiopiu.net\/wordpress\/giornale-radiopiu-02-maggio-2020-direttore-mirko-mezzacasa\/95452991_1123703534695712_7036131220920467456_n\/'><img loading=\"lazy\" decoding=\"async\" width=\"150\" height=\"150\" src=\"https:\/\/www.radiopiu.net\/wordpress\/wp-content\/uploads\/2020\/05\/95452991_1123703534695712_7036131220920467456_n-150x150.jpg\" class=\"attachment-thumbnail size-thumbnail\" alt=\"\" \/><\/a>\n\t\t\t\t<\/dt><\/dl><dl class='gallery-item'>\n\t\t\t\t<dt class='gallery-icon portrait'>\n\t\t\t\t\t<a class=\"rollover\" href='https:\/\/www.radiopiu.net\/wordpress\/giornale-radiopiu-02-maggio-2020-direttore-mirko-mezzacasa\/95382506_911992662596343_25486018106884096_n\/'><img loading=\"lazy\" decoding=\"async\" width=\"150\" height=\"150\" src=\"https:\/\/www.radiopiu.net\/wordpress\/wp-content\/uploads\/2020\/05\/95382506_911992662596343_25486018106884096_n-150x150.jpg\" class=\"attachment-thumbnail size-thumbnail\" alt=\"\" \/><\/a>\n\t\t\t\t<\/dt><\/dl><br style=\"clear: both\" \/><dl class='gallery-item'>\n\t\t\t\t<dt class='gallery-icon portrait'>\n\t\t\t\t\t<a class=\"rollover\" href='https:\/\/www.radiopiu.net\/wordpress\/giornale-radiopiu-02-maggio-2020-direttore-mirko-mezzacasa\/95559572_536771500249037_1398363084388564992_n\/'><img loading=\"lazy\" decoding=\"async\" width=\"150\" height=\"150\" src=\"https:\/\/www.radiopiu.net\/wordpress\/wp-content\/uploads\/2020\/05\/95559572_536771500249037_1398363084388564992_n-150x150.jpg\" class=\"attachment-thumbnail size-thumbnail\" alt=\"\" \/><\/a>\n\t\t\t\t<\/dt><\/dl><dl class='gallery-item'>\n\t\t\t\t<dt class='gallery-icon landscape'>\n\t\t\t\t\t<a class=\"rollover\" href='https:\/\/www.radiopiu.net\/wordpress\/giornale-radiopiu-02-maggio-2020-direttore-mirko-mezzacasa\/95797321_1564855227015119_2854384189170515968_n\/'><img loading=\"lazy\" decoding=\"async\" width=\"150\" height=\"150\" src=\"https:\/\/www.radiopiu.net\/wordpress\/wp-content\/uploads\/2020\/05\/95797321_1564855227015119_2854384189170515968_n-150x150.jpg\" class=\"attachment-thumbnail size-thumbnail\" alt=\"\" \/><\/a>\n\t\t\t\t<\/dt><\/dl><dl class='gallery-item'>\n\t\t\t\t<dt class='gallery-icon portrait'>\n\t\t\t\t\t<a class=\"rollover\" href='https:\/\/www.radiopiu.net\/wordpress\/giornale-radiopiu-02-maggio-2020-direttore-mirko-mezzacasa\/95592217_235769660820508_9149434303703154688_n\/'><img loading=\"lazy\" decoding=\"async\" width=\"150\" height=\"150\" src=\"https:\/\/www.radiopiu.net\/wordpress\/wp-content\/uploads\/2020\/05\/95592217_235769660820508_9149434303703154688_n-150x150.jpg\" class=\"attachment-thumbnail size-thumbnail\" alt=\"\" \/><\/a>\n\t\t\t\t<\/dt><\/dl><dl class='gallery-item'>\n\t\t\t\t<dt class='gallery-icon portrait'>\n\t\t\t\t\t<a class=\"rollover\" href='https:\/\/www.radiopiu.net\/wordpress\/giornale-radiopiu-02-maggio-2020-direttore-mirko-mezzacasa\/95656214_2499763147004402_919165680434020352_n\/'><img loading=\"lazy\" decoding=\"async\" width=\"150\" height=\"150\" src=\"https:\/\/www.radiopiu.net\/wordpress\/wp-content\/uploads\/2020\/05\/95656214_2499763147004402_919165680434020352_n-150x150.jpg\" class=\"attachment-thumbnail size-thumbnail\" alt=\"\" \/><\/a>\n\t\t\t\t<\/dt><\/dl><br style=\"clear: both\" \/>\n\t\t\t<\/div>\n\n<p>&nbsp;<\/p>\n<hr \/>\n<p>&nbsp;<\/p>\n<p><a class=\"dt-pswp-item\" href=\"https:\/\/www.radiopiu.net\/wordpress\/wp-content\/uploads\/2020\/05\/cf406f4a-2637-4dba-821e-9fab91490862.jpg\" data-dt-img-description=\"\" data-large_image_width=\"960\" data-large_image_height=\"646\"><img loading=\"lazy\" decoding=\"async\" class=\"wp-image-134455 alignleft\" src=\"https:\/\/www.radiopiu.net\/wordpress\/wp-content\/uploads\/2020\/05\/cf406f4a-2637-4dba-821e-9fab91490862-300x202.jpg\" alt=\"\" width=\"206\" height=\"139\" srcset=\"https:\/\/www.radiopiu.net\/wordpress\/wp-content\/uploads\/2020\/05\/cf406f4a-2637-4dba-821e-9fab91490862-300x202.jpg 300w, https:\/\/www.radiopiu.net\/wordpress\/wp-content\/uploads\/2020\/05\/cf406f4a-2637-4dba-821e-9fab91490862-768x517.jpg 768w, https:\/\/www.radiopiu.net\/wordpress\/wp-content\/uploads\/2020\/05\/cf406f4a-2637-4dba-821e-9fab91490862.jpg 960w\" sizes=\"auto, (max-width: 206px) 100vw, 206px\" \/><\/a><strong>Anche ieri il 1\u00ba maggio i Pompieri volontari di Caprile erano al lavoro! Infatti, \u00e8 stato consegnato materiale didattico e attrezzature per la didattica a distanza a tutti i bambini della scuola primaria di Alleghe e Rocca Pietore.<\/strong><\/p>\n<p>&nbsp;<\/p>\n<p>&nbsp;<\/p>\n<p>&nbsp;<\/p>\n<p>&nbsp;<\/p>\n<hr \/>\n<p>&nbsp;<\/p>\n<h3 style=\"text-align: center;\">LA DEPOSIZIONE DELLA CORONA DI FIORI PER LA FESTA DEL LAVORO ALLA SEDE INAIL DI ROMA DA PARTE DEL PRESIDENTE DELLA REPUBBLICA<\/h3>\n<p><iframe loading=\"lazy\" title=\"1\u00b0 Maggio: Deposizione di una corona di fiori per la Festa del Lavoro alla sede INAIL di Roma\" width=\"1200\" height=\"675\" src=\"https:\/\/www.youtube.com\/embed\/FBRzPzlALJs?feature=oembed\" frameborder=\"0\" allow=\"accelerometer; autoplay; clipboard-write; encrypted-media; gyroscope; picture-in-picture\" allowfullscreen><\/iframe><\/p>\n<p>&nbsp;<\/p>\n<hr \/>\n<p>&#x1f5de; <strong>RIEPILOGO DELLA GIORNATA<\/strong>\u00a0 \u2022 Salgono a <strong>207.428 i casi totali <\/strong>in Italia, con un aumento dei positivi di 1.965 nelle ultime 24 ore. Nel bollettino diffuso oggi dalla Protezione civile <strong>si registrano altri 269 decessi<\/strong>, che portano il totale delle persone decedute nel nostro Paese per il Covid-19 a\u00a0<strong>28.236<\/strong>; \u2022 Primo maggio <strong>senza lavoro:<\/strong> da nord a sud le proteste di <strong>artigiani e commercianti<\/strong>, &#8220;Vogliamo ripartire&#8221;;\u00a0 \u2022 &#8220;<strong>Finalmente si riparte<\/strong>&#8220;, ma guai ad archiviare &#8220;l&#8217;<strong>angoscia delle settimane precedenti<\/strong>&#8220;: cos\u00ec<strong> Mattarella<\/strong> nel suo messaggio per il 1 maggio; \u2022 Esteri, <strong>Trump non rinnova le restrizioni<\/strong>: al via la riapertura in 30 stati.<\/p>\n<p>&nbsp;<\/p>\n<p>&nbsp;<\/p>\n<h2>LA MASCHERINA NON E&#8217; UN AMULETO, MA IL MEZZO PER PROTEGGERSI ED EVITARE IL RITORNO DEL VIRUS. NEL GIORNO DELLA FESTA DEL LAVORO LA RIFLESSIONE SUI POSTI DI LAVORO PERSI, ALMENO 50 MILA IN VENETO CON IL SETTORE TURISTICO IN GINOCCHIO MENTRE LA CROAZIA APRE CORRIDOI SICURI VERSO I CLIENTI CHE AFFOLLAVANO SPIAGGE E MONTAGNE VENETE.<\/h2>\n<p><strong>di Mirko Mezzacasa\u00a0<\/strong><\/p>\n<p>Calano i numeri dei ricoveri anche nelle terapie intensive, aumentano i guariti ed anche i decessi, ieri dimezzati rispetto ai giorni precedenti tanto in Italia che nel Veneto. Nei dati nazionali netta diminuzione anche dei contagi negli ultimi giorni. Che la luce in fondo al tunnel si cominci a vedere \u00e8 ormai assodato ma gli inviti alla prudenza sono quotidiani. Infatti se la curva decresce e l&#8217; Rt risulta minore di 1 in tutta Italia questa \u00e8 considerata ancora una fase di epidemia. Se il numero dei casi e di sintomatici decresce \u00e8 una diretta conseguenza delle misure adottate, soprattutto dell&#8217;adesione dei cittadini. Si \u00e8 ridotto il numero di zone rosse rispetto alla settimana scorsa. Se ne contano in 74 comuni italiani di 7 regioni e molte di queste verranno smantellate nei prossimi giorni. I casi Covid positivi attribuibili a individui di nazionalit\u00e0 straniera sono 6395, pari al 5,1 per cento del totale. Il numero pi\u00f9 alto di morti si concentra nella popolazione over 60, in particolare nella fascia di et\u00e0 80-89: 10.241, pari al 40,6 per cento di tutti i decessi. Nella maggior parte dei casi questi pazienti presentavano gi\u00e0 due (20,9 per cento) o tre o pi\u00f9 patologie (63 per cento). In Veneto il presidente Luca Zaia ha informato che intende acquistare altre tre macchine per oltre 750mila euro per tamponi a Treviso, Vicenza e Venezia, macchine americane che oggi in Italia hanno solamente gli ospedali della Regione. Esamineranno 27mila tamponi al giorno,\u00a0 \u00a0l&#8217;obiettivo ambizioso \u00e8 di raggiungere i 50.000 test quotidiani. Il fattore limitante poi sar\u00e0 chi processa i tamponi. A livello nazionale per le riaperture c&#8217;\u00e8 l&#8217;intenzione di imporre degli identificatori per un eventuale ritorno alla quarantena. E&#8217; gi\u00e0 partita la contestazione al parametro del numero dei contagiati, il virtuoso che fa pi\u00f9 tamponi come il Veneto \u00e8 danneggiato visto che le aziende sanitarie sono in grado di testare un decimo della popolazione veneta, nessuno\u00a0 riesce a fare tanto.\u00a0 Da Venezia \u00e8 stato ribadito che le ordinanze emesse non saranno ritirate ma\u00a0 rinnovate senza\u00a0 andare in contrapposizione ai DPCM governativi. Lunedi\u00a0 un milione di lavoratori torneranno al lavoro e molti minorenni saranno lasciati da soli perch\u00e9 le scuole sono ovviamente chiuse la famosa misura urgente e straordinaria per aiutare le famiglie non ha ancora trovato concretezza. Il Veneto \u00e8 per\u00f2 pronto a\u00a0 mettere in piedi un network di diverse strutture: centri estivi, strutture private, strutture sportive, asili privati, per gestire i minori che hanno necessit\u00e0 mentre i genitori lavorano: un atto di civilt\u00e0. Nel giorno del 1 maggio la riflessione: con questa crisi il Veneto perde 50mila posti di lavoro, compresi gli studenti che avevano programmato la stagione per pagarsi gli studi. Il turismo\u00a0 e servizi alle persone \u00e8 il mondo che soffre di pi\u00f9, solo il settore turistico perde 35mila posti di lavoro. A proposito di turismo chi gode della situazione \u00e8 la Croazia che ha creato corridoi verso la Germania e l&#8217;Austria \u00a0per le vacanze definite sicure. Ai\u00a0 tedeschi \u00e8 stato anche imposto\u00a0 di non programmare vacanze fino al 15 giugno e di mezzo c&#8217;\u00e8 la Pentecoste. Riaperture, il Veneto si dichiara pronto ad aprire tutto gi\u00e0 dal 4 maggio su certificazioni solide del comitato scientifico. <em>&#8220;Possiamo affrontare qualsiasi apertura &#8211; ha detto Zaia &#8211;\u00a0 pero&#8217; tutti devono capire che non \u00e8 finita e stiamo convivendo con il virus che prima o poi se ne andr\u00e0 per ricomparire nella stagione autunnale dove schiereremo l&#8217;artiglieria. La mascherina sar\u00e0 importante e fondamentale, che nessuno non inizi ad accarezzare l&#8217;idea che tutto \u00e8 finito. Quando\u00a0 eventualmente cresceranno i ricoveri si dovr\u00e0 ri applicare le restrizioni. Si va verso le riaperture differenziate. <\/em>Con le riaperture di lunedi un altro problema importante sar\u00e0 quello del trasporto pubblico Con \u00a0il distanziamento\u00a0 sociale si prevede la met\u00e0 del carico sui treni e un terzo sugli autobus. Triplicare i mezzi \u00e8 impossibile non ce ne sono a sufficienza, si ipotizzano variazioni\u00a0 degli orari di lavoro. VENETO\u00a0 Ieri in 12 ore sono stati scovati con il tampone altri 41 positivi (+125 in 24 ore) ma regge il Cluster di Vo dove anche oggi si conta un attualmente positivo in meno (4), da lunedi inizier\u00e0 il terzo giro di tamponi con gli studi del professor Crisanti. Negli\u00a0 ospedali 14 pazienti in meno, invariato il dato della terapia intensiva 110 come giovedi sera. In ospedale 1083 pazienti. Attualmente positivi 7694, deceduti 1486, negativizzati 8959 in isolamento fiduciario 7182. Ieri\u00a0 10 decessi\u00a0 per un totale di 1.486 (ospedali e Rsa). Guariti 8.959 (+940). Ricoverati 1083 in area non critica, 26 in meno di giovedi ( sono compresi i 119 degli ospedali di comunit\u00e0). BELLUNO In provincia due decessi anche ieri, un paziente in meno nell\u2019ospedale di comunit\u00e0 (18), e due in meno al San Martino (34). Invariato il dato di Agordo (26). Totale positivi da inizio epidemia 1118, attualmente positivi 635, deceduti totale 81 (dato totale), negativizzati 402 (- 28 rispetto a giovedi)<\/p>\n<p><span style=\"color: #ff0000;\">FOTO COPERTINA DALLA PAGINA FACEBOOK ULSS1.<\/span><\/p>\n<p>&nbsp;<\/p>\n<p>&nbsp;<\/p>\n<hr \/>\n<p>&nbsp;<\/p>\n<p>&nbsp;<\/p>\n<blockquote class=\"wp-embedded-content\" data-secret=\"LpOmy7N52E\"><p><a href=\"https:\/\/www.radiopiu.net\/wordpress\/aggiornamento-delle-17-in-12-ore-da-questa-mattina-41-positivi-in-piu-e-altri-4-decessi\/\">AGGIORNAMENTO DELLE 17, in 12 ore da questa mattina 41 positivi in pi\u00f9 e altri 5 decessi<\/a><\/p><\/blockquote>\n<p><iframe loading=\"lazy\" title=\"&#8220;AGGIORNAMENTO DELLE 17, in 12 ore da questa mattina 41 positivi in pi\u00f9 e altri 5 decessi&#8221; &#8212; Radio Pi\u00f9\" class=\"wp-embedded-content\" sandbox=\"allow-scripts\" security=\"restricted\" style=\"position: absolute; clip: rect(1px, 1px, 1px, 1px);\" src=\"https:\/\/www.radiopiu.net\/wordpress\/aggiornamento-delle-17-in-12-ore-da-questa-mattina-41-positivi-in-piu-e-altri-4-decessi\/embed\/#?secret=LpOmy7N52E\" data-secret=\"LpOmy7N52E\" width=\"600\" height=\"338\" frameborder=\"0\" marginwidth=\"0\" marginheight=\"0\" scrolling=\"no\"><\/iframe><\/p>\n<p>&nbsp;<\/p>\n<hr \/>\n<p>&nbsp;<\/p>\n<p>&nbsp;<\/p>\n<p>&nbsp;<\/p>\n<blockquote>\n<h3>DUE DECESSI NEGLI OSPEDALI BELLUNESI IERI<\/h3>\n<\/blockquote>\n<p><strong><a class=\"dt-pswp-item\" href=\"https:\/\/www.radiopiu.net\/wordpress\/wp-content\/uploads\/2020\/03\/covid-ulss.jpg\" data-dt-img-description=\"\" data-large_image_width=\"800\" data-large_image_height=\"600\"><img loading=\"lazy\" decoding=\"async\" class=\" wp-image-121260 alignleft\" src=\"https:\/\/www.radiopiu.net\/wordpress\/wp-content\/uploads\/2020\/03\/covid-ulss-300x225.jpg\" alt=\"\" width=\"199\" height=\"149\" srcset=\"https:\/\/www.radiopiu.net\/wordpress\/wp-content\/uploads\/2020\/03\/covid-ulss-300x225.jpg 300w, https:\/\/www.radiopiu.net\/wordpress\/wp-content\/uploads\/2020\/03\/covid-ulss-768x576.jpg 768w, https:\/\/www.radiopiu.net\/wordpress\/wp-content\/uploads\/2020\/03\/covid-ulss.jpg 800w\" sizes=\"auto, (max-width: 199px) 100vw, 199px\" \/><\/a>BELLUNO<\/strong> Nelle ultime ore sono due i decessi negli ospedali bellunesi. Nella notte tra il 30 aprile e il 1 maggio ci ha lasciato una donna di 81 anni ricoverata in Malattie Infettive COVID dell&#8217;ospedale di Belluno. Nella giornata di ieri un&#8217;altra donna \u00e8 volata in cielo. Una nonna di 89 anni ricoverata in Medicina COVID a bassa intensit\u00e0 dell&#8217;ospedale di comunit\u00e0 a Belluno<\/p>\n<p><strong>65 DECESSI NEGLI OSPEDALI BELLUNESI DAL 21 FEBBRAIO<\/strong> Ospedale San Martino di Belluno 46 (+1), Feltre 6, B Ospedale di Comunit\u00e0 11 (+1), Agordo 1 e Pieve di Cadore 1.<\/p>\n<p><strong>BELLUNO<\/strong> Un paziente in meno nell\u2019ospedale di comunit\u00e0 (18), e due in meno al San Martino (34). Invariato il dato di Agordo (26). Totale positivi da inizio epidemia 1118, attualmente positivi 635, deceduti totale 81, negativizzati 402 in isolamento 1128. 7 positivi in pi\u00f9 nelle ultime 12 ore, +9 nelle ultime 24 ore.<\/p>\n<p>&nbsp;<\/p>\n<p>&nbsp;<\/p>\n<hr \/>\n<p>&nbsp;<\/p>\n<blockquote>\n<h3>AGGIORNAMENTO ULSS 1 DOLOMITI 01 MAGGIO 2020<\/h3>\n<\/blockquote>\n<p><strong>BELLUNO<\/strong>\u00a0GLI AGGIORNAMENTI DALLA ULSS 1 DOLOMITI<\/p>\n<p><strong>SORVEGLIANZA SANITARIA COVID-19\u00a0<\/strong>Numero totale tamponi effettuati per ricerca nCoV al 01 maggio 2020\u00a0<strong>19.070 (+ 17)\u00a0<\/strong>Persone residenti in Ulss Dolomiti in isolamento domiciliare fiduciario e sorveglianza attiva al 01 maggio 2020:<strong> 1.096<\/strong><b>\u00a0(- 28 rispetto ieri)\u00a0<\/b>Alcuni tamponi sono stati effettuati pi\u00f9 volte sulle stesse persone<\/p>\n<p><a class=\"dt-pswp-item\" href=\"https:\/\/www.radiopiu.net\/wordpress\/wp-content\/uploads\/2020\/05\/Schermata-2020-05-01-alle-18.56.13.png\" data-dt-img-description=\"\" data-large_image_width=\"1352\" data-large_image_height=\"1954\"><img loading=\"lazy\" decoding=\"async\" class=\"alignnone wp-image-134495 \" src=\"https:\/\/www.radiopiu.net\/wordpress\/wp-content\/uploads\/2020\/05\/Schermata-2020-05-01-alle-18.56.13-709x1024.png\" alt=\"\" width=\"277\" height=\"400\" srcset=\"https:\/\/www.radiopiu.net\/wordpress\/wp-content\/uploads\/2020\/05\/Schermata-2020-05-01-alle-18.56.13-709x1024.png 709w, https:\/\/www.radiopiu.net\/wordpress\/wp-content\/uploads\/2020\/05\/Schermata-2020-05-01-alle-18.56.13-208x300.png 208w, https:\/\/www.radiopiu.net\/wordpress\/wp-content\/uploads\/2020\/05\/Schermata-2020-05-01-alle-18.56.13-768x1110.png 768w, https:\/\/www.radiopiu.net\/wordpress\/wp-content\/uploads\/2020\/05\/Schermata-2020-05-01-alle-18.56.13-1063x1536.png 1063w, https:\/\/www.radiopiu.net\/wordpress\/wp-content\/uploads\/2020\/05\/Schermata-2020-05-01-alle-18.56.13.png 1352w\" sizes=\"auto, (max-width: 277px) 100vw, 277px\" \/><\/a><\/p>\n<p>&nbsp;<\/p>\n<p>&nbsp;<\/p>\n<hr \/>\n<p>&nbsp;<\/p>\n<blockquote class=\"wp-embedded-content\" data-secret=\"LAmMR7EHGq\"><p><a href=\"https:\/\/www.radiopiu.net\/wordpress\/aggiornamento-assessorato-protezione-civile-01-maggio-2020\/\">AGGIORNAMENTO ASSESSORATO PROTEZIONE CIVILE 01 MAGGIO 2020<\/a><\/p><\/blockquote>\n<p><iframe loading=\"lazy\" title=\"&#8220;AGGIORNAMENTO ASSESSORATO PROTEZIONE CIVILE 01 MAGGIO 2020&#8221; &#8212; Radio Pi\u00f9\" class=\"wp-embedded-content\" sandbox=\"allow-scripts\" security=\"restricted\" style=\"position: absolute; clip: rect(1px, 1px, 1px, 1px);\" src=\"https:\/\/www.radiopiu.net\/wordpress\/aggiornamento-assessorato-protezione-civile-01-maggio-2020\/embed\/#?secret=LAmMR7EHGq\" data-secret=\"LAmMR7EHGq\" width=\"600\" height=\"338\" frameborder=\"0\" marginwidth=\"0\" marginheight=\"0\" scrolling=\"no\"><\/iframe><\/p>\n<p><strong>L&#8217;INTERVENTO DI\u00a0<\/strong><b>GIANPAOLO BOTTACIN, ASSESSORE DEL VENETO<\/b><\/p>\n<audio class=\"wp-audio-shortcode\" id=\"audio-134361-1\" preload=\"none\" style=\"width: 100%;\" controls=\"controls\"><source type=\"audio\/mpeg\" src=\"https:\/\/www.radiopiu.net\/wordpress\/wp-content\/uploads\/2020\/05\/bottacin-01-maggio.mp3?_=1\" \/><a href=\"https:\/\/www.radiopiu.net\/wordpress\/wp-content\/uploads\/2020\/05\/bottacin-01-maggio.mp3\">https:\/\/www.radiopiu.net\/wordpress\/wp-content\/uploads\/2020\/05\/bottacin-01-maggio.mp3<\/a><\/audio>\n<p>&nbsp;<\/p>\n<p>&nbsp;<\/p>\n<hr \/>\n<p>&nbsp;<\/p>\n<blockquote>\n<h3>DATI E GRAFICI DEL GIORNO, PROVINCIA \u2013 REGIONE 01 MAGGIO 2020<\/h3>\n<\/blockquote>\n<p><strong>Con la collaborazione di Tiziano De Col<\/strong><\/p>\n<p>La Provincia di Belluno fa segnare ancora un incremento giornaliero ma nelle ultime 24 ore tra i pi\u00f9 bassi delle provincie venete, resta invece il pi\u00f9 alto della Regione il rapporto contagi\/popolazione<\/p>\n<p><a class=\"dt-pswp-item\" href=\"https:\/\/www.radiopiu.net\/wordpress\/wp-content\/uploads\/2020\/05\/Schermata-2020-05-01-alle-19.44.21.png\" data-dt-img-description=\"\" data-large_image_width=\"728\" data-large_image_height=\"450\"><img loading=\"lazy\" decoding=\"async\" class=\"alignnone size-medium wp-image-134513\" src=\"https:\/\/www.radiopiu.net\/wordpress\/wp-content\/uploads\/2020\/05\/Schermata-2020-05-01-alle-19.44.21-300x185.png\" alt=\"\" width=\"300\" height=\"185\" srcset=\"https:\/\/www.radiopiu.net\/wordpress\/wp-content\/uploads\/2020\/05\/Schermata-2020-05-01-alle-19.44.21-300x185.png 300w, https:\/\/www.radiopiu.net\/wordpress\/wp-content\/uploads\/2020\/05\/Schermata-2020-05-01-alle-19.44.21.png 728w\" sizes=\"auto, (max-width: 300px) 100vw, 300px\" \/><\/a><a class=\"dt-pswp-item\" href=\"https:\/\/www.radiopiu.net\/wordpress\/wp-content\/uploads\/2020\/05\/0696b5d7-0493-48c3-a5a9-f703b320aee2.jpg\" data-dt-img-description=\"\" data-large_image_width=\"640\" data-large_image_height=\"374\"><img loading=\"lazy\" decoding=\"async\" class=\"alignnone size-medium wp-image-134514\" src=\"https:\/\/www.radiopiu.net\/wordpress\/wp-content\/uploads\/2020\/05\/0696b5d7-0493-48c3-a5a9-f703b320aee2-300x175.jpg\" alt=\"\" width=\"300\" height=\"175\" srcset=\"https:\/\/www.radiopiu.net\/wordpress\/wp-content\/uploads\/2020\/05\/0696b5d7-0493-48c3-a5a9-f703b320aee2-300x175.jpg 300w, https:\/\/www.radiopiu.net\/wordpress\/wp-content\/uploads\/2020\/05\/0696b5d7-0493-48c3-a5a9-f703b320aee2.jpg 640w\" sizes=\"auto, (max-width: 300px) 100vw, 300px\" \/><\/a><a class=\"dt-pswp-item\" href=\"https:\/\/www.radiopiu.net\/wordpress\/wp-content\/uploads\/2020\/05\/9ba945c7-7539-4bdb-b4f6-ddabcefe7b6c.jpg\" data-dt-img-description=\"\" data-large_image_width=\"566\" data-large_image_height=\"447\"><img loading=\"lazy\" decoding=\"async\" class=\"alignnone size-medium wp-image-134515\" src=\"https:\/\/www.radiopiu.net\/wordpress\/wp-content\/uploads\/2020\/05\/9ba945c7-7539-4bdb-b4f6-ddabcefe7b6c-300x237.jpg\" alt=\"\" width=\"300\" height=\"237\" srcset=\"https:\/\/www.radiopiu.net\/wordpress\/wp-content\/uploads\/2020\/05\/9ba945c7-7539-4bdb-b4f6-ddabcefe7b6c-300x237.jpg 300w, https:\/\/www.radiopiu.net\/wordpress\/wp-content\/uploads\/2020\/05\/9ba945c7-7539-4bdb-b4f6-ddabcefe7b6c.jpg 566w\" sizes=\"auto, (max-width: 300px) 100vw, 300px\" \/><\/a><\/p>\n<p>&nbsp;<\/p>\n<p>&nbsp;<\/p>\n<hr \/>\n<p>&nbsp;<\/p>\n<blockquote>\n<h3>SITUAZIONE TAMPONI E INFETTI AL 30 APRILE IN ITALIA<\/h3>\n<\/blockquote>\n<p><strong>RADIO PIU&#8217;<\/strong> Con la fine del mese di aprile pubblichiamo il punto della situazione in Italia per quanto riguarda il Coronavirus. Nella prima tabella del Ministero della Salute si possono vedere tutti i dati, regione per regione, riguardanti i positivi, dimessi, deceduti, casi totali e tamponi. Nel secondo documento invece i numeri provincia per provincia dei contagiati al Covid-19.<\/p>\n<p><a class=\"dt-pswp-item\" href=\"https:\/\/www.radiopiu.net\/wordpress\/wp-content\/uploads\/2020\/05\/dpc-covid19-ita-scheda-regioni-20200501.jpg\" data-dt-img-description=\"\" data-large_image_width=\"1754\" data-large_image_height=\"1240\"><img loading=\"lazy\" decoding=\"async\" class=\"alignnone wp-image-134519 size-large\" src=\"https:\/\/www.radiopiu.net\/wordpress\/wp-content\/uploads\/2020\/05\/dpc-covid19-ita-scheda-regioni-20200501-1024x724.jpg\" alt=\"\" width=\"1024\" height=\"724\" srcset=\"https:\/\/www.radiopiu.net\/wordpress\/wp-content\/uploads\/2020\/05\/dpc-covid19-ita-scheda-regioni-20200501-1024x724.jpg 1024w, https:\/\/www.radiopiu.net\/wordpress\/wp-content\/uploads\/2020\/05\/dpc-covid19-ita-scheda-regioni-20200501-300x212.jpg 300w, https:\/\/www.radiopiu.net\/wordpress\/wp-content\/uploads\/2020\/05\/dpc-covid19-ita-scheda-regioni-20200501-768x543.jpg 768w, https:\/\/www.radiopiu.net\/wordpress\/wp-content\/uploads\/2020\/05\/dpc-covid19-ita-scheda-regioni-20200501-1536x1086.jpg 1536w, https:\/\/www.radiopiu.net\/wordpress\/wp-content\/uploads\/2020\/05\/dpc-covid19-ita-scheda-regioni-20200501.jpg 1754w\" sizes=\"auto, (max-width: 1024px) 100vw, 1024px\" \/><\/a><\/p>\n<p><a href=\"https:\/\/www.radiopiu.net\/wordpress\/wp-content\/uploads\/2020\/05\/4_5861583112869251122.pdf\">CLICCA QUI PER CONSULTARE IL NUMERO DEI CONTAGIATI PER OGNI PROVINCIA<\/a><\/p>\n<p>&nbsp;<\/p>\n<p>&nbsp;<\/p>\n<hr \/>\n<p>&nbsp;<\/p>\n<blockquote>\n<h1>LEGGI LA CONFERENZA STAMPA DI LUCA ZAIA<\/h1>\n<\/blockquote>\n<p>&nbsp;<\/p>\n<p><strong>VENEZIA<\/strong>\u00a0Da Marghera il Presidente Luca Zaia fa il punto sull\u2019emergenza Covid-19.<\/p>\n<p><strong>CALANO I RICOVERI AUMENTANO LE DIMISSIONI<\/strong><\/p>\n<p>Tamponi 361404 (+1130), positivi 18.098 (+138), isolamento 7182 (+299). Ricoverati 1087 (-39 in 24 ore), terapia intensive 110 (-4)\u00a0 terapie intensive no covid 237 (maggiore dei respiratori coronavirus), dimessi 2641 (+34) Morti 1157 (+16 nelle 24 ore) 1479 dato cumulativo. Nati 107.<\/p>\n<h3>LEGGI LA CONFERENZA STAMPA DI LUCA ZAIA<\/h3>\n<p><em>250mila euro per ogni macchina per i tamponi, ne saranno acquistate tre. Donazioni 57 milioni, 4,5 in materiali. Totale versamenti 36,623. Ogni tampone all&#8217;azienda costa 30 euro. Assunzioni personale sanitario almeno 1000.\u00a0<\/em><\/p>\n<p><strong>TAMPONI<\/strong> Vogliamo acquistare tre macchine per Treviso, Vicenza e Venezia per fare pi\u00f9 tamponi, \u00e8 una macchina americana che oggi in Italia abbiamo solo noi. Produrranno 9000 per 3 tamponi al giorno, l&#8217;obiettivo ambizioso \u00e8 di raggiungere i 50.000 al giorno. Il fattore limitante poi sar\u00e0 chi processa i tamponi, un&#8217;artiglieria. Abbiamo chiesto a tutte le Ulss l&#8217;elenco dei formati in grado di essere autonomi nel fare i tamponi. L&#8217;operatore sar\u00e0 quindi il fattore limitante.<strong> TEST<\/strong> Abbiamo notizie di test attendibili\u00a0 al 90 % e rapidi paragonabili a quello della gravidanze o glicemia perch\u00e9 il mondo cambia. Il tampone non si fa solo per il coronavirus quindi le macchine continueranno ad essere utili. I test saranno sperimentati in Veneto.\u00a0 <strong>PARAMETRI<\/strong> A livello nazionale vogliono identificare degli identificatori per un eventuale ritorno alla quarantena. Auspichiamo che i parametri siano affrontabili. Ho contestato il parametro del numero dei contagiati, il virtuoso che fa pi\u00f9 tamponi \u00e8 danneggiato. Noi saremo in grado di testare un decimo della popolazione veneta, nessuno ci riesce a fare tanto.\u00a0 <strong>ORDINANZE<\/strong> Resto fiducioso che si capisca che quelle emesse da noi non sono in contrasto con il DPCM ma fatte con il buon senso nel rispetto del cittadino, nel momento in cui si puo&#8217; andare dal congiunto che \u00e8 anche un amico, ognuno puo&#8217; uscire di casa quindi anche per una passeggiata o attivit\u00e0 motoria nel territorio comunale in solitaria con la mascherina e tutte le attenzioni del caso per il rispetto del distanziamento sociale. Sono regole per una forma di allentamento e di aiuto verso i cittadini come l&#8217;andare nella seconda casa, da soli, solo per controllare e poi tornare a casa. Le battaglie legali non servono a nulla, non cerchiamo prove muscolari n\u00e9 per buttarla in politica, mi sembra che il Ministro Boccia abbiamo compreso le nostre volont\u00e0 e per la quasi totalit\u00e0 delle misure c&#8217;\u00e8 la possibilit\u00e0 di dimostrare l&#8217;allineamento con il DPCM le ordinanze non le ritireremo ma le rinnoveremo senza voler andare in contrapposizione al Governo. Ci contestano la vendita di fiori e piante nel mercato \u00e8 vero che non \u00e8 prevista ma \u00e8 anche vero che possono venderle i Garden e i supermarcati e non si possono vendere la mercato all&#8217;aperto perch\u00e9 riguarda solo l&#8217;agri alimentare? Oppure l&#8217;abbigliamento per bimbi. Se questa \u00e8 la contestazione rispetto al lavoro fatto siamo a buon punto. Affronteremo anche questi temi, resto convinto che le ordinanze sono corrette e danno risposte ai cittadini. <strong>LUNEDI<\/strong> Un milione di lavoratori tornano al lavoro, siamo preoccupati per i minori che non potranno essere assistiti a casa, serve una misura urgente e straordinaria, aprire tutto il 4 mattina con minori da soli a casa non \u00e8 sostenibile. <strong>SCUOLA<\/strong> Al Ministro della scuola chiedo di attivare tutte le misure possibili immaginabili compresi gli edifici scolastici, il congedo parentale da sostenere economicamente come per le baby sitter. Siamo disponibili a mettere in piedi un network di diverse strutture: centri estivi, strutture private, strutture sporive, asili privati, per gestire i minori che hanno necessit\u00e0 mentre i genitori lavorano e questo \u00e8 un atto di civilt\u00e0 <strong>APERTURE<\/strong> In progress stiamo discutendo sulle modalit\u00e0 da attuale e le scelte da portare avanti da dopo il 4 maggio. Artigiani e servizi alla persone, bar e ristoranti, discoteche, spettacoli viaggianti, sono temi che affronteremo. <strong>LAVORO<\/strong> Con questa crisi il Veneto perde 50mila posti di lavoro, compresi gli studenti che avevano programmato la stagione per pagarsi gli studi. Il turismo\u00a0 e servizi alle persone \u00e8 il mondo che soffre di pi\u00f9, il turismo perde 35mila posti di lavoro. <strong>TURISMO<\/strong>\u00a0 Fa male leggere di un ipotetico corridoio per le vacanze Germania-Austria-Croazia e che ai tedeschi sia stato imposto di non programmare vacanze fino al 15 giugno e di pezzo c&#8217;\u00e8 la Pentecoste. Dobbiamo fare promozione turistica e dire che \u00e8 la Regione pi\u00f9 sicura al mondo e ce lo riconoscono nel mondo. Noi eroghiamo prestazioni sanitarie uniche e gratuite. Stamattina l&#8217;assessore ha incontrato i venditori dell&#8217;abbigliamento e dei mercati, ma anche i lavoratori aeroportuali stagionali. <strong>VO<\/strong>Questa mattina partita la fase 3 di Vo, sierologico su cittadini su base volontaria compreso test genoma e servir\u00e0 al professor Crisanti per capire l&#8217;evoluzione sierologico, quali persone con anticorpi neutralizzanti ed eventuali mutazioni.<\/p>\n<h2><span style=\"color: #ff0000;\">DOMANDE\u00a0<\/span><\/h2>\n<p><strong>RIAPERTURE PRIMA DEL 18 MAGGIO<\/strong>\u00a0 Fondamentale la responsablit\u00e0 il Veneto puo&#8217; aprire tutto su certificazioni solide del comitato scientifico. Possiamo affrontare qualsiasi aperture pero&#8217; tutti devono capire che non \u00e8 finita a stiamo convivendo con il virus che prima o poi se ne andr\u00e0 per poi ricomparire nella stagione autunnale dove schiereremo l&#8217;artiglieria. La mascherina sar\u00e0 importante e fondamentale, che nessuno non inizi ad accarezzare l&#8217;idea che tutto \u00e8 finito. Quando crescono i ricoveri si dovr\u00e0 ri applicare le restrizioni. Si va verso le riaperture differenziate. E poi ci sono sanit\u00e0 diverse che rispondono a cure diverse, dobbiamo garantire la sanit\u00e0.<\/p>\n<p><strong>TURISMO LA CROAZIA SI E&#8217; MOSSA CON I NOSTRI CLIENTI STORICI COSA BLOCCA LA PROMOZIONE\u00a0<\/strong>c&#8217;\u00e8 il rischio di disperdere il messaggio in un mare magnun, dobbiamo uscire dai canali classici e andare dagli opinion leader capaci di comunicare. Non voglio citare nomi ma se Piero Angela facesse uno speciale su una localit\u00e0 turistica (o magari il figlio) potrebbero arrivare a determinati cittadini interessati. Poi ci sono i canali social con gli influencer che sanno fare opinione nei loro paesi. Esempio se avessimo come target gli Stati Uniti e ci fosse un opinion ledar che racconta che va in vacanza in Veneto non sarebbe irrilevante. Formentera, Ibiza, le isole della Crozia insegnano.<\/p>\n<p><strong>FRECCIA ROSSA PENALIZZATO IL VENETO\u00a0 PARTENZE NON ATTIVATE<\/strong> Non lo so l&#8217;assessore De Berti \u00e8 pi\u00f9 informato<\/p>\n<p><strong>COMITATO SCIENTIFICO ALLA LUCE DEI NUMERI?<\/strong> Non ha espresso opinioni e pareri perch\u00e9 legato a quello nazionale che ci mette il timbro anche dal punto di vista giuridico. E&#8217; una scelta nostra averlo regioanale, non tutte le regioni lo hanno quindi ci si rif\u00e0 al parere nazionale, il nostro \u00e8 di livello secondario perch\u00e9 questa \u00e8 la legge. Abbiamo chiuso il lockdown il 10 aprile con i codici Ateco e il silenzio assenso sulle aperture. Dopo 20 giorni si registrano solo cali. Quindi le aperture hanno prodotto zero impennate di contagi ed \u00e8 un dato molto positivo nel Veneto. Da qui in poi vedremo cosa accadr\u00e0.<\/p>\n<p><strong>IL 4 LA\u00a0 VARIABILE CAMBIERANNO MOLTE COSE, COSA RISPETTO A PRIMA? TRASPORTO PUBBLICO A ESEMPIO<\/strong>\u00a0Ne abbiamo parlato ci sono molte casistiche e si sono fatti accordi con le parti sociali. Portiamo avanti il distanziamento di un metro met\u00e0 del carico sui treni e un terzo sugli autobus. Triplicare i mezzi \u00e8 impossibile anche per mancanza di mezzi, dobbiamo lavorare sulle variazione degli orari di lavoro. Tutte le Regioni sono in difficolt\u00e0 e la mascherina ben portata \u00e8 un buon elemento di prevenzione, solo l&#8217; 1,3 per cento dei medici si \u00e8 infettato e il contesto lavorativo \u00e8 molto pi\u00f9 pericoloso di un autobus.<\/p>\n<p><strong>TURISMO QUANDO RIAPRONO LE FRONTIERE\u00a0<\/strong>Non si sa. l&#8217;appello va sempre al turismo domestico. Fate turismo in Italia ma anche i veneti nel Veneto per scoprire localit\u00e0 ignorate dal lago alla montagna alle terme alle citt\u00e0 murate ai colli al prosecco al Polesine. Si puo&#8217; andare a sciare d&#8217;estate in Marmolada (qui abbiamo qualche dubbio ndr).<\/p>\n<p><strong>1 MAGGIO<\/strong> Festa del lavoro atipica\u00a0 celebriamo la memoria, la storia ma anche il lavoro di chi non ce\u00a0 l&#8217;ha e spera che ritorni e riparta tutto. E&#8217; la festa dei lavoratori che hanno rischiato la vita in un&#8217;altra maniera. SI parlava di sicurezza nel lavoro mai nessuno avrebbe pensato che uscisse da un processo produttivo, oggi c&#8217;\u00e8 la questione dei lavoratori della sanit\u00e0 che hanno perso la vita o si sono ammalati. Mai avremo pensato di un primo maggio con pi\u00f9 di 100 medici in Italia 2 in Veneto che hanno perso la vita curando i cittadini. Tutti devono riflettere, il 1 maggio era l&#8217;occasione per la scampagnata, oggi per riflettere sul bene del lavoro e della sicurezza.<\/p>\n<p><strong>COSA VI ASPETTATE TRA 10 GIORNI\u00a0<\/strong> Se ci sar\u00e0 il rispetto delle indicazioni salvavita potremo pensare a una tendenza zero. Se tornano su i ricoverati e terapie intensiva significa che le regole non sono state rispettate. Se tutti rispettiamo le regole non ci infettiamo o va tendente allo zero. Per colpa di qualcuno rischiamo di rimetterci tutti. La mascherina non \u00e8 un amuleto ma un farmaco salva vita.<\/p>\n<p><strong>COSA PENSA DELLE MANIFESTAZIONI NELLE CITTA&#8217; ANCHE CON AMMINISTRATORI E L&#8217;ASSESSORE DONAZZAN <\/strong>Vanno accettate perch\u00e9 fatte in maniera civile e nel rispetto delle regole non polemizzo, sono lavoratori che chiedono di lavorare. Non ho mai visto nessuno di loro che non vuole rispettare le regole, chiedono solo di lavorare e rispettare le regole. Spero che la risposta migliore sia quella di convincere il Governo di aperture differenziate tra Regioni. Sono state proteste civile ed \u00e8 importante non siano politicizzate.<\/p>\n<p><strong>AUTONOMIA<\/strong> Perche&#8217; dobbiamo ancora dipendere da qualcuno. Non mi sono dimenticato dell&#8217;autonomia, appena finisce questa partita ricominceremo a pensarci.<\/p>\n<p>&nbsp;<\/p>\n<p>&nbsp;<\/p>\n<p>https:\/\/www.facebook.com\/zaiaufficiale\/videos\/904873849957318\/<\/p>\n<p>&nbsp;<\/p>\n<hr \/>\n<h3><\/h3>\n<h3><span style=\"font-family: Liberation Serif, serif;\">1 MAGGIO, BOND (FI): RIAPRIRE ATTIVITA\u2019 SUBITO IN CONDIZIONI GARANTITE DI SICUREZZA<\/span><\/h3>\n<p>\u201c<span style=\"font-family: Liberation Serif, serif;\">E\u2019 un primo maggio anomalo. Una ricorrenza che non possiamo considerare festa, se pensiamo alle attivit\u00e0 di molteplici settori chiuse a causa della pandemia da Covid-19 da oltre due mesi. Viviamo un clima di incertezza senza precedenti e il paradosso di un diritto guadagnato che, di fronte all\u2019imprevisto Covid-19 che minaccia la nostra salute, sembra passare in secondo piano. <span style=\"color: #363636;\">Come si fa a parlare serenamente di lavoro proprio quando molti, <\/span><span style=\"color: #363636;\">lavoratori, imprenditori, commercianti, <\/span><span style=\"color: #363636;\">per decreto sono costretti a casa senza <\/span><span style=\"color: #363636;\">poter neppure coprire i costi della loro attivit\u00e0, senza un guadagno<\/span><span style=\"color: #363636;\"> o uno stipendio? <\/span><span style=\"color: #363636;\">Oggi sono stati in tanti a manifestare questo loro diritto di lavoratori e di imprenditori con flash-mob anche virtuali.<\/span> <span style=\"color: #363636;\">Perch<\/span><span style=\"color: #363636;\">\u00e9<\/span><span style=\"color: #363636;\"> nessuno ha interesse a mettere a rischio contagio le persone, a partire dagli imprenditori. <\/span><span style=\"color: #363636;\">E<\/span>sperimenti fatti su Milano e in Lombardia dimostrano tuttavia come, anche il lavoro ambulante, possa essere svolto in sicurezza e rispettando il distanziamento. Il buon senso e la volont\u00e0 parta allora dal Governo, lasciando i Comuni liberi di organizzarsi guardando alle condizioni del loro territorio e, laddove le prescrizioni di sicurezza sono possibili, consentendo di riaprire i battenti ai vari negozi di pasticceria, parrucchieri, abbigliamento, incluso i banchetti degli ambulanti\u201d.<\/span><\/p>\n<p>&nbsp;<\/p>\n<hr \/>\n<div class=\"page-title-head hgroup\">\n<blockquote>\n<h3><\/h3>\n<h3 class=\"entry-title\">\u201cDE COCCIO\u201d: UN GIOVEDI CON 5 SANZIONI<\/h3>\n<\/blockquote>\n<\/div>\n<div class=\"page-title-breadcrumbs\">\n<p><strong>BELLUNO\u00a0<\/strong>Un gioved\u00ec con tanti controlli e poche sanzioni. Dai dati della Prefettura di Belluno risulta che le Forze dell\u2019Ordine hanno controllato 778 persone nella giornata di gioved\u00ec e 5 le multe per il contenimento della difusione Covid-19. Sono 27 le sanzioni nei primi 4 giorni della settimana dopo 2461 controlli effettuati, numero di contravvenzioni pi\u00f9 basso delle ultime settimane. Continuano i controlli anche per le attivit\u00e0 commerciali. 1246 esercizi controllato e nessuna irregolarit\u00e0 nella giornata di gioved\u00ec.<\/p>\n<p class=\"photoswipe-wrapper\"><a class=\"dt-pswp-item pspw-wrap-ready\" href=\"https:\/\/i0.wp.com\/www.radiopiu.net\/wordpress\/wp-content\/uploads\/2020\/05\/01.05_-_MONITORAGGIO_SETTIMANALE_DEI_SERVIZI_DI_CONTROLLO.jpg?ssl=1\" data-dt-img-description=\"\" data-large_image_width=\"1240\" data-large_image_height=\"1754\"><img loading=\"lazy\" decoding=\"async\" class=\"alignnone wp-image-134356 jetpack-lazy-image jetpack-lazy-image--handled\" src=\"https:\/\/i0.wp.com\/www.radiopiu.net\/wordpress\/wp-content\/uploads\/2020\/05\/01.05_-_MONITORAGGIO_SETTIMANALE_DEI_SERVIZI_DI_CONTROLLO.jpg?resize=724%2C1024&amp;ssl=1\" sizes=\"auto, (max-width: 724px) 100vw, 724px\" srcset=\"https:\/\/i0.wp.com\/www.radiopiu.net\/wordpress\/wp-content\/uploads\/2020\/05\/01.05_-_MONITORAGGIO_SETTIMANALE_DEI_SERVIZI_DI_CONTROLLO.jpg?resize=724%2C1024&amp;ssl=1 724w, https:\/\/i0.wp.com\/www.radiopiu.net\/wordpress\/wp-content\/uploads\/2020\/05\/01.05_-_MONITORAGGIO_SETTIMANALE_DEI_SERVIZI_DI_CONTROLLO.jpg?resize=212%2C300&amp;ssl=1 212w, https:\/\/i0.wp.com\/www.radiopiu.net\/wordpress\/wp-content\/uploads\/2020\/05\/01.05_-_MONITORAGGIO_SETTIMANALE_DEI_SERVIZI_DI_CONTROLLO.jpg?resize=768%2C1086&amp;ssl=1 768w, https:\/\/i0.wp.com\/www.radiopiu.net\/wordpress\/wp-content\/uploads\/2020\/05\/01.05_-_MONITORAGGIO_SETTIMANALE_DEI_SERVIZI_DI_CONTROLLO.jpg?resize=1086%2C1536&amp;ssl=1 1086w, https:\/\/i0.wp.com\/www.radiopiu.net\/wordpress\/wp-content\/uploads\/2020\/05\/01.05_-_MONITORAGGIO_SETTIMANALE_DEI_SERVIZI_DI_CONTROLLO.jpg?w=1240&amp;ssl=1 1240w\" alt=\"\" width=\"283\" height=\"400\" data-recalc-dims=\"1\" data-lazy-loaded=\"1\" \/><\/a><\/p>\n<p>&nbsp;<\/p>\n<p>&nbsp;<\/p>\n<hr \/>\n<p>&nbsp;<\/p>\n<blockquote>\n<h3>IL VADEMECUM PER NON INCORRERE A SANZIONI DAL 4 MAGGIO<\/h3>\n<\/blockquote>\n<p><strong><a class=\"dt-pswp-item\" href=\"https:\/\/www.radiopiu.net\/wordpress\/wp-content\/uploads\/2020\/05\/Schermata-2020-05-01-alle-14.58.43.png\" data-dt-img-description=\"\" data-large_image_width=\"1872\" data-large_image_height=\"936\"><img loading=\"lazy\" decoding=\"async\" class=\"size-medium wp-image-134430 alignleft\" src=\"https:\/\/www.radiopiu.net\/wordpress\/wp-content\/uploads\/2020\/05\/Schermata-2020-05-01-alle-14.58.43-300x150.png\" alt=\"\" width=\"300\" height=\"150\" srcset=\"https:\/\/www.radiopiu.net\/wordpress\/wp-content\/uploads\/2020\/05\/Schermata-2020-05-01-alle-14.58.43-300x150.png 300w, https:\/\/www.radiopiu.net\/wordpress\/wp-content\/uploads\/2020\/05\/Schermata-2020-05-01-alle-14.58.43-1024x512.png 1024w, https:\/\/www.radiopiu.net\/wordpress\/wp-content\/uploads\/2020\/05\/Schermata-2020-05-01-alle-14.58.43-768x384.png 768w, https:\/\/www.radiopiu.net\/wordpress\/wp-content\/uploads\/2020\/05\/Schermata-2020-05-01-alle-14.58.43-1536x768.png 1536w, https:\/\/www.radiopiu.net\/wordpress\/wp-content\/uploads\/2020\/05\/Schermata-2020-05-01-alle-14.58.43.png 1872w\" sizes=\"auto, (max-width: 300px) 100vw, 300px\" \/><\/a>RADIO PIU&#8217;<\/strong> Dal 3 maggio entra in vigore il DPCM annunciato dal Premier Conte pochi giorni fa. Per quanto riguarda gli spostamenti si potranno fare all&#8217;interno della propria regione ma uno spostamento deve essere giustificato comunque da un&#8217;autocertificazione che confermi lo spostamento. Nel link sotto troverete un vademecum per non incorrere a sanzioni in caso che le Forze dell&#8217;Ordine vi fermino per un controllo. Ricordiamo che ogni spostamento da casa deve essere certificato.<\/p>\n<p><a href=\"https:\/\/www.radiopiu.net\/wordpress\/wp-content\/uploads\/2020\/05\/COVID_19_E_PERSONE_FISICHE_PERIODO_3_MAGGIO_17_MAGGIO_1588019898.pdf\">CLICCA QUI PER VISUALIZZARE IL VADEMECUM<\/a><\/p>\n<p>&nbsp;<\/p>\n<p>&nbsp;<\/p>\n<hr \/>\n<p>&nbsp;<\/p>\n<blockquote>\n<h3>IL RITORNO A CASA DI AMEDEO FRANCESCHINI<\/h3>\n<\/blockquote>\n<p><strong><a class=\"dt-pswp-item\" href=\"https:\/\/www.radiopiu.net\/wordpress\/wp-content\/uploads\/2020\/05\/fbda2095-29c0-4303-8655-7985cab2188b.jpg\" data-dt-img-description=\"\" data-large_image_width=\"640\" data-large_image_height=\"640\"><img loading=\"lazy\" decoding=\"async\" class=\" wp-image-134486 alignleft\" src=\"https:\/\/www.radiopiu.net\/wordpress\/wp-content\/uploads\/2020\/05\/fbda2095-29c0-4303-8655-7985cab2188b-300x300.jpg\" alt=\"\" width=\"149\" height=\"149\" srcset=\"https:\/\/www.radiopiu.net\/wordpress\/wp-content\/uploads\/2020\/05\/fbda2095-29c0-4303-8655-7985cab2188b-300x300.jpg 300w, https:\/\/www.radiopiu.net\/wordpress\/wp-content\/uploads\/2020\/05\/fbda2095-29c0-4303-8655-7985cab2188b-150x150.jpg 150w, https:\/\/www.radiopiu.net\/wordpress\/wp-content\/uploads\/2020\/05\/fbda2095-29c0-4303-8655-7985cab2188b.jpg 640w\" sizes=\"auto, (max-width: 149px) 100vw, 149px\" \/><\/a>ALLEGHE<\/strong> Amedeo Franceschini ci ha aggiornato della pandemia Covid-19 da Tenerife. Ora Amedeo e la moglie sono rientrati a casa ad Alleghe. Ci ha raccontato la sua esperienza.<\/p>\n<p><strong>AMEDEO FRANCESCHINI<\/strong><\/p>\n<audio class=\"wp-audio-shortcode\" id=\"audio-134361-2\" preload=\"none\" style=\"width: 100%;\" controls=\"controls\"><source type=\"audio\/mpeg\" src=\"https:\/\/www.radiopiu.net\/wordpress\/wp-content\/uploads\/2020\/05\/AMEDEO-RITORNA-A-CASA.mp3?_=2\" \/><a href=\"https:\/\/www.radiopiu.net\/wordpress\/wp-content\/uploads\/2020\/05\/AMEDEO-RITORNA-A-CASA.mp3\">https:\/\/www.radiopiu.net\/wordpress\/wp-content\/uploads\/2020\/05\/AMEDEO-RITORNA-A-CASA.mp3<\/a><\/audio>\n<p>&nbsp;<\/p>\n<p>&nbsp;<\/p>\n<hr \/>\n<p>&nbsp;<\/p>\n<blockquote>\n<h3>LA DONAZIONE DI EPCENTER ALLA PROTEZIONE CIVILE DEL VENETO<\/h3>\n<\/blockquote>\n<p><strong><a class=\"dt-pswp-item\" href=\"https:\/\/www.radiopiu.net\/wordpress\/wp-content\/uploads\/2020\/05\/a8e2c1bd-dd39-4e6e-95d6-40e9d67192f4.jpg\" data-dt-img-description=\"\" data-large_image_width=\"1200\" data-large_image_height=\"1600\"><img loading=\"lazy\" decoding=\"async\" class=\" wp-image-134377 alignleft\" src=\"https:\/\/www.radiopiu.net\/wordpress\/wp-content\/uploads\/2020\/05\/a8e2c1bd-dd39-4e6e-95d6-40e9d67192f4-225x300.jpg\" alt=\"\" width=\"141\" height=\"188\" srcset=\"https:\/\/www.radiopiu.net\/wordpress\/wp-content\/uploads\/2020\/05\/a8e2c1bd-dd39-4e6e-95d6-40e9d67192f4-225x300.jpg 225w, https:\/\/www.radiopiu.net\/wordpress\/wp-content\/uploads\/2020\/05\/a8e2c1bd-dd39-4e6e-95d6-40e9d67192f4-768x1024.jpg 768w, https:\/\/www.radiopiu.net\/wordpress\/wp-content\/uploads\/2020\/05\/a8e2c1bd-dd39-4e6e-95d6-40e9d67192f4-1152x1536.jpg 1152w, https:\/\/www.radiopiu.net\/wordpress\/wp-content\/uploads\/2020\/05\/a8e2c1bd-dd39-4e6e-95d6-40e9d67192f4.jpg 1200w\" sizes=\"auto, (max-width: 141px) 100vw, 141px\" \/><\/a><strong class=\"photoswipe-wrapper\">VENEZIA\u00a0<\/strong><\/strong>Solo pochi giorni fa EPCENTER aveva donato un apparecchio telefonico satellitare alla Protezione Civile di Voltago (un secondo \u00e8 stato donato anche alla n RADIO PIU a disposizione in caso di emergenza anche per eventuali operazioni di protezione civile). Ora tocca alla Protezione Civile regionale Un regalo fatto da EPCENTER e un secondo dalla TREO DEPURATORI e consegnati alla centrale operativa della Protezione Civile del Veneto a Marghera (Venezia). Alla consegna erano presenti l\u2019assessore regionale alla protezione civile Gianpaolo Bottacin, ed il\u00a0 responsabile della centrale operativa. La donazione consiste in un telefono satellitare (EPCENTER) e un generatore ozono aria (TREO DEPURATORI) per sanificare gli autoveicoli della Protezione Civile. A consegnare il tutto Francesco Zillio di EPCENTER.<strong><br \/>\n<\/strong><\/p>\n<p>&nbsp;<\/p>\n<p><strong>IL VIDEO DELLA CONSEGNA<\/strong><\/p>\n<div style=\"width: 1200px;\" class=\"wp-video\"><video class=\"wp-video-shortcode\" id=\"video-134361-1\" width=\"1200\" height=\"675\" preload=\"metadata\" controls=\"controls\"><source type=\"video\/mp4\" src=\"https:\/\/www.radiopiu.net\/wordpress\/wp-content\/uploads\/2020\/05\/EPCENTER-MARGHERA.mp4?_=1\" \/><a href=\"https:\/\/www.radiopiu.net\/wordpress\/wp-content\/uploads\/2020\/05\/EPCENTER-MARGHERA.mp4\">https:\/\/www.radiopiu.net\/wordpress\/wp-content\/uploads\/2020\/05\/EPCENTER-MARGHERA.mp4<\/a><\/video><\/div>\n<p>&nbsp;<\/p>\n<p>&nbsp;<\/p>\n<hr \/>\n<p>&nbsp;<\/p>\n<div class=\"page-title-head hgroup\">\n<blockquote>\n<h3 class=\"entry-title\">IL GIORNO DELL\u2019APPELLO: SI AI CANI GUIDA ANCHE SULLE SCALE MOBILI DI LAMBIOI<\/h3>\n<\/blockquote>\n<\/div>\n<div class=\"page-title-breadcrumbs\">\n<p><strong class=\"photoswipe-wrapper\"><img loading=\"lazy\" decoding=\"async\" class=\"wp-image-134461 alignleft jetpack-lazy-image jetpack-lazy-image--handled\" src=\"https:\/\/i1.wp.com\/www.radiopiu.net\/wordpress\/wp-content\/uploads\/2020\/05\/645e0044-b341-492a-b95a-80d70f5985ea.jpg?resize=276%2C225&amp;ssl=1\" sizes=\"auto, (max-width: 276px) 100vw, 276px\" srcset=\"https:\/\/i1.wp.com\/www.radiopiu.net\/wordpress\/wp-content\/uploads\/2020\/05\/645e0044-b341-492a-b95a-80d70f5985ea.jpg?resize=1024%2C835&amp;ssl=1 1024w, https:\/\/i1.wp.com\/www.radiopiu.net\/wordpress\/wp-content\/uploads\/2020\/05\/645e0044-b341-492a-b95a-80d70f5985ea.jpg?resize=300%2C245&amp;ssl=1 300w, https:\/\/i1.wp.com\/www.radiopiu.net\/wordpress\/wp-content\/uploads\/2020\/05\/645e0044-b341-492a-b95a-80d70f5985ea.jpg?resize=768%2C626&amp;ssl=1 768w, https:\/\/i1.wp.com\/www.radiopiu.net\/wordpress\/wp-content\/uploads\/2020\/05\/645e0044-b341-492a-b95a-80d70f5985ea.jpg?w=1508&amp;ssl=1 1508w\" alt=\"\" width=\"276\" height=\"225\" data-recalc-dims=\"1\" data-lazy-loaded=\"1\" \/>BELLUNO<\/strong> Dopo anni di battaglie legali la sentenza della Corte d\u2019appello di Venezia, quindi al secondo grado di giudizio (appello) che condanna l\u2019amministrazione comunale di Belluno e la Bellunum Srl. Riportiamo le parole dell\u2019avvocato Chiara Frare sulla sentenza: <em>\u201cLa Corte d\u2019Appello ha ritenuto responsabili sia il Comune di Belluno sia la societ\u00e0 partecipata Bellunum s.r.l. di condotte discriminatorie nei confronti di persone disabili visive accompagnate dal proprio cane guida per i fatti accaduti il 9 maggio di cinque anni fa sulle scale mobili di Lambioi e per il cartello di divieto di accesso apposto, Il tribunale di Venezia ha scritto una condanna che prevede il risarcimento del danno morale ma anche la cessazione delle condotte discriminatorie nei confronti dei diversamente abili\u201d<\/em>. Per l\u2019avvocato<em> \u201cUna sentenza importantissima, un grande passo in avanti per la tutela giudiziaria delle persone con disabilit\u00e0, vittime di discriminazioni\u201d<\/em> Alessandra Bragagnolo, Ilaria Frenez, Fernando Giacomin, Mauro Quintavalle, Laura Raffaeli, Massimo Vettoretti, Nadia Zanella, Simona Zanel che hanno sporto denuncia dichiarano<em> \u201cTutti noi siamo appagati dal risultato ottenuto, poich\u00e9 quel giorno, assieme ai nostri cani guida, ci siamo ritrovati a subire su quelle scale mobili una umiliazione e una discriminazione in quanto persone con disabilit\u00e0 visiva che hanno scelto un cane guida come ausilio per la propria libert\u00e0 di vivere autonomamente. L\u2019impegno e le competenze dell\u2019avvocato Frare sono state determinanti per l\u2019ottenimento di questa sentenza (nel giudizio di secondo grado ndr.) che rappresenta un importante traguardo contro la lotta alle discriminazioni\u201d.<\/em><\/p>\n<p><strong>LA STORIA<\/strong><\/p>\n<p>Nel 2015 un gruppo di amici con disabilit\u00e0 visive, provenienti da varie parti d\u2019Italia, accompagnati dai loro cani guida, si recarono in visita nella citt\u00e0 di Belluno. Arrivati al parcheggio di Lambioi, vennero bloccati dagli addetti dell\u2019impianto delle scale mobili e fu impedito loro, con arresto della scala, di raggiungere il centro citt\u00e0. Da qualche tempo la societ\u00e0 Bellunum s.r.l., gestore dell\u2019impianto, in accordo con l\u2019amministrazione comunale, aveva affisso all\u2019ingresso un cartello in cui si vietava l\u2019accesso all\u2019impianto anche ai cani guida che accompagnano le persone disabili visive ovunque nei loro spostamenti. Questo gruppo di amici si \u00e8 trovato a dover contrastare una violazione di legge subendo una discriminazione dovuta alla loro disabilit\u00e0. La vicenda arriv\u00f2 al tribunale di Belluno dove le richieste di questi amici, in prima istanza, furono rigettate. Quindi il seguito della vicenda nell\u2019appello avanti ai giudici veneziani.<\/p>\n<p>&nbsp;<\/p>\n<p>&nbsp;<\/p>\n<hr \/>\n<p>&nbsp;<\/p>\n<\/div>\n<blockquote>\n<h3>LA PROVINCIA DI BELLUNO SCRIVE A DOLOMITI BUS PERCH\u00c9 RIMETTA IN MOTO IL SERVIZIO EXTRAURBANO. OBIETTIVO: ARRIVARE ALMENO AL 50% DEI LIVELLI DI SERVIZIO PRE-EPIDEMIA<\/h3>\n<\/blockquote>\n<p><strong><a class=\"dt-pswp-item\" href=\"https:\/\/www.radiopiu.net\/wordpress\/wp-content\/uploads\/2018\/08\/dolomitibus.jpeg\" data-dt-img-description=\"\" data-large_image_width=\"621\" data-large_image_height=\"414\"><img loading=\"lazy\" decoding=\"async\" class=\"size-medium wp-image-59158 alignleft\" src=\"https:\/\/www.radiopiu.net\/wordpress\/wp-content\/uploads\/2018\/08\/dolomitibus-300x200.jpeg\" alt=\"\" width=\"300\" height=\"200\" srcset=\"https:\/\/www.radiopiu.net\/wordpress\/wp-content\/uploads\/2018\/08\/dolomitibus-300x200.jpeg 300w, https:\/\/www.radiopiu.net\/wordpress\/wp-content\/uploads\/2018\/08\/dolomitibus.jpeg 621w\" sizes=\"auto, (max-width: 300px) 100vw, 300px\" \/><\/a>BELLUNO<\/strong>\u00a0<span class=\"s2\"><span class=\"bumpedFont15\">\u201c<em>I<\/em><\/span><\/span><span class=\"s2\"><span class=\"bumpedFont15\"><em>l momento non \u00e8 facile e le incertezze rimangono molte, in tantissimi settori. Il trasporto pubblico locale &#8211; soprattutto nei collegam<\/em><\/span><\/span><em><span class=\"s2\"><span class=\"bumpedFont15\">e<\/span><\/span><span class=\"s2\"><span class=\"bumpedFont15\">nti extraurbani t<\/span><\/span><span class=\"s2\"><span class=\"bumpedFont15\">ra<\/span><\/span><span class=\"s2\"><span class=\"bumpedFont15\">\u00a0le zone marginali<\/span><\/span><span class=\"s2\"><span class=\"bumpedFont15\">\u00a0<\/span><\/span><span class=\"s2\"><span class=\"bumpedFont15\">e i paesi di montagna<\/span><\/span><span class=\"s2\"><span class=\"bumpedFont15\">\u00a0con i centri maggiori<\/span><\/span><span class=\"s2\"><span class=\"bumpedFont15\">, co<\/span><\/span><span class=\"s2\"><span class=\"bumpedFont15\">me<\/span><\/span><span class=\"s2\"><span class=\"bumpedFont15\">\u00a0nel caso d<\/span><\/span><span class=\"s2\"><span class=\"bumpedFont15\">ella\u00a0<\/span><\/span><span class=\"s2\"><span class=\"bumpedFont15\">nostra provincia<\/span><\/span><span class=\"s2\"><span class=\"bumpedFont15\">\u00a0&#8211;<\/span><\/span><span class=\"s2\"><span class=\"bumpedFont15\">\u00a0\u00e8 per\u00f2 un servizio primario e irrinunciabile<\/span><\/span><span class=\"s2\"><span class=\"bumpedFont15\">,<\/span><\/span><span class=\"s2\"><span class=\"bumpedFont15\">\u00a0che deve\u00a0<\/span><\/span><span class=\"s2\"><span class=\"bumpedFont15\">e<\/span><\/span><\/em><span class=\"s2\"><span class=\"bumpedFont15\"><em>ssere riattivato con celerit\u00e0 e in via prioritaria<\/em>\u201d. \u00a0<\/span><\/span><span class=\"s2\"><span class=\"bumpedFont15\">Cos\u00ec i<\/span><\/span><span class=\"s2\"><span class=\"bumpedFont15\">l<\/span><\/span><span class=\"s2\"><span class=\"bumpedFont15\">\u00a0consi<\/span><\/span><span class=\"s2\"><span class=\"bumpedFont15\">gliere<\/span><\/span><span class=\"s2\"><span class=\"bumpedFont15\">\u00a0provinciale con delega al<\/span><\/span><span class=\"s2\"><span class=\"bumpedFont15\">la<\/span><\/span><span class=\"s2\"><span class=\"bumpedFont15\">\u00a0mobilit\u00e0\u00a0<\/span><\/span><span class=\"s2\"><span class=\"bumpedFont15\">e ai\u00a0<\/span><\/span><span class=\"s2\"><span class=\"bumpedFont15\">trasporti Dario\u00a0<\/span><\/span><span class=\"s2\"><span class=\"bumpedFont15\">Scop<\/span><\/span><span class=\"s2\"><span class=\"bumpedFont15\">e<\/span><\/span><span class=\"s2\"><span class=\"bumpedFont15\">l<\/span><\/span><span class=\"s2\"><span class=\"bumpedFont15\">, a comme<\/span><\/span><span class=\"s2\"><span class=\"bumpedFont15\">n<\/span><\/span><span class=\"s2\"><span class=\"bumpedFont15\">to di una lettera inviata in queste ore ai ve<\/span><\/span><span class=\"s2\"><span class=\"bumpedFont15\">r<\/span><\/span><span class=\"s2\"><span class=\"bumpedFont15\">tici di Dolomiti Bus e firmata congiuntam<\/span><\/span><span class=\"s2\"><span class=\"bumpedFont15\">ente al<\/span><\/span><span class=\"s2\"><span class=\"bumpedFont15\">\u00a0<\/span><\/span><span class=\"s2\"><span class=\"bumpedFont15\">presidente della Provincia Roberto\u00a0<\/span><\/span><span class=\"s2\"><span class=\"bumpedFont15\">Padrin<\/span><\/span><span class=\"s2\"><span class=\"bumpedFont15\">.\u00a0<\/span><\/span><span class=\"s2\"><span class=\"bumpedFont15\">\u201c<\/span><\/span><em><span class=\"s2\"><span class=\"bumpedFont15\">Al momento, sottolinea\u00a0<\/span><\/span><span class=\"s2\"><span class=\"bumpedFont15\">Scopel<\/span><\/span><span class=\"s2\"><span class=\"bumpedFont15\">, stiamo erogando meno del 20% del servizio totale previsto per<\/span><\/span><span class=\"s2\"><span class=\"bumpedFont15\">\u00a0<\/span><\/span><span class=\"s2\"><span class=\"bumpedFont15\">le linee extraurbane<\/span><\/span><span class=\"s2\"><span class=\"bumpedFont15\">: per molti nostri concittadini che vivono in aree periferiche e non dispongono di un mezzo proprio \u00e8 dunque quasi impossibile spostarsi. Nel momento in cui si delineano le nuove misure di allentamento delle restrizioni, dobbiamo dunque farci trovare pronti con un piano di riattivazione puntuale e sostanzioso; questo, naturalmente, nel pieno rispetto delle normative sulla sicurezza<\/span><\/span>\u00a0<span class=\"s2\"><span class=\"bumpedFont15\">sia nazionali che regionali<\/span><\/span>\u00a0(<span class=\"s2\"><span class=\"bumpedFont15\">sanificazione\u00a0<\/span><\/span><span class=\"s2\"><span class=\"bumpedFont15\">dei\u00a0<\/span><\/span><span class=\"s2\"><span class=\"bumpedFont15\">mezzi, distanziamento<\/span><\/span><span class=\"s2\"><span class=\"bumpedFont15\">\u00a0degli utenti<\/span><\/span><span class=\"s2\"><span class=\"bumpedFont15\">, capienza massima dei mezzi)<\/span><\/span><span class=\"s2\"><span class=\"bumpedFont15\">.<\/span><\/span><span class=\"s2\"><span class=\"bumpedFont15\">\u00a0<\/span><\/span><span class=\"s2\"><span class=\"bumpedFont15\">La nostra intenzione, aggiunge il consigliere delegato alla mobilit\u00e0 e al trasporto, \u00e8 arrivare alla riattivazione di almeno il 50-60% del servizio, con priorit\u00e0\u00a0<\/span><\/span><span class=\"s2\"><span class=\"bumpedFont15\">per<\/span><\/span><\/em><span class=\"s2\"><span class=\"bumpedFont15\"><em>\u00a0quelle aree che soffrono maggiormente delle difficolt\u00e0 di collegamento con il capoluogo e le altre cittadine della provincia<\/em>\u201d.\u00a0<\/span><\/span><span class=\"s2\"><span class=\"bumpedFont15\">Per questo, come detto, \u00e8 partita in queste ore da Palazzo Piloni una lettera a firma congiunta tra lo stesso\u00a0<\/span><\/span><span class=\"s2\"><span class=\"bumpedFont15\">Scopel<\/span><\/span><span class=\"s2\"><span class=\"bumpedFont15\">\u00a0e il presidente\u00a0<\/span><\/span><span class=\"s2\"><span class=\"bumpedFont15\">Padrin<\/span><\/span><span class=\"s2\"><span class=\"bumpedFont15\">\u00a0all\u2019indirizzo di Dolomiti Bus<\/span><\/span><span class=\"s2\"><span class=\"bumpedFont15\">, per chiedere una rimodulazione del servizio e la proposta dei nuovi\u00a0<\/span><\/span><span class=\"s2\"><span class=\"bumpedFont15\">orari.\u00a0<\/span><\/span><span class=\"s2\"><span class=\"bumpedFont15\">L\u2019iniziativa parte dalle previsioni di una forte riduzione di domanda\u00a0<\/span><\/span><span class=\"s2\"><span class=\"bumpedFont15\">di trasporto pubblico rispetto al<\/span><\/span><span class=\"s2\"><span class=\"bumpedFont15\">\u00a0periodo\u00a0<\/span><\/span><span class=\"s2\"><span class=\"bumpedFont15\">pre<\/span><\/span><span class=\"s2\"><span class=\"bumpedFont15\">&#8211;<\/span><\/span><span class=\"s2\"><span class=\"bumpedFont15\">emergenza (si stima a livello nazionale pari al 15%)<\/span><\/span><span class=\"s2\"><span class=\"bumpedFont15\">; \u00e8 dunque il momento opportuno rimodulare i piani di servizio per raggiungere quel<\/span><\/span><span class=\"s2\"><span class=\"bumpedFont15\">\u00a0target<\/span><\/span><span class=\"s2\"><span class=\"bumpedFont15\">\u00a0di \u201criaperture\u201d dell\u2019ordine del 50 % che la Provincia si\u00a0<\/span><\/span><span class=\"s2\"><span class=\"bumpedFont15\">p<\/span><\/span><span class=\"s2\"><span class=\"bumpedFont15\">one come obiettivo.\u00a0<\/span><\/span><span class=\"s2\"><span class=\"bumpedFont15\">Un piano, sottolinea la Provincia di Belluno nella missiva Dolomiti Bus, che potr\u00e0 avvenire anche\u00a0<\/span><\/span><span class=\"s2\"><span class=\"bumpedFont15\">in diversi stralci<\/span><\/span><span class=\"s2\"><span class=\"bumpedFont15\">,<\/span><\/span><span class=\"s2\"><span class=\"bumpedFont15\">\u00a0dando la precedenza alle esigenze derivanti da motivi di lavoro che dovessero manifestarsi a seguito delle aperture delle attivit\u00e0 produttive nelle diverse aree della provincia<\/span><\/span><span class=\"s2\"><span class=\"bumpedFont15\">; p<\/span><\/span><span class=\"s2\"><span class=\"bumpedFont15\">otrebbero altres\u00ec essere individuati dei servizi da attivare solo a chiamata.\u00a0<\/span><\/span><span class=\"s2\"><span class=\"bumpedFont15\">\u201c<em>Restiamo dunque\u00a0<\/em><\/span><\/span><em><span class=\"s2\"><span class=\"bumpedFont15\">ora in attesa della\u00a0<\/span><\/span><span class=\"s2\"><span class=\"bumpedFont15\">proposta operativa\u00a0<\/span><\/span><span class=\"s2\"><span class=\"bumpedFont15\">della societ\u00e0 con tutti\u00a0<\/span><\/span><span class=\"s2\"><span class=\"bumpedFont15\">i dati\u00a0<\/span><\/span><span class=\"s2\"><span class=\"bumpedFont15\">utili e necessari per\u00a0<\/span><\/span><span class=\"s2\"><span class=\"bumpedFont15\">la programmazione dell<\/span><\/span><span class=\"s2\"><span class=\"bumpedFont15\">a parte residua dell\u2019<\/span><\/span><span class=\"s2\"><span class=\"bumpedFont15\">orario invernale 19\/20<\/span><\/span><span class=\"s2\"><span class=\"bumpedFont15\">\u00a0(fino al 7 giugno), ma anche per il prossimo orario estivo.<\/span><\/span><\/em><span class=\"s2\"><span class=\"bumpedFont15\"><em>\u00a0La partita della mobilit\u00e0 e del trasporto pubblico sono decisivi per il nostro territorio, pi\u00f9 che mai in questa fase di emergenza o post-emergenza; occorre farsi trovare preparati fin da subito<\/em>\u201d, conclude\u00a0<\/span><\/span><span class=\"s2\"><span class=\"bumpedFont15\">Scopel<\/span><\/span><\/p>\n<p>&nbsp;<\/p>\n<p>&nbsp;<\/p>\n<hr \/>\n<p>&nbsp;<\/p>\n<blockquote>\n<h3>DONATORI DI SANGUE AGORDINI FANNO LA PROMOZIONE IN STREAMING<\/h3>\n<\/blockquote>\n<p><a class=\"dt-pswp-item\" href=\"https:\/\/www.radiopiu.net\/wordpress\/wp-content\/uploads\/2017\/03\/ABVS.jpg\" data-dt-img-description=\"\" data-large_image_width=\"250\" data-large_image_height=\"247\"><img loading=\"lazy\" decoding=\"async\" class=\"size-full wp-image-29445 alignleft\" src=\"https:\/\/www.radiopiu.net\/wordpress\/wp-content\/uploads\/2017\/03\/ABVS.jpg\" alt=\"\" width=\"250\" height=\"247\" \/><\/a>di Gianni Santomaso<\/p>\n<audio class=\"wp-audio-shortcode\" id=\"audio-134361-3\" preload=\"none\" style=\"width: 100%;\" controls=\"controls\"><source type=\"audio\/mpeg\" src=\"https:\/\/www.radiopiu.net\/wordpress\/wp-content\/uploads\/2020\/04\/GIANNI-Donatori-di-sangue-agordini-fanno-la-promozione-in-streaming-OK.mp3?_=3\" \/><a href=\"https:\/\/www.radiopiu.net\/wordpress\/wp-content\/uploads\/2020\/04\/GIANNI-Donatori-di-sangue-agordini-fanno-la-promozione-in-streaming-OK.mp3\">https:\/\/www.radiopiu.net\/wordpress\/wp-content\/uploads\/2020\/04\/GIANNI-Donatori-di-sangue-agordini-fanno-la-promozione-in-streaming-OK.mp3<\/a><\/audio>\n<p>&nbsp;<\/p>\n<p>&nbsp;<\/p>\n<hr \/>\n<p>&nbsp;<\/p>\n<blockquote>\n<h3>IL RISTORANTE LA CAMBRA DURANTE IL CORONAVIRUS<\/h3>\n<\/blockquote>\n<p><a class=\"dt-pswp-item\" href=\"https:\/\/www.radiopiu.net\/wordpress\/wp-content\/uploads\/2020\/04\/la-cambra.jpg\" data-dt-img-description=\"\" data-large_image_width=\"782\" data-large_image_height=\"768\"><img loading=\"lazy\" decoding=\"async\" class=\"size-medium wp-image-134050 alignleft\" src=\"https:\/\/www.radiopiu.net\/wordpress\/wp-content\/uploads\/2020\/04\/la-cambra-300x295.jpg\" alt=\"\" width=\"300\" height=\"295\" srcset=\"https:\/\/www.radiopiu.net\/wordpress\/wp-content\/uploads\/2020\/04\/la-cambra-300x295.jpg 300w, https:\/\/www.radiopiu.net\/wordpress\/wp-content\/uploads\/2020\/04\/la-cambra-768x754.jpg 768w, https:\/\/www.radiopiu.net\/wordpress\/wp-content\/uploads\/2020\/04\/la-cambra.jpg 782w\" sizes=\"auto, (max-width: 300px) 100vw, 300px\" \/><\/a>di Gianni Santomaso<\/p>\n<audio class=\"wp-audio-shortcode\" id=\"audio-134361-4\" preload=\"none\" style=\"width: 100%;\" controls=\"controls\"><source type=\"audio\/mpeg\" src=\"https:\/\/www.radiopiu.net\/wordpress\/wp-content\/uploads\/2020\/04\/GIANNI-IL-RISTORANTE-LA-CAMBRA-DURANTE-IL-CORONAVIRUS.mp3?_=4\" \/><a href=\"https:\/\/www.radiopiu.net\/wordpress\/wp-content\/uploads\/2020\/04\/GIANNI-IL-RISTORANTE-LA-CAMBRA-DURANTE-IL-CORONAVIRUS.mp3\">https:\/\/www.radiopiu.net\/wordpress\/wp-content\/uploads\/2020\/04\/GIANNI-IL-RISTORANTE-LA-CAMBRA-DURANTE-IL-CORONAVIRUS.mp3<\/a><\/audio>\n<p>&nbsp;<\/p>\n<p>&nbsp;<\/p>\n<hr \/>\n<p>&nbsp;<\/p>\n<blockquote>\n<h3>IL MOLIN DI RIVAMONTE E LA RICETTA CONTRO IL CORONAVIRUS<\/h3>\n<\/blockquote>\n<p><a class=\"dt-pswp-item\" href=\"https:\/\/www.radiopiu.net\/wordpress\/wp-content\/uploads\/2020\/04\/MOLIN-RIVA.jpg\" data-dt-img-description=\"\" data-large_image_width=\"550\" data-large_image_height=\"412\"><img loading=\"lazy\" decoding=\"async\" class=\"size-medium wp-image-134053 alignleft\" src=\"https:\/\/www.radiopiu.net\/wordpress\/wp-content\/uploads\/2020\/04\/MOLIN-RIVA-300x225.jpg\" alt=\"\" width=\"300\" height=\"225\" srcset=\"https:\/\/www.radiopiu.net\/wordpress\/wp-content\/uploads\/2020\/04\/MOLIN-RIVA-300x225.jpg 300w, https:\/\/www.radiopiu.net\/wordpress\/wp-content\/uploads\/2020\/04\/MOLIN-RIVA.jpg 550w\" sizes=\"auto, (max-width: 300px) 100vw, 300px\" \/><\/a>di Gianni Santomaso<\/p>\n<audio class=\"wp-audio-shortcode\" id=\"audio-134361-5\" preload=\"none\" style=\"width: 100%;\" controls=\"controls\"><source type=\"audio\/mpeg\" src=\"https:\/\/www.radiopiu.net\/wordpress\/wp-content\/uploads\/2020\/04\/GIANNI-IL-MOLIN-DI-RIVAMONTE-E-LA-RICETTA-CONTRO-IL-CORONAVIRUS.mp3?_=5\" \/><a href=\"https:\/\/www.radiopiu.net\/wordpress\/wp-content\/uploads\/2020\/04\/GIANNI-IL-MOLIN-DI-RIVAMONTE-E-LA-RICETTA-CONTRO-IL-CORONAVIRUS.mp3\">https:\/\/www.radiopiu.net\/wordpress\/wp-content\/uploads\/2020\/04\/GIANNI-IL-MOLIN-DI-RIVAMONTE-E-LA-RICETTA-CONTRO-IL-CORONAVIRUS.mp3<\/a><\/audio>\n<p>&nbsp;<\/p>\n<p>&nbsp;<\/p>\n<hr \/>\n<p>&nbsp;<\/p>\n<h3><span style=\"color: #0000ff;\">QUATRO CIACOLE SU AGORT<\/span><\/h3>\n<blockquote class=\"wp-embedded-content\" data-secret=\"2a9iL7urIF\"><p><a href=\"https:\/\/www.radiopiu.net\/wordpress\/quatro-ciacole-su-agort-sesta-puntata-con-chiara-leggenda-di-agordo\/\">QUATRO CIACOLE SU AGORT, SESTA PUNTATA CON CHIARA &#8220;LEGGENDA DI AGORDO&#8221;<\/a><\/p><\/blockquote>\n<p><iframe loading=\"lazy\" title=\"&#8220;QUATRO CIACOLE SU AGORT, SESTA PUNTATA CON CHIARA &#8220;LEGGENDA DI AGORDO&#8221;&#8221; &#8212; Radio Pi\u00f9\" class=\"wp-embedded-content\" sandbox=\"allow-scripts\" security=\"restricted\" style=\"position: absolute; clip: rect(1px, 1px, 1px, 1px);\" src=\"https:\/\/www.radiopiu.net\/wordpress\/quatro-ciacole-su-agort-sesta-puntata-con-chiara-leggenda-di-agordo\/embed\/#?secret=2a9iL7urIF\" data-secret=\"2a9iL7urIF\" width=\"600\" height=\"338\" frameborder=\"0\" marginwidth=\"0\" marginheight=\"0\" scrolling=\"no\"><\/iframe><\/p>\n<p>LA COLLEZIONE COMPLETA<\/p>\n<blockquote class=\"wp-embedded-content\" data-secret=\"hRBSa999eF\"><p><a href=\"https:\/\/www.radiopiu.net\/wordpress\/quatro-ciacole-su-agort\/\">Quatro ci\u00e0cole su Agort<\/a><\/p><\/blockquote>\n<p><iframe loading=\"lazy\" title=\"&#8220;Quatro ci\u00e0cole su Agort&#8221; &#8212; Radio Pi\u00f9\" class=\"wp-embedded-content\" sandbox=\"allow-scripts\" security=\"restricted\" style=\"position: absolute; clip: rect(1px, 1px, 1px, 1px);\" src=\"https:\/\/www.radiopiu.net\/wordpress\/quatro-ciacole-su-agort\/embed\/#?secret=hRBSa999eF\" data-secret=\"hRBSa999eF\" width=\"600\" height=\"338\" frameborder=\"0\" marginwidth=\"0\" marginheight=\"0\" scrolling=\"no\"><\/iframe><\/p>\n<p>&nbsp;<\/p>\n<hr \/>\n<p>&nbsp;<\/p>\n<blockquote>\n<h3>L&#8217;ASSOCIAZIONE DANZA AGORDINA CON UN NUOVO VIDEO<\/h3>\n<\/blockquote>\n<p><strong>AGORDO<\/strong> Senza saggio ( sfumato come tutte le altre manifestazioni con &#8220;assembramento&#8221;), senza le lezioni di danza ( sospese come le attivit\u00e0 delle scuole), senza potersi trovare ( perch\u00e8 vietato andare a trovare i non congiunti stretti),senza le varie rassegne e concorsi ( tutti annullati come le varie competizioni sportive)\u00a0 le ragazze del gruppo modern 3 con la loro insegnante Roberta per stare in contatto si sono organizzate cos\u00ec&#8230;<\/p>\n<p><iframe loading=\"lazy\" title=\"ASSOCIAZIONE DANZA AGORDINA\" width=\"1200\" height=\"900\" src=\"https:\/\/www.youtube.com\/embed\/o-LL20qse4k?feature=oembed\" frameborder=\"0\" allow=\"accelerometer; autoplay; clipboard-write; encrypted-media; gyroscope; picture-in-picture\" allowfullscreen><\/iframe><\/p>\n<p>&nbsp;<\/p>\n<hr \/>\n<p>&nbsp;<\/p>\n<blockquote class=\"wp-embedded-content\" data-secret=\"MfmIAhECOY\"><p><a href=\"https:\/\/www.radiopiu.net\/wordpress\/trichiana-da-scoprire-di-renato-bona\/\">\u201cTRICHIANA DA SCOPRIRE\u201d di Renato Bona<\/a><\/p><\/blockquote>\n<p><iframe loading=\"lazy\" title=\"&#8220;\u201cTRICHIANA DA SCOPRIRE\u201d di Renato Bona&#8221; &#8212; Radio Pi\u00f9\" class=\"wp-embedded-content\" sandbox=\"allow-scripts\" security=\"restricted\" style=\"position: absolute; clip: rect(1px, 1px, 1px, 1px);\" src=\"https:\/\/www.radiopiu.net\/wordpress\/trichiana-da-scoprire-di-renato-bona\/embed\/#?secret=MfmIAhECOY\" data-secret=\"MfmIAhECOY\" width=\"600\" height=\"338\" frameborder=\"0\" marginwidth=\"0\" marginheight=\"0\" scrolling=\"no\"><\/iframe><\/p>\n<p>&nbsp;<\/p>\n<hr \/>\n<p>&nbsp;<\/p>\n<h2>IERI ALLA RADIO<\/h2>\n<p><a class=\"dt-pswp-item\" href=\"https:\/\/www.radiopiu.net\/wordpress\/wp-content\/uploads\/2020\/05\/solidariet\u00e0-veneto.jpg\" data-dt-img-description=\"\" data-large_image_width=\"1373\" data-large_image_height=\"961\"><img loading=\"lazy\" decoding=\"async\" class=\"size-medium wp-image-134366 alignleft\" src=\"https:\/\/www.radiopiu.net\/wordpress\/wp-content\/uploads\/2020\/05\/solidariet\u00e0-veneto-300x210.jpg\" alt=\"\" width=\"300\" height=\"210\" srcset=\"https:\/\/www.radiopiu.net\/wordpress\/wp-content\/uploads\/2020\/05\/solidariet\u00e0-veneto-300x210.jpg 300w, https:\/\/www.radiopiu.net\/wordpress\/wp-content\/uploads\/2020\/05\/solidariet\u00e0-veneto-1024x717.jpg 1024w, https:\/\/www.radiopiu.net\/wordpress\/wp-content\/uploads\/2020\/05\/solidariet\u00e0-veneto-768x538.jpg 768w, https:\/\/www.radiopiu.net\/wordpress\/wp-content\/uploads\/2020\/05\/solidariet\u00e0-veneto.jpg 1373w\" sizes=\"auto, (max-width: 300px) 100vw, 300px\" \/><\/a><strong>SPECIALE SOLIDARIET\u00c0 VENETO<\/strong><\/p>\n<p><strong>di Claudio Fontanive<\/strong><\/p>\n<audio class=\"wp-audio-shortcode\" id=\"audio-134361-6\" preload=\"none\" style=\"width: 100%;\" controls=\"controls\"><source type=\"audio\/mpeg\" src=\"https:\/\/www.radiopiu.net\/wordpress\/wp-content\/uploads\/2020\/05\/solidarieta-veneto-maggio.mp3?_=6\" \/><a href=\"https:\/\/www.radiopiu.net\/wordpress\/wp-content\/uploads\/2020\/05\/solidarieta-veneto-maggio.mp3\">https:\/\/www.radiopiu.net\/wordpress\/wp-content\/uploads\/2020\/05\/solidarieta-veneto-maggio.mp3<\/a><\/audio>\n<p>&nbsp;<\/p>\n<h3><span style=\"color: #ff00ff;\">IN VIVO VERSO<\/span><\/h3>\n<blockquote class=\"wp-embedded-content\" data-secret=\"xmlTPElFa6\"><p><a href=\"https:\/\/www.radiopiu.net\/wordpress\/quando-ti-accade-di-vivere-di-loredana-borghetto\/\">QUANDO TI ACCADE DI VIVERE di LOREDANA BORGHETTO<\/a><\/p><\/blockquote>\n<p><iframe loading=\"lazy\" title=\"&#8220;QUANDO TI ACCADE DI VIVERE di LOREDANA BORGHETTO&#8221; &#8212; Radio Pi\u00f9\" class=\"wp-embedded-content\" sandbox=\"allow-scripts\" security=\"restricted\" style=\"position: absolute; clip: rect(1px, 1px, 1px, 1px);\" src=\"https:\/\/www.radiopiu.net\/wordpress\/quando-ti-accade-di-vivere-di-loredana-borghetto\/embed\/#?secret=xmlTPElFa6\" data-secret=\"xmlTPElFa6\" width=\"600\" height=\"338\" frameborder=\"0\" marginwidth=\"0\" marginheight=\"0\" scrolling=\"no\"><\/iframe><\/p>\n<p>LA COLLEZIONE COMPLETA<\/p>\n<blockquote class=\"wp-embedded-content\" data-secret=\"7nbP2JLr80\"><p><a href=\"https:\/\/www.radiopiu.net\/wordpress\/in-vivo-verso\/\">In Vivo Verso<\/a><\/p><\/blockquote>\n<p><iframe loading=\"lazy\" title=\"&#8220;In Vivo Verso&#8221; &#8212; Radio Pi\u00f9\" class=\"wp-embedded-content\" sandbox=\"allow-scripts\" security=\"restricted\" style=\"position: absolute; clip: rect(1px, 1px, 1px, 1px);\" src=\"https:\/\/www.radiopiu.net\/wordpress\/in-vivo-verso\/embed\/#?secret=7nbP2JLr80\" data-secret=\"7nbP2JLr80\" width=\"600\" height=\"338\" frameborder=\"0\" marginwidth=\"0\" marginheight=\"0\" scrolling=\"no\"><\/iframe><\/p>\n<h3><span style=\"color: #339966;\">AGORDINOMERON<\/span><\/h3>\n<blockquote class=\"wp-embedded-content\" data-secret=\"kG1ERRWQQ1\"><p><a href=\"https:\/\/www.radiopiu.net\/wordpress\/agordinomeron\/\">AGORDINOMERON, IL TERRITORIO SI RACCONTA Da un&#8217;idea di Gianni Santomaso<\/a><\/p><\/blockquote>\n<p><iframe loading=\"lazy\" title=\"&#8220;AGORDINOMERON, IL TERRITORIO SI RACCONTA Da un&#8217;idea di Gianni Santomaso&#8221; &#8212; Radio Pi\u00f9\" class=\"wp-embedded-content\" sandbox=\"allow-scripts\" security=\"restricted\" style=\"position: absolute; clip: rect(1px, 1px, 1px, 1px);\" src=\"https:\/\/www.radiopiu.net\/wordpress\/agordinomeron\/embed\/#?secret=kG1ERRWQQ1\" data-secret=\"kG1ERRWQQ1\" width=\"600\" height=\"338\" frameborder=\"0\" marginwidth=\"0\" marginheight=\"0\" scrolling=\"no\"><\/iframe><\/p>\n<h3><span style=\"color: #808080;\">IL MESSAGGIO DEI SACERDOTI A RADIO PIU&#8217;<\/span><\/h3>\n<blockquote class=\"wp-embedded-content\" data-secret=\"JntHXoheeB\"><p><a href=\"https:\/\/www.radiopiu.net\/wordpress\/il-messaggio-dai-sacerdoti-della-conca-su-radio-piu-alle-7-30-e-19-30\/\">IL MESSAGGIO DAI SACERDOTI SU RADIO PIU&#8217; ALLE 7.30 E 19.30<\/a><\/p><\/blockquote>\n<p><iframe loading=\"lazy\" title=\"&#8220;IL MESSAGGIO DAI SACERDOTI SU RADIO PIU&#8217; ALLE 7.30 E 19.30&#8221; &#8212; Radio Pi\u00f9\" class=\"wp-embedded-content\" sandbox=\"allow-scripts\" security=\"restricted\" style=\"position: absolute; clip: rect(1px, 1px, 1px, 1px);\" src=\"https:\/\/www.radiopiu.net\/wordpress\/il-messaggio-dai-sacerdoti-della-conca-su-radio-piu-alle-7-30-e-19-30\/embed\/#?secret=JntHXoheeB\" data-secret=\"JntHXoheeB\" width=\"600\" height=\"338\" frameborder=\"0\" marginwidth=\"0\" marginheight=\"0\" scrolling=\"no\"><\/iframe><\/p>\n<p>&nbsp;<\/p>\n<hr \/>\n<p>&nbsp;<\/p>\n<blockquote class=\"wp-embedded-content\" data-secret=\"Pb6UP8Sc4x\"><p><a href=\"https:\/\/www.radiopiu.net\/wordpress\/i-servizi-a-domicilio-durante-il-coronavirus\/\">I SERVIZI A DOMICILIO DURANTE IL CORONAVIRUS<\/a><\/p><\/blockquote>\n<p><iframe loading=\"lazy\" title=\"&#8220;I SERVIZI A DOMICILIO DURANTE IL CORONAVIRUS&#8221; &#8212; Radio Pi\u00f9\" class=\"wp-embedded-content\" sandbox=\"allow-scripts\" security=\"restricted\" style=\"position: absolute; clip: rect(1px, 1px, 1px, 1px);\" src=\"https:\/\/www.radiopiu.net\/wordpress\/i-servizi-a-domicilio-durante-il-coronavirus\/embed\/#?secret=Pb6UP8Sc4x\" data-secret=\"Pb6UP8Sc4x\" width=\"600\" height=\"338\" frameborder=\"0\" marginwidth=\"0\" marginheight=\"0\" scrolling=\"no\"><\/iframe><\/p>\n<p>&nbsp;<\/p>\n<hr \/>\n<p>&nbsp;<\/p>\n<p class=\"photoswipe-wrapper\"><a class=\"dt-pswp-item pspw-wrap-ready\" href=\"https:\/\/i0.wp.com\/www.radiopiu.net\/wordpress\/wp-content\/uploads\/2018\/09\/viabilita.jpeg?ssl=1\" data-dt-img-description=\"\" data-large_image_width=\"800\" data-large_image_height=\"100\"><img loading=\"lazy\" decoding=\"async\" class=\"alignnone size-full wp-image-61954 jetpack-lazy-image jetpack-lazy-image--handled\" src=\"https:\/\/i0.wp.com\/www.radiopiu.net\/wordpress\/wp-content\/uploads\/2018\/09\/viabilita.jpeg?resize=800%2C100&amp;ssl=1\" sizes=\"auto, (max-width: 800px) 100vw, 800px\" srcset=\"https:\/\/i0.wp.com\/www.radiopiu.net\/wordpress\/wp-content\/uploads\/2018\/09\/viabilita.jpeg?w=800&amp;ssl=1 800w, https:\/\/i0.wp.com\/www.radiopiu.net\/wordpress\/wp-content\/uploads\/2018\/09\/viabilita.jpeg?resize=300%2C38&amp;ssl=1 300w, https:\/\/i0.wp.com\/www.radiopiu.net\/wordpress\/wp-content\/uploads\/2018\/09\/viabilita.jpeg?resize=768%2C96&amp;ssl=1 768w\" alt=\"\" width=\"800\" height=\"100\" data-lazy-loaded=\"1\" \/><\/a><\/p>\n<p>&nbsp;<\/p>\n<p>PROVINCIALE 20 DELLA VAL FIORENTINA, SELVA DI CADORE: DAL 14 FEBBRAIO AL 13 GIUGNO, CHIUSURA TOTALE TRA SOLATOR E IL CENTRO DEL PAESE ANCHE NEI GIORNI FESTIVI E PREFESTIVI, DAL CHILOMETRO 4.850 AL CHILOMETRO 5.100. TRANSITO CONSENTITO AI LOCALI CON TEMPI DI ATTESA MASSIMI STIMATI IN 30 MINUTI IN LOCALITA\u2019 SOLATOR DAL CHILOMETRO 4.400 AL CHILOMETRO 4.850<\/p>\n<p>SP641 PASSO FEDAIA DAL 27 APRILE AL 15 MAGGIO (SABATO E DOMENICA COMPRESI) SENSO UNICO ALTERNATO PER SOSTITUZIONE BARRIERE LATERALI DI SICUREZZA E CONSLIDAMENTO CIGLIO STRADALE<\/p>\n<p>PROVINCIALE 3 VAL IMPERINA, LOCALITA\u2019 CORDE MOLE VALESIN \u2013 TRA RIVAMONTE E GOSALDO \u2013 DAL 27 APRILE ALL\u20198 MAGGIO DALLE 8 ALLE 11.45 E DALLE 13.30 ALLE 17.30 TEMPORANEE INTERRUZIONI ALLA VIABILITA\u2019 DURATA MASSIMA 30 MINUTI PER LAVORI TAGLIO ALBERIR<\/p>\n<p>REGIONALE 48 DELLE DOLOMITI, LOCALIT\u00c0 POCOL INIZIO ABITATO CORTINA, DAL 4 MAGGIO AL 12 GIUGNO SEMAFORO PER TRATTI DI 250 METRI ANCHE NEI GIORNI FESTIVI E PREFESTIVI<\/p>\n<p>PROVINCIALE 347 DURAN CEREDA INNESTO VENAS FINO ALL\u20198 MAGGIO, FESTIVI E PREFESTIVI ESLCUSI, SEMAFORO E INTERRUZIONI FINO A 10 MINUTI<\/p>\n<p>REGIONALE 203 AGORDINA FINO AL 15 GIUGNO IN LOCALIT\u00c0 LA MUDA DEVIAZIONE SU VIABILIT\u00c0 PROVVISORIA, PRUDENZA<\/p>\n<p>PROVINCIALE 346 SAN PELLEGRINO DAL 4 AL 22 MAGGIO IN COMUNE DI CANALE D\u2019AGORDO SENSO UNICO ALTERNATO ESCLUSI SABATO E DOMENICA<\/p>\n<p>PROVINCIALE 12 PEDEMONTANA LOCALIT\u00c0 PONTE MAS, CHIUSURA TOTALE DI PONTE MAS DAL 4 MAGGIO AL 30 GIUGNO<\/p>\n<p>STRADA REGIONALE 48 DELLE DOLOMITI, DAL KM 110,350 AL KM 112, SENSO UNICO ALTERNATO REGOLATO DA IMPIANTO SEMAFORICO ANCHE SABATO E FESTIVI DAL 30 APRILE AL 31 MAGGIO PER POSA ELETTRODOTTO INTERRATO<\/p>\n<p>PROVINCIALE 563 DI SALESEI, DAL 4 MAGGIO AL 3 LUGLIO, SENSO UNICO ALTERNATO REGOLATO DA IMPIANTO SEMAFORICO IN LOCALIT\u00c0 DIGONERA PER MESSA IN SICUREZZA PIANO VIABILE, SABATO E FESTIVI INCLUSI<\/p>\n<p>PROVINCIALE 251 DELLA VAL DI ZOLDO E VAL CELLINA, TRA LE LOCALIT\u00c0 SOFFRANCO E MEZZOCANALE IN COMUNE DI LONGARONE, SENSO UNICO ALTERNATO REGOLATO DA IMPIANTO SEMAFORICO CON POSSIBILI BREVI INTERRUZIONI DI 10 MINUTI. SABATO E DOMENICA ESCLUSI<\/p>\n<p>PROVINCIALE 347 PASSO DURAN, LOCALITA\u2019 SANT\u2019ANDREA DI GOSALDO. DA MARTEDI ALLE 7 A MERCOLEDI ALLE 18 INTERDIZIONE TOTALE AL TRAFFICO. DALLE 18 DI MERCOLEDI AL 5 GIUGNO SENSO UNICO ALTERNATO<\/p>\n<p>&nbsp;<\/p>\n<p>&nbsp;<\/p>\n<hr \/>\n<p>&nbsp;<\/p>\n<p><a class=\"dt-pswp-item\" href=\"https:\/\/www.radiopiu.net\/wordpress\/wp-content\/uploads\/2018\/09\/sport.jpg\" data-dt-img-description=\"\" data-large_image_width=\"800\" data-large_image_height=\"100\"><img loading=\"lazy\" decoding=\"async\" class=\"aligncenter wp-image-60761 size-full\" src=\"https:\/\/www.radiopiu.net\/wordpress\/wp-content\/uploads\/2018\/09\/sport.jpg\" alt=\"\" width=\"800\" height=\"100\" srcset=\"https:\/\/www.radiopiu.net\/wordpress\/wp-content\/uploads\/2018\/09\/sport.jpg 800w, https:\/\/www.radiopiu.net\/wordpress\/wp-content\/uploads\/2018\/09\/sport-300x38.jpg 300w, https:\/\/www.radiopiu.net\/wordpress\/wp-content\/uploads\/2018\/09\/sport-768x96.jpg 768w\" sizes=\"auto, (max-width: 800px) 100vw, 800px\" \/><\/a><\/p>\n<p>&nbsp;<\/p>\n<blockquote>\n<h3>LORENZO CAGNATI E LA CORSA IN MONTAGNA AI TEMPI DEL CORONAVIRUS<\/h3>\n<\/blockquote>\n<p><a class=\"dt-pswp-item\" href=\"https:\/\/www.radiopiu.net\/wordpress\/wp-content\/uploads\/2019\/11\/LORENZO-CAGNATI-2019-1.jpg\" data-dt-img-description=\"\" data-large_image_width=\"957\" data-large_image_height=\"960\"><img loading=\"lazy\" decoding=\"async\" class=\"size-medium wp-image-107628 alignleft\" src=\"https:\/\/www.radiopiu.net\/wordpress\/wp-content\/uploads\/2019\/11\/LORENZO-CAGNATI-2019-1-300x300.jpg\" alt=\"\" width=\"300\" height=\"300\" srcset=\"https:\/\/www.radiopiu.net\/wordpress\/wp-content\/uploads\/2019\/11\/LORENZO-CAGNATI-2019-1-300x300.jpg 300w, https:\/\/www.radiopiu.net\/wordpress\/wp-content\/uploads\/2019\/11\/LORENZO-CAGNATI-2019-1-150x150.jpg 150w, https:\/\/www.radiopiu.net\/wordpress\/wp-content\/uploads\/2019\/11\/LORENZO-CAGNATI-2019-1-768x770.jpg 768w, https:\/\/www.radiopiu.net\/wordpress\/wp-content\/uploads\/2019\/11\/LORENZO-CAGNATI-2019-1.jpg 957w\" sizes=\"auto, (max-width: 300px) 100vw, 300px\" \/><\/a>di Claudio Fontanive<\/p>\n<audio class=\"wp-audio-shortcode\" id=\"audio-134361-7\" preload=\"none\" style=\"width: 100%;\" controls=\"controls\"><source type=\"audio\/mpeg\" src=\"https:\/\/www.radiopiu.net\/wordpress\/wp-content\/uploads\/2020\/04\/lorenzo-cagnati-30-aprile-prima-parte.mp3?_=7\" \/><a href=\"https:\/\/www.radiopiu.net\/wordpress\/wp-content\/uploads\/2020\/04\/lorenzo-cagnati-30-aprile-prima-parte.mp3\">https:\/\/www.radiopiu.net\/wordpress\/wp-content\/uploads\/2020\/04\/lorenzo-cagnati-30-aprile-prima-parte.mp3<\/a><\/audio>\n<p>&nbsp;<\/p>\n<p>&nbsp;<\/p>\n<hr \/>\n<p>&nbsp;<\/p>\n<blockquote>\n<h3>L\u2019AGORDINA CALCIO RACCOGLIE DOCUMENTI PER UN LIBRO CHE CELEBRA IL CINQUANTESIMO DELLA SOCIET\u00c0<\/h3>\n<\/blockquote>\n<p><strong><a class=\"dt-pswp-item\" href=\"https:\/\/www.radiopiu.net\/wordpress\/wp-content\/uploads\/2019\/09\/AGORDINA-CALCIO.jpeg\" data-dt-img-description=\"\" data-large_image_width=\"225\" data-large_image_height=\"225\"><img loading=\"lazy\" decoding=\"async\" class=\"size-full wp-image-97575 alignleft\" src=\"https:\/\/www.radiopiu.net\/wordpress\/wp-content\/uploads\/2019\/09\/AGORDINA-CALCIO.jpeg\" alt=\"\" width=\"225\" height=\"225\" srcset=\"https:\/\/www.radiopiu.net\/wordpress\/wp-content\/uploads\/2019\/09\/AGORDINA-CALCIO.jpeg 225w, https:\/\/www.radiopiu.net\/wordpress\/wp-content\/uploads\/2019\/09\/AGORDINA-CALCIO-150x150.jpeg 150w\" sizes=\"auto, (max-width: 225px) 100vw, 225px\" \/><\/a>AGORDO<\/strong> \u00c8 partita da qualche giorno la raccolta di materiale fotografico da parte dell\u2019Agordina Calcio. La societ\u00e0 del Presidente Cosmo Forcella compie prossimamente 50 anni di vita. Tante le storie da raccontare e tanto il materiale da raccogliere per celebrare al meglio questo traguardo. Intanto l\u2019Agordina si \u00e8 gi\u00e0 mossa tramite i social. Infatti da pochi giorni \u00e8 presente una pagina Facebook che si chiama \u201c50esimo Agordina Calcio\u201d. Gli utenti hanno gi\u00e0 mandato delle foto e dei reperti storici che si possono gi\u00e0 visualizzare su internet. Chi volesse contribuire alla realizzazione di questo progetto con foto, notizie o fatti pu\u00f2 inviare il materiale all\u2019indirizzo mail agordinacalciods@gmail.com<\/p>\n<p><strong>IL PRESIDENTE DELL&#8217;AGORDINA COSMO FORCELLA<\/strong><\/p>\n<audio class=\"wp-audio-shortcode\" id=\"audio-134361-8\" preload=\"none\" style=\"width: 100%;\" controls=\"controls\"><source type=\"audio\/mpeg\" src=\"https:\/\/www.radiopiu.net\/wordpress\/wp-content\/uploads\/2020\/04\/COSMO-50-AGO.mp3?_=8\" \/><a href=\"https:\/\/www.radiopiu.net\/wordpress\/wp-content\/uploads\/2020\/04\/COSMO-50-AGO.mp3\">https:\/\/www.radiopiu.net\/wordpress\/wp-content\/uploads\/2020\/04\/COSMO-50-AGO.mp3<\/a><\/audio>\n<p>&nbsp;<\/p>\n<p>&nbsp;<\/p>\n<hr \/>\n<p>&nbsp;<\/p>\n<blockquote>\n<h3>ALLEGHE HOCKEY: SI PENSA AL FUTURO<\/h3>\n<\/blockquote>\n<p><strong><a class=\"dt-pswp-item\" href=\"https:\/\/www.radiopiu.net\/wordpress\/wp-content\/uploads\/2019\/08\/logo-alleghe-hockey.png\" data-dt-img-description=\"\" data-large_image_width=\"547\" data-large_image_height=\"512\"><img loading=\"lazy\" decoding=\"async\" class=\" wp-image-95699 alignleft\" src=\"https:\/\/www.radiopiu.net\/wordpress\/wp-content\/uploads\/2019\/08\/logo-alleghe-hockey-300x281.png\" alt=\"\" width=\"161\" height=\"151\" srcset=\"https:\/\/www.radiopiu.net\/wordpress\/wp-content\/uploads\/2019\/08\/logo-alleghe-hockey-300x281.png 300w, https:\/\/www.radiopiu.net\/wordpress\/wp-content\/uploads\/2019\/08\/logo-alleghe-hockey.png 547w\" sizes=\"auto, (max-width: 161px) 100vw, 161px\" \/><\/a>ALLEGHE<\/strong> La stagione delle Civette \u00e8 terminata anzitempo a causa del Coronavirus che ha costretto la federazione ad annullare la stagione dell&#8217;Italian Hockey League. Ad Alleghe per\u00f2 si pensa al futuro anche se non sar\u00e0 facile.<\/p>\n<p><strong>AI MICROFONI DI RADIO PIU&#8217; PATRICK DE SILVETRO<\/strong><\/p>\n<audio class=\"wp-audio-shortcode\" id=\"audio-134361-9\" preload=\"none\" style=\"width: 100%;\" controls=\"controls\"><source type=\"audio\/mpeg\" src=\"https:\/\/www.radiopiu.net\/wordpress\/wp-content\/uploads\/2020\/04\/DE-SILVESTRO-HOCKEY.mp3?_=9\" \/><a href=\"https:\/\/www.radiopiu.net\/wordpress\/wp-content\/uploads\/2020\/04\/DE-SILVESTRO-HOCKEY.mp3\">https:\/\/www.radiopiu.net\/wordpress\/wp-content\/uploads\/2020\/04\/DE-SILVESTRO-HOCKEY.mp3<\/a><\/audio>\n<p>&nbsp;<\/p>\n<p>&nbsp;<\/p>\n<hr \/>\n<p>&nbsp;<\/p>\n<p><a class=\"dt-pswp-item\" href=\"https:\/\/www.radiopiu.net\/wordpress\/wp-content\/uploads\/2018\/09\/WhatsApp-Image-2018-09-20-at-16.04.06.jpeg\" data-dt-img-description=\"\" data-large_image_width=\"800\" data-large_image_height=\"100\"><img loading=\"lazy\" decoding=\"async\" class=\"aligncenter wp-image-61378 size-full\" src=\"https:\/\/www.radiopiu.net\/wordpress\/wp-content\/uploads\/2018\/09\/WhatsApp-Image-2018-09-20-at-16.04.06.jpeg\" alt=\"\" width=\"800\" height=\"100\" srcset=\"https:\/\/www.radiopiu.net\/wordpress\/wp-content\/uploads\/2018\/09\/WhatsApp-Image-2018-09-20-at-16.04.06.jpeg 800w, https:\/\/www.radiopiu.net\/wordpress\/wp-content\/uploads\/2018\/09\/WhatsApp-Image-2018-09-20-at-16.04.06-300x38.jpeg 300w, https:\/\/www.radiopiu.net\/wordpress\/wp-content\/uploads\/2018\/09\/WhatsApp-Image-2018-09-20-at-16.04.06-768x96.jpeg 768w\" sizes=\"auto, (max-width: 800px) 100vw, 800px\" \/><\/a><\/p>\n<p>&nbsp;<\/p>\n<p><center><b>Sabato 2<\/b><\/center><b>Tempo atteso:\u00a0<\/b>Al mattino cielo generalmente poco o parzialmente nuvoloso con lunghi tratti soleggiati; possibili temporanee foschie o nubi basse in Valbelluna in dissolvimento dopo l&#8217;alba. Al pomeriggio nuvolosit\u00e0 irregolare per addensamenti cumuliformi.<br \/>\n<b>Precipitazioni:\u00a0<\/b>Al mattino assenti (0%). Probabilit\u00e0 in aumento dalle ore centrali fino a medio-alta (50-75%) per piovaschi o brevi rovesci sparsi, con locali o occasionali temporali. Quota delle modeste nevicate di 2200-2400 m.<br \/>\n<b>Temperature:\u00a0<\/b>Temperature minime in calo nelle valli, generalmente stazionarie in quota, massime in ripresa. Su Prealpi a 1500 m min 3\u00b0C max 11\u00b0C, a 2000 m min 0\u00b0C max 8\u00b0C. Su Dolomiti a 2000 m min -1\u00b0C max 7\u00b0C, a 3000 m min -9\u00b0C max -1\u00b0C.<br \/>\n<b>Venti:\u00a0<\/b>Venti deboli\/moderati a regime di brezza nelle valli, moderati da nord-ovest in quota, a 10\/20 km\/h a 2000 m, a 20\/30 km\/h a 3000 m.<\/p>\n<hr \/>\n<p><center><b>Domenica 3<\/b><\/center><b>Tempo atteso:\u00a0<\/b>Tempo variabile solo localmente instabile, con cielo perlopi\u00f9 poco o parzialmente nuvoloso al mattino, con nubi basse mattutine in rapido dissolvimento, e modesti cumuli durante le ore pomeridiane.<br \/>\n<b>Precipitazioni:\u00a0<\/b>Generalmente assenti (0%) salvo qualche occasionale piovasco o rovescio durante le ore pi\u00f9 calde, con eventuali brevi e modeste nevicate oltre i 2200-2500 m.<br \/>\n<b>Temperature:\u00a0<\/b>Temperature in lieve o contenuto calo, prossime alle medie del periodo. Su Prealpi a 1500 m min 2\u00b0C max 9\u00b0C, a 2000 m min -1\u00b0C max 6\u00b0C. Su Dolomiti a 2000 m min -2\u00b0C max 6\u00b0C, a 3000 m min -9\u00b0C max -2\u00b0C.<br \/>\n<b>Venti:\u00a0<\/b>Venti deboli\/moderati a regime di brezza nelle valli, moderati\/tesi da nord-occidentali in alta montagna, a 10\/20 km\/h a 2000 m e a 20\/40 km\/h a 3000 m.<\/p>\n<hr \/>\n<p><center><b>Lunedi 4<\/b><\/center>Cielo come quello di domenica, sereno o poco nuvoloso al mattino, pi\u00f9 nuvoloso nel pomeriggio ma senza precipitazioni. Temporanee e locali nubi basse mattutine con foschie in alcune valli prealpine. Temperature in lieve o contenuto aumento. Venti in alta montagna ancora moderati\/tesi da nord-ovest.<\/p>\n<hr \/>\n<p><center><b>Martedi 5<\/b><\/center>Al mattino tempo soleggiato con cielo sereno o poco nuvoloso salvo temporanee formazioni di foschie o nubi basse nelle valli prealpine in rapido dissolvimento. Durante le ore pi\u00f9 calde, cielo parzialmente nuvoloso per modesta attivit\u00e0 cumuliforme. Precipitazioni assenti. Temperature in ulteriore lieve rialzo, specie le massime che supereranno la norma di 3-5\u00b0C. Previsore: M.Padoan<\/p>\n<\/div>\n","protected":false},"excerpt":{"rendered":"<p>PER RICEVERE QUESTO NOTIZIARIO DIRETTAMENTE SUL TUO CELLULARE ISCRIVITI AL CANALE TELEGRAM\u00a0\u201cRADIO PIU\u00a0 INFORMAZIONE\u201d &nbsp; &nbsp; CHIUDE PONTE MAS, FINO AL 30 GIUGNO PER I LAVORI DI CONSOLIDAMENTO:\u00a0Da luned\u00ec al\u00a0 30 giugno sar\u00e0 chiuso sia alle macchine sia ai pedoni il collegamento principale tra i comuni di Sospirolo e Sedico.\u00a0 L\u2019intera struttura subir\u00e0 notevoli lavori&hellip;<\/p>\n","protected":false},"author":4,"featured_media":134456,"comment_status":"closed","ping_status":"closed","sticky":false,"template":"","format":"standard","meta":{"_monsterinsights_skip_tracking":false,"_monsterinsights_sitenote_active":false,"_monsterinsights_sitenote_note":"","_monsterinsights_sitenote_category":0,"footnotes":""},"categories":[1,51,86],"tags":[],"class_list":["post-134361","post","type-post","status-publish","format-standard","has-post-thumbnail","hentry","category-senza-categoria","category-evidenza-top","category-gr","category-1","category-51","category-86","description-off"],"img_url":"https:\/\/www.radiopiu.net\/wordpress\/wp-content\/uploads\/2020\/05\/9489ff9f-4906-4257-b13f-4c38c910c34d.jpg","_links":{"self":[{"href":"https:\/\/www.radiopiu.net\/wordpress\/wp-json\/wp\/v2\/posts\/134361","targetHints":{"allow":["GET"]}}],"collection":[{"href":"https:\/\/www.radiopiu.net\/wordpress\/wp-json\/wp\/v2\/posts"}],"about":[{"href":"https:\/\/www.radiopiu.net\/wordpress\/wp-json\/wp\/v2\/types\/post"}],"author":[{"embeddable":true,"href":"https:\/\/www.radiopiu.net\/wordpress\/wp-json\/wp\/v2\/users\/4"}],"replies":[{"embeddable":true,"href":"https:\/\/www.radiopiu.net\/wordpress\/wp-json\/wp\/v2\/comments?post=134361"}],"version-history":[{"count":0,"href":"https:\/\/www.radiopiu.net\/wordpress\/wp-json\/wp\/v2\/posts\/134361\/revisions"}],"wp:featuredmedia":[{"embeddable":true,"href":"https:\/\/www.radiopiu.net\/wordpress\/wp-json\/wp\/v2\/media\/134456"}],"wp:attachment":[{"href":"https:\/\/www.radiopiu.net\/wordpress\/wp-json\/wp\/v2\/media?parent=134361"}],"wp:term":[{"taxonomy":"category","embeddable":true,"href":"https:\/\/www.radiopiu.net\/wordpress\/wp-json\/wp\/v2\/categories?post=134361"},{"taxonomy":"post_tag","embeddable":true,"href":"https:\/\/www.radiopiu.net\/wordpress\/wp-json\/wp\/v2\/tags?post=134361"}],"curies":[{"name":"wp","href":"https:\/\/api.w.org\/{rel}","templated":true}]}}