{"id":134373,"date":"2020-05-01T11:34:00","date_gmt":"2020-05-01T09:34:00","guid":{"rendered":"https:\/\/www.radiopiu.net\/wordpress\/?p=134373"},"modified":"2020-05-01T13:38:19","modified_gmt":"2020-05-01T11:38:19","slug":"un-minuto-di-silenzio-per-medici-e-sanitari-deceduti-promosso-da-smi-sindacato-medici-italiani","status":"publish","type":"post","link":"https:\/\/www.radiopiu.net\/wordpress\/un-minuto-di-silenzio-per-medici-e-sanitari-deceduti-promosso-da-smi-sindacato-medici-italiani\/","title":{"rendered":"\u201cUn minuto di silenzio.  per medici e sanitari deceduti\u201d. Promosso da SMI Sindacato Medici Italiani"},"content":{"rendered":"<p>&nbsp;<\/p>\n<table width=\"100%\">\n<tbody>\n<tr>\n<td><strong>Roma, 30 aprile &#8211;<\/strong> \u201cUnisciti a noi: di cuore, di testa, di esperienza, di ideali. Oggi 1\u00b0 maggio pensa a chi \u00e8 tornato dalla serenit\u00e0 pacata della pensione per mettersi a disposizione degli ammalati e non ce l\u2019ha fatta, a chi si \u00e8 pagato da solo mascherine e guanti, a chi sapendo di esporsi a rischi ha mantenuto il suo giuramento e la sua missione. Perch\u00e9 chi \u00e8 medico non si ferma a pensare se \u00e8 giusto o sbagliato: se serve lo fa. Perch\u00e9 non sa fare altro, non pu\u00f2 essere altro\u201d cos\u00ec in una nota, il Sindacato Medici Italiani invita colleghi e cittadini a collegarsi agli account social SMI\u00a0 per osservare insieme un minuto di silenzio.<\/td>\n<\/tr>\n<\/tbody>\n<\/table>\n<table width=\"100%\">\n<tbody>\n<tr>\n<td>\u201cUnisciti a noi, che tu sia sanitario o utente\/cittadino, perch\u00e9 loro c\u2019erano per te, per tutti noi e non ci sono pi\u00f9, per chi li ha amati, capiti, rispettati e ora compianti. Oggi 1\u00b0 maggio alle 12.00 collegatevi, come potete, come sapete fare, registratevi e mandateci i vostri pensieri. Sarete pubblicati\u201d conclude la nota.<\/td>\n<\/tr>\n<\/tbody>\n<\/table>\n<p>&nbsp;<\/p>\n<p>http:\/\/www.sindacatomedicitaliani.it<\/p>\n","protected":false},"excerpt":{"rendered":"<p>&nbsp; Roma, 30 aprile &#8211; \u201cUnisciti a noi: di cuore, di testa, di esperienza, di ideali. Oggi 1\u00b0 maggio pensa a chi \u00e8 tornato dalla serenit\u00e0 pacata della pensione per mettersi a disposizione degli ammalati e non ce l\u2019ha fatta, a chi si \u00e8 pagato da solo mascherine e guanti, a chi sapendo di esporsi&hellip;<\/p>\n","protected":false},"author":1,"featured_media":120920,"comment_status":"closed","ping_status":"closed","sticky":false,"template":"","format":"standard","meta":{"_monsterinsights_skip_tracking":false,"_monsterinsights_sitenote_active":false,"_monsterinsights_sitenote_note":"","_monsterinsights_sitenote_category":0,"footnotes":""},"categories":[49],"tags":[],"class_list":["post-134373","post","type-post","status-publish","format-standard","has-post-thumbnail","hentry","category-news-18","category-49","description-off"],"img_url":"https:\/\/www.radiopiu.net\/wordpress\/wp-content\/uploads\/2020\/03\/logo-1-smi1-808x454-1.jpg","_links":{"self":[{"href":"https:\/\/www.radiopiu.net\/wordpress\/wp-json\/wp\/v2\/posts\/134373","targetHints":{"allow":["GET"]}}],"collection":[{"href":"https:\/\/www.radiopiu.net\/wordpress\/wp-json\/wp\/v2\/posts"}],"about":[{"href":"https:\/\/www.radiopiu.net\/wordpress\/wp-json\/wp\/v2\/types\/post"}],"author":[{"embeddable":true,"href":"https:\/\/www.radiopiu.net\/wordpress\/wp-json\/wp\/v2\/users\/1"}],"replies":[{"embeddable":true,"href":"https:\/\/www.radiopiu.net\/wordpress\/wp-json\/wp\/v2\/comments?post=134373"}],"version-history":[{"count":0,"href":"https:\/\/www.radiopiu.net\/wordpress\/wp-json\/wp\/v2\/posts\/134373\/revisions"}],"wp:featuredmedia":[{"embeddable":true,"href":"https:\/\/www.radiopiu.net\/wordpress\/wp-json\/wp\/v2\/media\/120920"}],"wp:attachment":[{"href":"https:\/\/www.radiopiu.net\/wordpress\/wp-json\/wp\/v2\/media?parent=134373"}],"wp:term":[{"taxonomy":"category","embeddable":true,"href":"https:\/\/www.radiopiu.net\/wordpress\/wp-json\/wp\/v2\/categories?post=134373"},{"taxonomy":"post_tag","embeddable":true,"href":"https:\/\/www.radiopiu.net\/wordpress\/wp-json\/wp\/v2\/tags?post=134373"}],"curies":[{"name":"wp","href":"https:\/\/api.w.org\/{rel}","templated":true}]}}